{"id":5776,"date":"2018-09-26T23:32:38","date_gmt":"2018-09-26T21:32:38","guid":{"rendered":"http:\/\/www.lacostituzione.info\/?p=5776"},"modified":"2018-09-27T16:52:14","modified_gmt":"2018-09-27T14:52:14","slug":"casalino-e-i-segreti-di-pulcinella","status":"publish","type":"post","link":"https:\/\/www.lacostituzione.info\/index.php\/2018\/09\/26\/casalino-e-i-segreti-di-pulcinella\/","title":{"rendered":"Casalino e i segreti di Pulcinella"},"content":{"rendered":"<p><a href=\"http:\/\/www.lacostituzione.info\/wp-content\/uploads\/2018\/09\/Pulcinella3.jpg\"><img loading=\"lazy\" decoding=\"async\" data-attachment-id=\"5779\" data-permalink=\"https:\/\/www.lacostituzione.info\/index.php\/2018\/09\/26\/casalino-e-i-segreti-di-pulcinella\/pulcinella3\/#main\" data-orig-file=\"https:\/\/www.lacostituzione.info\/wp-content\/uploads\/2018\/09\/Pulcinella3.jpg\" data-orig-size=\"514,451\" data-comments-opened=\"1\" data-image-meta=\"{&quot;aperture&quot;:&quot;0&quot;,&quot;credit&quot;:&quot;&quot;,&quot;camera&quot;:&quot;&quot;,&quot;caption&quot;:&quot;&quot;,&quot;created_timestamp&quot;:&quot;0&quot;,&quot;copyright&quot;:&quot;&quot;,&quot;focal_length&quot;:&quot;0&quot;,&quot;iso&quot;:&quot;0&quot;,&quot;shutter_speed&quot;:&quot;0&quot;,&quot;title&quot;:&quot;&quot;,&quot;orientation&quot;:&quot;0&quot;}\" data-image-title=\"Pulcinella3\" data-image-description=\"\" data-image-caption=\"\" data-medium-file=\"https:\/\/www.lacostituzione.info\/wp-content\/uploads\/2018\/09\/Pulcinella3-300x263.jpg\" data-large-file=\"https:\/\/www.lacostituzione.info\/wp-content\/uploads\/2018\/09\/Pulcinella3.jpg\" class=\"alignright size-thumbnail wp-image-5779\" src=\"http:\/\/www.lacostituzione.info\/wp-content\/uploads\/2018\/09\/Pulcinella3-150x150.jpg\" alt=\"\" width=\"150\" height=\"150\" \/><\/a>di\u00a0<strong>Giacomo Menegus<\/strong><\/p>\n<p>Hanno fatto molto scalpore le frasi con le quali il Portavoce del Presidente del Consiglio, Rocco Casalino, in un messaggio audio diffuso da alcune testate giornalistiche online, ha prefigurato una \u201cmega-vendetta\u201d contro i funzionari del Ministero dell\u2019Economia e delle Finanze, rei di ostacolare l\u2019individuazione delle risorse necessarie per l\u2019attuazione delle promesse elettorali fatte dalle forze di Governo.<!--more--><\/p>\n<p>Questo breve contributo intende offrire qualche spunto di riflessione a proposito della legittimit\u00e0 diffusione dell\u2019audio, lasciando in disparte ogni considerazione sul merito dello <em>spoils system<\/em> minacciato da Casalino (sul quale v. gi\u00e0 in questo giornale <a href=\"http:\/\/www.lacostituzione.info\/index.php\/2018\/09\/20\/ragioneria\/\">Di Cosimo<\/a>).<\/p>\n<p>Intervenendo a difesa del proprio portavoce, il <a href=\"https:\/\/www.repubblica.it\/politica\/2018\/09\/22\/news\/casalino_reazioni-207074442\/\">Presidente del Consiglio<\/a> ha affermato che \u00abla diffusione dell\u2019audio che sta circolando in queste ore configura condotte gravemente illegittime che tradiscono fondamentali principi costituzionali e deontologici. Chiarito che trattasi di un messaggio privato, mi rifiuto finanche di entrare nel merito dei suoi contenuti\u00bb.<\/p>\n<p>In termini analoghi si \u00e8 espresso anche il <a href=\"https:\/\/www.huffingtonpost.it\/2018\/09\/22\/roberto-fico-laudio-di-casalino-e-assurdo-che-i-giornalisti-lo-pubblichino_a_23537435\/\" class=\"broken_link\">Presidente della Camera<\/a>: \u00abA me sembra assurdo che i giornalisti che ricevono il messaggio fanno uscire in ogni caso le proprie fonti\u00bb.<\/p>\n<p>La questione \u00e8 dunque la seguente: la diffusione dell\u2019audio \u00e8 illegittima in quanto viola \u201cfondamentali principi costituzionali e deontologici\u201d?<\/p>\n<p>Partiamo innanzitutto dal profilo costituzionale: la riservatezza delle comunicazioni \u00e8 garantita dall\u2019art. 15 Cost., che recita: \u201c<em>La libert\u00e0 e la segretezza della corrispondenza e di ogni altra forma di comunicazione sono inviolabili. La loro limitazione pu\u00f2 avvenire soltanto per atto motivato dell&#8217;autorit\u00e0 giudiziaria con le garanzie stabilite dalla legge\u201d.<\/em><\/p>\n<p>Perch\u00e9 una comunicazione possa essere ricondotta nella tutela dell\u2019art. 15 Cost., \u00e8 opinione comune in dottrina che la stessa debba essere formulata da un soggetto (<em>mittente<\/em>) al fine di farla pervenire nella sfera di conoscenza di uno o pi\u00f9 soggetti determinati (<em>destinatari<\/em>).\u00a0Alla base della nozione costituzionale di comunicazione stanno quindi un requisito oggettivo, la <em>determinatezza dei destinatari<\/em>; e uno soggettivo, l\u2019<em>animus<\/em> (intenzione) di esprimere un determinato pensiero nei confronti di una cerchia determinata di soggetti, escludendo i terzi dalla conoscenza dello stesso.<\/p>\n<p>Non si ha pertanto comunicazione protetta ai sensi dell\u2019art. 15 Cost. (ma semmai libera espressione del pensiero, ai sensi dell\u2019art. 21 Cost.) quando i destinatari sono <em>indeterminati<\/em> nel numero (o <em>tanto numerosi<\/em> da far venir meno la riservatezza della comunicazione) o quando gli stessi sono <em>fungibili<\/em> (ovvero, sotto il profilo qualitativo, il destinatario potrebbe essere tanto Tizio quanto Sempronio; si pensi ad es. al caso dei <em>video on-demand<\/em>).<\/p>\n<p>La semplice intenzione di escludere i terzi non \u00e8 apparsa tuttavia sufficiente per ricondurre una forma di comunicazione nell\u2019alveo dell\u2019art. 15 Cost.: assume in proposito un ruolo decisivo anche il <em>mezzo<\/em> prescelto dal mittente, che dev\u2019essere convenzionalmente riconoscibile come <em>segreto<\/em>.\u00a0Per meglio comprendere tale requisito, si pu\u00f2 ricorrere a un esempio tratto da un noto manuale di diritto costituzionale: \u00ab<em>Se Tizio scrive una \u201clettera aperta\u201d ad un quotidiano, egli lo fa per dare al suo pensiero la maggior divulgazione possibile; se invece scrive una lettera in busta chiusa ad un amico, ci\u00f2 che vuole \u00e8 che il suo pensiero sia noto solo al destinatario: nel primo caso si ricade nell\u2019art. 21 Cost., nel secondo nell\u2019art. 15<\/em>\u00bb.<\/p>\n<p>Proprio partendo dagli elementi suddetti (<em>animus<\/em>, determinatezza e infungibilit\u00e0 dei destinatari, mezzo di comunicazione idoneo a mantenere la segretezza della comunicazione) si dovrebbe verificare se l\u2019audio in questione sia o meno una comunicazione tutelata dall\u2019art. 15 Cost. Il caso del messaggio di Casalino \u00e8 per\u00f2 tutt\u2019altro che semplice, dal momento che gli stessi contorni della vicenda sono incerti.<\/p>\n<p>Mentre non \u00e8 in discussione che il messaggio audio (via WhatsApp o Telegram) sia astrattamente idoneo a garantire la segretezza della comunicazione e che il requisito della infungibilit\u00e0 ricorra in capo ai destinatari, sembra pi\u00f9 difficile ritenere sussistenti gli altri elementi menzionati.\u00a0Per quanto concerne l\u2019<em>animus,<\/em> il Portavoce-mittente vuole infatti chiaramente che il <em>contenuto<\/em> della sua comunicazione sia pubblicato dai giornalisti-destinatari; quello che vuole che resti segreto \u00e8 semmai l\u2019identit\u00e0 del <em>mittente<\/em> (dice infatti: \u00abLa metti come fonte parlamentare per\u00f2, eh\u00bb).<\/p>\n<p>Altro aspetto problematico \u00e8 quello del numero dei destinatari. La difesa del Portavoce, affidata al blog dei 5S, imputa la diffusione dell\u2019audio a due giornalisti dell\u2019Huffington Post. Dalla <a href=\"https:\/\/www.huffingtonpost.it\/lucia-annunziata\/caro-presidente-nessuna-violazione_a_23537915\/\" class=\"broken_link\">replica che Lucia Annunziata<\/a> fa sul suo blog, sembrerebbe invece che l\u2019audio in questione non sia stato indirizzato da Casalino ai soli giornalisti chiamati in causa \u2013 che negano in effetti di averlo condiviso con terzi (v. <a href=\"https:\/\/www.huffingtonpost.it\/alessandro-de-angelis\/fake-news-del-blog-cinque-stelle_a_23537490\/?utm_hp_ref=it-homepage\" class=\"broken_link\">qui<\/a>) \u2013 ma piuttosto ad una platea pi\u00f9 ampia di cronisti; tanto che i contenuti della comunicazione sono stati riportati contestualmente da pi\u00f9 quotidiani distinti (v. anche quanto scrive in merito <a href=\"https:\/\/www.ilfattoquotidiano.it\/2018\/09\/22\/audio-rocco-casalino-tra-deontologia-e-sciatteria\/4643771\/\">Marco Lillo sul Fatto Quotidiano<\/a>).<\/p>\n<p>Se si passa poi al profilo deontologico della vicenda, appare ancora pi\u00f9 arduo riscontrare delle violazioni connesse alla diffusione dell\u2019audio.\u00a0Quel che si lamenta, nel caso di specie, \u00e8 sostanzialmente la violazione della riservatezza richiesta dalla fonte della notizia. Ma va ricordato che l\u2019indicazione della fonte della notizia \u00e8 la regola generale dell\u2019attivit\u00e0 giornalistica, mentre la riservatezza sulla stessa \u00e8 l\u2019eccezione.\u00a0Eccezione che, in questa ipotesi, si sarebbe potuta motivare solo per il <em>carattere fiduciario<\/em> delle notizie comunicate (v. <a href=\"http:\/\/www.odg.it\/legge-n-69-1963\/24261\">art. 2, comma 3, legge 3 febbraio 1963, n. 69<\/a>, Ordinamento della professione di giornalista; nonch\u00e9 <a href=\"http:\/\/www.odg.it\/testo-unico-dei-doveri-del-giornalista\/24288\">art. 9, comma 5, del Testo unico dei doveri del giornalista<\/a>, come pure precedentemente la <a href=\"http:\/\/www.difesadellinformazione.com\/leggi_e_provvedimenti\/13\/carta-dei-doveri\/\">Carta dei Doveri del Giornalista<\/a>). Visto che non \u00e8 chiaro chi abbia diffuso l\u2019audio online, \u00e8 difficile verificare la sussistenza di tale carattere; ma se si d\u00e0 per buona la ricostruzione dell\u2019Annunziata, secondo la quale vi sarebbe una prassi per cui il Portavoce del Presidente del Consiglio passa con una certa frequenza informazioni a diverse testate giornalistiche perch\u00e9 queste le pubblichino (con le formule \u201cfonti vicine a\u2026\u201d e simili), mi pare difficile ritenere sussistente tale rapporto fiduciario.<\/p>\n<p>Se poi si considerano i soggetti tra i quali concretamente la comunicazione \u00e8 intercorsa \u2013 Portavoce del Presidente del Consiglio, da una parte, e una platea pi\u00f9 o meno ampia di giornalisti, dall\u2019altra \u2013 diventa ancora pi\u00f9 difficile sostenere che si tratti di una \u201ccomunicazione riservata\u201d: entrambe le parti della comunicazione appartengono infatti all\u2019Ordine dei Giornalisti e rispondono alla medesima deontologia, che vuole l\u2019attivit\u00e0 giornalistica informata all\u2019obbligo inderogabile del \u00abrispetto della verit\u00e0 sostanziale dei fatti, osservati sempre i doveri imposti dalla lealt\u00e0 e dalla buona fede\u00bb (art. 2, comma 3, legge 3 febbraio 1963, n. 69).<\/p>\n<p>In via di principio, il Portavoce-mittente non avrebbe pertanto dovuto chiedere di rimanere \u201csegreto\u201d, attribuendo ad altri le proprie dichiarazioni, come pure i giornalisti-destinatari non avrebbero dovuto assicurare allo stesso tale \u201csegretezza\u201d. E ci\u00f2 vale a prescindere dal fatto che, nella realt\u00e0 di tutti i giorni, le cose funzionino in modo ben diverso.<\/p>\n<p>In conclusione, pur con le incertezze del caso, la diffusione dell\u2019audio del Portavoce del Presidente del Consiglio non sembra integrare gravi violazioni di principi costituzionali e deontologici.\u00a0Chi sar\u00e0 probabilmente chiamato a rispondere dell\u2019osservanza dei propri obblighi deontologici \u00e8 invece lo stesso Portavoce del Presidente del Consiglio, giornalista professionista; <a href=\"http:\/\/www.odg.mi.it\/attivit\u00e0-e-iniziative-ordine-lombardia\/il-consiglio-di-disciplina-dellordine-avvia-unistruttoria-su-\">l\u2019Ordine della Lombardia<\/a> (al quale \u00e8 iscritto) ha infatti avviato l\u2019iter per la trasmissione del file audio al Consiglio di disciplina territoriale, che verificher\u00e0 se \u00able dichiarazioni del giornalista professionista Casalino, il loro tenore e l\u2019uso del linguaggio siano pertinenti, continenti e compatibili con gli articoli 2 e 11 della legge professionale n. 69 del 3 febbraio 1963\u00bb.<\/p>\n","protected":false},"excerpt":{"rendered":"<p>di\u00a0Giacomo Menegus Hanno fatto molto scalpore le frasi con le quali il Portavoce del Presidente del Consiglio, Rocco Casalino, in un messaggio audio diffuso da alcune testate giornalistiche online, ha prefigurato una \u201cmega-vendetta\u201d contro i funzionari del Ministero dell\u2019Economia e delle Finanze, rei di ostacolare l\u2019individuazione delle risorse necessarie per l\u2019attuazione delle promesse elettorali fatte &#8230; <a title=\"Casalino e i segreti di Pulcinella\" class=\"read-more\" href=\"https:\/\/www.lacostituzione.info\/index.php\/2018\/09\/26\/casalino-e-i-segreti-di-pulcinella\/\">Leggi tutto<\/a><\/p>\n<div class='heateorSssClear'><\/div><div  class='heateor_sss_sharing_container heateor_sss_horizontal_sharing' data-heateor-sss-href='https:\/\/www.lacostituzione.info\/index.php\/2018\/09\/26\/casalino-e-i-segreti-di-pulcinella\/'><div class='heateor_sss_sharing_title' style=\"font-weight:bold\" >Condividi!<\/div><div class=\"heateor_sss_sharing_ul\"><a aria-label=\"Facebook\" class=\"heateor_sss_facebook\" href=\"https:\/\/www.facebook.com\/sharer\/sharer.php?u=https%3A%2F%2Fwww.lacostituzione.info%2Findex.php%2F2018%2F09%2F26%2Fcasalino-e-i-segreti-di-pulcinella%2F\" title=\"Facebook\" rel=\"nofollow noopener\" target=\"_blank\" style=\"font-size:32px!important;box-shadow:none;display:inline-block;vertical-align:middle\"><span class=\"heateor_sss_svg\" style=\"background-color:#0765FE;width:35px;height:35px;display:inline-block;opacity:1;float:left;font-size:32px;box-shadow:none;display:inline-block;font-size:16px;padding:0 4px;vertical-align:middle;background-repeat:repeat;overflow:hidden;padding:0;cursor:pointer;box-sizing:content-box\"><svg style=\"display:block;\" focusable=\"false\" aria-hidden=\"true\" xmlns=\"http:\/\/www.w3.org\/2000\/svg\" width=\"100%\" height=\"100%\" viewBox=\"0 0 32 32\"><path fill=\"#fff\" d=\"M28 16c0-6.627-5.373-12-12-12S4 9.373 4 16c0 5.628 3.875 10.35 9.101 11.647v-7.98h-2.474V16H13.1v-1.58c0-4.085 1.849-5.978 5.859-5.978.76 0 2.072.15 2.608.298v3.325c-.283-.03-.775-.045-1.386-.045-1.967 0-2.728.745-2.728 2.683V16h3.92l-.673 3.667h-3.247v8.245C23.395 27.195 28 22.135 28 16Z\"><\/path><\/svg><\/span><\/a><a aria-label=\"Twitter\" class=\"heateor_sss_button_twitter\" href=\"https:\/\/twitter.com\/intent\/tweet?text=Casalino%20e%20i%20segreti%20di%20Pulcinella&url=https%3A%2F%2Fwww.lacostituzione.info%2Findex.php%2F2018%2F09%2F26%2Fcasalino-e-i-segreti-di-pulcinella%2F\" title=\"Twitter\" rel=\"nofollow noopener\" target=\"_blank\" style=\"font-size:32px!important;box-shadow:none;display:inline-block;vertical-align:middle\"><span class=\"heateor_sss_svg heateor_sss_s__default heateor_sss_s_twitter\" style=\"background-color:#55acee;width:35px;height:35px;display:inline-block;opacity:1;float:left;font-size:32px;box-shadow:none;display:inline-block;font-size:16px;padding:0 4px;vertical-align:middle;background-repeat:repeat;overflow:hidden;padding:0;cursor:pointer;box-sizing:content-box\"><svg style=\"display:block;\" focusable=\"false\" aria-hidden=\"true\" xmlns=\"http:\/\/www.w3.org\/2000\/svg\" width=\"100%\" height=\"100%\" viewBox=\"-4 -4 39 39\"><path d=\"M28 8.557a9.913 9.913 0 0 1-2.828.775 4.93 4.93 0 0 0 2.166-2.725 9.738 9.738 0 0 1-3.13 1.194 4.92 4.92 0 0 0-3.593-1.55 4.924 4.924 0 0 0-4.794 6.049c-4.09-.21-7.72-2.17-10.15-5.15a4.942 4.942 0 0 0-.665 2.477c0 1.71.87 3.214 2.19 4.1a4.968 4.968 0 0 1-2.23-.616v.06c0 2.39 1.7 4.38 3.952 4.83-.414.115-.85.174-1.297.174-.318 0-.626-.03-.928-.086a4.935 4.935 0 0 0 4.6 3.42 9.893 9.893 0 0 1-6.114 2.107c-.398 0-.79-.023-1.175-.068a13.953 13.953 0 0 0 7.55 2.213c9.056 0 14.01-7.507 14.01-14.013 0-.213-.005-.426-.015-.637.96-.695 1.795-1.56 2.455-2.55z\" fill=\"#fff\"><\/path><\/svg><\/span><\/a><a aria-label=\"Reddit\" class=\"heateor_sss_button_reddit\" href=\"https:\/\/reddit.com\/submit?url=https%3A%2F%2Fwww.lacostituzione.info%2Findex.php%2F2018%2F09%2F26%2Fcasalino-e-i-segreti-di-pulcinella%2F&title=Casalino%20e%20i%20segreti%20di%20Pulcinella\" title=\"Reddit\" rel=\"nofollow noopener\" target=\"_blank\" style=\"font-size:32px!important;box-shadow:none;display:inline-block;vertical-align:middle\"><span class=\"heateor_sss_svg heateor_sss_s__default heateor_sss_s_reddit\" style=\"background-color:#ff5700;width:35px;height:35px;display:inline-block;opacity:1;float:left;font-size:32px;box-shadow:none;display:inline-block;font-size:16px;padding:0 4px;vertical-align:middle;background-repeat:repeat;overflow:hidden;padding:0;cursor:pointer;box-sizing:content-box\"><svg style=\"display:block;\" focusable=\"false\" aria-hidden=\"true\" xmlns=\"http:\/\/www.w3.org\/2000\/svg\" width=\"100%\" height=\"100%\" viewBox=\"-3.5 -3.5 39 39\"><path d=\"M28.543 15.774a2.953 2.953 0 0 0-2.951-2.949 2.882 2.882 0 0 0-1.9.713 14.075 14.075 0 0 0-6.85-2.044l1.38-4.349 3.768.884a2.452 2.452 0 1 0 .24-1.176l-4.274-1a.6.6 0 0 0-.709.4l-1.659 5.224a14.314 14.314 0 0 0-7.316 2.029 2.908 2.908 0 0 0-1.872-.681 2.942 2.942 0 0 0-1.618 5.4 5.109 5.109 0 0 0-.062.765c0 4.158 5.037 7.541 11.229 7.541s11.22-3.383 11.22-7.541a5.2 5.2 0 0 0-.053-.706 2.963 2.963 0 0 0 1.427-2.51zm-18.008 1.88a1.753 1.753 0 0 1 1.73-1.74 1.73 1.73 0 0 1 1.709 1.74 1.709 1.709 0 0 1-1.709 1.711 1.733 1.733 0 0 1-1.73-1.711zm9.565 4.968a5.573 5.573 0 0 1-4.081 1.272h-.032a5.576 5.576 0 0 1-4.087-1.272.6.6 0 0 1 .844-.854 4.5 4.5 0 0 0 3.238.927h.032a4.5 4.5 0 0 0 3.237-.927.6.6 0 1 1 .844.854zm-.331-3.256a1.726 1.726 0 1 1 1.709-1.712 1.717 1.717 0 0 1-1.712 1.712z\" fill=\"#fff\"\/><\/svg><\/span><\/a><a aria-label=\"Linkedin\" class=\"heateor_sss_button_linkedin\" href=\"https:\/\/www.linkedin.com\/sharing\/share-offsite\/?url=https%3A%2F%2Fwww.lacostituzione.info%2Findex.php%2F2018%2F09%2F26%2Fcasalino-e-i-segreti-di-pulcinella%2F\" title=\"Linkedin\" rel=\"nofollow noopener\" target=\"_blank\" style=\"font-size:32px!important;box-shadow:none;display:inline-block;vertical-align:middle\"><span class=\"heateor_sss_svg heateor_sss_s__default heateor_sss_s_linkedin\" style=\"background-color:#0077b5;width:35px;height:35px;display:inline-block;opacity:1;float:left;font-size:32px;box-shadow:none;display:inline-block;font-size:16px;padding:0 4px;vertical-align:middle;background-repeat:repeat;overflow:hidden;padding:0;cursor:pointer;box-sizing:content-box\"><svg style=\"display:block;\" focusable=\"false\" aria-hidden=\"true\" xmlns=\"http:\/\/www.w3.org\/2000\/svg\" width=\"100%\" height=\"100%\" viewBox=\"0 0 32 32\"><path d=\"M6.227 12.61h4.19v13.48h-4.19V12.61zm2.095-6.7a2.43 2.43 0 0 1 0 4.86c-1.344 0-2.428-1.09-2.428-2.43s1.084-2.43 2.428-2.43m4.72 6.7h4.02v1.84h.058c.56-1.058 1.927-2.176 3.965-2.176 4.238 0 5.02 2.792 5.02 6.42v7.395h-4.183v-6.56c0-1.564-.03-3.574-2.178-3.574-2.18 0-2.514 1.7-2.514 3.46v6.668h-4.187V12.61z\" fill=\"#fff\"><\/path><\/svg><\/span><\/a><a aria-label=\"Pinterest\" class=\"heateor_sss_button_pinterest\" href=\"https:\/\/www.lacostituzione.info\/index.php\/2018\/09\/26\/casalino-e-i-segreti-di-pulcinella\/\" onclick=\"event.preventDefault();javascript:void( (function() {var e=document.createElement('script' );e.setAttribute('type','text\/javascript' );e.setAttribute('charset','UTF-8' );e.setAttribute('src','\/\/assets.pinterest.com\/js\/pinmarklet.js?r='+Math.random()*99999999);document.body.appendChild(e)})());\" title=\"Pinterest\" rel=\"noopener\" style=\"font-size:32px!important;box-shadow:none;display:inline-block;vertical-align:middle\"><span class=\"heateor_sss_svg heateor_sss_s__default heateor_sss_s_pinterest\" style=\"background-color:#cc2329;width:35px;height:35px;display:inline-block;opacity:1;float:left;font-size:32px;box-shadow:none;display:inline-block;font-size:16px;padding:0 4px;vertical-align:middle;background-repeat:repeat;overflow:hidden;padding:0;cursor:pointer;box-sizing:content-box\"><svg style=\"display:block;\" focusable=\"false\" aria-hidden=\"true\" xmlns=\"http:\/\/www.w3.org\/2000\/svg\" width=\"100%\" height=\"100%\" viewBox=\"-2 -2 35 35\"><path fill=\"#fff\" d=\"M16.539 4.5c-6.277 0-9.442 4.5-9.442 8.253 0 2.272.86 4.293 2.705 5.046.303.125.574.005.662-.33.061-.231.205-.816.27-1.06.088-.331.053-.447-.191-.736-.532-.627-.873-1.439-.873-2.591 0-3.338 2.498-6.327 6.505-6.327 3.548 0 5.497 2.168 5.497 5.062 0 3.81-1.686 7.025-4.188 7.025-1.382 0-2.416-1.142-2.085-2.545.397-1.674 1.166-3.48 1.166-4.689 0-1.081-.581-1.983-1.782-1.983-1.413 0-2.548 1.462-2.548 3.419 0 1.247.421 2.091.421 2.091l-1.699 7.199c-.505 2.137-.076 4.755-.039 5.019.021.158.223.196.314.077.13-.17 1.813-2.247 2.384-4.324.162-.587.929-3.631.929-3.631.46.876 1.801 1.646 3.227 1.646 4.247 0 7.128-3.871 7.128-9.053.003-3.918-3.317-7.568-8.361-7.568z\"\/><\/svg><\/span><\/a><a aria-label=\"Whatsapp\" class=\"heateor_sss_whatsapp\" href=\"https:\/\/api.whatsapp.com\/send?text=Casalino%20e%20i%20segreti%20di%20Pulcinella%20https%3A%2F%2Fwww.lacostituzione.info%2Findex.php%2F2018%2F09%2F26%2Fcasalino-e-i-segreti-di-pulcinella%2F\" title=\"Whatsapp\" rel=\"nofollow noopener\" target=\"_blank\" style=\"font-size:32px!important;box-shadow:none;display:inline-block;vertical-align:middle\"><span class=\"heateor_sss_svg\" style=\"background-color:#55eb4c;width:35px;height:35px;display:inline-block;opacity:1;float:left;font-size:32px;box-shadow:none;display:inline-block;font-size:16px;padding:0 4px;vertical-align:middle;background-repeat:repeat;overflow:hidden;padding:0;cursor:pointer;box-sizing:content-box\"><svg style=\"display:block;\" focusable=\"false\" aria-hidden=\"true\" xmlns=\"http:\/\/www.w3.org\/2000\/svg\" width=\"100%\" height=\"100%\" viewBox=\"-6 -5 40 40\"><path class=\"heateor_sss_svg_stroke heateor_sss_no_fill\" stroke=\"#fff\" stroke-width=\"2\" fill=\"none\" d=\"M 11.579798566743314 24.396926207859085 A 10 10 0 1 0 6.808479557110079 20.73576436351046\"><\/path><path d=\"M 7 19 l -1 6 l 6 -1\" class=\"heateor_sss_no_fill heateor_sss_svg_stroke\" stroke=\"#fff\" stroke-width=\"2\" fill=\"none\"><\/path><path d=\"M 10 10 q -1 8 8 11 c 5 -1 0 -6 -1 -3 q -4 -3 -5 -5 c 4 -2 -1 -5 -1 -4\" fill=\"#fff\"><\/path><\/svg><\/span><\/a><\/div><div class=\"heateorSssClear\"><\/div><\/div><div class='heateorSssClear'><\/div>","protected":false},"author":18,"featured_media":0,"comment_status":"open","ping_status":"open","sticky":false,"template":"","format":"standard","meta":{"jetpack_post_was_ever_published":false,"_jetpack_newsletter_access":"","_jetpack_dont_email_post_to_subs":false,"_jetpack_newsletter_tier_id":0,"_jetpack_memberships_contains_paywalled_content":false,"_jetpack_memberships_contains_paid_content":false,"footnotes":"","jetpack_publicize_message":"","jetpack_publicize_feature_enabled":true,"jetpack_social_post_already_shared":true,"jetpack_social_options":{"image_generator_settings":{"template":"highway","default_image_id":0,"enabled":false},"version":2}},"categories":[4],"tags":[1321,1319,1286,1320],"class_list":["post-5776","post","type-post","status-publish","format-standard","hentry","category-attualita","tag-casalino","tag-corrispondenza","tag-governo-conte","tag-portavoce"],"jetpack_publicize_connections":[],"jetpack_featured_media_url":"","jetpack_shortlink":"https:\/\/wp.me\/p84sDq-1va","jetpack_likes_enabled":true,"jetpack_sharing_enabled":true,"_links":{"self":[{"href":"https:\/\/www.lacostituzione.info\/index.php\/wp-json\/wp\/v2\/posts\/5776","targetHints":{"allow":["GET"]}}],"collection":[{"href":"https:\/\/www.lacostituzione.info\/index.php\/wp-json\/wp\/v2\/posts"}],"about":[{"href":"https:\/\/www.lacostituzione.info\/index.php\/wp-json\/wp\/v2\/types\/post"}],"author":[{"embeddable":true,"href":"https:\/\/www.lacostituzione.info\/index.php\/wp-json\/wp\/v2\/users\/18"}],"replies":[{"embeddable":true,"href":"https:\/\/www.lacostituzione.info\/index.php\/wp-json\/wp\/v2\/comments?post=5776"}],"version-history":[{"count":0,"href":"https:\/\/www.lacostituzione.info\/index.php\/wp-json\/wp\/v2\/posts\/5776\/revisions"}],"wp:attachment":[{"href":"https:\/\/www.lacostituzione.info\/index.php\/wp-json\/wp\/v2\/media?parent=5776"}],"wp:term":[{"taxonomy":"category","embeddable":true,"href":"https:\/\/www.lacostituzione.info\/index.php\/wp-json\/wp\/v2\/categories?post=5776"},{"taxonomy":"post_tag","embeddable":true,"href":"https:\/\/www.lacostituzione.info\/index.php\/wp-json\/wp\/v2\/tags?post=5776"}],"curies":[{"name":"wp","href":"https:\/\/api.w.org\/{rel}","templated":true}]}}