{"id":5791,"date":"2018-09-26T21:18:45","date_gmt":"2018-09-26T19:18:45","guid":{"rendered":"http:\/\/www.lacostituzione.info\/?p=5791"},"modified":"2018-09-27T16:23:24","modified_gmt":"2018-09-27T14:23:24","slug":"il-decreto-legge-su-immigrazione-e-sicurezza-un-passo-in-avanti-si-ma-verso-dove","status":"publish","type":"post","link":"https:\/\/www.lacostituzione.info\/index.php\/2018\/09\/26\/il-decreto-legge-su-immigrazione-e-sicurezza-un-passo-in-avanti-si-ma-verso-dove\/","title":{"rendered":"Il decreto-legge su immigrazione e sicurezza: un passo in avanti s\u00ec, ma verso dove?"},"content":{"rendered":"<p style=\"text-align: center;\"><a href=\"http:\/\/www.lacostituzione.info\/wp-content\/uploads\/2018\/09\/immigrati2.jpg\"><img loading=\"lazy\" decoding=\"async\" data-attachment-id=\"5786\" data-permalink=\"https:\/\/www.lacostituzione.info\/index.php\/2018\/09\/25\/insicurezza-economica-e-gestione-muscolare-dellimmigrazione\/immigrati2\/#main\" data-orig-file=\"https:\/\/www.lacostituzione.info\/wp-content\/uploads\/2018\/09\/immigrati2.jpg\" data-orig-size=\"450,350\" data-comments-opened=\"1\" data-image-meta=\"{&quot;aperture&quot;:&quot;0&quot;,&quot;credit&quot;:&quot;&quot;,&quot;camera&quot;:&quot;&quot;,&quot;caption&quot;:&quot;&quot;,&quot;created_timestamp&quot;:&quot;0&quot;,&quot;copyright&quot;:&quot;&quot;,&quot;focal_length&quot;:&quot;0&quot;,&quot;iso&quot;:&quot;0&quot;,&quot;shutter_speed&quot;:&quot;0&quot;,&quot;title&quot;:&quot;&quot;,&quot;orientation&quot;:&quot;0&quot;}\" data-image-title=\"immigrati2\" data-image-description=\"\" data-image-caption=\"\" data-medium-file=\"https:\/\/www.lacostituzione.info\/wp-content\/uploads\/2018\/09\/immigrati2-300x233.jpg\" data-large-file=\"https:\/\/www.lacostituzione.info\/wp-content\/uploads\/2018\/09\/immigrati2.jpg\" class=\"size-thumbnail wp-image-5786 aligncenter\" src=\"http:\/\/www.lacostituzione.info\/wp-content\/uploads\/2018\/09\/immigrati2-150x150.jpg\" alt=\"\" width=\"150\" height=\"150\" \/><\/a>di <strong>Donatella Loprieno<\/strong><\/p>\n<p>Preannunciato e spettacolarizzato, \u00e8 stato, infine, approvato in data 14 settembre il testo, \u201cnon blindato\u201d del decreto-legge recante modifica alla disciplina sull\u2019immigrazione, la protezione internazionale e la concessione e revoca della cittadinanza italiana,<!--more--> in cui si condensa, tra le altre cose, la strategia salviniana in materia di sistema di accoglienza dei richiedenti protezione internazionale e dei rifugiati. Si tratta, e non solo a parer mio, di una strategia che, senza enfasi, mira scientificamente a svuotare di ogni contenuto un sistema di accoglienza, quello pubblico in capo al Sistema SPRAR, che faticosamente si \u00e8 fatto strada specie nell\u2019ultimo decennio. Un modello, quello della accoglienza integrata, davvero unico nel panorama comparato e che, agli occhi del costituzionalista, si presenta assai ricco di suggestioni. Non fosse altro perch\u00e9 tali sperimentazioni di accoglienza integrata a livello locale e nell\u2019ottica di uno sviluppo sostenibile atto a contrastare lo spopolamento e a rinvigorire la fruibilit\u00e0 dei servizi tanto per gli autoctoni che per i nuovi arrivati paiono inscriversi nel paradigma solidaristico che resta uno dei cardini della Costituzione repubblicana e di cui si \u00e8 fatto largo uso anche nel Trattato di Lisbona che accorda alla solidariet\u00e0 lo statuto di \u00abvalore universale, accanto a dignit\u00e0 umana, libert\u00e0, uguaglianza\u00bb.<\/p>\n<p>Uno dei tratti salienti del sistema SPRAR, almeno fino a ieri, \u00e8 stata l\u2019inclusione nei progetti di accoglienza anche (e forse soprattutto) dei richiedenti protezione internazionale, nelle more della conclusione del procedimento innanzi alle Commissioni territoriali per il riconoscimento della protezione internazionale (ed eventualmente all\u2019autorit\u00e0 giudiziaria in fase di ricorso). Come \u00e8 facilmente intuibile, \u00e8 proprio in questa delicatissima fase che la figura dell\u2019operatore legale, al pari degli altri componenti dell\u2019equipe multidisciplinare, opera accompagnando e preparando i richiedenti protezione internazionale per l\u2019audizione innanzi alla Commissione territoriale. Si tratta di un momento, quell\u2019audizione, che ogni richiedente protezione internazionale vive con motivata emotivit\u00e0 e ansia, dipendendo dalla qualit\u00e0 di essa la possibilit\u00e0 o meno di vedersi riconosciuta una delle forme di protezione internazionale.<\/p>\n<p>Nel testo del decreto-legge, invece, proprio la categoria variegata e certamente estremamente vulnerabile dei richiedenti (si pensi solo alle vittime di tortura e di tratta o dalle persone con problemi di salute mentale) viene esclusa da ogni possibilit\u00e0 di fruire dell\u2019accoglienza integrata in uno dei progetti della rete SPRAR. Solo chi \u00e8 gi\u00e0 titolare di protezione internazionale e i minori stranieri non accompagnati potr\u00e0 fruire dell\u2019accoglienza \u201cpubblica\u201d e per tutti gli altri si spalancano le porte dei discutibilissimi Centri di Accoglienza Straordinaria, attivati dai Prefetti, spesso senza neanche le gare di evidenza pubblica, senza nessun coinvolgimento degli enti locali nel cui territorio insistono, senza nessuna garanzia in ordine alla professionalit\u00e0 dell\u2019ente attuatore. Una scelta, mi si lasci passare il termine, davvero scellerata anche per le modalit\u00e0 con cui sono state deliberatamente ignorate le posizioni assai critiche dell\u2019Anci, giustamente in allarme per le prevedibili ricadute che una maggiore concentrazione di stranieri, senza adeguato \u201csostegno\u201d, avr\u00e0 sui territori, ipotecando pesantemente ogni possibile declinazione di integrazione (sociale, abitativa, lavorativa).<\/p>\n<p>Vero \u00e8 che nel decreto-legge, del quale qui richiameremo solo alcuni dei profili macroscopicamente pi\u00f9 discutibili, si prefigura un sensibile ridimensionamento del numero dei titolari di protezione internazionale per il tramite della sostanziale abrogazione di una delle forme \u201cnazionali\u201d in cui la protezione internazionale stessa si scompone (e ora decompone): la c.d. protezione umanitaria ed il correlato permesso di soggiorno per motivi umanitari. Semplificando oltremodo una problematica su cui la migliore dottrina \u00e8 tornata di recente ad interrogarsi, qui possiamo solo ricordare come tale permesso di soggiorno, introdotto dall\u2019art. 5, comma 6, del decreto legislativo n. 286\/1998, pu\u00f2 essere rilasciato quando non ricorrano i presupposti per il riconoscimento dello status di rifugiato o la protezione sussidiaria (istituti di matrice internazionale e unionale), ma si rilevino seri motivi, in particolare di carattere umanitario o risultanti da obblighi costituzionali o internazionali dello Stato italiano. Pur se in un contesto di repentini mutamenti giurisprudenziali che hanno finito per sovrapporre (e annacquare) i profili sostanziali, procedimentali e giurisdizionali del diritto di asilo costituzionale con le altre forme di protezione politico-umanitaria, la natura residuale e a carattere aperto del permesso umanitario ha propiziato la sua inclusione tra le misure attuative proprio del diritto di asilo costituzionale. In altri termini, il pi\u00f9 recente orientamento della Corte di Cassazione \u00e8 di ritenere che, oggi, il diritto di asilo costituzionale sia \u201cinteramente attuato e regolato, attraverso la previsione delle situazioni finali previste nei tre istituti di protezione\u201d (Cassazione, sez. VI, ord. n. 10686\/2012), e, cio\u00e8, lo status di rifugiato, la protezione sussidiaria e la protezione umanitaria. Tralasciando ogni considerazione in ordine a quella che \u00e8 stata giustamente ritenuta come una dispersione del diritto di asilo costituzionale all\u2019interno di una meno garantistica costellazione di forme internazionali di protezione e la preclusione di ogni recupero sostantivo di tale istituto, resta che alla protezione umanitaria sia da riconoscere una funzione realmente propulsiva del lungo e difficile percorso di attuazione dell\u2019art. 10, comma 3, Cost. E, dunque, non possono che sorgere pi\u00f9 che fondati dubbi sulla conformit\u00e0 a Costituzione dell\u2019abrogazione (sostanzialmente piena) di un istituto direttamente attuativo del diritto di asilo costituzionale.<\/p>\n<p>Le perplessit\u00e0 che la lettura del decreto immigrazione suscita non si fermano a questi primi due rilievi gi\u00e0 di per se stessi sufficienti a ritenerlo s\u00ec un passo in avanti ma solo verso il misconoscimento totale dei pi\u00f9 elementari diritti della persona del migrante, sia esso politico che \u201ceconomico\u201d. I tempi del trattenimento amministrativo del migrante in condizione di irregolarit\u00e0 tornano, infatti, a riespandersi fino ad un massimo di 180 giorni, diremmo quasi in spregio di una letteratura unanimemente concorde nel ritenerla misura inutile, inefficace ed inefficiente, dispendiosa e lesiva della riserva assoluta di legge, quanto ai casi e ai modi, che l\u2019art. 13 Cost. predispone a tutela della libert\u00e0 personale. Si aggiunge, peraltro, la previsione secondo la quale, in caso di indisponibilit\u00e0 nei Centri di permanenza per il rimpatrio (gli ex Cie, per intenderci), il giudice di pace possa autorizzare il trattenimento temporaneo dello straniero in \u201clocali idonei\u201d nella disponibilit\u00e0 dell\u2019Autorit\u00e0 di pubblica sicurezza. Si prevedono poi nuove ipotesi di trattenimento \u201cautomatiche\u201d per i richiedenti protezione internazionale, senza per\u00f2 definire per legge le ipotesi tassative in cui la misura pu\u00f2 essere disposta dall\u2019autorit\u00e0 di pubblica sicurezza; l\u2019impossibilit\u00e0 per gli stessi di godere del gratuito patrocinio per talune tipologie di ricorso, l\u2019ampliamento dei reati che giustificano la revoca del permesso di soggiorno per protezione internazionale, la possibilit\u00e0 di revocare la cittadinanza per il reato di terrorismo, la possibilit\u00e0 della sospensione della domanda di asilo a seguito di condanna solo di primo grado (in palese violazione dell\u2019art. 27 Cost.) .<\/p>\n<p>In conclusione, non c\u2019\u00e8 nulla in questo decreto-legge (sulla cui necessit\u00e0 ed urgenza sorvoliamo per amor di patria) che affronti la farraginosa normativa italiana in materia di incontro tra domanda e offerta di lavoro. Quest\u2019ultima prevede, infatti, un meccanismo per cui lo straniero, intenzionato ad ottenere un permesso di soggiorno per motivi di lavoro, \u00e8 tenuto a rimanere nel Paese di origine fino alla conclusione della lunga procedura di ingresso. In altre parole, non \u00e8 ammissibile la domanda per chi gi\u00e0 si trovi sul territorio italiano e questo, come si \u00e8 opportunamente notato, contrasta con il fatto che la tipica procedura di assunzione si basa sul meccanismo della chiamata nominativa che presuppone una conoscenza diretta tra il datore di lavoro e lo straniero che, per\u00f2, appunto deve necessariamente trovarsi all\u2019estero.<\/p>\n<p>L\u2019inefficacia di un sistema basato su due circuiti diversi e tra loro non comunicanti (quello attinente alla regolarit\u00e0 dell\u2019ingresso e del soggiorno e quello riguardante l\u2019irregolarit\u00e0, conseguente all\u2019aver varcato illegalmente la frontiera o il non rinnovo del permesso di soggiorno) e l\u2019impossibilit\u00e0 di sanare la condizione di irregolarit\u00e0 una volta raggiunto il territorio nazionale (o avervi irregolarmente sostato), oltre a costituire un serio ostacolo ai processi di integrazione, aumenta la precariet\u00e0 dei lavoratori irregolarmente presenti e incoraggia lo sfruttamento lavorativo specie nelle aree del Paese (e cio\u00e8 nelle regioni del Mezzogiorno) dove pi\u00f9 estese, se non endemiche, sono le prassi della illegalit\u00e0 e del mercato nero del lavoro. Di pi\u00f9, tutto lascia pensare che se il decreto Salvini non dovesse essere \u201cinteramente\u201d rivisitato in fase di conversione, aumenterebbe esponenzialmente l\u2019area della irregolarit\u00e0 e della marginalit\u00e0. Quanto questo sia un effetto prefigurato strategicamente al solo fine di capitalizzare ulteriori consensi al leader della Lega non \u00e8 dato sapere, ma certamente il dubbio ci assale.<\/p>\n","protected":false},"excerpt":{"rendered":"<p>di Donatella Loprieno Preannunciato e spettacolarizzato, \u00e8 stato, infine, approvato in data 14 settembre il testo, \u201cnon blindato\u201d del decreto-legge recante modifica alla disciplina sull\u2019immigrazione, la protezione internazionale e la concessione e revoca della cittadinanza italiana,<\/p>\n<div class='heateorSssClear'><\/div><div  class='heateor_sss_sharing_container heateor_sss_horizontal_sharing' data-heateor-sss-href='https:\/\/www.lacostituzione.info\/index.php\/2018\/09\/26\/il-decreto-legge-su-immigrazione-e-sicurezza-un-passo-in-avanti-si-ma-verso-dove\/'><div class='heateor_sss_sharing_title' style=\"font-weight:bold\" >Condividi!<\/div><div class=\"heateor_sss_sharing_ul\"><a aria-label=\"Facebook\" class=\"heateor_sss_facebook\" href=\"https:\/\/www.facebook.com\/sharer\/sharer.php?u=https%3A%2F%2Fwww.lacostituzione.info%2Findex.php%2F2018%2F09%2F26%2Fil-decreto-legge-su-immigrazione-e-sicurezza-un-passo-in-avanti-si-ma-verso-dove%2F\" title=\"Facebook\" rel=\"nofollow noopener\" target=\"_blank\" style=\"font-size:32px!important;box-shadow:none;display:inline-block;vertical-align:middle\"><span class=\"heateor_sss_svg\" style=\"background-color:#0765FE;width:35px;height:35px;display:inline-block;opacity:1;float:left;font-size:32px;box-shadow:none;display:inline-block;font-size:16px;padding:0 4px;vertical-align:middle;background-repeat:repeat;overflow:hidden;padding:0;cursor:pointer;box-sizing:content-box\"><svg style=\"display:block;\" focusable=\"false\" aria-hidden=\"true\" xmlns=\"http:\/\/www.w3.org\/2000\/svg\" width=\"100%\" height=\"100%\" viewBox=\"0 0 32 32\"><path fill=\"#fff\" d=\"M28 16c0-6.627-5.373-12-12-12S4 9.373 4 16c0 5.628 3.875 10.35 9.101 11.647v-7.98h-2.474V16H13.1v-1.58c0-4.085 1.849-5.978 5.859-5.978.76 0 2.072.15 2.608.298v3.325c-.283-.03-.775-.045-1.386-.045-1.967 0-2.728.745-2.728 2.683V16h3.92l-.673 3.667h-3.247v8.245C23.395 27.195 28 22.135 28 16Z\"><\/path><\/svg><\/span><\/a><a aria-label=\"Twitter\" class=\"heateor_sss_button_twitter\" href=\"https:\/\/twitter.com\/intent\/tweet?text=Il%20decreto-legge%20su%20immigrazione%20e%20sicurezza%3A%20un%20passo%20in%20avanti%20s%C3%AC%2C%20ma%20verso%20dove%3F&url=https%3A%2F%2Fwww.lacostituzione.info%2Findex.php%2F2018%2F09%2F26%2Fil-decreto-legge-su-immigrazione-e-sicurezza-un-passo-in-avanti-si-ma-verso-dove%2F\" title=\"Twitter\" rel=\"nofollow noopener\" target=\"_blank\" style=\"font-size:32px!important;box-shadow:none;display:inline-block;vertical-align:middle\"><span class=\"heateor_sss_svg heateor_sss_s__default heateor_sss_s_twitter\" style=\"background-color:#55acee;width:35px;height:35px;display:inline-block;opacity:1;float:left;font-size:32px;box-shadow:none;display:inline-block;font-size:16px;padding:0 4px;vertical-align:middle;background-repeat:repeat;overflow:hidden;padding:0;cursor:pointer;box-sizing:content-box\"><svg style=\"display:block;\" focusable=\"false\" aria-hidden=\"true\" xmlns=\"http:\/\/www.w3.org\/2000\/svg\" width=\"100%\" height=\"100%\" viewBox=\"-4 -4 39 39\"><path d=\"M28 8.557a9.913 9.913 0 0 1-2.828.775 4.93 4.93 0 0 0 2.166-2.725 9.738 9.738 0 0 1-3.13 1.194 4.92 4.92 0 0 0-3.593-1.55 4.924 4.924 0 0 0-4.794 6.049c-4.09-.21-7.72-2.17-10.15-5.15a4.942 4.942 0 0 0-.665 2.477c0 1.71.87 3.214 2.19 4.1a4.968 4.968 0 0 1-2.23-.616v.06c0 2.39 1.7 4.38 3.952 4.83-.414.115-.85.174-1.297.174-.318 0-.626-.03-.928-.086a4.935 4.935 0 0 0 4.6 3.42 9.893 9.893 0 0 1-6.114 2.107c-.398 0-.79-.023-1.175-.068a13.953 13.953 0 0 0 7.55 2.213c9.056 0 14.01-7.507 14.01-14.013 0-.213-.005-.426-.015-.637.96-.695 1.795-1.56 2.455-2.55z\" fill=\"#fff\"><\/path><\/svg><\/span><\/a><a aria-label=\"Reddit\" class=\"heateor_sss_button_reddit\" href=\"https:\/\/reddit.com\/submit?url=https%3A%2F%2Fwww.lacostituzione.info%2Findex.php%2F2018%2F09%2F26%2Fil-decreto-legge-su-immigrazione-e-sicurezza-un-passo-in-avanti-si-ma-verso-dove%2F&title=Il%20decreto-legge%20su%20immigrazione%20e%20sicurezza%3A%20un%20passo%20in%20avanti%20s%C3%AC%2C%20ma%20verso%20dove%3F\" title=\"Reddit\" rel=\"nofollow noopener\" target=\"_blank\" style=\"font-size:32px!important;box-shadow:none;display:inline-block;vertical-align:middle\"><span class=\"heateor_sss_svg heateor_sss_s__default heateor_sss_s_reddit\" style=\"background-color:#ff5700;width:35px;height:35px;display:inline-block;opacity:1;float:left;font-size:32px;box-shadow:none;display:inline-block;font-size:16px;padding:0 4px;vertical-align:middle;background-repeat:repeat;overflow:hidden;padding:0;cursor:pointer;box-sizing:content-box\"><svg style=\"display:block;\" focusable=\"false\" aria-hidden=\"true\" xmlns=\"http:\/\/www.w3.org\/2000\/svg\" width=\"100%\" height=\"100%\" viewBox=\"-3.5 -3.5 39 39\"><path d=\"M28.543 15.774a2.953 2.953 0 0 0-2.951-2.949 2.882 2.882 0 0 0-1.9.713 14.075 14.075 0 0 0-6.85-2.044l1.38-4.349 3.768.884a2.452 2.452 0 1 0 .24-1.176l-4.274-1a.6.6 0 0 0-.709.4l-1.659 5.224a14.314 14.314 0 0 0-7.316 2.029 2.908 2.908 0 0 0-1.872-.681 2.942 2.942 0 0 0-1.618 5.4 5.109 5.109 0 0 0-.062.765c0 4.158 5.037 7.541 11.229 7.541s11.22-3.383 11.22-7.541a5.2 5.2 0 0 0-.053-.706 2.963 2.963 0 0 0 1.427-2.51zm-18.008 1.88a1.753 1.753 0 0 1 1.73-1.74 1.73 1.73 0 0 1 1.709 1.74 1.709 1.709 0 0 1-1.709 1.711 1.733 1.733 0 0 1-1.73-1.711zm9.565 4.968a5.573 5.573 0 0 1-4.081 1.272h-.032a5.576 5.576 0 0 1-4.087-1.272.6.6 0 0 1 .844-.854 4.5 4.5 0 0 0 3.238.927h.032a4.5 4.5 0 0 0 3.237-.927.6.6 0 1 1 .844.854zm-.331-3.256a1.726 1.726 0 1 1 1.709-1.712 1.717 1.717 0 0 1-1.712 1.712z\" fill=\"#fff\"\/><\/svg><\/span><\/a><a aria-label=\"Linkedin\" class=\"heateor_sss_button_linkedin\" href=\"https:\/\/www.linkedin.com\/sharing\/share-offsite\/?url=https%3A%2F%2Fwww.lacostituzione.info%2Findex.php%2F2018%2F09%2F26%2Fil-decreto-legge-su-immigrazione-e-sicurezza-un-passo-in-avanti-si-ma-verso-dove%2F\" title=\"Linkedin\" rel=\"nofollow noopener\" target=\"_blank\" style=\"font-size:32px!important;box-shadow:none;display:inline-block;vertical-align:middle\"><span class=\"heateor_sss_svg heateor_sss_s__default heateor_sss_s_linkedin\" style=\"background-color:#0077b5;width:35px;height:35px;display:inline-block;opacity:1;float:left;font-size:32px;box-shadow:none;display:inline-block;font-size:16px;padding:0 4px;vertical-align:middle;background-repeat:repeat;overflow:hidden;padding:0;cursor:pointer;box-sizing:content-box\"><svg style=\"display:block;\" focusable=\"false\" aria-hidden=\"true\" xmlns=\"http:\/\/www.w3.org\/2000\/svg\" width=\"100%\" height=\"100%\" viewBox=\"0 0 32 32\"><path d=\"M6.227 12.61h4.19v13.48h-4.19V12.61zm2.095-6.7a2.43 2.43 0 0 1 0 4.86c-1.344 0-2.428-1.09-2.428-2.43s1.084-2.43 2.428-2.43m4.72 6.7h4.02v1.84h.058c.56-1.058 1.927-2.176 3.965-2.176 4.238 0 5.02 2.792 5.02 6.42v7.395h-4.183v-6.56c0-1.564-.03-3.574-2.178-3.574-2.18 0-2.514 1.7-2.514 3.46v6.668h-4.187V12.61z\" fill=\"#fff\"><\/path><\/svg><\/span><\/a><a aria-label=\"Pinterest\" class=\"heateor_sss_button_pinterest\" href=\"https:\/\/www.lacostituzione.info\/index.php\/2018\/09\/26\/il-decreto-legge-su-immigrazione-e-sicurezza-un-passo-in-avanti-si-ma-verso-dove\/\" onclick=\"event.preventDefault();javascript:void( (function() {var e=document.createElement('script' );e.setAttribute('type','text\/javascript' );e.setAttribute('charset','UTF-8' );e.setAttribute('src','\/\/assets.pinterest.com\/js\/pinmarklet.js?r='+Math.random()*99999999);document.body.appendChild(e)})());\" title=\"Pinterest\" rel=\"noopener\" style=\"font-size:32px!important;box-shadow:none;display:inline-block;vertical-align:middle\"><span class=\"heateor_sss_svg heateor_sss_s__default heateor_sss_s_pinterest\" style=\"background-color:#cc2329;width:35px;height:35px;display:inline-block;opacity:1;float:left;font-size:32px;box-shadow:none;display:inline-block;font-size:16px;padding:0 4px;vertical-align:middle;background-repeat:repeat;overflow:hidden;padding:0;cursor:pointer;box-sizing:content-box\"><svg style=\"display:block;\" focusable=\"false\" aria-hidden=\"true\" xmlns=\"http:\/\/www.w3.org\/2000\/svg\" width=\"100%\" height=\"100%\" viewBox=\"-2 -2 35 35\"><path fill=\"#fff\" d=\"M16.539 4.5c-6.277 0-9.442 4.5-9.442 8.253 0 2.272.86 4.293 2.705 5.046.303.125.574.005.662-.33.061-.231.205-.816.27-1.06.088-.331.053-.447-.191-.736-.532-.627-.873-1.439-.873-2.591 0-3.338 2.498-6.327 6.505-6.327 3.548 0 5.497 2.168 5.497 5.062 0 3.81-1.686 7.025-4.188 7.025-1.382 0-2.416-1.142-2.085-2.545.397-1.674 1.166-3.48 1.166-4.689 0-1.081-.581-1.983-1.782-1.983-1.413 0-2.548 1.462-2.548 3.419 0 1.247.421 2.091.421 2.091l-1.699 7.199c-.505 2.137-.076 4.755-.039 5.019.021.158.223.196.314.077.13-.17 1.813-2.247 2.384-4.324.162-.587.929-3.631.929-3.631.46.876 1.801 1.646 3.227 1.646 4.247 0 7.128-3.871 7.128-9.053.003-3.918-3.317-7.568-8.361-7.568z\"\/><\/svg><\/span><\/a><a aria-label=\"Whatsapp\" class=\"heateor_sss_whatsapp\" href=\"https:\/\/api.whatsapp.com\/send?text=Il%20decreto-legge%20su%20immigrazione%20e%20sicurezza%3A%20un%20passo%20in%20avanti%20s%C3%AC%2C%20ma%20verso%20dove%3F%20https%3A%2F%2Fwww.lacostituzione.info%2Findex.php%2F2018%2F09%2F26%2Fil-decreto-legge-su-immigrazione-e-sicurezza-un-passo-in-avanti-si-ma-verso-dove%2F\" title=\"Whatsapp\" rel=\"nofollow noopener\" target=\"_blank\" style=\"font-size:32px!important;box-shadow:none;display:inline-block;vertical-align:middle\"><span class=\"heateor_sss_svg\" style=\"background-color:#55eb4c;width:35px;height:35px;display:inline-block;opacity:1;float:left;font-size:32px;box-shadow:none;display:inline-block;font-size:16px;padding:0 4px;vertical-align:middle;background-repeat:repeat;overflow:hidden;padding:0;cursor:pointer;box-sizing:content-box\"><svg style=\"display:block;\" focusable=\"false\" aria-hidden=\"true\" xmlns=\"http:\/\/www.w3.org\/2000\/svg\" width=\"100%\" height=\"100%\" viewBox=\"-6 -5 40 40\"><path class=\"heateor_sss_svg_stroke heateor_sss_no_fill\" stroke=\"#fff\" stroke-width=\"2\" fill=\"none\" d=\"M 11.579798566743314 24.396926207859085 A 10 10 0 1 0 6.808479557110079 20.73576436351046\"><\/path><path d=\"M 7 19 l -1 6 l 6 -1\" class=\"heateor_sss_no_fill heateor_sss_svg_stroke\" stroke=\"#fff\" stroke-width=\"2\" fill=\"none\"><\/path><path d=\"M 10 10 q -1 8 8 11 c 5 -1 0 -6 -1 -3 q -4 -3 -5 -5 c 4 -2 -1 -5 -1 -4\" fill=\"#fff\"><\/path><\/svg><\/span><\/a><\/div><div class=\"heateorSssClear\"><\/div><\/div><div class='heateorSssClear'><\/div>","protected":false},"author":1,"featured_media":0,"comment_status":"open","ping_status":"open","sticky":false,"template":"","format":"standard","meta":{"jetpack_post_was_ever_published":false,"_jetpack_newsletter_access":"","_jetpack_dont_email_post_to_subs":false,"_jetpack_newsletter_tier_id":0,"_jetpack_memberships_contains_paywalled_content":false,"_jetpack_memberships_contains_paid_content":false,"footnotes":"","jetpack_publicize_message":"","jetpack_publicize_feature_enabled":true,"jetpack_social_post_already_shared":true,"jetpack_social_options":{"image_generator_settings":{"template":"highway","default_image_id":0,"enabled":false},"version":2}},"categories":[5],"tags":[1324,1267,371,1323],"class_list":["post-5791","post","type-post","status-publish","format-standard","hentry","category-lavori-in-corso","tag-decreto-sicurezza","tag-diritto-di-asilo","tag-immigrazione","tag-protezione-umanitaria"],"jetpack_publicize_connections":[],"jetpack_featured_media_url":"","jetpack_shortlink":"https:\/\/wp.me\/p84sDq-1vp","jetpack_likes_enabled":true,"jetpack_sharing_enabled":true,"_links":{"self":[{"href":"https:\/\/www.lacostituzione.info\/index.php\/wp-json\/wp\/v2\/posts\/5791","targetHints":{"allow":["GET"]}}],"collection":[{"href":"https:\/\/www.lacostituzione.info\/index.php\/wp-json\/wp\/v2\/posts"}],"about":[{"href":"https:\/\/www.lacostituzione.info\/index.php\/wp-json\/wp\/v2\/types\/post"}],"author":[{"embeddable":true,"href":"https:\/\/www.lacostituzione.info\/index.php\/wp-json\/wp\/v2\/users\/1"}],"replies":[{"embeddable":true,"href":"https:\/\/www.lacostituzione.info\/index.php\/wp-json\/wp\/v2\/comments?post=5791"}],"version-history":[{"count":0,"href":"https:\/\/www.lacostituzione.info\/index.php\/wp-json\/wp\/v2\/posts\/5791\/revisions"}],"wp:attachment":[{"href":"https:\/\/www.lacostituzione.info\/index.php\/wp-json\/wp\/v2\/media?parent=5791"}],"wp:term":[{"taxonomy":"category","embeddable":true,"href":"https:\/\/www.lacostituzione.info\/index.php\/wp-json\/wp\/v2\/categories?post=5791"},{"taxonomy":"post_tag","embeddable":true,"href":"https:\/\/www.lacostituzione.info\/index.php\/wp-json\/wp\/v2\/tags?post=5791"}],"curies":[{"name":"wp","href":"https:\/\/api.w.org\/{rel}","templated":true}]}}