{"id":5801,"date":"2018-09-28T13:58:36","date_gmt":"2018-09-28T11:58:36","guid":{"rendered":"http:\/\/www.lacostituzione.info\/?p=5801"},"modified":"2018-09-28T20:37:43","modified_gmt":"2018-09-28T18:37:43","slug":"elezioni-suppletive","status":"publish","type":"post","link":"https:\/\/www.lacostituzione.info\/index.php\/2018\/09\/28\/elezioni-suppletive\/","title":{"rendered":"Le dimissioni di Andrea Mura e il triste esordio delle elezioni suppletive"},"content":{"rendered":"<p><a href=\"http:\/\/www.lacostituzione.info\/wp-content\/uploads\/2018\/09\/mura-1.jpg\"><img loading=\"lazy\" decoding=\"async\" data-attachment-id=\"5802\" data-permalink=\"https:\/\/www.lacostituzione.info\/index.php\/2018\/09\/28\/elezioni-suppletive\/mura-1\/#main\" data-orig-file=\"https:\/\/www.lacostituzione.info\/wp-content\/uploads\/2018\/09\/mura-1.jpg\" data-orig-size=\"1200,900\" data-comments-opened=\"1\" data-image-meta=\"{&quot;aperture&quot;:&quot;0&quot;,&quot;credit&quot;:&quot;&quot;,&quot;camera&quot;:&quot;&quot;,&quot;caption&quot;:&quot;&quot;,&quot;created_timestamp&quot;:&quot;0&quot;,&quot;copyright&quot;:&quot;&quot;,&quot;focal_length&quot;:&quot;0&quot;,&quot;iso&quot;:&quot;0&quot;,&quot;shutter_speed&quot;:&quot;0&quot;,&quot;title&quot;:&quot;&quot;,&quot;orientation&quot;:&quot;0&quot;}\" data-image-title=\"mura-1\" data-image-description=\"\" data-image-caption=\"\" data-medium-file=\"https:\/\/www.lacostituzione.info\/wp-content\/uploads\/2018\/09\/mura-1-300x225.jpg\" data-large-file=\"https:\/\/www.lacostituzione.info\/wp-content\/uploads\/2018\/09\/mura-1-1024x768.jpg\" class=\"alignleft size-thumbnail wp-image-5802\" src=\"http:\/\/www.lacostituzione.info\/wp-content\/uploads\/2018\/09\/mura-1-150x150.jpg\" alt=\"\" width=\"150\" height=\"150\" \/><\/a>di <strong>Giuseppe Lauri<\/strong><a href=\"#_edn1\" name=\"_ednref1\"><strong>*<\/strong><\/a><\/p>\n<p>Si \u00e8 avuto gi\u00e0 modo, <a href=\"http:\/\/www.lacostituzione.info\/index.php\/2018\/02\/25\/tornano-le-elezioni-suppletive-qualcuno-se-ne-e-accorto\/\">in questo giornale<\/a>, di affrontare il tacito ritorno delle elezioni suppletive nella legislazione italiana, necessarie in presenza di una porzione di seggi parlamentari assegnati con sistema maggioritario.<!--more--><\/p>\n<p>Ieri pomeriggio la Camera dei Deputati ha approvato, con votazione a scrutinio segreto, le dimissioni di Andrea Mura, eletto per il Movimento Cinquestelle nel collegio uninominale di Cagliari. L\u2019ormai ex-deputato, come si ricorder\u00e0, fin\u00ec al centro delle polemiche nelle scorse settimane non solo per il consistente numero di assenze ai lavori d\u2019Aula fatte registrare, quanto per aver rilasciato dichiarazioni non particolarmente felici sulla possibilit\u00e0 di coniugare il proprio mandato con la sua attivit\u00e0 di velista, precisando di essere stato candidato ed eletto per fare il \u00abtestimonial per salvare gli oceani dalla plastica\u00bb.<\/p>\n<p>Con l\u2019approvazione delle dimissioni, si avvia ora l\u2019iter previsto dall\u2019art. 21-ter della legge elettorale per il Senato (cui si rif\u00e0 l\u2019art. 86 della legge elettorale per la Camera, con le modifiche introdotte dal cd. Rosatellum), sui cui tempi effettivi, tuttavia, \u00e8 per ora prematuro azzardare calcoli. L\u2019unico dato certo \u00e8 che le elezioni potranno tenersi tra il novantesimo e il centoventesimo giorno da ieri \u2013 dunque, in una domenica tra il 27 dicembre e il 27 gennaio prossimi (la data di partenza \u00e8 la prima ma, cadendo essa dopo il 15 dicembre, la legge ammette una proroga di trenta giorni al termine base di novanta giorni). Prima delle consultazioni, tuttavia, si dovr\u00e0 passare per la relazione e votazione della Giunta delle Elezioni sulla presa d\u2019atto della vacanza del seggio. La presa d\u2019atto sar\u00e0 poi comunicata dalla Presidente della Camera al Presidente del Consiglio dei Ministri e al Ministro degli Interni, che a loro volta porteranno la questione all\u2019attenzione dell\u2019intero Consiglio dei Ministri che deliberer\u00e0 sulla data di svolgimento della votazione, convocata dal Presidente della Repubblica con proprio decreto.<\/p>\n<p>La questione delle elezioni suppletive appare interessante per molteplici motivi di natura politologica. Alla vigilia di queste elezioni, ad esempio, fu notato da chi scrive come i collegi uninominali siano stati utilizzati soprattutto come garanzia, da parte delle forze maggiori delle due coalizioni di centrodestra e centrosinistra, a favore di esponenti di liste minori. Per una sorta di curioso paradosso, la maggior parte di questi collegi \u00e8 andata invece al Movimento Cinquestelle, che per\u00f2 \u00e8 anche il primo a perderne uno e a dare origine alle prime elezioni suppletive dal 2005. Inoltre, non si \u00e8 avverato il timore che la XVIII legislatura finisse cos\u00ec presto da non far mai rivedere la luce a questo istituto (ma mai dire mai!).<\/p>\n<p>La seduta parlamentare di ieri, tuttavia, presenta anche spunti di preoccupante riflessione. Se votare le dimissioni in assenza del dimissionario (e dunque di un qualunque contraddittorio diretto con lo stesso sul motivo dell\u2019atto) rappresenta ormai una prassi invalsa, un\u2019altra prassi \u201cgarantista\u201d \u00e8 venuta meno, nel momento in cui, come \u00e8 stato notato da pi\u00f9 di un deputato intervenuto nella discussione, la cessazione di Mura dal mandato \u00e8 stata approvata in prima battuta, laddove invece le Camere, in casi analoghi, hanno proceduto col rifiutare almeno una volta le dimissioni.<\/p>\n<p>\u00c8 per\u00f2 soprattutto il clima in cui si \u00e8 svolta la votazione a dipingere un quadro particolarmente fosco. Da un lato, infatti, pesano sull\u2019assenza di Mura le dichiarazioni contenute nella sua lettera di dimissioni indirizzata alla Presidenza, con la quale si denunciano un \u201clinciaggio mediatico\u201d e l\u2019assenza di confronto tra l\u2019ormai ex-deputato, il gruppo parlamentare pentastellato e la relativa forza politica; dall\u2019altro, la maggior parte della discussione ha riguardato la mancata censura, invocata dalle opposizioni, sulle dichiarazioni della deputata sarda del Movimento Cinquestelle Emanuela Corda, i cui toni oggettivamente irrispettosi nei confronti dei gruppi parlamentari contrari alle dimissioni sono stati ritenuti inoffensivi dalla presidente di turno Maria Edera Spadoni, anch\u2019essa pentastellata. In un momento in cui sta tornando sotto i riflettori la scarsa attivit\u00e0 del nostro Parlamento, che chiama in causa responsabilit\u00e0 e atteggiamenti precisi del governo e della maggioranza, le prime elezioni suppletive della fantomatica Terza Repubblica potevano forse prendere avvio da una pagina meno caotica.<\/p>\n<p><a href=\"#_ednref1\" name=\"_edn1\">*<\/a> dottorando in Giustizia costituzionale e diritti fondamentali,\u00a0Universit\u00e0 di Pisa<\/p>\n","protected":false},"excerpt":{"rendered":"<p>di Giuseppe Lauri* Si \u00e8 avuto gi\u00e0 modo, in questo giornale, di affrontare il tacito ritorno delle elezioni suppletive nella legislazione italiana, necessarie in presenza di una porzione di seggi parlamentari assegnati con sistema maggioritario.<\/p>\n<div class='heateorSssClear'><\/div><div  class='heateor_sss_sharing_container heateor_sss_horizontal_sharing' data-heateor-sss-href='https:\/\/www.lacostituzione.info\/index.php\/2018\/09\/28\/elezioni-suppletive\/'><div class='heateor_sss_sharing_title' style=\"font-weight:bold\" >Condividi!<\/div><div class=\"heateor_sss_sharing_ul\"><a aria-label=\"Facebook\" class=\"heateor_sss_facebook\" href=\"https:\/\/www.facebook.com\/sharer\/sharer.php?u=https%3A%2F%2Fwww.lacostituzione.info%2Findex.php%2F2018%2F09%2F28%2Felezioni-suppletive%2F\" title=\"Facebook\" rel=\"nofollow noopener\" target=\"_blank\" style=\"font-size:32px!important;box-shadow:none;display:inline-block;vertical-align:middle\"><span class=\"heateor_sss_svg\" style=\"background-color:#0765FE;width:35px;height:35px;display:inline-block;opacity:1;float:left;font-size:32px;box-shadow:none;display:inline-block;font-size:16px;padding:0 4px;vertical-align:middle;background-repeat:repeat;overflow:hidden;padding:0;cursor:pointer;box-sizing:content-box\"><svg style=\"display:block;\" focusable=\"false\" aria-hidden=\"true\" xmlns=\"http:\/\/www.w3.org\/2000\/svg\" width=\"100%\" height=\"100%\" viewBox=\"0 0 32 32\"><path fill=\"#fff\" d=\"M28 16c0-6.627-5.373-12-12-12S4 9.373 4 16c0 5.628 3.875 10.35 9.101 11.647v-7.98h-2.474V16H13.1v-1.58c0-4.085 1.849-5.978 5.859-5.978.76 0 2.072.15 2.608.298v3.325c-.283-.03-.775-.045-1.386-.045-1.967 0-2.728.745-2.728 2.683V16h3.92l-.673 3.667h-3.247v8.245C23.395 27.195 28 22.135 28 16Z\"><\/path><\/svg><\/span><\/a><a aria-label=\"Twitter\" class=\"heateor_sss_button_twitter\" href=\"https:\/\/twitter.com\/intent\/tweet?text=Le%20dimissioni%20di%20Andrea%20Mura%20e%20il%20triste%20esordio%20delle%20elezioni%20suppletive&url=https%3A%2F%2Fwww.lacostituzione.info%2Findex.php%2F2018%2F09%2F28%2Felezioni-suppletive%2F\" title=\"Twitter\" rel=\"nofollow noopener\" target=\"_blank\" style=\"font-size:32px!important;box-shadow:none;display:inline-block;vertical-align:middle\"><span class=\"heateor_sss_svg heateor_sss_s__default heateor_sss_s_twitter\" style=\"background-color:#55acee;width:35px;height:35px;display:inline-block;opacity:1;float:left;font-size:32px;box-shadow:none;display:inline-block;font-size:16px;padding:0 4px;vertical-align:middle;background-repeat:repeat;overflow:hidden;padding:0;cursor:pointer;box-sizing:content-box\"><svg style=\"display:block;\" focusable=\"false\" aria-hidden=\"true\" xmlns=\"http:\/\/www.w3.org\/2000\/svg\" width=\"100%\" height=\"100%\" viewBox=\"-4 -4 39 39\"><path d=\"M28 8.557a9.913 9.913 0 0 1-2.828.775 4.93 4.93 0 0 0 2.166-2.725 9.738 9.738 0 0 1-3.13 1.194 4.92 4.92 0 0 0-3.593-1.55 4.924 4.924 0 0 0-4.794 6.049c-4.09-.21-7.72-2.17-10.15-5.15a4.942 4.942 0 0 0-.665 2.477c0 1.71.87 3.214 2.19 4.1a4.968 4.968 0 0 1-2.23-.616v.06c0 2.39 1.7 4.38 3.952 4.83-.414.115-.85.174-1.297.174-.318 0-.626-.03-.928-.086a4.935 4.935 0 0 0 4.6 3.42 9.893 9.893 0 0 1-6.114 2.107c-.398 0-.79-.023-1.175-.068a13.953 13.953 0 0 0 7.55 2.213c9.056 0 14.01-7.507 14.01-14.013 0-.213-.005-.426-.015-.637.96-.695 1.795-1.56 2.455-2.55z\" fill=\"#fff\"><\/path><\/svg><\/span><\/a><a aria-label=\"Reddit\" class=\"heateor_sss_button_reddit\" href=\"https:\/\/reddit.com\/submit?url=https%3A%2F%2Fwww.lacostituzione.info%2Findex.php%2F2018%2F09%2F28%2Felezioni-suppletive%2F&title=Le%20dimissioni%20di%20Andrea%20Mura%20e%20il%20triste%20esordio%20delle%20elezioni%20suppletive\" title=\"Reddit\" rel=\"nofollow noopener\" target=\"_blank\" style=\"font-size:32px!important;box-shadow:none;display:inline-block;vertical-align:middle\"><span class=\"heateor_sss_svg heateor_sss_s__default heateor_sss_s_reddit\" style=\"background-color:#ff5700;width:35px;height:35px;display:inline-block;opacity:1;float:left;font-size:32px;box-shadow:none;display:inline-block;font-size:16px;padding:0 4px;vertical-align:middle;background-repeat:repeat;overflow:hidden;padding:0;cursor:pointer;box-sizing:content-box\"><svg style=\"display:block;\" focusable=\"false\" aria-hidden=\"true\" xmlns=\"http:\/\/www.w3.org\/2000\/svg\" width=\"100%\" height=\"100%\" viewBox=\"-3.5 -3.5 39 39\"><path d=\"M28.543 15.774a2.953 2.953 0 0 0-2.951-2.949 2.882 2.882 0 0 0-1.9.713 14.075 14.075 0 0 0-6.85-2.044l1.38-4.349 3.768.884a2.452 2.452 0 1 0 .24-1.176l-4.274-1a.6.6 0 0 0-.709.4l-1.659 5.224a14.314 14.314 0 0 0-7.316 2.029 2.908 2.908 0 0 0-1.872-.681 2.942 2.942 0 0 0-1.618 5.4 5.109 5.109 0 0 0-.062.765c0 4.158 5.037 7.541 11.229 7.541s11.22-3.383 11.22-7.541a5.2 5.2 0 0 0-.053-.706 2.963 2.963 0 0 0 1.427-2.51zm-18.008 1.88a1.753 1.753 0 0 1 1.73-1.74 1.73 1.73 0 0 1 1.709 1.74 1.709 1.709 0 0 1-1.709 1.711 1.733 1.733 0 0 1-1.73-1.711zm9.565 4.968a5.573 5.573 0 0 1-4.081 1.272h-.032a5.576 5.576 0 0 1-4.087-1.272.6.6 0 0 1 .844-.854 4.5 4.5 0 0 0 3.238.927h.032a4.5 4.5 0 0 0 3.237-.927.6.6 0 1 1 .844.854zm-.331-3.256a1.726 1.726 0 1 1 1.709-1.712 1.717 1.717 0 0 1-1.712 1.712z\" fill=\"#fff\"\/><\/svg><\/span><\/a><a aria-label=\"Linkedin\" class=\"heateor_sss_button_linkedin\" href=\"https:\/\/www.linkedin.com\/sharing\/share-offsite\/?url=https%3A%2F%2Fwww.lacostituzione.info%2Findex.php%2F2018%2F09%2F28%2Felezioni-suppletive%2F\" title=\"Linkedin\" rel=\"nofollow noopener\" target=\"_blank\" style=\"font-size:32px!important;box-shadow:none;display:inline-block;vertical-align:middle\"><span class=\"heateor_sss_svg heateor_sss_s__default heateor_sss_s_linkedin\" style=\"background-color:#0077b5;width:35px;height:35px;display:inline-block;opacity:1;float:left;font-size:32px;box-shadow:none;display:inline-block;font-size:16px;padding:0 4px;vertical-align:middle;background-repeat:repeat;overflow:hidden;padding:0;cursor:pointer;box-sizing:content-box\"><svg style=\"display:block;\" focusable=\"false\" aria-hidden=\"true\" xmlns=\"http:\/\/www.w3.org\/2000\/svg\" width=\"100%\" height=\"100%\" viewBox=\"0 0 32 32\"><path d=\"M6.227 12.61h4.19v13.48h-4.19V12.61zm2.095-6.7a2.43 2.43 0 0 1 0 4.86c-1.344 0-2.428-1.09-2.428-2.43s1.084-2.43 2.428-2.43m4.72 6.7h4.02v1.84h.058c.56-1.058 1.927-2.176 3.965-2.176 4.238 0 5.02 2.792 5.02 6.42v7.395h-4.183v-6.56c0-1.564-.03-3.574-2.178-3.574-2.18 0-2.514 1.7-2.514 3.46v6.668h-4.187V12.61z\" fill=\"#fff\"><\/path><\/svg><\/span><\/a><a aria-label=\"Pinterest\" class=\"heateor_sss_button_pinterest\" href=\"https:\/\/www.lacostituzione.info\/index.php\/2018\/09\/28\/elezioni-suppletive\/\" onclick=\"event.preventDefault();javascript:void( (function() {var e=document.createElement('script' );e.setAttribute('type','text\/javascript' );e.setAttribute('charset','UTF-8' );e.setAttribute('src','\/\/assets.pinterest.com\/js\/pinmarklet.js?r='+Math.random()*99999999);document.body.appendChild(e)})());\" title=\"Pinterest\" rel=\"noopener\" style=\"font-size:32px!important;box-shadow:none;display:inline-block;vertical-align:middle\"><span class=\"heateor_sss_svg heateor_sss_s__default heateor_sss_s_pinterest\" style=\"background-color:#cc2329;width:35px;height:35px;display:inline-block;opacity:1;float:left;font-size:32px;box-shadow:none;display:inline-block;font-size:16px;padding:0 4px;vertical-align:middle;background-repeat:repeat;overflow:hidden;padding:0;cursor:pointer;box-sizing:content-box\"><svg style=\"display:block;\" focusable=\"false\" aria-hidden=\"true\" xmlns=\"http:\/\/www.w3.org\/2000\/svg\" width=\"100%\" height=\"100%\" viewBox=\"-2 -2 35 35\"><path fill=\"#fff\" d=\"M16.539 4.5c-6.277 0-9.442 4.5-9.442 8.253 0 2.272.86 4.293 2.705 5.046.303.125.574.005.662-.33.061-.231.205-.816.27-1.06.088-.331.053-.447-.191-.736-.532-.627-.873-1.439-.873-2.591 0-3.338 2.498-6.327 6.505-6.327 3.548 0 5.497 2.168 5.497 5.062 0 3.81-1.686 7.025-4.188 7.025-1.382 0-2.416-1.142-2.085-2.545.397-1.674 1.166-3.48 1.166-4.689 0-1.081-.581-1.983-1.782-1.983-1.413 0-2.548 1.462-2.548 3.419 0 1.247.421 2.091.421 2.091l-1.699 7.199c-.505 2.137-.076 4.755-.039 5.019.021.158.223.196.314.077.13-.17 1.813-2.247 2.384-4.324.162-.587.929-3.631.929-3.631.46.876 1.801 1.646 3.227 1.646 4.247 0 7.128-3.871 7.128-9.053.003-3.918-3.317-7.568-8.361-7.568z\"\/><\/svg><\/span><\/a><a aria-label=\"Whatsapp\" class=\"heateor_sss_whatsapp\" href=\"https:\/\/api.whatsapp.com\/send?text=Le%20dimissioni%20di%20Andrea%20Mura%20e%20il%20triste%20esordio%20delle%20elezioni%20suppletive%20https%3A%2F%2Fwww.lacostituzione.info%2Findex.php%2F2018%2F09%2F28%2Felezioni-suppletive%2F\" title=\"Whatsapp\" rel=\"nofollow noopener\" target=\"_blank\" style=\"font-size:32px!important;box-shadow:none;display:inline-block;vertical-align:middle\"><span class=\"heateor_sss_svg\" style=\"background-color:#55eb4c;width:35px;height:35px;display:inline-block;opacity:1;float:left;font-size:32px;box-shadow:none;display:inline-block;font-size:16px;padding:0 4px;vertical-align:middle;background-repeat:repeat;overflow:hidden;padding:0;cursor:pointer;box-sizing:content-box\"><svg style=\"display:block;\" focusable=\"false\" aria-hidden=\"true\" xmlns=\"http:\/\/www.w3.org\/2000\/svg\" width=\"100%\" height=\"100%\" viewBox=\"-6 -5 40 40\"><path class=\"heateor_sss_svg_stroke heateor_sss_no_fill\" stroke=\"#fff\" stroke-width=\"2\" fill=\"none\" d=\"M 11.579798566743314 24.396926207859085 A 10 10 0 1 0 6.808479557110079 20.73576436351046\"><\/path><path d=\"M 7 19 l -1 6 l 6 -1\" class=\"heateor_sss_no_fill heateor_sss_svg_stroke\" stroke=\"#fff\" stroke-width=\"2\" fill=\"none\"><\/path><path d=\"M 10 10 q -1 8 8 11 c 5 -1 0 -6 -1 -3 q -4 -3 -5 -5 c 4 -2 -1 -5 -1 -4\" fill=\"#fff\"><\/path><\/svg><\/span><\/a><\/div><div class=\"heateorSssClear\"><\/div><\/div><div class='heateorSssClear'><\/div>","protected":false},"author":1,"featured_media":0,"comment_status":"open","ping_status":"open","sticky":false,"template":"","format":"standard","meta":{"jetpack_post_was_ever_published":false,"_jetpack_newsletter_access":"","_jetpack_dont_email_post_to_subs":false,"_jetpack_newsletter_tier_id":0,"_jetpack_memberships_contains_paywalled_content":false,"_jetpack_memberships_contains_paid_content":false,"footnotes":"","jetpack_publicize_message":"","jetpack_publicize_feature_enabled":true,"jetpack_social_post_already_shared":true,"jetpack_social_options":{"image_generator_settings":{"template":"highway","default_image_id":0,"enabled":false},"version":2}},"categories":[4],"tags":[1325,1059,113],"class_list":["post-5801","post","type-post","status-publish","format-standard","hentry","category-attualita","tag-andrea-mura","tag-elezioni-suppletive","tag-parlamento"],"jetpack_publicize_connections":[],"jetpack_featured_media_url":"","jetpack_shortlink":"https:\/\/wp.me\/p84sDq-1vz","jetpack_likes_enabled":true,"jetpack_sharing_enabled":true,"_links":{"self":[{"href":"https:\/\/www.lacostituzione.info\/index.php\/wp-json\/wp\/v2\/posts\/5801","targetHints":{"allow":["GET"]}}],"collection":[{"href":"https:\/\/www.lacostituzione.info\/index.php\/wp-json\/wp\/v2\/posts"}],"about":[{"href":"https:\/\/www.lacostituzione.info\/index.php\/wp-json\/wp\/v2\/types\/post"}],"author":[{"embeddable":true,"href":"https:\/\/www.lacostituzione.info\/index.php\/wp-json\/wp\/v2\/users\/1"}],"replies":[{"embeddable":true,"href":"https:\/\/www.lacostituzione.info\/index.php\/wp-json\/wp\/v2\/comments?post=5801"}],"version-history":[{"count":0,"href":"https:\/\/www.lacostituzione.info\/index.php\/wp-json\/wp\/v2\/posts\/5801\/revisions"}],"wp:attachment":[{"href":"https:\/\/www.lacostituzione.info\/index.php\/wp-json\/wp\/v2\/media?parent=5801"}],"wp:term":[{"taxonomy":"category","embeddable":true,"href":"https:\/\/www.lacostituzione.info\/index.php\/wp-json\/wp\/v2\/categories?post=5801"},{"taxonomy":"post_tag","embeddable":true,"href":"https:\/\/www.lacostituzione.info\/index.php\/wp-json\/wp\/v2\/tags?post=5801"}],"curies":[{"name":"wp","href":"https:\/\/api.w.org\/{rel}","templated":true}]}}