{"id":5838,"date":"2018-10-09T11:00:16","date_gmt":"2018-10-09T09:00:16","guid":{"rendered":"http:\/\/www.lacostituzione.info\/?p=5838"},"modified":"2018-10-09T14:54:19","modified_gmt":"2018-10-09T12:54:19","slug":"ministro-savona","status":"publish","type":"post","link":"https:\/\/www.lacostituzione.info\/index.php\/2018\/10\/09\/ministro-savona\/","title":{"rendered":"Sorprese e strafalcioni del Ministro Savona"},"content":{"rendered":"<p>di <strong>Pietro Faraguna<a href=\"http:\/\/www.lacostituzione.info\/wp-content\/uploads\/2018\/10\/savona1.jpg\"><img loading=\"lazy\" decoding=\"async\" data-attachment-id=\"5839\" data-permalink=\"https:\/\/www.lacostituzione.info\/index.php\/2018\/10\/09\/ministro-savona\/savona1\/#main\" data-orig-file=\"https:\/\/www.lacostituzione.info\/wp-content\/uploads\/2018\/10\/savona1.jpg\" data-orig-size=\"718,630\" data-comments-opened=\"1\" data-image-meta=\"{&quot;aperture&quot;:&quot;0&quot;,&quot;credit&quot;:&quot;&quot;,&quot;camera&quot;:&quot;&quot;,&quot;caption&quot;:&quot;&quot;,&quot;created_timestamp&quot;:&quot;0&quot;,&quot;copyright&quot;:&quot;&quot;,&quot;focal_length&quot;:&quot;0&quot;,&quot;iso&quot;:&quot;0&quot;,&quot;shutter_speed&quot;:&quot;0&quot;,&quot;title&quot;:&quot;&quot;,&quot;orientation&quot;:&quot;0&quot;}\" data-image-title=\"savona1\" data-image-description=\"\" data-image-caption=\"\" data-medium-file=\"https:\/\/www.lacostituzione.info\/wp-content\/uploads\/2018\/10\/savona1-300x263.jpg\" data-large-file=\"https:\/\/www.lacostituzione.info\/wp-content\/uploads\/2018\/10\/savona1.jpg\" class=\"alignright size-thumbnail wp-image-5839\" src=\"http:\/\/www.lacostituzione.info\/wp-content\/uploads\/2018\/10\/savona1-150x150.jpg\" alt=\"\" width=\"150\" height=\"150\" \/><\/a><\/strong><\/p>\n<p>Che i rapporti tra Governo italiano e Unione europea non siano facili negli ultimi tempi \u00e8 cosa risaputa. I toni del dibattito politico sono sempre pi\u00f9 accesi, e assistiamo a un\u2019escalation di dichiarazioni pubbliche che sembra ben lontana dal trovare una tregua.<!--more--> Che tutto ci\u00f2 abbia un impatto straordinariamente significativo anche per gli assetti costituzionali interni dell\u2019Italia \u2013 delle cui dinamiche si \u00e8 soliti occuparsi in queste pagine \u2013 \u00e8 una questione acquisita ormai da molto tempo. Le costituzioni degli Stati membri dell\u2019Unione europea si sono trasformate \u2013 alcune anche testualmente, altre soltanto interpretativamente \u2013 sotto alla pressione della costruzione dell\u2019edificio europeo, del quale gli Stati membri sono colonne portanti, e l\u2019assetto costituzionale europeo comprende in s\u00e9 il diritto costituzionale degli Stati membri, tanto che si ragiona sempre pi\u00f9 spesso di costituzione composita europea.<\/p>\n<p>\u00c8 per questo stretto rapporto, potremmo dire bidirezionale, che intercorre tra diritto interno e diritto europeo che pu\u00f2 essere utile interessarsi ai nuovi sviluppi dei rapporti tra Italia e UE anche con lo spirito un po\u2019 distaccato e cinico del giurista. In questa prospettiva, quali sono le mosse istituzionali che il Governo sta adottando a Bruxelles? Per scoprirlo potrebbe essere utile scorrere il documento che \u00e8 stato inviato a Bruxelles lo scorso 7 settembre dal ministro per gli Affari europei, anche in esercizio di quella competenza direttamente attribuitagli nella delega come Ministro senza portafoglio \u00aba contribuire, d&#8217;intesa con i Ministri competenti, alla formulazione di proposte in materia di riforma dei trattati e del diritto europeo\u00bb (art. 1, co. 1, lett. e) del <a href=\"http:\/\/www.politicheeuropee.gov.it\/it\/ministro\/delega\/\">DPCM<\/a> di delega). Il documento (<a href=\"http:\/\/www.politicheeuropee.gov.it\/media\/4295\/per-uneuropa-piu-forte-e-piu-equa-2_versione-finale-impaginato.pdf\">qui<\/a> in full-text) \u00e8 intitolato \u201cUna <em>politeia<\/em> per un\u2019Europa diversa, pi\u00f9 forte e pi\u00f9 equa\u201d e contiene una proposta di riforma dell\u2019Unione europea. Il documento \u00e8 firmato dal Ministro per gli Affari europei, prof. Paolo Savona, ormai ben noto padre intellettuale di quel Piano B (quello cui l\u2019Italia avrebbe dovuto prepararsi in caso di uscita dall\u2019Euro) e protagonista di una \u201cmancata\u201d nomina al Ministero dell\u2019Economia nelle tortuose fasi di formazione dell\u2019attuale governo, seguite con attenzione anche in queste pagine (si rimanda qui ai commenti di <a href=\"http:\/\/www.lacostituzione.info\/index.php\/2018\/05\/27\/nomina-del-primo-ministro-e-nomina-dei-ministri-quali-sono-le-differenze\/\">Chessa<\/a>, <a href=\"http:\/\/www.lacostituzione.info\/index.php\/2018\/05\/29\/mattarella-e-il-veto-presidenziale-quando-la-costituzione-resta-in-silenzio\/\">Caruso<\/a>, <a href=\"http:\/\/www.lacostituzione.info\/index.php\/2018\/05\/29\/mattarella-non-poteva-ma-doveva-rifiutare-la-nomina\/\">Bin<\/a>, <a href=\"http:\/\/www.lacostituzione.info\/index.php\/2018\/05\/29\/le-ragioni-di-mattarella-nel-rifiutare-quella-nomina-ma-lo-ha-fatto-nella-sede-sbagliata\/\">Curreri,<\/a> <a href=\"http:\/\/www.lacostituzione.info\/index.php\/2018\/05\/31\/in-tema-di-nomina-dei-ministri-e-poteri-del-presidente-della-repubblica\/\">Gigliotti<\/a>, <a href=\"http:\/\/www.lacostituzione.info\/index.php\/2018\/05\/31\/perche-il-decreto-di-nomina-dei-ministri-proposti-dal-presidente-del-consiglio-incaricato-non-ha-natura-sostanzialmente-governativa\/\">Alberti<\/a>, <a href=\"http:\/\/www.lacostituzione.info\/index.php\/2018\/06\/10\/la-non-nomina-di-un-ministro-nellepoca-dei-social\/\">Trucco<\/a>, ancora <a href=\"http:\/\/www.lacostituzione.info\/index.php\/2018\/06\/14\/a-mente-fredda-i-poteri-del-presidente-della-repubblica-e-limportanza-delle-prassi\/\">Bin<\/a>). Come si ricorder\u00e0, al termine di quella turbolenta vicenda, a Via XX Settembre fin\u00ec per andarci Tria, mentre Savona fu nominato Ministro per gli Affari europei.<\/p>\n<p>Il documento, la cui natura istituzionale \u00e8 peraltro non ben definita, \u00e8 stato trasmesso dal Ministro Savona poche settimane fa a Bruxelles ed \u00e8 stato letto come una sorta di Piano A, in contrapposizione al famigerato Piano B, la cui riconducibilit\u00e0 a Savona stesso gli sarebbe costato proprio il ministero dell\u2019economia.<\/p>\n<p>Nel documento infatti si leggono posizioni piuttosto sorprendenti se si considera che reca in calce la firma di un Ministro del Governo Lega-M5S: non solo si riconosce l\u2019irreversibilit\u00e0 dell\u2019Euro, ma questo riconoscimento \u00e8 alla base delle proposte di riforma dell\u2019Unione europea: per \u00abrendere irreversibile l\u2019euro\u00bb si legge nel documento \u00ab\u00e8 necessaria una strategia alternativa (di second best) che, rinviando i pur necessari problemi riguardanti l\u2019integrazione dell\u2019architettura istituzionale dell\u2019Unione, si deve concentrare nell\u2019interpretazione degli accordi per attuare una politica monetaria e fiscale che consenta la convergenza delle condizioni di vita dei cittadini europei per rivitalizzare il consenso necessario per l\u2019Unione Europea e l\u2019euro\u00bb (pag. 8).<\/p>\n<p>Laddove non si accogliesse la prospettiva sposata dal documento, infatti, si legge nelle parole del Ministro stesso, \u00abl\u2019UE non sarebbe in condizione di invertire la tendenza alla perdita di consenso presso gli elettori, rischiando di arrivare alle elezioni europee del 2019 nella situazione in cui si \u00e8 trovata l\u2019Italia con le elezioni del 4 marzo, inducendo i votanti a negare l\u2019utilit\u00e0 di procedere verso l\u2019unione politica\u00bb (pag. 9.). In sostanza, il documento firmato da un Ministro del Governo italiano ha come obiettivo quello di evitare il RISCHIO (sic!) che l\u2019Unione europea si ritrovi nelle condizioni politiche che hanno portato ai risultati elettorali del 4 marzo, e alla formazione del successivo governo, del quale l\u2019autore del documento \u00e8 Ministro.<\/p>\n<p>Ma c\u2019\u00e8 molto altro di cui meravigliarsi: si legge infatti che \u00abi molti canali che inducono una minore crescita del reddito e dell\u2019occupazione, spingono i paesi chiudersi in un\u2019assurda difesa della sovranit\u00e0 nazionale nella speranza che questa sia la soluzione, come accaduto per la Brexit\u00bb (pag. 15): immaginiamo lo stupore che avr\u00e0 provato uno dei vice-ministri a leggere questa frase in un documento firmato da un suo collega di governo (e non ci riferiamo allo stupore, anche quello giustificato, di leggere una virgola tra soggetto e verbo in un documento ufficiale di un Ministro).<\/p>\n<p>Ma al di l\u00e0 dei motivi di stupore politico, la lettura del documento suscita alcuni motivi di imbarazzo nel lettore per via di veri e propri strafalcioni di grammatica delle istituzioni. A un certo punto si legge, incredibilmente, che l\u2019Italia \u00abrecep\u00ec anche la direttiva di <em>fiscal compact<\/em>\u00bb (pag. 4): basta leggersi un qualsiasi manuale di diritto dell\u2019Unione europea \u2013 non necessariamente nella sua ultima edizione \u2013 per sapere che il <em>fiscal compact <\/em>non solo non \u00e8 una direttiva, ma non \u00e8 neppure uno strumento di diritto dell\u2019Unione europea, bens\u00ec un Trattato internazionale.<\/p>\n<p>In altro punto ci si lamenta del fatto che nell\u2019UE \u00abil Parlamento \u00e8 privo di iniziativa legislativa e opera da co-legislatore del Consiglio dei Capi di Stato e di Governo\u00bb (pag. 7), senza nemmeno azzeccare il nome delle Istituzioni il cui funzionamento il documento stesso ambisce a riformare. In altro punto del documento (pag. 3), gli Stati membri diventano 27, anticipando gli esiti di una <em>Brexit <\/em>la cui strada \u00e8 decisamente travagliata. Ancora altrove, si individuano gli strumenti per raggiungere gli obiettivi fondamentali dell\u2019Unione nell\u2019elenco riportato da un (inesistente) articolo 3ter del Trattato sull\u2019Unione europea (pag. 6).<\/p>\n<p>Sar\u00e0 che nel manuale del politico populista lo strafalcione \u00e8 uno strumento retorico per allontanarsi dal temibile destino di essere inclusi nell\u2019\u00e9lite?<\/p>\n","protected":false},"excerpt":{"rendered":"<p>di Pietro Faraguna Che i rapporti tra Governo italiano e Unione europea non siano facili negli ultimi tempi \u00e8 cosa risaputa. I toni del dibattito politico sono sempre pi\u00f9 accesi, e assistiamo a un\u2019escalation di dichiarazioni pubbliche che sembra ben lontana dal trovare una tregua.<\/p>\n<div class='heateorSssClear'><\/div><div  class='heateor_sss_sharing_container heateor_sss_horizontal_sharing' data-heateor-sss-href='https:\/\/www.lacostituzione.info\/index.php\/2018\/10\/09\/ministro-savona\/'><div class='heateor_sss_sharing_title' style=\"font-weight:bold\" >Condividi!<\/div><div class=\"heateor_sss_sharing_ul\"><a aria-label=\"Facebook\" class=\"heateor_sss_facebook\" href=\"https:\/\/www.facebook.com\/sharer\/sharer.php?u=https%3A%2F%2Fwww.lacostituzione.info%2Findex.php%2F2018%2F10%2F09%2Fministro-savona%2F\" title=\"Facebook\" rel=\"nofollow noopener\" target=\"_blank\" style=\"font-size:32px!important;box-shadow:none;display:inline-block;vertical-align:middle\"><span class=\"heateor_sss_svg\" style=\"background-color:#0765FE;width:35px;height:35px;display:inline-block;opacity:1;float:left;font-size:32px;box-shadow:none;display:inline-block;font-size:16px;padding:0 4px;vertical-align:middle;background-repeat:repeat;overflow:hidden;padding:0;cursor:pointer;box-sizing:content-box\"><svg style=\"display:block;\" focusable=\"false\" aria-hidden=\"true\" xmlns=\"http:\/\/www.w3.org\/2000\/svg\" width=\"100%\" height=\"100%\" viewBox=\"0 0 32 32\"><path fill=\"#fff\" d=\"M28 16c0-6.627-5.373-12-12-12S4 9.373 4 16c0 5.628 3.875 10.35 9.101 11.647v-7.98h-2.474V16H13.1v-1.58c0-4.085 1.849-5.978 5.859-5.978.76 0 2.072.15 2.608.298v3.325c-.283-.03-.775-.045-1.386-.045-1.967 0-2.728.745-2.728 2.683V16h3.92l-.673 3.667h-3.247v8.245C23.395 27.195 28 22.135 28 16Z\"><\/path><\/svg><\/span><\/a><a aria-label=\"Twitter\" class=\"heateor_sss_button_twitter\" href=\"https:\/\/twitter.com\/intent\/tweet?text=Sorprese%20e%20strafalcioni%20del%20Ministro%20Savona&url=https%3A%2F%2Fwww.lacostituzione.info%2Findex.php%2F2018%2F10%2F09%2Fministro-savona%2F\" title=\"Twitter\" rel=\"nofollow noopener\" target=\"_blank\" style=\"font-size:32px!important;box-shadow:none;display:inline-block;vertical-align:middle\"><span class=\"heateor_sss_svg heateor_sss_s__default heateor_sss_s_twitter\" style=\"background-color:#55acee;width:35px;height:35px;display:inline-block;opacity:1;float:left;font-size:32px;box-shadow:none;display:inline-block;font-size:16px;padding:0 4px;vertical-align:middle;background-repeat:repeat;overflow:hidden;padding:0;cursor:pointer;box-sizing:content-box\"><svg style=\"display:block;\" focusable=\"false\" aria-hidden=\"true\" xmlns=\"http:\/\/www.w3.org\/2000\/svg\" width=\"100%\" height=\"100%\" viewBox=\"-4 -4 39 39\"><path d=\"M28 8.557a9.913 9.913 0 0 1-2.828.775 4.93 4.93 0 0 0 2.166-2.725 9.738 9.738 0 0 1-3.13 1.194 4.92 4.92 0 0 0-3.593-1.55 4.924 4.924 0 0 0-4.794 6.049c-4.09-.21-7.72-2.17-10.15-5.15a4.942 4.942 0 0 0-.665 2.477c0 1.71.87 3.214 2.19 4.1a4.968 4.968 0 0 1-2.23-.616v.06c0 2.39 1.7 4.38 3.952 4.83-.414.115-.85.174-1.297.174-.318 0-.626-.03-.928-.086a4.935 4.935 0 0 0 4.6 3.42 9.893 9.893 0 0 1-6.114 2.107c-.398 0-.79-.023-1.175-.068a13.953 13.953 0 0 0 7.55 2.213c9.056 0 14.01-7.507 14.01-14.013 0-.213-.005-.426-.015-.637.96-.695 1.795-1.56 2.455-2.55z\" fill=\"#fff\"><\/path><\/svg><\/span><\/a><a aria-label=\"Reddit\" class=\"heateor_sss_button_reddit\" href=\"https:\/\/reddit.com\/submit?url=https%3A%2F%2Fwww.lacostituzione.info%2Findex.php%2F2018%2F10%2F09%2Fministro-savona%2F&title=Sorprese%20e%20strafalcioni%20del%20Ministro%20Savona\" title=\"Reddit\" rel=\"nofollow noopener\" target=\"_blank\" style=\"font-size:32px!important;box-shadow:none;display:inline-block;vertical-align:middle\"><span class=\"heateor_sss_svg heateor_sss_s__default heateor_sss_s_reddit\" style=\"background-color:#ff5700;width:35px;height:35px;display:inline-block;opacity:1;float:left;font-size:32px;box-shadow:none;display:inline-block;font-size:16px;padding:0 4px;vertical-align:middle;background-repeat:repeat;overflow:hidden;padding:0;cursor:pointer;box-sizing:content-box\"><svg style=\"display:block;\" focusable=\"false\" aria-hidden=\"true\" xmlns=\"http:\/\/www.w3.org\/2000\/svg\" width=\"100%\" height=\"100%\" viewBox=\"-3.5 -3.5 39 39\"><path d=\"M28.543 15.774a2.953 2.953 0 0 0-2.951-2.949 2.882 2.882 0 0 0-1.9.713 14.075 14.075 0 0 0-6.85-2.044l1.38-4.349 3.768.884a2.452 2.452 0 1 0 .24-1.176l-4.274-1a.6.6 0 0 0-.709.4l-1.659 5.224a14.314 14.314 0 0 0-7.316 2.029 2.908 2.908 0 0 0-1.872-.681 2.942 2.942 0 0 0-1.618 5.4 5.109 5.109 0 0 0-.062.765c0 4.158 5.037 7.541 11.229 7.541s11.22-3.383 11.22-7.541a5.2 5.2 0 0 0-.053-.706 2.963 2.963 0 0 0 1.427-2.51zm-18.008 1.88a1.753 1.753 0 0 1 1.73-1.74 1.73 1.73 0 0 1 1.709 1.74 1.709 1.709 0 0 1-1.709 1.711 1.733 1.733 0 0 1-1.73-1.711zm9.565 4.968a5.573 5.573 0 0 1-4.081 1.272h-.032a5.576 5.576 0 0 1-4.087-1.272.6.6 0 0 1 .844-.854 4.5 4.5 0 0 0 3.238.927h.032a4.5 4.5 0 0 0 3.237-.927.6.6 0 1 1 .844.854zm-.331-3.256a1.726 1.726 0 1 1 1.709-1.712 1.717 1.717 0 0 1-1.712 1.712z\" fill=\"#fff\"\/><\/svg><\/span><\/a><a aria-label=\"Linkedin\" class=\"heateor_sss_button_linkedin\" href=\"https:\/\/www.linkedin.com\/sharing\/share-offsite\/?url=https%3A%2F%2Fwww.lacostituzione.info%2Findex.php%2F2018%2F10%2F09%2Fministro-savona%2F\" title=\"Linkedin\" rel=\"nofollow noopener\" target=\"_blank\" style=\"font-size:32px!important;box-shadow:none;display:inline-block;vertical-align:middle\"><span class=\"heateor_sss_svg heateor_sss_s__default heateor_sss_s_linkedin\" style=\"background-color:#0077b5;width:35px;height:35px;display:inline-block;opacity:1;float:left;font-size:32px;box-shadow:none;display:inline-block;font-size:16px;padding:0 4px;vertical-align:middle;background-repeat:repeat;overflow:hidden;padding:0;cursor:pointer;box-sizing:content-box\"><svg style=\"display:block;\" focusable=\"false\" aria-hidden=\"true\" xmlns=\"http:\/\/www.w3.org\/2000\/svg\" width=\"100%\" height=\"100%\" viewBox=\"0 0 32 32\"><path d=\"M6.227 12.61h4.19v13.48h-4.19V12.61zm2.095-6.7a2.43 2.43 0 0 1 0 4.86c-1.344 0-2.428-1.09-2.428-2.43s1.084-2.43 2.428-2.43m4.72 6.7h4.02v1.84h.058c.56-1.058 1.927-2.176 3.965-2.176 4.238 0 5.02 2.792 5.02 6.42v7.395h-4.183v-6.56c0-1.564-.03-3.574-2.178-3.574-2.18 0-2.514 1.7-2.514 3.46v6.668h-4.187V12.61z\" fill=\"#fff\"><\/path><\/svg><\/span><\/a><a aria-label=\"Pinterest\" class=\"heateor_sss_button_pinterest\" href=\"https:\/\/www.lacostituzione.info\/index.php\/2018\/10\/09\/ministro-savona\/\" onclick=\"event.preventDefault();javascript:void( (function() {var e=document.createElement('script' );e.setAttribute('type','text\/javascript' );e.setAttribute('charset','UTF-8' );e.setAttribute('src','\/\/assets.pinterest.com\/js\/pinmarklet.js?r='+Math.random()*99999999);document.body.appendChild(e)})());\" title=\"Pinterest\" rel=\"noopener\" style=\"font-size:32px!important;box-shadow:none;display:inline-block;vertical-align:middle\"><span class=\"heateor_sss_svg heateor_sss_s__default heateor_sss_s_pinterest\" style=\"background-color:#cc2329;width:35px;height:35px;display:inline-block;opacity:1;float:left;font-size:32px;box-shadow:none;display:inline-block;font-size:16px;padding:0 4px;vertical-align:middle;background-repeat:repeat;overflow:hidden;padding:0;cursor:pointer;box-sizing:content-box\"><svg style=\"display:block;\" focusable=\"false\" aria-hidden=\"true\" xmlns=\"http:\/\/www.w3.org\/2000\/svg\" width=\"100%\" height=\"100%\" viewBox=\"-2 -2 35 35\"><path fill=\"#fff\" d=\"M16.539 4.5c-6.277 0-9.442 4.5-9.442 8.253 0 2.272.86 4.293 2.705 5.046.303.125.574.005.662-.33.061-.231.205-.816.27-1.06.088-.331.053-.447-.191-.736-.532-.627-.873-1.439-.873-2.591 0-3.338 2.498-6.327 6.505-6.327 3.548 0 5.497 2.168 5.497 5.062 0 3.81-1.686 7.025-4.188 7.025-1.382 0-2.416-1.142-2.085-2.545.397-1.674 1.166-3.48 1.166-4.689 0-1.081-.581-1.983-1.782-1.983-1.413 0-2.548 1.462-2.548 3.419 0 1.247.421 2.091.421 2.091l-1.699 7.199c-.505 2.137-.076 4.755-.039 5.019.021.158.223.196.314.077.13-.17 1.813-2.247 2.384-4.324.162-.587.929-3.631.929-3.631.46.876 1.801 1.646 3.227 1.646 4.247 0 7.128-3.871 7.128-9.053.003-3.918-3.317-7.568-8.361-7.568z\"\/><\/svg><\/span><\/a><a aria-label=\"Whatsapp\" class=\"heateor_sss_whatsapp\" href=\"https:\/\/api.whatsapp.com\/send?text=Sorprese%20e%20strafalcioni%20del%20Ministro%20Savona%20https%3A%2F%2Fwww.lacostituzione.info%2Findex.php%2F2018%2F10%2F09%2Fministro-savona%2F\" title=\"Whatsapp\" rel=\"nofollow noopener\" target=\"_blank\" style=\"font-size:32px!important;box-shadow:none;display:inline-block;vertical-align:middle\"><span class=\"heateor_sss_svg\" style=\"background-color:#55eb4c;width:35px;height:35px;display:inline-block;opacity:1;float:left;font-size:32px;box-shadow:none;display:inline-block;font-size:16px;padding:0 4px;vertical-align:middle;background-repeat:repeat;overflow:hidden;padding:0;cursor:pointer;box-sizing:content-box\"><svg style=\"display:block;\" focusable=\"false\" aria-hidden=\"true\" xmlns=\"http:\/\/www.w3.org\/2000\/svg\" width=\"100%\" height=\"100%\" viewBox=\"-6 -5 40 40\"><path class=\"heateor_sss_svg_stroke heateor_sss_no_fill\" stroke=\"#fff\" stroke-width=\"2\" fill=\"none\" d=\"M 11.579798566743314 24.396926207859085 A 10 10 0 1 0 6.808479557110079 20.73576436351046\"><\/path><path d=\"M 7 19 l -1 6 l 6 -1\" class=\"heateor_sss_no_fill heateor_sss_svg_stroke\" stroke=\"#fff\" stroke-width=\"2\" fill=\"none\"><\/path><path d=\"M 10 10 q -1 8 8 11 c 5 -1 0 -6 -1 -3 q -4 -3 -5 -5 c 4 -2 -1 -5 -1 -4\" fill=\"#fff\"><\/path><\/svg><\/span><\/a><\/div><div class=\"heateorSssClear\"><\/div><\/div><div class='heateorSssClear'><\/div>","protected":false},"author":14,"featured_media":0,"comment_status":"open","ping_status":"open","sticky":false,"template":"","format":"standard","meta":{"jetpack_post_was_ever_published":false,"_jetpack_newsletter_access":"","_jetpack_dont_email_post_to_subs":false,"_jetpack_newsletter_tier_id":0,"_jetpack_memberships_contains_paywalled_content":false,"_jetpack_memberships_contains_paid_content":false,"footnotes":"","jetpack_publicize_message":"","jetpack_publicize_feature_enabled":true,"jetpack_social_post_already_shared":true,"jetpack_social_options":{"image_generator_settings":{"template":"highway","default_image_id":0,"enabled":false},"version":2}},"categories":[4],"tags":[182,181,1330,94],"class_list":["post-5838","post","type-post","status-publish","format-standard","hentry","category-attualita","tag-euro","tag-italexit","tag-savona","tag-unione-europea"],"jetpack_publicize_connections":[],"jetpack_featured_media_url":"","jetpack_shortlink":"https:\/\/wp.me\/p84sDq-1wa","jetpack_likes_enabled":true,"jetpack_sharing_enabled":true,"_links":{"self":[{"href":"https:\/\/www.lacostituzione.info\/index.php\/wp-json\/wp\/v2\/posts\/5838","targetHints":{"allow":["GET"]}}],"collection":[{"href":"https:\/\/www.lacostituzione.info\/index.php\/wp-json\/wp\/v2\/posts"}],"about":[{"href":"https:\/\/www.lacostituzione.info\/index.php\/wp-json\/wp\/v2\/types\/post"}],"author":[{"embeddable":true,"href":"https:\/\/www.lacostituzione.info\/index.php\/wp-json\/wp\/v2\/users\/14"}],"replies":[{"embeddable":true,"href":"https:\/\/www.lacostituzione.info\/index.php\/wp-json\/wp\/v2\/comments?post=5838"}],"version-history":[{"count":0,"href":"https:\/\/www.lacostituzione.info\/index.php\/wp-json\/wp\/v2\/posts\/5838\/revisions"}],"wp:attachment":[{"href":"https:\/\/www.lacostituzione.info\/index.php\/wp-json\/wp\/v2\/media?parent=5838"}],"wp:term":[{"taxonomy":"category","embeddable":true,"href":"https:\/\/www.lacostituzione.info\/index.php\/wp-json\/wp\/v2\/categories?post=5838"},{"taxonomy":"post_tag","embeddable":true,"href":"https:\/\/www.lacostituzione.info\/index.php\/wp-json\/wp\/v2\/tags?post=5838"}],"curies":[{"name":"wp","href":"https:\/\/api.w.org\/{rel}","templated":true}]}}