{"id":5903,"date":"2018-11-11T20:37:19","date_gmt":"2018-11-11T19:37:19","guid":{"rendered":"http:\/\/www.lacostituzione.info\/?p=5903"},"modified":"2018-11-12T00:41:52","modified_gmt":"2018-11-11T23:41:52","slug":"controversie-spaziali-lo-spoils-system-ai-danni-del-presidente-dellagenzia-spaziale-italiana","status":"publish","type":"post","link":"https:\/\/www.lacostituzione.info\/index.php\/2018\/11\/11\/controversie-spaziali-lo-spoils-system-ai-danni-del-presidente-dellagenzia-spaziale-italiana\/","title":{"rendered":"Controversie spaziali: lo spoils system ai danni del Presidente dell&#8217;Agenzia Spaziale Italiana"},"content":{"rendered":"<p><a href=\"http:\/\/www.lacostituzione.info\/wp-content\/uploads\/2018\/11\/ASI.jpg\"><img loading=\"lazy\" decoding=\"async\" data-attachment-id=\"5904\" data-permalink=\"https:\/\/www.lacostituzione.info\/index.php\/2018\/11\/11\/controversie-spaziali-lo-spoils-system-ai-danni-del-presidente-dellagenzia-spaziale-italiana\/asi\/#main\" data-orig-file=\"https:\/\/www.lacostituzione.info\/wp-content\/uploads\/2018\/11\/ASI.jpg\" data-orig-size=\"1050,590\" data-comments-opened=\"1\" data-image-meta=\"{&quot;aperture&quot;:&quot;0&quot;,&quot;credit&quot;:&quot;&quot;,&quot;camera&quot;:&quot;&quot;,&quot;caption&quot;:&quot;&quot;,&quot;created_timestamp&quot;:&quot;0&quot;,&quot;copyright&quot;:&quot;&quot;,&quot;focal_length&quot;:&quot;0&quot;,&quot;iso&quot;:&quot;0&quot;,&quot;shutter_speed&quot;:&quot;0&quot;,&quot;title&quot;:&quot;&quot;,&quot;orientation&quot;:&quot;0&quot;}\" data-image-title=\"ASI\" data-image-description=\"\" data-image-caption=\"\" data-medium-file=\"https:\/\/www.lacostituzione.info\/wp-content\/uploads\/2018\/11\/ASI-300x169.jpg\" data-large-file=\"https:\/\/www.lacostituzione.info\/wp-content\/uploads\/2018\/11\/ASI-1024x575.jpg\" class=\"alignleft size-thumbnail wp-image-5904\" src=\"http:\/\/www.lacostituzione.info\/wp-content\/uploads\/2018\/11\/ASI-150x150.jpg\" alt=\"\" width=\"150\" height=\"150\" \/><\/a>di <strong>Alessandro Lauro<\/strong><\/p>\n<p>Ha fatto scalpore la recente decisione del Ministro dell&#8217;Istruzione, dell&#8217;universit\u00e0 e della ricerca Marco Bussetti di revocare la nomina di Roberto Battiston alla presidenza dell&#8217;Agenzia Spaziale Italiana.<!--more-->Ci\u00f2 tanto pi\u00f9 che \u2013 secondo l&#8217;interessato \u2013 si tratterebbe del primo caso di <a href=\"https:\/\/www.corriere.it\/politica\/18_novembre_06\/battiston-rimosso-presidente-dell-agenzia-spaziale-italiana-con-me-primo-spoil-system-un-ente-ricerca-1d26e73e-e1b6-11e8-9522-64e616a61d3d.shtml\">spoils system in un ente di ricerca<\/a>. L&#8217;evento ha suscitato ancora maggiore attenzione dacch\u00e9 il revocato Presidente\u00a0 \u00e8 stato ricevuto al Quirinale dal Capo dello Stato, per un colloquio che \u00e8 stata l&#8217;occasione \u2013 stando al <em><a href=\"https:\/\/www.repubblica.it\/scienze\/2018\/11\/09\/news\/mattarella_riceve_battiston_al_quirinale-211209972\/\">tweet di Battiston<\/a><\/em> &#8211; \u201cper una riflessione sull\u2019indipendenza, l\u2019autonomia e l\u2019autorevolezza della ricerca scientifica\u201d.<\/p>\n<p>Sono molti i profili di interesse che saltano all&#8217;occhio dell&#8217;appassionato di diritto pubblico; non \u00e8 per\u00f2 semplice sbrogliare i vari nodi giuridici che di volta in volta si presentano nella vicenda, dovuti anche ad una non ordinata stratificazione normativa che molto recentemente ha visto intervenire la legge 11 gennaio 2018 n. 7 (\u201cMisure per il coordinamento della politica spaziale ed aerospaziale\u201d) ed anche il Decreto legge 12 luglio 2018 n. 86, sul riordino delle attribuzioni dei Ministeri.<\/p>\n<p>Quindi, andando con ordine, conviene innanzitutto partire dallo statuto giuridico dell&#8217;ASI e del suo presidente.<\/p>\n<ol>\n<li><strong><em> Il quadro normativo<\/em><\/strong><\/li>\n<\/ol>\n<p>Ai sensi dell&#8217;art. 2 D.Lgs. 4 giugno 2003 n. 128, l&#8217;ASI \u00e8 un ente pubblico nazionale, con personalit\u00e0 giuridica di diritto pubblico ed \u201c<em>autonomia scientifica, finanziaria, patrimoniale e contabile<\/em>\u201d, avente il compito \u201c<em>di promuovere, sviluppare e diffondere, attraverso attivit\u00e0 di agenzia, la ricerca scientifica e tecnologica applicata al campo spaziale e aerospaziale\u2026perseguendo obiettivi di eccellenza, coordinando e gestendo i progetti nazionali e la partecipazione italiana a progetti europei ed internazionali\u201d. <\/em>Il tutto, si badi, \u201c<em>in conformit\u00e0 con gli indirizzi del Governo come promossi dal Comitato interministeriale per le politiche relative allo spazio e alla ricerca aerospaziale<\/em>\u201d.<\/p>\n<p>Ai sensi dell&#8217;art. 2 del D. Lgs. 31 dicembre 2009 n. 213 sulla riorganizzazione degli enti di ricerca, all&#8217;ASI \u00e8 attribuita autonomia statutaria ai sensi dell&#8217;art. 33, comma sesto della Costituzione, in quanto ente di ricerca e dunque \u201cistituzione di alta cultura\u201d.<\/p>\n<p>Veniamo ora al suo presidente.<\/p>\n<p>Sulla nomina gi\u00e0 si pu\u00f2 vedere una mancanza di coordinamento legislativo. Il D.Lgs. 128\/2003 \u2013 modificato da ultimo dalla legge 7\/2018 \u2013 rinvia alla procedura prevista all&#8217;art. 6, comma 2 del D.Lgs. 204\/1998. Questa norma (che prevedeva la nomina con Decreto del Presidente del Consiglio, su proposta del Ministro competente e sentiti il Consiglio dei Ministri e le Commissioni parlamentari) \u00e8 in realt\u00e0 stata abrogata nel 2010. Fortunatamente non si pone la questione se il rinvio fosse un rinvio statico o dinamico (anche se la formulazione fa propendere pi\u00f9 per un&#8217;incorporazione delle procedure previste dalla norma del 1998 nel testo del 2003), poich\u00e9, per un criterio di successione delle leggi nel tempo, va considerata la procedura disegnata dal D.Lgs. 213\/2009.<\/p>\n<p>Oggi, infine, la legge prevede che la nomina del Consiglio d&#8217;Amministrazione dell&#8217;Asi (dunque Presidente e altri quattro membri) sia fatta con decreto del Ministro dell&#8217;istruzione per quattro anni rinnovabili, ferma la designazione di due consiglieri da parte, rispettivamente, del Ministro dell&#8217;Economia e del Ministro degli Esteri (art. 9). La nomina \u00e8 fatta fra una rosa di candidati, selezionati da un Comitato di esperti in base agli indirizzi espressi dal Ministro (art. 11), sentito sentito il Comitato interministeriale per le politiche relative allo spazio e alla ricerca aerospaziale (parere inserito dalla legge del 2018). Restano per\u00f2 fermi i criteri contenuti nel d.l.gs. 128\/2003, peraltro integrati dalla legge 7\/2018, e dunque il Presidente deve essere scelto \u201c<em>tra persone di riconosciuta onorabilit\u00e0 e di alta qualificazione scientifica e manageriale, con una profonda conoscenza del sistema della ricerca in Italia e all&#8217;estero e con pluriennale esperienza nella gestione di enti o organismi pubblici o privati, operanti nel settore della ricerca<\/em>\u201d. I decreti di nomina devono poi essere comunicati al Parlamento.<\/p>\n<p>Fra le varie attribuzioni del Presidente dobbiamo menzionarne due di particolare rilievo, una delle quali recentemente dimensionata.<\/p>\n<p>La prima (art. 6, lett. E del d.lgs. 128\/2003) \u00e8 la partecipazione ai lavori del consiglio dell&#8217;Agenzia spaziale europea in rappresentanza del Governo italiano. La seconda era, fino al 12 luglio 2018, la partecipazione al Comitato interministeriale per le politiche relative allo spazio e alla ricerca aerospaziale. Il decreto-legge sulla riorganizzazione dei ministeri, andando a modificare le varie dizioni dei ministeri presenti nell&#8217;art. 21 del d.lgs. 128 si \u00e8 occupato anche di \u201cdegradare\u201d (lasciando da parte i dubbi sulla pertinenza dell&#8217;intervento normativo, nel quadro dell&#8217;urgenza del decreto-legge e della sua omogeneit\u00e0) la partecipazione del Presidente dell&#8217;ASI, che pu\u00f2 essere invitato alle riunioni del Comitato, senza diritto di voto, \u201c<em>con funzioni di alta consulenza tecnico-scientifica<\/em>\u201d.<\/p>\n<p>Nel delineare il quadro normativo, non possiamo tralasciare la norma all&#8217;origine della vicenda: l&#8217;art. 6 della legge 15 luglio 2002 n. 145 (la cd. \u201clegge Frattini\u201d), che codifica per l&#8217;appunto il meccanismo dello <em>spoils system.<\/em> Esso conferisce al Governo il potere di revocare, confermare, modificare o rinnovare le nomine ai vertici (per quel che qui interessa) di enti pubblici ed agenzie, a patto che tali nomine siano state compiute nei \u201c<em>sei mesi antecedenti la scadenza naturale della legislatura<\/em>\u201d o \u201c<em>nel mese antecedente lo scioglimento anticipato di entrambe le Camere<\/em>\u201d. La decisione del nuovo Governo deve intervenire entro sei mesi dall&#8217;investitura fiduciaria da parte del parlamento.<\/p>\n<ol start=\"2\">\n<li><strong><em> Il problema della conferma di Battiston nel maggio 2018<\/em><\/strong><\/li>\n<\/ol>\n<p><strong><em>\u00a0<\/em><\/strong>Identificate le norme di interesse, vanno ora confrontate con i fatti storici verificatisi. Il problema \u00e8 che la conferma del presidente Battiston (nominato per il primo mandato dal ministro Giannini nel 2014) \u00e8 arrivata il 9 maggio 2018, come si legge nel <a href=\"http:\/\/www.miur.gov.it\/web\/guest\/-\/asi-il-professor-roberto-battiston-confermato-presidente\">Comunicato stampa<\/a> rilasciato dal MIUR, sebbene la procedura fosse iniziata con la nomina del Comitato (con d.m. del 10 novembre 2017), l&#8217;avviso pubblico fosse stato pubblicato il 1 febbraio 2018 e i lavori del comitato si fossero conclusi il 18 aprile.<\/p>\n<p>Non dimentichiamo che le Camere sono state sciolte dal Presidente Mattarella il 28 dicembre 2017, che le elezioni si sono svolte il 4 marzo 2018, la XVIII legislatura ha debuttato il 23 marzo successivo e il governo Conte ha giurato il 1 giugno 2018.<\/p>\n<p>Ora, il confronto fra le due tempistiche rende forse meno sorprendente la scelta del Ministro Bussetti, al di l\u00e0 di eventuali irregolarit\u00e0 formali della nomina che sarebbero state rinvenute dal Collegio dei revisori dell&#8217;ASI, come riportato da <a href=\"https:\/\/www.ilfattoquotidiano.it\/2018\/11\/06\/asi-a-16-giorni-dalla-nomina-i-revisori-dei-conti-sconfessano-la-conferma-di-battiston-e-del-suo-direttore-generale\/4747246\/\">alcuni organi di stampa<\/a>.<\/p>\n<p>A volere essere precisi, la nomina \u00e8 stata adottata dal ministro di un Governo incaricato dell&#8217;ordinaria amministrazione, certo non sfiduciato dalle Camere precedenti (ma \u00e8 lecito domandarsi sino a che punto esistano reali differenze, una volta sciolte le Camere), ma che, citando la dichiarazione del 7 maggio 2018 del Presidente Mattarella \u201c[aveva] esaurito la sua funzione e non [poteva] ulteriormente essere prorogato in quanto espresso, nel Parlamento precedente, da una maggioranza parlamentare che non c'[era] pi\u00f9\u201d.<\/p>\n<p>La nomina \u00e8 arrivata, peraltro, in un arco temporale che la legge Frattini, curiosamente, non prende nemmeno in considerazione: si parla infatti del semestre precedente alla scadenza naturale della legislatura, computata dalla prima riunione delle nuove Camere oppure del mese precedente allo scioglimento anticipato. Nulla si dice circa il periodo necessario alla formazione del nuovo esecutivo.<\/p>\n<p>Ci\u00f2 si spiega probabilmente con due ragioni.<\/p>\n<p>La prima, pi\u00f9 maliziosa, \u00e8 che nel 2002 \u2013 nel pieno della cd. \u201cdemocrazia maggioritaria\u201d &#8211; non si prendeva nemmeno in considerazione che esistesse un significativo lasso di tempo fra insediamento delle Camere e formazione del Governo (ricordiamo il ritornello dei \u201cGoverni conosciuti la sera stessa delle elezioni\u201d).<\/p>\n<p>La seconda, dotata di una sua logica, \u00e8 che il Governo, trovandosi in carica per il disbrigo degli affari correnti causa scioglimento delle Camere, non dovrebbe procedere a nomine dei vertici di enti pubblici, attivit\u00e0 che, in fin dei conti, esula dall&#8217;ordinaria amministrazione.<\/p>\n<p>Questa circostanza non incide sulla validit\u00e0 della revoca, dal momento che deve allora considerarsi esistente un \u201cpotere implicito\u201d del Governo di revocare, <em>a fortiori,<\/em> le nomine intercorse nel periodo successivo a quello indicato dalla legge e comunque prima dell&#8217;insediamento del Gabinetto fiduciato dal nuovo Parlamento.<\/p>\n<ol start=\"3\">\n<li><strong><em> Unit\u00e0 di indirizzo politico vs. libert\u00e0 della scienza<\/em><\/strong><\/li>\n<\/ol>\n<p>Da ultimo, arriviamo al punto dolente: \u00e8 legittimo lo <em>spoils system<\/em> nell&#8217;ambito degli enti di ricerca? \u00c8 un po&#8217; questo il n\u00f2cciolo della questione, che si intravede anche nelle esternazioni del protagonista della vicenda.<\/p>\n<p>\u00c8 innegabile che, a primo acchito, una simile applicazione sembra stridere con l&#8217;art. 33, primo comma Cost. che predica la libert\u00e0 delle scienze e del loro insegnamento, la quale a sua volta giustifica, al comma sesto, l&#8217;esistenza di ordinamenti autonomi delle istituzioni che di scienza e di cultura si occupino.<\/p>\n<p>Mettendo in disparte il fatto che l&#8217;autonomia di questi ordinamenti sussiste \u201c<em>nei limiti stabiliti dalle leggi dello Stato<\/em>\u201d, la risposta non pu\u00f2 per\u00f2 essere frettolosa.<\/p>\n<p>La Corte Costituzionale ha ormai consolidato una giurisprudenza in materia (si veda da ultimo la sentenza n. 52\/2017) che riconosce nell&#8217;apicalit\u00e0 dell&#8217;incarico e nella fiduciariet\u00e0 dello stesso i due criteri che legittimano l&#8217;applicazione dello <em>spoils system<\/em>, in relazione al parametro dell&#8217;art. 97 Cost.<\/p>\n<p>La Corte ritiene inoltre che la natura tecnica dell&#8217;incarico (cio\u00e8 \u201c<em>l&#8217;esercizio di funzioni tecniche di attuazione dell&#8217;indirizzo politico<\/em>\u201d si legge nella sent. 52\/2017) impedisca l&#8217;applicazione della revoca <em>ad nutum. <\/em>Ci\u00f2, peraltro, vale anche quando esista un margine di fiduciariet\u00e0 nel mero conferimento dell&#8217;incarico (e non nell&#8217;effettivo dispiegarsi della funzione), se il nominato \u00e8 scelto fra aspiranti dotati di specifici requisiti professionali.<\/p>\n<p>Nel caso del Presidente dell&#8217;ASI sussistono elementi discordanti.<\/p>\n<p>Da un lato esistono, s\u00ec, dei requisiti specifici, come sopra richiamati. Ed \u00e8 la stessa formulazione data dal d.l. 86\/2018 a parlare di una \u201calta consulenza tecnico-scientifica\u201d da parte del Presidente.<\/p>\n<p>Dall&#8217;altro lato, per\u00f2, la selezione avviene in base ad indirizzi emanati dal ministro; il vertice dell&#8217;Agenzia <em>rappresenta il Governo italiano<\/em> in seno al Consiglio dell&#8217;Agenzia Spaziale Europea;\u00a0 la stessa funzione di \u201calta consulenza\u201d non costituisce tanto l&#8217;esercizio di funzioni tecniche attuative dell&#8217;indirizzo politico, quanto un apporto tecnico-scientifico alla definizione dello stesso.<\/p>\n<p>In altre parole, non basta avere una competenza tecnica per escludere la \u201cconsentaneit\u00e0\u201d (come dice la Corte) ad un orientamento politico, soprattutto in un ambito di competenza come quello dell&#8217;Agenzia, estremamente rilevante in settori politici strategici ed altamente sensibili, come la difesa e la politica estera, oltrech\u00e9 lo sviluppo economico. Ci\u00f2 \u00e8 tanto pi\u00f9 vero che la legge 7\/2018, nel suo primo articolo, avoca al Presidente del Consiglio dei Ministri \u201c<em>l&#8217;alta direzione, la responsabilit\u00e0 politica generale e il coordinamento delle\u00a0 politiche\u00a0 dei\u00a0 Ministeri relative ai programmi spaziali e aerospaziali<\/em>\u201d. A dire il vero, in quest&#8217;ottica sarebbe allora pi\u00f9 coerente che il procedimento di nomina tornasse ad essere quello previsto originariamente nel 2003, con la nomina rimessa al Presidente del Consiglio, per\u00f2 questo \u00e8 un altro problema.<\/p>\n<p>In definitiva, assumendo l&#8217;Agenzia al tempo stesso la doppia veste di ente di ricerca e di articolazione dell&#8217;Esecutivo, pare che in un bilanciamento fra il principio di libert\u00e0 della ricerca scientifica e il principio di unit\u00e0 dell&#8217;indirizzo politico ed amministrativo espresso dall&#8217;art. 95 Cost. esista lo spazio per una lecita applicazione del meccanismo dello <em>spoils system <\/em>al Presidente ed agli altri amministratori. Un meccanismo che, d&#8217;altra parte, non va ad incidere, di per s\u00e9, sulla libert\u00e0 di ricerca scientifica propria dell&#8217;ente, considerato che il personale ed anche i dirigenti tecnici e di ricerca (art. 19 d.lgs. 128\/2003) sono assunti con contratto a tempo indeterminato ed ovviamente non sono revocabili <em>ad nutum<\/em>.<\/p>\n<p>Certo, il legislatore \u2013 su sollecitazione della stessa Agenzia o a fronte della rilevanza mediatica assunta dal caso \u2013 potrebbe forse riflettere su alcune, puntuali modifiche che (magari eliminando le incongruenze normative attuali) garantiscano una maggiore indipendenza dell&#8217;ASI, accentuandone la natura scientifica e dunque assicurando anche ai vertici una minore \u201cesposizione politica\u201d ed una procedimentalizzazione di eventuali revoche. Questa, per\u00f2, non sembra essere una strada costituzionalmente obbligata.<\/p>\n","protected":false},"excerpt":{"rendered":"<p>di Alessandro Lauro Ha fatto scalpore la recente decisione del Ministro dell&#8217;Istruzione, dell&#8217;universit\u00e0 e della ricerca Marco Bussetti di revocare la nomina di Roberto Battiston alla presidenza dell&#8217;Agenzia Spaziale Italiana.<\/p>\n<div class='heateorSssClear'><\/div><div  class='heateor_sss_sharing_container heateor_sss_horizontal_sharing' data-heateor-sss-href='https:\/\/www.lacostituzione.info\/index.php\/2018\/11\/11\/controversie-spaziali-lo-spoils-system-ai-danni-del-presidente-dellagenzia-spaziale-italiana\/'><div class='heateor_sss_sharing_title' style=\"font-weight:bold\" >Condividi!<\/div><div class=\"heateor_sss_sharing_ul\"><a aria-label=\"Facebook\" class=\"heateor_sss_facebook\" href=\"https:\/\/www.facebook.com\/sharer\/sharer.php?u=https%3A%2F%2Fwww.lacostituzione.info%2Findex.php%2F2018%2F11%2F11%2Fcontroversie-spaziali-lo-spoils-system-ai-danni-del-presidente-dellagenzia-spaziale-italiana%2F\" title=\"Facebook\" rel=\"nofollow noopener\" target=\"_blank\" style=\"font-size:32px!important;box-shadow:none;display:inline-block;vertical-align:middle\"><span class=\"heateor_sss_svg\" style=\"background-color:#0765FE;width:35px;height:35px;display:inline-block;opacity:1;float:left;font-size:32px;box-shadow:none;display:inline-block;font-size:16px;padding:0 4px;vertical-align:middle;background-repeat:repeat;overflow:hidden;padding:0;cursor:pointer;box-sizing:content-box\"><svg style=\"display:block;\" focusable=\"false\" aria-hidden=\"true\" xmlns=\"http:\/\/www.w3.org\/2000\/svg\" width=\"100%\" height=\"100%\" viewBox=\"0 0 32 32\"><path fill=\"#fff\" d=\"M28 16c0-6.627-5.373-12-12-12S4 9.373 4 16c0 5.628 3.875 10.35 9.101 11.647v-7.98h-2.474V16H13.1v-1.58c0-4.085 1.849-5.978 5.859-5.978.76 0 2.072.15 2.608.298v3.325c-.283-.03-.775-.045-1.386-.045-1.967 0-2.728.745-2.728 2.683V16h3.92l-.673 3.667h-3.247v8.245C23.395 27.195 28 22.135 28 16Z\"><\/path><\/svg><\/span><\/a><a aria-label=\"Twitter\" class=\"heateor_sss_button_twitter\" href=\"https:\/\/twitter.com\/intent\/tweet?text=Controversie%20spaziali%3A%20lo%20spoils%20system%20ai%20danni%20del%20Presidente%20dell%27Agenzia%20Spaziale%20Italiana&url=https%3A%2F%2Fwww.lacostituzione.info%2Findex.php%2F2018%2F11%2F11%2Fcontroversie-spaziali-lo-spoils-system-ai-danni-del-presidente-dellagenzia-spaziale-italiana%2F\" title=\"Twitter\" rel=\"nofollow noopener\" target=\"_blank\" style=\"font-size:32px!important;box-shadow:none;display:inline-block;vertical-align:middle\"><span class=\"heateor_sss_svg heateor_sss_s__default heateor_sss_s_twitter\" style=\"background-color:#55acee;width:35px;height:35px;display:inline-block;opacity:1;float:left;font-size:32px;box-shadow:none;display:inline-block;font-size:16px;padding:0 4px;vertical-align:middle;background-repeat:repeat;overflow:hidden;padding:0;cursor:pointer;box-sizing:content-box\"><svg style=\"display:block;\" focusable=\"false\" aria-hidden=\"true\" xmlns=\"http:\/\/www.w3.org\/2000\/svg\" width=\"100%\" height=\"100%\" viewBox=\"-4 -4 39 39\"><path d=\"M28 8.557a9.913 9.913 0 0 1-2.828.775 4.93 4.93 0 0 0 2.166-2.725 9.738 9.738 0 0 1-3.13 1.194 4.92 4.92 0 0 0-3.593-1.55 4.924 4.924 0 0 0-4.794 6.049c-4.09-.21-7.72-2.17-10.15-5.15a4.942 4.942 0 0 0-.665 2.477c0 1.71.87 3.214 2.19 4.1a4.968 4.968 0 0 1-2.23-.616v.06c0 2.39 1.7 4.38 3.952 4.83-.414.115-.85.174-1.297.174-.318 0-.626-.03-.928-.086a4.935 4.935 0 0 0 4.6 3.42 9.893 9.893 0 0 1-6.114 2.107c-.398 0-.79-.023-1.175-.068a13.953 13.953 0 0 0 7.55 2.213c9.056 0 14.01-7.507 14.01-14.013 0-.213-.005-.426-.015-.637.96-.695 1.795-1.56 2.455-2.55z\" fill=\"#fff\"><\/path><\/svg><\/span><\/a><a aria-label=\"Reddit\" class=\"heateor_sss_button_reddit\" href=\"https:\/\/reddit.com\/submit?url=https%3A%2F%2Fwww.lacostituzione.info%2Findex.php%2F2018%2F11%2F11%2Fcontroversie-spaziali-lo-spoils-system-ai-danni-del-presidente-dellagenzia-spaziale-italiana%2F&title=Controversie%20spaziali%3A%20lo%20spoils%20system%20ai%20danni%20del%20Presidente%20dell%27Agenzia%20Spaziale%20Italiana\" title=\"Reddit\" rel=\"nofollow noopener\" target=\"_blank\" style=\"font-size:32px!important;box-shadow:none;display:inline-block;vertical-align:middle\"><span class=\"heateor_sss_svg heateor_sss_s__default heateor_sss_s_reddit\" style=\"background-color:#ff5700;width:35px;height:35px;display:inline-block;opacity:1;float:left;font-size:32px;box-shadow:none;display:inline-block;font-size:16px;padding:0 4px;vertical-align:middle;background-repeat:repeat;overflow:hidden;padding:0;cursor:pointer;box-sizing:content-box\"><svg style=\"display:block;\" focusable=\"false\" aria-hidden=\"true\" xmlns=\"http:\/\/www.w3.org\/2000\/svg\" width=\"100%\" height=\"100%\" viewBox=\"-3.5 -3.5 39 39\"><path d=\"M28.543 15.774a2.953 2.953 0 0 0-2.951-2.949 2.882 2.882 0 0 0-1.9.713 14.075 14.075 0 0 0-6.85-2.044l1.38-4.349 3.768.884a2.452 2.452 0 1 0 .24-1.176l-4.274-1a.6.6 0 0 0-.709.4l-1.659 5.224a14.314 14.314 0 0 0-7.316 2.029 2.908 2.908 0 0 0-1.872-.681 2.942 2.942 0 0 0-1.618 5.4 5.109 5.109 0 0 0-.062.765c0 4.158 5.037 7.541 11.229 7.541s11.22-3.383 11.22-7.541a5.2 5.2 0 0 0-.053-.706 2.963 2.963 0 0 0 1.427-2.51zm-18.008 1.88a1.753 1.753 0 0 1 1.73-1.74 1.73 1.73 0 0 1 1.709 1.74 1.709 1.709 0 0 1-1.709 1.711 1.733 1.733 0 0 1-1.73-1.711zm9.565 4.968a5.573 5.573 0 0 1-4.081 1.272h-.032a5.576 5.576 0 0 1-4.087-1.272.6.6 0 0 1 .844-.854 4.5 4.5 0 0 0 3.238.927h.032a4.5 4.5 0 0 0 3.237-.927.6.6 0 1 1 .844.854zm-.331-3.256a1.726 1.726 0 1 1 1.709-1.712 1.717 1.717 0 0 1-1.712 1.712z\" fill=\"#fff\"\/><\/svg><\/span><\/a><a aria-label=\"Linkedin\" class=\"heateor_sss_button_linkedin\" href=\"https:\/\/www.linkedin.com\/sharing\/share-offsite\/?url=https%3A%2F%2Fwww.lacostituzione.info%2Findex.php%2F2018%2F11%2F11%2Fcontroversie-spaziali-lo-spoils-system-ai-danni-del-presidente-dellagenzia-spaziale-italiana%2F\" title=\"Linkedin\" rel=\"nofollow noopener\" target=\"_blank\" style=\"font-size:32px!important;box-shadow:none;display:inline-block;vertical-align:middle\"><span class=\"heateor_sss_svg heateor_sss_s__default heateor_sss_s_linkedin\" style=\"background-color:#0077b5;width:35px;height:35px;display:inline-block;opacity:1;float:left;font-size:32px;box-shadow:none;display:inline-block;font-size:16px;padding:0 4px;vertical-align:middle;background-repeat:repeat;overflow:hidden;padding:0;cursor:pointer;box-sizing:content-box\"><svg style=\"display:block;\" focusable=\"false\" aria-hidden=\"true\" xmlns=\"http:\/\/www.w3.org\/2000\/svg\" width=\"100%\" height=\"100%\" viewBox=\"0 0 32 32\"><path d=\"M6.227 12.61h4.19v13.48h-4.19V12.61zm2.095-6.7a2.43 2.43 0 0 1 0 4.86c-1.344 0-2.428-1.09-2.428-2.43s1.084-2.43 2.428-2.43m4.72 6.7h4.02v1.84h.058c.56-1.058 1.927-2.176 3.965-2.176 4.238 0 5.02 2.792 5.02 6.42v7.395h-4.183v-6.56c0-1.564-.03-3.574-2.178-3.574-2.18 0-2.514 1.7-2.514 3.46v6.668h-4.187V12.61z\" fill=\"#fff\"><\/path><\/svg><\/span><\/a><a aria-label=\"Pinterest\" class=\"heateor_sss_button_pinterest\" href=\"https:\/\/www.lacostituzione.info\/index.php\/2018\/11\/11\/controversie-spaziali-lo-spoils-system-ai-danni-del-presidente-dellagenzia-spaziale-italiana\/\" onclick=\"event.preventDefault();javascript:void( (function() {var e=document.createElement('script' );e.setAttribute('type','text\/javascript' );e.setAttribute('charset','UTF-8' );e.setAttribute('src','\/\/assets.pinterest.com\/js\/pinmarklet.js?r='+Math.random()*99999999);document.body.appendChild(e)})());\" title=\"Pinterest\" rel=\"noopener\" style=\"font-size:32px!important;box-shadow:none;display:inline-block;vertical-align:middle\"><span class=\"heateor_sss_svg heateor_sss_s__default heateor_sss_s_pinterest\" style=\"background-color:#cc2329;width:35px;height:35px;display:inline-block;opacity:1;float:left;font-size:32px;box-shadow:none;display:inline-block;font-size:16px;padding:0 4px;vertical-align:middle;background-repeat:repeat;overflow:hidden;padding:0;cursor:pointer;box-sizing:content-box\"><svg style=\"display:block;\" focusable=\"false\" aria-hidden=\"true\" xmlns=\"http:\/\/www.w3.org\/2000\/svg\" width=\"100%\" height=\"100%\" viewBox=\"-2 -2 35 35\"><path fill=\"#fff\" d=\"M16.539 4.5c-6.277 0-9.442 4.5-9.442 8.253 0 2.272.86 4.293 2.705 5.046.303.125.574.005.662-.33.061-.231.205-.816.27-1.06.088-.331.053-.447-.191-.736-.532-.627-.873-1.439-.873-2.591 0-3.338 2.498-6.327 6.505-6.327 3.548 0 5.497 2.168 5.497 5.062 0 3.81-1.686 7.025-4.188 7.025-1.382 0-2.416-1.142-2.085-2.545.397-1.674 1.166-3.48 1.166-4.689 0-1.081-.581-1.983-1.782-1.983-1.413 0-2.548 1.462-2.548 3.419 0 1.247.421 2.091.421 2.091l-1.699 7.199c-.505 2.137-.076 4.755-.039 5.019.021.158.223.196.314.077.13-.17 1.813-2.247 2.384-4.324.162-.587.929-3.631.929-3.631.46.876 1.801 1.646 3.227 1.646 4.247 0 7.128-3.871 7.128-9.053.003-3.918-3.317-7.568-8.361-7.568z\"\/><\/svg><\/span><\/a><a aria-label=\"Whatsapp\" class=\"heateor_sss_whatsapp\" href=\"https:\/\/api.whatsapp.com\/send?text=Controversie%20spaziali%3A%20lo%20spoils%20system%20ai%20danni%20del%20Presidente%20dell%27Agenzia%20Spaziale%20Italiana%20https%3A%2F%2Fwww.lacostituzione.info%2Findex.php%2F2018%2F11%2F11%2Fcontroversie-spaziali-lo-spoils-system-ai-danni-del-presidente-dellagenzia-spaziale-italiana%2F\" title=\"Whatsapp\" rel=\"nofollow noopener\" target=\"_blank\" style=\"font-size:32px!important;box-shadow:none;display:inline-block;vertical-align:middle\"><span class=\"heateor_sss_svg\" style=\"background-color:#55eb4c;width:35px;height:35px;display:inline-block;opacity:1;float:left;font-size:32px;box-shadow:none;display:inline-block;font-size:16px;padding:0 4px;vertical-align:middle;background-repeat:repeat;overflow:hidden;padding:0;cursor:pointer;box-sizing:content-box\"><svg style=\"display:block;\" focusable=\"false\" aria-hidden=\"true\" xmlns=\"http:\/\/www.w3.org\/2000\/svg\" width=\"100%\" height=\"100%\" viewBox=\"-6 -5 40 40\"><path class=\"heateor_sss_svg_stroke heateor_sss_no_fill\" stroke=\"#fff\" stroke-width=\"2\" fill=\"none\" d=\"M 11.579798566743314 24.396926207859085 A 10 10 0 1 0 6.808479557110079 20.73576436351046\"><\/path><path d=\"M 7 19 l -1 6 l 6 -1\" class=\"heateor_sss_no_fill heateor_sss_svg_stroke\" stroke=\"#fff\" stroke-width=\"2\" fill=\"none\"><\/path><path d=\"M 10 10 q -1 8 8 11 c 5 -1 0 -6 -1 -3 q -4 -3 -5 -5 c 4 -2 -1 -5 -1 -4\" fill=\"#fff\"><\/path><\/svg><\/span><\/a><\/div><div class=\"heateorSssClear\"><\/div><\/div><div class='heateorSssClear'><\/div>","protected":false},"author":1,"featured_media":0,"comment_status":"open","ping_status":"open","sticky":false,"template":"","format":"standard","meta":{"jetpack_post_was_ever_published":false,"_jetpack_newsletter_access":"","_jetpack_dont_email_post_to_subs":false,"_jetpack_newsletter_tier_id":0,"_jetpack_memberships_contains_paywalled_content":false,"_jetpack_memberships_contains_paid_content":false,"footnotes":"","jetpack_publicize_message":"","jetpack_publicize_feature_enabled":true,"jetpack_social_post_already_shared":true,"jetpack_social_options":{"image_generator_settings":{"template":"highway","default_image_id":0,"enabled":false},"version":2}},"categories":[4],"tags":[1345,1344,1346,266],"class_list":["post-5903","post","type-post","status-publish","format-standard","hentry","category-attualita","tag-agenzia-spaziale-italiana","tag-nomine","tag-ricerca-scientifica","tag-spoils-system"],"jetpack_publicize_connections":[],"jetpack_featured_media_url":"","jetpack_shortlink":"https:\/\/wp.me\/p84sDq-1xd","jetpack_likes_enabled":true,"jetpack_sharing_enabled":true,"_links":{"self":[{"href":"https:\/\/www.lacostituzione.info\/index.php\/wp-json\/wp\/v2\/posts\/5903","targetHints":{"allow":["GET"]}}],"collection":[{"href":"https:\/\/www.lacostituzione.info\/index.php\/wp-json\/wp\/v2\/posts"}],"about":[{"href":"https:\/\/www.lacostituzione.info\/index.php\/wp-json\/wp\/v2\/types\/post"}],"author":[{"embeddable":true,"href":"https:\/\/www.lacostituzione.info\/index.php\/wp-json\/wp\/v2\/users\/1"}],"replies":[{"embeddable":true,"href":"https:\/\/www.lacostituzione.info\/index.php\/wp-json\/wp\/v2\/comments?post=5903"}],"version-history":[{"count":0,"href":"https:\/\/www.lacostituzione.info\/index.php\/wp-json\/wp\/v2\/posts\/5903\/revisions"}],"wp:attachment":[{"href":"https:\/\/www.lacostituzione.info\/index.php\/wp-json\/wp\/v2\/media?parent=5903"}],"wp:term":[{"taxonomy":"category","embeddable":true,"href":"https:\/\/www.lacostituzione.info\/index.php\/wp-json\/wp\/v2\/categories?post=5903"},{"taxonomy":"post_tag","embeddable":true,"href":"https:\/\/www.lacostituzione.info\/index.php\/wp-json\/wp\/v2\/tags?post=5903"}],"curies":[{"name":"wp","href":"https:\/\/api.w.org\/{rel}","templated":true}]}}