{"id":5950,"date":"2018-12-01T13:29:49","date_gmt":"2018-12-01T12:29:49","guid":{"rendered":"http:\/\/www.lacostituzione.info\/?p=5950"},"modified":"2018-12-01T14:22:14","modified_gmt":"2018-12-01T13:22:14","slug":"competenza-in-materia-di-ambiente-perche-tutte-le-regioni-la-vogliono","status":"publish","type":"post","link":"https:\/\/www.lacostituzione.info\/index.php\/2018\/12\/01\/competenza-in-materia-di-ambiente-perche-tutte-le-regioni-la-vogliono\/","title":{"rendered":"Competenza in materia di ambiente, perch\u00e9 tutte le Regioni la vogliono?"},"content":{"rendered":"<p style=\"text-align: center;\"><a href=\"http:\/\/www.lacostituzione.info\/wp-content\/uploads\/2018\/12\/ambiente.jpg\"><img loading=\"lazy\" decoding=\"async\" data-attachment-id=\"5951\" data-permalink=\"https:\/\/www.lacostituzione.info\/index.php\/2018\/12\/01\/competenza-in-materia-di-ambiente-perche-tutte-le-regioni-la-vogliono\/ambiente\/#main\" data-orig-file=\"https:\/\/www.lacostituzione.info\/wp-content\/uploads\/2018\/12\/ambiente.jpg\" data-orig-size=\"281,179\" data-comments-opened=\"1\" data-image-meta=\"{&quot;aperture&quot;:&quot;0&quot;,&quot;credit&quot;:&quot;&quot;,&quot;camera&quot;:&quot;&quot;,&quot;caption&quot;:&quot;&quot;,&quot;created_timestamp&quot;:&quot;0&quot;,&quot;copyright&quot;:&quot;&quot;,&quot;focal_length&quot;:&quot;0&quot;,&quot;iso&quot;:&quot;0&quot;,&quot;shutter_speed&quot;:&quot;0&quot;,&quot;title&quot;:&quot;&quot;,&quot;orientation&quot;:&quot;0&quot;}\" data-image-title=\"ambiente\" data-image-description=\"\" data-image-caption=\"\" data-medium-file=\"https:\/\/www.lacostituzione.info\/wp-content\/uploads\/2018\/12\/ambiente.jpg\" data-large-file=\"https:\/\/www.lacostituzione.info\/wp-content\/uploads\/2018\/12\/ambiente.jpg\" class=\"aligncenter size-thumbnail wp-image-5951\" src=\"http:\/\/www.lacostituzione.info\/wp-content\/uploads\/2018\/12\/ambiente-150x150.jpg\" alt=\"\" width=\"150\" height=\"150\" \/><\/a>di <strong>Federica Cittadino*<\/strong><\/p>\n<p>Il \u201cgoverno del cambiamento\u201d ha ereditato, fra gli affari correnti, l\u2019esame di una serie di proposte regionali sul passaggio di competenze legislative in materia di ambiente ed ecosistema dallo Stato ad alcune Regioni e Province autonome (Emilia Romagna, Lombardia, Veneto e Trentino-Alto Adige).<!--more--><\/p>\n<p>Si tratta di un\u2019annosa questione che ha le sue origini nella riforma costituzionale del 2001, la quale ha inserito in Costituzione la competenza legislativa in materia di ambiente, affidandola peraltro alle cure esclusive della legislazione statale. Questo, si reputava, era il metodo migliore per assicurare l\u2019unitariet\u00e0 della tutela ambientale e l\u2019immediata trasposizione della normativa europea in materia di ambiente. Purtroppo, n\u00e9 l\u2019uno n\u00e9 l\u2019altro obiettivo sembrano essere stati raggiunti con coerenza. Oltretutto, negli anni a seguire la riforma, la Corte costituzionale ha spazzato via, almeno formalmente, il margine di intervento delle Regioni in materia ambientale, che fino al 2008, seppur in certe forme e con certi limiti, si dava per scontato.<\/p>\n<p>Ecco perch\u00e9 oggi le Regioni tornano a reclamare quello che reputano sia un loro legittimo ambito di intervento, la normazione dell\u2019ambiente, settore che si sovrappone a numerose competenze legislative regionali, quali l\u2019urbanistica, la caccia, l\u2019utilizzazione delle acque pubbliche per citarne alcune, col risultato che se le Regioni non possono legiferare in tale materia, anche le competenze nelle materie adiacenti all\u2019ambiente rischiano di essere svuotate. Ma \u00e8 proprio cos\u00ec? Guardando per esempio alla <a href=\"http:\/\/www.eurac.edu\/it\/research\/autonomies\/sfereg\/publications\/Pages\/publicationdetails.aspx?pubId=0103588&amp;pubType=P\">prassi<\/a> delle Province autonome molto attive in materia di ambiente, si evince che, pur in assenza di una competenza formale all\u2019interno dello Statuto, le stesse hanno ampiamente legiferato su questioni quali la tutela delle acque dall\u2019inquinamento, la conservazione della biodiversit\u00e0 tramite l\u2019istituzione di parchi, la protezione del suolo e i limiti alle emissioni nell\u2019aria.<\/p>\n<p>Certo, su questi interventi pende sempre la scure della Corte costituzionale che, come gi\u00e0 successo, potrebbe ritenere i confini della legislazione nazionale assolutamente invalicabili e, di conseguenza, dichiarare l\u2019incostituzionalit\u00e0 di normative regionali adottate nell\u2019esercizio di competenze regionali\/provinciali esclusive o concorrenti. Ecco probabilmente perch\u00e9 le Regioni vorrebbero scritto a chiare lettere nei propri Statuti che la legislazione regionale pu\u00f2 e deve occuparsi di ambiente. In mancanza di riforme statutarie e in virt\u00f9 dei limiti costituzionali relativi alle Regioni ordinarie, l\u2019<a href=\"http:\/\/www.affariregionali.gov.it\/media\/432886\/art-116-emilia-romagna.pdf\">Emilia Romagna<\/a>, la <a href=\"http:\/\/www.affariregionali.gov.it\/media\/432884\/art-116-lombardia.pdf\">Lombardia<\/a> e il <a href=\"http:\/\/www.affariregionali.gov.it\/media\/432885\/art-116-veneto.pdf\">Veneto<\/a> hanno chiesto ai sensi dell\u2019art. 116 c. 3 della Costituzione di attuare il cd. regionalismo differenziato tra le altre cose in materia di ambiente. Le Province autonome invece hanno avviato in parallelo due processi di modifica dello Statuto, dal basso, tramite processi partecipativi (<a href=\"https:\/\/www.riformastatuto.tn.it\/DOCUMENTO-CONCLUSIVO-DELLA-CONSULTA\">Consulta<\/a> e <a href=\"http:\/\/convenzione.bz.it\/it\/files.html\">Convenzione<\/a>) e, dall\u2019alto, con un <a href=\"http:\/\/www.senato.it\/japp\/bgt\/showdoc\/18\/DDLPRES\/0\/1067814\/index.html\">disegno di legge costituzionale<\/a>, che includono a chiare lettere la potest\u00e0 legislativa in materia di ambiente ed ecosistema tra le competenze primarie provinciali. Si tratta quindi di procedure diverse, di fonti normative diverse, ma che sottendono a un\u2019unica questione politica: lo Stato \u00e8 disposto a cedere delle competenze legislative in materia di ambiente alle Regioni che lo richiedano?<\/p>\n<p>Cosa rischia lo Stato in termini di unitariet\u00e0 della tutela ambientale e pronta attuazione degli standard europei? Se da una parte, in alcuni settori quali la tutela delle acque, alcune Regioni si sono mostrate pi\u00f9 sollecite nell\u2019attuare la normativa europea, resta la questione di assicurarsi che i beni e i problemi ambientali vengano trattati in prospettiva ecosistemica e unitaria a livello nazionale. In effetti, assicurare un elevato livello di tutela \u00e8 non solo un\u2019esigenza statale ma un principio di diritto europeo. D\u2019altra parte, la tutela concreta dei beni ambientali passa spesso attraverso normative specifiche che disciplinano settori di intervento materiali pi\u00f9 circoscritti, quali acque, rifiuti, suolo, energia che necessariamente si intrecciano con interessi, problematiche e competenze regionali, provinciali e locali. Da questo punto di vista, la tutela dell\u2019ambiente si presenta necessariamente nella sua dimensione multilivello ed \u00e8 quindi opportuno che le Regioni ne disciplinino alcuni aspetti, anche per garantirne una migliore attuazione. I punti cardinali irrinunciabili di un\u2019apertura nei confronti delle Regioni restano per\u00f2 la disciplina europea, i cui obiettivi e strumenti principali devono essere rispettati, il mantenimento di una parallela competenza statale in materia di ambiente, per cui la competenza regionale risulterebbe necessariamente concorrente, e la necessit\u00e0 di rafforzare le sedi di coordinamento con lo Stato.<\/p>\n<p>Sul secondo punto, mi preme sottolineare che ogni riforma degli Statuti che si rispetta dovrebbe andare oltre l\u2019elencazione della materia tutela dell\u2019ambiente e dell\u2019ecosistema. A una mera elencazione si \u00e8 per\u00f2 limitato il gi\u00e0 citato ddlc per la riforma dello Statuto del Trentino-Alto Adige. La mera acquisizione formale della competenza potrebbe infatti non bastare per spegnere il contenzioso e certamente non sarebbe utile ad assicurare il necessario coordinamento fra i diversi livelli di intervento. Diverso il caso dei progetti per attuare il regionalismo differenziato che, in maniera meno ambiziosa, ma certamente pi\u00f9 in linea con l\u2019idea di una governance multilivello, puntano all\u2019acquisizione di poteri legislativi per disciplinare le funzioni amministrative regionali e locali in materia di ambiente.<\/p>\n<p>Il coordinamento tra i vari livelli sembra, in conclusione, la chiave di volta del sistema, sia per prevenire il conflitto istituzionale ed evitare le pronunce negative della Corte costituzionale, sia per assicurare al contempo un\u2019adeguata tutela dell\u2019ambiente. In questo modello, non c\u2019\u00e8 spazio per una competenza esclusiva in materia di ambiente, che sia dello Stato o delle Regioni. Al contrario, la contrattazione delle politiche ambientali a monte del processo legislativo si sostituisce a una logica di attribuzione formale delle competenze. La Conferenza Stato-Regioni in questo senso potrebbe riacquistare centralit\u00e0 per le Regioni ordinarie. In parallelo, le Regioni autonome potrebbero intervenire nelle sedi di contrattazione dedicate, nell\u2019ambito ad esempio delle norme di attuazione dello Statuto che specifichino le competenze speciali in materia di ambiente e i rapporti con le parallele funzioni statali. Il coordinamento con le altre Regioni sulle questioni di portata extraregionale sarebbe per\u00f2 certamente necessario e il legislatore costituzionale dovrebbe quindi concentrarsi su questi aspetti per garantire una pi\u00f9 efficace tutela ambientale.<\/p>\n<p>*\u00a0Ricercatrice Eurac<\/p>\n","protected":false},"excerpt":{"rendered":"<p>di Federica Cittadino* Il \u201cgoverno del cambiamento\u201d ha ereditato, fra gli affari correnti, l\u2019esame di una serie di proposte regionali sul passaggio di competenze legislative in materia di ambiente ed ecosistema dallo Stato ad alcune Regioni e Province autonome (Emilia Romagna, Lombardia, Veneto e Trentino-Alto Adige).<\/p>\n<div class='heateorSssClear'><\/div><div  class='heateor_sss_sharing_container heateor_sss_horizontal_sharing' data-heateor-sss-href='https:\/\/www.lacostituzione.info\/index.php\/2018\/12\/01\/competenza-in-materia-di-ambiente-perche-tutte-le-regioni-la-vogliono\/'><div class='heateor_sss_sharing_title' style=\"font-weight:bold\" >Condividi!<\/div><div class=\"heateor_sss_sharing_ul\"><a aria-label=\"Facebook\" class=\"heateor_sss_facebook\" href=\"https:\/\/www.facebook.com\/sharer\/sharer.php?u=https%3A%2F%2Fwww.lacostituzione.info%2Findex.php%2F2018%2F12%2F01%2Fcompetenza-in-materia-di-ambiente-perche-tutte-le-regioni-la-vogliono%2F\" title=\"Facebook\" rel=\"nofollow noopener\" target=\"_blank\" style=\"font-size:32px!important;box-shadow:none;display:inline-block;vertical-align:middle\"><span class=\"heateor_sss_svg\" style=\"background-color:#0765FE;width:35px;height:35px;display:inline-block;opacity:1;float:left;font-size:32px;box-shadow:none;display:inline-block;font-size:16px;padding:0 4px;vertical-align:middle;background-repeat:repeat;overflow:hidden;padding:0;cursor:pointer;box-sizing:content-box\"><svg style=\"display:block;\" focusable=\"false\" aria-hidden=\"true\" xmlns=\"http:\/\/www.w3.org\/2000\/svg\" width=\"100%\" height=\"100%\" viewBox=\"0 0 32 32\"><path fill=\"#fff\" d=\"M28 16c0-6.627-5.373-12-12-12S4 9.373 4 16c0 5.628 3.875 10.35 9.101 11.647v-7.98h-2.474V16H13.1v-1.58c0-4.085 1.849-5.978 5.859-5.978.76 0 2.072.15 2.608.298v3.325c-.283-.03-.775-.045-1.386-.045-1.967 0-2.728.745-2.728 2.683V16h3.92l-.673 3.667h-3.247v8.245C23.395 27.195 28 22.135 28 16Z\"><\/path><\/svg><\/span><\/a><a aria-label=\"Twitter\" class=\"heateor_sss_button_twitter\" href=\"https:\/\/twitter.com\/intent\/tweet?text=Competenza%20in%20materia%20di%20ambiente%2C%20perch%C3%A9%20tutte%20le%20Regioni%20la%20vogliono%3F&url=https%3A%2F%2Fwww.lacostituzione.info%2Findex.php%2F2018%2F12%2F01%2Fcompetenza-in-materia-di-ambiente-perche-tutte-le-regioni-la-vogliono%2F\" title=\"Twitter\" rel=\"nofollow noopener\" target=\"_blank\" style=\"font-size:32px!important;box-shadow:none;display:inline-block;vertical-align:middle\"><span class=\"heateor_sss_svg heateor_sss_s__default heateor_sss_s_twitter\" style=\"background-color:#55acee;width:35px;height:35px;display:inline-block;opacity:1;float:left;font-size:32px;box-shadow:none;display:inline-block;font-size:16px;padding:0 4px;vertical-align:middle;background-repeat:repeat;overflow:hidden;padding:0;cursor:pointer;box-sizing:content-box\"><svg style=\"display:block;\" focusable=\"false\" aria-hidden=\"true\" xmlns=\"http:\/\/www.w3.org\/2000\/svg\" width=\"100%\" height=\"100%\" viewBox=\"-4 -4 39 39\"><path d=\"M28 8.557a9.913 9.913 0 0 1-2.828.775 4.93 4.93 0 0 0 2.166-2.725 9.738 9.738 0 0 1-3.13 1.194 4.92 4.92 0 0 0-3.593-1.55 4.924 4.924 0 0 0-4.794 6.049c-4.09-.21-7.72-2.17-10.15-5.15a4.942 4.942 0 0 0-.665 2.477c0 1.71.87 3.214 2.19 4.1a4.968 4.968 0 0 1-2.23-.616v.06c0 2.39 1.7 4.38 3.952 4.83-.414.115-.85.174-1.297.174-.318 0-.626-.03-.928-.086a4.935 4.935 0 0 0 4.6 3.42 9.893 9.893 0 0 1-6.114 2.107c-.398 0-.79-.023-1.175-.068a13.953 13.953 0 0 0 7.55 2.213c9.056 0 14.01-7.507 14.01-14.013 0-.213-.005-.426-.015-.637.96-.695 1.795-1.56 2.455-2.55z\" fill=\"#fff\"><\/path><\/svg><\/span><\/a><a aria-label=\"Reddit\" class=\"heateor_sss_button_reddit\" href=\"https:\/\/reddit.com\/submit?url=https%3A%2F%2Fwww.lacostituzione.info%2Findex.php%2F2018%2F12%2F01%2Fcompetenza-in-materia-di-ambiente-perche-tutte-le-regioni-la-vogliono%2F&title=Competenza%20in%20materia%20di%20ambiente%2C%20perch%C3%A9%20tutte%20le%20Regioni%20la%20vogliono%3F\" title=\"Reddit\" rel=\"nofollow noopener\" target=\"_blank\" style=\"font-size:32px!important;box-shadow:none;display:inline-block;vertical-align:middle\"><span class=\"heateor_sss_svg heateor_sss_s__default heateor_sss_s_reddit\" style=\"background-color:#ff5700;width:35px;height:35px;display:inline-block;opacity:1;float:left;font-size:32px;box-shadow:none;display:inline-block;font-size:16px;padding:0 4px;vertical-align:middle;background-repeat:repeat;overflow:hidden;padding:0;cursor:pointer;box-sizing:content-box\"><svg style=\"display:block;\" focusable=\"false\" aria-hidden=\"true\" xmlns=\"http:\/\/www.w3.org\/2000\/svg\" width=\"100%\" height=\"100%\" viewBox=\"-3.5 -3.5 39 39\"><path d=\"M28.543 15.774a2.953 2.953 0 0 0-2.951-2.949 2.882 2.882 0 0 0-1.9.713 14.075 14.075 0 0 0-6.85-2.044l1.38-4.349 3.768.884a2.452 2.452 0 1 0 .24-1.176l-4.274-1a.6.6 0 0 0-.709.4l-1.659 5.224a14.314 14.314 0 0 0-7.316 2.029 2.908 2.908 0 0 0-1.872-.681 2.942 2.942 0 0 0-1.618 5.4 5.109 5.109 0 0 0-.062.765c0 4.158 5.037 7.541 11.229 7.541s11.22-3.383 11.22-7.541a5.2 5.2 0 0 0-.053-.706 2.963 2.963 0 0 0 1.427-2.51zm-18.008 1.88a1.753 1.753 0 0 1 1.73-1.74 1.73 1.73 0 0 1 1.709 1.74 1.709 1.709 0 0 1-1.709 1.711 1.733 1.733 0 0 1-1.73-1.711zm9.565 4.968a5.573 5.573 0 0 1-4.081 1.272h-.032a5.576 5.576 0 0 1-4.087-1.272.6.6 0 0 1 .844-.854 4.5 4.5 0 0 0 3.238.927h.032a4.5 4.5 0 0 0 3.237-.927.6.6 0 1 1 .844.854zm-.331-3.256a1.726 1.726 0 1 1 1.709-1.712 1.717 1.717 0 0 1-1.712 1.712z\" fill=\"#fff\"\/><\/svg><\/span><\/a><a aria-label=\"Linkedin\" class=\"heateor_sss_button_linkedin\" href=\"https:\/\/www.linkedin.com\/sharing\/share-offsite\/?url=https%3A%2F%2Fwww.lacostituzione.info%2Findex.php%2F2018%2F12%2F01%2Fcompetenza-in-materia-di-ambiente-perche-tutte-le-regioni-la-vogliono%2F\" title=\"Linkedin\" rel=\"nofollow noopener\" target=\"_blank\" style=\"font-size:32px!important;box-shadow:none;display:inline-block;vertical-align:middle\"><span class=\"heateor_sss_svg heateor_sss_s__default heateor_sss_s_linkedin\" style=\"background-color:#0077b5;width:35px;height:35px;display:inline-block;opacity:1;float:left;font-size:32px;box-shadow:none;display:inline-block;font-size:16px;padding:0 4px;vertical-align:middle;background-repeat:repeat;overflow:hidden;padding:0;cursor:pointer;box-sizing:content-box\"><svg style=\"display:block;\" focusable=\"false\" aria-hidden=\"true\" xmlns=\"http:\/\/www.w3.org\/2000\/svg\" width=\"100%\" height=\"100%\" viewBox=\"0 0 32 32\"><path d=\"M6.227 12.61h4.19v13.48h-4.19V12.61zm2.095-6.7a2.43 2.43 0 0 1 0 4.86c-1.344 0-2.428-1.09-2.428-2.43s1.084-2.43 2.428-2.43m4.72 6.7h4.02v1.84h.058c.56-1.058 1.927-2.176 3.965-2.176 4.238 0 5.02 2.792 5.02 6.42v7.395h-4.183v-6.56c0-1.564-.03-3.574-2.178-3.574-2.18 0-2.514 1.7-2.514 3.46v6.668h-4.187V12.61z\" fill=\"#fff\"><\/path><\/svg><\/span><\/a><a aria-label=\"Pinterest\" class=\"heateor_sss_button_pinterest\" href=\"https:\/\/www.lacostituzione.info\/index.php\/2018\/12\/01\/competenza-in-materia-di-ambiente-perche-tutte-le-regioni-la-vogliono\/\" onclick=\"event.preventDefault();javascript:void( (function() {var e=document.createElement('script' );e.setAttribute('type','text\/javascript' );e.setAttribute('charset','UTF-8' );e.setAttribute('src','\/\/assets.pinterest.com\/js\/pinmarklet.js?r='+Math.random()*99999999);document.body.appendChild(e)})());\" title=\"Pinterest\" rel=\"noopener\" style=\"font-size:32px!important;box-shadow:none;display:inline-block;vertical-align:middle\"><span class=\"heateor_sss_svg heateor_sss_s__default heateor_sss_s_pinterest\" style=\"background-color:#cc2329;width:35px;height:35px;display:inline-block;opacity:1;float:left;font-size:32px;box-shadow:none;display:inline-block;font-size:16px;padding:0 4px;vertical-align:middle;background-repeat:repeat;overflow:hidden;padding:0;cursor:pointer;box-sizing:content-box\"><svg style=\"display:block;\" focusable=\"false\" aria-hidden=\"true\" xmlns=\"http:\/\/www.w3.org\/2000\/svg\" width=\"100%\" height=\"100%\" viewBox=\"-2 -2 35 35\"><path fill=\"#fff\" d=\"M16.539 4.5c-6.277 0-9.442 4.5-9.442 8.253 0 2.272.86 4.293 2.705 5.046.303.125.574.005.662-.33.061-.231.205-.816.27-1.06.088-.331.053-.447-.191-.736-.532-.627-.873-1.439-.873-2.591 0-3.338 2.498-6.327 6.505-6.327 3.548 0 5.497 2.168 5.497 5.062 0 3.81-1.686 7.025-4.188 7.025-1.382 0-2.416-1.142-2.085-2.545.397-1.674 1.166-3.48 1.166-4.689 0-1.081-.581-1.983-1.782-1.983-1.413 0-2.548 1.462-2.548 3.419 0 1.247.421 2.091.421 2.091l-1.699 7.199c-.505 2.137-.076 4.755-.039 5.019.021.158.223.196.314.077.13-.17 1.813-2.247 2.384-4.324.162-.587.929-3.631.929-3.631.46.876 1.801 1.646 3.227 1.646 4.247 0 7.128-3.871 7.128-9.053.003-3.918-3.317-7.568-8.361-7.568z\"\/><\/svg><\/span><\/a><a aria-label=\"Whatsapp\" class=\"heateor_sss_whatsapp\" href=\"https:\/\/api.whatsapp.com\/send?text=Competenza%20in%20materia%20di%20ambiente%2C%20perch%C3%A9%20tutte%20le%20Regioni%20la%20vogliono%3F%20https%3A%2F%2Fwww.lacostituzione.info%2Findex.php%2F2018%2F12%2F01%2Fcompetenza-in-materia-di-ambiente-perche-tutte-le-regioni-la-vogliono%2F\" title=\"Whatsapp\" rel=\"nofollow noopener\" target=\"_blank\" style=\"font-size:32px!important;box-shadow:none;display:inline-block;vertical-align:middle\"><span class=\"heateor_sss_svg\" style=\"background-color:#55eb4c;width:35px;height:35px;display:inline-block;opacity:1;float:left;font-size:32px;box-shadow:none;display:inline-block;font-size:16px;padding:0 4px;vertical-align:middle;background-repeat:repeat;overflow:hidden;padding:0;cursor:pointer;box-sizing:content-box\"><svg style=\"display:block;\" focusable=\"false\" aria-hidden=\"true\" xmlns=\"http:\/\/www.w3.org\/2000\/svg\" width=\"100%\" height=\"100%\" viewBox=\"-6 -5 40 40\"><path class=\"heateor_sss_svg_stroke heateor_sss_no_fill\" stroke=\"#fff\" stroke-width=\"2\" fill=\"none\" d=\"M 11.579798566743314 24.396926207859085 A 10 10 0 1 0 6.808479557110079 20.73576436351046\"><\/path><path d=\"M 7 19 l -1 6 l 6 -1\" class=\"heateor_sss_no_fill heateor_sss_svg_stroke\" stroke=\"#fff\" stroke-width=\"2\" fill=\"none\"><\/path><path d=\"M 10 10 q -1 8 8 11 c 5 -1 0 -6 -1 -3 q -4 -3 -5 -5 c 4 -2 -1 -5 -1 -4\" fill=\"#fff\"><\/path><\/svg><\/span><\/a><\/div><div class=\"heateorSssClear\"><\/div><\/div><div class='heateorSssClear'><\/div>","protected":false},"author":3,"featured_media":0,"comment_status":"open","ping_status":"open","sticky":false,"template":"","format":"standard","meta":{"jetpack_post_was_ever_published":false,"_jetpack_newsletter_access":"","_jetpack_dont_email_post_to_subs":false,"_jetpack_newsletter_tier_id":0,"_jetpack_memberships_contains_paywalled_content":false,"_jetpack_memberships_contains_paid_content":false,"footnotes":"","jetpack_publicize_message":"","jetpack_publicize_feature_enabled":true,"jetpack_social_post_already_shared":true,"jetpack_social_options":{"image_generator_settings":{"template":"highway","default_image_id":0,"enabled":false},"version":2}},"categories":[5],"tags":[24,21,168],"class_list":["post-5950","post","type-post","status-publish","format-standard","hentry","category-lavori-in-corso","tag-ambiente","tag-regioni","tag-regioni-a-statuto-speciale"],"jetpack_publicize_connections":[],"jetpack_featured_media_url":"","jetpack_shortlink":"https:\/\/wp.me\/p84sDq-1xY","jetpack_likes_enabled":true,"jetpack_sharing_enabled":true,"_links":{"self":[{"href":"https:\/\/www.lacostituzione.info\/index.php\/wp-json\/wp\/v2\/posts\/5950","targetHints":{"allow":["GET"]}}],"collection":[{"href":"https:\/\/www.lacostituzione.info\/index.php\/wp-json\/wp\/v2\/posts"}],"about":[{"href":"https:\/\/www.lacostituzione.info\/index.php\/wp-json\/wp\/v2\/types\/post"}],"author":[{"embeddable":true,"href":"https:\/\/www.lacostituzione.info\/index.php\/wp-json\/wp\/v2\/users\/3"}],"replies":[{"embeddable":true,"href":"https:\/\/www.lacostituzione.info\/index.php\/wp-json\/wp\/v2\/comments?post=5950"}],"version-history":[{"count":0,"href":"https:\/\/www.lacostituzione.info\/index.php\/wp-json\/wp\/v2\/posts\/5950\/revisions"}],"wp:attachment":[{"href":"https:\/\/www.lacostituzione.info\/index.php\/wp-json\/wp\/v2\/media?parent=5950"}],"wp:term":[{"taxonomy":"category","embeddable":true,"href":"https:\/\/www.lacostituzione.info\/index.php\/wp-json\/wp\/v2\/categories?post=5950"},{"taxonomy":"post_tag","embeddable":true,"href":"https:\/\/www.lacostituzione.info\/index.php\/wp-json\/wp\/v2\/tags?post=5950"}],"curies":[{"name":"wp","href":"https:\/\/api.w.org\/{rel}","templated":true}]}}