{"id":5993,"date":"2018-12-25T00:52:05","date_gmt":"2018-12-24T23:52:05","guid":{"rendered":"http:\/\/www.lacostituzione.info\/?p=5993"},"modified":"2018-12-25T10:55:13","modified_gmt":"2018-12-25T09:55:13","slug":"lavvocato-del-popolo-e-il-curatore-fallimentare-della-repubblica","status":"publish","type":"post","link":"https:\/\/www.lacostituzione.info\/index.php\/2018\/12\/25\/lavvocato-del-popolo-e-il-curatore-fallimentare-della-repubblica\/","title":{"rendered":"L\u2019avvocato del popolo e il curatore fallimentare della Repubblica"},"content":{"rendered":"<p><a href=\"http:\/\/www.lacostituzione.info\/wp-content\/uploads\/2018\/12\/senatoe.jpg\"><img loading=\"lazy\" decoding=\"async\" data-attachment-id=\"5994\" data-permalink=\"https:\/\/www.lacostituzione.info\/index.php\/2018\/12\/25\/lavvocato-del-popolo-e-il-curatore-fallimentare-della-repubblica\/senatoe\/#main\" data-orig-file=\"https:\/\/www.lacostituzione.info\/wp-content\/uploads\/2018\/12\/senatoe.jpg\" data-orig-size=\"800,450\" data-comments-opened=\"1\" data-image-meta=\"{&quot;aperture&quot;:&quot;0&quot;,&quot;credit&quot;:&quot;&quot;,&quot;camera&quot;:&quot;&quot;,&quot;caption&quot;:&quot;&quot;,&quot;created_timestamp&quot;:&quot;0&quot;,&quot;copyright&quot;:&quot;&quot;,&quot;focal_length&quot;:&quot;0&quot;,&quot;iso&quot;:&quot;0&quot;,&quot;shutter_speed&quot;:&quot;0&quot;,&quot;title&quot;:&quot;&quot;,&quot;orientation&quot;:&quot;0&quot;}\" data-image-title=\"senatoe\" data-image-description=\"\" data-image-caption=\"\" data-medium-file=\"https:\/\/www.lacostituzione.info\/wp-content\/uploads\/2018\/12\/senatoe-300x169.jpg\" data-large-file=\"https:\/\/www.lacostituzione.info\/wp-content\/uploads\/2018\/12\/senatoe.jpg\" class=\"alignright size-thumbnail wp-image-5994\" src=\"http:\/\/www.lacostituzione.info\/wp-content\/uploads\/2018\/12\/senatoe-150x150.jpg\" alt=\"\" width=\"150\" height=\"150\" \/><\/a>di <strong>Massimo Cavino<\/strong><\/p>\n<p>Nella seduta del 22 dicembre scorso il Senato ha approvato il disegno di legge di bilancio 2019 (A.S. 981) con una evidente violazione dell\u2019articolo 72 della Costituzione.<!--more--><\/p>\n<p>La vicenda \u00e8 nota.\u00a0Dopo una assai costosa trattativa con la Commissione europea condotta, con sorpresa generale, dal Presidente del Consiglio, \u00e8 stato sottoposto al voto dell\u2019aula di Palazzo Madama il maxiemendamento, che ha stravolto il testo del disegno di legge di bilancio, sul quale il governo ha posto la questione di fiducia prima che la Commissione bilancio potesse esaminarlo.<\/p>\n<p>Qualora il disegno di legge venisse approvato dalla Camera dei deputati ci troveremmo di fronte ad un autentico strappo costituzionale: vale a dire, come ci ha insegnato Esposito, ad una violazione delle norme costituzionali sulla produzione del diritto coronata dal successo.<\/p>\n<p>Quali i possibili rimedi?<\/p>\n<p>I senatori del Partito democratico hanno annunciato un ricorso alla Corte costituzionale per conflitto di attribuzioni avverso il Governo.\u00a0La strada per\u00f2 non \u00e8 percorribile.<\/p>\n<p>Con le ordinanza 163 e 181 del 2018 la Consulta ha ribadito che \u00abil singolo parlamentare non \u00e8 titolare di attribuzioni individuali costituzionalmente protette nei confronti dell\u2019esecutivo, pur restando impregiudicata la questione se in altre situazioni siano configurabili attribuzioni individuali di potere costituzionale, per la cui tutela il singolo parlamentare sia legittimato a ricorrere allo strumento del conflitto tra poteri dello Stato\u00bb (Certo, il secondo comma dell\u2019art.64 Cost. avrebbe potuto stabilire che \u00abi regolamenti delle Camere garantiscono i diritti delle minoranze parlamentari\u00bb. Non \u00e8 andata cos\u00ec: ma questa \u00e8 un\u2019altra storia).<\/p>\n<p>Si potrebbe immaginare un giudizio della Corte costituzionale sulla legittimit\u00e0 della legge di bilancio per vizio di procedura.<\/p>\n<p>Anche questa ipotesi induce per\u00f2 ad alcune perplessit\u00e0.<\/p>\n<p>La giurisprudenza della Corte pare orientata a considerare la formazione di una chiara volont\u00e0 parlamentare prevalente sul rispetto delle procedure. Inoltre il vizio procedurale non potrebbe che investire la legge complessivamente considerata. E ci\u00f2 aprirebbe ad altre questioni relative alla sua natura: si pu\u00f2 infatti dubitare che la legge di bilancio sia costituzionalmente necessaria e che pertanto una declaratoria di illegittimit\u00e0 possa essere solo parziale.<\/p>\n<p>Un ruolo determinante potrebbe essere giocato dal Presidente della Repubblica.<\/p>\n<p>Il Capo dello Stato potrebbe cio\u00e8 fare uso del suo potere di rinvio.<\/p>\n<p>In questo caso il Senato verrebbe messo nelle condizioni di approvare la legge di bilancio nel rispetto dell\u2019articolo 72 Cost.<\/p>\n<p>L\u2019articolo 136 del regolamento del Senato stabilisce infatti che \u00ab1. Se il Presidente della Repubblica, a norma dell&#8217;articolo\u00a0<a href=\"http:\/\/www.senato.it\/1025?sezione=127&amp;articolo_numero_articolo=74\">74<\/a>\u00a0della Costituzione, chiede alle Camere, con messaggio motivato, una nuova deliberazione sopra un disegno di legge gi\u00e0 approvato, questo viene riesaminato dalle Camere con lo stesso ordine seguito nella prima approvazione. 2. Il messaggio comunicato al Senato \u00e8 trasmesso alla Commissione competente. Questa riferisce sul disegno di legge all&#8217;Assemblea, la quale pu\u00f2 limitare la discussione alle parti che formano oggetto del messaggio. Il disegno di legge \u00e8 sottoposto a votazione articolo per articolo, e, quindi, nel suo complesso\u00bb.<\/p>\n<p>Verrebbe recuperata la funzione della commissione bilancio e tutti i Senatori avrebbero la possibilit\u00e0 di conoscere il testo sottoposto al loro voto.<\/p>\n<p>Questo per\u00f2 comporterebbe inevitabilmente il ricorso all\u2019esercizio provvisorio.<\/p>\n<p>La data del 31 dicembre segna infatti la chiusura dell\u2019esercizio finanziario; se, entro tale data, non \u00e8 avvenuta l\u2019approvazione del bilancio da parte delle Camere, il Governo non ha il potere di accertare e riscuotere le entrate e di procedere alle spese. L\u2019istituto dell\u2019esercizio provvisorio \u00e8 stato dunque introdotto proprio per scongiurare la possibilit\u00e0 che il Governo si trovi nell\u2019impossibilit\u00e0 giuridica di svolgere la sua azione.<\/p>\n<p>La disciplina dell\u2019istituto \u00e8 stabilita dal quinto comma dell\u2019articolo 81 della Costituzione che dispone che esso non pu\u00f2 essere concesso se non per legge e periodi non superiori a quattro mesi. L\u2019art. 32 della legge di contabilit\u00e0 e finanza pubblica n. 196 del 2009 &#8211; che riproduce l\u2019articolo 16 della legge n. 468\/78 &#8211; stabilisce, al secondo comma, che \u00abdurante l\u2019esercizio provvisorio la gestione del bilancio \u00e8 consentita per tanti dodicesimi della spesa prevista da ciascun capitolo quanti sono i mesi dell\u2019esercizio provvisorio, ovvero nei limiti della maggiore spesa necessaria, qualora si tratti di spesa obbligatoria e non suscettibile di impegni o di pagamenti frazionati in dodicesimi\u00bb. Il terzo comma specifica che \u00able limitazioni di cui al comma precedente si intendono riferite sia alle autorizzazioni di impegno che a quelle di pagamento\u00bb.<\/p>\n<p>L\u2019esercizio provvisorio \u00e8 inteso come il complesso dei fatti gestori con cui il Governo agisce per un periodo limitato dell\u2019anno finanziario in virt\u00f9 di un\u2019autorizzazione temporanea. Esso rappresenta una deroga al principio dell\u2019annualit\u00e0 del bilancio. Le leggi che si limitano a legittimare il Governo ad esercitare provvisoriamente la gestione del bilancio, sino a quando non sia approvato per legge e non oltre il termine concesso, secondo gli stati di previsione presentati alle Camere e con le disposizioni e modalit\u00e0 previste nel relativo disegno di legge.<\/p>\n<p>L\u2019esercizio provvisorio del bilancio dovrebbe trovare rara applicazione, anche se dalla data di entrata in vigore della Costituzione 42 leggi lo hanno autorizzato.<\/p>\n<p>Certo questa soluzione potrebbe avere pesanti ricadute sull\u2019economia nazionale.<\/p>\n<p>Al Presidente della Repubblica toccher\u00e0 quindi valutare quali conseguenze possa avere il ricorso all\u2019esercizio provvisorio sulla situazione economica generale del paese, e sulla base di tale valutazione scegliere il male minore.<\/p>\n<p>La lungimiranza dell\u2019avvocato del popolo rischia di trasformare il Capo dello Stato nel curatore fallimentare della Repubblica.<\/p>\n<p>&nbsp;<\/p>\n","protected":false},"excerpt":{"rendered":"<p>di Massimo Cavino Nella seduta del 22 dicembre scorso il Senato ha approvato il disegno di legge di bilancio 2019 (A.S. 981) con una evidente violazione dell\u2019articolo 72 della Costituzione.<\/p>\n<div class='heateorSssClear'><\/div><div  class='heateor_sss_sharing_container heateor_sss_horizontal_sharing' data-heateor-sss-href='https:\/\/www.lacostituzione.info\/index.php\/2018\/12\/25\/lavvocato-del-popolo-e-il-curatore-fallimentare-della-repubblica\/'><div class='heateor_sss_sharing_title' style=\"font-weight:bold\" >Condividi!<\/div><div class=\"heateor_sss_sharing_ul\"><a aria-label=\"Facebook\" class=\"heateor_sss_facebook\" href=\"https:\/\/www.facebook.com\/sharer\/sharer.php?u=https%3A%2F%2Fwww.lacostituzione.info%2Findex.php%2F2018%2F12%2F25%2Flavvocato-del-popolo-e-il-curatore-fallimentare-della-repubblica%2F\" title=\"Facebook\" rel=\"nofollow noopener\" target=\"_blank\" style=\"font-size:32px!important;box-shadow:none;display:inline-block;vertical-align:middle\"><span class=\"heateor_sss_svg\" style=\"background-color:#0765FE;width:35px;height:35px;display:inline-block;opacity:1;float:left;font-size:32px;box-shadow:none;display:inline-block;font-size:16px;padding:0 4px;vertical-align:middle;background-repeat:repeat;overflow:hidden;padding:0;cursor:pointer;box-sizing:content-box\"><svg style=\"display:block;\" focusable=\"false\" aria-hidden=\"true\" xmlns=\"http:\/\/www.w3.org\/2000\/svg\" width=\"100%\" height=\"100%\" viewBox=\"0 0 32 32\"><path fill=\"#fff\" d=\"M28 16c0-6.627-5.373-12-12-12S4 9.373 4 16c0 5.628 3.875 10.35 9.101 11.647v-7.98h-2.474V16H13.1v-1.58c0-4.085 1.849-5.978 5.859-5.978.76 0 2.072.15 2.608.298v3.325c-.283-.03-.775-.045-1.386-.045-1.967 0-2.728.745-2.728 2.683V16h3.92l-.673 3.667h-3.247v8.245C23.395 27.195 28 22.135 28 16Z\"><\/path><\/svg><\/span><\/a><a aria-label=\"Twitter\" class=\"heateor_sss_button_twitter\" href=\"https:\/\/twitter.com\/intent\/tweet?text=L%E2%80%99avvocato%20del%20popolo%20e%20il%20curatore%20fallimentare%20della%20Repubblica&url=https%3A%2F%2Fwww.lacostituzione.info%2Findex.php%2F2018%2F12%2F25%2Flavvocato-del-popolo-e-il-curatore-fallimentare-della-repubblica%2F\" title=\"Twitter\" rel=\"nofollow noopener\" target=\"_blank\" style=\"font-size:32px!important;box-shadow:none;display:inline-block;vertical-align:middle\"><span class=\"heateor_sss_svg heateor_sss_s__default heateor_sss_s_twitter\" style=\"background-color:#55acee;width:35px;height:35px;display:inline-block;opacity:1;float:left;font-size:32px;box-shadow:none;display:inline-block;font-size:16px;padding:0 4px;vertical-align:middle;background-repeat:repeat;overflow:hidden;padding:0;cursor:pointer;box-sizing:content-box\"><svg style=\"display:block;\" focusable=\"false\" aria-hidden=\"true\" xmlns=\"http:\/\/www.w3.org\/2000\/svg\" width=\"100%\" height=\"100%\" viewBox=\"-4 -4 39 39\"><path d=\"M28 8.557a9.913 9.913 0 0 1-2.828.775 4.93 4.93 0 0 0 2.166-2.725 9.738 9.738 0 0 1-3.13 1.194 4.92 4.92 0 0 0-3.593-1.55 4.924 4.924 0 0 0-4.794 6.049c-4.09-.21-7.72-2.17-10.15-5.15a4.942 4.942 0 0 0-.665 2.477c0 1.71.87 3.214 2.19 4.1a4.968 4.968 0 0 1-2.23-.616v.06c0 2.39 1.7 4.38 3.952 4.83-.414.115-.85.174-1.297.174-.318 0-.626-.03-.928-.086a4.935 4.935 0 0 0 4.6 3.42 9.893 9.893 0 0 1-6.114 2.107c-.398 0-.79-.023-1.175-.068a13.953 13.953 0 0 0 7.55 2.213c9.056 0 14.01-7.507 14.01-14.013 0-.213-.005-.426-.015-.637.96-.695 1.795-1.56 2.455-2.55z\" fill=\"#fff\"><\/path><\/svg><\/span><\/a><a aria-label=\"Reddit\" class=\"heateor_sss_button_reddit\" href=\"https:\/\/reddit.com\/submit?url=https%3A%2F%2Fwww.lacostituzione.info%2Findex.php%2F2018%2F12%2F25%2Flavvocato-del-popolo-e-il-curatore-fallimentare-della-repubblica%2F&title=L%E2%80%99avvocato%20del%20popolo%20e%20il%20curatore%20fallimentare%20della%20Repubblica\" title=\"Reddit\" rel=\"nofollow noopener\" target=\"_blank\" style=\"font-size:32px!important;box-shadow:none;display:inline-block;vertical-align:middle\"><span class=\"heateor_sss_svg heateor_sss_s__default heateor_sss_s_reddit\" style=\"background-color:#ff5700;width:35px;height:35px;display:inline-block;opacity:1;float:left;font-size:32px;box-shadow:none;display:inline-block;font-size:16px;padding:0 4px;vertical-align:middle;background-repeat:repeat;overflow:hidden;padding:0;cursor:pointer;box-sizing:content-box\"><svg style=\"display:block;\" focusable=\"false\" aria-hidden=\"true\" xmlns=\"http:\/\/www.w3.org\/2000\/svg\" width=\"100%\" height=\"100%\" viewBox=\"-3.5 -3.5 39 39\"><path d=\"M28.543 15.774a2.953 2.953 0 0 0-2.951-2.949 2.882 2.882 0 0 0-1.9.713 14.075 14.075 0 0 0-6.85-2.044l1.38-4.349 3.768.884a2.452 2.452 0 1 0 .24-1.176l-4.274-1a.6.6 0 0 0-.709.4l-1.659 5.224a14.314 14.314 0 0 0-7.316 2.029 2.908 2.908 0 0 0-1.872-.681 2.942 2.942 0 0 0-1.618 5.4 5.109 5.109 0 0 0-.062.765c0 4.158 5.037 7.541 11.229 7.541s11.22-3.383 11.22-7.541a5.2 5.2 0 0 0-.053-.706 2.963 2.963 0 0 0 1.427-2.51zm-18.008 1.88a1.753 1.753 0 0 1 1.73-1.74 1.73 1.73 0 0 1 1.709 1.74 1.709 1.709 0 0 1-1.709 1.711 1.733 1.733 0 0 1-1.73-1.711zm9.565 4.968a5.573 5.573 0 0 1-4.081 1.272h-.032a5.576 5.576 0 0 1-4.087-1.272.6.6 0 0 1 .844-.854 4.5 4.5 0 0 0 3.238.927h.032a4.5 4.5 0 0 0 3.237-.927.6.6 0 1 1 .844.854zm-.331-3.256a1.726 1.726 0 1 1 1.709-1.712 1.717 1.717 0 0 1-1.712 1.712z\" fill=\"#fff\"\/><\/svg><\/span><\/a><a aria-label=\"Linkedin\" class=\"heateor_sss_button_linkedin\" href=\"https:\/\/www.linkedin.com\/sharing\/share-offsite\/?url=https%3A%2F%2Fwww.lacostituzione.info%2Findex.php%2F2018%2F12%2F25%2Flavvocato-del-popolo-e-il-curatore-fallimentare-della-repubblica%2F\" title=\"Linkedin\" rel=\"nofollow noopener\" target=\"_blank\" style=\"font-size:32px!important;box-shadow:none;display:inline-block;vertical-align:middle\"><span class=\"heateor_sss_svg heateor_sss_s__default heateor_sss_s_linkedin\" style=\"background-color:#0077b5;width:35px;height:35px;display:inline-block;opacity:1;float:left;font-size:32px;box-shadow:none;display:inline-block;font-size:16px;padding:0 4px;vertical-align:middle;background-repeat:repeat;overflow:hidden;padding:0;cursor:pointer;box-sizing:content-box\"><svg style=\"display:block;\" focusable=\"false\" aria-hidden=\"true\" xmlns=\"http:\/\/www.w3.org\/2000\/svg\" width=\"100%\" height=\"100%\" viewBox=\"0 0 32 32\"><path d=\"M6.227 12.61h4.19v13.48h-4.19V12.61zm2.095-6.7a2.43 2.43 0 0 1 0 4.86c-1.344 0-2.428-1.09-2.428-2.43s1.084-2.43 2.428-2.43m4.72 6.7h4.02v1.84h.058c.56-1.058 1.927-2.176 3.965-2.176 4.238 0 5.02 2.792 5.02 6.42v7.395h-4.183v-6.56c0-1.564-.03-3.574-2.178-3.574-2.18 0-2.514 1.7-2.514 3.46v6.668h-4.187V12.61z\" fill=\"#fff\"><\/path><\/svg><\/span><\/a><a aria-label=\"Pinterest\" class=\"heateor_sss_button_pinterest\" href=\"https:\/\/www.lacostituzione.info\/index.php\/2018\/12\/25\/lavvocato-del-popolo-e-il-curatore-fallimentare-della-repubblica\/\" onclick=\"event.preventDefault();javascript:void( (function() {var e=document.createElement('script' );e.setAttribute('type','text\/javascript' );e.setAttribute('charset','UTF-8' );e.setAttribute('src','\/\/assets.pinterest.com\/js\/pinmarklet.js?r='+Math.random()*99999999);document.body.appendChild(e)})());\" title=\"Pinterest\" rel=\"noopener\" style=\"font-size:32px!important;box-shadow:none;display:inline-block;vertical-align:middle\"><span class=\"heateor_sss_svg heateor_sss_s__default heateor_sss_s_pinterest\" style=\"background-color:#cc2329;width:35px;height:35px;display:inline-block;opacity:1;float:left;font-size:32px;box-shadow:none;display:inline-block;font-size:16px;padding:0 4px;vertical-align:middle;background-repeat:repeat;overflow:hidden;padding:0;cursor:pointer;box-sizing:content-box\"><svg style=\"display:block;\" focusable=\"false\" aria-hidden=\"true\" xmlns=\"http:\/\/www.w3.org\/2000\/svg\" width=\"100%\" height=\"100%\" viewBox=\"-2 -2 35 35\"><path fill=\"#fff\" d=\"M16.539 4.5c-6.277 0-9.442 4.5-9.442 8.253 0 2.272.86 4.293 2.705 5.046.303.125.574.005.662-.33.061-.231.205-.816.27-1.06.088-.331.053-.447-.191-.736-.532-.627-.873-1.439-.873-2.591 0-3.338 2.498-6.327 6.505-6.327 3.548 0 5.497 2.168 5.497 5.062 0 3.81-1.686 7.025-4.188 7.025-1.382 0-2.416-1.142-2.085-2.545.397-1.674 1.166-3.48 1.166-4.689 0-1.081-.581-1.983-1.782-1.983-1.413 0-2.548 1.462-2.548 3.419 0 1.247.421 2.091.421 2.091l-1.699 7.199c-.505 2.137-.076 4.755-.039 5.019.021.158.223.196.314.077.13-.17 1.813-2.247 2.384-4.324.162-.587.929-3.631.929-3.631.46.876 1.801 1.646 3.227 1.646 4.247 0 7.128-3.871 7.128-9.053.003-3.918-3.317-7.568-8.361-7.568z\"\/><\/svg><\/span><\/a><a aria-label=\"Whatsapp\" class=\"heateor_sss_whatsapp\" href=\"https:\/\/api.whatsapp.com\/send?text=L%E2%80%99avvocato%20del%20popolo%20e%20il%20curatore%20fallimentare%20della%20Repubblica%20https%3A%2F%2Fwww.lacostituzione.info%2Findex.php%2F2018%2F12%2F25%2Flavvocato-del-popolo-e-il-curatore-fallimentare-della-repubblica%2F\" title=\"Whatsapp\" rel=\"nofollow noopener\" target=\"_blank\" style=\"font-size:32px!important;box-shadow:none;display:inline-block;vertical-align:middle\"><span class=\"heateor_sss_svg\" style=\"background-color:#55eb4c;width:35px;height:35px;display:inline-block;opacity:1;float:left;font-size:32px;box-shadow:none;display:inline-block;font-size:16px;padding:0 4px;vertical-align:middle;background-repeat:repeat;overflow:hidden;padding:0;cursor:pointer;box-sizing:content-box\"><svg style=\"display:block;\" focusable=\"false\" aria-hidden=\"true\" xmlns=\"http:\/\/www.w3.org\/2000\/svg\" width=\"100%\" height=\"100%\" viewBox=\"-6 -5 40 40\"><path class=\"heateor_sss_svg_stroke heateor_sss_no_fill\" stroke=\"#fff\" stroke-width=\"2\" fill=\"none\" d=\"M 11.579798566743314 24.396926207859085 A 10 10 0 1 0 6.808479557110079 20.73576436351046\"><\/path><path d=\"M 7 19 l -1 6 l 6 -1\" class=\"heateor_sss_no_fill heateor_sss_svg_stroke\" stroke=\"#fff\" stroke-width=\"2\" fill=\"none\"><\/path><path d=\"M 10 10 q -1 8 8 11 c 5 -1 0 -6 -1 -3 q -4 -3 -5 -5 c 4 -2 -1 -5 -1 -4\" fill=\"#fff\"><\/path><\/svg><\/span><\/a><\/div><div class=\"heateorSssClear\"><\/div><\/div><div class='heateorSssClear'><\/div>","protected":false},"author":17,"featured_media":0,"comment_status":"open","ping_status":"open","sticky":false,"template":"","format":"standard","meta":{"jetpack_post_was_ever_published":false,"_jetpack_newsletter_access":"","_jetpack_dont_email_post_to_subs":false,"_jetpack_newsletter_tier_id":0,"_jetpack_memberships_contains_paywalled_content":false,"_jetpack_memberships_contains_paid_content":false,"footnotes":"","jetpack_publicize_message":"","jetpack_publicize_feature_enabled":true,"jetpack_social_post_already_shared":true,"jetpack_social_options":{"image_generator_settings":{"template":"highway","default_image_id":0,"enabled":false},"version":2}},"categories":[4],"tags":[1360,33,1361],"class_list":["post-5993","post","type-post","status-publish","format-standard","hentry","category-attualita","tag-bilancio-2019","tag-maggioranza","tag-procedure-parlamentari"],"jetpack_publicize_connections":[],"jetpack_featured_media_url":"","jetpack_shortlink":"https:\/\/wp.me\/p84sDq-1yF","jetpack_likes_enabled":true,"jetpack_sharing_enabled":true,"_links":{"self":[{"href":"https:\/\/www.lacostituzione.info\/index.php\/wp-json\/wp\/v2\/posts\/5993","targetHints":{"allow":["GET"]}}],"collection":[{"href":"https:\/\/www.lacostituzione.info\/index.php\/wp-json\/wp\/v2\/posts"}],"about":[{"href":"https:\/\/www.lacostituzione.info\/index.php\/wp-json\/wp\/v2\/types\/post"}],"author":[{"embeddable":true,"href":"https:\/\/www.lacostituzione.info\/index.php\/wp-json\/wp\/v2\/users\/17"}],"replies":[{"embeddable":true,"href":"https:\/\/www.lacostituzione.info\/index.php\/wp-json\/wp\/v2\/comments?post=5993"}],"version-history":[{"count":0,"href":"https:\/\/www.lacostituzione.info\/index.php\/wp-json\/wp\/v2\/posts\/5993\/revisions"}],"wp:attachment":[{"href":"https:\/\/www.lacostituzione.info\/index.php\/wp-json\/wp\/v2\/media?parent=5993"}],"wp:term":[{"taxonomy":"category","embeddable":true,"href":"https:\/\/www.lacostituzione.info\/index.php\/wp-json\/wp\/v2\/categories?post=5993"},{"taxonomy":"post_tag","embeddable":true,"href":"https:\/\/www.lacostituzione.info\/index.php\/wp-json\/wp\/v2\/tags?post=5993"}],"curies":[{"name":"wp","href":"https:\/\/api.w.org\/{rel}","templated":true}]}}