{"id":6019,"date":"2018-12-28T15:56:17","date_gmt":"2018-12-28T14:56:17","guid":{"rendered":"http:\/\/www.lacostituzione.info\/?p=6019"},"modified":"2018-12-28T16:02:58","modified_gmt":"2018-12-28T15:02:58","slug":"il-conflitto-di-attribuzioni-e-la-risposta-giusta-ma-bisogna-farlo-bene","status":"publish","type":"post","link":"https:\/\/www.lacostituzione.info\/index.php\/2018\/12\/28\/il-conflitto-di-attribuzioni-e-la-risposta-giusta-ma-bisogna-farlo-bene\/","title":{"rendered":"Il conflitto di attribuzioni \u00e8 la risposta giusta, ma bisogna farlo bene"},"content":{"rendered":"<p>di <strong><abbr class='c2c-text-hover' title='Professore ordinario di Diritto costituzionale - Universit\u00e0 di Ferrara'>Roberto Bin<\/abbr><a href=\"http:\/\/www.lacostituzione.info\/wp-content\/uploads\/2018\/12\/bilancio.jpg\"><img loading=\"lazy\" decoding=\"async\" data-attachment-id=\"6021\" data-permalink=\"https:\/\/www.lacostituzione.info\/index.php\/2018\/12\/28\/il-conflitto-di-attribuzioni-e-la-risposta-giusta-ma-bisogna-farlo-bene\/bilancio\/#main\" data-orig-file=\"https:\/\/www.lacostituzione.info\/wp-content\/uploads\/2018\/12\/bilancio.jpg\" data-orig-size=\"750,505\" data-comments-opened=\"1\" data-image-meta=\"{&quot;aperture&quot;:&quot;0&quot;,&quot;credit&quot;:&quot;&quot;,&quot;camera&quot;:&quot;&quot;,&quot;caption&quot;:&quot;&quot;,&quot;created_timestamp&quot;:&quot;0&quot;,&quot;copyright&quot;:&quot;&quot;,&quot;focal_length&quot;:&quot;0&quot;,&quot;iso&quot;:&quot;0&quot;,&quot;shutter_speed&quot;:&quot;0&quot;,&quot;title&quot;:&quot;&quot;,&quot;orientation&quot;:&quot;0&quot;}\" data-image-title=\"bilancio\" data-image-description=\"\" data-image-caption=\"\" data-medium-file=\"https:\/\/www.lacostituzione.info\/wp-content\/uploads\/2018\/12\/bilancio-300x202.jpg\" data-large-file=\"https:\/\/www.lacostituzione.info\/wp-content\/uploads\/2018\/12\/bilancio.jpg\" class=\"alignright size-thumbnail wp-image-6021\" src=\"http:\/\/www.lacostituzione.info\/wp-content\/uploads\/2018\/12\/bilancio-150x150.jpg\" alt=\"\" width=\"150\" height=\"150\" \/><\/a><\/strong><\/p>\n<p>Conflitti costituzionali sono insorti in ogni fase della storia dei sistemi politico-costituzionali, ben prima che le costituzioni moderne avanzassero la pretesa di sottoporre al diritto anche il comportamento degli organi politici di vertice, trasformando cos\u00ec i conflitti politici in conflitti giuridici.<!--more--> Il conflitto di attribuzione tra gli organi costituzionali \u00e8 lo strumento con cui la Costituzione affida ad un giudice &#8211; la Corte costituzionale &#8211; il compito di regolare i conflitti che sorgono tra gli organi costituzionali di vertice (per saperne di pi\u00f9 rinvio alla <a href=\"http:\/\/www.robertobin.it\/ARTICOLI\/Conflitti_costituzionali.pdf\">voce dell\u2019Enciclopedia Treccani<\/a>); costituisce l\u2019ultimo dei rimedi possibili per trattenere nel tessuto del diritto e nella disciplina costituzionale le controversie che possono mettere in crisi il delicato sistema di governo. \u00ab<em>Baluardo della costituzione e dell&#8217;ordine democratico<\/em>\u00bb lo defin\u00ec il relatore alla Costituente on. Patricolo (Relazione alla Commissione per la Costituzione, II Sottocommissione). Quindi \u00e8 chiaro che non pu\u00f2 essere uno strumento a cui appellarsi per tutti quegli episodi \u2013 e sono purtroppo tanti \u2013 in cui le forze di maggioranza hanno sforzato le regole e le procedure parlamentari. Tutte le forze politiche sono state colpevoli di queste forzature e, spesso, di veri e propri abusi (\u00e8 dal 1996 che le leggi finanziarie vengono approvate con il <a href=\"https:\/\/eprints.luiss.it\/455\/1\/Lupo_2007_09_OPEN.pdf\" class=\"broken_link\">\u201ctrucco\u201d del maxi-emendamento<\/a>, in cui \u00e8 compresa l\u2019intera legge di bilancio, che poi \u00e8 assistito dal voto di fiducia, cos\u00ec da bloccare qualsiasi emendamento). Per\u00f2 c\u2019\u00e8 un limite oltre al quale non si pu\u00f2 accettare che si vada, e questo limite \u00e8 stato superato dalla procedura di votazione del bilancio 2019 in Senato, come hanno messo bene in luce i contributi di <a href=\"http:\/\/www.lacostituzione.info\/index.php\/2018\/12\/27\/sessione-di-bilancio-2018-una-ferita-costituzionale-che-rischia-di-non-rimarginarsi\/\">Bergonzini<\/a>, <a href=\"http:\/\/www.lacostituzione.info\/index.php\/2018\/12\/26\/lelettore-buon-selvaggio-e-il-parlamento-esautorato-i-mostri-della-nuova-mitologia-politica-e-gli-strumenti-per-fronteggiarli\/\">Morelli<\/a>, <a href=\"http:\/\/www.lacostituzione.info\/index.php\/2018\/12\/25\/in-memoriam-del-giusto-procedimento-legislativo\/\">Curreri<\/a>, <a href=\"http:\/\/www.lacostituzione.info\/index.php\/2018\/12\/25\/lavvocato-del-popolo-e-il-curatore-fallimentare-della-repubblica\/\">Cavino<\/a> e <a href=\"http:\/\/www.lacostituzione.info\/index.php\/2018\/12\/25\/come-si-puo-deliberare-senza-conoscere\/\">Di Cosimo<\/a> in questo giornale.<\/p>\n<p>Ci sarebbero ragioni sufficienti per un rifiuto da parte del Presidente della Repubblica di promulgare la legge, rinviandola alle Camere (vedi in particolare <a href=\"http:\/\/www.lacostituzione.info\/index.php\/2018\/12\/25\/lavvocato-del-popolo-e-il-curatore-fallimentare-della-repubblica\/\">Cavino<\/a>). Le conseguenze sarebbero per\u00f2 enormi, perch\u00e9 verrebbe esteso il conflitto costituzionale coinvolgendovi anche il Capo dello Stato; per non dire poi dello shock di iniziare l\u2019anno senza un bilancio di previsione, lasciando i risparmiatori alla merc\u00e9 dei mercati finanziari. \u00c8 probabile perci\u00f2 che Mattarella promulgher\u00e0 la legge (quando finalmente verr\u00e0 approvata), accompagnando per\u00f2 la firma con un messaggio di monito e \u2013 forse \u2013 persino di aperta censura. Di pi\u00f9 non mi sembra che gli si possa chiedere n\u00e9 convenga augurarsi.<\/p>\n<p>Resta per\u00f2 lo strumento del conflitto di attribuzione.<\/p>\n<p>Suscita sorpresa la prudenza, se non lo scetticismo, con cui i costituzionalisti, anche in questo giornale, giudicano l\u2019ipotesi del conflitto. De Siervo, per esempio, nell\u2019<a href=\"https:\/\/rep.repubblica.it\/pwa\/intervista\/2018\/12\/23\/news\/de_siervo_manovra_consulta-214993345\/\">intervista rilasciata a <em>Repubblica<\/em><\/a>, interrogato sulla possibilit\u00e0 che il PD sollevi conflitto, risponde \u00ab<em>No, assolutamente. Anche se ci sono motivi gravi di allarme istituzionale, non \u00e8 questa la via che pu\u00f2 essere seguita<\/em>\u00bb. Non gli si pu\u00f2 dare torto, un partito non \u00e8 un \u00abpotere dello Stato\u00bb. Ma questo significa soltanto che il conflitto va sollevato bene, non che non possa essere sollevato.<\/p>\n<p>\u00c8 vero che sinora la Corte costituzionale ha dichiarato inammissibili i tentativi di promuovere conflitti contro gli abusi nelle procedure parlamentari. Ma sono stati conflitti molto mal formulati, perch\u00e9 promossi da singoli senatori (<a href=\"http:\/\/www.giurcost.org\/decisioni\/2016\/0149o-16.html\">ord. 149\/2016<\/a>), da singoli parlamentari \u201canche a nome\u201d del gruppo di appartenenza (<a href=\"http:\/\/www.giurcost.org\/decisioni\/2017\/0280o-17.html\">ord. 280\/2017<\/a>) o da un partito (<a href=\"http:\/\/www.giurcost.org\/decisioni\/2006\/0079o-06.html\">ord. 79\/2006<\/a>): tutti soggetti che non possono essere ritenuti \u201cpoteri dello Stato\u201d, sono visibilmente inadeguati a ricorrere alla Corte, specie se poi non si \u00e8 in grado di individuare con precisione di quale \u00abattribuzione costituzionale\u00bb sarebbero titolari.<\/p>\n<p>Questo \u00e8 il punto. <em>Se<\/em> davvero si vuole sollevare il conflitto \u2013 \u00e8 un <em>se<\/em> perch\u00e9 non mi \u00e8 mai stato chiaro quanto fosse vera la volont\u00e0 dei partiti di far intervenire il <em>giudice costituzionale<\/em> nelle vicende della politica, sempre tutelate da una certa omert\u00e0 dei politici \u2013 bisogna sollevarlo bene, non al solo fine di pubblicare sui giornali la notizia che lo sdegno \u00e8 tale da chiamare in causa la Corte costituzionale (mi ricorda un po\u2019 la prassi di annunciare la querela contro i giornali che pubblicano notizie non gradite, a cui poi non segue nulla di fatto).<\/p>\n<p>Per sollevare un conflitto ben formulato occorre precisare (a) quale sia il soggetto che agisce, (b) quale sia la <em>sua<\/em> attribuzione che si ritiene lesa, (c) quale sia l\u2019organo che a cui si addebita la lesione, (d) quale l\u2019atto lesivo e (e) che cosa si chiede alla Corte costituzionale.<\/p>\n<p>Quanto al soggetto che agisce, posto che non pu\u00f2 essere un partito, non resta che l\u2019ipotesi del gruppo parlamentare. La giurisprudenza costituzionale ha sempre considerato i gruppi parlamentari un\u2019istituzione di rilevo costituzionale: come pi\u00f9 volte ha ripetuto, essi sono \u00ab<em>il riflesso istituzionale del pluralismo politico<\/em>\u00bb (<a href=\"http:\/\/www.giurcost.org\/decisioni\/2004\/0298s-04.html\">sent. 298\/2004<\/a>, <a href=\"http:\/\/www.giurcost.org\/decisioni\/1988\/1130s-88.html\">1130\/1988<\/a>,\u00a0<a href=\"http:\/\/www.giurcost.org\/decisioni\/1998\/0049s-98.html\">49\/1998<\/a>, ma anche <a href=\"http:\/\/www.giurcost.org\/decisioni\/2005\/0337s-05.html\">337\/2005<\/a>). Del resto il ruolo dei gruppi \u00e8 espressamente citato in Costituzione, agli art. 72.3 e 82.2. Naturalmente bisogna che vi sia una delibera formale del gruppo, come \u00e8 indicato implicitamente nella gi\u00e0 citata <a href=\"http:\/\/www.giurcost.org\/decisioni\/2017\/0280o-17.html\">ord. 280\/2017<\/a>.<\/p>\n<p>L\u2019attribuzione lesa non \u00e8 difficile da individuare. \u00c8 il ruolo che i gruppi parlamentari e i loro aderenti svolgono nel dibattito parlamentare, sia in Commissione che in Aula. Vorr\u00e0 pur dire qualcosa che l\u2019art. 72.1 Cost. disponga che ogni disegno di legge debba essere \u00ab<em>esaminato da una Commissione e poi dalla Camera stessa, che l&#8217;approva articolo per articolo e con votazione finale<\/em>\u00bb, e che per di pi\u00f9 vieti che la legge di bilancio sia approvata con procedimenti diversi da quello normale (art. 72.4). A che servirebbe garantire il ruolo dei gruppi nella formazione delle Commissioni se poi le Commissioni non sono messe nella condizione di esaminare il testo di legge che si sottopone all\u2019approvazione del Senato? Naturalmente il ricorso dovr\u00e0 essere molto attento a non limitarsi ad una denuncia generica della violazione delle procedure, ma molto preciso ad indicare gli episodi che hanno segnato la violazione delle prerogative dei gruppi e che non siano semplicemente violazioni di norme dei regolamenti interni del Senato (sul cui rispetto la Corte non vuole essere chiamata a giudicare). \u00c8 il concetto di \u201cesame\u201d del disegno di legge che va approfondito, per trarne le necessarie implicazioni.<\/p>\n<p>Chi ha leso le prerogative dei gruppi? Certamente il Governo, presentando in Aula un maxi-emendamento che riscrive il bilancio di previsione e bloccandone la discussione attraverso la posizione della questione di fiducia; e sicuramente il Presidente del Senato, che ha ammesso sia il maxi-emendamento sia la questione di fiducia, bloccando l\u2019esame del maxi-emendamento in Commissione e in Aula.<\/p>\n<p>Che cosa si chiede alla Corte? Non credo convenga chiedere l\u2019annullamento dell\u2019atto prodotto con la violazione delle procedure, cio\u00e8 della legge di bilancio. Caricherebbe la Corte di una responsabilit\u00e0 assai grave, bloccando la gestione delle entrate e delle spese e facendo retroattivamente cadere tutti gli atti di esecuzione del bilancio nel frattempo prodotti. L\u2019annullamento dell\u2019atto prodotto da una serie di procedure viziate non \u00e8 una conseguenza necessaria: l\u2019art. 38 della legge 87\/1953 dispone che decidendo il conflitto la Corte \u00ab<em>dichiara il potere al quale spettano le attribuzioni in contestazione e, ove sia stato emanato un atto viziato da incompetenza, lo annulla\u00bb<\/em>. Se gli atti che danno origine al conflitto sono attinenti alla presentazione del maxiemendamento e al voto di fiducia, quelli semmai andrebbero annullati: ma avrebbe senso chiederlo? Probabilmente l\u2019eventuale annullamento non avrebbe neppure come conseguenza necessaria l\u2019invalidit\u00e0 della legge di bilancio (ci sarebbe un \u00abvizio di incompetenza\u00bb?): almeno non come conseguenza immediata dell\u2019accoglimento del conflitto. Per cui prudenza e saggezza vorrebbero che i ricorrenti si limitassero a chiedere alla Corte di dichiarare \u201cche non spetta\u201d al Governo e al Presidente del Senato di procedere come hanno proceduto. Forse almeno servirebbe a sconsigliare di ripetere in futuro procedure cos\u00ec palesemente incostituzionali, e cos\u00ec fornire alle opposizioni future il precedente da invocare per bloccarle subito con un altro ricorso alla Corte.<\/p>\n<p>La Corte costituzionale ha dato dimostrazione, nell\u2019occasione dei giudizi sulle leggi elettorali, di grande preoccupazione per i mutamenti di fatto del sistema rappresentativo e delle \u00abzone grigie\u00bb che in esso si celano, in cui \u00e8 difficile garantire il rispetto delle regole costituzionali a cui la stessa Corte \u00e8 preposta. Nelle procedure parlamentari di approvazione delle leggi \u2013 e di quelle a contenuto altamente politico, in particolare \u2013 le zone grigie si rivelano molto estese, anche perch\u00e9 la Corte si \u00e8 sempre trattenuta in disparte. Ora per\u00f2, davanti all\u2019evidente e anche tracotante disprezzo delle garanzie pi\u00f9 elementari del ruolo del Parlamento, anche l\u2019atteggiamento della Corte dovr\u00e0 cambiare.<\/p>\n","protected":false},"excerpt":{"rendered":"<p>di <abbr class='c2c-text-hover' title='Professore ordinario di Diritto costituzionale - Universit\u00e0 di Ferrara'>Roberto Bin<\/abbr> Conflitti costituzionali sono insorti in ogni fase della storia dei sistemi politico-costituzionali, ben prima che le costituzioni moderne avanzassero la pretesa di sottoporre al diritto anche il comportamento degli organi politici di vertice, trasformando cos\u00ec i conflitti politici in conflitti giuridici.<\/p>\n<div class='heateorSssClear'><\/div><div  class='heateor_sss_sharing_container heateor_sss_horizontal_sharing' data-heateor-sss-href='https:\/\/www.lacostituzione.info\/index.php\/2018\/12\/28\/il-conflitto-di-attribuzioni-e-la-risposta-giusta-ma-bisogna-farlo-bene\/'><div class='heateor_sss_sharing_title' style=\"font-weight:bold\" >Condividi!<\/div><div class=\"heateor_sss_sharing_ul\"><a aria-label=\"Facebook\" class=\"heateor_sss_facebook\" href=\"https:\/\/www.facebook.com\/sharer\/sharer.php?u=https%3A%2F%2Fwww.lacostituzione.info%2Findex.php%2F2018%2F12%2F28%2Fil-conflitto-di-attribuzioni-e-la-risposta-giusta-ma-bisogna-farlo-bene%2F\" title=\"Facebook\" rel=\"nofollow noopener\" target=\"_blank\" style=\"font-size:32px!important;box-shadow:none;display:inline-block;vertical-align:middle\"><span class=\"heateor_sss_svg\" style=\"background-color:#0765FE;width:35px;height:35px;display:inline-block;opacity:1;float:left;font-size:32px;box-shadow:none;display:inline-block;font-size:16px;padding:0 4px;vertical-align:middle;background-repeat:repeat;overflow:hidden;padding:0;cursor:pointer;box-sizing:content-box\"><svg style=\"display:block;\" focusable=\"false\" aria-hidden=\"true\" xmlns=\"http:\/\/www.w3.org\/2000\/svg\" width=\"100%\" height=\"100%\" viewBox=\"0 0 32 32\"><path fill=\"#fff\" d=\"M28 16c0-6.627-5.373-12-12-12S4 9.373 4 16c0 5.628 3.875 10.35 9.101 11.647v-7.98h-2.474V16H13.1v-1.58c0-4.085 1.849-5.978 5.859-5.978.76 0 2.072.15 2.608.298v3.325c-.283-.03-.775-.045-1.386-.045-1.967 0-2.728.745-2.728 2.683V16h3.92l-.673 3.667h-3.247v8.245C23.395 27.195 28 22.135 28 16Z\"><\/path><\/svg><\/span><\/a><a aria-label=\"Twitter\" class=\"heateor_sss_button_twitter\" href=\"https:\/\/twitter.com\/intent\/tweet?text=Il%20conflitto%20di%20attribuzioni%20%C3%A8%20la%20risposta%20giusta%2C%20ma%20bisogna%20farlo%20bene&url=https%3A%2F%2Fwww.lacostituzione.info%2Findex.php%2F2018%2F12%2F28%2Fil-conflitto-di-attribuzioni-e-la-risposta-giusta-ma-bisogna-farlo-bene%2F\" title=\"Twitter\" rel=\"nofollow noopener\" target=\"_blank\" style=\"font-size:32px!important;box-shadow:none;display:inline-block;vertical-align:middle\"><span class=\"heateor_sss_svg heateor_sss_s__default heateor_sss_s_twitter\" style=\"background-color:#55acee;width:35px;height:35px;display:inline-block;opacity:1;float:left;font-size:32px;box-shadow:none;display:inline-block;font-size:16px;padding:0 4px;vertical-align:middle;background-repeat:repeat;overflow:hidden;padding:0;cursor:pointer;box-sizing:content-box\"><svg style=\"display:block;\" focusable=\"false\" aria-hidden=\"true\" xmlns=\"http:\/\/www.w3.org\/2000\/svg\" width=\"100%\" height=\"100%\" viewBox=\"-4 -4 39 39\"><path d=\"M28 8.557a9.913 9.913 0 0 1-2.828.775 4.93 4.93 0 0 0 2.166-2.725 9.738 9.738 0 0 1-3.13 1.194 4.92 4.92 0 0 0-3.593-1.55 4.924 4.924 0 0 0-4.794 6.049c-4.09-.21-7.72-2.17-10.15-5.15a4.942 4.942 0 0 0-.665 2.477c0 1.71.87 3.214 2.19 4.1a4.968 4.968 0 0 1-2.23-.616v.06c0 2.39 1.7 4.38 3.952 4.83-.414.115-.85.174-1.297.174-.318 0-.626-.03-.928-.086a4.935 4.935 0 0 0 4.6 3.42 9.893 9.893 0 0 1-6.114 2.107c-.398 0-.79-.023-1.175-.068a13.953 13.953 0 0 0 7.55 2.213c9.056 0 14.01-7.507 14.01-14.013 0-.213-.005-.426-.015-.637.96-.695 1.795-1.56 2.455-2.55z\" fill=\"#fff\"><\/path><\/svg><\/span><\/a><a aria-label=\"Reddit\" class=\"heateor_sss_button_reddit\" href=\"https:\/\/reddit.com\/submit?url=https%3A%2F%2Fwww.lacostituzione.info%2Findex.php%2F2018%2F12%2F28%2Fil-conflitto-di-attribuzioni-e-la-risposta-giusta-ma-bisogna-farlo-bene%2F&title=Il%20conflitto%20di%20attribuzioni%20%C3%A8%20la%20risposta%20giusta%2C%20ma%20bisogna%20farlo%20bene\" title=\"Reddit\" rel=\"nofollow noopener\" target=\"_blank\" style=\"font-size:32px!important;box-shadow:none;display:inline-block;vertical-align:middle\"><span class=\"heateor_sss_svg heateor_sss_s__default heateor_sss_s_reddit\" style=\"background-color:#ff5700;width:35px;height:35px;display:inline-block;opacity:1;float:left;font-size:32px;box-shadow:none;display:inline-block;font-size:16px;padding:0 4px;vertical-align:middle;background-repeat:repeat;overflow:hidden;padding:0;cursor:pointer;box-sizing:content-box\"><svg style=\"display:block;\" focusable=\"false\" aria-hidden=\"true\" xmlns=\"http:\/\/www.w3.org\/2000\/svg\" width=\"100%\" height=\"100%\" viewBox=\"-3.5 -3.5 39 39\"><path d=\"M28.543 15.774a2.953 2.953 0 0 0-2.951-2.949 2.882 2.882 0 0 0-1.9.713 14.075 14.075 0 0 0-6.85-2.044l1.38-4.349 3.768.884a2.452 2.452 0 1 0 .24-1.176l-4.274-1a.6.6 0 0 0-.709.4l-1.659 5.224a14.314 14.314 0 0 0-7.316 2.029 2.908 2.908 0 0 0-1.872-.681 2.942 2.942 0 0 0-1.618 5.4 5.109 5.109 0 0 0-.062.765c0 4.158 5.037 7.541 11.229 7.541s11.22-3.383 11.22-7.541a5.2 5.2 0 0 0-.053-.706 2.963 2.963 0 0 0 1.427-2.51zm-18.008 1.88a1.753 1.753 0 0 1 1.73-1.74 1.73 1.73 0 0 1 1.709 1.74 1.709 1.709 0 0 1-1.709 1.711 1.733 1.733 0 0 1-1.73-1.711zm9.565 4.968a5.573 5.573 0 0 1-4.081 1.272h-.032a5.576 5.576 0 0 1-4.087-1.272.6.6 0 0 1 .844-.854 4.5 4.5 0 0 0 3.238.927h.032a4.5 4.5 0 0 0 3.237-.927.6.6 0 1 1 .844.854zm-.331-3.256a1.726 1.726 0 1 1 1.709-1.712 1.717 1.717 0 0 1-1.712 1.712z\" fill=\"#fff\"\/><\/svg><\/span><\/a><a aria-label=\"Linkedin\" class=\"heateor_sss_button_linkedin\" href=\"https:\/\/www.linkedin.com\/sharing\/share-offsite\/?url=https%3A%2F%2Fwww.lacostituzione.info%2Findex.php%2F2018%2F12%2F28%2Fil-conflitto-di-attribuzioni-e-la-risposta-giusta-ma-bisogna-farlo-bene%2F\" title=\"Linkedin\" rel=\"nofollow noopener\" target=\"_blank\" style=\"font-size:32px!important;box-shadow:none;display:inline-block;vertical-align:middle\"><span class=\"heateor_sss_svg heateor_sss_s__default heateor_sss_s_linkedin\" style=\"background-color:#0077b5;width:35px;height:35px;display:inline-block;opacity:1;float:left;font-size:32px;box-shadow:none;display:inline-block;font-size:16px;padding:0 4px;vertical-align:middle;background-repeat:repeat;overflow:hidden;padding:0;cursor:pointer;box-sizing:content-box\"><svg style=\"display:block;\" focusable=\"false\" aria-hidden=\"true\" xmlns=\"http:\/\/www.w3.org\/2000\/svg\" width=\"100%\" height=\"100%\" viewBox=\"0 0 32 32\"><path d=\"M6.227 12.61h4.19v13.48h-4.19V12.61zm2.095-6.7a2.43 2.43 0 0 1 0 4.86c-1.344 0-2.428-1.09-2.428-2.43s1.084-2.43 2.428-2.43m4.72 6.7h4.02v1.84h.058c.56-1.058 1.927-2.176 3.965-2.176 4.238 0 5.02 2.792 5.02 6.42v7.395h-4.183v-6.56c0-1.564-.03-3.574-2.178-3.574-2.18 0-2.514 1.7-2.514 3.46v6.668h-4.187V12.61z\" fill=\"#fff\"><\/path><\/svg><\/span><\/a><a aria-label=\"Pinterest\" class=\"heateor_sss_button_pinterest\" href=\"https:\/\/www.lacostituzione.info\/index.php\/2018\/12\/28\/il-conflitto-di-attribuzioni-e-la-risposta-giusta-ma-bisogna-farlo-bene\/\" onclick=\"event.preventDefault();javascript:void( (function() {var e=document.createElement('script' );e.setAttribute('type','text\/javascript' );e.setAttribute('charset','UTF-8' );e.setAttribute('src','\/\/assets.pinterest.com\/js\/pinmarklet.js?r='+Math.random()*99999999);document.body.appendChild(e)})());\" title=\"Pinterest\" rel=\"noopener\" style=\"font-size:32px!important;box-shadow:none;display:inline-block;vertical-align:middle\"><span class=\"heateor_sss_svg heateor_sss_s__default heateor_sss_s_pinterest\" style=\"background-color:#cc2329;width:35px;height:35px;display:inline-block;opacity:1;float:left;font-size:32px;box-shadow:none;display:inline-block;font-size:16px;padding:0 4px;vertical-align:middle;background-repeat:repeat;overflow:hidden;padding:0;cursor:pointer;box-sizing:content-box\"><svg style=\"display:block;\" focusable=\"false\" aria-hidden=\"true\" xmlns=\"http:\/\/www.w3.org\/2000\/svg\" width=\"100%\" height=\"100%\" viewBox=\"-2 -2 35 35\"><path fill=\"#fff\" d=\"M16.539 4.5c-6.277 0-9.442 4.5-9.442 8.253 0 2.272.86 4.293 2.705 5.046.303.125.574.005.662-.33.061-.231.205-.816.27-1.06.088-.331.053-.447-.191-.736-.532-.627-.873-1.439-.873-2.591 0-3.338 2.498-6.327 6.505-6.327 3.548 0 5.497 2.168 5.497 5.062 0 3.81-1.686 7.025-4.188 7.025-1.382 0-2.416-1.142-2.085-2.545.397-1.674 1.166-3.48 1.166-4.689 0-1.081-.581-1.983-1.782-1.983-1.413 0-2.548 1.462-2.548 3.419 0 1.247.421 2.091.421 2.091l-1.699 7.199c-.505 2.137-.076 4.755-.039 5.019.021.158.223.196.314.077.13-.17 1.813-2.247 2.384-4.324.162-.587.929-3.631.929-3.631.46.876 1.801 1.646 3.227 1.646 4.247 0 7.128-3.871 7.128-9.053.003-3.918-3.317-7.568-8.361-7.568z\"\/><\/svg><\/span><\/a><a aria-label=\"Whatsapp\" class=\"heateor_sss_whatsapp\" href=\"https:\/\/api.whatsapp.com\/send?text=Il%20conflitto%20di%20attribuzioni%20%C3%A8%20la%20risposta%20giusta%2C%20ma%20bisogna%20farlo%20bene%20https%3A%2F%2Fwww.lacostituzione.info%2Findex.php%2F2018%2F12%2F28%2Fil-conflitto-di-attribuzioni-e-la-risposta-giusta-ma-bisogna-farlo-bene%2F\" title=\"Whatsapp\" rel=\"nofollow noopener\" target=\"_blank\" style=\"font-size:32px!important;box-shadow:none;display:inline-block;vertical-align:middle\"><span class=\"heateor_sss_svg\" style=\"background-color:#55eb4c;width:35px;height:35px;display:inline-block;opacity:1;float:left;font-size:32px;box-shadow:none;display:inline-block;font-size:16px;padding:0 4px;vertical-align:middle;background-repeat:repeat;overflow:hidden;padding:0;cursor:pointer;box-sizing:content-box\"><svg style=\"display:block;\" focusable=\"false\" aria-hidden=\"true\" xmlns=\"http:\/\/www.w3.org\/2000\/svg\" width=\"100%\" height=\"100%\" viewBox=\"-6 -5 40 40\"><path class=\"heateor_sss_svg_stroke heateor_sss_no_fill\" stroke=\"#fff\" stroke-width=\"2\" fill=\"none\" d=\"M 11.579798566743314 24.396926207859085 A 10 10 0 1 0 6.808479557110079 20.73576436351046\"><\/path><path d=\"M 7 19 l -1 6 l 6 -1\" class=\"heateor_sss_no_fill heateor_sss_svg_stroke\" stroke=\"#fff\" stroke-width=\"2\" fill=\"none\"><\/path><path d=\"M 10 10 q -1 8 8 11 c 5 -1 0 -6 -1 -3 q -4 -3 -5 -5 c 4 -2 -1 -5 -1 -4\" fill=\"#fff\"><\/path><\/svg><\/span><\/a><\/div><div class=\"heateorSssClear\"><\/div><\/div><div class='heateorSssClear'><\/div>","protected":false},"author":3,"featured_media":0,"comment_status":"open","ping_status":"open","sticky":false,"template":"","format":"standard","meta":{"jetpack_post_was_ever_published":false,"_jetpack_newsletter_access":"","_jetpack_dont_email_post_to_subs":false,"_jetpack_newsletter_tier_id":0,"_jetpack_memberships_contains_paywalled_content":false,"_jetpack_memberships_contains_paid_content":false,"footnotes":"","jetpack_publicize_message":"","jetpack_publicize_feature_enabled":true,"jetpack_social_post_already_shared":true,"jetpack_social_options":{"image_generator_settings":{"template":"highway","default_image_id":0,"enabled":false},"version":2}},"categories":[4],"tags":[1360,1362,33,1361],"class_list":["post-6019","post","type-post","status-publish","format-standard","hentry","category-attualita","tag-bilancio-2019","tag-conflitto-di-attribuzioni","tag-maggioranza","tag-procedure-parlamentari"],"jetpack_publicize_connections":[],"jetpack_featured_media_url":"","jetpack_shortlink":"https:\/\/wp.me\/p84sDq-1z5","jetpack_likes_enabled":true,"jetpack_sharing_enabled":true,"_links":{"self":[{"href":"https:\/\/www.lacostituzione.info\/index.php\/wp-json\/wp\/v2\/posts\/6019","targetHints":{"allow":["GET"]}}],"collection":[{"href":"https:\/\/www.lacostituzione.info\/index.php\/wp-json\/wp\/v2\/posts"}],"about":[{"href":"https:\/\/www.lacostituzione.info\/index.php\/wp-json\/wp\/v2\/types\/post"}],"author":[{"embeddable":true,"href":"https:\/\/www.lacostituzione.info\/index.php\/wp-json\/wp\/v2\/users\/3"}],"replies":[{"embeddable":true,"href":"https:\/\/www.lacostituzione.info\/index.php\/wp-json\/wp\/v2\/comments?post=6019"}],"version-history":[{"count":0,"href":"https:\/\/www.lacostituzione.info\/index.php\/wp-json\/wp\/v2\/posts\/6019\/revisions"}],"wp:attachment":[{"href":"https:\/\/www.lacostituzione.info\/index.php\/wp-json\/wp\/v2\/media?parent=6019"}],"wp:term":[{"taxonomy":"category","embeddable":true,"href":"https:\/\/www.lacostituzione.info\/index.php\/wp-json\/wp\/v2\/categories?post=6019"},{"taxonomy":"post_tag","embeddable":true,"href":"https:\/\/www.lacostituzione.info\/index.php\/wp-json\/wp\/v2\/tags?post=6019"}],"curies":[{"name":"wp","href":"https:\/\/api.w.org\/{rel}","templated":true}]}}