{"id":6079,"date":"2019-01-12T13:38:28","date_gmt":"2019-01-12T12:38:28","guid":{"rendered":"http:\/\/www.lacostituzione.info\/?p=6079"},"modified":"2019-01-12T13:38:28","modified_gmt":"2019-01-12T12:38:28","slug":"loccasione-persa","status":"publish","type":"post","link":"https:\/\/www.lacostituzione.info\/index.php\/2019\/01\/12\/loccasione-persa\/","title":{"rendered":"L\u2019occasione persa"},"content":{"rendered":"<p style=\"text-align: center;\"><a href=\"http:\/\/www.lacostituzione.info\/wp-content\/uploads\/2018\/12\/senatob.jpg\"><img loading=\"lazy\" decoding=\"async\" data-attachment-id=\"5985\" data-permalink=\"https:\/\/www.lacostituzione.info\/index.php\/2018\/12\/25\/in-memoriam-del-giusto-procedimento-legislativo\/senatob\/#main\" data-orig-file=\"https:\/\/www.lacostituzione.info\/wp-content\/uploads\/2018\/12\/senatob.jpg\" data-orig-size=\"1000,667\" data-comments-opened=\"1\" data-image-meta=\"{&quot;aperture&quot;:&quot;0&quot;,&quot;credit&quot;:&quot;&quot;,&quot;camera&quot;:&quot;&quot;,&quot;caption&quot;:&quot;&quot;,&quot;created_timestamp&quot;:&quot;0&quot;,&quot;copyright&quot;:&quot;&quot;,&quot;focal_length&quot;:&quot;0&quot;,&quot;iso&quot;:&quot;0&quot;,&quot;shutter_speed&quot;:&quot;0&quot;,&quot;title&quot;:&quot;&quot;,&quot;orientation&quot;:&quot;0&quot;}\" data-image-title=\"senatob\" data-image-description=\"\" data-image-caption=\"\" data-medium-file=\"https:\/\/www.lacostituzione.info\/wp-content\/uploads\/2018\/12\/senatob-300x200.jpg\" data-large-file=\"https:\/\/www.lacostituzione.info\/wp-content\/uploads\/2018\/12\/senatob.jpg\" class=\"aligncenter size-thumbnail wp-image-5985\" src=\"http:\/\/www.lacostituzione.info\/wp-content\/uploads\/2018\/12\/senatob-150x150.jpg\" alt=\"\" width=\"150\" height=\"150\" \/><\/a>di\u00a0<strong>Salvatore Curreri<\/strong><\/p>\n<p>Per quanto prevedibile alla luce della precedente giurisprudenza costituzionale in tema di <em>interna corporis<\/em>, la decisione della Corte costituzionale circa l\u2019inammissibilit\u00e0 del conflitto di attribuzioni sollevato dai senatori del Partito democratico a seguito della compressione dei tempi parlamentari di esame della legge di bilancio, suscita comunque parecchia delusione.<!--more--><\/p>\n<p>Premesso che, ovviamente, si dovr\u00e0 attendere il deposito della sentenza per svolgere considerazioni pi\u00f9 circostanziate, il <a href=\"https:\/\/www.cortecostituzionale.it\/documenti\/comunicatistampa\/CC_CS_20190110182534.pdf\">comunicato stampa del 10 gennaio<\/a> solleva pi\u00f9 di una perplessit\u00e0 sotto entrambi i profili \u2013 soggettivo e oggettivo \u2013 interessati dal ricorso.<\/p>\n<p>Sotto il profilo soggettivo, cio\u00e8 della legittimazione a presentare ricorso per conflitto di attribuzioni a tutela delle attribuzioni costituzionali, il comunicato fa riferimento solo ai singoli parlamentari. Sembrerebbe, dunque, che non abbiano titolo a sollevare ricorso gli altri soggetti menzionati anche a nome del quale era stato presentato ricorso: minoranze parlamentari qualificate (un decimo), gruppo parlamentare, opposizione. Il che pare confermare che si tratta di soggetti non titolari di proprie attribuzioni costituzionali ma, tutt\u2019al pi\u00f9, forme o strumenti attraverso cui il parlamentare esercita la sua funzione.<\/p>\n<p>Circa la legittimazione del singolo parlamentare a sollevare conflitto di attribuzioni, come noto la Corte costituzionale, pur dichiarandolo finora inammissibile (ordinanze nn. 163\/2018, 277\/2017, 149\/2016, 177\/1998) ha sempre lasciato \u201cimpregiudicata la questione se in altre situazioni siano configurabili attribuzioni individuali di potere costituzionale, per la cui tutela il singolo parlamentare sia legittimato a ricorrere allo strumento del conflitto tra poteri dello Stato\u201d.<\/p>\n<p>Nel comunicato, la Corte ora afferma che \u201cha anzitutto ritenuto che i singoli parlamentari sono legittimati a sollevare conflitto di attribuzioni davanti alla Corte costituzionale in caso di violazioni gravi e manifeste delle prerogative che la Costituzione attribuisce loro\u201d. Dal che, per\u00f2, non si comprende se la Corte abbia dichiarato ammissibile il ricorso dei singoli parlamentari a tutela delle loro prerogative solo in caso di violazioni grave e manifeste solo in astratto, non riscontrate come vedremo nel caso specifico (il che costituirebbe un passo indietro rispetto alle precedenti citate ordinanze in cui si faceva generale riferimento ad \u201cattribuzioni individuali di potere costituzionale\u201d); oppure l\u2019abbia dichiarato ammissibile (per la prima volta!) nel caso specifico, ritenendo piuttosto il conflitto inammissibile solo sotto il profilo oggettivo.<\/p>\n<p>Sotto quest\u2019ultimo profilo, la Corte ammette che per l\u2019approvazione del bilancio 2019 vi sia stata una \u201ccontrazione dei lavori\u201d parlamentari \u201cdeterminata da un insieme di fattori derivanti sia da specifiche esigenze di contesto sia da consolidate prassi parlamentari ultradecennali sia da nuove regole procedimentali\u201d; \u201ctutti (\u2026) fattori [che] hanno concorso a un\u2019anomala accelerazione dei lavori del Senato, anche per rispettare le scadenze di fine anno imposte dalla Costituzione e dalle relative norme di attuazione, oltre che dai vincoli europei\u201d.<\/p>\n<p>Tutti argomenti che sollevano diversi interrogativi: in che senso le nuove regole parlamentari approvate dal Senato nel 2017 hanno contribuito alla contrazione dei lavori parlamentari? Si vuol forse dire che, anzich\u00e9 migliorare, hanno peggiorato la disciplina della sessione di bilancio, appesantendola? Il rispetto delle scadenze di fine anno per l\u2019approvazione del bilancio pu\u00f2 dirsi imposto da una Costituzione che prevede l\u2019esercizio provvisorio? In che rapporto si pone il riferimento alle \u201cconsolidate prassi parlamentari\u201d rispetto alla potest\u00e0 regolamentare di ciascuna camera che si esercita primariamente attraverso il regolamento che ciascuna camera deve approvare a maggioranza assoluta ex art. 64.1 Cost.? In tale contesto, che forza vincolante ha l\u2019art. 72 Cost. secondo cui \u201cogni disegno di legge, presentato ad una Camera \u00e8, secondo le norme del suo regolamento, esaminato da una Commissione e poi dalla Camera stessa, che l&#8217;approva articolo per articolo e con votazione finale\u201d?<\/p>\n<p>Riguardo a quest\u2019ultima domanda, sono costretto a ripetere quanto, ahim\u00e8, gi\u00e0 scritto: per la Corte costituzionale l\u2019art. 72 Cost. non ha alcun contenuto immediatamente precettivo, poich\u00e9 a sua giudizio la sua attuazione \u00e8 interamente rimessa all&#8217;insindacabile potest\u00e0 regolamentare delle Camere (\u201csecondo le norme del suo regolamento\u201d), comprendente non solo le norme regolamentari ma anche le loro prassi attuative, per quanto decise a colpi di maggioranza (non assoluta).<\/p>\n<p>Ma il passaggio che francamente lascia maggiormente perplessi \u00e8 la chiusa finale del comunicato. Da un lato, la Corte costituzionale ritiene, nelle circostanze date, che \u201cnelle violazioni denunciate\u201d non si riscontra \u201cquel livello di manifesta gravit\u00e0 che, solo, potrebbe giustificare il suo intervento\u201d. Dall\u2019altro, per\u00f2, avvisa \u201cche per le leggi future simili modalit\u00e0 decisionali dovranno essere abbandonate altrimenti potranno non superare il vaglio di costituzionalit\u00e0\u201d. Come dire, stavolta <em>transeat<\/em>, ma la prossima\u2026. Tale conclusione, per\u00f2, mi pare, giuridicamente contraddittoria perch\u00e9 delle due l\u2019una: o le violazioni denunciate non sono di manifesta gravit\u00e0, e allora sono replicabili in futuro; oppure sono di manifesta gravit\u00e0, e allora non sono replicabili. <em>Tertium non datur<\/em>.<\/p>\n<p>Come si vede, sono molti i nodi interpretativi che il semplice comunicato della Corte solleva e che la ordinanza della Corte dovr\u00e0 sciogliere. A noi, per quel poco che vale, resta il profondo rammarico per l\u2019occasione persa per affermare il primato della Costituzione anche in ambito parlamentare in una circostanza, peraltro, del tutto peculiare come l\u2019esame della legge di bilancio.<\/p>\n<p>Perch\u00e9 quando l\u2019arbitro, di fronte ad un fallo d\u2019espulsione, sventola il cartellino giallo, rimane il dubbio che ormai si sia dimenticato dove ha messo il rosso, tanto \u00e8 il tempo che non lo utilizza.<\/p>\n","protected":false},"excerpt":{"rendered":"<p>di\u00a0Salvatore Curreri Per quanto prevedibile alla luce della precedente giurisprudenza costituzionale in tema di interna corporis, la decisione della Corte costituzionale circa l\u2019inammissibilit\u00e0 del conflitto di attribuzioni sollevato dai senatori del Partito democratico a seguito della compressione dei tempi parlamentari di esame della legge di bilancio, suscita comunque parecchia delusione.<\/p>\n<div class='heateorSssClear'><\/div><div  class='heateor_sss_sharing_container heateor_sss_horizontal_sharing' data-heateor-sss-href='https:\/\/www.lacostituzione.info\/index.php\/2019\/01\/12\/loccasione-persa\/'><div class='heateor_sss_sharing_title' style=\"font-weight:bold\" >Condividi!<\/div><div class=\"heateor_sss_sharing_ul\"><a aria-label=\"Facebook\" class=\"heateor_sss_facebook\" href=\"https:\/\/www.facebook.com\/sharer\/sharer.php?u=https%3A%2F%2Fwww.lacostituzione.info%2Findex.php%2F2019%2F01%2F12%2Floccasione-persa%2F\" title=\"Facebook\" rel=\"nofollow noopener\" target=\"_blank\" style=\"font-size:32px!important;box-shadow:none;display:inline-block;vertical-align:middle\"><span class=\"heateor_sss_svg\" style=\"background-color:#0765FE;width:35px;height:35px;display:inline-block;opacity:1;float:left;font-size:32px;box-shadow:none;display:inline-block;font-size:16px;padding:0 4px;vertical-align:middle;background-repeat:repeat;overflow:hidden;padding:0;cursor:pointer;box-sizing:content-box\"><svg style=\"display:block;\" focusable=\"false\" aria-hidden=\"true\" xmlns=\"http:\/\/www.w3.org\/2000\/svg\" width=\"100%\" height=\"100%\" viewBox=\"0 0 32 32\"><path fill=\"#fff\" d=\"M28 16c0-6.627-5.373-12-12-12S4 9.373 4 16c0 5.628 3.875 10.35 9.101 11.647v-7.98h-2.474V16H13.1v-1.58c0-4.085 1.849-5.978 5.859-5.978.76 0 2.072.15 2.608.298v3.325c-.283-.03-.775-.045-1.386-.045-1.967 0-2.728.745-2.728 2.683V16h3.92l-.673 3.667h-3.247v8.245C23.395 27.195 28 22.135 28 16Z\"><\/path><\/svg><\/span><\/a><a aria-label=\"Twitter\" class=\"heateor_sss_button_twitter\" href=\"https:\/\/twitter.com\/intent\/tweet?text=L%E2%80%99occasione%20persa&url=https%3A%2F%2Fwww.lacostituzione.info%2Findex.php%2F2019%2F01%2F12%2Floccasione-persa%2F\" title=\"Twitter\" rel=\"nofollow noopener\" target=\"_blank\" style=\"font-size:32px!important;box-shadow:none;display:inline-block;vertical-align:middle\"><span class=\"heateor_sss_svg heateor_sss_s__default heateor_sss_s_twitter\" style=\"background-color:#55acee;width:35px;height:35px;display:inline-block;opacity:1;float:left;font-size:32px;box-shadow:none;display:inline-block;font-size:16px;padding:0 4px;vertical-align:middle;background-repeat:repeat;overflow:hidden;padding:0;cursor:pointer;box-sizing:content-box\"><svg style=\"display:block;\" focusable=\"false\" aria-hidden=\"true\" xmlns=\"http:\/\/www.w3.org\/2000\/svg\" width=\"100%\" height=\"100%\" viewBox=\"-4 -4 39 39\"><path d=\"M28 8.557a9.913 9.913 0 0 1-2.828.775 4.93 4.93 0 0 0 2.166-2.725 9.738 9.738 0 0 1-3.13 1.194 4.92 4.92 0 0 0-3.593-1.55 4.924 4.924 0 0 0-4.794 6.049c-4.09-.21-7.72-2.17-10.15-5.15a4.942 4.942 0 0 0-.665 2.477c0 1.71.87 3.214 2.19 4.1a4.968 4.968 0 0 1-2.23-.616v.06c0 2.39 1.7 4.38 3.952 4.83-.414.115-.85.174-1.297.174-.318 0-.626-.03-.928-.086a4.935 4.935 0 0 0 4.6 3.42 9.893 9.893 0 0 1-6.114 2.107c-.398 0-.79-.023-1.175-.068a13.953 13.953 0 0 0 7.55 2.213c9.056 0 14.01-7.507 14.01-14.013 0-.213-.005-.426-.015-.637.96-.695 1.795-1.56 2.455-2.55z\" fill=\"#fff\"><\/path><\/svg><\/span><\/a><a aria-label=\"Reddit\" class=\"heateor_sss_button_reddit\" href=\"https:\/\/reddit.com\/submit?url=https%3A%2F%2Fwww.lacostituzione.info%2Findex.php%2F2019%2F01%2F12%2Floccasione-persa%2F&title=L%E2%80%99occasione%20persa\" title=\"Reddit\" rel=\"nofollow noopener\" target=\"_blank\" style=\"font-size:32px!important;box-shadow:none;display:inline-block;vertical-align:middle\"><span class=\"heateor_sss_svg heateor_sss_s__default heateor_sss_s_reddit\" style=\"background-color:#ff5700;width:35px;height:35px;display:inline-block;opacity:1;float:left;font-size:32px;box-shadow:none;display:inline-block;font-size:16px;padding:0 4px;vertical-align:middle;background-repeat:repeat;overflow:hidden;padding:0;cursor:pointer;box-sizing:content-box\"><svg style=\"display:block;\" focusable=\"false\" aria-hidden=\"true\" xmlns=\"http:\/\/www.w3.org\/2000\/svg\" width=\"100%\" height=\"100%\" viewBox=\"-3.5 -3.5 39 39\"><path d=\"M28.543 15.774a2.953 2.953 0 0 0-2.951-2.949 2.882 2.882 0 0 0-1.9.713 14.075 14.075 0 0 0-6.85-2.044l1.38-4.349 3.768.884a2.452 2.452 0 1 0 .24-1.176l-4.274-1a.6.6 0 0 0-.709.4l-1.659 5.224a14.314 14.314 0 0 0-7.316 2.029 2.908 2.908 0 0 0-1.872-.681 2.942 2.942 0 0 0-1.618 5.4 5.109 5.109 0 0 0-.062.765c0 4.158 5.037 7.541 11.229 7.541s11.22-3.383 11.22-7.541a5.2 5.2 0 0 0-.053-.706 2.963 2.963 0 0 0 1.427-2.51zm-18.008 1.88a1.753 1.753 0 0 1 1.73-1.74 1.73 1.73 0 0 1 1.709 1.74 1.709 1.709 0 0 1-1.709 1.711 1.733 1.733 0 0 1-1.73-1.711zm9.565 4.968a5.573 5.573 0 0 1-4.081 1.272h-.032a5.576 5.576 0 0 1-4.087-1.272.6.6 0 0 1 .844-.854 4.5 4.5 0 0 0 3.238.927h.032a4.5 4.5 0 0 0 3.237-.927.6.6 0 1 1 .844.854zm-.331-3.256a1.726 1.726 0 1 1 1.709-1.712 1.717 1.717 0 0 1-1.712 1.712z\" fill=\"#fff\"\/><\/svg><\/span><\/a><a aria-label=\"Linkedin\" class=\"heateor_sss_button_linkedin\" href=\"https:\/\/www.linkedin.com\/sharing\/share-offsite\/?url=https%3A%2F%2Fwww.lacostituzione.info%2Findex.php%2F2019%2F01%2F12%2Floccasione-persa%2F\" title=\"Linkedin\" rel=\"nofollow noopener\" target=\"_blank\" style=\"font-size:32px!important;box-shadow:none;display:inline-block;vertical-align:middle\"><span class=\"heateor_sss_svg heateor_sss_s__default heateor_sss_s_linkedin\" style=\"background-color:#0077b5;width:35px;height:35px;display:inline-block;opacity:1;float:left;font-size:32px;box-shadow:none;display:inline-block;font-size:16px;padding:0 4px;vertical-align:middle;background-repeat:repeat;overflow:hidden;padding:0;cursor:pointer;box-sizing:content-box\"><svg style=\"display:block;\" focusable=\"false\" aria-hidden=\"true\" xmlns=\"http:\/\/www.w3.org\/2000\/svg\" width=\"100%\" height=\"100%\" viewBox=\"0 0 32 32\"><path d=\"M6.227 12.61h4.19v13.48h-4.19V12.61zm2.095-6.7a2.43 2.43 0 0 1 0 4.86c-1.344 0-2.428-1.09-2.428-2.43s1.084-2.43 2.428-2.43m4.72 6.7h4.02v1.84h.058c.56-1.058 1.927-2.176 3.965-2.176 4.238 0 5.02 2.792 5.02 6.42v7.395h-4.183v-6.56c0-1.564-.03-3.574-2.178-3.574-2.18 0-2.514 1.7-2.514 3.46v6.668h-4.187V12.61z\" fill=\"#fff\"><\/path><\/svg><\/span><\/a><a aria-label=\"Pinterest\" class=\"heateor_sss_button_pinterest\" href=\"https:\/\/www.lacostituzione.info\/index.php\/2019\/01\/12\/loccasione-persa\/\" onclick=\"event.preventDefault();javascript:void( (function() {var e=document.createElement('script' );e.setAttribute('type','text\/javascript' );e.setAttribute('charset','UTF-8' );e.setAttribute('src','\/\/assets.pinterest.com\/js\/pinmarklet.js?r='+Math.random()*99999999);document.body.appendChild(e)})());\" title=\"Pinterest\" rel=\"noopener\" style=\"font-size:32px!important;box-shadow:none;display:inline-block;vertical-align:middle\"><span class=\"heateor_sss_svg heateor_sss_s__default heateor_sss_s_pinterest\" style=\"background-color:#cc2329;width:35px;height:35px;display:inline-block;opacity:1;float:left;font-size:32px;box-shadow:none;display:inline-block;font-size:16px;padding:0 4px;vertical-align:middle;background-repeat:repeat;overflow:hidden;padding:0;cursor:pointer;box-sizing:content-box\"><svg style=\"display:block;\" focusable=\"false\" aria-hidden=\"true\" xmlns=\"http:\/\/www.w3.org\/2000\/svg\" width=\"100%\" height=\"100%\" viewBox=\"-2 -2 35 35\"><path fill=\"#fff\" d=\"M16.539 4.5c-6.277 0-9.442 4.5-9.442 8.253 0 2.272.86 4.293 2.705 5.046.303.125.574.005.662-.33.061-.231.205-.816.27-1.06.088-.331.053-.447-.191-.736-.532-.627-.873-1.439-.873-2.591 0-3.338 2.498-6.327 6.505-6.327 3.548 0 5.497 2.168 5.497 5.062 0 3.81-1.686 7.025-4.188 7.025-1.382 0-2.416-1.142-2.085-2.545.397-1.674 1.166-3.48 1.166-4.689 0-1.081-.581-1.983-1.782-1.983-1.413 0-2.548 1.462-2.548 3.419 0 1.247.421 2.091.421 2.091l-1.699 7.199c-.505 2.137-.076 4.755-.039 5.019.021.158.223.196.314.077.13-.17 1.813-2.247 2.384-4.324.162-.587.929-3.631.929-3.631.46.876 1.801 1.646 3.227 1.646 4.247 0 7.128-3.871 7.128-9.053.003-3.918-3.317-7.568-8.361-7.568z\"\/><\/svg><\/span><\/a><a aria-label=\"Whatsapp\" class=\"heateor_sss_whatsapp\" href=\"https:\/\/api.whatsapp.com\/send?text=L%E2%80%99occasione%20persa%20https%3A%2F%2Fwww.lacostituzione.info%2Findex.php%2F2019%2F01%2F12%2Floccasione-persa%2F\" title=\"Whatsapp\" rel=\"nofollow noopener\" target=\"_blank\" style=\"font-size:32px!important;box-shadow:none;display:inline-block;vertical-align:middle\"><span class=\"heateor_sss_svg\" style=\"background-color:#55eb4c;width:35px;height:35px;display:inline-block;opacity:1;float:left;font-size:32px;box-shadow:none;display:inline-block;font-size:16px;padding:0 4px;vertical-align:middle;background-repeat:repeat;overflow:hidden;padding:0;cursor:pointer;box-sizing:content-box\"><svg style=\"display:block;\" focusable=\"false\" aria-hidden=\"true\" xmlns=\"http:\/\/www.w3.org\/2000\/svg\" width=\"100%\" height=\"100%\" viewBox=\"-6 -5 40 40\"><path class=\"heateor_sss_svg_stroke heateor_sss_no_fill\" stroke=\"#fff\" stroke-width=\"2\" fill=\"none\" d=\"M 11.579798566743314 24.396926207859085 A 10 10 0 1 0 6.808479557110079 20.73576436351046\"><\/path><path d=\"M 7 19 l -1 6 l 6 -1\" class=\"heateor_sss_no_fill heateor_sss_svg_stroke\" stroke=\"#fff\" stroke-width=\"2\" fill=\"none\"><\/path><path d=\"M 10 10 q -1 8 8 11 c 5 -1 0 -6 -1 -3 q -4 -3 -5 -5 c 4 -2 -1 -5 -1 -4\" fill=\"#fff\"><\/path><\/svg><\/span><\/a><\/div><div class=\"heateorSssClear\"><\/div><\/div><div class='heateorSssClear'><\/div>","protected":false},"author":13,"featured_media":0,"comment_status":"open","ping_status":"open","sticky":false,"template":"","format":"standard","meta":{"jetpack_post_was_ever_published":false,"_jetpack_newsletter_access":"","_jetpack_dont_email_post_to_subs":false,"_jetpack_newsletter_tier_id":0,"_jetpack_memberships_contains_paywalled_content":false,"_jetpack_memberships_contains_paid_content":false,"footnotes":"","jetpack_publicize_message":"","jetpack_publicize_feature_enabled":true,"jetpack_social_post_already_shared":true,"jetpack_social_options":{"image_generator_settings":{"template":"highway","default_image_id":0,"enabled":false},"version":2}},"categories":[5],"tags":[1360,1362,149,1361],"class_list":["post-6079","post","type-post","status-publish","format-standard","hentry","category-lavori-in-corso","tag-bilancio-2019","tag-conflitto-di-attribuzioni","tag-corte-costituzionale","tag-procedure-parlamentari"],"jetpack_publicize_connections":[],"jetpack_featured_media_url":"","jetpack_shortlink":"https:\/\/wp.me\/p84sDq-1A3","jetpack_likes_enabled":true,"jetpack_sharing_enabled":true,"_links":{"self":[{"href":"https:\/\/www.lacostituzione.info\/index.php\/wp-json\/wp\/v2\/posts\/6079","targetHints":{"allow":["GET"]}}],"collection":[{"href":"https:\/\/www.lacostituzione.info\/index.php\/wp-json\/wp\/v2\/posts"}],"about":[{"href":"https:\/\/www.lacostituzione.info\/index.php\/wp-json\/wp\/v2\/types\/post"}],"author":[{"embeddable":true,"href":"https:\/\/www.lacostituzione.info\/index.php\/wp-json\/wp\/v2\/users\/13"}],"replies":[{"embeddable":true,"href":"https:\/\/www.lacostituzione.info\/index.php\/wp-json\/wp\/v2\/comments?post=6079"}],"version-history":[{"count":0,"href":"https:\/\/www.lacostituzione.info\/index.php\/wp-json\/wp\/v2\/posts\/6079\/revisions"}],"wp:attachment":[{"href":"https:\/\/www.lacostituzione.info\/index.php\/wp-json\/wp\/v2\/media?parent=6079"}],"wp:term":[{"taxonomy":"category","embeddable":true,"href":"https:\/\/www.lacostituzione.info\/index.php\/wp-json\/wp\/v2\/categories?post=6079"},{"taxonomy":"post_tag","embeddable":true,"href":"https:\/\/www.lacostituzione.info\/index.php\/wp-json\/wp\/v2\/tags?post=6079"}],"curies":[{"name":"wp","href":"https:\/\/api.w.org\/{rel}","templated":true}]}}