{"id":6084,"date":"2019-01-16T12:20:29","date_gmt":"2019-01-16T11:20:29","guid":{"rendered":"http:\/\/www.lacostituzione.info\/?p=6084"},"modified":"2019-01-16T12:31:36","modified_gmt":"2019-01-16T11:31:36","slug":"un-nuovo-problema-per-il-presidente-mattarella-si-puo-introdurre-il-reddito-di-cittadinanza-con-un-decreto-legge","status":"publish","type":"post","link":"https:\/\/www.lacostituzione.info\/index.php\/2019\/01\/16\/un-nuovo-problema-per-il-presidente-mattarella-si-puo-introdurre-il-reddito-di-cittadinanza-con-un-decreto-legge\/","title":{"rendered":"Un nuovo problema per il Presidente Mattarella: si pu\u00f2 introdurre il reddito di cittadinanza con un decreto-legge?"},"content":{"rendered":"<p><a href=\"http:\/\/www.lacostituzione.info\/wp-content\/uploads\/2018\/11\/mattarella.jpg\"><img loading=\"lazy\" decoding=\"async\" class=\"alignright size-thumbnail wp-image-5918\" src=\"http:\/\/www.lacostituzione.info\/wp-content\/uploads\/2018\/11\/mattarella-150x150.jpg\" alt=\"\" width=\"150\" height=\"150\" \/><\/a>di <strong><abbr class='c2c-text-hover' title='Professore ordinario di Diritto costituzionale - Universit\u00e0 di Ferrara'>Roberto Bin<\/abbr><\/strong><\/p>\n<p>Sin dall\u2019inizio questo Governo ha mostrato di non voler prendere sul serio quell\u2019impegno scritto nel mitico \u201ccontratto\u201d di maggioranza: \u201c<em>Vogliamo rafforzare la fiducia nella nostra democrazia e nelle istituzioni dello Stato. Intendiamo incrementare il processo decisionale in Parlamento e la sua cooperazione con il Governo<\/em>\u201d (su cui rinvio a <em><a href=\"http:\/\/www.lacostituzione.info\/index.php\/2018\/11\/18\/il-governo-della-continuazione\/\">Il governo della continuazione<\/a><\/em>).<!--more--> L\u2019abuso del decreto-legge e del voto di fiducia sul maxi-emendamento stanno diventando gli strumenti <em>ordinari<\/em> con cui si svolge l\u2019attivit\u00e0 legislativa del Governo, prassi contro la quale sinora la Corte costituzionale ha solo minacciato una reazione netta (mi riferisco alla strana decisione \u2013 non ancora pubblicata \u2013 sul conflitto promosso dal PD contro la procedura di bilancio, su cui vedi <a href=\"http:\/\/www.lacostituzione.info\/index.php\/2019\/01\/12\/loccasione-persa\/\">Curreri<\/a>). Ma ora \u2013 a quanto annuncia la stampa \u2013 sembra che siamo alla vigilia di un altro <em>golpe<\/em> legislativo: l\u2019approvazione del provvedimento pi\u00f9 significativo per l\u2019indirizzo politico del Governo, cio\u00e8 il varo del \u201creddito di cittadinanza\u201d e della riforma delle pensioni (\u201cquota 100\u201d, in gergo), ricorrendo ancora una volta alla decretazione d\u2019urgenza.<\/p>\n<p>Perch\u00e9 si tratta di un <em>golpe<\/em> legislativo? Perch\u00e9 il decreto-legge \u00e8 uno strumento delicatissimo, carico di potenzialit\u00e0 eversiva: \u00e8 stato previsto dalla Costituzione (<a href=\"http:\/\/www.senato.it\/1025?sezione=127&amp;articolo_numero_articolo=77\">art. 77<\/a>) per evitare che restasse senza disciplina la necessit\u00e0 di provvedere immediatamente a situazioni di emergenza (terremoti, inondazioni ecc.). Perci\u00f2 la disciplina c\u2019\u00e8, ma \u00e8 molto restrittiva: pu\u00f2 essere emanato solo \u00ab<em>in casi straordinari di necessit\u00e0 e di urgenza<\/em>\u00bb, sotto la responsabilit\u00e0 del Governo, ed \u00e8 un \u00ab<em>provvedimento provvisorio<\/em>\u00bb che le Camere devono convertire in legge entro 60 giorni, se no decade e tutti gli effetti prodotti vengono travolti. \u00c8 vero, della decretazione d\u2019urgenza si \u00e8 fatto un largo abuso da moltissimo tempo; perci\u00f2 la <a href=\"http:\/\/presidenza.governo.it\/normativa\/allegati\/L_19880823_400.pdf\">legge 400\/1988<\/a>, che disciplina il Governo e i suoi poteri, traccia limiti al suo uso: \u00ab<em>I decreti devono contenere misure di immediata applicazione e il loro contenuto deve essere specifico, omogeneo e corrispondente al titolo<\/em>\u00bb (art. 15.3). E la Corte costituzionale li ha fatti valere numerose volte, bocciando decreti-legge che non li rispettavano: ha detto infatti la Corte che la divisione dei poteri, che attribuisce al Parlamento la funzione legislativa, \u00e8 un pilastro del sistema \u00ab<em>correlato alla tutela dei valori e diritti fondamentali<\/em>\u00bb, e che quindi l\u2019esercizio di tale funzione da parte del Governo pu\u00f2 essere giudicata dalla Corte, per verificare se \u00ab<em>risulti evidente o meno la carenza del requisito della straordinariet\u00e0 del caso di necessit\u00e0 e d\u2019urgenza di provvedere<\/em>\u00bb (<a href=\"http:\/\/www.giurcost.org\/decisioni\/2007\/0171s-07.html\">sent. 171\/2007<\/a>).<\/p>\n<p>La pi\u00f9 clamorosa bocciatura di un decreto-legge da parte della Corte costituzionale \u00e8 avvenuta a proposito della \u201criforma delle province\u201d decretata dal Governo Monti nel 2011. La <a href=\"http:\/\/www.giurcost.org\/decisioni\/2013\/0220s-13.html\">sent. 220\/2013<\/a> nega che si possano introdurre con decreto-legge riforme legislative &#8211; \u00ab<em>norme ordinamentali, che non possono essere interamente condizionate dalla contingenza, sino al punto da costringere il dibattito parlamentare sulle stesse nei ristretti limiti tracciati dal secondo e terzo comma dell\u2019art. 77 Cost<\/em>.\u00bb &#8211; poich\u00e9 il decreto-legge \u00e8 concepito dall\u2019art. 77 Cost. \u00ab<em>per interventi specifici e puntuali, resi necessari e improcrastinabili dall\u2019insorgere di \u201ccasi straordinari di necessit\u00e0 e d\u2019urgenza<\/em>\u201d\u00bb; il suo uso violerebbe la norma costituzionale \u00ab<em>se contenesse disposizioni destinate ad avere effetti pratici differiti nel tempo<\/em>\u00bb a causa della \u00ab<em>palese inadeguatezza dello strumento del decreto-legge a realizzare una riforma organica e di sistema<\/em> <em>che<\/em>\u2026 <em>richiede processi attuativi necessariamente protratti nel tempo, tali da poter rendere indispensabili sospensioni di efficacia, rinvii e sistematizzazioni progressive, che mal si conciliano con l\u2019immediatezza di effetti connaturata al decreto-legge, secondo il disegno costituzionale<\/em>\u00bb.<\/p>\n<p>Ora non si conosce il testo del decreto-legge in procinto di essere deliberato dal Consiglio dei ministri, ma <a href=\"http:\/\/www.affaritaliani.it\/economia\/pensioni-quota-100-e-reddito-di-cittadinanza-il-testo-integrale-del-decreto-581941.html\">qualche bozza<\/a> sta circolando: inizierebbe cos\u00ec \u00ab<em>\u00c8 istituito, a decorrere dal mese di aprile 2019, il Reddito di cittadinanza<\/em>\u00bb, che sostituisce progressivamente il reddito d\u2019inclusione; e poi segue una normativa complessa che fa perno sull\u2019istituzione delle \u00ab<em>Piattaforme digitali<\/em>\u00bb, la cui realizzazioni e rinviata ad atti successivi (art. 6), e su un servizio di assistenza intensiva nella ricerca del lavoro che dovr\u00e0 essere istituito \u00ab<em>non oltre il 31 dicembre 2019<\/em>\u00bb (art. 9); mentre, sull&#8217;altro versante, tutta la disciplina delle pensioni \u00e8 introdotta \u00ab<em>in via sperimentale<\/em>\u00bb, il che forse non si concilia perfettamente con i requisiti della straordinariet\u00e0, necessit\u00e0 ed urgenza\u2026<\/p>\n<p>Non si pu\u00f2 dimenticare che la caratteristica del decreto-legge \u00e8 che esso entra in vigore subito, ma la sua applicazione \u00e8 precaria, nel senso che se il Parlamento non lo converte in legge nel termine ristretto di 60 giorni, tutte le sue norme vengono cancellate (causando anche l\u2019obbligo di restituzione, di risarcimento ecc.); e se il Parlamento ne modifica le norme si pone il problema di come affrontare gli effetti gi\u00e0 prodotti. Si potrebbe obiettare che non c\u2019\u00e8 pericolo, perch\u00e9 di effetti nei 60 giorni successivi non se ne produrranno molti: ma se cos\u00ec fosse, allora il decreto sarebbe del tutto privo dei requisiti di necessit\u00e0 e urgenza, e perci\u00f2 illegittimo e\u00a0rischierebbe di essere dichiarato illegittimo dalla Corte costituzionale fra qualche mese (e la sentenza travolgerebbe anche la legge di conversione), con tutte le conseguenze del caso (\u201csalterebbero\u201d anche gli effetti nel frattempo prodotti).<\/p>\n<p>Insomma avviare una riforma \u2013 anzi due \u2013 con decreto-legge, oltre a violare la Costituzione, \u00e8 anche molto rischioso. Quale vantaggio ne trae il Governo? Che, se operasse con lo strumento costituzionalmente previsto, ossia proponendo un disegno di legge al Parlamento, si allungherebbero i tempi di approvazione? Non \u00e8 affatto detto, se la maggioranza fosse compatta; se non lo \u00e8 allora ci troveremo di fronte all\u2019ennesimo ricatto: dovendosi chiudere il procedimento entro 60 giorni, si giustificherebbe l&#8217;impiego del maxi-emendamento assistito dalla questione di fiducia, che strozzerebbe il dibattito parlamentare.<\/p>\n<p>Il Parlamento \u00e8 messo l\u00ec per questo, per discutere a fondo le leggi. Scriveva il Presidente Einaudi nel 1952 (<em>Sui ritardi nella discussione ed approvazione dei disegni di legge<\/em>, in <em>Lo scrittoio del Presidente (1948-1955)<\/em>, Torino 1956, 12 s.) che \u00ab<em>la struttura parlamentare \u00e8 stata creata, forse inconsapevolmente e forse anche contro il desiderio degli stessi legislatori, allo scopo di conseguire quel ritardo<\/em>\u00bb, che \u00e8 funzionale ad evitare \u00ab<em>il sovvertimento troppo rapido delle norme regolatrici della vita del paese<\/em>\u00bb; e ricordava come fosse stato il partito fascista a accusare il Parlamento \u00ab<em>di lentezza nel legiferare e di vanit\u00e0 nelle discussioni<\/em>\u00bb.<\/p>\n<p>Proprio contro la lentezza e la vanit\u00e0 del dibattito parlamentare che il Governo vuole reagire ricorrendo al decreto legge e a pratiche di strangolamento dell\u2019esame parlamentare. Forse la Corte costituzionale far\u00e0 seguito al suo \u201c<a href=\"https:\/\/www.cortecostituzionale.it\/documenti\/comunicatistampa\/CC_CS_20190110182534.pdf\">monito<\/a>\u201d, finalmente imponendo il rispetto delle competenze e delle procedure parlamentari. Ma chi \u00e8 in grado di evitare da subito che le violazioni della Costituzione si compiano con l\u2019uso abusivo della decretazione d\u2019urgenza, con tutti i rischi che ne possono discendere e che ho cercato di evidenziare, \u00e8 il Presidente della Repubblica Mattarella: spetta a lui emanare il decreto-legge e a rifiutare di farlo di fronte a casi di manifesta violazione dei limiti costituzionali. Nei suoi discorsi cita spesso Luigi Einaudi e forse il suo predecessore lo guider\u00e0 nell&#8217;affrontare l&#8217;estrema delicatezza del suo compito.<\/p>\n","protected":false},"excerpt":{"rendered":"<p>di <abbr class='c2c-text-hover' title='Professore ordinario di Diritto costituzionale - Universit\u00e0 di Ferrara'>Roberto Bin<\/abbr> Sin dall\u2019inizio questo Governo ha mostrato di non voler prendere sul serio quell\u2019impegno scritto nel mitico \u201ccontratto\u201d di maggioranza: \u201cVogliamo rafforzare la fiducia nella nostra democrazia e nelle istituzioni dello Stato. Intendiamo incrementare il processo decisionale in Parlamento e la sua cooperazione con il Governo\u201d (su cui rinvio a Il governo della &#8230; <a title=\"Un nuovo problema per il Presidente Mattarella: si pu\u00f2 introdurre il reddito di cittadinanza con un decreto-legge?\" class=\"read-more\" href=\"https:\/\/www.lacostituzione.info\/index.php\/2019\/01\/16\/un-nuovo-problema-per-il-presidente-mattarella-si-puo-introdurre-il-reddito-di-cittadinanza-con-un-decreto-legge\/\">Leggi tutto<\/a><\/p>\n<div class='heateorSssClear'><\/div><div  class='heateor_sss_sharing_container heateor_sss_horizontal_sharing' data-heateor-sss-href='https:\/\/www.lacostituzione.info\/index.php\/2019\/01\/16\/un-nuovo-problema-per-il-presidente-mattarella-si-puo-introdurre-il-reddito-di-cittadinanza-con-un-decreto-legge\/'><div class='heateor_sss_sharing_title' style=\"font-weight:bold\" >Condividi!<\/div><div class=\"heateor_sss_sharing_ul\"><a aria-label=\"Facebook\" class=\"heateor_sss_facebook\" href=\"https:\/\/www.facebook.com\/sharer\/sharer.php?u=https%3A%2F%2Fwww.lacostituzione.info%2Findex.php%2F2019%2F01%2F16%2Fun-nuovo-problema-per-il-presidente-mattarella-si-puo-introdurre-il-reddito-di-cittadinanza-con-un-decreto-legge%2F\" title=\"Facebook\" rel=\"nofollow noopener\" target=\"_blank\" style=\"font-size:32px!important;box-shadow:none;display:inline-block;vertical-align:middle\"><span class=\"heateor_sss_svg\" style=\"background-color:#0765FE;width:35px;height:35px;display:inline-block;opacity:1;float:left;font-size:32px;box-shadow:none;display:inline-block;font-size:16px;padding:0 4px;vertical-align:middle;background-repeat:repeat;overflow:hidden;padding:0;cursor:pointer;box-sizing:content-box\"><svg style=\"display:block;\" focusable=\"false\" aria-hidden=\"true\" xmlns=\"http:\/\/www.w3.org\/2000\/svg\" width=\"100%\" height=\"100%\" viewBox=\"0 0 32 32\"><path fill=\"#fff\" d=\"M28 16c0-6.627-5.373-12-12-12S4 9.373 4 16c0 5.628 3.875 10.35 9.101 11.647v-7.98h-2.474V16H13.1v-1.58c0-4.085 1.849-5.978 5.859-5.978.76 0 2.072.15 2.608.298v3.325c-.283-.03-.775-.045-1.386-.045-1.967 0-2.728.745-2.728 2.683V16h3.92l-.673 3.667h-3.247v8.245C23.395 27.195 28 22.135 28 16Z\"><\/path><\/svg><\/span><\/a><a aria-label=\"Twitter\" class=\"heateor_sss_button_twitter\" href=\"https:\/\/twitter.com\/intent\/tweet?text=Un%20nuovo%20problema%20per%20il%20Presidente%20Mattarella%3A%20si%20pu%C3%B2%20introdurre%20il%20reddito%20di%20cittadinanza%20con%20un%20decreto-legge%3F&url=https%3A%2F%2Fwww.lacostituzione.info%2Findex.php%2F2019%2F01%2F16%2Fun-nuovo-problema-per-il-presidente-mattarella-si-puo-introdurre-il-reddito-di-cittadinanza-con-un-decreto-legge%2F\" title=\"Twitter\" rel=\"nofollow noopener\" target=\"_blank\" style=\"font-size:32px!important;box-shadow:none;display:inline-block;vertical-align:middle\"><span class=\"heateor_sss_svg heateor_sss_s__default heateor_sss_s_twitter\" style=\"background-color:#55acee;width:35px;height:35px;display:inline-block;opacity:1;float:left;font-size:32px;box-shadow:none;display:inline-block;font-size:16px;padding:0 4px;vertical-align:middle;background-repeat:repeat;overflow:hidden;padding:0;cursor:pointer;box-sizing:content-box\"><svg style=\"display:block;\" focusable=\"false\" aria-hidden=\"true\" xmlns=\"http:\/\/www.w3.org\/2000\/svg\" width=\"100%\" height=\"100%\" viewBox=\"-4 -4 39 39\"><path d=\"M28 8.557a9.913 9.913 0 0 1-2.828.775 4.93 4.93 0 0 0 2.166-2.725 9.738 9.738 0 0 1-3.13 1.194 4.92 4.92 0 0 0-3.593-1.55 4.924 4.924 0 0 0-4.794 6.049c-4.09-.21-7.72-2.17-10.15-5.15a4.942 4.942 0 0 0-.665 2.477c0 1.71.87 3.214 2.19 4.1a4.968 4.968 0 0 1-2.23-.616v.06c0 2.39 1.7 4.38 3.952 4.83-.414.115-.85.174-1.297.174-.318 0-.626-.03-.928-.086a4.935 4.935 0 0 0 4.6 3.42 9.893 9.893 0 0 1-6.114 2.107c-.398 0-.79-.023-1.175-.068a13.953 13.953 0 0 0 7.55 2.213c9.056 0 14.01-7.507 14.01-14.013 0-.213-.005-.426-.015-.637.96-.695 1.795-1.56 2.455-2.55z\" fill=\"#fff\"><\/path><\/svg><\/span><\/a><a aria-label=\"Reddit\" class=\"heateor_sss_button_reddit\" href=\"https:\/\/reddit.com\/submit?url=https%3A%2F%2Fwww.lacostituzione.info%2Findex.php%2F2019%2F01%2F16%2Fun-nuovo-problema-per-il-presidente-mattarella-si-puo-introdurre-il-reddito-di-cittadinanza-con-un-decreto-legge%2F&title=Un%20nuovo%20problema%20per%20il%20Presidente%20Mattarella%3A%20si%20pu%C3%B2%20introdurre%20il%20reddito%20di%20cittadinanza%20con%20un%20decreto-legge%3F\" title=\"Reddit\" rel=\"nofollow noopener\" target=\"_blank\" style=\"font-size:32px!important;box-shadow:none;display:inline-block;vertical-align:middle\"><span class=\"heateor_sss_svg heateor_sss_s__default heateor_sss_s_reddit\" style=\"background-color:#ff5700;width:35px;height:35px;display:inline-block;opacity:1;float:left;font-size:32px;box-shadow:none;display:inline-block;font-size:16px;padding:0 4px;vertical-align:middle;background-repeat:repeat;overflow:hidden;padding:0;cursor:pointer;box-sizing:content-box\"><svg style=\"display:block;\" focusable=\"false\" aria-hidden=\"true\" xmlns=\"http:\/\/www.w3.org\/2000\/svg\" width=\"100%\" height=\"100%\" viewBox=\"-3.5 -3.5 39 39\"><path d=\"M28.543 15.774a2.953 2.953 0 0 0-2.951-2.949 2.882 2.882 0 0 0-1.9.713 14.075 14.075 0 0 0-6.85-2.044l1.38-4.349 3.768.884a2.452 2.452 0 1 0 .24-1.176l-4.274-1a.6.6 0 0 0-.709.4l-1.659 5.224a14.314 14.314 0 0 0-7.316 2.029 2.908 2.908 0 0 0-1.872-.681 2.942 2.942 0 0 0-1.618 5.4 5.109 5.109 0 0 0-.062.765c0 4.158 5.037 7.541 11.229 7.541s11.22-3.383 11.22-7.541a5.2 5.2 0 0 0-.053-.706 2.963 2.963 0 0 0 1.427-2.51zm-18.008 1.88a1.753 1.753 0 0 1 1.73-1.74 1.73 1.73 0 0 1 1.709 1.74 1.709 1.709 0 0 1-1.709 1.711 1.733 1.733 0 0 1-1.73-1.711zm9.565 4.968a5.573 5.573 0 0 1-4.081 1.272h-.032a5.576 5.576 0 0 1-4.087-1.272.6.6 0 0 1 .844-.854 4.5 4.5 0 0 0 3.238.927h.032a4.5 4.5 0 0 0 3.237-.927.6.6 0 1 1 .844.854zm-.331-3.256a1.726 1.726 0 1 1 1.709-1.712 1.717 1.717 0 0 1-1.712 1.712z\" fill=\"#fff\"\/><\/svg><\/span><\/a><a aria-label=\"Linkedin\" class=\"heateor_sss_button_linkedin\" href=\"https:\/\/www.linkedin.com\/sharing\/share-offsite\/?url=https%3A%2F%2Fwww.lacostituzione.info%2Findex.php%2F2019%2F01%2F16%2Fun-nuovo-problema-per-il-presidente-mattarella-si-puo-introdurre-il-reddito-di-cittadinanza-con-un-decreto-legge%2F\" title=\"Linkedin\" rel=\"nofollow noopener\" target=\"_blank\" style=\"font-size:32px!important;box-shadow:none;display:inline-block;vertical-align:middle\"><span class=\"heateor_sss_svg heateor_sss_s__default heateor_sss_s_linkedin\" style=\"background-color:#0077b5;width:35px;height:35px;display:inline-block;opacity:1;float:left;font-size:32px;box-shadow:none;display:inline-block;font-size:16px;padding:0 4px;vertical-align:middle;background-repeat:repeat;overflow:hidden;padding:0;cursor:pointer;box-sizing:content-box\"><svg style=\"display:block;\" focusable=\"false\" aria-hidden=\"true\" xmlns=\"http:\/\/www.w3.org\/2000\/svg\" width=\"100%\" height=\"100%\" viewBox=\"0 0 32 32\"><path d=\"M6.227 12.61h4.19v13.48h-4.19V12.61zm2.095-6.7a2.43 2.43 0 0 1 0 4.86c-1.344 0-2.428-1.09-2.428-2.43s1.084-2.43 2.428-2.43m4.72 6.7h4.02v1.84h.058c.56-1.058 1.927-2.176 3.965-2.176 4.238 0 5.02 2.792 5.02 6.42v7.395h-4.183v-6.56c0-1.564-.03-3.574-2.178-3.574-2.18 0-2.514 1.7-2.514 3.46v6.668h-4.187V12.61z\" fill=\"#fff\"><\/path><\/svg><\/span><\/a><a aria-label=\"Pinterest\" class=\"heateor_sss_button_pinterest\" href=\"https:\/\/www.lacostituzione.info\/index.php\/2019\/01\/16\/un-nuovo-problema-per-il-presidente-mattarella-si-puo-introdurre-il-reddito-di-cittadinanza-con-un-decreto-legge\/\" onclick=\"event.preventDefault();javascript:void( (function() {var e=document.createElement('script' );e.setAttribute('type','text\/javascript' );e.setAttribute('charset','UTF-8' );e.setAttribute('src','\/\/assets.pinterest.com\/js\/pinmarklet.js?r='+Math.random()*99999999);document.body.appendChild(e)})());\" title=\"Pinterest\" rel=\"noopener\" style=\"font-size:32px!important;box-shadow:none;display:inline-block;vertical-align:middle\"><span class=\"heateor_sss_svg heateor_sss_s__default heateor_sss_s_pinterest\" style=\"background-color:#cc2329;width:35px;height:35px;display:inline-block;opacity:1;float:left;font-size:32px;box-shadow:none;display:inline-block;font-size:16px;padding:0 4px;vertical-align:middle;background-repeat:repeat;overflow:hidden;padding:0;cursor:pointer;box-sizing:content-box\"><svg style=\"display:block;\" focusable=\"false\" aria-hidden=\"true\" xmlns=\"http:\/\/www.w3.org\/2000\/svg\" width=\"100%\" height=\"100%\" viewBox=\"-2 -2 35 35\"><path fill=\"#fff\" d=\"M16.539 4.5c-6.277 0-9.442 4.5-9.442 8.253 0 2.272.86 4.293 2.705 5.046.303.125.574.005.662-.33.061-.231.205-.816.27-1.06.088-.331.053-.447-.191-.736-.532-.627-.873-1.439-.873-2.591 0-3.338 2.498-6.327 6.505-6.327 3.548 0 5.497 2.168 5.497 5.062 0 3.81-1.686 7.025-4.188 7.025-1.382 0-2.416-1.142-2.085-2.545.397-1.674 1.166-3.48 1.166-4.689 0-1.081-.581-1.983-1.782-1.983-1.413 0-2.548 1.462-2.548 3.419 0 1.247.421 2.091.421 2.091l-1.699 7.199c-.505 2.137-.076 4.755-.039 5.019.021.158.223.196.314.077.13-.17 1.813-2.247 2.384-4.324.162-.587.929-3.631.929-3.631.46.876 1.801 1.646 3.227 1.646 4.247 0 7.128-3.871 7.128-9.053.003-3.918-3.317-7.568-8.361-7.568z\"\/><\/svg><\/span><\/a><a aria-label=\"Whatsapp\" class=\"heateor_sss_whatsapp\" href=\"https:\/\/api.whatsapp.com\/send?text=Un%20nuovo%20problema%20per%20il%20Presidente%20Mattarella%3A%20si%20pu%C3%B2%20introdurre%20il%20reddito%20di%20cittadinanza%20con%20un%20decreto-legge%3F%20https%3A%2F%2Fwww.lacostituzione.info%2Findex.php%2F2019%2F01%2F16%2Fun-nuovo-problema-per-il-presidente-mattarella-si-puo-introdurre-il-reddito-di-cittadinanza-con-un-decreto-legge%2F\" title=\"Whatsapp\" rel=\"nofollow noopener\" target=\"_blank\" style=\"font-size:32px!important;box-shadow:none;display:inline-block;vertical-align:middle\"><span class=\"heateor_sss_svg\" style=\"background-color:#55eb4c;width:35px;height:35px;display:inline-block;opacity:1;float:left;font-size:32px;box-shadow:none;display:inline-block;font-size:16px;padding:0 4px;vertical-align:middle;background-repeat:repeat;overflow:hidden;padding:0;cursor:pointer;box-sizing:content-box\"><svg style=\"display:block;\" focusable=\"false\" aria-hidden=\"true\" xmlns=\"http:\/\/www.w3.org\/2000\/svg\" width=\"100%\" height=\"100%\" viewBox=\"-6 -5 40 40\"><path class=\"heateor_sss_svg_stroke heateor_sss_no_fill\" stroke=\"#fff\" stroke-width=\"2\" fill=\"none\" d=\"M 11.579798566743314 24.396926207859085 A 10 10 0 1 0 6.808479557110079 20.73576436351046\"><\/path><path d=\"M 7 19 l -1 6 l 6 -1\" class=\"heateor_sss_no_fill heateor_sss_svg_stroke\" stroke=\"#fff\" stroke-width=\"2\" fill=\"none\"><\/path><path d=\"M 10 10 q -1 8 8 11 c 5 -1 0 -6 -1 -3 q -4 -3 -5 -5 c 4 -2 -1 -5 -1 -4\" fill=\"#fff\"><\/path><\/svg><\/span><\/a><\/div><div class=\"heateorSssClear\"><\/div><\/div><div class='heateorSssClear'><\/div>","protected":false},"author":3,"featured_media":0,"comment_status":"open","ping_status":"open","sticky":false,"template":"","format":"standard","meta":{"jetpack_post_was_ever_published":false,"_jetpack_newsletter_access":"","_jetpack_dont_email_post_to_subs":false,"_jetpack_newsletter_tier_id":0,"_jetpack_memberships_contains_paywalled_content":false,"_jetpack_memberships_contains_paid_content":false,"footnotes":"","jetpack_publicize_message":"","jetpack_publicize_feature_enabled":true,"jetpack_social_post_already_shared":true,"jetpack_social_options":{"image_generator_settings":{"template":"highway","default_image_id":0,"enabled":false},"version":2}},"categories":[4],"tags":[1281,180,1361,1139],"class_list":["post-6084","post","type-post","status-publish","format-standard","hentry","category-attualita","tag-decreto-legge","tag-presidente-della-repubblica","tag-procedure-parlamentari","tag-reddito-di-cittadinanza"],"jetpack_publicize_connections":[],"jetpack_featured_media_url":"","jetpack_shortlink":"https:\/\/wp.me\/p84sDq-1A8","jetpack_likes_enabled":true,"jetpack_sharing_enabled":true,"_links":{"self":[{"href":"https:\/\/www.lacostituzione.info\/index.php\/wp-json\/wp\/v2\/posts\/6084","targetHints":{"allow":["GET"]}}],"collection":[{"href":"https:\/\/www.lacostituzione.info\/index.php\/wp-json\/wp\/v2\/posts"}],"about":[{"href":"https:\/\/www.lacostituzione.info\/index.php\/wp-json\/wp\/v2\/types\/post"}],"author":[{"embeddable":true,"href":"https:\/\/www.lacostituzione.info\/index.php\/wp-json\/wp\/v2\/users\/3"}],"replies":[{"embeddable":true,"href":"https:\/\/www.lacostituzione.info\/index.php\/wp-json\/wp\/v2\/comments?post=6084"}],"version-history":[{"count":0,"href":"https:\/\/www.lacostituzione.info\/index.php\/wp-json\/wp\/v2\/posts\/6084\/revisions"}],"wp:attachment":[{"href":"https:\/\/www.lacostituzione.info\/index.php\/wp-json\/wp\/v2\/media?parent=6084"}],"wp:term":[{"taxonomy":"category","embeddable":true,"href":"https:\/\/www.lacostituzione.info\/index.php\/wp-json\/wp\/v2\/categories?post=6084"},{"taxonomy":"post_tag","embeddable":true,"href":"https:\/\/www.lacostituzione.info\/index.php\/wp-json\/wp\/v2\/tags?post=6084"}],"curies":[{"name":"wp","href":"https:\/\/api.w.org\/{rel}","templated":true}]}}