{"id":6116,"date":"2019-02-09T10:12:31","date_gmt":"2019-02-09T09:12:31","guid":{"rendered":"http:\/\/www.lacostituzione.info\/?p=6116"},"modified":"2019-02-10T15:22:41","modified_gmt":"2019-02-10T14:22:41","slug":"latto-politico-e-sempre-insindacabile","status":"publish","type":"post","link":"https:\/\/www.lacostituzione.info\/index.php\/2019\/02\/09\/latto-politico-e-sempre-insindacabile\/","title":{"rendered":"L\u2019atto politico \u00e8 sempre insindacabile?"},"content":{"rendered":"<p><a href=\"http:\/\/www.lacostituzione.info\/wp-content\/uploads\/2018\/08\/salvini-diciotti-2.png\"><img loading=\"lazy\" decoding=\"async\" data-attachment-id=\"5633\" data-permalink=\"https:\/\/www.lacostituzione.info\/index.php\/2018\/08\/25\/cosa-rischia-salvini-cosa-rischia-il-paese\/salvini-diciotti-2\/#main\" data-orig-file=\"https:\/\/www.lacostituzione.info\/wp-content\/uploads\/2018\/08\/salvini-diciotti-2.png\" data-orig-size=\"990,720\" data-comments-opened=\"1\" data-image-meta=\"{&quot;aperture&quot;:&quot;0&quot;,&quot;credit&quot;:&quot;&quot;,&quot;camera&quot;:&quot;&quot;,&quot;caption&quot;:&quot;&quot;,&quot;created_timestamp&quot;:&quot;0&quot;,&quot;copyright&quot;:&quot;&quot;,&quot;focal_length&quot;:&quot;0&quot;,&quot;iso&quot;:&quot;0&quot;,&quot;shutter_speed&quot;:&quot;0&quot;,&quot;title&quot;:&quot;&quot;,&quot;orientation&quot;:&quot;0&quot;}\" data-image-title=\"salvini-diciotti 2\" data-image-description=\"\" data-image-caption=\"\" data-medium-file=\"https:\/\/www.lacostituzione.info\/wp-content\/uploads\/2018\/08\/salvini-diciotti-2-300x218.png\" data-large-file=\"https:\/\/www.lacostituzione.info\/wp-content\/uploads\/2018\/08\/salvini-diciotti-2.png\" class=\"alignleft size-thumbnail wp-image-5633\" src=\"http:\/\/www.lacostituzione.info\/wp-content\/uploads\/2018\/08\/salvini-diciotti-2-150x150.png\" alt=\"\" width=\"150\" height=\"150\" \/><\/a>di\u00a0<strong>Salvatore Curreri<\/strong><\/p>\n<p>L\u2019atto politico \u00e8 sempre e comunque per sua natura insindacabile?\u00a0Questo \u00e8 il nocciolo della questione.\u00a0Chi risponde affermativamente a tale interrogativo, comprensibilmente guidato dalla preoccupazione di affermare la prevalenza delle ragioni della politica sulla magistratura, si espone per\u00f2 <!--more-->al rischio di dover considerare giustificabile qualunque reato ministeriale, foss\u2019anche \u2013 come ipotizzato, estremizzando, dal prof. Bin nel suo <a href=\"http:\/\/www.lacostituzione.info\/index.php\/2019\/01\/30\/processare-salvini-equivale-a-processare-il-governo-gli-equivoci-e-gli-inganni-dietro-cui-si-nascondono-i-nostri-politici\/\">precedente intervento<\/a> \u2013 un omicidio compiuto per ragioni politiche.<\/p>\n<p>Di contro, chi risponde negativamente, finisce per sottovalutare la ratio dell\u2019art. 96 Cost. che sottende esattamente che per ragioni di interesse nazionale un ministro possa compiere un reato.<\/p>\n<p>Il punto di equilibrio tra queste due visioni estreme, entrambe a mio modesto parere non condivisibili, sta in quello che, in modo saggio e \u2013 possiamo oggi dire lungimirante \u2013 ha scritto la Corte costituzionale nella sentenza n. <a href=\"http:\/\/www.giurcost.org\/decisioni\/2012\/0081s-12.html\">81\/2012<\/a>.<\/p>\n<p>Pur lasciando volutamente imprecisata la questione della natura politica dell\u2019atto, la Corte ha ammesso che vi sono \u201cspazi riservati alla scelta politica\u201d, come dimostrato \u201cda elementi di diritto positivo\u201d. \u201cCi\u00f2 nondimeno, gli spazi della discrezionalit\u00e0 politica trovano i loro confini nei principi di natura giuridica posti dall\u2019ordinamento, tanto a livello costituzionale quanto a livello legislativo\u201d; e quando il legislatore predetermina canoni di legalit\u00e0, ad essi la politica deve attenersi, in ossequio ai fondamentali principi dello Stato di diritto. Nella misura in cui l\u2019ambito di estensione del potere discrezionale, anche quello amplissimo che connota un\u2019azione di governo, \u00e8 circoscritto da vincoli posti da norme giuridiche che ne segnano i confini o ne indirizzano l\u2019esercizio, il rispetto di tali vincoli costituisce un requisito di legittimit\u00e0 e di validit\u00e0 dell\u2019atto, sindacabile nelle sedi appropriate\u201d (4.2 cons. dir.).<\/p>\n<p>Il punto allora \u00e8 valutare se, nel caso in specie, il comportamento del ministro dell\u2019interno fosse l\u2019unico possibile per tutelare le ragioni di interesse pubblico oppure se vi fossero nel caso in specie alternative non configuranti ipotesi delittuose.<\/p>\n<p>Nemmeno al personale dei servizi segreti, che possono essere legittimamente autorizzati volta per volta a commettere reati &#8220;indispensabili alle finalit\u00e0 istituzionali di tali servizi&#8221; sono consentiti &#8220;delitti diretti a mettere in pericolo o a ledere la vita, l\u2019integrit\u00e0 fisica, la personalit\u00e0 individuale, la libert\u00e0 personale, la libert\u00e0 morale, la salute o l\u2019incolumit\u00e0 di una o pi\u00f9 persone&#8221; (<a href=\"http:\/\/www.gazzettaufficiale.it\/atto\/serie_generale\/caricaDettaglioAtto\/originario?atto.dataPubblicazioneGazzetta=2007-08-13&amp;atto.codiceRedazionale=007G0139&amp;isAnonimo=false&amp;normativi=false&amp;tipoVigenza=originario&amp;tipoSerie=serie_generale&amp;currentPage=1\">art. 17 legge n. 124\/2007<\/a>).<\/p>\n<p>Certo, l\u2019<a href=\"http:\/\/www.gazzettaufficiale.it\/eli\/id\/1989\/01\/17\/089G0023\/sg\">art. 9.3 l. cost. n. 1\/1989<\/a> definisce non a caso la valutazione della camera di competenza \u201cinsindacabile\u201d.<\/p>\n<p>Ma, in uno Stato di diritto, pu\u00f2 tale insindacabilit\u00e0 sottrarsi ai parametri di ragionevolezza e proporzionalit\u00e0, specie in riferimento alla lesione di una libert\u00e0, come quella personale, che l\u2019art. 13 Cost. definisce \u201cinviolabile\u201d?<\/p>\n<p>Solo dubbi su una questione che, a mio modesto parere, merita minori certezze.<\/p>\n","protected":false},"excerpt":{"rendered":"<p>di\u00a0Salvatore Curreri L\u2019atto politico \u00e8 sempre e comunque per sua natura insindacabile?\u00a0Questo \u00e8 il nocciolo della questione.\u00a0Chi risponde affermativamente a tale interrogativo, comprensibilmente guidato dalla preoccupazione di affermare la prevalenza delle ragioni della politica sulla magistratura, si espone per\u00f2<\/p>\n<div class='heateorSssClear'><\/div><div  class='heateor_sss_sharing_container heateor_sss_horizontal_sharing' data-heateor-sss-href='https:\/\/www.lacostituzione.info\/index.php\/2019\/02\/09\/latto-politico-e-sempre-insindacabile\/'><div class='heateor_sss_sharing_title' style=\"font-weight:bold\" >Condividi!<\/div><div class=\"heateor_sss_sharing_ul\"><a aria-label=\"Facebook\" class=\"heateor_sss_facebook\" href=\"https:\/\/www.facebook.com\/sharer\/sharer.php?u=https%3A%2F%2Fwww.lacostituzione.info%2Findex.php%2F2019%2F02%2F09%2Flatto-politico-e-sempre-insindacabile%2F\" title=\"Facebook\" rel=\"nofollow noopener\" target=\"_blank\" style=\"font-size:32px!important;box-shadow:none;display:inline-block;vertical-align:middle\"><span class=\"heateor_sss_svg\" style=\"background-color:#0765FE;width:35px;height:35px;display:inline-block;opacity:1;float:left;font-size:32px;box-shadow:none;display:inline-block;font-size:16px;padding:0 4px;vertical-align:middle;background-repeat:repeat;overflow:hidden;padding:0;cursor:pointer;box-sizing:content-box\"><svg style=\"display:block;\" focusable=\"false\" aria-hidden=\"true\" xmlns=\"http:\/\/www.w3.org\/2000\/svg\" width=\"100%\" height=\"100%\" viewBox=\"0 0 32 32\"><path fill=\"#fff\" d=\"M28 16c0-6.627-5.373-12-12-12S4 9.373 4 16c0 5.628 3.875 10.35 9.101 11.647v-7.98h-2.474V16H13.1v-1.58c0-4.085 1.849-5.978 5.859-5.978.76 0 2.072.15 2.608.298v3.325c-.283-.03-.775-.045-1.386-.045-1.967 0-2.728.745-2.728 2.683V16h3.92l-.673 3.667h-3.247v8.245C23.395 27.195 28 22.135 28 16Z\"><\/path><\/svg><\/span><\/a><a aria-label=\"Twitter\" class=\"heateor_sss_button_twitter\" href=\"https:\/\/twitter.com\/intent\/tweet?text=L%E2%80%99atto%20politico%20%C3%A8%20sempre%20insindacabile%3F&url=https%3A%2F%2Fwww.lacostituzione.info%2Findex.php%2F2019%2F02%2F09%2Flatto-politico-e-sempre-insindacabile%2F\" title=\"Twitter\" rel=\"nofollow noopener\" target=\"_blank\" style=\"font-size:32px!important;box-shadow:none;display:inline-block;vertical-align:middle\"><span class=\"heateor_sss_svg heateor_sss_s__default heateor_sss_s_twitter\" style=\"background-color:#55acee;width:35px;height:35px;display:inline-block;opacity:1;float:left;font-size:32px;box-shadow:none;display:inline-block;font-size:16px;padding:0 4px;vertical-align:middle;background-repeat:repeat;overflow:hidden;padding:0;cursor:pointer;box-sizing:content-box\"><svg style=\"display:block;\" focusable=\"false\" aria-hidden=\"true\" xmlns=\"http:\/\/www.w3.org\/2000\/svg\" width=\"100%\" height=\"100%\" viewBox=\"-4 -4 39 39\"><path d=\"M28 8.557a9.913 9.913 0 0 1-2.828.775 4.93 4.93 0 0 0 2.166-2.725 9.738 9.738 0 0 1-3.13 1.194 4.92 4.92 0 0 0-3.593-1.55 4.924 4.924 0 0 0-4.794 6.049c-4.09-.21-7.72-2.17-10.15-5.15a4.942 4.942 0 0 0-.665 2.477c0 1.71.87 3.214 2.19 4.1a4.968 4.968 0 0 1-2.23-.616v.06c0 2.39 1.7 4.38 3.952 4.83-.414.115-.85.174-1.297.174-.318 0-.626-.03-.928-.086a4.935 4.935 0 0 0 4.6 3.42 9.893 9.893 0 0 1-6.114 2.107c-.398 0-.79-.023-1.175-.068a13.953 13.953 0 0 0 7.55 2.213c9.056 0 14.01-7.507 14.01-14.013 0-.213-.005-.426-.015-.637.96-.695 1.795-1.56 2.455-2.55z\" fill=\"#fff\"><\/path><\/svg><\/span><\/a><a aria-label=\"Reddit\" class=\"heateor_sss_button_reddit\" href=\"https:\/\/reddit.com\/submit?url=https%3A%2F%2Fwww.lacostituzione.info%2Findex.php%2F2019%2F02%2F09%2Flatto-politico-e-sempre-insindacabile%2F&title=L%E2%80%99atto%20politico%20%C3%A8%20sempre%20insindacabile%3F\" title=\"Reddit\" rel=\"nofollow noopener\" target=\"_blank\" style=\"font-size:32px!important;box-shadow:none;display:inline-block;vertical-align:middle\"><span class=\"heateor_sss_svg heateor_sss_s__default heateor_sss_s_reddit\" style=\"background-color:#ff5700;width:35px;height:35px;display:inline-block;opacity:1;float:left;font-size:32px;box-shadow:none;display:inline-block;font-size:16px;padding:0 4px;vertical-align:middle;background-repeat:repeat;overflow:hidden;padding:0;cursor:pointer;box-sizing:content-box\"><svg style=\"display:block;\" focusable=\"false\" aria-hidden=\"true\" xmlns=\"http:\/\/www.w3.org\/2000\/svg\" width=\"100%\" height=\"100%\" viewBox=\"-3.5 -3.5 39 39\"><path d=\"M28.543 15.774a2.953 2.953 0 0 0-2.951-2.949 2.882 2.882 0 0 0-1.9.713 14.075 14.075 0 0 0-6.85-2.044l1.38-4.349 3.768.884a2.452 2.452 0 1 0 .24-1.176l-4.274-1a.6.6 0 0 0-.709.4l-1.659 5.224a14.314 14.314 0 0 0-7.316 2.029 2.908 2.908 0 0 0-1.872-.681 2.942 2.942 0 0 0-1.618 5.4 5.109 5.109 0 0 0-.062.765c0 4.158 5.037 7.541 11.229 7.541s11.22-3.383 11.22-7.541a5.2 5.2 0 0 0-.053-.706 2.963 2.963 0 0 0 1.427-2.51zm-18.008 1.88a1.753 1.753 0 0 1 1.73-1.74 1.73 1.73 0 0 1 1.709 1.74 1.709 1.709 0 0 1-1.709 1.711 1.733 1.733 0 0 1-1.73-1.711zm9.565 4.968a5.573 5.573 0 0 1-4.081 1.272h-.032a5.576 5.576 0 0 1-4.087-1.272.6.6 0 0 1 .844-.854 4.5 4.5 0 0 0 3.238.927h.032a4.5 4.5 0 0 0 3.237-.927.6.6 0 1 1 .844.854zm-.331-3.256a1.726 1.726 0 1 1 1.709-1.712 1.717 1.717 0 0 1-1.712 1.712z\" fill=\"#fff\"\/><\/svg><\/span><\/a><a aria-label=\"Linkedin\" class=\"heateor_sss_button_linkedin\" href=\"https:\/\/www.linkedin.com\/sharing\/share-offsite\/?url=https%3A%2F%2Fwww.lacostituzione.info%2Findex.php%2F2019%2F02%2F09%2Flatto-politico-e-sempre-insindacabile%2F\" title=\"Linkedin\" rel=\"nofollow noopener\" target=\"_blank\" style=\"font-size:32px!important;box-shadow:none;display:inline-block;vertical-align:middle\"><span class=\"heateor_sss_svg heateor_sss_s__default heateor_sss_s_linkedin\" style=\"background-color:#0077b5;width:35px;height:35px;display:inline-block;opacity:1;float:left;font-size:32px;box-shadow:none;display:inline-block;font-size:16px;padding:0 4px;vertical-align:middle;background-repeat:repeat;overflow:hidden;padding:0;cursor:pointer;box-sizing:content-box\"><svg style=\"display:block;\" focusable=\"false\" aria-hidden=\"true\" xmlns=\"http:\/\/www.w3.org\/2000\/svg\" width=\"100%\" height=\"100%\" viewBox=\"0 0 32 32\"><path d=\"M6.227 12.61h4.19v13.48h-4.19V12.61zm2.095-6.7a2.43 2.43 0 0 1 0 4.86c-1.344 0-2.428-1.09-2.428-2.43s1.084-2.43 2.428-2.43m4.72 6.7h4.02v1.84h.058c.56-1.058 1.927-2.176 3.965-2.176 4.238 0 5.02 2.792 5.02 6.42v7.395h-4.183v-6.56c0-1.564-.03-3.574-2.178-3.574-2.18 0-2.514 1.7-2.514 3.46v6.668h-4.187V12.61z\" fill=\"#fff\"><\/path><\/svg><\/span><\/a><a aria-label=\"Pinterest\" class=\"heateor_sss_button_pinterest\" href=\"https:\/\/www.lacostituzione.info\/index.php\/2019\/02\/09\/latto-politico-e-sempre-insindacabile\/\" onclick=\"event.preventDefault();javascript:void( (function() {var e=document.createElement('script' );e.setAttribute('type','text\/javascript' );e.setAttribute('charset','UTF-8' );e.setAttribute('src','\/\/assets.pinterest.com\/js\/pinmarklet.js?r='+Math.random()*99999999);document.body.appendChild(e)})());\" title=\"Pinterest\" rel=\"noopener\" style=\"font-size:32px!important;box-shadow:none;display:inline-block;vertical-align:middle\"><span class=\"heateor_sss_svg heateor_sss_s__default heateor_sss_s_pinterest\" style=\"background-color:#cc2329;width:35px;height:35px;display:inline-block;opacity:1;float:left;font-size:32px;box-shadow:none;display:inline-block;font-size:16px;padding:0 4px;vertical-align:middle;background-repeat:repeat;overflow:hidden;padding:0;cursor:pointer;box-sizing:content-box\"><svg style=\"display:block;\" focusable=\"false\" aria-hidden=\"true\" xmlns=\"http:\/\/www.w3.org\/2000\/svg\" width=\"100%\" height=\"100%\" viewBox=\"-2 -2 35 35\"><path fill=\"#fff\" d=\"M16.539 4.5c-6.277 0-9.442 4.5-9.442 8.253 0 2.272.86 4.293 2.705 5.046.303.125.574.005.662-.33.061-.231.205-.816.27-1.06.088-.331.053-.447-.191-.736-.532-.627-.873-1.439-.873-2.591 0-3.338 2.498-6.327 6.505-6.327 3.548 0 5.497 2.168 5.497 5.062 0 3.81-1.686 7.025-4.188 7.025-1.382 0-2.416-1.142-2.085-2.545.397-1.674 1.166-3.48 1.166-4.689 0-1.081-.581-1.983-1.782-1.983-1.413 0-2.548 1.462-2.548 3.419 0 1.247.421 2.091.421 2.091l-1.699 7.199c-.505 2.137-.076 4.755-.039 5.019.021.158.223.196.314.077.13-.17 1.813-2.247 2.384-4.324.162-.587.929-3.631.929-3.631.46.876 1.801 1.646 3.227 1.646 4.247 0 7.128-3.871 7.128-9.053.003-3.918-3.317-7.568-8.361-7.568z\"\/><\/svg><\/span><\/a><a aria-label=\"Whatsapp\" class=\"heateor_sss_whatsapp\" href=\"https:\/\/api.whatsapp.com\/send?text=L%E2%80%99atto%20politico%20%C3%A8%20sempre%20insindacabile%3F%20https%3A%2F%2Fwww.lacostituzione.info%2Findex.php%2F2019%2F02%2F09%2Flatto-politico-e-sempre-insindacabile%2F\" title=\"Whatsapp\" rel=\"nofollow noopener\" target=\"_blank\" style=\"font-size:32px!important;box-shadow:none;display:inline-block;vertical-align:middle\"><span class=\"heateor_sss_svg\" style=\"background-color:#55eb4c;width:35px;height:35px;display:inline-block;opacity:1;float:left;font-size:32px;box-shadow:none;display:inline-block;font-size:16px;padding:0 4px;vertical-align:middle;background-repeat:repeat;overflow:hidden;padding:0;cursor:pointer;box-sizing:content-box\"><svg style=\"display:block;\" focusable=\"false\" aria-hidden=\"true\" xmlns=\"http:\/\/www.w3.org\/2000\/svg\" width=\"100%\" height=\"100%\" viewBox=\"-6 -5 40 40\"><path class=\"heateor_sss_svg_stroke heateor_sss_no_fill\" stroke=\"#fff\" stroke-width=\"2\" fill=\"none\" d=\"M 11.579798566743314 24.396926207859085 A 10 10 0 1 0 6.808479557110079 20.73576436351046\"><\/path><path d=\"M 7 19 l -1 6 l 6 -1\" class=\"heateor_sss_no_fill heateor_sss_svg_stroke\" stroke=\"#fff\" stroke-width=\"2\" fill=\"none\"><\/path><path d=\"M 10 10 q -1 8 8 11 c 5 -1 0 -6 -1 -3 q -4 -3 -5 -5 c 4 -2 -1 -5 -1 -4\" fill=\"#fff\"><\/path><\/svg><\/span><\/a><\/div><div class=\"heateorSssClear\"><\/div><\/div><div class='heateorSssClear'><\/div>","protected":false},"author":13,"featured_media":0,"comment_status":"open","ping_status":"open","sticky":false,"template":"","format":"standard","meta":{"jetpack_post_was_ever_published":false,"_jetpack_newsletter_access":"","_jetpack_dont_email_post_to_subs":false,"_jetpack_newsletter_tier_id":0,"_jetpack_memberships_contains_paywalled_content":false,"_jetpack_memberships_contains_paid_content":false,"footnotes":"","jetpack_publicize_message":"","jetpack_publicize_feature_enabled":true,"jetpack_social_post_already_shared":true,"jetpack_social_options":{"image_generator_settings":{"template":"highway","default_image_id":0,"enabled":false},"version":2}},"categories":[4],"tags":[1341,1303,1304,154],"class_list":["post-6116","post","type-post","status-publish","format-standard","hentry","category-attualita","tag-atto-politico","tag-diciotti","tag-reati-ministeriali","tag-salvini"],"jetpack_publicize_connections":[],"jetpack_featured_media_url":"","jetpack_shortlink":"https:\/\/wp.me\/p84sDq-1AE","jetpack_likes_enabled":true,"jetpack_sharing_enabled":true,"_links":{"self":[{"href":"https:\/\/www.lacostituzione.info\/index.php\/wp-json\/wp\/v2\/posts\/6116","targetHints":{"allow":["GET"]}}],"collection":[{"href":"https:\/\/www.lacostituzione.info\/index.php\/wp-json\/wp\/v2\/posts"}],"about":[{"href":"https:\/\/www.lacostituzione.info\/index.php\/wp-json\/wp\/v2\/types\/post"}],"author":[{"embeddable":true,"href":"https:\/\/www.lacostituzione.info\/index.php\/wp-json\/wp\/v2\/users\/13"}],"replies":[{"embeddable":true,"href":"https:\/\/www.lacostituzione.info\/index.php\/wp-json\/wp\/v2\/comments?post=6116"}],"version-history":[{"count":0,"href":"https:\/\/www.lacostituzione.info\/index.php\/wp-json\/wp\/v2\/posts\/6116\/revisions"}],"wp:attachment":[{"href":"https:\/\/www.lacostituzione.info\/index.php\/wp-json\/wp\/v2\/media?parent=6116"}],"wp:term":[{"taxonomy":"category","embeddable":true,"href":"https:\/\/www.lacostituzione.info\/index.php\/wp-json\/wp\/v2\/categories?post=6116"},{"taxonomy":"post_tag","embeddable":true,"href":"https:\/\/www.lacostituzione.info\/index.php\/wp-json\/wp\/v2\/tags?post=6116"}],"curies":[{"name":"wp","href":"https:\/\/api.w.org\/{rel}","templated":true}]}}