{"id":6309,"date":"2019-05-08T10:31:55","date_gmt":"2019-05-08T08:31:55","guid":{"rendered":"http:\/\/www.lacostituzione.info\/?p=6309"},"modified":"2019-05-08T10:33:50","modified_gmt":"2019-05-08T08:33:50","slug":"lantifascismo-non-e-un-derby","status":"publish","type":"post","link":"https:\/\/www.lacostituzione.info\/index.php\/2019\/05\/08\/lantifascismo-non-e-un-derby\/","title":{"rendered":"L&#8217;antifascismo e il giuramento del ministro"},"content":{"rendered":"<p style=\"text-align: center;\"><a href=\"http:\/\/www.lacostituzione.info\/wp-content\/uploads\/2019\/05\/resistenza-e1557304005187.jpg\"><img loading=\"lazy\" decoding=\"async\" data-attachment-id=\"6312\" data-permalink=\"https:\/\/www.lacostituzione.info\/index.php\/2019\/05\/08\/lantifascismo-non-e-un-derby\/resistenza\/#main\" data-orig-file=\"https:\/\/www.lacostituzione.info\/wp-content\/uploads\/2019\/05\/resistenza-e1557304005187.jpg\" data-orig-size=\"735,1000\" data-comments-opened=\"1\" data-image-meta=\"{&quot;aperture&quot;:&quot;0&quot;,&quot;credit&quot;:&quot;&quot;,&quot;camera&quot;:&quot;&quot;,&quot;caption&quot;:&quot;&quot;,&quot;created_timestamp&quot;:&quot;0&quot;,&quot;copyright&quot;:&quot;&quot;,&quot;focal_length&quot;:&quot;0&quot;,&quot;iso&quot;:&quot;0&quot;,&quot;shutter_speed&quot;:&quot;0&quot;,&quot;title&quot;:&quot;&quot;,&quot;orientation&quot;:&quot;0&quot;}\" data-image-title=\"resistenza\" data-image-description=\"\" data-image-caption=\"\" data-medium-file=\"https:\/\/www.lacostituzione.info\/wp-content\/uploads\/2019\/05\/resistenza-220x300.jpg\" data-large-file=\"https:\/\/www.lacostituzione.info\/wp-content\/uploads\/2019\/05\/resistenza-752x1024.jpg\" class=\"aligncenter wp-image-6312\" src=\"http:\/\/www.lacostituzione.info\/wp-content\/uploads\/2019\/05\/resistenza-220x300.jpg\" alt=\"\" width=\"138\" height=\"189\" \/><\/a>di\u00a0<strong>Fabio Ferrari<\/strong><\/p>\n<p>Le costituzioni, di norma, non nascono d\u2019un tratto dal fascino di astratti principi, n\u00e9 cadono dal cielo sospinte da un irenico afflato. Sono al contrario frutto di un conflitto, spesso sanguinoso, a cui si pone fine proprio riscrivendo daccapo le regole giuridiche della convivenza civile.<!--more--><\/p>\n<p>Sono perci\u00f2 \u2018marchiate\u2019 storicamente, innervate nella carne viva dei tormenti \u2013 non di rado bellici \u2013 concretamente vissuti da un popolo. Ci\u00f2 significa che esprimono valori precisi: in ci\u00f2 che abbracciano, ma prima di tutto in ci\u00f2 che rinnegano, rifiutano, ripudiano, togliendo legittimit\u00e0 a quel <em>nemico <\/em>che \u00e8 stato combattuto e vinto, con inenarrabili costi umani e sociali.<\/p>\n<p>Questo ha delle ricadute sul senso del sistema costituzionale, sull\u2019interpretazione delle norme: si tratta infatti di parole \u2018scolpite\u2019 nel testo, ma pur sempre di semplici parole, suscettibili di ennesime interpretazioni, anche molto difformi o addirittura tra loro confliggenti. Ed \u00e8 proprio il <em>nemico <\/em>contro cui si \u00e8 combattuto ad aiutare l\u2019interprete, a guidarlo nella comprensione del significato profondo da attribuire alla legge fondamentale, perlomeno nei suoi contorni irrinunciabili.<\/p>\n<p>Queste premesse valgono anche per la nostra Costituzione, che nasce avendo ben chiari i <em>due <\/em>nemici contro cui costruire le proprie architravi democratiche: il <a href=\"https:\/\/www.senato.it\/1025?sezione=140&amp;articolo_numero_articolo=XII\">fascismo<\/a> e la <a href=\"https:\/\/www.senato.it\/1025?sezione=139&amp;articolo_numero_articolo=139\">monarchia<\/a> dei <a href=\"https:\/\/www.senato.it\/1025?sezione=140&amp;articolo_numero_articolo=XIII\">Savoia<\/a> (dinastia che pure, \u00e8 giusto ricordarlo al netto delle inequivocabili responsabilit\u00e0, qualche merito nella formazione della nazione italiana lo ebbe). Le ragioni di ci\u00f2 risultano ovviamente lapalissiane guardando alla nostra storia, ad un passato che non \u00e8 poi cos\u00ec lontano, ma che sembra ogni giorno sempre meno pregnante, almeno ad ascoltare alcuni fatti di <a href=\"http:\/\/www.ansa.it\/piemonte\/notizie\/2019\/05\/06\/salone-torino-polemiche-per-casa-editrice-casapound.-altaforte-antifascismo-vero-male-paese_bb3e3101-528d-43b4-9cbe-9fd0e1b31512.html\">cronaca<\/a> o le dichiarazioni di certi <a href=\"https:\/\/www.youtube.com\/watch?v=H1EZRtH7iEs\">rappresentanti<\/a> delle istituzioni.<\/p>\n<p>Che la democrazia abbia talvolta a che fare con rigurgiti \u2018eversivi\u2019 \u00e8 probabilmente inevitabile: anzi, \u00e8 forse segno di maturit\u00e0 del sistema, in grado di contenere pacificamente l\u2019esistenza di gruppi che possono esprimere la loro \u2018opinione\u2019 senza essere (nella migliore delle ipotesi) deportati oltre confine; senza subire, cio\u00e8, ci\u00f2 che capiterebbe se vigesse uno di quei ripugnanti regimi a cui \u2018democraticamente\u2019 inneggiano. Ma deve trattarsi di episodi isolati e contenuti, senza che vi sia o vi possa essere alcuna passiva connivenza, o peggio ancora attiva convivenza, da parte dei rappresentanti delle istituzioni, di ogni livello: la condanna deve essere unanime, radicale, intransigente.<\/p>\n<p>\u2018Scherzare\u2019 sulla pregiudiziale antifascista \u2013 per esempio, derubricando il 25 Aprile a derby tra opposte fazioni politiche \u2013 \u00e8 inaccettabile, e diventa ancor pi\u00f9 intollerabile se a farlo \u00e8 un esponente di spicco delle istituzioni. Significa colpire uno dei perni su cui si regge il sistema: o, per meglio dire, uno dei pilastri senza il quale il sistema rischia di cadere non solo dal punto di vista giuridico, ma prima di tutto identitario. Ogni comunit\u00e0 ha infatti bisogno di simboli \u2013 <em>symballein<\/em>: mettere insieme \u2013 che diano un senso, tengano unito chi ne fa parte, in nome di valori condivisi: questi non appartengono a nessuna forza politica, <em>nessuno<\/em> pu\u00f2 appropriarsene, perch\u00e9 di tutti; ma proprio per questa ragione, nessun rappresentante delle istituzioni pu\u00f2 metterli cos\u00ec apertamente in discussione. E il <a href=\"https:\/\/www.senato.it\/1025?sezione=123&amp;articolo_numero_articolo=54\">giuramento<\/a> richiesto a chi esercita certe cariche pubbliche \u00e8 l\u00ec per ricordarcelo.<\/p>\n<p>Si mostra davvero poco senso di responsabilit\u00e0 nell\u2019attribuire alla Resistenza un preciso colore politico, rendendola parte della contesa politica, e rinnegando cos\u00ec inevitabilmente la sua portata identitaria. Un conto \u00e8 la doverosa indagine storica sulle pagine anche buie della genesi repubblicana; altro \u2013 tutt\u2019altro \u2013 \u00e8 il dileggio istituzionale dei simboli di unit\u00e0 nazionale. E il dramma \u00e8 che non sembra affatto chiara la portata della posta in gioco.<\/p>\n<p>Ben venga, dunque, la <a href=\"https:\/\/www.repubblica.it\/scuola\/2019\/05\/02\/news\/scuola_torna_l_educazione_civica_in_ogni_ordine-225337379\/\">proposta di legge<\/a> di reintrodurre \u2013 finalmente \u2013 l\u2019educazione civica nelle scuole di tutti i livelli: ma deve essere chiaro che \u00e8 la Costituzione del nostro Paese che va insegnata, con la sua storia, la sua origine e i fatti nudi e crudi che le diedero vita; e in questa vicenda, l\u2019antifascismo non pu\u00f2 che avere un ruolo centrale: appunto, pregiudiziale.<\/p>\n<p>Ci\u00f2, a maggior ragione in un Paese che ha consentito ai discendenti maschi di casa Savoia di rientrare in Italia \u2013 previa modifica della norma transitoria della Costituzione che comprensibilmente lo vietava \u2013, senza nemmeno imporre un giuramento formale alla Repubblica.<\/p>\n<p>Ci si accontent\u00f2, allora, di un impegno privato contenuto in una <a href=\"https:\/\/ricerca.repubblica.it\/repubblica\/archivio\/repubblica\/2002\/02\/04\/savoia-fedeli-alla-repubblica.html?refresh_ce\">letterina<\/a> consegnata ad un avvocato; da l\u00ec a qualche anno, a rientro avvenuto, i Savoia scrissero un\u2019ulteriore <a href=\"http:\/\/www.repubblica.it\/2007\/11\/sezioni\/cronaca\/savoia-risarcimento\/savoia-risarcimento\/savoia-risarcimento.html?refresh_ce\">missiva<\/a>, questa volta al Presidente della Repubblica, chiedendo un risarcimento del danno di 260 milioni di euro per i cinquantaquattro anni di esilio.<\/p>\n<p>I problemi di identit\u00e0 della nazione italiana, come si vede, non nascono certo oggi.<\/p>\n","protected":false},"excerpt":{"rendered":"<p>di\u00a0Fabio Ferrari Le costituzioni, di norma, non nascono d\u2019un tratto dal fascino di astratti principi, n\u00e9 cadono dal cielo sospinte da un irenico afflato. Sono al contrario frutto di un conflitto, spesso sanguinoso, a cui si pone fine proprio riscrivendo daccapo le regole giuridiche della convivenza civile.<\/p>\n<div class='heateorSssClear'><\/div><div  class='heateor_sss_sharing_container heateor_sss_horizontal_sharing' data-heateor-sss-href='https:\/\/www.lacostituzione.info\/index.php\/2019\/05\/08\/lantifascismo-non-e-un-derby\/'><div class='heateor_sss_sharing_title' style=\"font-weight:bold\" >Condividi!<\/div><div class=\"heateor_sss_sharing_ul\"><a aria-label=\"Facebook\" class=\"heateor_sss_facebook\" href=\"https:\/\/www.facebook.com\/sharer\/sharer.php?u=https%3A%2F%2Fwww.lacostituzione.info%2Findex.php%2F2019%2F05%2F08%2Flantifascismo-non-e-un-derby%2F\" title=\"Facebook\" rel=\"nofollow noopener\" target=\"_blank\" style=\"font-size:32px!important;box-shadow:none;display:inline-block;vertical-align:middle\"><span class=\"heateor_sss_svg\" style=\"background-color:#0765FE;width:35px;height:35px;display:inline-block;opacity:1;float:left;font-size:32px;box-shadow:none;display:inline-block;font-size:16px;padding:0 4px;vertical-align:middle;background-repeat:repeat;overflow:hidden;padding:0;cursor:pointer;box-sizing:content-box\"><svg style=\"display:block;\" focusable=\"false\" aria-hidden=\"true\" xmlns=\"http:\/\/www.w3.org\/2000\/svg\" width=\"100%\" height=\"100%\" viewBox=\"0 0 32 32\"><path fill=\"#fff\" d=\"M28 16c0-6.627-5.373-12-12-12S4 9.373 4 16c0 5.628 3.875 10.35 9.101 11.647v-7.98h-2.474V16H13.1v-1.58c0-4.085 1.849-5.978 5.859-5.978.76 0 2.072.15 2.608.298v3.325c-.283-.03-.775-.045-1.386-.045-1.967 0-2.728.745-2.728 2.683V16h3.92l-.673 3.667h-3.247v8.245C23.395 27.195 28 22.135 28 16Z\"><\/path><\/svg><\/span><\/a><a aria-label=\"Twitter\" class=\"heateor_sss_button_twitter\" href=\"https:\/\/twitter.com\/intent\/tweet?text=L%27antifascismo%20e%20il%20giuramento%20del%20ministro&url=https%3A%2F%2Fwww.lacostituzione.info%2Findex.php%2F2019%2F05%2F08%2Flantifascismo-non-e-un-derby%2F\" title=\"Twitter\" rel=\"nofollow noopener\" target=\"_blank\" style=\"font-size:32px!important;box-shadow:none;display:inline-block;vertical-align:middle\"><span class=\"heateor_sss_svg heateor_sss_s__default heateor_sss_s_twitter\" style=\"background-color:#55acee;width:35px;height:35px;display:inline-block;opacity:1;float:left;font-size:32px;box-shadow:none;display:inline-block;font-size:16px;padding:0 4px;vertical-align:middle;background-repeat:repeat;overflow:hidden;padding:0;cursor:pointer;box-sizing:content-box\"><svg style=\"display:block;\" focusable=\"false\" aria-hidden=\"true\" xmlns=\"http:\/\/www.w3.org\/2000\/svg\" width=\"100%\" height=\"100%\" viewBox=\"-4 -4 39 39\"><path d=\"M28 8.557a9.913 9.913 0 0 1-2.828.775 4.93 4.93 0 0 0 2.166-2.725 9.738 9.738 0 0 1-3.13 1.194 4.92 4.92 0 0 0-3.593-1.55 4.924 4.924 0 0 0-4.794 6.049c-4.09-.21-7.72-2.17-10.15-5.15a4.942 4.942 0 0 0-.665 2.477c0 1.71.87 3.214 2.19 4.1a4.968 4.968 0 0 1-2.23-.616v.06c0 2.39 1.7 4.38 3.952 4.83-.414.115-.85.174-1.297.174-.318 0-.626-.03-.928-.086a4.935 4.935 0 0 0 4.6 3.42 9.893 9.893 0 0 1-6.114 2.107c-.398 0-.79-.023-1.175-.068a13.953 13.953 0 0 0 7.55 2.213c9.056 0 14.01-7.507 14.01-14.013 0-.213-.005-.426-.015-.637.96-.695 1.795-1.56 2.455-2.55z\" fill=\"#fff\"><\/path><\/svg><\/span><\/a><a aria-label=\"Reddit\" class=\"heateor_sss_button_reddit\" href=\"https:\/\/reddit.com\/submit?url=https%3A%2F%2Fwww.lacostituzione.info%2Findex.php%2F2019%2F05%2F08%2Flantifascismo-non-e-un-derby%2F&title=L%27antifascismo%20e%20il%20giuramento%20del%20ministro\" title=\"Reddit\" rel=\"nofollow noopener\" target=\"_blank\" style=\"font-size:32px!important;box-shadow:none;display:inline-block;vertical-align:middle\"><span class=\"heateor_sss_svg heateor_sss_s__default heateor_sss_s_reddit\" style=\"background-color:#ff5700;width:35px;height:35px;display:inline-block;opacity:1;float:left;font-size:32px;box-shadow:none;display:inline-block;font-size:16px;padding:0 4px;vertical-align:middle;background-repeat:repeat;overflow:hidden;padding:0;cursor:pointer;box-sizing:content-box\"><svg style=\"display:block;\" focusable=\"false\" aria-hidden=\"true\" xmlns=\"http:\/\/www.w3.org\/2000\/svg\" width=\"100%\" height=\"100%\" viewBox=\"-3.5 -3.5 39 39\"><path d=\"M28.543 15.774a2.953 2.953 0 0 0-2.951-2.949 2.882 2.882 0 0 0-1.9.713 14.075 14.075 0 0 0-6.85-2.044l1.38-4.349 3.768.884a2.452 2.452 0 1 0 .24-1.176l-4.274-1a.6.6 0 0 0-.709.4l-1.659 5.224a14.314 14.314 0 0 0-7.316 2.029 2.908 2.908 0 0 0-1.872-.681 2.942 2.942 0 0 0-1.618 5.4 5.109 5.109 0 0 0-.062.765c0 4.158 5.037 7.541 11.229 7.541s11.22-3.383 11.22-7.541a5.2 5.2 0 0 0-.053-.706 2.963 2.963 0 0 0 1.427-2.51zm-18.008 1.88a1.753 1.753 0 0 1 1.73-1.74 1.73 1.73 0 0 1 1.709 1.74 1.709 1.709 0 0 1-1.709 1.711 1.733 1.733 0 0 1-1.73-1.711zm9.565 4.968a5.573 5.573 0 0 1-4.081 1.272h-.032a5.576 5.576 0 0 1-4.087-1.272.6.6 0 0 1 .844-.854 4.5 4.5 0 0 0 3.238.927h.032a4.5 4.5 0 0 0 3.237-.927.6.6 0 1 1 .844.854zm-.331-3.256a1.726 1.726 0 1 1 1.709-1.712 1.717 1.717 0 0 1-1.712 1.712z\" fill=\"#fff\"\/><\/svg><\/span><\/a><a aria-label=\"Linkedin\" class=\"heateor_sss_button_linkedin\" href=\"https:\/\/www.linkedin.com\/sharing\/share-offsite\/?url=https%3A%2F%2Fwww.lacostituzione.info%2Findex.php%2F2019%2F05%2F08%2Flantifascismo-non-e-un-derby%2F\" title=\"Linkedin\" rel=\"nofollow noopener\" target=\"_blank\" style=\"font-size:32px!important;box-shadow:none;display:inline-block;vertical-align:middle\"><span class=\"heateor_sss_svg heateor_sss_s__default heateor_sss_s_linkedin\" style=\"background-color:#0077b5;width:35px;height:35px;display:inline-block;opacity:1;float:left;font-size:32px;box-shadow:none;display:inline-block;font-size:16px;padding:0 4px;vertical-align:middle;background-repeat:repeat;overflow:hidden;padding:0;cursor:pointer;box-sizing:content-box\"><svg style=\"display:block;\" focusable=\"false\" aria-hidden=\"true\" xmlns=\"http:\/\/www.w3.org\/2000\/svg\" width=\"100%\" height=\"100%\" viewBox=\"0 0 32 32\"><path d=\"M6.227 12.61h4.19v13.48h-4.19V12.61zm2.095-6.7a2.43 2.43 0 0 1 0 4.86c-1.344 0-2.428-1.09-2.428-2.43s1.084-2.43 2.428-2.43m4.72 6.7h4.02v1.84h.058c.56-1.058 1.927-2.176 3.965-2.176 4.238 0 5.02 2.792 5.02 6.42v7.395h-4.183v-6.56c0-1.564-.03-3.574-2.178-3.574-2.18 0-2.514 1.7-2.514 3.46v6.668h-4.187V12.61z\" fill=\"#fff\"><\/path><\/svg><\/span><\/a><a aria-label=\"Pinterest\" class=\"heateor_sss_button_pinterest\" href=\"https:\/\/www.lacostituzione.info\/index.php\/2019\/05\/08\/lantifascismo-non-e-un-derby\/\" onclick=\"event.preventDefault();javascript:void( (function() {var e=document.createElement('script' );e.setAttribute('type','text\/javascript' );e.setAttribute('charset','UTF-8' );e.setAttribute('src','\/\/assets.pinterest.com\/js\/pinmarklet.js?r='+Math.random()*99999999);document.body.appendChild(e)})());\" title=\"Pinterest\" rel=\"noopener\" style=\"font-size:32px!important;box-shadow:none;display:inline-block;vertical-align:middle\"><span class=\"heateor_sss_svg heateor_sss_s__default heateor_sss_s_pinterest\" style=\"background-color:#cc2329;width:35px;height:35px;display:inline-block;opacity:1;float:left;font-size:32px;box-shadow:none;display:inline-block;font-size:16px;padding:0 4px;vertical-align:middle;background-repeat:repeat;overflow:hidden;padding:0;cursor:pointer;box-sizing:content-box\"><svg style=\"display:block;\" focusable=\"false\" aria-hidden=\"true\" xmlns=\"http:\/\/www.w3.org\/2000\/svg\" width=\"100%\" height=\"100%\" viewBox=\"-2 -2 35 35\"><path fill=\"#fff\" d=\"M16.539 4.5c-6.277 0-9.442 4.5-9.442 8.253 0 2.272.86 4.293 2.705 5.046.303.125.574.005.662-.33.061-.231.205-.816.27-1.06.088-.331.053-.447-.191-.736-.532-.627-.873-1.439-.873-2.591 0-3.338 2.498-6.327 6.505-6.327 3.548 0 5.497 2.168 5.497 5.062 0 3.81-1.686 7.025-4.188 7.025-1.382 0-2.416-1.142-2.085-2.545.397-1.674 1.166-3.48 1.166-4.689 0-1.081-.581-1.983-1.782-1.983-1.413 0-2.548 1.462-2.548 3.419 0 1.247.421 2.091.421 2.091l-1.699 7.199c-.505 2.137-.076 4.755-.039 5.019.021.158.223.196.314.077.13-.17 1.813-2.247 2.384-4.324.162-.587.929-3.631.929-3.631.46.876 1.801 1.646 3.227 1.646 4.247 0 7.128-3.871 7.128-9.053.003-3.918-3.317-7.568-8.361-7.568z\"\/><\/svg><\/span><\/a><a aria-label=\"Whatsapp\" class=\"heateor_sss_whatsapp\" href=\"https:\/\/api.whatsapp.com\/send?text=L%27antifascismo%20e%20il%20giuramento%20del%20ministro%20https%3A%2F%2Fwww.lacostituzione.info%2Findex.php%2F2019%2F05%2F08%2Flantifascismo-non-e-un-derby%2F\" title=\"Whatsapp\" rel=\"nofollow noopener\" target=\"_blank\" style=\"font-size:32px!important;box-shadow:none;display:inline-block;vertical-align:middle\"><span class=\"heateor_sss_svg\" style=\"background-color:#55eb4c;width:35px;height:35px;display:inline-block;opacity:1;float:left;font-size:32px;box-shadow:none;display:inline-block;font-size:16px;padding:0 4px;vertical-align:middle;background-repeat:repeat;overflow:hidden;padding:0;cursor:pointer;box-sizing:content-box\"><svg style=\"display:block;\" focusable=\"false\" aria-hidden=\"true\" xmlns=\"http:\/\/www.w3.org\/2000\/svg\" width=\"100%\" height=\"100%\" viewBox=\"-6 -5 40 40\"><path class=\"heateor_sss_svg_stroke heateor_sss_no_fill\" stroke=\"#fff\" stroke-width=\"2\" fill=\"none\" d=\"M 11.579798566743314 24.396926207859085 A 10 10 0 1 0 6.808479557110079 20.73576436351046\"><\/path><path d=\"M 7 19 l -1 6 l 6 -1\" class=\"heateor_sss_no_fill heateor_sss_svg_stroke\" stroke=\"#fff\" stroke-width=\"2\" fill=\"none\"><\/path><path d=\"M 10 10 q -1 8 8 11 c 5 -1 0 -6 -1 -3 q -4 -3 -5 -5 c 4 -2 -1 -5 -1 -4\" fill=\"#fff\"><\/path><\/svg><\/span><\/a><\/div><div class=\"heateorSssClear\"><\/div><\/div><div class='heateorSssClear'><\/div>","protected":false},"author":6,"featured_media":0,"comment_status":"open","ping_status":"open","sticky":false,"template":"","format":"standard","meta":{"jetpack_post_was_ever_published":false,"_jetpack_newsletter_access":"","_jetpack_dont_email_post_to_subs":false,"_jetpack_newsletter_tier_id":0,"_jetpack_memberships_contains_paywalled_content":false,"_jetpack_memberships_contains_paid_content":false,"footnotes":"","jetpack_publicize_message":"","jetpack_publicize_feature_enabled":true,"jetpack_social_post_already_shared":true,"jetpack_social_options":{"image_generator_settings":{"template":"highway","default_image_id":0,"enabled":false},"version":2}},"categories":[12],"tags":[728,74,1156],"class_list":["post-6309","post","type-post","status-publish","format-standard","hentry","category-editoriale","tag-antifascismo","tag-costituzione","tag-resistenza"],"jetpack_publicize_connections":[],"jetpack_featured_media_url":"","jetpack_shortlink":"https:\/\/wp.me\/p84sDq-1DL","jetpack_likes_enabled":true,"jetpack_sharing_enabled":true,"_links":{"self":[{"href":"https:\/\/www.lacostituzione.info\/index.php\/wp-json\/wp\/v2\/posts\/6309","targetHints":{"allow":["GET"]}}],"collection":[{"href":"https:\/\/www.lacostituzione.info\/index.php\/wp-json\/wp\/v2\/posts"}],"about":[{"href":"https:\/\/www.lacostituzione.info\/index.php\/wp-json\/wp\/v2\/types\/post"}],"author":[{"embeddable":true,"href":"https:\/\/www.lacostituzione.info\/index.php\/wp-json\/wp\/v2\/users\/6"}],"replies":[{"embeddable":true,"href":"https:\/\/www.lacostituzione.info\/index.php\/wp-json\/wp\/v2\/comments?post=6309"}],"version-history":[{"count":0,"href":"https:\/\/www.lacostituzione.info\/index.php\/wp-json\/wp\/v2\/posts\/6309\/revisions"}],"wp:attachment":[{"href":"https:\/\/www.lacostituzione.info\/index.php\/wp-json\/wp\/v2\/media?parent=6309"}],"wp:term":[{"taxonomy":"category","embeddable":true,"href":"https:\/\/www.lacostituzione.info\/index.php\/wp-json\/wp\/v2\/categories?post=6309"},{"taxonomy":"post_tag","embeddable":true,"href":"https:\/\/www.lacostituzione.info\/index.php\/wp-json\/wp\/v2\/tags?post=6309"}],"curies":[{"name":"wp","href":"https:\/\/api.w.org\/{rel}","templated":true}]}}