{"id":6397,"date":"2019-05-27T23:31:42","date_gmt":"2019-05-27T21:31:42","guid":{"rendered":"http:\/\/www.lacostituzione.info\/?p=6397"},"modified":"2019-05-27T23:31:42","modified_gmt":"2019-05-27T21:31:42","slug":"perche-il-presidente-della-camera-puo-salvare-radio-radicale","status":"publish","type":"post","link":"https:\/\/www.lacostituzione.info\/index.php\/2019\/05\/27\/perche-il-presidente-della-camera-puo-salvare-radio-radicale\/","title":{"rendered":"Perch\u00e9 il presidente della camera pu\u00f2 salvare radio radicale"},"content":{"rendered":"<p>di\u00a0<strong>Salvatore Curreri<a href=\"http:\/\/www.lacostituzione.info\/wp-content\/uploads\/2019\/05\/radioradicale.jpg\"><img loading=\"lazy\" decoding=\"async\" data-attachment-id=\"6381\" data-permalink=\"https:\/\/www.lacostituzione.info\/radioradicale\/\" data-orig-file=\"https:\/\/www.lacostituzione.info\/wp-content\/uploads\/2019\/05\/radioradicale.jpg\" data-orig-size=\"882,882\" data-comments-opened=\"1\" data-image-meta=\"{&quot;aperture&quot;:&quot;0&quot;,&quot;credit&quot;:&quot;&quot;,&quot;camera&quot;:&quot;&quot;,&quot;caption&quot;:&quot;&quot;,&quot;created_timestamp&quot;:&quot;0&quot;,&quot;copyright&quot;:&quot;&quot;,&quot;focal_length&quot;:&quot;0&quot;,&quot;iso&quot;:&quot;0&quot;,&quot;shutter_speed&quot;:&quot;0&quot;,&quot;title&quot;:&quot;&quot;,&quot;orientation&quot;:&quot;0&quot;}\" data-image-title=\"radioradicale\" data-image-description=\"\" data-image-caption=\"\" data-medium-file=\"https:\/\/www.lacostituzione.info\/wp-content\/uploads\/2019\/05\/radioradicale-300x300.jpg\" data-large-file=\"https:\/\/www.lacostituzione.info\/wp-content\/uploads\/2019\/05\/radioradicale.jpg\" class=\"alignright size-thumbnail wp-image-6381\" src=\"http:\/\/www.lacostituzione.info\/wp-content\/uploads\/2019\/05\/radioradicale-150x150.jpg\" alt=\"\" width=\"150\" height=\"150\" srcset=\"https:\/\/www.lacostituzione.info\/wp-content\/uploads\/2019\/05\/radioradicale-150x150.jpg 150w, https:\/\/www.lacostituzione.info\/wp-content\/uploads\/2019\/05\/radioradicale-300x300.jpg 300w, https:\/\/www.lacostituzione.info\/wp-content\/uploads\/2019\/05\/radioradicale-768x768.jpg 768w, https:\/\/www.lacostituzione.info\/wp-content\/uploads\/2019\/05\/radioradicale.jpg 882w\" sizes=\"auto, (max-width: 150px) 100vw, 150px\" \/><\/a><\/strong><\/p>\n<p>Come noto, lo scorso 21 maggio \u00e8 scaduta la convenzione tra il Ministero dello sviluppo economico e Radio Radicale (rectius: il Centro di produzione Spa) in base alla quale i cittadini italiani hanno potuto ascoltare non solo le sedute parlamentari (come si limita a fare il canale Rai <em>Gr Parlamento<\/em>), ma anche&#8230;<!--more--> l\u2019attivit\u00e0 delle altre istituzioni, i pi\u00f9 importanti processi nelle aule di giustizia, la vita delle carceri, gli eventi pi\u00f9 significativi di tutti i partiti, i convegni, le manifestazioni, le conferenze stampa, i dibattiti politici, ecc. Con la sua quarantennale attivit\u00e0 Radio radicale ha dimostrato che, se si vuole, si pu\u00f2 fare un vero e proprio servizio pubblico. Il risultato \u00e8 uno straordinario archivio digitale, liberamente accessibile, che costituisce un patrimonio prezioso per la memoria storica della nostra Repubblica.<\/p>\n<p>Che Radio radicale vada salvata \u00e8 quindi fuori discussione, per le ragioni ribadite e ben esposte nell\u2019<a href=\"https:\/\/www.radioradicale.it\/pagine\/a-difesa-di-radio-radicale-a-difesa-della-democrazia\">appello firmato da 190 costituzionalisti<\/a>. Ragioni che sono significativamente condivise da tutte le forze politiche, ad eccezione del Movimento 5 Stelle, i cui vertici sono cos\u00ec ossessionati dai costi della democrazia da non riuscire pi\u00f9 a distinguere tra l\u2019essenziale ed il superfluo.<\/p>\n<p>Il problema che si vuole in questa sede affrontare \u00e8 piuttosto <em>come <\/em>salvare Radio radicale, e cio\u00e8 come prorogare l\u2019attuale convenzione, autorizzando la relativa spesa, fino alla fine di quest\u2019anno cos\u00ec da consentire in questo lasso di tempo al Governo di bandire una nuova gara per lo svolgimento di tale servizio pubblico, come la stessa Radio radicale richiede da anni, inutilmente.<\/p>\n<p>Poich\u00e9 la tempistica \u00e8 quanto mai decisiva, essendo come detto la convenzione gi\u00e0 scaduta, la quasi totalit\u00e0 dei gruppi hanno deciso di profittare dell\u2019esame in Commissione alla Camera del decreto-legge n.\u200234\/2019, recante \u00abMisure urgenti di crescita economica e per la risoluzione di specifiche situazioni di crisi\u00bb, per includere tra queste ultime quella di Radio radicale, anche per le ricadute occupazionali che la sua chiusura avrebbe.<\/p>\n<p>Da qui la presentazione di diversi emendamenti diretti a prorogare e rifinanziare la convenzione con il MISE, i quali, se votati, visto il largo consenso politico di cui godono, presumibilmente verrebbero approvati. Ma, prima ancora di essere votati, tali emendamenti devono essere dichiarati ammissibili. Ed \u00e8 su tale scoglio, politico e procedurale, che il tentativo di salvataggio si \u00e8 al momento incagliato.<\/p>\n<p>Alla Camera, il giudizio sull\u2019ammissibilit\u00e0 degli emendamenti ai disegni di legge di conversione dei decreti legge \u00e8 molto pi\u00f9 severo rispetto a quello dei disegni di legge ordinari giacch\u00e9 &#8211; prima in Commissione e poi in Aula &#8211; vanno dichiarati inammissibili gli emendamenti e gli articoli aggiuntivi \u201cnon strettamente attinenti alla materia\u201d (art. 96-bis.7 R.C.) e non semplicemente quelli \u201crelativi ad argomenti affatto estranei all&#8217;oggetto della discussione\u201d (art. 89.1 R.C.).<\/p>\n<p>Peraltro, come noto agli addetti ai lavori (e soprattutto ai deputati, che da tempo lamentano una minore potest\u00e0 emendativa rispetto ai senatori), in tema di ammissibilit\u00e0 degli emendamenti ai decreti-legge, al Senato vige una prassi meno severo rispetto a quella della Camera dei deputati giacch\u00e9 sono dichiarati inammissibili solo gli emendamenti \u201cestranei all\u2019oggetto della discussione\u201d (art. 97.1 R.S.). Una delle significative asimmetrie del nostro bicameralismo che alimenta il dubbio se la sorte degli emendamenti sarebbe stata diversa se il testo del disegno di legge di conversione fosse stato presentato al Senato anzich\u00e9 alla Camera.<\/p>\n<p>Alla luce della suddetta normativa, le Presidenze delle Commissioni riunite Bilancio e Finanze hanno quindi dichiarato tali emendamenti inammissibili perch\u00e9 non strettamente attinenti con le principali finalit\u00e0 del provvedimento, in riferimento ai singoli oggetti e alle specifiche problematiche da esso affrontate.<\/p>\n<p>A seguito dell\u2019opposizione formulata da diversi deputati, le Presidenze delle due Commissioni riunite, in conformit\u00e0 a taluni precedenti (v. lo <em>speech<\/em> del Presidente della I Commissione Violante nella seduta del 20 febbraio 2008) hanno deciso di verificare se sull\u2019ammissibilit\u00e0 di tali emendamenti vi fosse il consenso di tutti i gruppi parlamentari. In altri termini, se vi fosse stata l\u2019unanimit\u00e0 si sarebbero potuti ampliare gli stretti margini di ammissibilit\u00e0 delle proposte emendative, acconsentendo per scelta politica ci\u00f2 che dal regolamento era precluso: un classico caso di applicazione del principio del <em>nemine contradicente<\/em>. La decisa opposizione per\u00f2 del deputato Trano del M5S ha precluso tale possibilit\u00e0.<\/p>\n<p>Che fare, dunque, ora?<\/p>\n<p>Si \u00e8 ipotizzato di ripresentare in Aula il contenuto degli emendamenti dichiarati inammissibili, anche da parte di deputati non appartenenti alla V o VI commissione, al fine di consentire al Presidente \u201cqualora lo ritenga opportuno [di] consultare l\u2019Assemblea\u201d, affinch\u00e9 essa decida sulla loro ammissibilit\u00e0 \u201csenza discussione per alzata di mano\u201d (art. 96-bis.7 R.C., secondo periodo). Mi sembra, per\u00f2, una strada impraticabile. L\u2019appello del Presidente all\u2019Assemblea, previsto anche nel procedimento legislativo ordinario (art. 89.1, ultimo periodo, R.C.), pare caduto in desuetudine, come recentemente confermato (v. Assemblea, seduta del 7 maggio 2019 in cui si d\u00e0 conto dell\u2019ultimo precedente del 18 giugno 2003 in cui il Presidente della Camera Casini rimise all\u2019Aula l\u2019ammissibilit\u00e0 dell\u2019emendamento del c.d. lodo Maccanico-Schifani che includeva la sua tra le cariche per le quali era prevista la sospensione automatica dei processi penali per reati comuni: una circostanza del tutto eccezionale, quindi). Il motivo di tale disapplicazione \u00e8 evidente: evitare che, tramite l\u2019appello all\u2019Aula, la maggioranza possa estendere la materia del decreto legge a scapito dei requisiti costituzionali di omogeneit\u00e0 affidati invece al sindacato del Presidente d\u2019Assemblea. Va per\u00f2 riconosciuto che, nella situazione specifica, tale <em>ratio<\/em> non pare invocabile giacch\u00e9 si tratterebbe di una decisione richiesta dall\u2019opposizione<\/p>\n<p>Piuttosto la strada che si potrebbe percorrere ci sembra altra. La <em>Lettera circolare del Presidene della Camera sulla istruttoria legislativa nelle Commissioni<\/em> del 10 gennaio 1997 prevede infatti che nel caso in cui un deputato si opponga alla dichiarazione di inammissibilit\u00e0 pronunciata dal presidente della Commissione \u201ced altres\u00ec in tutti i casi in cui l&#8217;ammissibilit\u00e0 di emendamenti ed articoli aggiuntivi appaia comunque dubbia\u201d, il Presidente della Commissione non deve procedere alla loro votazione ma deve rimettere la questione al Presidente della Camera, il quale decide in via definitiva (ex art. 41.2 R.C.). Poich\u00e9 tale interlocuzione, almeno formalmente, non v\u2019\u00e8 stata, come prevedere la stessa circolare i deputati che hanno visto dichiarati inammissibili i propri emendamenti hanno il diritto di ripresentarli in Assemblea \u201cper verificarne in quella sede l&#8217;ammissibilit\u00e0\u201d, derogandosi cos\u00ec eccezionalmente alla regola per cui non \u00e8 possibile ripresentare in Aula emendamenti vertenti su materia identica rispetto a quelli gi\u00e0 dichiarati inammissibili in Commissione (art. 86.1 RC.).<\/p>\n<p>In definitiva, l\u2019unica ipotesi per insistere sull\u2019ammissibilit\u00e0, e di conseguenza alla sottoposizione al voto degli emendamenti diretti a salvare Radio radicale, \u00e8 quella di fare appello al Presidente d\u2019Assemblea perch\u00e9 riveda \u2013 in Aula \u2013 la decisione d\u2019inammissibilit\u00e0 assunta dai Presidenti delle Commissioni Bilancio e Finanze. Evidenzio in Aula, e non in Commissione, affinch\u00e9 la decisione del Presidente della Camera non sia frutto di una sua privata interlocuzione con i Presidenti di Commissione ma di un dibattito pubblico e aperto, che solo l\u2019Aula per sua natura pu\u00f2 garantire e che Radio Radicale in questi 40 quarant\u2019anni ci ha permesso di conoscere e comprendere.<\/p>\n","protected":false},"excerpt":{"rendered":"<p>di\u00a0Salvatore Curreri Come noto, lo scorso 21 maggio \u00e8 scaduta la convenzione tra il Ministero dello sviluppo economico e Radio Radicale (rectius: il Centro di produzione Spa) in base alla quale i cittadini italiani hanno potuto ascoltare non solo le sedute parlamentari (come si limita a fare il canale Rai Gr Parlamento), ma anche&#8230;<\/p>\n<div class='heateorSssClear'><\/div><div  class='heateor_sss_sharing_container heateor_sss_horizontal_sharing' data-heateor-sss-href='https:\/\/www.lacostituzione.info\/index.php\/2019\/05\/27\/perche-il-presidente-della-camera-puo-salvare-radio-radicale\/'><div class='heateor_sss_sharing_title' style=\"font-weight:bold\" >Condividi!<\/div><div class=\"heateor_sss_sharing_ul\"><a aria-label=\"Facebook\" class=\"heateor_sss_facebook\" href=\"https:\/\/www.facebook.com\/sharer\/sharer.php?u=https%3A%2F%2Fwww.lacostituzione.info%2Findex.php%2F2019%2F05%2F27%2Fperche-il-presidente-della-camera-puo-salvare-radio-radicale%2F\" title=\"Facebook\" rel=\"nofollow noopener\" target=\"_blank\" style=\"font-size:32px!important;box-shadow:none;display:inline-block;vertical-align:middle\"><span class=\"heateor_sss_svg\" style=\"background-color:#0765FE;width:35px;height:35px;display:inline-block;opacity:1;float:left;font-size:32px;box-shadow:none;display:inline-block;font-size:16px;padding:0 4px;vertical-align:middle;background-repeat:repeat;overflow:hidden;padding:0;cursor:pointer;box-sizing:content-box\"><svg style=\"display:block;\" focusable=\"false\" aria-hidden=\"true\" xmlns=\"http:\/\/www.w3.org\/2000\/svg\" width=\"100%\" height=\"100%\" viewBox=\"0 0 32 32\"><path fill=\"#fff\" d=\"M28 16c0-6.627-5.373-12-12-12S4 9.373 4 16c0 5.628 3.875 10.35 9.101 11.647v-7.98h-2.474V16H13.1v-1.58c0-4.085 1.849-5.978 5.859-5.978.76 0 2.072.15 2.608.298v3.325c-.283-.03-.775-.045-1.386-.045-1.967 0-2.728.745-2.728 2.683V16h3.92l-.673 3.667h-3.247v8.245C23.395 27.195 28 22.135 28 16Z\"><\/path><\/svg><\/span><\/a><a aria-label=\"Twitter\" class=\"heateor_sss_button_twitter\" href=\"https:\/\/twitter.com\/intent\/tweet?text=Perch%C3%A9%20il%20presidente%20della%20camera%20pu%C3%B2%20salvare%20radio%20radicale&url=https%3A%2F%2Fwww.lacostituzione.info%2Findex.php%2F2019%2F05%2F27%2Fperche-il-presidente-della-camera-puo-salvare-radio-radicale%2F\" title=\"Twitter\" rel=\"nofollow noopener\" target=\"_blank\" style=\"font-size:32px!important;box-shadow:none;display:inline-block;vertical-align:middle\"><span class=\"heateor_sss_svg heateor_sss_s__default heateor_sss_s_twitter\" style=\"background-color:#55acee;width:35px;height:35px;display:inline-block;opacity:1;float:left;font-size:32px;box-shadow:none;display:inline-block;font-size:16px;padding:0 4px;vertical-align:middle;background-repeat:repeat;overflow:hidden;padding:0;cursor:pointer;box-sizing:content-box\"><svg style=\"display:block;\" focusable=\"false\" aria-hidden=\"true\" xmlns=\"http:\/\/www.w3.org\/2000\/svg\" width=\"100%\" height=\"100%\" viewBox=\"-4 -4 39 39\"><path d=\"M28 8.557a9.913 9.913 0 0 1-2.828.775 4.93 4.93 0 0 0 2.166-2.725 9.738 9.738 0 0 1-3.13 1.194 4.92 4.92 0 0 0-3.593-1.55 4.924 4.924 0 0 0-4.794 6.049c-4.09-.21-7.72-2.17-10.15-5.15a4.942 4.942 0 0 0-.665 2.477c0 1.71.87 3.214 2.19 4.1a4.968 4.968 0 0 1-2.23-.616v.06c0 2.39 1.7 4.38 3.952 4.83-.414.115-.85.174-1.297.174-.318 0-.626-.03-.928-.086a4.935 4.935 0 0 0 4.6 3.42 9.893 9.893 0 0 1-6.114 2.107c-.398 0-.79-.023-1.175-.068a13.953 13.953 0 0 0 7.55 2.213c9.056 0 14.01-7.507 14.01-14.013 0-.213-.005-.426-.015-.637.96-.695 1.795-1.56 2.455-2.55z\" fill=\"#fff\"><\/path><\/svg><\/span><\/a><a aria-label=\"Reddit\" class=\"heateor_sss_button_reddit\" href=\"https:\/\/reddit.com\/submit?url=https%3A%2F%2Fwww.lacostituzione.info%2Findex.php%2F2019%2F05%2F27%2Fperche-il-presidente-della-camera-puo-salvare-radio-radicale%2F&title=Perch%C3%A9%20il%20presidente%20della%20camera%20pu%C3%B2%20salvare%20radio%20radicale\" title=\"Reddit\" rel=\"nofollow noopener\" target=\"_blank\" style=\"font-size:32px!important;box-shadow:none;display:inline-block;vertical-align:middle\"><span class=\"heateor_sss_svg heateor_sss_s__default heateor_sss_s_reddit\" style=\"background-color:#ff5700;width:35px;height:35px;display:inline-block;opacity:1;float:left;font-size:32px;box-shadow:none;display:inline-block;font-size:16px;padding:0 4px;vertical-align:middle;background-repeat:repeat;overflow:hidden;padding:0;cursor:pointer;box-sizing:content-box\"><svg style=\"display:block;\" focusable=\"false\" aria-hidden=\"true\" xmlns=\"http:\/\/www.w3.org\/2000\/svg\" width=\"100%\" height=\"100%\" viewBox=\"-3.5 -3.5 39 39\"><path d=\"M28.543 15.774a2.953 2.953 0 0 0-2.951-2.949 2.882 2.882 0 0 0-1.9.713 14.075 14.075 0 0 0-6.85-2.044l1.38-4.349 3.768.884a2.452 2.452 0 1 0 .24-1.176l-4.274-1a.6.6 0 0 0-.709.4l-1.659 5.224a14.314 14.314 0 0 0-7.316 2.029 2.908 2.908 0 0 0-1.872-.681 2.942 2.942 0 0 0-1.618 5.4 5.109 5.109 0 0 0-.062.765c0 4.158 5.037 7.541 11.229 7.541s11.22-3.383 11.22-7.541a5.2 5.2 0 0 0-.053-.706 2.963 2.963 0 0 0 1.427-2.51zm-18.008 1.88a1.753 1.753 0 0 1 1.73-1.74 1.73 1.73 0 0 1 1.709 1.74 1.709 1.709 0 0 1-1.709 1.711 1.733 1.733 0 0 1-1.73-1.711zm9.565 4.968a5.573 5.573 0 0 1-4.081 1.272h-.032a5.576 5.576 0 0 1-4.087-1.272.6.6 0 0 1 .844-.854 4.5 4.5 0 0 0 3.238.927h.032a4.5 4.5 0 0 0 3.237-.927.6.6 0 1 1 .844.854zm-.331-3.256a1.726 1.726 0 1 1 1.709-1.712 1.717 1.717 0 0 1-1.712 1.712z\" fill=\"#fff\"\/><\/svg><\/span><\/a><a aria-label=\"Linkedin\" class=\"heateor_sss_button_linkedin\" href=\"https:\/\/www.linkedin.com\/sharing\/share-offsite\/?url=https%3A%2F%2Fwww.lacostituzione.info%2Findex.php%2F2019%2F05%2F27%2Fperche-il-presidente-della-camera-puo-salvare-radio-radicale%2F\" title=\"Linkedin\" rel=\"nofollow noopener\" target=\"_blank\" style=\"font-size:32px!important;box-shadow:none;display:inline-block;vertical-align:middle\"><span class=\"heateor_sss_svg heateor_sss_s__default heateor_sss_s_linkedin\" style=\"background-color:#0077b5;width:35px;height:35px;display:inline-block;opacity:1;float:left;font-size:32px;box-shadow:none;display:inline-block;font-size:16px;padding:0 4px;vertical-align:middle;background-repeat:repeat;overflow:hidden;padding:0;cursor:pointer;box-sizing:content-box\"><svg style=\"display:block;\" focusable=\"false\" aria-hidden=\"true\" xmlns=\"http:\/\/www.w3.org\/2000\/svg\" width=\"100%\" height=\"100%\" viewBox=\"0 0 32 32\"><path d=\"M6.227 12.61h4.19v13.48h-4.19V12.61zm2.095-6.7a2.43 2.43 0 0 1 0 4.86c-1.344 0-2.428-1.09-2.428-2.43s1.084-2.43 2.428-2.43m4.72 6.7h4.02v1.84h.058c.56-1.058 1.927-2.176 3.965-2.176 4.238 0 5.02 2.792 5.02 6.42v7.395h-4.183v-6.56c0-1.564-.03-3.574-2.178-3.574-2.18 0-2.514 1.7-2.514 3.46v6.668h-4.187V12.61z\" fill=\"#fff\"><\/path><\/svg><\/span><\/a><a aria-label=\"Pinterest\" class=\"heateor_sss_button_pinterest\" href=\"https:\/\/www.lacostituzione.info\/index.php\/2019\/05\/27\/perche-il-presidente-della-camera-puo-salvare-radio-radicale\/\" onclick=\"event.preventDefault();javascript:void( (function() {var e=document.createElement('script' );e.setAttribute('type','text\/javascript' );e.setAttribute('charset','UTF-8' );e.setAttribute('src','\/\/assets.pinterest.com\/js\/pinmarklet.js?r='+Math.random()*99999999);document.body.appendChild(e)})());\" title=\"Pinterest\" rel=\"noopener\" style=\"font-size:32px!important;box-shadow:none;display:inline-block;vertical-align:middle\"><span class=\"heateor_sss_svg heateor_sss_s__default heateor_sss_s_pinterest\" style=\"background-color:#cc2329;width:35px;height:35px;display:inline-block;opacity:1;float:left;font-size:32px;box-shadow:none;display:inline-block;font-size:16px;padding:0 4px;vertical-align:middle;background-repeat:repeat;overflow:hidden;padding:0;cursor:pointer;box-sizing:content-box\"><svg style=\"display:block;\" focusable=\"false\" aria-hidden=\"true\" xmlns=\"http:\/\/www.w3.org\/2000\/svg\" width=\"100%\" height=\"100%\" viewBox=\"-2 -2 35 35\"><path fill=\"#fff\" d=\"M16.539 4.5c-6.277 0-9.442 4.5-9.442 8.253 0 2.272.86 4.293 2.705 5.046.303.125.574.005.662-.33.061-.231.205-.816.27-1.06.088-.331.053-.447-.191-.736-.532-.627-.873-1.439-.873-2.591 0-3.338 2.498-6.327 6.505-6.327 3.548 0 5.497 2.168 5.497 5.062 0 3.81-1.686 7.025-4.188 7.025-1.382 0-2.416-1.142-2.085-2.545.397-1.674 1.166-3.48 1.166-4.689 0-1.081-.581-1.983-1.782-1.983-1.413 0-2.548 1.462-2.548 3.419 0 1.247.421 2.091.421 2.091l-1.699 7.199c-.505 2.137-.076 4.755-.039 5.019.021.158.223.196.314.077.13-.17 1.813-2.247 2.384-4.324.162-.587.929-3.631.929-3.631.46.876 1.801 1.646 3.227 1.646 4.247 0 7.128-3.871 7.128-9.053.003-3.918-3.317-7.568-8.361-7.568z\"\/><\/svg><\/span><\/a><a aria-label=\"Whatsapp\" class=\"heateor_sss_whatsapp\" href=\"https:\/\/api.whatsapp.com\/send?text=Perch%C3%A9%20il%20presidente%20della%20camera%20pu%C3%B2%20salvare%20radio%20radicale%20https%3A%2F%2Fwww.lacostituzione.info%2Findex.php%2F2019%2F05%2F27%2Fperche-il-presidente-della-camera-puo-salvare-radio-radicale%2F\" title=\"Whatsapp\" rel=\"nofollow noopener\" target=\"_blank\" style=\"font-size:32px!important;box-shadow:none;display:inline-block;vertical-align:middle\"><span class=\"heateor_sss_svg\" style=\"background-color:#55eb4c;width:35px;height:35px;display:inline-block;opacity:1;float:left;font-size:32px;box-shadow:none;display:inline-block;font-size:16px;padding:0 4px;vertical-align:middle;background-repeat:repeat;overflow:hidden;padding:0;cursor:pointer;box-sizing:content-box\"><svg style=\"display:block;\" focusable=\"false\" aria-hidden=\"true\" xmlns=\"http:\/\/www.w3.org\/2000\/svg\" width=\"100%\" height=\"100%\" viewBox=\"-6 -5 40 40\"><path class=\"heateor_sss_svg_stroke heateor_sss_no_fill\" stroke=\"#fff\" stroke-width=\"2\" fill=\"none\" d=\"M 11.579798566743314 24.396926207859085 A 10 10 0 1 0 6.808479557110079 20.73576436351046\"><\/path><path d=\"M 7 19 l -1 6 l 6 -1\" class=\"heateor_sss_no_fill heateor_sss_svg_stroke\" stroke=\"#fff\" stroke-width=\"2\" fill=\"none\"><\/path><path d=\"M 10 10 q -1 8 8 11 c 5 -1 0 -6 -1 -3 q -4 -3 -5 -5 c 4 -2 -1 -5 -1 -4\" fill=\"#fff\"><\/path><\/svg><\/span><\/a><\/div><div class=\"heateorSssClear\"><\/div><\/div><div class='heateorSssClear'><\/div>","protected":false},"author":13,"featured_media":0,"comment_status":"open","ping_status":"open","sticky":false,"template":"","format":"standard","meta":{"jetpack_post_was_ever_published":false,"_jetpack_newsletter_access":"","_jetpack_dont_email_post_to_subs":false,"_jetpack_newsletter_tier_id":0,"_jetpack_memberships_contains_paywalled_content":false,"_jetpack_memberships_contains_paid_content":false,"footnotes":"","jetpack_publicize_message":"","jetpack_publicize_feature_enabled":true,"jetpack_social_post_already_shared":true,"jetpack_social_options":{"image_generator_settings":{"template":"highway","default_image_id":0,"enabled":false},"version":2}},"categories":[4],"tags":[661,113,1402],"class_list":["post-6397","post","type-post","status-publish","format-standard","hentry","category-attualita","tag-liberta-di-stampa","tag-parlamento","tag-radio-radicale"],"jetpack_publicize_connections":[],"jetpack_featured_media_url":"","jetpack_shortlink":"https:\/\/wp.me\/p84sDq-1Fb","jetpack_likes_enabled":true,"jetpack_sharing_enabled":true,"_links":{"self":[{"href":"https:\/\/www.lacostituzione.info\/index.php\/wp-json\/wp\/v2\/posts\/6397","targetHints":{"allow":["GET"]}}],"collection":[{"href":"https:\/\/www.lacostituzione.info\/index.php\/wp-json\/wp\/v2\/posts"}],"about":[{"href":"https:\/\/www.lacostituzione.info\/index.php\/wp-json\/wp\/v2\/types\/post"}],"author":[{"embeddable":true,"href":"https:\/\/www.lacostituzione.info\/index.php\/wp-json\/wp\/v2\/users\/13"}],"replies":[{"embeddable":true,"href":"https:\/\/www.lacostituzione.info\/index.php\/wp-json\/wp\/v2\/comments?post=6397"}],"version-history":[{"count":0,"href":"https:\/\/www.lacostituzione.info\/index.php\/wp-json\/wp\/v2\/posts\/6397\/revisions"}],"wp:attachment":[{"href":"https:\/\/www.lacostituzione.info\/index.php\/wp-json\/wp\/v2\/media?parent=6397"}],"wp:term":[{"taxonomy":"category","embeddable":true,"href":"https:\/\/www.lacostituzione.info\/index.php\/wp-json\/wp\/v2\/categories?post=6397"},{"taxonomy":"post_tag","embeddable":true,"href":"https:\/\/www.lacostituzione.info\/index.php\/wp-json\/wp\/v2\/tags?post=6397"}],"curies":[{"name":"wp","href":"https:\/\/api.w.org\/{rel}","templated":true}]}}