{"id":6466,"date":"2019-07-16T16:39:42","date_gmt":"2019-07-16T14:39:42","guid":{"rendered":"http:\/\/www.lacostituzione.info\/?p=6466"},"modified":"2019-07-16T16:39:45","modified_gmt":"2019-07-16T14:39:45","slug":"se-il-presidente-del-senato-limita-le-funzioni-dei-parlamentari","status":"publish","type":"post","link":"https:\/\/www.lacostituzione.info\/index.php\/2019\/07\/16\/se-il-presidente-del-senato-limita-le-funzioni-dei-parlamentari\/","title":{"rendered":"Se il Presidente del Senato limita le funzioni dei parlamentari&#8230;"},"content":{"rendered":"\n<p>di <strong>Salvatore Curreri<a href=\"http:\/\/www.lacostituzione.info\/wp-content\/uploads\/2019\/07\/casellati.jpg\"><img loading=\"lazy\" decoding=\"async\" data-attachment-id=\"6467\" data-permalink=\"https:\/\/www.lacostituzione.info\/index.php\/2019\/07\/16\/se-il-presidente-del-senato-limita-le-funzioni-dei-parlamentari\/casellati-2\/#main\" data-orig-file=\"https:\/\/www.lacostituzione.info\/wp-content\/uploads\/2019\/07\/casellati.jpg\" data-orig-size=\"648,432\" data-comments-opened=\"1\" data-image-meta=\"{&quot;aperture&quot;:&quot;0&quot;,&quot;credit&quot;:&quot;&quot;,&quot;camera&quot;:&quot;&quot;,&quot;caption&quot;:&quot;&quot;,&quot;created_timestamp&quot;:&quot;0&quot;,&quot;copyright&quot;:&quot;&quot;,&quot;focal_length&quot;:&quot;0&quot;,&quot;iso&quot;:&quot;0&quot;,&quot;shutter_speed&quot;:&quot;0&quot;,&quot;title&quot;:&quot;&quot;,&quot;orientation&quot;:&quot;0&quot;}\" data-image-title=\"casellati\" data-image-description=\"\" data-image-caption=\"\" data-medium-file=\"https:\/\/www.lacostituzione.info\/wp-content\/uploads\/2019\/07\/casellati-300x200.jpg\" data-large-file=\"https:\/\/www.lacostituzione.info\/wp-content\/uploads\/2019\/07\/casellati.jpg\" class=\"alignright size-thumbnail wp-image-6467\" src=\"http:\/\/www.lacostituzione.info\/wp-content\/uploads\/2019\/07\/casellati-150x150.jpg\" alt=\"\" width=\"150\" height=\"150\" \/><\/a><\/strong><\/p>\n<p><em>La Presidente del Senato dichiara inammissibili le interrogazioni delle opposizioni sulla oscura vicenda dei fondi russi alla Lega, perch\u00e9 il Senato non pu\u00f2 occuparsi di \u201cpettegolezzi giornalistici\u201d che \u201cnon hanno fondamento probatorio\u201d. Una decisione sbagliata che essenzialmente mortifica il Parlamento come luogo centrale del dibattito politico del Paese.<\/em><!--more--><\/p>\n<p>Nel suo <em>The English Constitution<\/em> (1867) Walter Bagehot scriveva che in democrazia il Parlamento svolge cinque funzioni fondamentali: nominare i governi, approvare le leggi, educare la Nazione, rappresentarne la volont\u00e0 e portare tematiche alla sua attenzione (\u201c<em>it must elect a ministry well, legislate well, teach the nation well, express the nation\u2019s will well, bring matters to the nation\u2019s attention well\u201d<\/em>).<\/p>\n<p>L\u2019attivit\u00e0 informativa ed ispettiva del Parlamento \u00e8 da sempre, dunque, un profilo essenziale della sua centralit\u00e0 negli ordinamenti democratici. Anzi, si pu\u00f2 ben dire che il Parlamento per sua natura \u00e8 il principale organo di controllo democratico (cfr. Corte europea dei diritti dell\u2019uomo, sentenza del 18 febbraio 1999, <em>Matthews c. Regno Unito<\/em>). Tale attivit\u00e0 \u2013 che si esprime attraverso la presentazione di interrogazioni e interpellanze e lo svolgimento di indagini conoscitive e inchieste parlamentari \u2013 ha peraltro anche carattere strumentale, giacch\u00e9 suo tramite permette ai parlamentari di acquisire informazioni, documenti, notizie, valutazioni che possono essere utili per l\u2019esercizio dell\u2019attivit\u00e0 legislativa e d\u2019indirizzo politico.<\/p>\n<p>In questa prospettiva, non possono non destare grande preoccupazione le limitazioni all\u2019utilizzo degli strumenti di sindacato ispettivo introdotte dal Presidente del Senato e che hanno palesato tutta la loro criticit\u00e0 nella scorsa seduta dell\u201911 luglio.\u00a0In quell\u2019occasione, infatti, la Presidente Casellati, richiamando la direttiva \u201ccondivisa\u201d con la Conferenza dei capigruppo il 6 settembre 2018 e comunicata all\u2019Aula il successivo 11, ha confermato l\u2019inammissibilit\u00e0 di tre interrogazioni presentate il 26 febbraio ed il 21 marzo 2019 da alcuni senatori del gruppo parlamentare del Partito democratico indirizzate ora al Presidente del Consiglio e al Ministro degli Esteri, ora al Ministro degli Interni, al fine di fare chiarezza sui rapporti con i russi dopo la diffusione dell\u2019audio in cui presunti emissari della Lega trattavano un finanziamento milionario per la campagna elettorale delle scorse europee (un\u2019altra, la 3-00661 del sen. Parrini, era stata ammessa dietro accettazione del presentatore di modifiche conformi alla direttiva).<\/p>\n<p>Respingendo le contestazioni mosse ad apertura di seduta dal sen. Ferrari nella qualit\u00e0 di capogruppo del Pd, il Presidente ha ribadito che \u201cil Senato non pu\u00f2 essere luogo del dibattito che riguarda pettegolezzi giornalistici\u201d, ragion per cui possono essere ammesse solo interrogazioni riguardanti \u201cfatti provati\u201d e \u201cche abbiano una giustificazione\u201d, dato che il Senato non \u00e8 \u201cun luogo dove possiamo discutere liberamente di questioni che non hanno nessun fondamento probatorio\u201d.<\/p>\n<p>Per comprendere meglio tale decisione, occorre precisare che il Presidente del Senato deve controllare che il contenuto delle interrogazioni e interpellanze corrisponda a quanto previsto dal regolamento e non sia formulato in termini sconvenienti (art. 146 reg. Senato). L\u2019interrogazione, infatti, deve consistere \u201cnella semplice domanda rivolta al Ministro competente per avere informazioni o spiegazioni su un oggetto determinato o per sapere se e quali provvedimenti siano stati adottati o si intendano adottare in relazione all\u2019oggetto medesimo\u201d (artt. 145.1 reg. Senato) mentre l\u2019interpellanza deve consistere \u201cnella domanda rivolta al Governo circa i motivi o gli intendimenti della sua condotta su questioni di particolare rilievo o di carattere generale (art. 154.1 reg. Senato).<\/p>\n<p>Con la direttiva sopra citata, il Presidente ha dato un\u2019interpretazione restrittiva di tali limiti al fine di limitare la prassi, confermata anche nella fase iniziale della corrente legislatura, che vuole i senatori fare ampio ricorso agli strumenti di sindacato ispettivo. Per il Presidente, infatti, dal dettato regolamentare si ricavano i seguenti divieti:<\/p>\n<p>a) poich\u00e9 l\u2019interrogazione deve consistere in una \u201csemplice domanda rivolta al Ministro competente per avere informazioni o spiegazioni\u201d (art. 145.1 R.S.), non si possono nella parte premissiva delle interrogazioni descrivere in modo articolato vicende o citare in modo esteso articoli giornalistici o di altre fonti apparse nel dibattito pubblico poich\u00e9 si tratta di elementi estranei rispetto alla semplice formulazione del quesito rivolto al Governo;<\/p>\n<p>b) poich\u00e9 al Governo tramite interrogazioni pu\u00f2 essere chiesto di \u201csapere se e quali provvedimenti siano stati adottati o si intendono adottare in relazione all\u2019oggetto medesimo\u201d (art. 145.1 R.S.), non possono rivolgersi al Governo interrogazioni su materie che non rientrino nelle sue attribuzioni. Pertanto, sono da ritenersi improponibili le interrogazioni \u201cvolte a chiedere l\u2019intervento del Governo in ambiti ad esso preclusi (competenze guarentigiate di Organi costituzionali, attribuzioni di altri Poteri dello Stato, Autorit\u00e0 indipendenti, ovvero organi territoriali o sovranazionali, attivit\u00e0 di partiti politici)\u201d;<\/p>\n<p>c) infine, viene fissato un limite \u201cdimensionale\u201d alla presentazione degli atti di sindacato ispettivo, che non possono essere superiori a due cartelle (una nella versione originaria, evidentemente rivista <em>re melius perpensa<\/em>).<\/p>\n<p>La violazione di uno solo di tali limiti, applicabili anche alle interpellanze, determina la improponibilit\u00e0 dell\u2019atto di sindacato ispettivo. Come accennato, per\u00f2, la loro introduzione desta pi\u00f9 d\u2019una perplessit\u00e0 ed \u00e8 motivo di preoccupazione per lo svolgimento del confronto politico tra maggioranza ed opposizione cui deve improntarsi l\u2019attivit\u00e0 parlamentare.<\/p>\n<p>Innanzi tutto &#8211; per quanto l\u2019obiezione sia pi\u00f9 da addetti ai lavori \u2013 non pu\u00f2 non essere stigmatizzata la prassi delle decisioni presidenziali di contenuto apparentemente interpretativo ma che sostanzialmente modificano il dettato regolamentare; decisioni peraltro semplicemente comunicate in Conferenza dei capigruppo, senza quindi interessare la Giunta per il regolamento, che \u00e8 invece l\u2019organo competente ad esprimere pareri in materia regolamentare. Del resto quanto la Presidente Casellati abbia in considerazione tale Giunta \u00e8 dimostrato dal fatto che in questi primi quasi diciotto mesi di legislatura essa si \u00e8 riunita una sola volta, per il suo insediamento, il 12 dicembre 2018, bench\u00e9 non siano ovviamente mancate sollecitazioni in tal senso (a cominciare dalla vicenda della legittimit\u00e0 dello statuto interno del gruppo parlamentare del MoVimento 5 Stelle sulla quale quanto meno il Presidente della Camera ha avvertito il dovere istituzionale di rispondere per lettera). Peraltro, l\u2019aver comunicato tale direttiva alla Conferenza dei capigruppo ed averne riassunto i tratti principali in Aula nella seduta dell\u201911 settembre 2018, rende tale atto non pubblico, tant\u2019\u00e8 che essa non risulta nemmeno riportata nell\u2019<a href=\"http:\/\/www.senato.it\/Leg18\/1057?testo_generico=27&amp;voce_sommario=62\">apposita sezione del sito del Senato dedicata alle circolari del Presidente<\/a>, dove le appena due pubblicate risalgono al 1997 e al 2001.<\/p>\n<p>Tale rilievo, apparentemente formale (ma per il giurista la forma \u00e8 sempre sostanza\u2026), in realt\u00e0 evidenzia quanto sia per sua natura inadeguato lo strumento della direttiva per affrontare il tema del fondamento costituzionale del potere ispettivo del Parlamento. Si tratta, infatti, di una questione molto pi\u00f9 complessa ed articolata rispetto a chi, come il Presidente, ha voluto ridurla ad un mero problema di interpretazione letterale della normativa regolamentare, e sol per questo meritevole di una discussione aperta e pubblica tra tutte le forze politiche.<\/p>\n<p>Chi, infatti, ritiene che il Parlamento possa chiedere al Governo solo ci\u00f2 a cui esso possa rispondere (Tosi, Amato) parte dal presupposto secondo cui i poteri ispettivi attivabili dai singoli parlamentari trovano esclusivo fondamento nella responsabilit\u00e0 politica del Governo cui l\u2019atto \u00e8 rivolto; essi, pertanto, non potrebbero andare oltre \u201calla competenza ed alla connessa responsabilit\u00e0 propria del Governo nei confronti del Parlamento\u201d (per riprendere la formula sancita dal vigente art. 139-<em>bis<\/em> reg. Camera), sia come organo costituzionale politico, sia come ente esponenziale e responsabile della pubblica amministrazione.<\/p>\n<p>Tale tesi \u00e8 stata sempre avversata da chi (Manzella) ritiene invece che il potere ispettivo delle Camere trovi fondamento nella loro funzione di garanzia della democraticit\u00e0 dell\u2019intero sistema istituzionale e, quindi, nel legame tra Parlamento e sovranit\u00e0 popolare ex art. 1 Cost. \u00a0Attraverso i poteri ispettivi il Parlamento non vuole soltanto formulare domande per acquisire notizie e valutazioni del governo, ma anche esprimere segnalazioni e valutazioni critiche e proposte nei confronti del Governo, cos\u00ec da costringerlo a prendere posizione su argomenti magari ad esso sgraditi perch\u00e9 motivo di divisione al suo interno.<\/p>\n<p>Il coinvolgere di soggetti diversi dal Governo o il trattare argomenti che vanno al di l\u00e0 delle sue specifiche competenze \u00e8 dunque da ritenersi ammissibile perch\u00e9 consente al Parlamento, ove confluiscono tutti gli interessi e le esigenze della societ\u00e0 civile, di far valere la responsabilit\u00e0 politica diffusa nei confronti di tutti coloro che nello Stato hanno un qualche potere, specialmente verso quegli organi non responsabili politicamente nei suoi confronti.<\/p>\n<p>Tale tesi \u2013 che qui per quanto finora detto ovviamente si condivide \u2013 ha trovato nel tempo ulteriori motivi di conferma.<\/p>\n<p>In primo luogo, in un\u2019epoca in cui il ruolo del Parlamento come luogo principale del confronto politico \u00e8 sempre pi\u00f9 minacciato da \u201cterze camere\u201d televisive, il voler confinare l\u2019attivit\u00e0 ispettiva delle camere solo in funzione della responsabilit\u00e0 politica del Governo significa di fatto marginalizzarle, impedendo loro di poter assumere un ruolo centrale nelle diverse relazioni con i soggetti istituzionali e di poter discutere delle questioni politiche interne ed internazionali che si dibattono nel Paese.<\/p>\n<p>In secondo luogo, non va sottovalutato che il giudizio di ammissibilit\u00e0 del Presidente su interrogazioni e interpellanze limita l\u2019esercizio del mandato parlamentare anche all\u2019esterno delle Camere. Non ammettere una interrogazione significa, infatti, escludere che le affermazioni e considerazioni ivi contenute possano essere coperte dalla prerogativa della insindacabilit\u00e0, sicch\u00e9, privo di tale garanzia, il parlamentare (specie d\u2019opposizione) vede notevolmente circoscritto la sua essenziale funzione costituzionale di sua critica politica \u00a0(l\u2019eccezione per cui un\u2019interrogazione non va considerata esercizio di funzioni politiche finch\u00e9 il Presidente non l\u2019ammette era stata sollevata nel conflitto di attribuzioni ammesso dalla Corte costituzionale con ordinanza n. 47\/2002 e poi dichiarato improcedibile per notifica oltre i termini con sentenza 106\/2003).<\/p>\n<p>In terzo luogo, se \u00e8 vero che l\u2019attivit\u00e0 ispettiva \u00e8 quella in cui pi\u00f9 propriamente si esprime il ruolo costituzionale di critica e di denuncia politica delle opposizioni, tale ruolo merita oggi di essere potenziato ed esteso, anzich\u00e9 limitato, cos\u00ec da poter efficacemente far fronte al rafforzamento del <em>continuum <\/em>che lega maggioranza parlamentare e Governo.<\/p>\n<p>Se poi si considera, infine, il fatto specifico davvero non si comprende come si possa ritenere che la vicenda dei presunti fondi russi alla Lega possa esulare dalle competenze del governo, e specificamente, da quelle, oltrech\u00e9 del Presidente del Consiglio che ne dirige la politica generale, del Ministro degli Affari esteri, coinvolgendo ovviamente le relazioni tra i due Paesi e la nostra politica estera (ed energetica), e da quello dell\u2019Interno (a prescindere dall\u2019imbarazzante posizione di essere egli leader del partito coinvolto) che ha il compito di garantire la legalit\u00e0 e la sicurezza nel paese, ed in particolare la regolarit\u00e0 del procedimento elettorale.<\/p>\n<p>Che poi il Senato debba, a dire della Presidente Casellati, discutere solo di fatti probatori comprovati e non di pettegolezzi giornalistici (sebbene la procura di Milano abbia ritenuto quanto emerso sufficiente per aprire un\u2019inchiesta per corruzione internazionale) \u00e8 affermazione cos\u00ec temeraria (voce dal sen fuggita?) da meritare di non essere nemmeno commentata, giacch\u00e9 se il Parlamento potesse discutere solo su fatti acclarati in giudizio, dovremmo decretare la definitiva subordinazione del potere politico a quello giudiziario. Come \u00e8 stato efficacemente scritto, il Senato non \u00e8 un tribunale perch\u00e9 in esso si discute, non si fanno processi.<\/p>\n<p>In conclusione, di fronte ad una cos\u00ec sensibile limitazione delle prerogative parlamentari da parte di un Presidente d\u2019Assemblea venuto meno alla sua funzione di garanzia, l\u2019unico strumento che il singolo parlamentare ha per difendere le sue attribuzioni \u00e8 sollevare conflitto di attribuzioni tra poteri dello Stato. Sarebbe peraltro un modo per testarne l\u2019azionabilit\u00e0 in concreto, e non solo in astratto, come la Corte costituzionale si \u00e8 limitata finora a fare.<\/p>\n","protected":false},"excerpt":{"rendered":"<p>di Salvatore Curreri La Presidente del Senato dichiara inammissibili le interrogazioni delle opposizioni sulla oscura vicenda dei fondi russi alla Lega, perch\u00e9 il Senato non pu\u00f2 occuparsi di \u201cpettegolezzi giornalistici\u201d che \u201cnon hanno fondamento probatorio\u201d. Una decisione sbagliata che essenzialmente mortifica il Parlamento come luogo centrale del dibattito politico del Paese.<\/p>\n<div class='heateorSssClear'><\/div><div  class='heateor_sss_sharing_container heateor_sss_horizontal_sharing' data-heateor-sss-href='https:\/\/www.lacostituzione.info\/index.php\/2019\/07\/16\/se-il-presidente-del-senato-limita-le-funzioni-dei-parlamentari\/'><div class='heateor_sss_sharing_title' style=\"font-weight:bold\" >Condividi!<\/div><div class=\"heateor_sss_sharing_ul\"><a aria-label=\"Facebook\" class=\"heateor_sss_facebook\" href=\"https:\/\/www.facebook.com\/sharer\/sharer.php?u=https%3A%2F%2Fwww.lacostituzione.info%2Findex.php%2F2019%2F07%2F16%2Fse-il-presidente-del-senato-limita-le-funzioni-dei-parlamentari%2F\" title=\"Facebook\" rel=\"nofollow noopener\" target=\"_blank\" style=\"font-size:32px!important;box-shadow:none;display:inline-block;vertical-align:middle\"><span class=\"heateor_sss_svg\" style=\"background-color:#0765FE;width:35px;height:35px;display:inline-block;opacity:1;float:left;font-size:32px;box-shadow:none;display:inline-block;font-size:16px;padding:0 4px;vertical-align:middle;background-repeat:repeat;overflow:hidden;padding:0;cursor:pointer;box-sizing:content-box\"><svg style=\"display:block;\" focusable=\"false\" aria-hidden=\"true\" xmlns=\"http:\/\/www.w3.org\/2000\/svg\" width=\"100%\" height=\"100%\" viewBox=\"0 0 32 32\"><path fill=\"#fff\" d=\"M28 16c0-6.627-5.373-12-12-12S4 9.373 4 16c0 5.628 3.875 10.35 9.101 11.647v-7.98h-2.474V16H13.1v-1.58c0-4.085 1.849-5.978 5.859-5.978.76 0 2.072.15 2.608.298v3.325c-.283-.03-.775-.045-1.386-.045-1.967 0-2.728.745-2.728 2.683V16h3.92l-.673 3.667h-3.247v8.245C23.395 27.195 28 22.135 28 16Z\"><\/path><\/svg><\/span><\/a><a aria-label=\"Twitter\" class=\"heateor_sss_button_twitter\" href=\"https:\/\/twitter.com\/intent\/tweet?text=Se%20il%20Presidente%20del%20Senato%20limita%20le%20funzioni%20dei%20parlamentari...&url=https%3A%2F%2Fwww.lacostituzione.info%2Findex.php%2F2019%2F07%2F16%2Fse-il-presidente-del-senato-limita-le-funzioni-dei-parlamentari%2F\" title=\"Twitter\" rel=\"nofollow noopener\" target=\"_blank\" style=\"font-size:32px!important;box-shadow:none;display:inline-block;vertical-align:middle\"><span class=\"heateor_sss_svg heateor_sss_s__default heateor_sss_s_twitter\" style=\"background-color:#55acee;width:35px;height:35px;display:inline-block;opacity:1;float:left;font-size:32px;box-shadow:none;display:inline-block;font-size:16px;padding:0 4px;vertical-align:middle;background-repeat:repeat;overflow:hidden;padding:0;cursor:pointer;box-sizing:content-box\"><svg style=\"display:block;\" focusable=\"false\" aria-hidden=\"true\" xmlns=\"http:\/\/www.w3.org\/2000\/svg\" width=\"100%\" height=\"100%\" viewBox=\"-4 -4 39 39\"><path d=\"M28 8.557a9.913 9.913 0 0 1-2.828.775 4.93 4.93 0 0 0 2.166-2.725 9.738 9.738 0 0 1-3.13 1.194 4.92 4.92 0 0 0-3.593-1.55 4.924 4.924 0 0 0-4.794 6.049c-4.09-.21-7.72-2.17-10.15-5.15a4.942 4.942 0 0 0-.665 2.477c0 1.71.87 3.214 2.19 4.1a4.968 4.968 0 0 1-2.23-.616v.06c0 2.39 1.7 4.38 3.952 4.83-.414.115-.85.174-1.297.174-.318 0-.626-.03-.928-.086a4.935 4.935 0 0 0 4.6 3.42 9.893 9.893 0 0 1-6.114 2.107c-.398 0-.79-.023-1.175-.068a13.953 13.953 0 0 0 7.55 2.213c9.056 0 14.01-7.507 14.01-14.013 0-.213-.005-.426-.015-.637.96-.695 1.795-1.56 2.455-2.55z\" fill=\"#fff\"><\/path><\/svg><\/span><\/a><a aria-label=\"Reddit\" class=\"heateor_sss_button_reddit\" href=\"https:\/\/reddit.com\/submit?url=https%3A%2F%2Fwww.lacostituzione.info%2Findex.php%2F2019%2F07%2F16%2Fse-il-presidente-del-senato-limita-le-funzioni-dei-parlamentari%2F&title=Se%20il%20Presidente%20del%20Senato%20limita%20le%20funzioni%20dei%20parlamentari...\" title=\"Reddit\" rel=\"nofollow noopener\" target=\"_blank\" style=\"font-size:32px!important;box-shadow:none;display:inline-block;vertical-align:middle\"><span class=\"heateor_sss_svg heateor_sss_s__default heateor_sss_s_reddit\" style=\"background-color:#ff5700;width:35px;height:35px;display:inline-block;opacity:1;float:left;font-size:32px;box-shadow:none;display:inline-block;font-size:16px;padding:0 4px;vertical-align:middle;background-repeat:repeat;overflow:hidden;padding:0;cursor:pointer;box-sizing:content-box\"><svg style=\"display:block;\" focusable=\"false\" aria-hidden=\"true\" xmlns=\"http:\/\/www.w3.org\/2000\/svg\" width=\"100%\" height=\"100%\" viewBox=\"-3.5 -3.5 39 39\"><path d=\"M28.543 15.774a2.953 2.953 0 0 0-2.951-2.949 2.882 2.882 0 0 0-1.9.713 14.075 14.075 0 0 0-6.85-2.044l1.38-4.349 3.768.884a2.452 2.452 0 1 0 .24-1.176l-4.274-1a.6.6 0 0 0-.709.4l-1.659 5.224a14.314 14.314 0 0 0-7.316 2.029 2.908 2.908 0 0 0-1.872-.681 2.942 2.942 0 0 0-1.618 5.4 5.109 5.109 0 0 0-.062.765c0 4.158 5.037 7.541 11.229 7.541s11.22-3.383 11.22-7.541a5.2 5.2 0 0 0-.053-.706 2.963 2.963 0 0 0 1.427-2.51zm-18.008 1.88a1.753 1.753 0 0 1 1.73-1.74 1.73 1.73 0 0 1 1.709 1.74 1.709 1.709 0 0 1-1.709 1.711 1.733 1.733 0 0 1-1.73-1.711zm9.565 4.968a5.573 5.573 0 0 1-4.081 1.272h-.032a5.576 5.576 0 0 1-4.087-1.272.6.6 0 0 1 .844-.854 4.5 4.5 0 0 0 3.238.927h.032a4.5 4.5 0 0 0 3.237-.927.6.6 0 1 1 .844.854zm-.331-3.256a1.726 1.726 0 1 1 1.709-1.712 1.717 1.717 0 0 1-1.712 1.712z\" fill=\"#fff\"\/><\/svg><\/span><\/a><a aria-label=\"Linkedin\" class=\"heateor_sss_button_linkedin\" href=\"https:\/\/www.linkedin.com\/sharing\/share-offsite\/?url=https%3A%2F%2Fwww.lacostituzione.info%2Findex.php%2F2019%2F07%2F16%2Fse-il-presidente-del-senato-limita-le-funzioni-dei-parlamentari%2F\" title=\"Linkedin\" rel=\"nofollow noopener\" target=\"_blank\" style=\"font-size:32px!important;box-shadow:none;display:inline-block;vertical-align:middle\"><span class=\"heateor_sss_svg heateor_sss_s__default heateor_sss_s_linkedin\" style=\"background-color:#0077b5;width:35px;height:35px;display:inline-block;opacity:1;float:left;font-size:32px;box-shadow:none;display:inline-block;font-size:16px;padding:0 4px;vertical-align:middle;background-repeat:repeat;overflow:hidden;padding:0;cursor:pointer;box-sizing:content-box\"><svg style=\"display:block;\" focusable=\"false\" aria-hidden=\"true\" xmlns=\"http:\/\/www.w3.org\/2000\/svg\" width=\"100%\" height=\"100%\" viewBox=\"0 0 32 32\"><path d=\"M6.227 12.61h4.19v13.48h-4.19V12.61zm2.095-6.7a2.43 2.43 0 0 1 0 4.86c-1.344 0-2.428-1.09-2.428-2.43s1.084-2.43 2.428-2.43m4.72 6.7h4.02v1.84h.058c.56-1.058 1.927-2.176 3.965-2.176 4.238 0 5.02 2.792 5.02 6.42v7.395h-4.183v-6.56c0-1.564-.03-3.574-2.178-3.574-2.18 0-2.514 1.7-2.514 3.46v6.668h-4.187V12.61z\" fill=\"#fff\"><\/path><\/svg><\/span><\/a><a aria-label=\"Pinterest\" class=\"heateor_sss_button_pinterest\" href=\"https:\/\/www.lacostituzione.info\/index.php\/2019\/07\/16\/se-il-presidente-del-senato-limita-le-funzioni-dei-parlamentari\/\" onclick=\"event.preventDefault();javascript:void( (function() {var e=document.createElement('script' );e.setAttribute('type','text\/javascript' );e.setAttribute('charset','UTF-8' );e.setAttribute('src','\/\/assets.pinterest.com\/js\/pinmarklet.js?r='+Math.random()*99999999);document.body.appendChild(e)})());\" title=\"Pinterest\" rel=\"noopener\" style=\"font-size:32px!important;box-shadow:none;display:inline-block;vertical-align:middle\"><span class=\"heateor_sss_svg heateor_sss_s__default heateor_sss_s_pinterest\" style=\"background-color:#cc2329;width:35px;height:35px;display:inline-block;opacity:1;float:left;font-size:32px;box-shadow:none;display:inline-block;font-size:16px;padding:0 4px;vertical-align:middle;background-repeat:repeat;overflow:hidden;padding:0;cursor:pointer;box-sizing:content-box\"><svg style=\"display:block;\" focusable=\"false\" aria-hidden=\"true\" xmlns=\"http:\/\/www.w3.org\/2000\/svg\" width=\"100%\" height=\"100%\" viewBox=\"-2 -2 35 35\"><path fill=\"#fff\" d=\"M16.539 4.5c-6.277 0-9.442 4.5-9.442 8.253 0 2.272.86 4.293 2.705 5.046.303.125.574.005.662-.33.061-.231.205-.816.27-1.06.088-.331.053-.447-.191-.736-.532-.627-.873-1.439-.873-2.591 0-3.338 2.498-6.327 6.505-6.327 3.548 0 5.497 2.168 5.497 5.062 0 3.81-1.686 7.025-4.188 7.025-1.382 0-2.416-1.142-2.085-2.545.397-1.674 1.166-3.48 1.166-4.689 0-1.081-.581-1.983-1.782-1.983-1.413 0-2.548 1.462-2.548 3.419 0 1.247.421 2.091.421 2.091l-1.699 7.199c-.505 2.137-.076 4.755-.039 5.019.021.158.223.196.314.077.13-.17 1.813-2.247 2.384-4.324.162-.587.929-3.631.929-3.631.46.876 1.801 1.646 3.227 1.646 4.247 0 7.128-3.871 7.128-9.053.003-3.918-3.317-7.568-8.361-7.568z\"\/><\/svg><\/span><\/a><a aria-label=\"Whatsapp\" class=\"heateor_sss_whatsapp\" href=\"https:\/\/api.whatsapp.com\/send?text=Se%20il%20Presidente%20del%20Senato%20limita%20le%20funzioni%20dei%20parlamentari...%20https%3A%2F%2Fwww.lacostituzione.info%2Findex.php%2F2019%2F07%2F16%2Fse-il-presidente-del-senato-limita-le-funzioni-dei-parlamentari%2F\" title=\"Whatsapp\" rel=\"nofollow noopener\" target=\"_blank\" style=\"font-size:32px!important;box-shadow:none;display:inline-block;vertical-align:middle\"><span class=\"heateor_sss_svg\" style=\"background-color:#55eb4c;width:35px;height:35px;display:inline-block;opacity:1;float:left;font-size:32px;box-shadow:none;display:inline-block;font-size:16px;padding:0 4px;vertical-align:middle;background-repeat:repeat;overflow:hidden;padding:0;cursor:pointer;box-sizing:content-box\"><svg style=\"display:block;\" focusable=\"false\" aria-hidden=\"true\" xmlns=\"http:\/\/www.w3.org\/2000\/svg\" width=\"100%\" height=\"100%\" viewBox=\"-6 -5 40 40\"><path class=\"heateor_sss_svg_stroke heateor_sss_no_fill\" stroke=\"#fff\" stroke-width=\"2\" fill=\"none\" d=\"M 11.579798566743314 24.396926207859085 A 10 10 0 1 0 6.808479557110079 20.73576436351046\"><\/path><path d=\"M 7 19 l -1 6 l 6 -1\" class=\"heateor_sss_no_fill heateor_sss_svg_stroke\" stroke=\"#fff\" stroke-width=\"2\" fill=\"none\"><\/path><path d=\"M 10 10 q -1 8 8 11 c 5 -1 0 -6 -1 -3 q -4 -3 -5 -5 c 4 -2 -1 -5 -1 -4\" fill=\"#fff\"><\/path><\/svg><\/span><\/a><\/div><div class=\"heateorSssClear\"><\/div><\/div><div class='heateorSssClear'><\/div>","protected":false},"author":13,"featured_media":0,"comment_status":"open","ping_status":"open","sticky":false,"template":"","format":"standard","meta":{"jetpack_post_was_ever_published":false,"_jetpack_newsletter_access":"","_jetpack_dont_email_post_to_subs":false,"_jetpack_newsletter_tier_id":0,"_jetpack_memberships_contains_paywalled_content":false,"_jetpack_memberships_contains_paid_content":false,"footnotes":"","jetpack_publicize_message":"","jetpack_publicize_feature_enabled":true,"jetpack_social_post_already_shared":false,"jetpack_social_options":{"image_generator_settings":{"template":"highway","default_image_id":0,"enabled":false},"version":2}},"categories":[4],"tags":[1266,1426,113],"class_list":["post-6466","post","type-post","status-publish","format-standard","hentry","category-attualita","tag-casellati","tag-interrogazioni","tag-parlamento"],"jetpack_publicize_connections":[],"jetpack_featured_media_url":"","jetpack_shortlink":"https:\/\/wp.me\/p84sDq-1Gi","jetpack_likes_enabled":true,"jetpack_sharing_enabled":true,"_links":{"self":[{"href":"https:\/\/www.lacostituzione.info\/index.php\/wp-json\/wp\/v2\/posts\/6466","targetHints":{"allow":["GET"]}}],"collection":[{"href":"https:\/\/www.lacostituzione.info\/index.php\/wp-json\/wp\/v2\/posts"}],"about":[{"href":"https:\/\/www.lacostituzione.info\/index.php\/wp-json\/wp\/v2\/types\/post"}],"author":[{"embeddable":true,"href":"https:\/\/www.lacostituzione.info\/index.php\/wp-json\/wp\/v2\/users\/13"}],"replies":[{"embeddable":true,"href":"https:\/\/www.lacostituzione.info\/index.php\/wp-json\/wp\/v2\/comments?post=6466"}],"version-history":[{"count":0,"href":"https:\/\/www.lacostituzione.info\/index.php\/wp-json\/wp\/v2\/posts\/6466\/revisions"}],"wp:attachment":[{"href":"https:\/\/www.lacostituzione.info\/index.php\/wp-json\/wp\/v2\/media?parent=6466"}],"wp:term":[{"taxonomy":"category","embeddable":true,"href":"https:\/\/www.lacostituzione.info\/index.php\/wp-json\/wp\/v2\/categories?post=6466"},{"taxonomy":"post_tag","embeddable":true,"href":"https:\/\/www.lacostituzione.info\/index.php\/wp-json\/wp\/v2\/tags?post=6466"}],"curies":[{"name":"wp","href":"https:\/\/api.w.org\/{rel}","templated":true}]}}