{"id":6490,"date":"2019-08-12T09:22:47","date_gmt":"2019-08-12T07:22:47","guid":{"rendered":"http:\/\/www.lacostituzione.info\/?p=6490"},"modified":"2019-08-26T10:22:22","modified_gmt":"2019-08-26T08:22:22","slug":"il-fascismo-storico-non-tornera-ma-la-democrazia-costituzionale-non-puo-resistere-a-tutto","status":"publish","type":"post","link":"https:\/\/www.lacostituzione.info\/index.php\/2019\/08\/12\/il-fascismo-storico-non-tornera-ma-la-democrazia-costituzionale-non-puo-resistere-a-tutto\/","title":{"rendered":"Il fascismo (storico) non torner\u00e0 ma la democrazia (costituzionale) non pu\u00f2 resistere a tutto"},"content":{"rendered":"\n<p><a href=\"http:\/\/www.lacostituzione.info\/wp-content\/uploads\/2019\/08\/mussolini.jpg\"><img loading=\"lazy\" decoding=\"async\" data-attachment-id=\"6491\" data-permalink=\"https:\/\/www.lacostituzione.info\/index.php\/2019\/08\/12\/il-fascismo-storico-non-tornera-ma-la-democrazia-costituzionale-non-puo-resistere-a-tutto\/mussolini\/#main\" data-orig-file=\"https:\/\/www.lacostituzione.info\/wp-content\/uploads\/2019\/08\/mussolini.jpg\" data-orig-size=\"488,600\" data-comments-opened=\"1\" data-image-meta=\"{&quot;aperture&quot;:&quot;0&quot;,&quot;credit&quot;:&quot;&quot;,&quot;camera&quot;:&quot;&quot;,&quot;caption&quot;:&quot;&quot;,&quot;created_timestamp&quot;:&quot;0&quot;,&quot;copyright&quot;:&quot;&quot;,&quot;focal_length&quot;:&quot;0&quot;,&quot;iso&quot;:&quot;0&quot;,&quot;shutter_speed&quot;:&quot;0&quot;,&quot;title&quot;:&quot;&quot;,&quot;orientation&quot;:&quot;0&quot;}\" data-image-title=\"mussolini\" data-image-description=\"\" data-image-caption=\"\" data-medium-file=\"https:\/\/www.lacostituzione.info\/wp-content\/uploads\/2019\/08\/mussolini-244x300.jpg\" data-large-file=\"https:\/\/www.lacostituzione.info\/wp-content\/uploads\/2019\/08\/mussolini.jpg\" class=\"aligncenter size-thumbnail wp-image-6491\" src=\"http:\/\/www.lacostituzione.info\/wp-content\/uploads\/2019\/08\/mussolini-150x150.jpg\" alt=\"\" width=\"150\" height=\"150\" \/><\/a><\/p>\n<p style=\"text-align: center;\">\ufffc\ufffc\ufffcdi <strong>Alessandro Morelli<\/strong><\/p>\n<p><strong>\u00a0<\/strong>Qualche giorno fa Matteo Salvini ha chiesto agli italiani \u201cpieni poteri\u201d per poter cos\u00ec realizzare quanto promesso di fare in campagna elettorale, \u201cfino in fondo, senza rallentamenti e senza palle al piede\u201d. <!--more-->La formula \u201cpieni poteri\u201d, com\u2019\u00e8 stato notato da <a href=\"https:\/\/www.ilsole24ore.com\/art\/perche-salvini-non-puo-chiedere-pieni-poteri-ACYu05d\">Oreste Pollicino e Giulio Enea Vigevani in un articolo apparso sul Sole 24 Ore<\/a>, evoca un passato tragico. Una simile richiesta fu formulata da Benito Mussolini nel celebre \u201cdiscorso del bivacco\u201d del 16 novembre 1922, il primo tenuto dal Duce alla Camera dei deputati nella veste di Presidente del Consiglio dei ministri. Un altro precedente \u00e8 quello che si ebbe successivamente in Germania, il 24 marzo 1933, quando il Parlamento approv\u00f2 il \u201cdecreto dei pieni poteri\u201d, con cui furono introdotti gli strumenti normativi attraverso cui il Partito nazionalsocialista pot\u00e9 consolidare il proprio regime totalitario. Tali precedenti erano vivi nella memoria dei Padri costituenti italiani che, perfino nella disciplina dello stato di guerra, decisero di non prevedere l\u2019attribuzione al Governo dei \u201cpieni poteri\u201d. L\u2019articolo 78 della nostra Costituzione, stabilisce, infatti, che anche in questo caso estremo le Camere conferiscano all\u2019Esecutivo i \u201cpoteri necessari\u201d, mantenendo, dunque, un criterio di proporzionalit\u00e0 tra mezzi e fini che appare del tutto assente nella formula dei \u201cpieni poteri\u201d.<\/p>\n<p>Non \u00e8 certo la prima volta che Salvini usa espressioni che richiamano l\u2019esperienza storica del fascismo. Cos\u00ec, per fare solo qualche esempio, a fronte delle critiche provenienti dai vertici dell\u2019UE all\u2019ultima manovra varata dal Governo gialloverde, il Ministro dell\u2019Interno ha ripreso il \u201cme ne frego\u201d dannunziano, frase originariamente propria degli Arditi nella Prima guerra mondiale, poi usata anche da Mussolini nei suoi discorsi. In un\u2019altra occasione, il <em>leader<\/em> della Lega ha lanciato l\u2019ipotesi di un nuovo \u201casse Roma-Berlino\u201d, espressione che ha evocato a molti l\u2019omonima alleanza tra Germania e Italia durante la Seconda guerra mondiale.<\/p>\n<p>In diverse occasioni, dopo le polemiche suscitate da tali uscite, il Ministro dell\u2019Interno ha risposto con sarcasmo alle critiche, definendo del tutto infondate le accuse mossegli di alimentare nostalgie autoritarie. Ma lo ha fatto mantenendo un\u2019ambiguit\u00e0 di fondo che \u00e8 propria del discorso simbolico. Cos\u00ec, per tornare al caso pi\u00f9 recente, nel clamore suscitato (anche, e soprattutto, in Italia) dalla richiesta di \u201cpieni poteri\u201d, Salvini ha preferito rispondere, su Twitter, a un articolo apparso sulla stampa tedesca in cui si esprimeva forte preoccupazione per la prospettiva di una sua vittoria alle prossime elezioni. \u201cNon siamo pi\u00f9 negli anni Trenta \u2013 ha scritto il leader della Lega \u2013, nel nostro Paese non ci sono Hitler all\u2019orizzonte e chi governa in Italia lo decidono gli italiani\u201d. Un attacco al <em>F<\/em><em>\u0171hrer<\/em> e alla storia della Germania (nel quale per\u00f2 il Ministro si \u00e8 guardato bene dall\u2019evocare il Duce, che del primo fu ispiratore\u2026) compatibile con la visione neofascista secondo cui proprio l\u2019alleanza con Hitler sarebbe stato uno degli errori strategici che avrebbero compromesso un\u2019esperienza politica giudicata complessivamente positiva.<\/p>\n<p>Perch\u00e9 questi continui richiami al linguaggio e alla storia del fascismo storico?<\/p>\n<p>I simboli, com\u2019\u00e8 noto, hanno un ruolo fondamentale nella vita politica. Sono elementi essenziali del processo d\u2019integrazione che alimenta il seguito dei partiti e dei movimenti. Salvini ha dimostrato una straordinaria capacit\u00e0 nel marketing politico, il cui impiego ha agevolato un eccezionale incremento dei consensi della Lega, tanto da farne \u2013 stando almeno agli ultimi sondaggi \u2013 il primo partito italiano. Nel passaggio dall\u2019originaria Lega Nord, partito territoriale, federalista e a tratti secessionista, alla Lega attuale, nazionalista e attiva anche nel Centro-Sud, non \u00e8 certamente sfuggita a Salvini e ai suoi spin doctor la necessit\u00e0 di riorganizzare l\u2019immaginario simbolico-politico di riferimento. Il \u201cdio Po\u201d, la Padania e Alberto da Giussano sono simboli estranei, persino respingenti per l\u2019elettorato centro-meridionale al quale ora guarda Salvini. D\u2019altro canto, le \u201cindagini di mercato\u201d svolte dagli specialisti della comunicazione di cui si \u00e8 servita la Lega, soprattutto attraverso il monitoraggio dei social network, devono aver ispirato l\u2019idea di attingere al mondo simbolico del fascismo, che ha una dimensione nazionale, non delimitata territorialmente, e, in pi\u00f9, possiede il gusto accattivante del proibito. L\u2019uso della mitologia e della simbolica del ventennio, tuttavia, \u00e8 rischioso perch\u00e9 pu\u00f2 sempre degenerare nell\u2019apologia. Pertanto, tale uso al momento si traduce quasi esclusivamente nell\u2019impiego di un linguaggio allusivo, che per\u00f2 potrebbe preludere ad altre e ancor pi\u00f9 esplicite evocazioni.<\/p>\n<p>Si tratta, dunque, soltanto di innocue operazioni di marketing politico? Non direi. I simboli incidono certamente sulla sfera emotiva delle persone, ma rinviano anche a mondi concettuali e possono fornire un orizzonte di senso all\u2019agire politico. I continui riferimenti ad espressioni del Duce o a simboli di quell\u2019epoca richiamano i paradigmi dell\u2019esperienza autoritaria italiana: l\u2019idea dell\u2019uomo forte al comando, la prospettiva di un potere incontrollato, non limitato e soggetto all\u2019azione di contrappesi ecc.<\/p>\n<p>Ci\u00f2 non significa che sia reale il pericolo di un ritorno del fascismo. Lo storico Emilio Gentile, in un recente <em>pamphlet<\/em> (<a href=\"https:\/\/www.laterza.it\/index.php?option=com_laterza&amp;Itemid=97&amp;task=schedalibro&amp;isbn=9788858136140\"><em>Chi \u00e8 fascista<\/em>, Laterza, Bari-Roma 2019<\/a>), critica radicalmente l\u2019idea del \u201cfascismo eterno\u201d, prospettata, con successo, da Umberto Eco in un saggio del 1995, tornato di recente in circolazione (<a href=\"http:\/\/www.lanavediteseo.eu\/item\/il-fascismo-eterno\/\"><em>Il fascismo eterno<\/em>, La nave di Teseo, Milano 2017<\/a>).<\/p>\n<p>Anche secondo Eco, in verit\u00e0, non vi \u00e8 il rischio di ricomparsa del fascismo nella sua forma originale; ma, d\u2019altro canto, \u201canche se i regimi politici possono essere rovesciati,\u00a0 e le ideologie criticate e delegittimate, dietro un regime e la sua ideologia c\u2019\u00e8 sempre un modo di pensare e di sentire, una serie di abitudini culturali, una nebulosa di istinti oscuri e di insondabili pulsioni\u201d. E proprio per il permanere di tale modo di pensare e di sentire sarebbe possibile, in ogni momento, un ritorno del fascismo sotto altre vesti. I tratti che contraddistinguerebbero questo \u201cfascismo eterno\u201d (o \u201cUr-fascismo\u201d) sarebbero il tradizionalismo, il rifiuto del modernismo, il culto dell\u2019azione per l\u2019azione, l\u2019intolleranza verso ogni forma di disaccordo (visto sempre come un tradimento), la paura della diversit\u00e0, la derivazione da una qualche forma di frustrazione sociale, l\u2019ossessione del complotto, l\u2019idea (portata avanti grazie a \u201cun continuo spostamento di registro retorico\u201d) secondo cui <em>i nemici sarebbero al tempo stesso troppo forti e troppo deboli<\/em>, l\u2019avversione per il pacifismo e l\u2019idea che la vita stessa sia una \u201cguerra permanente\u201d, l\u2019elitismo popolare, il culto dell\u2019eroismo e della morte, il <em>machismo<\/em>, il \u201cpopulismo qualitativo\u201d (il popolo sarebbe concepito \u201ccome una qualit\u00e0, un\u2019entit\u00e0 monolitica che esprime la \u2018volont\u00e0 comune\u2019\u201d), l\u2019uso di una \u201cneolingua\u201d orwelliana fatta di \u201cun lessico povero\u201d e di \u201cuna sintassi elementare, al fine di limitare gli strumenti per il ragionamento complesso e critico\u201d.<\/p>\n<p>Le accuse di Gentile alla tesi del \u201cfascismo eterno\u201d sono diverse: secondo lo storico, per una sorta di eterogenesi dei fini, tale idea potrebbe paradossalmente indebolire l\u2019antifascismo, il quale, nella prospettiva del perpetuo ripresentarsi del fenomeno, non risulterebbe avere effettivamente debellato il fascismo nel 1945; inoltre, l\u2019idea dell\u2019eterno ritorno potrebbe favorire la fascinazione del fascismo stesso sui giovani \u201cche poco o nulla sanno del fascismo storico, ma si lasciano suggestionare da una sua visione mitica, che verrebbe ulteriormente ingigantita dalla presunta eternit\u00e0 del fascismo\u201d. Una siffatta idea si baserebbe sull\u2019uso di analogie produttrici di falsificazioni: alla storiografia, \u201cconoscenza critica scientificamente elaborata\u201d, si sostituirebbe, infatti, quella che lo storico, con un efficace neologismo, chiama l\u2019\u201castoriologia\u201d, una narrazione che avrebbe con la storia la stessa relazione che l\u2019astrologia ha con l\u2019astronomia. Nell\u2019\u201castoriologia\u201d il passato storico sarebbe continuamente \u201cadattato ai desideri, alle speranze, alle paure attuali\u201d. In tale prospettiva, si finirebbe erroneamente con il considerare espressioni del \u201cfascismo eterno\u201d anche gli attuali movimenti populisti che esaltano quel dogma della sovranit\u00e0 popolare che il fascismo negava, \u201cproclamandosi il pi\u00f9 formidabile nemico dei principi della Rivoluzione francese\u201d.<\/p>\n<p>Le paure del ritorno del fascismo sono, dunque, infondate. Ci\u00f2 significa che la democrazia non corre oggi alcun pericolo e che il sistema delle garanzie costituzionali \u00e8 cos\u00ec solido da rendere remote e perfino risibili le troppo spesso sbandierate preoccupazioni di una degenerazione dell\u2019ordinamento in senso autoritario?<\/p>\n<p>In realt\u00e0, per un verso, parrebbe che il contrasto tra le opinioni di Eco e di Gentile poggi su una questione meramente nominalistica \u2013 quella del significato proprio del termine \u201cfascismo\u201d \u2013 e, per altro verso, che i due Autori si muovano su piani diversi: su quello antropologico il primo, su quello storico il secondo. Se, infatti, non sembra esservi dubbio che, risultando molto diverso il contesto sociale, economico e politico dell\u2019epoca fascista rispetto a quello attuale, non sia replicabile il fascismo nelle sue fattezze originali, d\u2019altro canto, non si pu\u00f2 nemmeno sostenere \u2013 senza cadere in un\u2019analoga fallacia \u2013 che la democrazia sia \u201ceterna\u201d, una forma istituzionale che si regge da s\u00e9, che non necessita di cure e d\u2019interventi e che pu\u00f2 sopravvivere a tutto, a qualunque attacco.<\/p>\n<p>Occorre naturalmente chiarire a quale concetto di \u201cdemocrazia\u201d si faccia riferimento, trattandosi anche in questo caso di un termine declinabile in molti modi diversi. In realt\u00e0, ad essere sotto attacco da tempo \u2013 soprattutto da parte di quei movimenti populisti che pure esaltano il dogma della sovranit\u00e0 popolare \u2013 \u00e8 la <em>liberaldemocrazia<\/em> o, meglio, la <em>democrazia costituzionale<\/em>, una forma di Stato nella quale il principio di maggioranza non \u00e8 assoluto, ma incontra invalicabili confini istituzionali che servono a salvaguardare i diritti fondamentali degli individui e delle minoranze. Da tempo, ad esempio, il primo ministro ungherese Victor Orb\u00e1n promuove una \u201cdemocrazia illiberale\u201d, ma sono in molti a muoversi nella stessa direzione.<\/p>\n<p>Il punto sta tutto qui. Appare sempre pi\u00f9 diffusa oggi l\u2019idea di un \u201cpopolo\u201d infallibile, intendendosi con tale termine un\u2019entit\u00e0 astratta, organica e omogenea, coincidente poi <em>di fatto<\/em> con la maggioranza politica legittimata dal voto popolare. In tale prospettiva, la tutela dei diritti fondamentali sarebbe una questione rimessa alla sensibilit\u00e0 politica della maggioranza di turno e nessun organo privo di legittimazione elettorale potrebbe opporsi alla maggioranza politica uscita dalle urne, anche solo per garantire gli stessi diritti fondamentali. Gli organi di garanzia, dunque, dovrebbero limitarsi a <em>garantire<\/em> l\u2019attuazione della volont\u00e0 espressa dalla maggioranza politica.<\/p>\n<p>La democrazia costituzionale presuppone, invece, che i diritti di libert\u00e0 vadano salvaguardati anche <em>contro<\/em> la maggioranza, che peraltro non \u00e8 infallibile e pu\u00f2 sbagliare esattamente come sbagliano i singoli individui. Gli organi istituzionali che svolgono funzioni di garanzia non sono espressione di poteri forti che intendono sopraffare abusivamente la volont\u00e0 del popolo sovrano, come vorrebbe la narrazione populista oggi tanto in voga. Sono, invece, istituzioni la cui sopravvivenza e il cui corretto funzionamento servono a impedire che il sistema democratico si traduca in una mera <em>tirannia della maggioranza<\/em>. Un modello efficacemente sintetizzato dalla Carta repubblicana, nel suo primo articolo, il quale, al secondo comma, prevede che la sovranit\u00e0 appartiene al popolo, il quale per\u00f2 pu\u00f2 esercitarla soltanto nelle forme e nei limiti stabiliti dalla Costituzione stessa.<\/p>\n<p>Quello della democrazia costituzionale non \u00e8 certo un modello perfetto. Come tanti hanno evidenziato, il sistema istituzionale necessita da troppo tempo di importanti interventi di riforma e di altri di semplice manutenzione. Con tutti i suoi limiti, per\u00f2, tale modello \u00e8 ancora quello in grado di garantire al meglio i diritti umani. E, soprattutto, \u00e8 il sistema istituzionale vigente nel nostro Paese.<\/p>\n<p>Chi chiede al popolo \u201cpieni poteri\u201d, chi risponde in modo sprezzante alle legittime critiche delle istituzioni sovranazionali e propone alleanze con altri Stati secondo la logica schmittiana del conflitto tra amico e nemico non pu\u00f2 certo riportare in vita il fascismo storico, ma mostra di condividere il paradigma di una maggioranza sovrana, padrona dei diritti degli individui e delle minoranze. Le trasformazioni istituzionali che potrebbero essere indotte dal consolidarsi di tale visione sono facilmente prevedibili: diversi sono i Paesi europei nei quali, negli ultimi anni, l\u2019affermazione di \u201cpopulismi di governo\u201d ha condotto all\u2019adozione di misure volte a ridimensionare il ruolo e le funzioni della magistratura e degli organi di giustizia costituzionale (si pensi soltanto ai casi dell\u2019Ungheria e della Polonia). Questi sono i veri pericoli che corre oggi la democrazia. \u00a0\u00a0<\/p>\n","protected":false},"excerpt":{"rendered":"<p>\ufffc\ufffc\ufffcdi Alessandro Morelli \u00a0Qualche giorno fa Matteo Salvini ha chiesto agli italiani \u201cpieni poteri\u201d per poter cos\u00ec realizzare quanto promesso di fare in campagna elettorale, \u201cfino in fondo, senza rallentamenti e senza palle al piede\u201d.<\/p>\n<div class='heateorSssClear'><\/div><div  class='heateor_sss_sharing_container heateor_sss_horizontal_sharing' data-heateor-sss-href='https:\/\/www.lacostituzione.info\/index.php\/2019\/08\/12\/il-fascismo-storico-non-tornera-ma-la-democrazia-costituzionale-non-puo-resistere-a-tutto\/'><div class='heateor_sss_sharing_title' style=\"font-weight:bold\" >Condividi!<\/div><div class=\"heateor_sss_sharing_ul\"><a aria-label=\"Facebook\" class=\"heateor_sss_facebook\" href=\"https:\/\/www.facebook.com\/sharer\/sharer.php?u=https%3A%2F%2Fwww.lacostituzione.info%2Findex.php%2F2019%2F08%2F12%2Fil-fascismo-storico-non-tornera-ma-la-democrazia-costituzionale-non-puo-resistere-a-tutto%2F\" title=\"Facebook\" rel=\"nofollow noopener\" target=\"_blank\" style=\"font-size:32px!important;box-shadow:none;display:inline-block;vertical-align:middle\"><span class=\"heateor_sss_svg\" style=\"background-color:#0765FE;width:35px;height:35px;display:inline-block;opacity:1;float:left;font-size:32px;box-shadow:none;display:inline-block;font-size:16px;padding:0 4px;vertical-align:middle;background-repeat:repeat;overflow:hidden;padding:0;cursor:pointer;box-sizing:content-box\"><svg style=\"display:block;\" focusable=\"false\" aria-hidden=\"true\" xmlns=\"http:\/\/www.w3.org\/2000\/svg\" width=\"100%\" height=\"100%\" viewBox=\"0 0 32 32\"><path fill=\"#fff\" d=\"M28 16c0-6.627-5.373-12-12-12S4 9.373 4 16c0 5.628 3.875 10.35 9.101 11.647v-7.98h-2.474V16H13.1v-1.58c0-4.085 1.849-5.978 5.859-5.978.76 0 2.072.15 2.608.298v3.325c-.283-.03-.775-.045-1.386-.045-1.967 0-2.728.745-2.728 2.683V16h3.92l-.673 3.667h-3.247v8.245C23.395 27.195 28 22.135 28 16Z\"><\/path><\/svg><\/span><\/a><a aria-label=\"Twitter\" class=\"heateor_sss_button_twitter\" href=\"https:\/\/twitter.com\/intent\/tweet?text=Il%20fascismo%20%28storico%29%20non%20torner%C3%A0%20ma%20la%20democrazia%20%28costituzionale%29%20non%20pu%C3%B2%20resistere%20a%20tutto&url=https%3A%2F%2Fwww.lacostituzione.info%2Findex.php%2F2019%2F08%2F12%2Fil-fascismo-storico-non-tornera-ma-la-democrazia-costituzionale-non-puo-resistere-a-tutto%2F\" title=\"Twitter\" rel=\"nofollow noopener\" target=\"_blank\" style=\"font-size:32px!important;box-shadow:none;display:inline-block;vertical-align:middle\"><span class=\"heateor_sss_svg heateor_sss_s__default heateor_sss_s_twitter\" style=\"background-color:#55acee;width:35px;height:35px;display:inline-block;opacity:1;float:left;font-size:32px;box-shadow:none;display:inline-block;font-size:16px;padding:0 4px;vertical-align:middle;background-repeat:repeat;overflow:hidden;padding:0;cursor:pointer;box-sizing:content-box\"><svg style=\"display:block;\" focusable=\"false\" aria-hidden=\"true\" xmlns=\"http:\/\/www.w3.org\/2000\/svg\" width=\"100%\" height=\"100%\" viewBox=\"-4 -4 39 39\"><path d=\"M28 8.557a9.913 9.913 0 0 1-2.828.775 4.93 4.93 0 0 0 2.166-2.725 9.738 9.738 0 0 1-3.13 1.194 4.92 4.92 0 0 0-3.593-1.55 4.924 4.924 0 0 0-4.794 6.049c-4.09-.21-7.72-2.17-10.15-5.15a4.942 4.942 0 0 0-.665 2.477c0 1.71.87 3.214 2.19 4.1a4.968 4.968 0 0 1-2.23-.616v.06c0 2.39 1.7 4.38 3.952 4.83-.414.115-.85.174-1.297.174-.318 0-.626-.03-.928-.086a4.935 4.935 0 0 0 4.6 3.42 9.893 9.893 0 0 1-6.114 2.107c-.398 0-.79-.023-1.175-.068a13.953 13.953 0 0 0 7.55 2.213c9.056 0 14.01-7.507 14.01-14.013 0-.213-.005-.426-.015-.637.96-.695 1.795-1.56 2.455-2.55z\" fill=\"#fff\"><\/path><\/svg><\/span><\/a><a aria-label=\"Reddit\" class=\"heateor_sss_button_reddit\" href=\"https:\/\/reddit.com\/submit?url=https%3A%2F%2Fwww.lacostituzione.info%2Findex.php%2F2019%2F08%2F12%2Fil-fascismo-storico-non-tornera-ma-la-democrazia-costituzionale-non-puo-resistere-a-tutto%2F&title=Il%20fascismo%20%28storico%29%20non%20torner%C3%A0%20ma%20la%20democrazia%20%28costituzionale%29%20non%20pu%C3%B2%20resistere%20a%20tutto\" title=\"Reddit\" rel=\"nofollow noopener\" target=\"_blank\" style=\"font-size:32px!important;box-shadow:none;display:inline-block;vertical-align:middle\"><span class=\"heateor_sss_svg heateor_sss_s__default heateor_sss_s_reddit\" style=\"background-color:#ff5700;width:35px;height:35px;display:inline-block;opacity:1;float:left;font-size:32px;box-shadow:none;display:inline-block;font-size:16px;padding:0 4px;vertical-align:middle;background-repeat:repeat;overflow:hidden;padding:0;cursor:pointer;box-sizing:content-box\"><svg style=\"display:block;\" focusable=\"false\" aria-hidden=\"true\" xmlns=\"http:\/\/www.w3.org\/2000\/svg\" width=\"100%\" height=\"100%\" viewBox=\"-3.5 -3.5 39 39\"><path d=\"M28.543 15.774a2.953 2.953 0 0 0-2.951-2.949 2.882 2.882 0 0 0-1.9.713 14.075 14.075 0 0 0-6.85-2.044l1.38-4.349 3.768.884a2.452 2.452 0 1 0 .24-1.176l-4.274-1a.6.6 0 0 0-.709.4l-1.659 5.224a14.314 14.314 0 0 0-7.316 2.029 2.908 2.908 0 0 0-1.872-.681 2.942 2.942 0 0 0-1.618 5.4 5.109 5.109 0 0 0-.062.765c0 4.158 5.037 7.541 11.229 7.541s11.22-3.383 11.22-7.541a5.2 5.2 0 0 0-.053-.706 2.963 2.963 0 0 0 1.427-2.51zm-18.008 1.88a1.753 1.753 0 0 1 1.73-1.74 1.73 1.73 0 0 1 1.709 1.74 1.709 1.709 0 0 1-1.709 1.711 1.733 1.733 0 0 1-1.73-1.711zm9.565 4.968a5.573 5.573 0 0 1-4.081 1.272h-.032a5.576 5.576 0 0 1-4.087-1.272.6.6 0 0 1 .844-.854 4.5 4.5 0 0 0 3.238.927h.032a4.5 4.5 0 0 0 3.237-.927.6.6 0 1 1 .844.854zm-.331-3.256a1.726 1.726 0 1 1 1.709-1.712 1.717 1.717 0 0 1-1.712 1.712z\" fill=\"#fff\"\/><\/svg><\/span><\/a><a aria-label=\"Linkedin\" class=\"heateor_sss_button_linkedin\" href=\"https:\/\/www.linkedin.com\/sharing\/share-offsite\/?url=https%3A%2F%2Fwww.lacostituzione.info%2Findex.php%2F2019%2F08%2F12%2Fil-fascismo-storico-non-tornera-ma-la-democrazia-costituzionale-non-puo-resistere-a-tutto%2F\" title=\"Linkedin\" rel=\"nofollow noopener\" target=\"_blank\" style=\"font-size:32px!important;box-shadow:none;display:inline-block;vertical-align:middle\"><span class=\"heateor_sss_svg heateor_sss_s__default heateor_sss_s_linkedin\" style=\"background-color:#0077b5;width:35px;height:35px;display:inline-block;opacity:1;float:left;font-size:32px;box-shadow:none;display:inline-block;font-size:16px;padding:0 4px;vertical-align:middle;background-repeat:repeat;overflow:hidden;padding:0;cursor:pointer;box-sizing:content-box\"><svg style=\"display:block;\" focusable=\"false\" aria-hidden=\"true\" xmlns=\"http:\/\/www.w3.org\/2000\/svg\" width=\"100%\" height=\"100%\" viewBox=\"0 0 32 32\"><path d=\"M6.227 12.61h4.19v13.48h-4.19V12.61zm2.095-6.7a2.43 2.43 0 0 1 0 4.86c-1.344 0-2.428-1.09-2.428-2.43s1.084-2.43 2.428-2.43m4.72 6.7h4.02v1.84h.058c.56-1.058 1.927-2.176 3.965-2.176 4.238 0 5.02 2.792 5.02 6.42v7.395h-4.183v-6.56c0-1.564-.03-3.574-2.178-3.574-2.18 0-2.514 1.7-2.514 3.46v6.668h-4.187V12.61z\" fill=\"#fff\"><\/path><\/svg><\/span><\/a><a aria-label=\"Pinterest\" class=\"heateor_sss_button_pinterest\" href=\"https:\/\/www.lacostituzione.info\/index.php\/2019\/08\/12\/il-fascismo-storico-non-tornera-ma-la-democrazia-costituzionale-non-puo-resistere-a-tutto\/\" onclick=\"event.preventDefault();javascript:void( (function() {var e=document.createElement('script' );e.setAttribute('type','text\/javascript' );e.setAttribute('charset','UTF-8' );e.setAttribute('src','\/\/assets.pinterest.com\/js\/pinmarklet.js?r='+Math.random()*99999999);document.body.appendChild(e)})());\" title=\"Pinterest\" rel=\"noopener\" style=\"font-size:32px!important;box-shadow:none;display:inline-block;vertical-align:middle\"><span class=\"heateor_sss_svg heateor_sss_s__default heateor_sss_s_pinterest\" style=\"background-color:#cc2329;width:35px;height:35px;display:inline-block;opacity:1;float:left;font-size:32px;box-shadow:none;display:inline-block;font-size:16px;padding:0 4px;vertical-align:middle;background-repeat:repeat;overflow:hidden;padding:0;cursor:pointer;box-sizing:content-box\"><svg style=\"display:block;\" focusable=\"false\" aria-hidden=\"true\" xmlns=\"http:\/\/www.w3.org\/2000\/svg\" width=\"100%\" height=\"100%\" viewBox=\"-2 -2 35 35\"><path fill=\"#fff\" d=\"M16.539 4.5c-6.277 0-9.442 4.5-9.442 8.253 0 2.272.86 4.293 2.705 5.046.303.125.574.005.662-.33.061-.231.205-.816.27-1.06.088-.331.053-.447-.191-.736-.532-.627-.873-1.439-.873-2.591 0-3.338 2.498-6.327 6.505-6.327 3.548 0 5.497 2.168 5.497 5.062 0 3.81-1.686 7.025-4.188 7.025-1.382 0-2.416-1.142-2.085-2.545.397-1.674 1.166-3.48 1.166-4.689 0-1.081-.581-1.983-1.782-1.983-1.413 0-2.548 1.462-2.548 3.419 0 1.247.421 2.091.421 2.091l-1.699 7.199c-.505 2.137-.076 4.755-.039 5.019.021.158.223.196.314.077.13-.17 1.813-2.247 2.384-4.324.162-.587.929-3.631.929-3.631.46.876 1.801 1.646 3.227 1.646 4.247 0 7.128-3.871 7.128-9.053.003-3.918-3.317-7.568-8.361-7.568z\"\/><\/svg><\/span><\/a><a aria-label=\"Whatsapp\" class=\"heateor_sss_whatsapp\" href=\"https:\/\/api.whatsapp.com\/send?text=Il%20fascismo%20%28storico%29%20non%20torner%C3%A0%20ma%20la%20democrazia%20%28costituzionale%29%20non%20pu%C3%B2%20resistere%20a%20tutto%20https%3A%2F%2Fwww.lacostituzione.info%2Findex.php%2F2019%2F08%2F12%2Fil-fascismo-storico-non-tornera-ma-la-democrazia-costituzionale-non-puo-resistere-a-tutto%2F\" title=\"Whatsapp\" rel=\"nofollow noopener\" target=\"_blank\" style=\"font-size:32px!important;box-shadow:none;display:inline-block;vertical-align:middle\"><span class=\"heateor_sss_svg\" style=\"background-color:#55eb4c;width:35px;height:35px;display:inline-block;opacity:1;float:left;font-size:32px;box-shadow:none;display:inline-block;font-size:16px;padding:0 4px;vertical-align:middle;background-repeat:repeat;overflow:hidden;padding:0;cursor:pointer;box-sizing:content-box\"><svg style=\"display:block;\" focusable=\"false\" aria-hidden=\"true\" xmlns=\"http:\/\/www.w3.org\/2000\/svg\" width=\"100%\" height=\"100%\" viewBox=\"-6 -5 40 40\"><path class=\"heateor_sss_svg_stroke heateor_sss_no_fill\" stroke=\"#fff\" stroke-width=\"2\" fill=\"none\" d=\"M 11.579798566743314 24.396926207859085 A 10 10 0 1 0 6.808479557110079 20.73576436351046\"><\/path><path d=\"M 7 19 l -1 6 l 6 -1\" class=\"heateor_sss_no_fill heateor_sss_svg_stroke\" stroke=\"#fff\" stroke-width=\"2\" fill=\"none\"><\/path><path d=\"M 10 10 q -1 8 8 11 c 5 -1 0 -6 -1 -3 q -4 -3 -5 -5 c 4 -2 -1 -5 -1 -4\" fill=\"#fff\"><\/path><\/svg><\/span><\/a><\/div><div class=\"heateorSssClear\"><\/div><\/div><div class='heateorSssClear'><\/div>","protected":false},"author":12,"featured_media":0,"comment_status":"open","ping_status":"open","sticky":false,"template":"","format":"standard","meta":{"jetpack_post_was_ever_published":false,"_jetpack_newsletter_access":"","_jetpack_dont_email_post_to_subs":false,"_jetpack_newsletter_tier_id":0,"_jetpack_memberships_contains_paywalled_content":false,"_jetpack_memberships_contains_paid_content":false,"footnotes":"","jetpack_publicize_message":"","jetpack_publicize_feature_enabled":true,"jetpack_social_post_already_shared":false,"jetpack_social_options":{"image_generator_settings":{"template":"highway","default_image_id":0,"enabled":false},"version":2}},"categories":[12],"tags":[179,192,1433],"class_list":["post-6490","post","type-post","status-publish","format-standard","hentry","category-editoriale","tag-crisi-di-governo","tag-elezioni","tag-pieni-poteri"],"jetpack_publicize_connections":[],"jetpack_featured_media_url":"","jetpack_shortlink":"https:\/\/wp.me\/p84sDq-1GG","jetpack_likes_enabled":true,"jetpack_sharing_enabled":true,"_links":{"self":[{"href":"https:\/\/www.lacostituzione.info\/index.php\/wp-json\/wp\/v2\/posts\/6490","targetHints":{"allow":["GET"]}}],"collection":[{"href":"https:\/\/www.lacostituzione.info\/index.php\/wp-json\/wp\/v2\/posts"}],"about":[{"href":"https:\/\/www.lacostituzione.info\/index.php\/wp-json\/wp\/v2\/types\/post"}],"author":[{"embeddable":true,"href":"https:\/\/www.lacostituzione.info\/index.php\/wp-json\/wp\/v2\/users\/12"}],"replies":[{"embeddable":true,"href":"https:\/\/www.lacostituzione.info\/index.php\/wp-json\/wp\/v2\/comments?post=6490"}],"version-history":[{"count":0,"href":"https:\/\/www.lacostituzione.info\/index.php\/wp-json\/wp\/v2\/posts\/6490\/revisions"}],"wp:attachment":[{"href":"https:\/\/www.lacostituzione.info\/index.php\/wp-json\/wp\/v2\/media?parent=6490"}],"wp:term":[{"taxonomy":"category","embeddable":true,"href":"https:\/\/www.lacostituzione.info\/index.php\/wp-json\/wp\/v2\/categories?post=6490"},{"taxonomy":"post_tag","embeddable":true,"href":"https:\/\/www.lacostituzione.info\/index.php\/wp-json\/wp\/v2\/tags?post=6490"}],"curies":[{"name":"wp","href":"https:\/\/api.w.org\/{rel}","templated":true}]}}