{"id":6519,"date":"2019-08-30T16:34:13","date_gmt":"2019-08-30T14:34:13","guid":{"rendered":"http:\/\/www.lacostituzione.info\/?p=6519"},"modified":"2019-08-30T20:27:10","modified_gmt":"2019-08-30T18:27:10","slug":"con-il-fiato-sospeso","status":"publish","type":"post","link":"https:\/\/www.lacostituzione.info\/index.php\/2019\/08\/30\/con-il-fiato-sospeso\/","title":{"rendered":"Con il fiato sospeso"},"content":{"rendered":"\n<p style=\"text-align: center;\"><a href=\"http:\/\/www.lacostituzione.info\/wp-content\/uploads\/2019\/08\/cruna0.jpg\"><img loading=\"lazy\" decoding=\"async\" data-attachment-id=\"6520\" data-permalink=\"https:\/\/www.lacostituzione.info\/index.php\/2019\/08\/30\/con-il-fiato-sospeso\/cruna0\/#main\" data-orig-file=\"https:\/\/www.lacostituzione.info\/wp-content\/uploads\/2019\/08\/cruna0.jpg\" data-orig-size=\"183,275\" data-comments-opened=\"1\" data-image-meta=\"{&quot;aperture&quot;:&quot;0&quot;,&quot;credit&quot;:&quot;&quot;,&quot;camera&quot;:&quot;&quot;,&quot;caption&quot;:&quot;&quot;,&quot;created_timestamp&quot;:&quot;0&quot;,&quot;copyright&quot;:&quot;&quot;,&quot;focal_length&quot;:&quot;0&quot;,&quot;iso&quot;:&quot;0&quot;,&quot;shutter_speed&quot;:&quot;0&quot;,&quot;title&quot;:&quot;&quot;,&quot;orientation&quot;:&quot;0&quot;}\" data-image-title=\"cruna0\" data-image-description=\"\" data-image-caption=\"\" data-medium-file=\"https:\/\/www.lacostituzione.info\/wp-content\/uploads\/2019\/08\/cruna0.jpg\" data-large-file=\"https:\/\/www.lacostituzione.info\/wp-content\/uploads\/2019\/08\/cruna0.jpg\" class=\"size-thumbnail wp-image-6520 aligncenter\" src=\"http:\/\/www.lacostituzione.info\/wp-content\/uploads\/2019\/08\/cruna0-150x150.jpg\" alt=\"\" width=\"150\" height=\"150\" \/><\/a>di\u00a0<strong><abbr class='c2c-text-hover' title='Professore ordinario di Diritto costituzionale - Universit\u00e0 di Ferrara'>Roberto Bin<\/abbr><\/strong><\/p>\n<p>Le vicende politiche italiane ci lasciano con il fiato sospeso. Abbiamo toccato con mano cosa sia, non il populismo, ma il bullismo politico. Quello di Trump e di Boris Johnson, per intenderci&#8230;<!--more--> forse anche di Putin ed Erdogan, e, perch\u00e9 no, di Bolsonaro e di Andrzej Duda: un modo di far politica che si regge sulla tracotanza e sul disprezzo delle regole, dei limiti, del senso della misura, e che sta improvvisamente attraversando anche il mondo delle democrazie liberali. In Italia non solo Salvini ne \u00e8 stato l\u2019emulo; anche lo stesso M5S, il suo fondatore, Grillo, e il suo capo politico, Di Maio, ne sono stati esponenti di successo. Lo slogan \u201cuno vale uno\u201d, che significa rifiuto della competenza; la promessa di \u201caprire il parlamento come una scatoletta di tonno\u201d, contrapponendo la mitica \u201cpiattaforma\u201d ai tradizionali canali della rappresentanza; gli sberleffi alle istituzioni europee (che ci sono costati miliardi a causa delle ripercussioni disastrose sul nostro debito pubblico), per non dire poi di tutto ci\u00f2 che Salvini \u00e8 riuscito a dire (e talvolta a fare) pavoneggiandosi in divisa da poliziotto o pompiere, e riesumando le frasi e gli atteggiamenti del Duce, sino alla spettacolare richiesta, \u201cal popolo italiano\u201d, dei pieni poteri. Tutto ci\u00f2 \u00e8 stato un tormento che non pu\u00f2 non avere lasciato attonita quella parte della popolazione che ha sempre creduto nel valore delle istituzioni e delle procedure costituzionali che hanno fatto grande l&#8217;Europa e il pensiero politico occidentale.<\/p>\n<p>Bene, ora sembra che Salvini \u2013 pi\u00f9 furbo e spregiudicato che intelligente, verrebbe da dire \u2013 sbagliando i calcoli tattici, abbia messo fine alla sua pantomima e stia prendendo l\u2019avvio un nuovo Governo sostenuto da una nuova maggioranza. Non ho mai nascosto la mia simpatia per questa ipotesi. Gi\u00e0 all\u2019indomani delle elezioni a me era sembrato un percorso che meritava di essere imboccato (<em><a href=\"http:\/\/www.lacostituzione.info\/index.php\/2018\/03\/05\/e-adesso-poveruomo-forse-una-via-ce\/\">E adesso, pover\u2019uomo? Forse una via c\u2019\u00e8<\/a><\/em>, del 5 marzo 2018, <em><a href=\"http:\/\/www.lacostituzione.info\/index.php\/2018\/03\/07\/alleanza-e-accordo-politico-due-cose-ben-diverse-il-pd-puo-fare-lo-schizzinoso\/\">Alleanza e accordo politico, due cose ben diverse. Il Pd pu\u00f2 fare lo schizzinoso?<\/a><\/em>, del 7 marzo 2018, <em><a href=\"http:\/\/www.lacostituzione.info\/index.php\/2018\/04\/07\/di-maio-ha-ragione-il-contratto-di-governo-e-la-via-giusta\/\">Di Maio ha ragione: il \u201ccontratto di governo\u201d \u00e8 la via giusta<\/a><\/em>, del 7 aprile 2018 e <em><a href=\"http:\/\/www.lacostituzione.info\/index.php\/2018\/04\/23\/contratto-di-governo-un-passo-avanti\/\">Contratto di governo: un passo avanti!<\/a><\/em>, del 23 aprile 2018). Ma allora l\u2019ostacolo era proprio il forte bullismo che covava nel M5S e nei suoi esponenti: quello che aveva a suo tempo fatto clamorosamente saltare il tavolo del dialogo con Bersani, aveva contraddistinto gli slogan della campagna elettorale e condito ogni esternazione dei 5S che riguardasse il PD, le sue responsabilit\u00e0 di governo e il profilo morale dei suoi leader.<\/p>\n<p>Abbiamo pagato caro un anno di bullismo al governo, anche in termini economici, ma soprattutto in termini di linguaggio e prassi costituzionale. Ora per\u00f2 ci siamo fermati quasi sull&#8217;orlo del baratro. Giusto in tempo, perch\u00e9 un ministro degli interni della Repubblica che si appelli al popolo per ottenere i pieni poteri \u00e8 qualcosa che si era gi\u00e0 vista nello storia italiana, ne fosse Salvini consapevole o meno (vedi i commenti di <a href=\"http:\/\/www.lacostituzione.info\/index.php\/2019\/08\/12\/il-fascismo-storico-non-tornera-ma-la-democrazia-costituzionale-non-puo-resistere-a-tutto\/\">Alessandro Morelli<\/a> e <a href=\"http:\/\/www.lacostituzione.info\/index.php\/2019\/08\/13\/le-lacune-scolastiche-di-matteo\/\">Edmund Burke<\/a>). La prospettiva di andare alle elezioni con un tale ministro degli interni era davvero preoccupante.<\/p>\n<p>Le elezioni \u2013 diceva Giolitti &#8211; \u00abchi le fa, le vince\u00bb. In Italia le elezioni sono state scandite da una lunga storia di brogli: oggi non ci sono pi\u00f9 le condizioni del tempo in cui il ministro degli interni poteva manipolare impunemente gli esiti delle votazioni attraverso i prefetti e la macchina elettorale. Eppure nel 2006, quando Berlusconi rimase deluso dei risultati delle elezioni politiche (vinte dalla coalizione di Prodi per pochi voti), se la prese con il \u201csuo\u201d ministro degli interni, Pisanu, esplicitamente denunciando supposti brogli. Questione di stile, perch\u00e9 &#8211; come sottolineava sarcastico Giolitti &#8211; \u00ab\u00e8 sempre successo che i candidati respinti non vogliono mai essere stati respinti dalla volont\u00e0 degli elettori, ma dalle violenze del governo\u00bb. Tuttavia non sembra proprio che l\u2019andreottiano motto di Giolitti valga ancora oggi: dal 2001 le elezioni sono state <em>sempre<\/em> perse dalla maggioranza (e dal governo) al potere. Sembra quasi che si debba ribaltare l\u2019aforisma e dire che oggi in Italia le elezioni chi le fa le perde.<\/p>\n<p>Allora perch\u00e9 tanta preoccupazione per l\u2019ipotesi che le elezioni fossero gestite dal Viminale da Matteo Salvini? Che il governo che si scioglieva al sole di agosto fosse portato davanti agli elettori a rispondere dei suoi risultati non sarebbe stato pi\u00f9 giusto? La preoccupazione c\u2019era (e ancora c\u2019\u00e8, se il nuovo Governo non riesce ad essere formato) ed ha spinto Zingaretti a chiedere che la mozione di sfiducia contro Salvini, <a href=\"http:\/\/www.ansa.it\/sito\/notizie\/politica\/2019\/07\/25\/pdmozione-sfiducia-individuale-salvini_fb90aff7-c34a-4839-9752-c2674aff712a.html\">presentata gi\u00e0 il 25 luglio<\/a>, fosse discussa e votata dal Parlamento <em>prima<\/em> della apertura ufficiale della crisi, della discussione della mozione di sfiducia presentata (e ritirata poi) dalla Lega e del discorso di Conte che ha chiuso la questione annunciando le proprie dimissioni: se approvata, la mozione del PD, avrebbe avuto un preciso risultato, evitare che Salvini, come Ministro degli interni in carica, sia pure con i poteri limitati all&#8217;ordinaria amministrazione, gestisse le elezioni. Timore di brogli? No, timore di una campagna elettorale che il ministro degli interni avrebbe potuto confondere con gli atti del suo Ufficio, come ha abbondantemente dimostrato di essere capace di fare: ne sarebbero conseguite la spettacolarizzazione della lotta all\u2019immigrazione e la difesa ad oltranza del c.d. ordine pubblico, la repressione del dissenso, le passerelle in divisa\u2026 cose, ahim\u00e8, tutte gi\u00e0 viste.<\/p>\n<p>Se il nuovo governo Conte riuscir\u00e0 a passare la cruna dell\u2019ago, tutto ci\u00f2 sar\u00e0 scongiurato, perch\u00e9 sar\u00e0 il nuovo ministro degli interni a gestire le elezioni. Anche se il nuovo governo Conte dovesse essere bocciato in parlamento alla votazione della fiducia, quello sarebbe il governo che gestir\u00e0 le elezioni. Ma la prospettiva \u00e8 tremenda e ci lascia senza fiato.<\/p>\n<p>Il nuovo governo deve non solo nascere, ma anche durare il tempo necessario a realizzare gli obiettivi di cui in questi giorni si sta discutendo. Tutela dell\u2019ambiente, lavoro giovanile e ricerca scientifica, istruzione e rilancio dell\u2019economia son i temi veri che stanno a cuore dell\u2019elettorato, il cui sguardo va distolto dalla grancassa che intona i falsi allarmi sulla sicurezza e sul pericolo dell\u2019invasione straniera, slogan che animavano la passerella di Salvini: e sono tutti temi urgenti e molto seri che vanno affrontati in accordo con i partner e le istituzioni europee, i quali non possono essere additati come la causa dei problemi italiani, ma devono essere parte della loro soluzione. Perch\u00e9 queste politiche possano essere avviate e diano i loro primi risultati ci vuole per\u00f2 tempo: \u00e8 il tempo che pu\u00f2 sanare le ferite aperte dalla dissennatezza di Salvini e del bullismo; mentre la precariet\u00e0 del nuovo governo sarebbe il regalo politico pi\u00f9 bello che si potrebbe fare alla Lega, che potrebbe affrontare le elezioni imputando agli altri lo sfascio provocato dalla sua azione di governo. Ma il tempo \u00e8 condizionato dalla tenuta dell\u2019accordo non tanto <em>tra<\/em> i due partiti che stanno scrivendo il programma, ma tra le molte anime che convivono al loro interno. Quello che pu\u00f2 essere catastrofico \u00e8 il risorgere della conflittualit\u00e0 interna ai partiti, della lotta tra i galli nel pollaio, del bisogno di farsi notare come l\u2019esponente pi\u00f9 critico dell\u2019azione o della inazione del governo. \u00c8 una tendenza che i 5S hanno gi\u00e0 da tempo iniziato ad avvertire ma che nel PD \u00e8 storica e ha portato alla sua ripetuta sconfitta elettorale. \u00c8 una tendenza suicida che pare insuperabile (come mostra la decisione di Calenda di uscire dal PD e dar vita a una nuova formazione politica) in un partito che \u00e8 fatto di vertici (i galli, appunto): forse anche questo tipo di comportamento potrebbe rientrare nel bullismo politico. Purtroppo si \u00e8 perso quello che fa di una lista elettorale un partito capace di controllare il testosterone dei suoi leader: la base popolare e le articolazioni territoriali. Ricostruirle richiede molto tempo e parecchia intelligenza.<\/p>\n","protected":false},"excerpt":{"rendered":"<p>di\u00a0<abbr class='c2c-text-hover' title='Professore ordinario di Diritto costituzionale - Universit\u00e0 di Ferrara'>Roberto Bin<\/abbr> Le vicende politiche italiane ci lasciano con il fiato sospeso. Abbiamo toccato con mano cosa sia, non il populismo, ma il bullismo politico. Quello di Trump e di Boris Johnson, per intenderci&#8230;<\/p>\n<div class='heateorSssClear'><\/div><div  class='heateor_sss_sharing_container heateor_sss_horizontal_sharing' data-heateor-sss-href='https:\/\/www.lacostituzione.info\/index.php\/2019\/08\/30\/con-il-fiato-sospeso\/'><div class='heateor_sss_sharing_title' style=\"font-weight:bold\" >Condividi!<\/div><div class=\"heateor_sss_sharing_ul\"><a aria-label=\"Facebook\" class=\"heateor_sss_facebook\" href=\"https:\/\/www.facebook.com\/sharer\/sharer.php?u=https%3A%2F%2Fwww.lacostituzione.info%2Findex.php%2F2019%2F08%2F30%2Fcon-il-fiato-sospeso%2F\" title=\"Facebook\" rel=\"nofollow noopener\" target=\"_blank\" style=\"font-size:32px!important;box-shadow:none;display:inline-block;vertical-align:middle\"><span class=\"heateor_sss_svg\" style=\"background-color:#0765FE;width:35px;height:35px;display:inline-block;opacity:1;float:left;font-size:32px;box-shadow:none;display:inline-block;font-size:16px;padding:0 4px;vertical-align:middle;background-repeat:repeat;overflow:hidden;padding:0;cursor:pointer;box-sizing:content-box\"><svg style=\"display:block;\" focusable=\"false\" aria-hidden=\"true\" xmlns=\"http:\/\/www.w3.org\/2000\/svg\" width=\"100%\" height=\"100%\" viewBox=\"0 0 32 32\"><path fill=\"#fff\" d=\"M28 16c0-6.627-5.373-12-12-12S4 9.373 4 16c0 5.628 3.875 10.35 9.101 11.647v-7.98h-2.474V16H13.1v-1.58c0-4.085 1.849-5.978 5.859-5.978.76 0 2.072.15 2.608.298v3.325c-.283-.03-.775-.045-1.386-.045-1.967 0-2.728.745-2.728 2.683V16h3.92l-.673 3.667h-3.247v8.245C23.395 27.195 28 22.135 28 16Z\"><\/path><\/svg><\/span><\/a><a aria-label=\"Twitter\" class=\"heateor_sss_button_twitter\" href=\"https:\/\/twitter.com\/intent\/tweet?text=Con%20il%20fiato%20sospeso&url=https%3A%2F%2Fwww.lacostituzione.info%2Findex.php%2F2019%2F08%2F30%2Fcon-il-fiato-sospeso%2F\" title=\"Twitter\" rel=\"nofollow noopener\" target=\"_blank\" style=\"font-size:32px!important;box-shadow:none;display:inline-block;vertical-align:middle\"><span class=\"heateor_sss_svg heateor_sss_s__default heateor_sss_s_twitter\" style=\"background-color:#55acee;width:35px;height:35px;display:inline-block;opacity:1;float:left;font-size:32px;box-shadow:none;display:inline-block;font-size:16px;padding:0 4px;vertical-align:middle;background-repeat:repeat;overflow:hidden;padding:0;cursor:pointer;box-sizing:content-box\"><svg style=\"display:block;\" focusable=\"false\" aria-hidden=\"true\" xmlns=\"http:\/\/www.w3.org\/2000\/svg\" width=\"100%\" height=\"100%\" viewBox=\"-4 -4 39 39\"><path d=\"M28 8.557a9.913 9.913 0 0 1-2.828.775 4.93 4.93 0 0 0 2.166-2.725 9.738 9.738 0 0 1-3.13 1.194 4.92 4.92 0 0 0-3.593-1.55 4.924 4.924 0 0 0-4.794 6.049c-4.09-.21-7.72-2.17-10.15-5.15a4.942 4.942 0 0 0-.665 2.477c0 1.71.87 3.214 2.19 4.1a4.968 4.968 0 0 1-2.23-.616v.06c0 2.39 1.7 4.38 3.952 4.83-.414.115-.85.174-1.297.174-.318 0-.626-.03-.928-.086a4.935 4.935 0 0 0 4.6 3.42 9.893 9.893 0 0 1-6.114 2.107c-.398 0-.79-.023-1.175-.068a13.953 13.953 0 0 0 7.55 2.213c9.056 0 14.01-7.507 14.01-14.013 0-.213-.005-.426-.015-.637.96-.695 1.795-1.56 2.455-2.55z\" fill=\"#fff\"><\/path><\/svg><\/span><\/a><a aria-label=\"Reddit\" class=\"heateor_sss_button_reddit\" href=\"https:\/\/reddit.com\/submit?url=https%3A%2F%2Fwww.lacostituzione.info%2Findex.php%2F2019%2F08%2F30%2Fcon-il-fiato-sospeso%2F&title=Con%20il%20fiato%20sospeso\" title=\"Reddit\" rel=\"nofollow noopener\" target=\"_blank\" style=\"font-size:32px!important;box-shadow:none;display:inline-block;vertical-align:middle\"><span class=\"heateor_sss_svg heateor_sss_s__default heateor_sss_s_reddit\" style=\"background-color:#ff5700;width:35px;height:35px;display:inline-block;opacity:1;float:left;font-size:32px;box-shadow:none;display:inline-block;font-size:16px;padding:0 4px;vertical-align:middle;background-repeat:repeat;overflow:hidden;padding:0;cursor:pointer;box-sizing:content-box\"><svg style=\"display:block;\" focusable=\"false\" aria-hidden=\"true\" xmlns=\"http:\/\/www.w3.org\/2000\/svg\" width=\"100%\" height=\"100%\" viewBox=\"-3.5 -3.5 39 39\"><path d=\"M28.543 15.774a2.953 2.953 0 0 0-2.951-2.949 2.882 2.882 0 0 0-1.9.713 14.075 14.075 0 0 0-6.85-2.044l1.38-4.349 3.768.884a2.452 2.452 0 1 0 .24-1.176l-4.274-1a.6.6 0 0 0-.709.4l-1.659 5.224a14.314 14.314 0 0 0-7.316 2.029 2.908 2.908 0 0 0-1.872-.681 2.942 2.942 0 0 0-1.618 5.4 5.109 5.109 0 0 0-.062.765c0 4.158 5.037 7.541 11.229 7.541s11.22-3.383 11.22-7.541a5.2 5.2 0 0 0-.053-.706 2.963 2.963 0 0 0 1.427-2.51zm-18.008 1.88a1.753 1.753 0 0 1 1.73-1.74 1.73 1.73 0 0 1 1.709 1.74 1.709 1.709 0 0 1-1.709 1.711 1.733 1.733 0 0 1-1.73-1.711zm9.565 4.968a5.573 5.573 0 0 1-4.081 1.272h-.032a5.576 5.576 0 0 1-4.087-1.272.6.6 0 0 1 .844-.854 4.5 4.5 0 0 0 3.238.927h.032a4.5 4.5 0 0 0 3.237-.927.6.6 0 1 1 .844.854zm-.331-3.256a1.726 1.726 0 1 1 1.709-1.712 1.717 1.717 0 0 1-1.712 1.712z\" fill=\"#fff\"\/><\/svg><\/span><\/a><a aria-label=\"Linkedin\" class=\"heateor_sss_button_linkedin\" href=\"https:\/\/www.linkedin.com\/sharing\/share-offsite\/?url=https%3A%2F%2Fwww.lacostituzione.info%2Findex.php%2F2019%2F08%2F30%2Fcon-il-fiato-sospeso%2F\" title=\"Linkedin\" rel=\"nofollow noopener\" target=\"_blank\" style=\"font-size:32px!important;box-shadow:none;display:inline-block;vertical-align:middle\"><span class=\"heateor_sss_svg heateor_sss_s__default heateor_sss_s_linkedin\" style=\"background-color:#0077b5;width:35px;height:35px;display:inline-block;opacity:1;float:left;font-size:32px;box-shadow:none;display:inline-block;font-size:16px;padding:0 4px;vertical-align:middle;background-repeat:repeat;overflow:hidden;padding:0;cursor:pointer;box-sizing:content-box\"><svg style=\"display:block;\" focusable=\"false\" aria-hidden=\"true\" xmlns=\"http:\/\/www.w3.org\/2000\/svg\" width=\"100%\" height=\"100%\" viewBox=\"0 0 32 32\"><path d=\"M6.227 12.61h4.19v13.48h-4.19V12.61zm2.095-6.7a2.43 2.43 0 0 1 0 4.86c-1.344 0-2.428-1.09-2.428-2.43s1.084-2.43 2.428-2.43m4.72 6.7h4.02v1.84h.058c.56-1.058 1.927-2.176 3.965-2.176 4.238 0 5.02 2.792 5.02 6.42v7.395h-4.183v-6.56c0-1.564-.03-3.574-2.178-3.574-2.18 0-2.514 1.7-2.514 3.46v6.668h-4.187V12.61z\" fill=\"#fff\"><\/path><\/svg><\/span><\/a><a aria-label=\"Pinterest\" class=\"heateor_sss_button_pinterest\" href=\"https:\/\/www.lacostituzione.info\/index.php\/2019\/08\/30\/con-il-fiato-sospeso\/\" onclick=\"event.preventDefault();javascript:void( (function() {var e=document.createElement('script' );e.setAttribute('type','text\/javascript' );e.setAttribute('charset','UTF-8' );e.setAttribute('src','\/\/assets.pinterest.com\/js\/pinmarklet.js?r='+Math.random()*99999999);document.body.appendChild(e)})());\" title=\"Pinterest\" rel=\"noopener\" style=\"font-size:32px!important;box-shadow:none;display:inline-block;vertical-align:middle\"><span class=\"heateor_sss_svg heateor_sss_s__default heateor_sss_s_pinterest\" style=\"background-color:#cc2329;width:35px;height:35px;display:inline-block;opacity:1;float:left;font-size:32px;box-shadow:none;display:inline-block;font-size:16px;padding:0 4px;vertical-align:middle;background-repeat:repeat;overflow:hidden;padding:0;cursor:pointer;box-sizing:content-box\"><svg style=\"display:block;\" focusable=\"false\" aria-hidden=\"true\" xmlns=\"http:\/\/www.w3.org\/2000\/svg\" width=\"100%\" height=\"100%\" viewBox=\"-2 -2 35 35\"><path fill=\"#fff\" d=\"M16.539 4.5c-6.277 0-9.442 4.5-9.442 8.253 0 2.272.86 4.293 2.705 5.046.303.125.574.005.662-.33.061-.231.205-.816.27-1.06.088-.331.053-.447-.191-.736-.532-.627-.873-1.439-.873-2.591 0-3.338 2.498-6.327 6.505-6.327 3.548 0 5.497 2.168 5.497 5.062 0 3.81-1.686 7.025-4.188 7.025-1.382 0-2.416-1.142-2.085-2.545.397-1.674 1.166-3.48 1.166-4.689 0-1.081-.581-1.983-1.782-1.983-1.413 0-2.548 1.462-2.548 3.419 0 1.247.421 2.091.421 2.091l-1.699 7.199c-.505 2.137-.076 4.755-.039 5.019.021.158.223.196.314.077.13-.17 1.813-2.247 2.384-4.324.162-.587.929-3.631.929-3.631.46.876 1.801 1.646 3.227 1.646 4.247 0 7.128-3.871 7.128-9.053.003-3.918-3.317-7.568-8.361-7.568z\"\/><\/svg><\/span><\/a><a aria-label=\"Whatsapp\" class=\"heateor_sss_whatsapp\" href=\"https:\/\/api.whatsapp.com\/send?text=Con%20il%20fiato%20sospeso%20https%3A%2F%2Fwww.lacostituzione.info%2Findex.php%2F2019%2F08%2F30%2Fcon-il-fiato-sospeso%2F\" title=\"Whatsapp\" rel=\"nofollow noopener\" target=\"_blank\" style=\"font-size:32px!important;box-shadow:none;display:inline-block;vertical-align:middle\"><span class=\"heateor_sss_svg\" style=\"background-color:#55eb4c;width:35px;height:35px;display:inline-block;opacity:1;float:left;font-size:32px;box-shadow:none;display:inline-block;font-size:16px;padding:0 4px;vertical-align:middle;background-repeat:repeat;overflow:hidden;padding:0;cursor:pointer;box-sizing:content-box\"><svg style=\"display:block;\" focusable=\"false\" aria-hidden=\"true\" xmlns=\"http:\/\/www.w3.org\/2000\/svg\" width=\"100%\" height=\"100%\" viewBox=\"-6 -5 40 40\"><path class=\"heateor_sss_svg_stroke heateor_sss_no_fill\" stroke=\"#fff\" stroke-width=\"2\" fill=\"none\" d=\"M 11.579798566743314 24.396926207859085 A 10 10 0 1 0 6.808479557110079 20.73576436351046\"><\/path><path d=\"M 7 19 l -1 6 l 6 -1\" class=\"heateor_sss_no_fill heateor_sss_svg_stroke\" stroke=\"#fff\" stroke-width=\"2\" fill=\"none\"><\/path><path d=\"M 10 10 q -1 8 8 11 c 5 -1 0 -6 -1 -3 q -4 -3 -5 -5 c 4 -2 -1 -5 -1 -4\" fill=\"#fff\"><\/path><\/svg><\/span><\/a><\/div><div class=\"heateorSssClear\"><\/div><\/div><div class='heateorSssClear'><\/div>","protected":false},"author":3,"featured_media":0,"comment_status":"open","ping_status":"open","sticky":false,"template":"","format":"standard","meta":{"jetpack_post_was_ever_published":false,"_jetpack_newsletter_access":"","_jetpack_dont_email_post_to_subs":false,"_jetpack_newsletter_tier_id":0,"_jetpack_memberships_contains_paywalled_content":false,"_jetpack_memberships_contains_paid_content":false,"footnotes":"","jetpack_publicize_message":"","jetpack_publicize_feature_enabled":true,"jetpack_social_post_already_shared":false,"jetpack_social_options":{"image_generator_settings":{"template":"highway","default_image_id":0,"enabled":false},"version":2}},"categories":[12],"tags":[1435,1286,397],"class_list":["post-6519","post","type-post","status-publish","format-standard","hentry","category-editoriale","tag-bullismo-politico","tag-governo-conte","tag-partiti-politici"],"jetpack_publicize_connections":[],"jetpack_featured_media_url":"","jetpack_shortlink":"https:\/\/wp.me\/p84sDq-1H9","jetpack_likes_enabled":true,"jetpack_sharing_enabled":true,"_links":{"self":[{"href":"https:\/\/www.lacostituzione.info\/index.php\/wp-json\/wp\/v2\/posts\/6519","targetHints":{"allow":["GET"]}}],"collection":[{"href":"https:\/\/www.lacostituzione.info\/index.php\/wp-json\/wp\/v2\/posts"}],"about":[{"href":"https:\/\/www.lacostituzione.info\/index.php\/wp-json\/wp\/v2\/types\/post"}],"author":[{"embeddable":true,"href":"https:\/\/www.lacostituzione.info\/index.php\/wp-json\/wp\/v2\/users\/3"}],"replies":[{"embeddable":true,"href":"https:\/\/www.lacostituzione.info\/index.php\/wp-json\/wp\/v2\/comments?post=6519"}],"version-history":[{"count":0,"href":"https:\/\/www.lacostituzione.info\/index.php\/wp-json\/wp\/v2\/posts\/6519\/revisions"}],"wp:attachment":[{"href":"https:\/\/www.lacostituzione.info\/index.php\/wp-json\/wp\/v2\/media?parent=6519"}],"wp:term":[{"taxonomy":"category","embeddable":true,"href":"https:\/\/www.lacostituzione.info\/index.php\/wp-json\/wp\/v2\/categories?post=6519"},{"taxonomy":"post_tag","embeddable":true,"href":"https:\/\/www.lacostituzione.info\/index.php\/wp-json\/wp\/v2\/tags?post=6519"}],"curies":[{"name":"wp","href":"https:\/\/api.w.org\/{rel}","templated":true}]}}