{"id":6578,"date":"2019-09-27T16:12:41","date_gmt":"2019-09-27T14:12:41","guid":{"rendered":"http:\/\/www.lacostituzione.info\/?p=6578"},"modified":"2019-09-27T16:12:44","modified_gmt":"2019-09-27T14:12:44","slug":"immigrazione-economia-diritti-perche-leuropa-fa-la-guerra-alla-lega","status":"publish","type":"post","link":"https:\/\/www.lacostituzione.info\/index.php\/2019\/09\/27\/immigrazione-economia-diritti-perche-leuropa-fa-la-guerra-alla-lega\/","title":{"rendered":"Immigrazione, economia, diritti. Perch\u00e9 l\u2019Europa fa la guerra alla Lega?"},"content":{"rendered":"\n<p style=\"text-align: center;\"><a href=\"http:\/\/www.lacostituzione.info\/wp-content\/uploads\/2018\/07\/asilo.jpg\"><img loading=\"lazy\" decoding=\"async\" data-attachment-id=\"5408\" data-permalink=\"https:\/\/www.lacostituzione.info\/index.php\/2018\/07\/06\/le-regole-su-diritto-dasilo-un-punto-di-vista-critico\/asilo\/#main\" data-orig-file=\"https:\/\/www.lacostituzione.info\/wp-content\/uploads\/2018\/07\/asilo.jpg\" data-orig-size=\"620,340\" data-comments-opened=\"1\" data-image-meta=\"{&quot;aperture&quot;:&quot;0&quot;,&quot;credit&quot;:&quot;&quot;,&quot;camera&quot;:&quot;&quot;,&quot;caption&quot;:&quot;&quot;,&quot;created_timestamp&quot;:&quot;0&quot;,&quot;copyright&quot;:&quot;&quot;,&quot;focal_length&quot;:&quot;0&quot;,&quot;iso&quot;:&quot;0&quot;,&quot;shutter_speed&quot;:&quot;0&quot;,&quot;title&quot;:&quot;&quot;,&quot;orientation&quot;:&quot;0&quot;}\" data-image-title=\"asilo\" data-image-description=\"\" data-image-caption=\"\" data-medium-file=\"https:\/\/www.lacostituzione.info\/wp-content\/uploads\/2018\/07\/asilo-300x165.jpg\" data-large-file=\"https:\/\/www.lacostituzione.info\/wp-content\/uploads\/2018\/07\/asilo.jpg\" class=\"aligncenter size-thumbnail wp-image-5408\" src=\"http:\/\/www.lacostituzione.info\/wp-content\/uploads\/2018\/07\/asilo-150x150.jpg\" alt=\"\" width=\"150\" height=\"150\" \/><\/a>di\u00a0<strong>Claudio Tani \u00a0<\/strong><\/p>\n<p>E ora, dopo Carola, che si fa? La discussione pubblica sull\u2019immigrazione non riesce a districarsi nella complessit\u00e0 del fenomeno, ove sono implicate questioni demografiche, economiche, sociali e di classe non sempre gradite sul piano della teoria e della pratica.<!--more--><\/p>\n<p>Il risultato politico dell\u2019ambiguo confronto tra scontata retorica cosmopolita e sovranista esprime palesi contraddizioni e debolezze di politica estera, pregiudiziali ideologiche, interessi economici legati allo sfruttamento della manodopera a basso costo (gli \u201cutili invasori\u201d nel mondo sommerso dell\u2019economia informale e del <em>welfare <\/em>invisibile) e mette a profitto una psicologia di massa impaurita dalla stagnazione secolare. Le soluzioni legislative e lo strumentario amministrativo di regolazione del fenomeno migratorio, va da s\u00e9, rispecchiano tale permanente ambiguit\u00e0, che attiene anche al ruolo delle ONG chiamate, o autoproclamatesi a recuperare il volto buono dell\u2019Occidente illuminato e dell\u2019Europa in particolare e far dimenticare quello cattivo dell\u2019imperialismo e del colonialismo.<\/p>\n<p>La retorica del \u201caiutiamoli a casa loro\u201d non fa i conti con la storia, ma soprattutto non fa i conti con il modello di \u00a0predazione ambientale \u2013 considerata ineluttabile per sostenere i livelli di consumo europei e occidentali &#8211; delle risorse dei paesi di provenienza delle migrazioni, di deterioramento e di squilibrio strutturale delle stesse economie locali di sussistenza, causato anche dalle condotte abusive, quasi mai sanzionate, \u00a0degli operatori economici europei in violazione di direttive, regolamenti e accordi.<\/p>\n<p>E\u2019 chiaro quindi che il problema politico, oggettivo e reale non \u00e8 una discussione tra il bene e il male, tra le opposte ideologie della libert\u00e0 senza frontiere e della muraglia sovranista, tra le ideologie dell\u2019accoglienza e del respingimento, ma la sfida che le migrazioni di massa impongono, sfida che riguarda contemporaneamente il diritto naturale delle persone e gli ordinamenti civili delle societ\u00e0.<\/p>\n<p>Per l\u2019Italia in particolare il vero stato di eccezione, che da solo giustificherebbe una legislazione di emergenza, \u00e8 quello occultato del rapporto tra immigrazione e contenimento dell\u2019emigrazione dei giovani. Abbiamo fatto finta di dimenticare che da anni l\u2019Istat ci aggiornava sul fatto che l\u2019Italia \u00e8 un paese che invecchia a vista d\u2019occhio, che i nostri pochi giovani pi\u00f9 istruiti o pi\u00f9 intraprendenti emigrano (sono tutti migranti economici) a causa della stagnazione economica generale e che per la stessa ragione gli immigrati non sono attirati dall\u2019Italia, considerato un paese di transito, cosicch\u00e9 la tendenza all\u2019invecchiamento \u00e8 ormai inarrestabile.<\/p>\n<p>In materia di immigrazione l\u2019ordinamento giuridico italiano vive in una specie di sospensione caratterizzata dall\u2019accumularsi di misure straordinarie tendenti ad alzare sempre di pi\u00f9 le ipotesi e la misura della punibilit\u00e0, aumentando il numero di soggetti e le fattispecie punibili. Si assecondano le nostre comode abitudini mentali, facendoci persuasi da risposte facili a un problema complesso, che \u00e8 quello che appunto si chiama populismo da qualunque parte provenga.<\/p>\n<p>Una ragione alla base del fatto che il diritto si \u00e8 fatto sempre pi\u00f9 punitivo sta anche nello squilibrio demografico tra <em>under <\/em>trenta e <em>over <\/em>sessanta, nell\u2019inversione del rapporto generazionale che ha cambiato gli assetti strutturali delle societ\u00e0 occidentali e dell\u2019Italia in particolare, mettendo in crisi anche gli assetti costituzionali.<\/p>\n<p>Quando il ricambio generazionale \u00e8 positivo e i fondamentali dell\u2019economia seguono la tendenza, anche il diritto ne \u00e8 positivamente influenzato. Se la situazione si inverte, nel breve periodo si tende alla difesa delle posizioni conquistate, ma se il saldo generazionale negativo si aggrava, l\u2019istinto regressivo prende il sopravvento e la societ\u00e0 si chiude all\u2019espansione dei diritti. I costi dello stato sociale, gi\u00e0 imputati di essere troppo alti, non sono considerati sufficienti a sopportare anche l\u2019impatto dell\u2019immigrazione.<\/p>\n<p>Proprio in questo contesto la questione demografica dovrebbe essere al centro dell\u2019azione di governo, perch\u00e9 da essa dipendono tutte le altre questioni riguardanti l\u2019assetto economico, il rapporto tra capitale e lavoro, la struttura delle societ\u00e0 e i diritti delle persone. Dalla risposta a tali questioni dipende anche la risposta al problema strettamente connesso dell\u2019immigrazione, almeno alla scala nazionale.<\/p>\n<p>Si pensi agli effetti macroeconomici del ricambio generazionale sempre pi\u00f9 negativo. Dal punto di vista della domanda \u00e8 noto che i giovani sono pi\u00f9 interessati a beni ad alto contenuto tecnologico, i cosiddetti beni secondari, mentre gli anziani sono quasi esclusivamente consumatori di beni primari. Va da s\u00e9 che il principale effetto negativo dello squilibrio generazionale \u00e8 sulla contrazione del PIL, sull\u2019accumulazione del capitale, perch\u00e9 senza una base sufficientemente ampia di popolazione giovane gli investimenti ne risentono, l\u2019offerta e la domanda di lavoro sono compromesse e il reddito della popolazione nel suo insieme a sua volta diminuisce in termini reali, in un circolo vizioso dal quale \u00e8 sempre pi\u00f9 difficile uscire.<\/p>\n<p>L\u2019errore che, purtroppo, si ripete \u00e8 che le risposte politiche sono state quasi sempre di redistribuzione a carico del bilancio pubblico, non di produzione di reddito e oltretutto inefficaci, discutibili, dannose non per i singoli pochi beneficiari, che nel breve periodo ne hanno avuto o ne avranno un po&#8217; di sollievo, ma in termini di sistema. Non sono risposte di struttura alla crisi per l\u2019assenza di una politica industriale di riconversione della struttura economica e produttiva orientata a favorire investimenti per produzioni destinate al mercato delle giovani generazioni e idonee ad agganciare la crescita, quando la recessione inizier\u00e0 ad essere superata.<\/p>\n<p>Il problema dell\u2019Italia, che sar\u00e0 un serio ostacolo per agganciare la ripresa, quando e se ci sar\u00e0, \u00e8 che con la desertificazione economica e industriale causata dalla sequenza iniziata nel 1993, quando sono state collocate sul mercato ingenti partecipazioni azionarie in settori strategici &#8211; alimentare (SME) , bancario (COMIT e Banca di Roma), delle telecomunicazioni (Telecom Italia), come ingenti partecipazioni del Tesoro in IMI, ENI, ENEL &#8211; \u00a0la parabola del debito, che aveva avuto la premessa nel 1981 con il divorzio tra Tesoro e Banca d\u2019Italia non si \u00e8 mai arrestata. Sono deboli le basi stesse per pensare non a redistribuire, ma a produrre reddito. E un paese che non produce reddito, ma si limita a misure di mera redistribuzione, non pu\u00f2 strutturalmente affrontare l\u2019urto dell\u2019immigrazione di massa. \u00a0\u00a0<\/p>\n<p>Le proposte pi\u00f9 di moda, non per caso, sono reddito di cittadinanza, quale forma di variante del reddito di base (che non \u00e8 un\u2019idea di quel simpaticone di Bill Gates, perch\u00e9 l\u2019idea di riconoscere forme di reddito di base risale alla fine del \u2018700, sostenuta da filosofi ed economisti di diverso orientamento politico, da Stuart Mill su fino a Galbraith) e <em>flat tax<\/em>; quest\u2019ultima sembra aver ceduto posizioni, ma con qualche temperamento comunque non esce di scena.<\/p>\n<p>Quanto al reddito di cittadinanza, in Italia nessuno si \u00e8 posto seriamente la domanda se \u00e8 idoneo ad affrontare l\u2019esclusione sociale in un sistema senza ricambio generazionale e quindi: 1) se \u00e8 eticamente legittimo, 2) se \u00e8 economicamente sostenibile, 3) se \u00e8 politicamente attuabile e infine 4) se \u00e8 socialmente accettabile l\u2019idea stessa di un reddito slegato da qualsiasi forma di occupazione.<\/p>\n<p>Per quanto riguarda la <em>flat tax<\/em>, anche nella versione pi\u00f9<em> soft<\/em> di sole tre aliquote, cominciamo col ribadire che il fisco senza una vera politica economica \u00e8 un non senso anche dal punto di vista normativo, perch\u00e9 il fisco \u00e8 parte integrante della politica economica e in grande parte la governa, influenzando il rapporto fra domanda e offerta.<\/p>\n<p>La <em>flat tax <\/em>\u00e8 anche in contrasto con il criterio di progressivit\u00e0 (art. 53 della Cost.), che sostiene il rapporto tra capacit\u00e0 contributiva e legalit\u00e0 dell\u2019imposizione, perch\u00e9 sostituisce il criterio di progressivit\u00e0, ossia di gradualit\u00e0 di aumento con l\u2019aumentare del reddito, con il criterio di proporzionalit\u00e0, ossia il mero rapporto fra grandezze.<\/p>\n<p>In termini di sistema la conseguenza negativa pi\u00f9 grave della <em>flat tax<\/em> \u00e8 nell\u2019erosione della base imponibile. Infatti se l\u2019imposizione diretta non \u00e8 commisurata ad alcun criterio di gradualit\u00e0, la base imponibile si contrae, perch\u00e9 se via via che il reddito sale l\u2019imposta \u00e8 percentualmente sempre la stessa, tanto maggiore, e a tutto vantaggio dei ricchi, sar\u00e0 la quota di reddito esentata dall\u2019imposizione. Le risorse dello Stato per attuare qualsiasi tipo di politica economica saranno sempre meno e l\u2019aumento della spesa sociale indotto dall\u2019invecchiamento della popolazione assorbir\u00e0 sempre di pi\u00f9 le entrate, sottraendole agli investimenti produttivi in beni ad alto contenuto tecnologico, cio\u00e8 a quelli propri dei giovani e ogni seria ipotesi di sviluppo sar\u00e0 vanificata.<\/p>\n<p>Viene alla luce cos\u00ec l\u2019ipocrisia dei lamenti sull\u2019evasione fiscale, la cui causa generativa primaria non \u00e8 affatto criminale, ma \u00e8 nella struttura di una societ\u00e0 che non pu\u00f2 riconoscere legittimit\u00e0 a un\u2019imposizione fiscale eticamente e socialmente ingiusta, per di pi\u00f9 improduttiva di servizi corrispondenti anche al valore del gettito effettivo. \u00a0\u00a0\u00a0\u00a0\u00a0<\/p>\n<p>Il nesso tra questione demografica e immigrazione sinora si \u00e8 accartocciato in due slogan: \u201caiutiamoli a casa loro\u201d e \u201cprima gli italiani\u201d. Del primo si \u00e8 gi\u00e0 accennato all\u2019inizio.<\/p>\n<p>Il secondo \u00e8 uno slogan apertamente sciovinista certo, ma non deve essere irriso perch\u00e9 ha una sua valenza non solo simbolica ma concreta, \u00e8 una parola d\u2019ordine evocativa di bisogni che per anni sono stati trascurati, quando sono stati abbandonati i diritti sociali che \u201ccostano\u201d ed enfatizzati altri diritti a presunto \u201ccosto zero\u201d.<\/p>\n<p>Sembra che si sia dimenticato che anche il \u201cdiritto ad avere diritti\u201d presuppone priorit\u00e0 e accurati bilanciamenti, per scongiurare squilibri \u201cdi classe\u201d tra chi, non essendo in condizione di bisogno, pu\u00f2 esercitare sia quelli che costano e sia quelli a costo zero e chi, invece deve assicurare prioritariamente la propria condizione, sociale e individuale, materiale.<\/p>\n<p>In verit\u00e0 per la deriva negativa, una vera e propria agonia dei diritti sociali e dei diritti del lavoro, che incide direttamente anche nella definizione delle politiche sull\u2019immigrazione, dobbiamo ringraziare l\u2019Unione europea e soprattutto gli allievi modello dell\u2019eurozona come l\u2019Italia, che sono stati i pi\u00f9 zelanti a dare forza e coerenza all\u2019austerit\u00e0 fiscale, senza contropartita sociale, e alle riforme strutturali fin dall\u2019inizio, dal Trattato di Roma (1957) in poi, includendo i trattati nella gerarchia delle fonti con uno <em>status<\/em> pari a quello delle norme costituzionali.<\/p>\n<p>Il culmine della vittoria del modello mercantilista sul modello costituzionale \u00e8 stato raggiunto con l\u2019inclusione del<em> fiscal compact <\/em>in Costituzione e con la riforma costituzionale del 2012 (artt.81e 97 Cost.), convertendo la legge di bilancio da legge in senso solo formale, funzionalmente limitata a evitare l\u2019approvazione di leggi senza copertura, in legge di diritto in senso sostanziale. Da quel momento lo Stato, attraverso una semplice variazione numerica (lo stanziamento), ha l\u2019ultima parola perch\u00e9, anche senza modificare il congegno normativo della legge di base, pu\u00f2 variare il livello di impegno nei confronti del cittadino. In tal modo l\u2019ultima parola spetter\u00e0 sempre allo Stato, il quale, per di pi\u00f9 con le limitazioni esterne (art.97.1 Cost.) <em>\u201cin coerenza con l\u2019ordinamento dell\u2019Unione europea\u201d<\/em>, far\u00e0 dipendere da tale semplice variazione numerica il livello di impegno e di obbligo nei confronti della controparte cittadino-creditore.<\/p>\n<p>Addio allo Stato sociale e contemporaneamente alla politica. Peraltro nessuna sorpresa, ma la conferma che nelle universit\u00e0 dove hanno insegnato i padri politici italiani della riforma del 2012 il diritto costituzionale non \u00e8 tenuto in gran conto.\u00a0 \u00a0\u00a0\u00a0\u00a0<\/p>\n<p>Il risultato \u00e8 stato non soltanto quello di aver devitalizzato la nostra Costituzione economica, che non \u00e8 pi\u00f9 quella degli artt. 41, 42 e 43, ma anche, per questo tramite, di aver fatto perdere centralit\u00e0 all\u2019art 4 della Costituzione.<\/p>\n<p>Il vero volto dei trattati si \u00e8 mostrato con la sistematica, progressiva destrutturazione di uno dei principi fondamentali, e il pi\u00f9 significativo, della Costituzione, con la logica conseguenza che anche i diritti di libert\u00e0 &#8211; anche quelli riguardanti gli immigrati &#8211; che da esso dipendono sono governati dalle stesse leggi economiche imposte dall\u2019ideologia mercantilista dei trattati europei.<\/p>\n<p>La risposta europea al problema dell\u2019immigrazione, va da s\u00e9, \u00e8 conforme a tale ideologia. Essa non si fonda sul diritto di libert\u00e0 dello straniero immigrato perch\u00e9, come gli altri diritti di libert\u00e0 che la crisi dei diritti del lavoro ha colpito, \u00e8 un diritto che costa e quindi soggiace alle leggi economiche dettate dall\u2019ideologia mercantilista dei trattati che ha degradato il diritto al lavoro e i diritti del lavoro.<\/p>\n<p>La conclusione delle sommarie considerazioni sinora svolte, a modesto avviso di chi scrive, \u00e8 che sovranismi nazionali e sovranismo europeo non sono poi cos\u00ec contrapposti come ci fanno credere, perch\u00e9 anche sul problema dell\u2019immigrazione condividono gli stessi interessi e la stessa visione.<\/p>\n<p>La particolare posizione geografica dell\u2019Italia, come quella della Grecia, la rende pi\u00f9 esposta agli effetti mediatici del fenomeno migratorio, ma la sostanza non cambia. In fondo il problema principale dell\u2019Europa \u00e8 quello di poter contare su Governi che perseguano la \u201cfusione per incorporazione\u201d dei sovranismi nazionali in quello europeo, al di l\u00e0 della vuota retorica di quell\u2019istituzione, semplicemente da eliminare, che \u00e8 il Parlamento europeo. A questo fine, in buona sostanza, \u00e8 servita la sostituzione del Governo MS5\/Lega, con il Governo MS5\/PD, non certo a far la guerra al rozzo estremismo sovranista della Lega, che ha solo favorito l\u2019operazione.<\/p>\n<p>Si vedranno quali saranno gli effetti reali, non propagandistici, della \u201ccondivisione\u201d del vertice dei \u201cvolonterosi\u201d in Libia fra i Ministri degli Interni, contro la<\/p>\n","protected":false},"excerpt":{"rendered":"<p>di\u00a0Claudio Tani \u00a0 E ora, dopo Carola, che si fa? La discussione pubblica sull\u2019immigrazione non riesce a districarsi nella complessit\u00e0 del fenomeno, ove sono implicate questioni demografiche, economiche, sociali e di classe non sempre gradite sul piano della teoria e della pratica.<\/p>\n<div class='heateorSssClear'><\/div><div  class='heateor_sss_sharing_container heateor_sss_horizontal_sharing' data-heateor-sss-href='https:\/\/www.lacostituzione.info\/index.php\/2019\/09\/27\/immigrazione-economia-diritti-perche-leuropa-fa-la-guerra-alla-lega\/'><div class='heateor_sss_sharing_title' style=\"font-weight:bold\" >Condividi!<\/div><div class=\"heateor_sss_sharing_ul\"><a aria-label=\"Facebook\" class=\"heateor_sss_facebook\" href=\"https:\/\/www.facebook.com\/sharer\/sharer.php?u=https%3A%2F%2Fwww.lacostituzione.info%2Findex.php%2F2019%2F09%2F27%2Fimmigrazione-economia-diritti-perche-leuropa-fa-la-guerra-alla-lega%2F\" title=\"Facebook\" rel=\"nofollow noopener\" target=\"_blank\" style=\"font-size:32px!important;box-shadow:none;display:inline-block;vertical-align:middle\"><span class=\"heateor_sss_svg\" style=\"background-color:#0765FE;width:35px;height:35px;display:inline-block;opacity:1;float:left;font-size:32px;box-shadow:none;display:inline-block;font-size:16px;padding:0 4px;vertical-align:middle;background-repeat:repeat;overflow:hidden;padding:0;cursor:pointer;box-sizing:content-box\"><svg style=\"display:block;\" focusable=\"false\" aria-hidden=\"true\" xmlns=\"http:\/\/www.w3.org\/2000\/svg\" width=\"100%\" height=\"100%\" viewBox=\"0 0 32 32\"><path fill=\"#fff\" d=\"M28 16c0-6.627-5.373-12-12-12S4 9.373 4 16c0 5.628 3.875 10.35 9.101 11.647v-7.98h-2.474V16H13.1v-1.58c0-4.085 1.849-5.978 5.859-5.978.76 0 2.072.15 2.608.298v3.325c-.283-.03-.775-.045-1.386-.045-1.967 0-2.728.745-2.728 2.683V16h3.92l-.673 3.667h-3.247v8.245C23.395 27.195 28 22.135 28 16Z\"><\/path><\/svg><\/span><\/a><a aria-label=\"Twitter\" class=\"heateor_sss_button_twitter\" href=\"https:\/\/twitter.com\/intent\/tweet?text=Immigrazione%2C%20economia%2C%20diritti.%20Perch%C3%A9%20l%E2%80%99Europa%20fa%20la%20guerra%20alla%20Lega%3F&url=https%3A%2F%2Fwww.lacostituzione.info%2Findex.php%2F2019%2F09%2F27%2Fimmigrazione-economia-diritti-perche-leuropa-fa-la-guerra-alla-lega%2F\" title=\"Twitter\" rel=\"nofollow noopener\" target=\"_blank\" style=\"font-size:32px!important;box-shadow:none;display:inline-block;vertical-align:middle\"><span class=\"heateor_sss_svg heateor_sss_s__default heateor_sss_s_twitter\" style=\"background-color:#55acee;width:35px;height:35px;display:inline-block;opacity:1;float:left;font-size:32px;box-shadow:none;display:inline-block;font-size:16px;padding:0 4px;vertical-align:middle;background-repeat:repeat;overflow:hidden;padding:0;cursor:pointer;box-sizing:content-box\"><svg style=\"display:block;\" focusable=\"false\" aria-hidden=\"true\" xmlns=\"http:\/\/www.w3.org\/2000\/svg\" width=\"100%\" height=\"100%\" viewBox=\"-4 -4 39 39\"><path d=\"M28 8.557a9.913 9.913 0 0 1-2.828.775 4.93 4.93 0 0 0 2.166-2.725 9.738 9.738 0 0 1-3.13 1.194 4.92 4.92 0 0 0-3.593-1.55 4.924 4.924 0 0 0-4.794 6.049c-4.09-.21-7.72-2.17-10.15-5.15a4.942 4.942 0 0 0-.665 2.477c0 1.71.87 3.214 2.19 4.1a4.968 4.968 0 0 1-2.23-.616v.06c0 2.39 1.7 4.38 3.952 4.83-.414.115-.85.174-1.297.174-.318 0-.626-.03-.928-.086a4.935 4.935 0 0 0 4.6 3.42 9.893 9.893 0 0 1-6.114 2.107c-.398 0-.79-.023-1.175-.068a13.953 13.953 0 0 0 7.55 2.213c9.056 0 14.01-7.507 14.01-14.013 0-.213-.005-.426-.015-.637.96-.695 1.795-1.56 2.455-2.55z\" fill=\"#fff\"><\/path><\/svg><\/span><\/a><a aria-label=\"Reddit\" class=\"heateor_sss_button_reddit\" href=\"https:\/\/reddit.com\/submit?url=https%3A%2F%2Fwww.lacostituzione.info%2Findex.php%2F2019%2F09%2F27%2Fimmigrazione-economia-diritti-perche-leuropa-fa-la-guerra-alla-lega%2F&title=Immigrazione%2C%20economia%2C%20diritti.%20Perch%C3%A9%20l%E2%80%99Europa%20fa%20la%20guerra%20alla%20Lega%3F\" title=\"Reddit\" rel=\"nofollow noopener\" target=\"_blank\" style=\"font-size:32px!important;box-shadow:none;display:inline-block;vertical-align:middle\"><span class=\"heateor_sss_svg heateor_sss_s__default heateor_sss_s_reddit\" style=\"background-color:#ff5700;width:35px;height:35px;display:inline-block;opacity:1;float:left;font-size:32px;box-shadow:none;display:inline-block;font-size:16px;padding:0 4px;vertical-align:middle;background-repeat:repeat;overflow:hidden;padding:0;cursor:pointer;box-sizing:content-box\"><svg style=\"display:block;\" focusable=\"false\" aria-hidden=\"true\" xmlns=\"http:\/\/www.w3.org\/2000\/svg\" width=\"100%\" height=\"100%\" viewBox=\"-3.5 -3.5 39 39\"><path d=\"M28.543 15.774a2.953 2.953 0 0 0-2.951-2.949 2.882 2.882 0 0 0-1.9.713 14.075 14.075 0 0 0-6.85-2.044l1.38-4.349 3.768.884a2.452 2.452 0 1 0 .24-1.176l-4.274-1a.6.6 0 0 0-.709.4l-1.659 5.224a14.314 14.314 0 0 0-7.316 2.029 2.908 2.908 0 0 0-1.872-.681 2.942 2.942 0 0 0-1.618 5.4 5.109 5.109 0 0 0-.062.765c0 4.158 5.037 7.541 11.229 7.541s11.22-3.383 11.22-7.541a5.2 5.2 0 0 0-.053-.706 2.963 2.963 0 0 0 1.427-2.51zm-18.008 1.88a1.753 1.753 0 0 1 1.73-1.74 1.73 1.73 0 0 1 1.709 1.74 1.709 1.709 0 0 1-1.709 1.711 1.733 1.733 0 0 1-1.73-1.711zm9.565 4.968a5.573 5.573 0 0 1-4.081 1.272h-.032a5.576 5.576 0 0 1-4.087-1.272.6.6 0 0 1 .844-.854 4.5 4.5 0 0 0 3.238.927h.032a4.5 4.5 0 0 0 3.237-.927.6.6 0 1 1 .844.854zm-.331-3.256a1.726 1.726 0 1 1 1.709-1.712 1.717 1.717 0 0 1-1.712 1.712z\" fill=\"#fff\"\/><\/svg><\/span><\/a><a aria-label=\"Linkedin\" class=\"heateor_sss_button_linkedin\" href=\"https:\/\/www.linkedin.com\/sharing\/share-offsite\/?url=https%3A%2F%2Fwww.lacostituzione.info%2Findex.php%2F2019%2F09%2F27%2Fimmigrazione-economia-diritti-perche-leuropa-fa-la-guerra-alla-lega%2F\" title=\"Linkedin\" rel=\"nofollow noopener\" target=\"_blank\" style=\"font-size:32px!important;box-shadow:none;display:inline-block;vertical-align:middle\"><span class=\"heateor_sss_svg heateor_sss_s__default heateor_sss_s_linkedin\" style=\"background-color:#0077b5;width:35px;height:35px;display:inline-block;opacity:1;float:left;font-size:32px;box-shadow:none;display:inline-block;font-size:16px;padding:0 4px;vertical-align:middle;background-repeat:repeat;overflow:hidden;padding:0;cursor:pointer;box-sizing:content-box\"><svg style=\"display:block;\" focusable=\"false\" aria-hidden=\"true\" xmlns=\"http:\/\/www.w3.org\/2000\/svg\" width=\"100%\" height=\"100%\" viewBox=\"0 0 32 32\"><path d=\"M6.227 12.61h4.19v13.48h-4.19V12.61zm2.095-6.7a2.43 2.43 0 0 1 0 4.86c-1.344 0-2.428-1.09-2.428-2.43s1.084-2.43 2.428-2.43m4.72 6.7h4.02v1.84h.058c.56-1.058 1.927-2.176 3.965-2.176 4.238 0 5.02 2.792 5.02 6.42v7.395h-4.183v-6.56c0-1.564-.03-3.574-2.178-3.574-2.18 0-2.514 1.7-2.514 3.46v6.668h-4.187V12.61z\" fill=\"#fff\"><\/path><\/svg><\/span><\/a><a aria-label=\"Pinterest\" class=\"heateor_sss_button_pinterest\" href=\"https:\/\/www.lacostituzione.info\/index.php\/2019\/09\/27\/immigrazione-economia-diritti-perche-leuropa-fa-la-guerra-alla-lega\/\" onclick=\"event.preventDefault();javascript:void( (function() {var e=document.createElement('script' );e.setAttribute('type','text\/javascript' );e.setAttribute('charset','UTF-8' );e.setAttribute('src','\/\/assets.pinterest.com\/js\/pinmarklet.js?r='+Math.random()*99999999);document.body.appendChild(e)})());\" title=\"Pinterest\" rel=\"noopener\" style=\"font-size:32px!important;box-shadow:none;display:inline-block;vertical-align:middle\"><span class=\"heateor_sss_svg heateor_sss_s__default heateor_sss_s_pinterest\" style=\"background-color:#cc2329;width:35px;height:35px;display:inline-block;opacity:1;float:left;font-size:32px;box-shadow:none;display:inline-block;font-size:16px;padding:0 4px;vertical-align:middle;background-repeat:repeat;overflow:hidden;padding:0;cursor:pointer;box-sizing:content-box\"><svg style=\"display:block;\" focusable=\"false\" aria-hidden=\"true\" xmlns=\"http:\/\/www.w3.org\/2000\/svg\" width=\"100%\" height=\"100%\" viewBox=\"-2 -2 35 35\"><path fill=\"#fff\" d=\"M16.539 4.5c-6.277 0-9.442 4.5-9.442 8.253 0 2.272.86 4.293 2.705 5.046.303.125.574.005.662-.33.061-.231.205-.816.27-1.06.088-.331.053-.447-.191-.736-.532-.627-.873-1.439-.873-2.591 0-3.338 2.498-6.327 6.505-6.327 3.548 0 5.497 2.168 5.497 5.062 0 3.81-1.686 7.025-4.188 7.025-1.382 0-2.416-1.142-2.085-2.545.397-1.674 1.166-3.48 1.166-4.689 0-1.081-.581-1.983-1.782-1.983-1.413 0-2.548 1.462-2.548 3.419 0 1.247.421 2.091.421 2.091l-1.699 7.199c-.505 2.137-.076 4.755-.039 5.019.021.158.223.196.314.077.13-.17 1.813-2.247 2.384-4.324.162-.587.929-3.631.929-3.631.46.876 1.801 1.646 3.227 1.646 4.247 0 7.128-3.871 7.128-9.053.003-3.918-3.317-7.568-8.361-7.568z\"\/><\/svg><\/span><\/a><a aria-label=\"Whatsapp\" class=\"heateor_sss_whatsapp\" href=\"https:\/\/api.whatsapp.com\/send?text=Immigrazione%2C%20economia%2C%20diritti.%20Perch%C3%A9%20l%E2%80%99Europa%20fa%20la%20guerra%20alla%20Lega%3F%20https%3A%2F%2Fwww.lacostituzione.info%2Findex.php%2F2019%2F09%2F27%2Fimmigrazione-economia-diritti-perche-leuropa-fa-la-guerra-alla-lega%2F\" title=\"Whatsapp\" rel=\"nofollow noopener\" target=\"_blank\" style=\"font-size:32px!important;box-shadow:none;display:inline-block;vertical-align:middle\"><span class=\"heateor_sss_svg\" style=\"background-color:#55eb4c;width:35px;height:35px;display:inline-block;opacity:1;float:left;font-size:32px;box-shadow:none;display:inline-block;font-size:16px;padding:0 4px;vertical-align:middle;background-repeat:repeat;overflow:hidden;padding:0;cursor:pointer;box-sizing:content-box\"><svg style=\"display:block;\" focusable=\"false\" aria-hidden=\"true\" xmlns=\"http:\/\/www.w3.org\/2000\/svg\" width=\"100%\" height=\"100%\" viewBox=\"-6 -5 40 40\"><path class=\"heateor_sss_svg_stroke heateor_sss_no_fill\" stroke=\"#fff\" stroke-width=\"2\" fill=\"none\" d=\"M 11.579798566743314 24.396926207859085 A 10 10 0 1 0 6.808479557110079 20.73576436351046\"><\/path><path d=\"M 7 19 l -1 6 l 6 -1\" class=\"heateor_sss_no_fill heateor_sss_svg_stroke\" stroke=\"#fff\" stroke-width=\"2\" fill=\"none\"><\/path><path d=\"M 10 10 q -1 8 8 11 c 5 -1 0 -6 -1 -3 q -4 -3 -5 -5 c 4 -2 -1 -5 -1 -4\" fill=\"#fff\"><\/path><\/svg><\/span><\/a><\/div><div class=\"heateorSssClear\"><\/div><\/div><div class='heateorSssClear'><\/div>","protected":false},"author":1,"featured_media":0,"comment_status":"open","ping_status":"open","sticky":false,"template":"","format":"standard","meta":{"jetpack_post_was_ever_published":false,"_jetpack_newsletter_access":"","_jetpack_dont_email_post_to_subs":false,"_jetpack_newsletter_tier_id":0,"_jetpack_memberships_contains_paywalled_content":false,"_jetpack_memberships_contains_paid_content":false,"footnotes":"","jetpack_publicize_message":"","jetpack_publicize_feature_enabled":true,"jetpack_social_post_already_shared":false,"jetpack_social_options":{"image_generator_settings":{"template":"highway","default_image_id":0,"enabled":false},"version":2}},"categories":[12],"tags":[1443,371,1436],"class_list":["post-6578","post","type-post","status-publish","format-standard","hentry","category-editoriale","tag-demografia","tag-immigrazione","tag-sovranismo"],"jetpack_publicize_connections":[],"jetpack_featured_media_url":"","jetpack_shortlink":"https:\/\/wp.me\/p84sDq-1I6","jetpack_likes_enabled":true,"jetpack_sharing_enabled":true,"_links":{"self":[{"href":"https:\/\/www.lacostituzione.info\/index.php\/wp-json\/wp\/v2\/posts\/6578","targetHints":{"allow":["GET"]}}],"collection":[{"href":"https:\/\/www.lacostituzione.info\/index.php\/wp-json\/wp\/v2\/posts"}],"about":[{"href":"https:\/\/www.lacostituzione.info\/index.php\/wp-json\/wp\/v2\/types\/post"}],"author":[{"embeddable":true,"href":"https:\/\/www.lacostituzione.info\/index.php\/wp-json\/wp\/v2\/users\/1"}],"replies":[{"embeddable":true,"href":"https:\/\/www.lacostituzione.info\/index.php\/wp-json\/wp\/v2\/comments?post=6578"}],"version-history":[{"count":0,"href":"https:\/\/www.lacostituzione.info\/index.php\/wp-json\/wp\/v2\/posts\/6578\/revisions"}],"wp:attachment":[{"href":"https:\/\/www.lacostituzione.info\/index.php\/wp-json\/wp\/v2\/media?parent=6578"}],"wp:term":[{"taxonomy":"category","embeddable":true,"href":"https:\/\/www.lacostituzione.info\/index.php\/wp-json\/wp\/v2\/categories?post=6578"},{"taxonomy":"post_tag","embeddable":true,"href":"https:\/\/www.lacostituzione.info\/index.php\/wp-json\/wp\/v2\/tags?post=6578"}],"curies":[{"name":"wp","href":"https:\/\/api.w.org\/{rel}","templated":true}]}}