{"id":6674,"date":"2019-10-12T19:20:37","date_gmt":"2019-10-12T17:20:37","guid":{"rendered":"http:\/\/www.lacostituzione.info\/?p=6674"},"modified":"2019-10-12T19:20:39","modified_gmt":"2019-10-12T17:20:39","slug":"ancora-sulla-democrazia-allinterno-del-movimento-5-stelle-il-caso-de-falco","status":"publish","type":"post","link":"https:\/\/www.lacostituzione.info\/index.php\/2019\/10\/12\/ancora-sulla-democrazia-allinterno-del-movimento-5-stelle-il-caso-de-falco\/","title":{"rendered":"Ancora sulla democrazia all\u2019interno del MoVimento 5 Stelle: il caso De Falco"},"content":{"rendered":"\n<p>di <strong>Salvatore Curreri<\/strong><a href=\"http:\/\/www.lacostituzione.info\/wp-content\/uploads\/2019\/10\/defalco.jpg\"><img loading=\"lazy\" decoding=\"async\" data-attachment-id=\"6675\" data-permalink=\"https:\/\/www.lacostituzione.info\/index.php\/2019\/10\/12\/ancora-sulla-democrazia-allinterno-del-movimento-5-stelle-il-caso-de-falco\/defalco\/#main\" data-orig-file=\"https:\/\/www.lacostituzione.info\/wp-content\/uploads\/2019\/10\/defalco.jpg\" data-orig-size=\"260,194\" data-comments-opened=\"1\" data-image-meta=\"{&quot;aperture&quot;:&quot;0&quot;,&quot;credit&quot;:&quot;&quot;,&quot;camera&quot;:&quot;&quot;,&quot;caption&quot;:&quot;&quot;,&quot;created_timestamp&quot;:&quot;0&quot;,&quot;copyright&quot;:&quot;&quot;,&quot;focal_length&quot;:&quot;0&quot;,&quot;iso&quot;:&quot;0&quot;,&quot;shutter_speed&quot;:&quot;0&quot;,&quot;title&quot;:&quot;&quot;,&quot;orientation&quot;:&quot;0&quot;}\" data-image-title=\"defalco\" data-image-description=\"\" data-image-caption=\"\" data-medium-file=\"https:\/\/www.lacostituzione.info\/wp-content\/uploads\/2019\/10\/defalco.jpg\" data-large-file=\"https:\/\/www.lacostituzione.info\/wp-content\/uploads\/2019\/10\/defalco.jpg\" class=\"alignright size-thumbnail wp-image-6675\" src=\"http:\/\/www.lacostituzione.info\/wp-content\/uploads\/2019\/10\/defalco-150x150.jpg\" alt=\"\" width=\"150\" height=\"150\" \/><\/a><\/p>\n<p>\u00c8 noto che quello della democrazia all\u2019interno dei partiti \u00e8 problema tuttora aperto e cruciale per il nostro ordinamento democratico, per la ovvia \u2013 ma essenziale e perdurante \u2013 ragione per cui \u201cse non vi \u00e8 una base di democrazia interna, i partiti non potrebbero trasfondere un indirizzo democratico nell\u2019ambito della vita politica del Paese\u201d (Aldo Moro).<!--more--><\/p>\n<p>Complice l\u2019ambiguo riferimento al \u201cmetodo democratico\u201d previsto dall\u2019art. 49 Cost., frutto di diffidenze ormai storicamente immotivate, manca nel nostro ordinamento una legge che disciplini l\u2019organizzazione interna dei partiti, cos\u00ec da mitigarne le \u201cferree\u201d tendenze oligarchiche.<\/p>\n<p>Tale assenza \u00e8 tanto pi\u00f9 grave perch\u00e9 i partiti sono cambiati, trasformandosi, da partiti di massa, articolati al loro interno, in partiti di opinione, se non personali in cui inevitabilmente il problema della democrazia interna e della tutela del dissenso si pone in termini pi\u00f9 acuti. Il confronto con gli altri partiti europei \u00e8 impietoso e dimostra come ci siamo progressivamente assuefatti all\u2019assenza di condizioni minime di democrazia interna altrove invece presenti e praticate. La trasformazione in senso leaderistico del partito, in certa misura inevitabile nell\u2019odierna societ\u00e0 delle comunicazioni, si \u00e8 in genere tradotta in organizzazioni interne ancor pi\u00f9 gerarchizzate e verticistiche, talora non contendibili per vie interne ma solo, eventualmente, a seguito di insuccessi elettorali. Non \u00e8 un caso, quindi, che la stessa elaborazione dei processi politici (<em>policy making<\/em>) sia stata esternalizzata dai partiti a strutture parallele (<em>think tank<\/em>, fondazioni, associazioni) che ricevono finanziamenti talora non indifferenti e per questo motivo di recente assoggettati agli stessi obblighi di trasparenza e di pubblicit\u00e0 previsti per i partiti.<\/p>\n<p>In questo contesto, la timida scelta del legislatore di garantire il rispetto dei requisiti di trasparenza e democraticit\u00e0 dei partiti facendo leva sul finanziamento pubblico pare doppiamente criticabile. Per un verso, quelli imposti sono requisiti troppo <em>soft<\/em> e, soprattutto, \u201cesteriori\u201d, destinati quindi a non incidere sull\u2019effettivo funzionamento democratico di organi e procedure, e per questo debolmente accolti nei nuovi statuti. Per altro verso essi non incidono sui partiti &#8211; come il MoVimento 5 Stelle &#8211; che non si vogliono avvalere di tale forma di finanziamento pubblico indiretto; in tal senso era molto pi\u00f9 opportuno ed efficace, invece, l\u2019art. 2.7 della legge n. 52\/2015 (c.d. Italicum) che al rispetto dei suddetti requisiti subordinava piuttosto l\u2019accesso alle elezioni politiche.<\/p>\n<p>Non pare dunque affatto un caso che il maggiore contenzioso all\u2019interno dei partiti si sia sviluppato proprio all\u2019interno di tale forza politica, anche per la sua pretesa di voler regolamentare in modo specifico, ma non sempre giuridicamente inequivoco, ogni decisione interna sia del MoVimento che dei corrispondenti gruppi parlamentari, prevedendo addirittura sanzioni pecuniarie in caso di espulsioni palesemente incostituzionali perch\u00e9 in contrasto con il divieto di vincolo di mandato sancito dall\u2019art. 67 Cost.<\/p>\n<p>\u00c8 in questo contesto che si inserisce la sentenza con cui la XVI sezione civile del Tribunale di Roma (sezione specializzata in materia di impresa) lo scorso 3 settembre ha respinto in sede cautelare il reclamo proposto dal sen. Gregorio De Falco contro l\u2019ordinanza del locale Tribunale dell\u20198 aprile che aveva confermato il suo provvedimento di espulsione dal MoVimento 5 Stelle e dal corrispondente gruppo parlamentare al Senato. Secondo il Collegio dei probiviri del MoVimento, infatti, il sen. De Falco aveva violato l\u2019obbligo, previsto dall\u2019art. 3.1 n. 6 del Codice etico, di \u00abrispettare, all\u2019interno dei gruppi politici, il criterio democratico di votazione a maggioranza per la determinazione della linea politica adottata dagli esecutivi, a qualsiasi livello, espressi dal MoVimento 5 Stelle\u00bb.<\/p>\n<p>Oltre ad alcune irregolarit\u00e0 formali relative alla decisione presa dal Collegio dei probiviri (non corretta sua composizione, non indicazione dei membri che l\u2019hanno sottoscritta, mancata comunicazione dell\u2019avvio del procedimento disciplinare), giudicate infondate, il ricorrente lamentava di essere stato illegittimamente espulso a causa dei suoi voti in dissenso politico dalla linea politica del gruppo, anche in occasioni politicamente qualificanti come il voto di fiducia al governo Conte (I). Ci\u00f2 essenzialmente perch\u00e9, in merito alla posizione politica da assumere in occasione delle votazioni contestate (si trattava del c.d. decreto Genova), il gruppo parlamentare non si era riunito e, quindi, non aveva preventivamente deliberato su come votare nel merito sia in Commissione che in Aula.<\/p>\n<p>A tale rilievo il Tribunale replica \u2013 a mio parere in modo assolutamente convincente e condivisibile &#8211; che il rispetto del metodo democratico all\u2019interno del gruppo non implica necessariamente la sottoposizione ad esso di ogni decisione in ordine alle votazioni in aula ed in commissione, perch\u00e9 ci\u00f2 finirebbe per provocare la paralisi della sua attivit\u00e0. Per evitare una simile conseguenza, spetta piuttosto al Presidente del gruppo parlamentare assumere tali decisioni, perch\u00e9 egli ha il potere generale di \u201cdirigere la politica generale del gruppo, mantenere e garantire l\u2019unit\u00e0 di indirizzo politico ed amministrativo e promuovere, coordinandola, l\u2019attivit\u00e0 dei suoi organi, concertando la propria azione con il capo politico del Movimento, con il presidente del gruppo parlamentare della Camera dei deputati e con i membri del governo espressi dal Movimento\u201d. Vi \u00e8 quindi una sorta di fiducia implicita di cui il Presidente del gruppo parlamentare gode da parte sia dei membri del gruppo, sia degli organi direttivi del partito, che gli permettono di dettare la linea politica e parlamentare del gruppo, senza la necessit\u00e0 di sottoporre a voto ogni singolo punto oggetto di discussione.<\/p>\n<p>Tale considerazione, se assolutamente condivisibile a livello generale, lo \u00e8 meno se riferita ai Presidenti dei gruppi parlamentari del MoVimento 5 Stelle, giacch\u00e9, <a href=\"https:\/\/www.federalismi.it\/nv14\/articolo-documento.cfm?Artid=36454\">come gi\u00e0 rilevato<\/a>, <a href=\"https:\/\/www.lacostituzione.info\/index.php\/2018\/07\/04\/la-legittimita-del-regolamento-interno-del-gruppo-parlamentare-del-m5s-sul-tavolo-della-presidente-del-senato\/\">anche in questa sede<\/a>, i deputati ed i senatori che ne fanno parte non possono sceglierli liberamente, potendo l\u2019Assemblea solo ratificare a maggioranza assoluta la nomina \u201cproposta dal Capo Politico\u201d (art. 4.7 reg. statuto gruppo); il quale Capo Politico, anche contro la volont\u00e0 della maggioranza, potrebbe sempre revocare il Presidente del gruppo (art. 5.2). Si tratta di disposizioni statutari interne che si pongono in radicale contrasto con quelle norme regolamentari (artt. 15.2 reg. Camera e 15.1-2 reg. Senato) secondo cui il Presidente di ciascun gruppo deve essere nominato dai parlamentari che hanno dichiarato di volerne farne parte, e a tal fine appositamente convocati dal Presidente di assemblea, e non da un soggetto istituzionalmente esterno come il Capo Politico (che, nel caso di Di Maio, essendo deputato, non fa parte del gruppo parlamentare del M5S al Senato).<\/p>\n<p>Sulla effettiva corrispondenza del Presidente del gruppo parlamentare alla volont\u00e0 della maggioranza dei suoi membri il giudice cautelare avrebbe quindi ben potuto svolgere qualche ulteriore considerazione critica, seppur a livello ipotetico.<\/p>\n<p>Tale considerazione acquista maggiore rilievo se riferita alla contestata decisione del sen. De Falco di non aver votato la fiducia al Governo Conte (I). Anche qui pare assolutamente condivisibile la sentenza laddove evidenzia come l\u2019obbligo, imposto dall\u2019art. 3.1 n. 8 sempre del Codice etico, di \u00abvotare la fiducia, ogni qualvolta ci\u00f2 si renda necessario, ai governi presieduti da un presidente del consiglio dei ministri espressione del MoVimento 5 Stelle\u00bb debba intendersi riferito non solo ai governi guidati da un Presidente del Consiglio appartenente al MoVimento ma anche quelli da esso appoggiati. Parimenti condivisibile appare la sentenza quando afferma la legittimit\u00e0 di tale clausola anche ai sensi dell\u2019art. 67 Cost., giacch\u00e9 esso garantisce al parlamentare il diritto di poter esercitare liberamente il suo mandato, ma non certo quello di pretendere di poter continuare a restare nel gruppo parlamentare quando sostiene posizioni politiche in radicale contrasto con esso in occasioni politicamente decisive come, per l\u2019appunto, in occasione delle votazioni fiduciarie, minandone cos\u00ec l\u2019unit\u00e0 politica interna.<\/p>\n<p>Come condivisibilmente scrive il Tribunale, in questo modo la difesa del sen. De Falco sovrappone \u201ci due piani &#8211; che devono, al contrario, rimanere distinti &#8211; del vincolo associativo che intercorre tra l\u2019associato e l\u2019associazione e quello dell\u2019esercizio delle funzioni parlamentari che, come gi\u00e0 si \u00e8 accennato, trovano la loro regolamentazione nelle norme costituzionali. In altre parole, le manifestazioni di dissenso da parte di un parlamentare-associato ad un gruppo rispetto alla linea politica di quest\u2019ultimo &#8220;hanno (e possono certamente avere) rilievo nell\u2019esecuzione del rapporto associativo (fino a giungere anche all\u2019estremo di rendere inevitabile l\u2019estinzione del rapporto medesimo, attraverso l\u2019adozione di un provvedimento di esclusione) senza che ci\u00f2 abbia in alcun modo alcuna refluenza sul mandato parlamentare. (\u2026) Il divieto di mandato imperativo, dunque, non implica l\u2019impossibilit\u00e0, per l\u2019associazione-partito politico alla quale un determinato parlamentare appartenga, di recidere il vincolo associativo qualora sia venuta meno l\u2019<em>affectio societatis<\/em>: esso comporta, al contrario, l\u2019impossibilit\u00e0 per il partito politico di incidere sullo stesso <em>status <\/em>di parlamentare del proprio (ex) iscritto\u201d.<\/p>\n<p>Se, quindi, \u00e8 assolutamente legittimo che il gruppo pretenda il rispetto della propria disciplina in riferimento ad una votazione cos\u00ec importante, come quella sulla mozione di fiducia al Governo, fino al punto da legittimare come proporzionale la sanzione dell\u2019espulsione a chi ad essa contravvenga, \u00e8 pur vero per\u00f2 che proprio in simili occasioni quella presunzione di fiducia di cui, come detto, il Presidente del gruppo parlamentare gode dovrebbe essere verificata. In altri termini, la posizione del gruppo su tali votazioni, come su ogni altra votazione politicamente qualificante, dovrebbe essere frutto di una decisione dell\u2019intera assemblea del gruppo (magari a scrutinio segreto) e non imposta dai suoi vertici. Il che, nel caso concreto, non sembra essersi verificato.<\/p>\n<p>Per un MoVimento che ad ogni pie\u2019 sospinto invoca il rispetto della volont\u00e0 democraticamente espressa dal popolo il minimo che si dovrebbe pretendere \u00e8 che rispetti tali regole innanzi tutto al proprio interno. O no?<\/p>\n","protected":false},"excerpt":{"rendered":"<p>di Salvatore Curreri \u00c8 noto che quello della democrazia all\u2019interno dei partiti \u00e8 problema tuttora aperto e cruciale per il nostro ordinamento democratico, per la ovvia \u2013 ma essenziale e perdurante \u2013 ragione per cui \u201cse non vi \u00e8 una base di democrazia interna, i partiti non potrebbero trasfondere un indirizzo democratico nell\u2019ambito della vita &#8230; <a title=\"Ancora sulla democrazia all\u2019interno del MoVimento 5 Stelle: il caso De Falco\" class=\"read-more\" href=\"https:\/\/www.lacostituzione.info\/index.php\/2019\/10\/12\/ancora-sulla-democrazia-allinterno-del-movimento-5-stelle-il-caso-de-falco\/\">Leggi tutto<\/a><\/p>\n<div class='heateorSssClear'><\/div><div  class='heateor_sss_sharing_container heateor_sss_horizontal_sharing' data-heateor-sss-href='https:\/\/www.lacostituzione.info\/index.php\/2019\/10\/12\/ancora-sulla-democrazia-allinterno-del-movimento-5-stelle-il-caso-de-falco\/'><div class='heateor_sss_sharing_title' style=\"font-weight:bold\" >Condividi!<\/div><div class=\"heateor_sss_sharing_ul\"><a aria-label=\"Facebook\" class=\"heateor_sss_facebook\" href=\"https:\/\/www.facebook.com\/sharer\/sharer.php?u=https%3A%2F%2Fwww.lacostituzione.info%2Findex.php%2F2019%2F10%2F12%2Fancora-sulla-democrazia-allinterno-del-movimento-5-stelle-il-caso-de-falco%2F\" title=\"Facebook\" rel=\"nofollow noopener\" target=\"_blank\" style=\"font-size:32px!important;box-shadow:none;display:inline-block;vertical-align:middle\"><span class=\"heateor_sss_svg\" style=\"background-color:#0765FE;width:35px;height:35px;display:inline-block;opacity:1;float:left;font-size:32px;box-shadow:none;display:inline-block;font-size:16px;padding:0 4px;vertical-align:middle;background-repeat:repeat;overflow:hidden;padding:0;cursor:pointer;box-sizing:content-box\"><svg style=\"display:block;\" focusable=\"false\" aria-hidden=\"true\" xmlns=\"http:\/\/www.w3.org\/2000\/svg\" width=\"100%\" height=\"100%\" viewBox=\"0 0 32 32\"><path fill=\"#fff\" d=\"M28 16c0-6.627-5.373-12-12-12S4 9.373 4 16c0 5.628 3.875 10.35 9.101 11.647v-7.98h-2.474V16H13.1v-1.58c0-4.085 1.849-5.978 5.859-5.978.76 0 2.072.15 2.608.298v3.325c-.283-.03-.775-.045-1.386-.045-1.967 0-2.728.745-2.728 2.683V16h3.92l-.673 3.667h-3.247v8.245C23.395 27.195 28 22.135 28 16Z\"><\/path><\/svg><\/span><\/a><a aria-label=\"Twitter\" class=\"heateor_sss_button_twitter\" href=\"https:\/\/twitter.com\/intent\/tweet?text=Ancora%20sulla%20democrazia%20all%E2%80%99interno%20del%20MoVimento%205%20Stelle%3A%20il%20caso%20De%20Falco&url=https%3A%2F%2Fwww.lacostituzione.info%2Findex.php%2F2019%2F10%2F12%2Fancora-sulla-democrazia-allinterno-del-movimento-5-stelle-il-caso-de-falco%2F\" title=\"Twitter\" rel=\"nofollow noopener\" target=\"_blank\" style=\"font-size:32px!important;box-shadow:none;display:inline-block;vertical-align:middle\"><span class=\"heateor_sss_svg heateor_sss_s__default heateor_sss_s_twitter\" style=\"background-color:#55acee;width:35px;height:35px;display:inline-block;opacity:1;float:left;font-size:32px;box-shadow:none;display:inline-block;font-size:16px;padding:0 4px;vertical-align:middle;background-repeat:repeat;overflow:hidden;padding:0;cursor:pointer;box-sizing:content-box\"><svg style=\"display:block;\" focusable=\"false\" aria-hidden=\"true\" xmlns=\"http:\/\/www.w3.org\/2000\/svg\" width=\"100%\" height=\"100%\" viewBox=\"-4 -4 39 39\"><path d=\"M28 8.557a9.913 9.913 0 0 1-2.828.775 4.93 4.93 0 0 0 2.166-2.725 9.738 9.738 0 0 1-3.13 1.194 4.92 4.92 0 0 0-3.593-1.55 4.924 4.924 0 0 0-4.794 6.049c-4.09-.21-7.72-2.17-10.15-5.15a4.942 4.942 0 0 0-.665 2.477c0 1.71.87 3.214 2.19 4.1a4.968 4.968 0 0 1-2.23-.616v.06c0 2.39 1.7 4.38 3.952 4.83-.414.115-.85.174-1.297.174-.318 0-.626-.03-.928-.086a4.935 4.935 0 0 0 4.6 3.42 9.893 9.893 0 0 1-6.114 2.107c-.398 0-.79-.023-1.175-.068a13.953 13.953 0 0 0 7.55 2.213c9.056 0 14.01-7.507 14.01-14.013 0-.213-.005-.426-.015-.637.96-.695 1.795-1.56 2.455-2.55z\" fill=\"#fff\"><\/path><\/svg><\/span><\/a><a aria-label=\"Reddit\" class=\"heateor_sss_button_reddit\" href=\"https:\/\/reddit.com\/submit?url=https%3A%2F%2Fwww.lacostituzione.info%2Findex.php%2F2019%2F10%2F12%2Fancora-sulla-democrazia-allinterno-del-movimento-5-stelle-il-caso-de-falco%2F&title=Ancora%20sulla%20democrazia%20all%E2%80%99interno%20del%20MoVimento%205%20Stelle%3A%20il%20caso%20De%20Falco\" title=\"Reddit\" rel=\"nofollow noopener\" target=\"_blank\" style=\"font-size:32px!important;box-shadow:none;display:inline-block;vertical-align:middle\"><span class=\"heateor_sss_svg heateor_sss_s__default heateor_sss_s_reddit\" style=\"background-color:#ff5700;width:35px;height:35px;display:inline-block;opacity:1;float:left;font-size:32px;box-shadow:none;display:inline-block;font-size:16px;padding:0 4px;vertical-align:middle;background-repeat:repeat;overflow:hidden;padding:0;cursor:pointer;box-sizing:content-box\"><svg style=\"display:block;\" focusable=\"false\" aria-hidden=\"true\" xmlns=\"http:\/\/www.w3.org\/2000\/svg\" width=\"100%\" height=\"100%\" viewBox=\"-3.5 -3.5 39 39\"><path d=\"M28.543 15.774a2.953 2.953 0 0 0-2.951-2.949 2.882 2.882 0 0 0-1.9.713 14.075 14.075 0 0 0-6.85-2.044l1.38-4.349 3.768.884a2.452 2.452 0 1 0 .24-1.176l-4.274-1a.6.6 0 0 0-.709.4l-1.659 5.224a14.314 14.314 0 0 0-7.316 2.029 2.908 2.908 0 0 0-1.872-.681 2.942 2.942 0 0 0-1.618 5.4 5.109 5.109 0 0 0-.062.765c0 4.158 5.037 7.541 11.229 7.541s11.22-3.383 11.22-7.541a5.2 5.2 0 0 0-.053-.706 2.963 2.963 0 0 0 1.427-2.51zm-18.008 1.88a1.753 1.753 0 0 1 1.73-1.74 1.73 1.73 0 0 1 1.709 1.74 1.709 1.709 0 0 1-1.709 1.711 1.733 1.733 0 0 1-1.73-1.711zm9.565 4.968a5.573 5.573 0 0 1-4.081 1.272h-.032a5.576 5.576 0 0 1-4.087-1.272.6.6 0 0 1 .844-.854 4.5 4.5 0 0 0 3.238.927h.032a4.5 4.5 0 0 0 3.237-.927.6.6 0 1 1 .844.854zm-.331-3.256a1.726 1.726 0 1 1 1.709-1.712 1.717 1.717 0 0 1-1.712 1.712z\" fill=\"#fff\"\/><\/svg><\/span><\/a><a aria-label=\"Linkedin\" class=\"heateor_sss_button_linkedin\" href=\"https:\/\/www.linkedin.com\/sharing\/share-offsite\/?url=https%3A%2F%2Fwww.lacostituzione.info%2Findex.php%2F2019%2F10%2F12%2Fancora-sulla-democrazia-allinterno-del-movimento-5-stelle-il-caso-de-falco%2F\" title=\"Linkedin\" rel=\"nofollow noopener\" target=\"_blank\" style=\"font-size:32px!important;box-shadow:none;display:inline-block;vertical-align:middle\"><span class=\"heateor_sss_svg heateor_sss_s__default heateor_sss_s_linkedin\" style=\"background-color:#0077b5;width:35px;height:35px;display:inline-block;opacity:1;float:left;font-size:32px;box-shadow:none;display:inline-block;font-size:16px;padding:0 4px;vertical-align:middle;background-repeat:repeat;overflow:hidden;padding:0;cursor:pointer;box-sizing:content-box\"><svg style=\"display:block;\" focusable=\"false\" aria-hidden=\"true\" xmlns=\"http:\/\/www.w3.org\/2000\/svg\" width=\"100%\" height=\"100%\" viewBox=\"0 0 32 32\"><path d=\"M6.227 12.61h4.19v13.48h-4.19V12.61zm2.095-6.7a2.43 2.43 0 0 1 0 4.86c-1.344 0-2.428-1.09-2.428-2.43s1.084-2.43 2.428-2.43m4.72 6.7h4.02v1.84h.058c.56-1.058 1.927-2.176 3.965-2.176 4.238 0 5.02 2.792 5.02 6.42v7.395h-4.183v-6.56c0-1.564-.03-3.574-2.178-3.574-2.18 0-2.514 1.7-2.514 3.46v6.668h-4.187V12.61z\" fill=\"#fff\"><\/path><\/svg><\/span><\/a><a aria-label=\"Pinterest\" class=\"heateor_sss_button_pinterest\" href=\"https:\/\/www.lacostituzione.info\/index.php\/2019\/10\/12\/ancora-sulla-democrazia-allinterno-del-movimento-5-stelle-il-caso-de-falco\/\" onclick=\"event.preventDefault();javascript:void( (function() {var e=document.createElement('script' );e.setAttribute('type','text\/javascript' );e.setAttribute('charset','UTF-8' );e.setAttribute('src','\/\/assets.pinterest.com\/js\/pinmarklet.js?r='+Math.random()*99999999);document.body.appendChild(e)})());\" title=\"Pinterest\" rel=\"noopener\" style=\"font-size:32px!important;box-shadow:none;display:inline-block;vertical-align:middle\"><span class=\"heateor_sss_svg heateor_sss_s__default heateor_sss_s_pinterest\" style=\"background-color:#cc2329;width:35px;height:35px;display:inline-block;opacity:1;float:left;font-size:32px;box-shadow:none;display:inline-block;font-size:16px;padding:0 4px;vertical-align:middle;background-repeat:repeat;overflow:hidden;padding:0;cursor:pointer;box-sizing:content-box\"><svg style=\"display:block;\" focusable=\"false\" aria-hidden=\"true\" xmlns=\"http:\/\/www.w3.org\/2000\/svg\" width=\"100%\" height=\"100%\" viewBox=\"-2 -2 35 35\"><path fill=\"#fff\" d=\"M16.539 4.5c-6.277 0-9.442 4.5-9.442 8.253 0 2.272.86 4.293 2.705 5.046.303.125.574.005.662-.33.061-.231.205-.816.27-1.06.088-.331.053-.447-.191-.736-.532-.627-.873-1.439-.873-2.591 0-3.338 2.498-6.327 6.505-6.327 3.548 0 5.497 2.168 5.497 5.062 0 3.81-1.686 7.025-4.188 7.025-1.382 0-2.416-1.142-2.085-2.545.397-1.674 1.166-3.48 1.166-4.689 0-1.081-.581-1.983-1.782-1.983-1.413 0-2.548 1.462-2.548 3.419 0 1.247.421 2.091.421 2.091l-1.699 7.199c-.505 2.137-.076 4.755-.039 5.019.021.158.223.196.314.077.13-.17 1.813-2.247 2.384-4.324.162-.587.929-3.631.929-3.631.46.876 1.801 1.646 3.227 1.646 4.247 0 7.128-3.871 7.128-9.053.003-3.918-3.317-7.568-8.361-7.568z\"\/><\/svg><\/span><\/a><a aria-label=\"Whatsapp\" class=\"heateor_sss_whatsapp\" href=\"https:\/\/api.whatsapp.com\/send?text=Ancora%20sulla%20democrazia%20all%E2%80%99interno%20del%20MoVimento%205%20Stelle%3A%20il%20caso%20De%20Falco%20https%3A%2F%2Fwww.lacostituzione.info%2Findex.php%2F2019%2F10%2F12%2Fancora-sulla-democrazia-allinterno-del-movimento-5-stelle-il-caso-de-falco%2F\" title=\"Whatsapp\" rel=\"nofollow noopener\" target=\"_blank\" style=\"font-size:32px!important;box-shadow:none;display:inline-block;vertical-align:middle\"><span class=\"heateor_sss_svg\" style=\"background-color:#55eb4c;width:35px;height:35px;display:inline-block;opacity:1;float:left;font-size:32px;box-shadow:none;display:inline-block;font-size:16px;padding:0 4px;vertical-align:middle;background-repeat:repeat;overflow:hidden;padding:0;cursor:pointer;box-sizing:content-box\"><svg style=\"display:block;\" focusable=\"false\" aria-hidden=\"true\" xmlns=\"http:\/\/www.w3.org\/2000\/svg\" width=\"100%\" height=\"100%\" viewBox=\"-6 -5 40 40\"><path class=\"heateor_sss_svg_stroke heateor_sss_no_fill\" stroke=\"#fff\" stroke-width=\"2\" fill=\"none\" d=\"M 11.579798566743314 24.396926207859085 A 10 10 0 1 0 6.808479557110079 20.73576436351046\"><\/path><path d=\"M 7 19 l -1 6 l 6 -1\" class=\"heateor_sss_no_fill heateor_sss_svg_stroke\" stroke=\"#fff\" stroke-width=\"2\" fill=\"none\"><\/path><path d=\"M 10 10 q -1 8 8 11 c 5 -1 0 -6 -1 -3 q -4 -3 -5 -5 c 4 -2 -1 -5 -1 -4\" fill=\"#fff\"><\/path><\/svg><\/span><\/a><\/div><div class=\"heateorSssClear\"><\/div><\/div><div class='heateorSssClear'><\/div>","protected":false},"author":13,"featured_media":0,"comment_status":"open","ping_status":"open","sticky":false,"template":"","format":"standard","meta":{"jetpack_post_was_ever_published":false,"_jetpack_newsletter_access":"","_jetpack_dont_email_post_to_subs":false,"_jetpack_newsletter_tier_id":0,"_jetpack_memberships_contains_paywalled_content":false,"_jetpack_memberships_contains_paid_content":false,"footnotes":"","jetpack_publicize_message":"","jetpack_publicize_feature_enabled":true,"jetpack_social_post_already_shared":false,"jetpack_social_options":{"image_generator_settings":{"template":"highway","default_image_id":0,"enabled":false},"version":2}},"categories":[4],"tags":[1444,86,156],"class_list":["post-6674","post","type-post","status-publish","format-standard","hentry","category-attualita","tag-de-falco","tag-m5s","tag-vincolo-di-mandato"],"jetpack_publicize_connections":[],"jetpack_featured_media_url":"","jetpack_shortlink":"https:\/\/wp.me\/p84sDq-1JE","jetpack_likes_enabled":true,"jetpack_sharing_enabled":true,"_links":{"self":[{"href":"https:\/\/www.lacostituzione.info\/index.php\/wp-json\/wp\/v2\/posts\/6674","targetHints":{"allow":["GET"]}}],"collection":[{"href":"https:\/\/www.lacostituzione.info\/index.php\/wp-json\/wp\/v2\/posts"}],"about":[{"href":"https:\/\/www.lacostituzione.info\/index.php\/wp-json\/wp\/v2\/types\/post"}],"author":[{"embeddable":true,"href":"https:\/\/www.lacostituzione.info\/index.php\/wp-json\/wp\/v2\/users\/13"}],"replies":[{"embeddable":true,"href":"https:\/\/www.lacostituzione.info\/index.php\/wp-json\/wp\/v2\/comments?post=6674"}],"version-history":[{"count":0,"href":"https:\/\/www.lacostituzione.info\/index.php\/wp-json\/wp\/v2\/posts\/6674\/revisions"}],"wp:attachment":[{"href":"https:\/\/www.lacostituzione.info\/index.php\/wp-json\/wp\/v2\/media?parent=6674"}],"wp:term":[{"taxonomy":"category","embeddable":true,"href":"https:\/\/www.lacostituzione.info\/index.php\/wp-json\/wp\/v2\/categories?post=6674"},{"taxonomy":"post_tag","embeddable":true,"href":"https:\/\/www.lacostituzione.info\/index.php\/wp-json\/wp\/v2\/tags?post=6674"}],"curies":[{"name":"wp","href":"https:\/\/api.w.org\/{rel}","templated":true}]}}