{"id":6801,"date":"2020-02-06T16:32:12","date_gmt":"2020-02-06T15:32:12","guid":{"rendered":"http:\/\/www.lacostituzione.info\/?p=6801"},"modified":"2020-02-06T16:32:13","modified_gmt":"2020-02-06T15:32:13","slug":"gli-effetti-della-riduzione-dei-parlamentari-del-fare-riforme-senza-badare-alle-conseguenze","status":"publish","type":"post","link":"https:\/\/www.lacostituzione.info\/index.php\/2020\/02\/06\/gli-effetti-della-riduzione-dei-parlamentari-del-fare-riforme-senza-badare-alle-conseguenze\/","title":{"rendered":"Gli effetti della riduzione dei parlamentari. Del fare riforme senza badare alle conseguenze."},"content":{"rendered":"\n<p><a href=\"http:\/\/www.lacostituzione.info\/wp-content\/uploads\/2019\/10\/taglio.jpg\"><img loading=\"lazy\" decoding=\"async\" data-attachment-id=\"6671\" data-permalink=\"https:\/\/www.lacostituzione.info\/index.php\/2019\/10\/10\/sul-taglio-dei-parlamentari\/taglio\/#main\" data-orig-file=\"https:\/\/www.lacostituzione.info\/wp-content\/uploads\/2019\/10\/taglio.jpg\" data-orig-size=\"600,360\" data-comments-opened=\"1\" data-image-meta=\"{&quot;aperture&quot;:&quot;0&quot;,&quot;credit&quot;:&quot;&quot;,&quot;camera&quot;:&quot;&quot;,&quot;caption&quot;:&quot;&quot;,&quot;created_timestamp&quot;:&quot;0&quot;,&quot;copyright&quot;:&quot;&quot;,&quot;focal_length&quot;:&quot;0&quot;,&quot;iso&quot;:&quot;0&quot;,&quot;shutter_speed&quot;:&quot;0&quot;,&quot;title&quot;:&quot;&quot;,&quot;orientation&quot;:&quot;0&quot;}\" data-image-title=\"taglio\" data-image-description=\"\" data-image-caption=\"\" data-medium-file=\"https:\/\/www.lacostituzione.info\/wp-content\/uploads\/2019\/10\/taglio-300x180.jpg\" data-large-file=\"https:\/\/www.lacostituzione.info\/wp-content\/uploads\/2019\/10\/taglio.jpg\" class=\"alignleft size-thumbnail wp-image-6671\" src=\"http:\/\/www.lacostituzione.info\/wp-content\/uploads\/2019\/10\/taglio-150x150.jpg\" alt=\"\" width=\"150\" height=\"150\" \/><\/a>di\u00a0<strong>Salvatore Curreri<\/strong><\/p>\n<p>Inutilmente si cercherebbe nella discussione sviluppatasi sulla riduzione del numero dei parlamentari un approfondimento degli effetti che tale riforma avrebbe sull\u2019organizzazione e sul funzionamento delle camere. <!--more-->Prova ne sia che manca al riguardo una disposizione transitoria, come invece ci si \u00e8 preoccupati di approvare per garantire <em>l\u2019applicabilit\u00e0 delle leggi elettorali indipendentemente dal numero dei parlamentar<\/em>i (dal titolo della legge n. 51\/2019).<\/p>\n<p>Eppure sono tutt\u2019altro che irrilevanti le conseguenze che la sensibile (pressoch\u00e9 un terzo) e drastica (nel senso di non organica) riduzione dei parlamentari \u00e8 destinata a produrre e che vanno, a mio modesto parere, in direzione esattamente contraria agli obiettivi di maggiore efficienza e produttivit\u00e0 che si vorrebbero conseguire; obiettivi che dipendono principalmente non dal numero dei componenti di Camera e Senato ma dalla loro capacit\u00e0 di organizzare in modo efficiente i loro lavori.<\/p>\n<p>Certo, si potrebbe subito obiettare, la Camera dei deputati potrebbe organizzarsi e funzionare anche con 400 deputati, dato che il Senato si \u00e8 sinora organizzato ed ha funzionato con 315 membri. Ma siamo cos\u00ec sicuri che il Senato possa continuare a svolgere le proprie attuali funzioni, eguali a quella della Camera, con appena 200 senatori?<\/p>\n<p>Non si tratter\u00e0, infatti, come banalmente si potrebbe pensare, di ridurre i quorum oggi previsti (peraltro come? in proporzione o in misura inferiore? fissando un numero fisso o una frazione?) per attivare una procedura o per presentare un atto parlamentare ma di ripensare tutta l\u2019organizzazione strutturale delle camere.<\/p>\n<p>Si pensi, in primo luogo, alle norme parlamentari sui gruppi politici (gruppi parlamentari e, nella sola Camera, componenti politiche del gruppo misto) che oggi prevedono per la loro costituzione un certo numero di deputati e senatori, che andr\u00e0 ovviamente ridotto (in proporzione?). Ci\u00f2 per\u00f2 comporter\u00e0 la riduzione di quorum numerici gi\u00e0 bassi, come nel caso dei tre deputati richiesti per essere autorizzati dal Presidente della Camera a costituire una componente politica nel gruppo misto: si dovrebbero ridurre a due? Oppure basterebbe un solo deputato, introducendo quell\u2019ossimoro che sono i \u201cgruppi monocellulari\u201d?<\/p>\n<p>In secondo luogo, ad un numero ridotto di parlamentari corrisponderebbe ovviamente la riduzione del numero dei componenti delle attuali 14 commissioni \u2013 che sono il vero motore dell\u2019attivit\u00e0 parlamentare \u2013, con conseguente notevole aggravio di lavoro. Al Senato, addirittura, avremmo commissioni composte da appena 13-14 senatori, con la conseguenza che per approvare una legge basterebbe, in assenza della richiesta di rimessione in Aula di un quinto dei suoi membri (art. 72.3 Cost.), il voto favorevole di appena quattro senatori (13:2=7 numero legale, 7:2=4 maggioranza richiesta). Si potrebbe rimediare accorpando le commissioni del Senato, ma una simile modifica andrebbe per simmetria estesa anche alla Camera dei deputati e comporterebbe comunque il loro disallineamento rispetto alle attuali corrispondenti strutture ministeriali.<\/p>\n<p>Il problema della composizione delle commissioni parlamentari non riguarda solo la riduzione dei loro membri ma anche il criterio su cui essa si deve prevalentemente basare. La regola costituzionale per cui le commissioni devono essere \u201ccomposte in modo da rispecchiare la proporzione dei gruppi parlamentari\u201d (art. 72.3) si \u00e8 finora prestata, e ancor di pi\u00f9 si potrebbe in futuro prestare in presenza di numeri pi\u00f9 ridotti, a due opposte applicazioni. Se si privilegia, infatti, la stretta rappresentanza proporzionale, le forze politiche di minoranze potrebbero non essere presenti in tutte le commissioni. All\u2019opposto, se si vuole dare loro rappresentanza in tutte, designando un singolo parlamentare in pi\u00f9 commissioni, tali forze politiche finirebbero per essere sovra-rappresentate rispetto alla loro effettiva consistenza proporzionale. Ma c\u2019\u00e8 di pi\u00f9. Nella seconda ipotesi, i parlamentari facenti parte di pi\u00f9 commissioni parlamentari, nel caso non facilmente evitabile di sedute concomitanti, non avendo il dono della bilocazione, dovrebbero inevitabilmente scegliere in quale essere presenti, privando cos\u00ec la loro forza politica della possibilit\u00e0 di esercitare la fondamentale funzione legislativa, ispettiva e di controllo, specie se di opposizione.<\/p>\n<p>Il dilemma tra la prevalenza della proporzionalit\u00e0 sulla rappresentativit\u00e0 (a scapito dei gruppi minoritari) o, al contrario, della rappresentativit\u00e0 sulla proporzionalit\u00e0 (sovra-rappresentando i gruppi minoritari rispetto alla loro effettiva consistenza numerica) si porrebbe anche in relazione della riduzione del numero dei membri di quegli organi finora considerati a composizione fissa: in entrambe le camere gli uffici di Presidenza (16 componenti) e le Giunte per il regolamento (10); al Senato la Giunta delle elezioni e delle immunit\u00e0 parlamentari (23); alla Camera la Giunta delle elezioni (30), quella per le autorizzazioni (21) ed il Comitato per la legislazione (10). Anche in questi organi la riduzione dei loro membri potrebbe comportare l\u2019estromissione dei rappresentanti dei gruppi di minoranza, compromettendo il criterio di rappresentativit\u00e0 su cui si \u00e8 sinora basata la loro composizione.<\/p>\n<p>Quando chi scrive si \u00e8 permesso di fare presenti queste criticit\u00e0 in sede di audizione presso la Commissione Affari Costituzionali del Senato si \u00e8 sentito rispondere che questo \u201cper\u00f2 \u00e8 un argomento che pu\u00f2 essere \u00abfacilmente\u00bb (basta averne la volont\u00e0) ricalibrato sulla base di alcune modifiche da apportare ai Regolamenti di Camera e Senato, che <em>nulla hanno a che vedere con la riforma costituzionale in questo momento oggetto di discussione<\/em>. Star\u00e0 poi ai parlamentari che verranno, che si troveranno ad avere un numero inferiore, decidere, mediante le modifiche regolamentari, come meglio articolare i lavori\u201d (on. Macina, seduta del 26 marzo 2019, corsivo mio).<\/p>\n<p>Ma siamo sicuri che \u201cl\u2019intendenza seguir\u00e0\u201d? E, se anche fosse, siamo sicuri che si riuscir\u00e0 in sede regolamentare a porre rimedio alle criticit\u00e0 sollevate?<\/p>\n<p>Chi scrive \u00e8 perfettamente consapevole del fatto che oggi come mai criticare la riduzione del numero dei parlamentari \u00e8 come offrire il petto al plotone d\u2019esecuzione. Eppure, come ho cercato di dimostrare, quella che apparentemente pu\u00f2 sembrare una mera questione di numeri e\/o di costi \u00e8 invece destinata a produrre effetti negativi di non poco conto, anche sul piano parlamentare, dai pi\u00f9 ignorati ma non per questo meno gravi.<\/p>\n<p>\u00a0<\/p>\n","protected":false},"excerpt":{"rendered":"<p>di\u00a0Salvatore Curreri Inutilmente si cercherebbe nella discussione sviluppatasi sulla riduzione del numero dei parlamentari un approfondimento degli effetti che tale riforma avrebbe sull\u2019organizzazione e sul funzionamento delle camere.<\/p>\n<div class='heateorSssClear'><\/div><div  class='heateor_sss_sharing_container heateor_sss_horizontal_sharing' data-heateor-sss-href='https:\/\/www.lacostituzione.info\/index.php\/2020\/02\/06\/gli-effetti-della-riduzione-dei-parlamentari-del-fare-riforme-senza-badare-alle-conseguenze\/'><div class='heateor_sss_sharing_title' style=\"font-weight:bold\" >Condividi!<\/div><div class=\"heateor_sss_sharing_ul\"><a aria-label=\"Facebook\" class=\"heateor_sss_facebook\" href=\"https:\/\/www.facebook.com\/sharer\/sharer.php?u=https%3A%2F%2Fwww.lacostituzione.info%2Findex.php%2F2020%2F02%2F06%2Fgli-effetti-della-riduzione-dei-parlamentari-del-fare-riforme-senza-badare-alle-conseguenze%2F\" title=\"Facebook\" rel=\"nofollow noopener\" target=\"_blank\" style=\"font-size:32px!important;box-shadow:none;display:inline-block;vertical-align:middle\"><span class=\"heateor_sss_svg\" style=\"background-color:#0765FE;width:35px;height:35px;display:inline-block;opacity:1;float:left;font-size:32px;box-shadow:none;display:inline-block;font-size:16px;padding:0 4px;vertical-align:middle;background-repeat:repeat;overflow:hidden;padding:0;cursor:pointer;box-sizing:content-box\"><svg style=\"display:block;\" focusable=\"false\" aria-hidden=\"true\" xmlns=\"http:\/\/www.w3.org\/2000\/svg\" width=\"100%\" height=\"100%\" viewBox=\"0 0 32 32\"><path fill=\"#fff\" d=\"M28 16c0-6.627-5.373-12-12-12S4 9.373 4 16c0 5.628 3.875 10.35 9.101 11.647v-7.98h-2.474V16H13.1v-1.58c0-4.085 1.849-5.978 5.859-5.978.76 0 2.072.15 2.608.298v3.325c-.283-.03-.775-.045-1.386-.045-1.967 0-2.728.745-2.728 2.683V16h3.92l-.673 3.667h-3.247v8.245C23.395 27.195 28 22.135 28 16Z\"><\/path><\/svg><\/span><\/a><a aria-label=\"Twitter\" class=\"heateor_sss_button_twitter\" href=\"https:\/\/twitter.com\/intent\/tweet?text=Gli%20effetti%20della%20riduzione%20dei%20parlamentari.%20Del%20fare%20riforme%20senza%20badare%20alle%20conseguenze.&url=https%3A%2F%2Fwww.lacostituzione.info%2Findex.php%2F2020%2F02%2F06%2Fgli-effetti-della-riduzione-dei-parlamentari-del-fare-riforme-senza-badare-alle-conseguenze%2F\" title=\"Twitter\" rel=\"nofollow noopener\" target=\"_blank\" style=\"font-size:32px!important;box-shadow:none;display:inline-block;vertical-align:middle\"><span class=\"heateor_sss_svg heateor_sss_s__default heateor_sss_s_twitter\" style=\"background-color:#55acee;width:35px;height:35px;display:inline-block;opacity:1;float:left;font-size:32px;box-shadow:none;display:inline-block;font-size:16px;padding:0 4px;vertical-align:middle;background-repeat:repeat;overflow:hidden;padding:0;cursor:pointer;box-sizing:content-box\"><svg style=\"display:block;\" focusable=\"false\" aria-hidden=\"true\" xmlns=\"http:\/\/www.w3.org\/2000\/svg\" width=\"100%\" height=\"100%\" viewBox=\"-4 -4 39 39\"><path d=\"M28 8.557a9.913 9.913 0 0 1-2.828.775 4.93 4.93 0 0 0 2.166-2.725 9.738 9.738 0 0 1-3.13 1.194 4.92 4.92 0 0 0-3.593-1.55 4.924 4.924 0 0 0-4.794 6.049c-4.09-.21-7.72-2.17-10.15-5.15a4.942 4.942 0 0 0-.665 2.477c0 1.71.87 3.214 2.19 4.1a4.968 4.968 0 0 1-2.23-.616v.06c0 2.39 1.7 4.38 3.952 4.83-.414.115-.85.174-1.297.174-.318 0-.626-.03-.928-.086a4.935 4.935 0 0 0 4.6 3.42 9.893 9.893 0 0 1-6.114 2.107c-.398 0-.79-.023-1.175-.068a13.953 13.953 0 0 0 7.55 2.213c9.056 0 14.01-7.507 14.01-14.013 0-.213-.005-.426-.015-.637.96-.695 1.795-1.56 2.455-2.55z\" fill=\"#fff\"><\/path><\/svg><\/span><\/a><a aria-label=\"Reddit\" class=\"heateor_sss_button_reddit\" href=\"https:\/\/reddit.com\/submit?url=https%3A%2F%2Fwww.lacostituzione.info%2Findex.php%2F2020%2F02%2F06%2Fgli-effetti-della-riduzione-dei-parlamentari-del-fare-riforme-senza-badare-alle-conseguenze%2F&title=Gli%20effetti%20della%20riduzione%20dei%20parlamentari.%20Del%20fare%20riforme%20senza%20badare%20alle%20conseguenze.\" title=\"Reddit\" rel=\"nofollow noopener\" target=\"_blank\" style=\"font-size:32px!important;box-shadow:none;display:inline-block;vertical-align:middle\"><span class=\"heateor_sss_svg heateor_sss_s__default heateor_sss_s_reddit\" style=\"background-color:#ff5700;width:35px;height:35px;display:inline-block;opacity:1;float:left;font-size:32px;box-shadow:none;display:inline-block;font-size:16px;padding:0 4px;vertical-align:middle;background-repeat:repeat;overflow:hidden;padding:0;cursor:pointer;box-sizing:content-box\"><svg style=\"display:block;\" focusable=\"false\" aria-hidden=\"true\" xmlns=\"http:\/\/www.w3.org\/2000\/svg\" width=\"100%\" height=\"100%\" viewBox=\"-3.5 -3.5 39 39\"><path d=\"M28.543 15.774a2.953 2.953 0 0 0-2.951-2.949 2.882 2.882 0 0 0-1.9.713 14.075 14.075 0 0 0-6.85-2.044l1.38-4.349 3.768.884a2.452 2.452 0 1 0 .24-1.176l-4.274-1a.6.6 0 0 0-.709.4l-1.659 5.224a14.314 14.314 0 0 0-7.316 2.029 2.908 2.908 0 0 0-1.872-.681 2.942 2.942 0 0 0-1.618 5.4 5.109 5.109 0 0 0-.062.765c0 4.158 5.037 7.541 11.229 7.541s11.22-3.383 11.22-7.541a5.2 5.2 0 0 0-.053-.706 2.963 2.963 0 0 0 1.427-2.51zm-18.008 1.88a1.753 1.753 0 0 1 1.73-1.74 1.73 1.73 0 0 1 1.709 1.74 1.709 1.709 0 0 1-1.709 1.711 1.733 1.733 0 0 1-1.73-1.711zm9.565 4.968a5.573 5.573 0 0 1-4.081 1.272h-.032a5.576 5.576 0 0 1-4.087-1.272.6.6 0 0 1 .844-.854 4.5 4.5 0 0 0 3.238.927h.032a4.5 4.5 0 0 0 3.237-.927.6.6 0 1 1 .844.854zm-.331-3.256a1.726 1.726 0 1 1 1.709-1.712 1.717 1.717 0 0 1-1.712 1.712z\" fill=\"#fff\"\/><\/svg><\/span><\/a><a aria-label=\"Linkedin\" class=\"heateor_sss_button_linkedin\" href=\"https:\/\/www.linkedin.com\/sharing\/share-offsite\/?url=https%3A%2F%2Fwww.lacostituzione.info%2Findex.php%2F2020%2F02%2F06%2Fgli-effetti-della-riduzione-dei-parlamentari-del-fare-riforme-senza-badare-alle-conseguenze%2F\" title=\"Linkedin\" rel=\"nofollow noopener\" target=\"_blank\" style=\"font-size:32px!important;box-shadow:none;display:inline-block;vertical-align:middle\"><span class=\"heateor_sss_svg heateor_sss_s__default heateor_sss_s_linkedin\" style=\"background-color:#0077b5;width:35px;height:35px;display:inline-block;opacity:1;float:left;font-size:32px;box-shadow:none;display:inline-block;font-size:16px;padding:0 4px;vertical-align:middle;background-repeat:repeat;overflow:hidden;padding:0;cursor:pointer;box-sizing:content-box\"><svg style=\"display:block;\" focusable=\"false\" aria-hidden=\"true\" xmlns=\"http:\/\/www.w3.org\/2000\/svg\" width=\"100%\" height=\"100%\" viewBox=\"0 0 32 32\"><path d=\"M6.227 12.61h4.19v13.48h-4.19V12.61zm2.095-6.7a2.43 2.43 0 0 1 0 4.86c-1.344 0-2.428-1.09-2.428-2.43s1.084-2.43 2.428-2.43m4.72 6.7h4.02v1.84h.058c.56-1.058 1.927-2.176 3.965-2.176 4.238 0 5.02 2.792 5.02 6.42v7.395h-4.183v-6.56c0-1.564-.03-3.574-2.178-3.574-2.18 0-2.514 1.7-2.514 3.46v6.668h-4.187V12.61z\" fill=\"#fff\"><\/path><\/svg><\/span><\/a><a aria-label=\"Pinterest\" class=\"heateor_sss_button_pinterest\" href=\"https:\/\/www.lacostituzione.info\/index.php\/2020\/02\/06\/gli-effetti-della-riduzione-dei-parlamentari-del-fare-riforme-senza-badare-alle-conseguenze\/\" onclick=\"event.preventDefault();javascript:void( (function() {var e=document.createElement('script' );e.setAttribute('type','text\/javascript' );e.setAttribute('charset','UTF-8' );e.setAttribute('src','\/\/assets.pinterest.com\/js\/pinmarklet.js?r='+Math.random()*99999999);document.body.appendChild(e)})());\" title=\"Pinterest\" rel=\"noopener\" style=\"font-size:32px!important;box-shadow:none;display:inline-block;vertical-align:middle\"><span class=\"heateor_sss_svg heateor_sss_s__default heateor_sss_s_pinterest\" style=\"background-color:#cc2329;width:35px;height:35px;display:inline-block;opacity:1;float:left;font-size:32px;box-shadow:none;display:inline-block;font-size:16px;padding:0 4px;vertical-align:middle;background-repeat:repeat;overflow:hidden;padding:0;cursor:pointer;box-sizing:content-box\"><svg style=\"display:block;\" focusable=\"false\" aria-hidden=\"true\" xmlns=\"http:\/\/www.w3.org\/2000\/svg\" width=\"100%\" height=\"100%\" viewBox=\"-2 -2 35 35\"><path fill=\"#fff\" d=\"M16.539 4.5c-6.277 0-9.442 4.5-9.442 8.253 0 2.272.86 4.293 2.705 5.046.303.125.574.005.662-.33.061-.231.205-.816.27-1.06.088-.331.053-.447-.191-.736-.532-.627-.873-1.439-.873-2.591 0-3.338 2.498-6.327 6.505-6.327 3.548 0 5.497 2.168 5.497 5.062 0 3.81-1.686 7.025-4.188 7.025-1.382 0-2.416-1.142-2.085-2.545.397-1.674 1.166-3.48 1.166-4.689 0-1.081-.581-1.983-1.782-1.983-1.413 0-2.548 1.462-2.548 3.419 0 1.247.421 2.091.421 2.091l-1.699 7.199c-.505 2.137-.076 4.755-.039 5.019.021.158.223.196.314.077.13-.17 1.813-2.247 2.384-4.324.162-.587.929-3.631.929-3.631.46.876 1.801 1.646 3.227 1.646 4.247 0 7.128-3.871 7.128-9.053.003-3.918-3.317-7.568-8.361-7.568z\"\/><\/svg><\/span><\/a><a aria-label=\"Whatsapp\" class=\"heateor_sss_whatsapp\" href=\"https:\/\/api.whatsapp.com\/send?text=Gli%20effetti%20della%20riduzione%20dei%20parlamentari.%20Del%20fare%20riforme%20senza%20badare%20alle%20conseguenze.%20https%3A%2F%2Fwww.lacostituzione.info%2Findex.php%2F2020%2F02%2F06%2Fgli-effetti-della-riduzione-dei-parlamentari-del-fare-riforme-senza-badare-alle-conseguenze%2F\" title=\"Whatsapp\" rel=\"nofollow noopener\" target=\"_blank\" style=\"font-size:32px!important;box-shadow:none;display:inline-block;vertical-align:middle\"><span class=\"heateor_sss_svg\" style=\"background-color:#55eb4c;width:35px;height:35px;display:inline-block;opacity:1;float:left;font-size:32px;box-shadow:none;display:inline-block;font-size:16px;padding:0 4px;vertical-align:middle;background-repeat:repeat;overflow:hidden;padding:0;cursor:pointer;box-sizing:content-box\"><svg style=\"display:block;\" focusable=\"false\" aria-hidden=\"true\" xmlns=\"http:\/\/www.w3.org\/2000\/svg\" width=\"100%\" height=\"100%\" viewBox=\"-6 -5 40 40\"><path class=\"heateor_sss_svg_stroke heateor_sss_no_fill\" stroke=\"#fff\" stroke-width=\"2\" fill=\"none\" d=\"M 11.579798566743314 24.396926207859085 A 10 10 0 1 0 6.808479557110079 20.73576436351046\"><\/path><path d=\"M 7 19 l -1 6 l 6 -1\" class=\"heateor_sss_no_fill heateor_sss_svg_stroke\" stroke=\"#fff\" stroke-width=\"2\" fill=\"none\"><\/path><path d=\"M 10 10 q -1 8 8 11 c 5 -1 0 -6 -1 -3 q -4 -3 -5 -5 c 4 -2 -1 -5 -1 -4\" fill=\"#fff\"><\/path><\/svg><\/span><\/a><\/div><div class=\"heateorSssClear\"><\/div><\/div><div class='heateorSssClear'><\/div>","protected":false},"author":13,"featured_media":0,"comment_status":"open","ping_status":"open","sticky":false,"template":"","format":"standard","meta":{"jetpack_post_was_ever_published":false,"_jetpack_newsletter_access":"","_jetpack_dont_email_post_to_subs":false,"_jetpack_newsletter_tier_id":0,"_jetpack_memberships_contains_paywalled_content":false,"_jetpack_memberships_contains_paid_content":false,"footnotes":"","jetpack_publicize_message":"","jetpack_publicize_feature_enabled":true,"jetpack_social_post_already_shared":false,"jetpack_social_options":{"image_generator_settings":{"template":"highway","default_image_id":0,"enabled":false},"version":2}},"categories":[4],"tags":[1419,315,113],"class_list":["post-6801","post","type-post","status-publish","format-standard","hentry","category-attualita","tag-commissioni-parlamentari","tag-gruppi-parlamentari","tag-parlamento"],"jetpack_publicize_connections":[],"jetpack_featured_media_url":"","jetpack_shortlink":"https:\/\/wp.me\/p84sDq-1LH","jetpack_likes_enabled":true,"jetpack_sharing_enabled":true,"_links":{"self":[{"href":"https:\/\/www.lacostituzione.info\/index.php\/wp-json\/wp\/v2\/posts\/6801","targetHints":{"allow":["GET"]}}],"collection":[{"href":"https:\/\/www.lacostituzione.info\/index.php\/wp-json\/wp\/v2\/posts"}],"about":[{"href":"https:\/\/www.lacostituzione.info\/index.php\/wp-json\/wp\/v2\/types\/post"}],"author":[{"embeddable":true,"href":"https:\/\/www.lacostituzione.info\/index.php\/wp-json\/wp\/v2\/users\/13"}],"replies":[{"embeddable":true,"href":"https:\/\/www.lacostituzione.info\/index.php\/wp-json\/wp\/v2\/comments?post=6801"}],"version-history":[{"count":0,"href":"https:\/\/www.lacostituzione.info\/index.php\/wp-json\/wp\/v2\/posts\/6801\/revisions"}],"wp:attachment":[{"href":"https:\/\/www.lacostituzione.info\/index.php\/wp-json\/wp\/v2\/media?parent=6801"}],"wp:term":[{"taxonomy":"category","embeddable":true,"href":"https:\/\/www.lacostituzione.info\/index.php\/wp-json\/wp\/v2\/categories?post=6801"},{"taxonomy":"post_tag","embeddable":true,"href":"https:\/\/www.lacostituzione.info\/index.php\/wp-json\/wp\/v2\/tags?post=6801"}],"curies":[{"name":"wp","href":"https:\/\/api.w.org\/{rel}","templated":true}]}}