{"id":6804,"date":"2020-02-10T11:25:02","date_gmt":"2020-02-10T10:25:02","guid":{"rendered":"http:\/\/www.lacostituzione.info\/?p=6804"},"modified":"2020-02-13T16:12:15","modified_gmt":"2020-02-13T15:12:15","slug":"le-regioni-dopo-le-elezioni-dove-si-va","status":"publish","type":"post","link":"https:\/\/www.lacostituzione.info\/index.php\/2020\/02\/10\/le-regioni-dopo-le-elezioni-dove-si-va\/","title":{"rendered":"Le regioni dopo le elezioni: dove si va?"},"content":{"rendered":"\n<p style=\"text-align: center;\">di <strong><abbr class='c2c-text-hover' title='Professore ordinario di Diritto costituzionale - Universit\u00e0 di Ferrara'>Roberto Bin<\/abbr>*<a href=\"http:\/\/www.lacostituzione.info\/wp-content\/uploads\/2016\/10\/image-5.jpeg\"><img loading=\"lazy\" decoding=\"async\" data-attachment-id=\"685\" data-permalink=\"https:\/\/www.lacostituzione.info\/index.php\/2020\/02\/10\/le-regioni-dopo-le-elezioni-dove-si-va\/image-27\/#main\" data-orig-file=\"https:\/\/www.lacostituzione.info\/wp-content\/uploads\/2016\/10\/image-5.jpeg\" data-orig-size=\"1056,1103\" data-comments-opened=\"1\" data-image-meta=\"{&quot;aperture&quot;:&quot;0&quot;,&quot;credit&quot;:&quot;&quot;,&quot;camera&quot;:&quot;&quot;,&quot;caption&quot;:&quot;&quot;,&quot;created_timestamp&quot;:&quot;0&quot;,&quot;copyright&quot;:&quot;&quot;,&quot;focal_length&quot;:&quot;0&quot;,&quot;iso&quot;:&quot;0&quot;,&quot;shutter_speed&quot;:&quot;0&quot;,&quot;title&quot;:&quot;&quot;,&quot;orientation&quot;:&quot;0&quot;}\" data-image-title=\"image\" data-image-description=\"\" data-image-caption=\"\" data-medium-file=\"https:\/\/www.lacostituzione.info\/wp-content\/uploads\/2016\/10\/image-5-287x300.jpeg\" data-large-file=\"https:\/\/www.lacostituzione.info\/wp-content\/uploads\/2016\/10\/image-5-980x1024.jpeg\" class=\"size-thumbnail wp-image-685 aligncenter\" src=\"http:\/\/www.lacostituzione.info\/wp-content\/uploads\/2016\/10\/image-5-150x150.jpeg\" alt=\"\" width=\"150\" height=\"150\" \/><\/a><\/strong><\/p>\n<p>Da un po\u2019 di anni le regioni vanno al voto alla spicciolata. Le elezioni regionali rischiano perci\u00f2 di diventare un sondaggio permanente sullo stato della politica nazionale, <!--more-->e questo spinge in secondo piano le tematiche locali e la verifica dell\u2019attivit\u00e0 svolta dal governo regionale. Capita che qualche elezione cada in un periodo caldo per la politica nazionale, e di conseguenza la campagna elettorale diventi incandescente, l\u2019occasione per uno scontro frontale tra forze che non necessariamente fanno riferimento al territorio regionale. Era gi\u00e0 capitato con le elezioni di ottobre in Umbria, ed \u00e8 ricapitato in Emilia-Romagna quest\u2019anno. Ma con una differenza importante che ha colpito l\u2019attenzione di tutti: mentre il Presidente regionale uscente ha sostenuto la ricandidatura esaltando la buona <em>performance<\/em> della sua amministrazione, la sua avversaria \u00e8 stata totalmente messa in ombra da una campagna durissima svolta in prima persona dal segretario nazionale del suo partito, ovviamente guardando a temi di politica generale in nulla connessi con l\u2019azione o con i programmi della Regione. I ferri dei contendenti non si sono mai incrociati.<\/p>\n<p>Il dato pi\u00f9 interessante \u00e8 che per\u00f2 gli elettori sembrano essersi accorti di ci\u00f2. I risultati elettorali sono resi evidenti per il fatto che in Emilia-Romagna la legge elettorale prevede lo <em>splitting<\/em>, il voto disgiunto: esso ha premiato il Presidente uscente ben al di l\u00e0 dei risultati del suo schieramento politico. Sembra che gli elettori abbiano voluto premiarlo per non aver trasferito la campagna elettorale sul piano dello scontro politico <em>tout court.<\/em><\/p>\n<p>Concretezza e pacatezza sembrano le qualit\u00e0 apprezzate dagli elettori e di cui la Regione Emilia-Romagna ha sempre menato vanto. Anche nelle note vicende dell\u2019attuazione dell\u2019art. 116.3 Cost., la c.d. \u201cautonomia differenziata\u201d, la Regione, pur essendo stata a fianco del Veneto e della Lombardia nella rivendicazione delle \u00abmaggiori autonomie\u00bb, ha preferito assumere una posizione pi\u00f9 \u201cdialogante\u201d e contenere le funzioni (e i finanziamenti) da richiedere. Queste qualit\u00e0 sembrano appartenere allo \u201cstile\u201d dell\u2019Emilia-Romagna, che ha portato a risultati importanti come il <em>Patto per il lavoro<\/em> stipulato nel 2015 con tutte le istituzioni, le parti sociali e le componenti della societ\u00e0 regionale per il rilancio dell\u2019economia: ad esso si fanno risalire le ottime <em>performance<\/em> dell\u2019economia regionale, per cui \u00e8 comprensibile che sia stato spesso richiamato nel corso della campagna elettorale.<\/p>\n<p>Siamo nell\u2019anno dell\u2019anniversario dell\u2019istituzione delle regioni ordinarie, avviata con la prima elezione dei consigli regionali nel 1970. Anno di bilanci, dunque, ma anche \u2013 si spera \u2013 di riflessione sulle prospettive. \u00c8 anche il momento di verificare quali dei presupposti su cui le regioni sono state ideate sia ancora attuale e quali invece sono cambiati. Per quale motivo l\u2019Assemblea costituente si \u00e8 letteralmente inventata un\u2019organizzazione regionale dello Stato, che non esisteva in nessun\u2019altra parte del mondo? Perch\u00e9, nell\u2019incertezza dei destini politici dell\u2019Italia, i grandi partiti hanno ritenuto prudente preservarsi uno spazio politico di autonomia nei territori in cui erano storicamente radicati (\u201cregioni rosse\u201d e quelle \u201cbianche\u201d, per intenderci): l\u00ec avrebbero potuto arroccarsi in caso di sconfitta nelle elezioni nazionali, sviluppando una propria classe politica e amministrativa, dimostrando di essere capaci di buona amministrazione, migliore di quella statale. Tutta la costituzione \u00e8 stata perci\u00f2 disegnata per consentire alle regioni quell\u2019autonomia politica che ai comuni, per esempio, non era possibile accordare, incastrati come erano (e lo sono stati sino agli anni \u201990, quando l\u2019elezione diretta dei sindaci ha iniziato a cambiare le cose) nella piramide centralistica dell\u2019amministrazione pubblica: poter approvare proprie leggi serviva a staccare l\u2019amministrazione regionale da quella statale e dal governo nazionale.<\/p>\n<p>Oggi le cose sono completamente cambiate. Non esistono pi\u00f9 i blocchi internazionali n\u00e9 la guerra fredda; non esiste pi\u00f9 il pericolo che un partito che non sta al governo venga cancellato dalla carta politica del paese; l\u2019autonomia legislativa delle regioni ha mostrato di esserci pi\u00f9 sulla carta che nella realt\u00e0. I problemi importanti non possono essere risolti con 22 leggi diverse e senza una cornice nazionale e europea; e poi poco \u00e8 lo spazio di autonomia consentito dal peso della legislazione statale e dall\u2019occhiuto controllo esercitato dalle burocrazie ministeriali. Ma, se \u00e8 vero che l\u2019attribuzione di autonomia <em>legislativa<\/em> aveva trovato la sua causa nel bisogno di preservare l\u2019autonomia <em>politica<\/em> dei territori, c\u2019\u00e8 da chiedersi a cosa serva oggi, essendo la realt\u00e0 politica totalmente mutata: le antiche diffidenze e le preoccupazioni di allora oggi non hanno pi\u00f9 senso. Gli antichi muri sono stati abbattuti e nessuno minaccia di \u201ceradicare\u201d l\u2019avversario politico dal panorama nazionale; il tessuto delle amministrazioni locali \u00e8 esteso e fortissimo, costituisce il luogo in cui per lo pi\u00f9 si forma la classe politica di tutti gli schieramenti; l\u2019amministrazione regionale non \u00e8 cresciuta in opposizione alle burocrazie statali, ma in rapporto di stretta (forse persino troppo stretta) e quotidiana collaborazione: e allora a che serve che la Regione intervenga con legge? Se poche sono le leggi regionali importanti e innovative (perch\u00e9 l\u2019innovazione rischia di essere immediatamente bocciata dallo Stato), forse l\u2019indice dell\u2019autonomia politica dei territori non va ricercato nella produzione normativa, ma altrove. \u00c8 un altrove che ci porta direttamente alla dimensione politica dell\u2019attivit\u00e0 regionale, interpretata non pi\u00f9 in opposizione all\u2019indirizzo politico statale (come \u00e8 concepito nel rapporto conflittuale tra leggi, secondo lo schema costituzionale), ma nel quadro di una stretta collaborazione. Essa \u00e8 gi\u00e0 molto intensa: talvolta si esprime in accordi generali, com\u2019\u00e8 stato di recente (dicembre 2019) il <em>Patto per la salute<\/em> o pochi mesi prima (aprile 2019) l\u2019intesa tra ministero del Lavoro e regioni sui centri per l\u2019impiego; pi\u00f9 spesso attraverso accordi stretti dal Governo con singole regioni, che servono a spianare la strada a interventi coordinati per affrontare problemi che impongono il concorso dei diversi livelli di governo (si pensi, ad esempio, alla promozione della sicurezza integrata, oppure alla realizzazione di opere pubbliche o del sistema dei trasporti). Le leggi servono a poco, se non a introdurre accordi, intese, patti tra la regione e le amministrazioni dello Stato, gli organismi scolastici, le universit\u00e0 e le strutture sanitarie, le amministrazioni locali, le parti sociali e cos\u00ec via. Il \u201cmodello emiliano\u201d mostra di essere perfettamente calzante a questo tipo di regionalismo.<\/p>\n<p>Anche il problema della c.d. \u201cautonomia differenziata\u201d (l\u2019attuazione dell\u2019art. 116.3 Cost.) dovrebbe forse essere rivisto in questa chiave. L\u2019approccio imposto dal Veneto, recepito dalla Lombardia e solo in parte seguito dall\u2019Emilia-Romagna pu\u00f2 sembrare, nella prospettiva qui delineata, male impostato. L\u2019idea che si possa approdare a un regionalismo differenziato attraverso il trasferimento di un certo numero di funzioni amministrative, puntigliosamente elencate, e che ci\u00f2 possa spostare qualcosa nel sistema di finanziamento della Regione che le ottiene, \u00e8 allo stesso tempo un\u2019idea vecchia \u2013 sarebbe l\u2019ennesimo atto di trasferimento delle funzioni secondo lo schema gi\u00e0 applicato pi\u00f9 volte in passato \u2013 e poco rispettosa della lettera della disposizione costituzionale: che non di \u00abnuove funzioni amministrative\u00bb parla, ma di \u00ab<em>ulteriori forme e condizioni particolari di autonomia<\/em>\u00bb. All\u2019autonomia regionale \u201cstandard\u201d, quella definita dall\u2019art. 117 Cost. (nel cui ambito si \u00e8 svolta l\u2019opera di trasferimento delle funzioni amministrative in passato, e si potr\u00e0 forse svolgere nuovamente in futuro), pu\u00f2 affiancarsi un\u2019autonomia modellata in forme \u00abnuove\u00bb e \u00abparticolari\u00bb proprio perch\u00e9 orientate ad incentivare e rendere stabile la collaborazione politica tra la Regione e lo Stato, particolarmente intensa in determinate materie che caratterizzano gli interessi, il territorio, l\u2019economia regionale: rispetto alle quali le Regioni possono chiedere aperture di autonomia (anche legislativa) derogatorie rispetto all\u2019assetto \u201cstandard\u201d delle competenze, compartecipazione alle decisioni delle amministrazioni statali, contrattazione dei modi in cui il Governo svolge la sua funzione di controllo sulle leggi e sull\u2019attivit\u00e0 amministrativa della Regione.<\/p>\n<p>Potrebbe servire una legge di attuazione dell\u2019art. 116.3, che predisponga un quadro di strumenti di collaborazione \u201cazionabili\u201d dalle intese con la singola Regione: magari disciplinando quei tratti della collaborazione interistituzionale che ancora non sono chiari e fissando in essa gli strumenti di tutela degli interessi unitari e dei diritti dei cittadini, che devono essere comunque tutelati. Perch\u00e9 questo dovrebbe essere il primo compito dello Stato.<\/p>\n<p>* Questo articolo \u00e8 destinato a\u00a0<a href=\"http:\/\/www.cantierebologna.com\"><em>Cantiere Bologna<\/em><\/a>, un nuovo giornale di dibattito politico. Una versione pi\u00e0 estesa costituisce l&#8217;<em>Editoriale<\/em> del fascicolo 5-6\/2019 di\u00a0<em>Le regioni<\/em>.<\/p>\n<p>\u00a0<\/p>\n","protected":false},"excerpt":{"rendered":"<p>di <abbr class='c2c-text-hover' title='Professore ordinario di Diritto costituzionale - Universit\u00e0 di Ferrara'>Roberto Bin<\/abbr>* Da un po\u2019 di anni le regioni vanno al voto alla spicciolata. Le elezioni regionali rischiano perci\u00f2 di diventare un sondaggio permanente sullo stato della politica nazionale,<\/p>\n<div class='heateorSssClear'><\/div><div  class='heateor_sss_sharing_container heateor_sss_horizontal_sharing' data-heateor-sss-href='https:\/\/www.lacostituzione.info\/index.php\/2020\/02\/10\/le-regioni-dopo-le-elezioni-dove-si-va\/'><div class='heateor_sss_sharing_title' style=\"font-weight:bold\" >Condividi!<\/div><div class=\"heateor_sss_sharing_ul\"><a aria-label=\"Facebook\" class=\"heateor_sss_facebook\" href=\"https:\/\/www.facebook.com\/sharer\/sharer.php?u=https%3A%2F%2Fwww.lacostituzione.info%2Findex.php%2F2020%2F02%2F10%2Fle-regioni-dopo-le-elezioni-dove-si-va%2F\" title=\"Facebook\" rel=\"nofollow noopener\" target=\"_blank\" style=\"font-size:32px!important;box-shadow:none;display:inline-block;vertical-align:middle\"><span class=\"heateor_sss_svg\" style=\"background-color:#0765FE;width:35px;height:35px;display:inline-block;opacity:1;float:left;font-size:32px;box-shadow:none;display:inline-block;font-size:16px;padding:0 4px;vertical-align:middle;background-repeat:repeat;overflow:hidden;padding:0;cursor:pointer;box-sizing:content-box\"><svg style=\"display:block;\" focusable=\"false\" aria-hidden=\"true\" xmlns=\"http:\/\/www.w3.org\/2000\/svg\" width=\"100%\" height=\"100%\" viewBox=\"0 0 32 32\"><path fill=\"#fff\" d=\"M28 16c0-6.627-5.373-12-12-12S4 9.373 4 16c0 5.628 3.875 10.35 9.101 11.647v-7.98h-2.474V16H13.1v-1.58c0-4.085 1.849-5.978 5.859-5.978.76 0 2.072.15 2.608.298v3.325c-.283-.03-.775-.045-1.386-.045-1.967 0-2.728.745-2.728 2.683V16h3.92l-.673 3.667h-3.247v8.245C23.395 27.195 28 22.135 28 16Z\"><\/path><\/svg><\/span><\/a><a aria-label=\"Twitter\" class=\"heateor_sss_button_twitter\" href=\"https:\/\/twitter.com\/intent\/tweet?text=Le%20regioni%20dopo%20le%20elezioni%3A%20dove%20si%20va%3F&url=https%3A%2F%2Fwww.lacostituzione.info%2Findex.php%2F2020%2F02%2F10%2Fle-regioni-dopo-le-elezioni-dove-si-va%2F\" title=\"Twitter\" rel=\"nofollow noopener\" target=\"_blank\" style=\"font-size:32px!important;box-shadow:none;display:inline-block;vertical-align:middle\"><span class=\"heateor_sss_svg heateor_sss_s__default heateor_sss_s_twitter\" style=\"background-color:#55acee;width:35px;height:35px;display:inline-block;opacity:1;float:left;font-size:32px;box-shadow:none;display:inline-block;font-size:16px;padding:0 4px;vertical-align:middle;background-repeat:repeat;overflow:hidden;padding:0;cursor:pointer;box-sizing:content-box\"><svg style=\"display:block;\" focusable=\"false\" aria-hidden=\"true\" xmlns=\"http:\/\/www.w3.org\/2000\/svg\" width=\"100%\" height=\"100%\" viewBox=\"-4 -4 39 39\"><path d=\"M28 8.557a9.913 9.913 0 0 1-2.828.775 4.93 4.93 0 0 0 2.166-2.725 9.738 9.738 0 0 1-3.13 1.194 4.92 4.92 0 0 0-3.593-1.55 4.924 4.924 0 0 0-4.794 6.049c-4.09-.21-7.72-2.17-10.15-5.15a4.942 4.942 0 0 0-.665 2.477c0 1.71.87 3.214 2.19 4.1a4.968 4.968 0 0 1-2.23-.616v.06c0 2.39 1.7 4.38 3.952 4.83-.414.115-.85.174-1.297.174-.318 0-.626-.03-.928-.086a4.935 4.935 0 0 0 4.6 3.42 9.893 9.893 0 0 1-6.114 2.107c-.398 0-.79-.023-1.175-.068a13.953 13.953 0 0 0 7.55 2.213c9.056 0 14.01-7.507 14.01-14.013 0-.213-.005-.426-.015-.637.96-.695 1.795-1.56 2.455-2.55z\" fill=\"#fff\"><\/path><\/svg><\/span><\/a><a aria-label=\"Reddit\" class=\"heateor_sss_button_reddit\" href=\"https:\/\/reddit.com\/submit?url=https%3A%2F%2Fwww.lacostituzione.info%2Findex.php%2F2020%2F02%2F10%2Fle-regioni-dopo-le-elezioni-dove-si-va%2F&title=Le%20regioni%20dopo%20le%20elezioni%3A%20dove%20si%20va%3F\" title=\"Reddit\" rel=\"nofollow noopener\" target=\"_blank\" style=\"font-size:32px!important;box-shadow:none;display:inline-block;vertical-align:middle\"><span class=\"heateor_sss_svg heateor_sss_s__default heateor_sss_s_reddit\" style=\"background-color:#ff5700;width:35px;height:35px;display:inline-block;opacity:1;float:left;font-size:32px;box-shadow:none;display:inline-block;font-size:16px;padding:0 4px;vertical-align:middle;background-repeat:repeat;overflow:hidden;padding:0;cursor:pointer;box-sizing:content-box\"><svg style=\"display:block;\" focusable=\"false\" aria-hidden=\"true\" xmlns=\"http:\/\/www.w3.org\/2000\/svg\" width=\"100%\" height=\"100%\" viewBox=\"-3.5 -3.5 39 39\"><path d=\"M28.543 15.774a2.953 2.953 0 0 0-2.951-2.949 2.882 2.882 0 0 0-1.9.713 14.075 14.075 0 0 0-6.85-2.044l1.38-4.349 3.768.884a2.452 2.452 0 1 0 .24-1.176l-4.274-1a.6.6 0 0 0-.709.4l-1.659 5.224a14.314 14.314 0 0 0-7.316 2.029 2.908 2.908 0 0 0-1.872-.681 2.942 2.942 0 0 0-1.618 5.4 5.109 5.109 0 0 0-.062.765c0 4.158 5.037 7.541 11.229 7.541s11.22-3.383 11.22-7.541a5.2 5.2 0 0 0-.053-.706 2.963 2.963 0 0 0 1.427-2.51zm-18.008 1.88a1.753 1.753 0 0 1 1.73-1.74 1.73 1.73 0 0 1 1.709 1.74 1.709 1.709 0 0 1-1.709 1.711 1.733 1.733 0 0 1-1.73-1.711zm9.565 4.968a5.573 5.573 0 0 1-4.081 1.272h-.032a5.576 5.576 0 0 1-4.087-1.272.6.6 0 0 1 .844-.854 4.5 4.5 0 0 0 3.238.927h.032a4.5 4.5 0 0 0 3.237-.927.6.6 0 1 1 .844.854zm-.331-3.256a1.726 1.726 0 1 1 1.709-1.712 1.717 1.717 0 0 1-1.712 1.712z\" fill=\"#fff\"\/><\/svg><\/span><\/a><a aria-label=\"Linkedin\" class=\"heateor_sss_button_linkedin\" href=\"https:\/\/www.linkedin.com\/sharing\/share-offsite\/?url=https%3A%2F%2Fwww.lacostituzione.info%2Findex.php%2F2020%2F02%2F10%2Fle-regioni-dopo-le-elezioni-dove-si-va%2F\" title=\"Linkedin\" rel=\"nofollow noopener\" target=\"_blank\" style=\"font-size:32px!important;box-shadow:none;display:inline-block;vertical-align:middle\"><span class=\"heateor_sss_svg heateor_sss_s__default heateor_sss_s_linkedin\" style=\"background-color:#0077b5;width:35px;height:35px;display:inline-block;opacity:1;float:left;font-size:32px;box-shadow:none;display:inline-block;font-size:16px;padding:0 4px;vertical-align:middle;background-repeat:repeat;overflow:hidden;padding:0;cursor:pointer;box-sizing:content-box\"><svg style=\"display:block;\" focusable=\"false\" aria-hidden=\"true\" xmlns=\"http:\/\/www.w3.org\/2000\/svg\" width=\"100%\" height=\"100%\" viewBox=\"0 0 32 32\"><path d=\"M6.227 12.61h4.19v13.48h-4.19V12.61zm2.095-6.7a2.43 2.43 0 0 1 0 4.86c-1.344 0-2.428-1.09-2.428-2.43s1.084-2.43 2.428-2.43m4.72 6.7h4.02v1.84h.058c.56-1.058 1.927-2.176 3.965-2.176 4.238 0 5.02 2.792 5.02 6.42v7.395h-4.183v-6.56c0-1.564-.03-3.574-2.178-3.574-2.18 0-2.514 1.7-2.514 3.46v6.668h-4.187V12.61z\" fill=\"#fff\"><\/path><\/svg><\/span><\/a><a aria-label=\"Pinterest\" class=\"heateor_sss_button_pinterest\" href=\"https:\/\/www.lacostituzione.info\/index.php\/2020\/02\/10\/le-regioni-dopo-le-elezioni-dove-si-va\/\" onclick=\"event.preventDefault();javascript:void( (function() {var e=document.createElement('script' );e.setAttribute('type','text\/javascript' );e.setAttribute('charset','UTF-8' );e.setAttribute('src','\/\/assets.pinterest.com\/js\/pinmarklet.js?r='+Math.random()*99999999);document.body.appendChild(e)})());\" title=\"Pinterest\" rel=\"noopener\" style=\"font-size:32px!important;box-shadow:none;display:inline-block;vertical-align:middle\"><span class=\"heateor_sss_svg heateor_sss_s__default heateor_sss_s_pinterest\" style=\"background-color:#cc2329;width:35px;height:35px;display:inline-block;opacity:1;float:left;font-size:32px;box-shadow:none;display:inline-block;font-size:16px;padding:0 4px;vertical-align:middle;background-repeat:repeat;overflow:hidden;padding:0;cursor:pointer;box-sizing:content-box\"><svg style=\"display:block;\" focusable=\"false\" aria-hidden=\"true\" xmlns=\"http:\/\/www.w3.org\/2000\/svg\" width=\"100%\" height=\"100%\" viewBox=\"-2 -2 35 35\"><path fill=\"#fff\" d=\"M16.539 4.5c-6.277 0-9.442 4.5-9.442 8.253 0 2.272.86 4.293 2.705 5.046.303.125.574.005.662-.33.061-.231.205-.816.27-1.06.088-.331.053-.447-.191-.736-.532-.627-.873-1.439-.873-2.591 0-3.338 2.498-6.327 6.505-6.327 3.548 0 5.497 2.168 5.497 5.062 0 3.81-1.686 7.025-4.188 7.025-1.382 0-2.416-1.142-2.085-2.545.397-1.674 1.166-3.48 1.166-4.689 0-1.081-.581-1.983-1.782-1.983-1.413 0-2.548 1.462-2.548 3.419 0 1.247.421 2.091.421 2.091l-1.699 7.199c-.505 2.137-.076 4.755-.039 5.019.021.158.223.196.314.077.13-.17 1.813-2.247 2.384-4.324.162-.587.929-3.631.929-3.631.46.876 1.801 1.646 3.227 1.646 4.247 0 7.128-3.871 7.128-9.053.003-3.918-3.317-7.568-8.361-7.568z\"\/><\/svg><\/span><\/a><a aria-label=\"Whatsapp\" class=\"heateor_sss_whatsapp\" href=\"https:\/\/api.whatsapp.com\/send?text=Le%20regioni%20dopo%20le%20elezioni%3A%20dove%20si%20va%3F%20https%3A%2F%2Fwww.lacostituzione.info%2Findex.php%2F2020%2F02%2F10%2Fle-regioni-dopo-le-elezioni-dove-si-va%2F\" title=\"Whatsapp\" rel=\"nofollow noopener\" target=\"_blank\" style=\"font-size:32px!important;box-shadow:none;display:inline-block;vertical-align:middle\"><span class=\"heateor_sss_svg\" style=\"background-color:#55eb4c;width:35px;height:35px;display:inline-block;opacity:1;float:left;font-size:32px;box-shadow:none;display:inline-block;font-size:16px;padding:0 4px;vertical-align:middle;background-repeat:repeat;overflow:hidden;padding:0;cursor:pointer;box-sizing:content-box\"><svg style=\"display:block;\" focusable=\"false\" aria-hidden=\"true\" xmlns=\"http:\/\/www.w3.org\/2000\/svg\" width=\"100%\" height=\"100%\" viewBox=\"-6 -5 40 40\"><path class=\"heateor_sss_svg_stroke heateor_sss_no_fill\" stroke=\"#fff\" stroke-width=\"2\" fill=\"none\" d=\"M 11.579798566743314 24.396926207859085 A 10 10 0 1 0 6.808479557110079 20.73576436351046\"><\/path><path d=\"M 7 19 l -1 6 l 6 -1\" class=\"heateor_sss_no_fill heateor_sss_svg_stroke\" stroke=\"#fff\" stroke-width=\"2\" fill=\"none\"><\/path><path d=\"M 10 10 q -1 8 8 11 c 5 -1 0 -6 -1 -3 q -4 -3 -5 -5 c 4 -2 -1 -5 -1 -4\" fill=\"#fff\"><\/path><\/svg><\/span><\/a><\/div><div class=\"heateorSssClear\"><\/div><\/div><div class='heateorSssClear'><\/div>","protected":false},"author":3,"featured_media":0,"comment_status":"open","ping_status":"open","sticky":false,"template":"","format":"standard","meta":{"jetpack_post_was_ever_published":false,"_jetpack_newsletter_access":"","_jetpack_dont_email_post_to_subs":false,"_jetpack_newsletter_tier_id":0,"_jetpack_memberships_contains_paywalled_content":false,"_jetpack_memberships_contains_paid_content":false,"footnotes":"","jetpack_publicize_message":"","jetpack_publicize_feature_enabled":true,"jetpack_social_post_already_shared":false,"jetpack_social_options":{"image_generator_settings":{"template":"highway","default_image_id":0,"enabled":false},"version":2}},"categories":[12],"tags":[1347,1376,21],"class_list":["post-6804","post","type-post","status-publish","format-standard","hentry","category-editoriale","tag-elezioni-regionali","tag-maggiori-autonomie","tag-regioni"],"jetpack_publicize_connections":[],"jetpack_featured_media_url":"","jetpack_shortlink":"https:\/\/wp.me\/p84sDq-1LK","jetpack_likes_enabled":true,"jetpack_sharing_enabled":true,"_links":{"self":[{"href":"https:\/\/www.lacostituzione.info\/index.php\/wp-json\/wp\/v2\/posts\/6804","targetHints":{"allow":["GET"]}}],"collection":[{"href":"https:\/\/www.lacostituzione.info\/index.php\/wp-json\/wp\/v2\/posts"}],"about":[{"href":"https:\/\/www.lacostituzione.info\/index.php\/wp-json\/wp\/v2\/types\/post"}],"author":[{"embeddable":true,"href":"https:\/\/www.lacostituzione.info\/index.php\/wp-json\/wp\/v2\/users\/3"}],"replies":[{"embeddable":true,"href":"https:\/\/www.lacostituzione.info\/index.php\/wp-json\/wp\/v2\/comments?post=6804"}],"version-history":[{"count":0,"href":"https:\/\/www.lacostituzione.info\/index.php\/wp-json\/wp\/v2\/posts\/6804\/revisions"}],"wp:attachment":[{"href":"https:\/\/www.lacostituzione.info\/index.php\/wp-json\/wp\/v2\/media?parent=6804"}],"wp:term":[{"taxonomy":"category","embeddable":true,"href":"https:\/\/www.lacostituzione.info\/index.php\/wp-json\/wp\/v2\/categories?post=6804"},{"taxonomy":"post_tag","embeddable":true,"href":"https:\/\/www.lacostituzione.info\/index.php\/wp-json\/wp\/v2\/tags?post=6804"}],"curies":[{"name":"wp","href":"https:\/\/api.w.org\/{rel}","templated":true}]}}