{"id":6816,"date":"2020-02-15T15:48:59","date_gmt":"2020-02-15T14:48:59","guid":{"rendered":"http:\/\/www.lacostituzione.info\/?p=6816"},"modified":"2020-02-18T15:34:13","modified_gmt":"2020-02-18T14:34:13","slug":"ricalcolo-dei-vitalizi-e-autodichia-anche-i-parlamentari-hanno-diritto-ad-un-giudice","status":"publish","type":"post","link":"https:\/\/www.lacostituzione.info\/index.php\/2020\/02\/15\/ricalcolo-dei-vitalizi-e-autodichia-anche-i-parlamentari-hanno-diritto-ad-un-giudice\/","title":{"rendered":"Ricalcolo dei vitalizi e autodichia: anche i parlamentari hanno diritto ad un giudice"},"content":{"rendered":"\n<p style=\"text-align: center;\">di <strong>Alessandro Gigliotti*<a href=\"http:\/\/www.lacostituzione.info\/wp-content\/uploads\/2020\/02\/vitalizi.jpg\"><img loading=\"lazy\" decoding=\"async\" data-attachment-id=\"6817\" data-permalink=\"https:\/\/www.lacostituzione.info\/index.php\/2020\/02\/15\/ricalcolo-dei-vitalizi-e-autodichia-anche-i-parlamentari-hanno-diritto-ad-un-giudice\/vitalizi\/#main\" data-orig-file=\"https:\/\/www.lacostituzione.info\/wp-content\/uploads\/2020\/02\/vitalizi.jpg\" data-orig-size=\"300,225\" data-comments-opened=\"1\" data-image-meta=\"{&quot;aperture&quot;:&quot;0&quot;,&quot;credit&quot;:&quot;&quot;,&quot;camera&quot;:&quot;&quot;,&quot;caption&quot;:&quot;&quot;,&quot;created_timestamp&quot;:&quot;0&quot;,&quot;copyright&quot;:&quot;&quot;,&quot;focal_length&quot;:&quot;0&quot;,&quot;iso&quot;:&quot;0&quot;,&quot;shutter_speed&quot;:&quot;0&quot;,&quot;title&quot;:&quot;&quot;,&quot;orientation&quot;:&quot;0&quot;}\" data-image-title=\"vitalizi\" data-image-description=\"\" data-image-caption=\"\" data-medium-file=\"https:\/\/www.lacostituzione.info\/wp-content\/uploads\/2020\/02\/vitalizi-300x225.jpg\" data-large-file=\"https:\/\/www.lacostituzione.info\/wp-content\/uploads\/2020\/02\/vitalizi.jpg\" class=\"size-thumbnail wp-image-6817 aligncenter\" src=\"http:\/\/www.lacostituzione.info\/wp-content\/uploads\/2020\/02\/vitalizi-150x150.jpg\" alt=\"\" width=\"150\" height=\"150\" \/><\/a><\/strong><\/p>\n<p>Il tema degli assegni vitalizi previsti in favore degli <em>ex<\/em> parlamentari fa sempre discutere. L\u2019ultima diatriba in ordine di tempo \u00e8 sorta per via di un articolo, pubblicato su <a href=\"https:\/\/www.ilfattoquotidiano.it\/2020\/01\/30\/vitalizi-il-senato-vuole-annullare-i-tagli-per-700-politici-m5s-sospetti-e-conflitti-dinteresse-azzerare-liter-e-la-commissione\/5690440\/\"><em>Il Fatto quotidiano<\/em> del 30 gennaio<\/a> scorso, nel quale si anticipa l\u2019esito della decisione che la <a href=\"https:\/\/www.senato.it\/1450\">Commissione contenziosa del Senato<\/a> assumer\u00e0 in ordine al ricorso presentato da oltre 700 <em>ex<\/em> senatori avverso il taglio dei trattamenti in essere, avviato a decorrere dal 1\u00b0 gennaio dello scorso anno.<!--more--> Decisione che, secondo il Fatto, sarebbe gi\u00e0 stata assunta e che andr\u00e0 nella direzione di ripristinare i precedenti importi. Nelle ore immediatamente successive si \u00e8 cos\u00ec accesa una forte polemica tra le diverse forze politiche, alcune delle quali hanno prontamente difeso le ragioni che hanno condotto all\u2019approvazione della contestata delibera e stigmatizzato la decisione del collegio giudicante, mettendone in discussione persino la legittimazione a causa, principalmente, della carenza di terziet\u00e0 dei suoi componenti. Di l\u00ec a poco \u00e8 stata quindi convocata una manifestazione, programmata per il 15 febbraio 2020 a Roma, al fine di protestare contro il ripristino dei trattamenti spettanti agli <em>ex<\/em> senatori.<\/p>\n<p>Per poter inquadrare adeguatamente la questione occorre fare un passo indietro. Anzitutto, \u00e8 bene precisare che all\u2019ordine del giorno non c\u2019\u00e8 alcun ripristino dei vecchi vitalizi, come pur sembrerebbe evincersi dalle notizie riportate dai <em>media<\/em>. Oggetto del contendere \u00e8 invece la delibera assunta il <a href=\"https:\/\/www.senato.it\/application\/xmanager\/projects\/leg18\/file\/repository\/relazioni\/spese_e_trasparenza\/Delibera16ottobre2018.pdf\">16 ottobre 2018 dal Consiglio di Presidenza del Senato<\/a> in ordine alla rideterminazione degli importi degli assegni vitalizi relativi al mandato svolto sino al 31 dicembre 2011. Attraverso tale delibera, il Consiglio di Presidenza ha ricalcolato gli importi degli assegni vitalizi in essere, diretti e di reversibilit\u00e0, nonch\u00e9 delle quote <em>pro rata<\/em> con il metodo contributivo in luogo del precedente metodo di tipo retributivo. Il tutto limitatamente agli importi maturati sino al 31 dicembre 2011, in quanto a decorrere dal 1\u00b0 gennaio 2012 \u00e8 entrato in vigore il nuovo Regolamento delle pensioni dei senatori, approvato nel medesimo mese di gennaio 2012. Regolamento che ha soppresso i vecchi assegni calcolati con metodo retributivo e li ha sostituiti con un trattamento previdenziale modellato su quello vigente per i dipendenti della pubblica amministrazione e basato sul metodo contributivo.<\/p>\n<p>La delibera del 2018, la quale ricalca pressoch\u00e9 fedelmente quella analoga adottata dall\u2019Ufficio di Presidenza della Camera giusto qualche mese prima (luglio 2018), ha quindi determinato un taglio notevole degli importi dei trattamenti in essere \u2013 in alcuni casi pari anche al 50 per cento dell\u2019assegno mensile \u2013 e un risparmio di circa 45 milioni all\u2019anno alla Camera e 22 milioni al Senato. Sennonch\u00e9, a seguito dell\u2019entrata in vigore delle citate delibere, numerosi <em>ex<\/em> senatori percettori di assegno vitalizio hanno presentato ricorso, lamentando l\u2019illegittimit\u00e0 della delibera che avrebbe operato una riforma previdenziale con effetti retroattivi, in palese contrasto con il principio del legittimo affidamento richiamato dalla giurisprudenza costituzionale in materia.<\/p>\n<p>Orbene, il primo aspetto meritevole di attenzione \u00e8 che sulle delibere degli Uffici di Presidenza, adottate in ossequio al principio dell\u2019autonomia normativa ed amministrativa delle Camere, il giudice ordinario non \u00e8 competente, in virt\u00f9 del correlato principio dell\u2019autodichia o giurisdizione domestica che riserva all\u2019organo costituzionale stesso il potere di giudicare sulle controversie aventi ad oggetto i ricorsi del personale dipendente e sulla legittimit\u00e0 degli atti deliberati dagli Uffici di Presidenza. Ai sensi dell\u2019articolo 72 del testo unico delle norme regolamentari dell\u2019Amministrazione riguardanti il personale del Senato della Repubblica, infatti, il giudice competente in materia \u00e8 la Commissione contenziosa, la quale pi\u00f9 in generale \u00e8 chiamata a pronunciarsi su: a) i ricorsi presentati dai dipendenti del Senato, in servizio o in quiescenza, contro gli atti e i provvedimenti dell\u2019Amministrazione, nonch\u00e9 i ricorsi contro le procedure di reclutamento del personale; b) i ricorsi presentati avverso gli atti e i provvedimenti amministrativi adottati dal Senato, diversi da quelli di cui alla lettera a). Ricorsi che possono essere presentati a tutela dei diritti e degli interessi legittimi e solo per motivi di legittimit\u00e0 e che danno luogo a delibere appellabili presso l\u2019organo di secondo grado, il Consiglio di Garanzia, che a norma dell\u2019articolo 75 del richiamato testo unico decide sui ricorsi presentati contro le decisioni della Commissione contenziosa.<\/p>\n<p>Da quanto detto ne consegue che l\u2019aver sottoposto la questione dei vitalizi al giudizio dell\u2019organo di giustizia interna del Senato della Repubblica non deve destare scandalo, in quanto ci\u00f2 rientra appieno nella fisiologia dell\u2019ordinamento costituzionale vigente: le delibere del Consiglio di Presidenza di Palazzo Madama, per l\u2019appunto, possono essere impugnate esclusivamente presso la Commissione contenziosa e questo aspetto \u2013 nient\u2019affatto secondario, bens\u00ec dirimente, come si vedr\u00e0 tra un momento \u2013 era noto sin dal principio, sin da quando cio\u00e8 si \u00e8 deciso di operare il ricalcolo degli assegni vitalizi attraverso una delibera del Consiglio di Presidenza. Perch\u00e9 stupirsi, dunque?<\/p>\n<p>A tal proposito, \u00e8 stato per\u00f2 obiettato che il collegio giudicante non sarebbe dotato dei necessari caratteri di terziet\u00e0, indispensabili per poter giudicare senza trovarsi nella condizione dello <em>iudex in causa sua<\/em>. Ad oggi, infatti, la Commissione contenziosa risulta essere composta dai senatori Giacomo Caliendo, Simone Pillon e Alessandra Riccardi, nonch\u00e9 dal dott. Cesare Martellino, magistrato di Cassazione e gi\u00e0 Procuratore Capo della Repubblica presso il Tribunale di Terni, e dall\u2019avvocato Alessandro Mattoni, e presieduta dallo stesso senatore Caliendo. Quest\u2019ultimo, a differenza dei senatori Pillon e Riccardi, entrambi al primo mandato, \u00e8 in Parlamento dal 2008 e pertanto potenzialmente destinatario delle norme sui vitalizi oggetto del ricorso.<\/p>\n<p>Sebbene il rilievo non sia del tutto infondato, occorre evidenziare che la Commissione contenziosa, a norma dell\u2019articolo 72 del testo unico, \u00e8 composta in modo da assicurare decisioni basate su ragioni di diritto. Essa si compone infatti di tre senatori, nominati dal Presidente del Senato all\u2019inizio di ogni legislatura e scelti tra magistrati delle magistrature ordinaria e amministrative, professori universitari di prima o seconda fascia in discipline giuridiche, avvocati dello Stato o avvocati del libero foro, e da due ulteriori componenti, nominati anch\u2019essi dal Presidente, e scelti tra magistrati a riposo delle supreme magistrature ordinaria e amministrative, professori ordinari di universit\u00e0 in materie giuridiche, anche a riposo, e avvocati dopo venti anni di esercizio della professione. Per inciso, si noti che il Presidente della Commissione Caliendo \u00e8 un magistrato, gi\u00e0 sostituto procuratore generale presso la Corte di Cassazione. Si consideri inoltre che i componenti della Commissione durano in carica per tutta la legislatura, salvo dimissioni spontanee, e che il loro incarico \u00e8 incompatibile con quello di membro del Consiglio di Presidenza, del Consiglio di garanzia e del Consiglio di disciplina. Si tratta di un organo la cui composizione \u00e8 pertanto fissa per tutta la durata della legislatura e insuscettibile di mutamenti <em>ad hoc<\/em>. Ma quel che preme evidenziare \u00e8 che la composizione del collegio era nota al momento di adottare la delibera impugnata, la quale \u00e8 stata approvata dal Consiglio di Presidenza nella seduta del 16 ottobre 2018, a distanza di alcuni giorni dalla nomina dei componenti della Commissione contenziosa e dello stesso Caliendo (5 ottobre 2018). All\u2019atto di decidere, dunque, il Consiglio di Presidenza era perfettamente a conoscenza non soltanto del fatto che la delibera sarebbe stata eventualmente impugnata presso la Commissione contenziosa, ma altres\u00ec che detta Commissione era composta \u2013 e presieduta \u2013 dal senatore Caliendo (eletto Presidente il 10 ottobre 2018).<\/p>\n<p>Una valutazione di opportunit\u00e0, quindi, avrebbe richiesto di operare scelte diverse a monte, non certo a valle. Del resto, le alternative concrete non mancavano di certo. Anzitutto, le Camere avrebbero potuto intervenire sulla materia per mezzo di un atto di rango legislativo anzich\u00e9 procedere con una delibera degli Uffici di Presidenza. Senza entrare nel merito della dibattuta questione della fonte normativa competente a disciplinare la previdenza dei parlamentari, si poteva fare tesoro del precedente della scorsa legislatura nella quale si tent\u00f2 di approvare una proposta di legge dell\u2019on. Richetti, recante <em>Disposizioni in materia di abolizione dei vitalizi e nuova disciplina dei trattamenti pensionistici dei membri del Parlamento e dei consiglieri regionali<\/em> (Atto Camera 3225). La proposta, approvata dalla Camera dei deputati ma non anche dal Senato per via della conclusione della legislatura, prevedeva anch\u2019essa la rideterminazione degli importi dei vitalizi e dei trattamenti previdenziali in essere mediante il sistema contributivo. Oltre al diverso regime di pubblicit\u00e0, l\u2019approvazione di una legge avrebbe consentito di chiamare in causa il Presidente della Repubblica, in sede di promulgazione, e soprattutto la Corte costituzionale in un eventuale giudizio di costituzionalit\u00e0, anzich\u00e9 demandare la questione agli organi dell\u2019autodichia.<\/p>\n<p>In secondo luogo, quand\u2019anche si volesse propendere per la tesi secondo cui la previdenza dei parlamentari sarebbe materia riservata alle fonti dell\u2019autonomia parlamentare, va precisato che la sottrazione alla giurisdizione comune del giudizio sulla legittimit\u00e0 delle delibere degli organi interni di vertice \u2013 cos\u00ec come delle controversie tra le amministrazioni parlamentari e i loro dipendenti \u2013 trova il suo fondamento nella potest\u00e0 normativa ed amministrativa connessa alla sfera di autonomia propria degli organi costituzionali e, segnatamente, nelle norme interne che assegnano agli organi dell\u2019autodichia il giudizio sui ricorsi presentati avverso gli atti e i provvedimenti amministrativi adottati dalle due Camere. Norme che possono essere sempre oggetto di un ripensamento, bench\u00e9 la recente pronuncia della Corte costituzionale in tema di autodichia abbia messo un punto fermo in favore della conformit\u00e0 a Costituzione di tale istituto. Il giudice delle leggi ha infatti evidenziato che l\u2019autodichia costituisce manifestazione tradizionale della sfera di autonomia riconosciuta agli organi costituzionali e che \u00ab<em>gli organi di autodichia sono chiamati a dirimere, in posizione <\/em>super partes<em>, controversie tra l\u2019amministrazione dell\u2019organo costituzionale e i suoi dipendenti secondo moduli procedimentali di carattere giurisdizionale, e dunque a svolgere funzioni obiettivamente giurisdizionali per la decisione delle controversie in cui siano coinvolte le posizioni giuridiche soggettive dei dipendenti. Non a caso, questa Corte ha gi\u00e0 riconosciuto che il carattere oggettivamente giurisdizionale dell\u2019attivit\u00e0 degli organi di autodichia, posti in posizione d\u2019indipendenza, li rende giudici ai fini della loro legittimazione a sollevare questioni di legittimit\u00e0 costituzionale delle norme di legge cui le fonti di autonomia effettuino rinvio<\/em>\u00bb (sentenza 13 dicembre 2017, n. 262). Nulla impedisce, tuttavia, che le Camere nella loro autonomia normativa ed amministrativa decidano di demandare al giudice comune la valutazione sulla legittimit\u00e0 di atti e delibere adottati in sede di Uffici di Presidenza, quanto meno qualora si tratti di delibere dalla valenza non meramente amministrativa o interna.<\/p>\n<p>A chi infine contesta semplicemente il fatto che gli <em>ex<\/em> senatori abbiano presentato un ricorso contro la delibera che ha operato il ricalcolo dei vitalizi, occorre far notare che la Costituzione prevede che contro gli atti della pubblica amministrazione \u00e8 sempre ammessa la tutela giurisdizionale dei diritti e degli interessi legittimi dinanzi agli organi di giurisdizione ordinaria o amministrativa. In conclusione, a parlamentari ed <em>ex<\/em> parlamentari non pu\u00f2 essere di certo precluso il ricorso ad un giudice per la tutela delle proprie situazioni giuridiche soggettive: in uno Stato di diritto, ogni decisione presa da un pubblico potere deve essere conforme alle norme vigenti e, se vi sono dubbi in proposito, l\u2019interessato deve essere sempre messo in condizione di adire un giudice per far valere i propri diritti.<\/p>\n<p>*\u00a0Dottore di ricerca in Teoria dello Stato e istituzioni politiche comparate -Universit\u00e0 di Roma La Sapienza<\/p>\n","protected":false},"excerpt":{"rendered":"<p>di Alessandro Gigliotti* Il tema degli assegni vitalizi previsti in favore degli ex parlamentari fa sempre discutere. L\u2019ultima diatriba in ordine di tempo \u00e8 sorta per via di un articolo, pubblicato su Il Fatto quotidiano del 30 gennaio scorso, nel quale si anticipa l\u2019esito della decisione che la Commissione contenziosa del Senato assumer\u00e0 in ordine &#8230; <a title=\"Ricalcolo dei vitalizi e autodichia: anche i parlamentari hanno diritto ad un giudice\" class=\"read-more\" href=\"https:\/\/www.lacostituzione.info\/index.php\/2020\/02\/15\/ricalcolo-dei-vitalizi-e-autodichia-anche-i-parlamentari-hanno-diritto-ad-un-giudice\/\">Leggi tutto<\/a><\/p>\n<div class='heateorSssClear'><\/div><div  class='heateor_sss_sharing_container heateor_sss_horizontal_sharing' data-heateor-sss-href='https:\/\/www.lacostituzione.info\/index.php\/2020\/02\/15\/ricalcolo-dei-vitalizi-e-autodichia-anche-i-parlamentari-hanno-diritto-ad-un-giudice\/'><div class='heateor_sss_sharing_title' style=\"font-weight:bold\" >Condividi!<\/div><div class=\"heateor_sss_sharing_ul\"><a aria-label=\"Facebook\" class=\"heateor_sss_facebook\" href=\"https:\/\/www.facebook.com\/sharer\/sharer.php?u=https%3A%2F%2Fwww.lacostituzione.info%2Findex.php%2F2020%2F02%2F15%2Fricalcolo-dei-vitalizi-e-autodichia-anche-i-parlamentari-hanno-diritto-ad-un-giudice%2F\" title=\"Facebook\" rel=\"nofollow noopener\" target=\"_blank\" style=\"font-size:32px!important;box-shadow:none;display:inline-block;vertical-align:middle\"><span class=\"heateor_sss_svg\" style=\"background-color:#0765FE;width:35px;height:35px;display:inline-block;opacity:1;float:left;font-size:32px;box-shadow:none;display:inline-block;font-size:16px;padding:0 4px;vertical-align:middle;background-repeat:repeat;overflow:hidden;padding:0;cursor:pointer;box-sizing:content-box\"><svg style=\"display:block;\" focusable=\"false\" aria-hidden=\"true\" xmlns=\"http:\/\/www.w3.org\/2000\/svg\" width=\"100%\" height=\"100%\" viewBox=\"0 0 32 32\"><path fill=\"#fff\" d=\"M28 16c0-6.627-5.373-12-12-12S4 9.373 4 16c0 5.628 3.875 10.35 9.101 11.647v-7.98h-2.474V16H13.1v-1.58c0-4.085 1.849-5.978 5.859-5.978.76 0 2.072.15 2.608.298v3.325c-.283-.03-.775-.045-1.386-.045-1.967 0-2.728.745-2.728 2.683V16h3.92l-.673 3.667h-3.247v8.245C23.395 27.195 28 22.135 28 16Z\"><\/path><\/svg><\/span><\/a><a aria-label=\"Twitter\" class=\"heateor_sss_button_twitter\" href=\"https:\/\/twitter.com\/intent\/tweet?text=Ricalcolo%20dei%20vitalizi%20e%20autodichia%3A%20anche%20i%20parlamentari%20hanno%20diritto%20ad%20un%20giudice&url=https%3A%2F%2Fwww.lacostituzione.info%2Findex.php%2F2020%2F02%2F15%2Fricalcolo-dei-vitalizi-e-autodichia-anche-i-parlamentari-hanno-diritto-ad-un-giudice%2F\" title=\"Twitter\" rel=\"nofollow noopener\" target=\"_blank\" style=\"font-size:32px!important;box-shadow:none;display:inline-block;vertical-align:middle\"><span class=\"heateor_sss_svg heateor_sss_s__default heateor_sss_s_twitter\" style=\"background-color:#55acee;width:35px;height:35px;display:inline-block;opacity:1;float:left;font-size:32px;box-shadow:none;display:inline-block;font-size:16px;padding:0 4px;vertical-align:middle;background-repeat:repeat;overflow:hidden;padding:0;cursor:pointer;box-sizing:content-box\"><svg style=\"display:block;\" focusable=\"false\" aria-hidden=\"true\" xmlns=\"http:\/\/www.w3.org\/2000\/svg\" width=\"100%\" height=\"100%\" viewBox=\"-4 -4 39 39\"><path d=\"M28 8.557a9.913 9.913 0 0 1-2.828.775 4.93 4.93 0 0 0 2.166-2.725 9.738 9.738 0 0 1-3.13 1.194 4.92 4.92 0 0 0-3.593-1.55 4.924 4.924 0 0 0-4.794 6.049c-4.09-.21-7.72-2.17-10.15-5.15a4.942 4.942 0 0 0-.665 2.477c0 1.71.87 3.214 2.19 4.1a4.968 4.968 0 0 1-2.23-.616v.06c0 2.39 1.7 4.38 3.952 4.83-.414.115-.85.174-1.297.174-.318 0-.626-.03-.928-.086a4.935 4.935 0 0 0 4.6 3.42 9.893 9.893 0 0 1-6.114 2.107c-.398 0-.79-.023-1.175-.068a13.953 13.953 0 0 0 7.55 2.213c9.056 0 14.01-7.507 14.01-14.013 0-.213-.005-.426-.015-.637.96-.695 1.795-1.56 2.455-2.55z\" fill=\"#fff\"><\/path><\/svg><\/span><\/a><a aria-label=\"Reddit\" class=\"heateor_sss_button_reddit\" href=\"https:\/\/reddit.com\/submit?url=https%3A%2F%2Fwww.lacostituzione.info%2Findex.php%2F2020%2F02%2F15%2Fricalcolo-dei-vitalizi-e-autodichia-anche-i-parlamentari-hanno-diritto-ad-un-giudice%2F&title=Ricalcolo%20dei%20vitalizi%20e%20autodichia%3A%20anche%20i%20parlamentari%20hanno%20diritto%20ad%20un%20giudice\" title=\"Reddit\" rel=\"nofollow noopener\" target=\"_blank\" style=\"font-size:32px!important;box-shadow:none;display:inline-block;vertical-align:middle\"><span class=\"heateor_sss_svg heateor_sss_s__default heateor_sss_s_reddit\" style=\"background-color:#ff5700;width:35px;height:35px;display:inline-block;opacity:1;float:left;font-size:32px;box-shadow:none;display:inline-block;font-size:16px;padding:0 4px;vertical-align:middle;background-repeat:repeat;overflow:hidden;padding:0;cursor:pointer;box-sizing:content-box\"><svg style=\"display:block;\" focusable=\"false\" aria-hidden=\"true\" xmlns=\"http:\/\/www.w3.org\/2000\/svg\" width=\"100%\" height=\"100%\" viewBox=\"-3.5 -3.5 39 39\"><path d=\"M28.543 15.774a2.953 2.953 0 0 0-2.951-2.949 2.882 2.882 0 0 0-1.9.713 14.075 14.075 0 0 0-6.85-2.044l1.38-4.349 3.768.884a2.452 2.452 0 1 0 .24-1.176l-4.274-1a.6.6 0 0 0-.709.4l-1.659 5.224a14.314 14.314 0 0 0-7.316 2.029 2.908 2.908 0 0 0-1.872-.681 2.942 2.942 0 0 0-1.618 5.4 5.109 5.109 0 0 0-.062.765c0 4.158 5.037 7.541 11.229 7.541s11.22-3.383 11.22-7.541a5.2 5.2 0 0 0-.053-.706 2.963 2.963 0 0 0 1.427-2.51zm-18.008 1.88a1.753 1.753 0 0 1 1.73-1.74 1.73 1.73 0 0 1 1.709 1.74 1.709 1.709 0 0 1-1.709 1.711 1.733 1.733 0 0 1-1.73-1.711zm9.565 4.968a5.573 5.573 0 0 1-4.081 1.272h-.032a5.576 5.576 0 0 1-4.087-1.272.6.6 0 0 1 .844-.854 4.5 4.5 0 0 0 3.238.927h.032a4.5 4.5 0 0 0 3.237-.927.6.6 0 1 1 .844.854zm-.331-3.256a1.726 1.726 0 1 1 1.709-1.712 1.717 1.717 0 0 1-1.712 1.712z\" fill=\"#fff\"\/><\/svg><\/span><\/a><a aria-label=\"Linkedin\" class=\"heateor_sss_button_linkedin\" href=\"https:\/\/www.linkedin.com\/sharing\/share-offsite\/?url=https%3A%2F%2Fwww.lacostituzione.info%2Findex.php%2F2020%2F02%2F15%2Fricalcolo-dei-vitalizi-e-autodichia-anche-i-parlamentari-hanno-diritto-ad-un-giudice%2F\" title=\"Linkedin\" rel=\"nofollow noopener\" target=\"_blank\" style=\"font-size:32px!important;box-shadow:none;display:inline-block;vertical-align:middle\"><span class=\"heateor_sss_svg heateor_sss_s__default heateor_sss_s_linkedin\" style=\"background-color:#0077b5;width:35px;height:35px;display:inline-block;opacity:1;float:left;font-size:32px;box-shadow:none;display:inline-block;font-size:16px;padding:0 4px;vertical-align:middle;background-repeat:repeat;overflow:hidden;padding:0;cursor:pointer;box-sizing:content-box\"><svg style=\"display:block;\" focusable=\"false\" aria-hidden=\"true\" xmlns=\"http:\/\/www.w3.org\/2000\/svg\" width=\"100%\" height=\"100%\" viewBox=\"0 0 32 32\"><path d=\"M6.227 12.61h4.19v13.48h-4.19V12.61zm2.095-6.7a2.43 2.43 0 0 1 0 4.86c-1.344 0-2.428-1.09-2.428-2.43s1.084-2.43 2.428-2.43m4.72 6.7h4.02v1.84h.058c.56-1.058 1.927-2.176 3.965-2.176 4.238 0 5.02 2.792 5.02 6.42v7.395h-4.183v-6.56c0-1.564-.03-3.574-2.178-3.574-2.18 0-2.514 1.7-2.514 3.46v6.668h-4.187V12.61z\" fill=\"#fff\"><\/path><\/svg><\/span><\/a><a aria-label=\"Pinterest\" class=\"heateor_sss_button_pinterest\" href=\"https:\/\/www.lacostituzione.info\/index.php\/2020\/02\/15\/ricalcolo-dei-vitalizi-e-autodichia-anche-i-parlamentari-hanno-diritto-ad-un-giudice\/\" onclick=\"event.preventDefault();javascript:void( (function() {var e=document.createElement('script' );e.setAttribute('type','text\/javascript' );e.setAttribute('charset','UTF-8' );e.setAttribute('src','\/\/assets.pinterest.com\/js\/pinmarklet.js?r='+Math.random()*99999999);document.body.appendChild(e)})());\" title=\"Pinterest\" rel=\"noopener\" style=\"font-size:32px!important;box-shadow:none;display:inline-block;vertical-align:middle\"><span class=\"heateor_sss_svg heateor_sss_s__default heateor_sss_s_pinterest\" style=\"background-color:#cc2329;width:35px;height:35px;display:inline-block;opacity:1;float:left;font-size:32px;box-shadow:none;display:inline-block;font-size:16px;padding:0 4px;vertical-align:middle;background-repeat:repeat;overflow:hidden;padding:0;cursor:pointer;box-sizing:content-box\"><svg style=\"display:block;\" focusable=\"false\" aria-hidden=\"true\" xmlns=\"http:\/\/www.w3.org\/2000\/svg\" width=\"100%\" height=\"100%\" viewBox=\"-2 -2 35 35\"><path fill=\"#fff\" d=\"M16.539 4.5c-6.277 0-9.442 4.5-9.442 8.253 0 2.272.86 4.293 2.705 5.046.303.125.574.005.662-.33.061-.231.205-.816.27-1.06.088-.331.053-.447-.191-.736-.532-.627-.873-1.439-.873-2.591 0-3.338 2.498-6.327 6.505-6.327 3.548 0 5.497 2.168 5.497 5.062 0 3.81-1.686 7.025-4.188 7.025-1.382 0-2.416-1.142-2.085-2.545.397-1.674 1.166-3.48 1.166-4.689 0-1.081-.581-1.983-1.782-1.983-1.413 0-2.548 1.462-2.548 3.419 0 1.247.421 2.091.421 2.091l-1.699 7.199c-.505 2.137-.076 4.755-.039 5.019.021.158.223.196.314.077.13-.17 1.813-2.247 2.384-4.324.162-.587.929-3.631.929-3.631.46.876 1.801 1.646 3.227 1.646 4.247 0 7.128-3.871 7.128-9.053.003-3.918-3.317-7.568-8.361-7.568z\"\/><\/svg><\/span><\/a><a aria-label=\"Whatsapp\" class=\"heateor_sss_whatsapp\" href=\"https:\/\/api.whatsapp.com\/send?text=Ricalcolo%20dei%20vitalizi%20e%20autodichia%3A%20anche%20i%20parlamentari%20hanno%20diritto%20ad%20un%20giudice%20https%3A%2F%2Fwww.lacostituzione.info%2Findex.php%2F2020%2F02%2F15%2Fricalcolo-dei-vitalizi-e-autodichia-anche-i-parlamentari-hanno-diritto-ad-un-giudice%2F\" title=\"Whatsapp\" rel=\"nofollow noopener\" target=\"_blank\" style=\"font-size:32px!important;box-shadow:none;display:inline-block;vertical-align:middle\"><span class=\"heateor_sss_svg\" style=\"background-color:#55eb4c;width:35px;height:35px;display:inline-block;opacity:1;float:left;font-size:32px;box-shadow:none;display:inline-block;font-size:16px;padding:0 4px;vertical-align:middle;background-repeat:repeat;overflow:hidden;padding:0;cursor:pointer;box-sizing:content-box\"><svg style=\"display:block;\" focusable=\"false\" aria-hidden=\"true\" xmlns=\"http:\/\/www.w3.org\/2000\/svg\" width=\"100%\" height=\"100%\" viewBox=\"-6 -5 40 40\"><path class=\"heateor_sss_svg_stroke heateor_sss_no_fill\" stroke=\"#fff\" stroke-width=\"2\" fill=\"none\" d=\"M 11.579798566743314 24.396926207859085 A 10 10 0 1 0 6.808479557110079 20.73576436351046\"><\/path><path d=\"M 7 19 l -1 6 l 6 -1\" class=\"heateor_sss_no_fill heateor_sss_svg_stroke\" stroke=\"#fff\" stroke-width=\"2\" fill=\"none\"><\/path><path d=\"M 10 10 q -1 8 8 11 c 5 -1 0 -6 -1 -3 q -4 -3 -5 -5 c 4 -2 -1 -5 -1 -4\" fill=\"#fff\"><\/path><\/svg><\/span><\/a><\/div><div class=\"heateorSssClear\"><\/div><\/div><div class='heateorSssClear'><\/div>","protected":false},"author":1,"featured_media":0,"comment_status":"open","ping_status":"open","sticky":false,"template":"","format":"standard","meta":{"jetpack_post_was_ever_published":false,"_jetpack_newsletter_access":"","_jetpack_dont_email_post_to_subs":false,"_jetpack_newsletter_tier_id":0,"_jetpack_memberships_contains_paywalled_content":false,"_jetpack_memberships_contains_paid_content":false,"footnotes":"","jetpack_publicize_message":"","jetpack_publicize_feature_enabled":true,"jetpack_social_post_already_shared":false,"jetpack_social_options":{"image_generator_settings":{"template":"highway","default_image_id":0,"enabled":false},"version":2}},"categories":[5],"tags":[1009,26,1130],"class_list":["post-6816","post","type-post","status-publish","format-standard","hentry","category-lavori-in-corso","tag-autodichia","tag-senato","tag-vitalizi"],"jetpack_publicize_connections":[],"jetpack_featured_media_url":"","jetpack_shortlink":"https:\/\/wp.me\/p84sDq-1LW","jetpack_likes_enabled":true,"jetpack_sharing_enabled":true,"_links":{"self":[{"href":"https:\/\/www.lacostituzione.info\/index.php\/wp-json\/wp\/v2\/posts\/6816","targetHints":{"allow":["GET"]}}],"collection":[{"href":"https:\/\/www.lacostituzione.info\/index.php\/wp-json\/wp\/v2\/posts"}],"about":[{"href":"https:\/\/www.lacostituzione.info\/index.php\/wp-json\/wp\/v2\/types\/post"}],"author":[{"embeddable":true,"href":"https:\/\/www.lacostituzione.info\/index.php\/wp-json\/wp\/v2\/users\/1"}],"replies":[{"embeddable":true,"href":"https:\/\/www.lacostituzione.info\/index.php\/wp-json\/wp\/v2\/comments?post=6816"}],"version-history":[{"count":0,"href":"https:\/\/www.lacostituzione.info\/index.php\/wp-json\/wp\/v2\/posts\/6816\/revisions"}],"wp:attachment":[{"href":"https:\/\/www.lacostituzione.info\/index.php\/wp-json\/wp\/v2\/media?parent=6816"}],"wp:term":[{"taxonomy":"category","embeddable":true,"href":"https:\/\/www.lacostituzione.info\/index.php\/wp-json\/wp\/v2\/categories?post=6816"},{"taxonomy":"post_tag","embeddable":true,"href":"https:\/\/www.lacostituzione.info\/index.php\/wp-json\/wp\/v2\/tags?post=6816"}],"curies":[{"name":"wp","href":"https:\/\/api.w.org\/{rel}","templated":true}]}}