{"id":6821,"date":"2020-02-18T15:32:35","date_gmt":"2020-02-18T14:32:35","guid":{"rendered":"http:\/\/www.lacostituzione.info\/?p=6821"},"modified":"2020-02-18T15:32:37","modified_gmt":"2020-02-18T14:32:37","slug":"la-svolta-cartabia-il-problematico-ingresso-della-societa-civile-nei-giudizi-dinnanzi-alla-corte-costituzionale","status":"publish","type":"post","link":"https:\/\/www.lacostituzione.info\/index.php\/2020\/02\/18\/la-svolta-cartabia-il-problematico-ingresso-della-societa-civile-nei-giudizi-dinnanzi-alla-corte-costituzionale\/","title":{"rendered":"La svolta Cartabia.\u00a0Il problematico ingresso della societ\u00e0 civile nei giudizi dinnanzi alla Corte costituzionale"},"content":{"rendered":"\n<p><a href=\"http:\/\/www.lacostituzione.info\/wp-content\/uploads\/2020\/02\/ccost3.jpg\"><img loading=\"lazy\" decoding=\"async\" data-attachment-id=\"6824\" data-permalink=\"https:\/\/www.lacostituzione.info\/index.php\/2020\/02\/18\/la-svolta-cartabia-il-problematico-ingresso-della-societa-civile-nei-giudizi-dinnanzi-alla-corte-costituzionale\/ccost3\/#main\" data-orig-file=\"https:\/\/www.lacostituzione.info\/wp-content\/uploads\/2020\/02\/ccost3.jpg\" data-orig-size=\"726,649\" data-comments-opened=\"1\" data-image-meta=\"{&quot;aperture&quot;:&quot;0&quot;,&quot;credit&quot;:&quot;&quot;,&quot;camera&quot;:&quot;&quot;,&quot;caption&quot;:&quot;&quot;,&quot;created_timestamp&quot;:&quot;0&quot;,&quot;copyright&quot;:&quot;&quot;,&quot;focal_length&quot;:&quot;0&quot;,&quot;iso&quot;:&quot;0&quot;,&quot;shutter_speed&quot;:&quot;0&quot;,&quot;title&quot;:&quot;&quot;,&quot;orientation&quot;:&quot;0&quot;}\" data-image-title=\"ccost3\" data-image-description=\"\" data-image-caption=\"\" data-medium-file=\"https:\/\/www.lacostituzione.info\/wp-content\/uploads\/2020\/02\/ccost3-300x268.jpg\" data-large-file=\"https:\/\/www.lacostituzione.info\/wp-content\/uploads\/2020\/02\/ccost3.jpg\" class=\"alignleft size-thumbnail wp-image-6824\" src=\"http:\/\/www.lacostituzione.info\/wp-content\/uploads\/2020\/02\/ccost3-150x150.jpg\" alt=\"\" width=\"150\" height=\"150\" \/><\/a>di <strong>Claudio Tani<\/strong><\/p>\n<p>La <a href=\"https:\/\/www.gazzettaufficiale.it\/eli\/gu\/2020\/01\/22\/17\/sg\/pdf\">delibera dell\u20198 gennaio 2020 della Corte costituzionale<\/a> recante <em>\u201cModificazioni alle Norme integrative per i giudizi davanti alla Corte costituzionale\u201d <\/em>contiene importantissime novit\u00e0, che potrebbero influire decisamente, anche nel breve periodo, sull\u2019evoluzione del giudizio di costituzionalit\u00e0 in via incidentale.<!--more--><\/p>\n<p>1)- L\u2019art.1 aggiunge all\u2019art. 4 il comma 7, attribuendo espressamente la facolt\u00e0 di intervento per i \u201c<em>titolari di un interesse qualificato, inerente in modo diretto e immediato al rapporto dedotto in giudizio\u201d.<\/em> Il nuovo comma \u00e8 in linea con la costante giurisprudenza della Corte che ha sempre preteso la sussistenza di tale requisito, che si basa sulla configurabilit\u00e0 di una situazione \u201cindividualizzata\u201d, riconoscibile solo quando l\u2019esito del giudizio di costituzionalit\u00e0 sia destinato a incidere direttamente su una posizione giuridica \u201cpropria\u201d della parte intervenuta.\u00a0 Su tale premessa, a volte, \u00e8 stata ammessa la costituzione nel giudizio incidentale di legittimit\u00e0 della parte non costituita nel giudizio <em>a quo, <\/em>ma comunque legittimata a resistere e nel contempo titolare di un interesse sostanziale posto alla base della controversia (sent. n.223\/96) escludendo quindi opportunamente l\u2019intervento di soggetti estranei al giudizio <em>a quo<\/em>, a nulla rilevando che gli stessi avessero in corso giudizi analoghi sospesi in attesa della pronuncia della Corte.<\/p>\n<p>Ora la previsione espressa del requisito della titolarit\u00e0 di un interesse <em>\u201cqualificato, inerente in modo diretto e immediato al rapporto dedotto in giudizio\u201d<\/em> imporr\u00e0 una verifica, particolarmente attenta e per ogni singola fattispecie, anche per quanto riguarda l\u2019ammissibilit\u00e0 dell\u2019intervento della Presidenza del Consiglio dei ministri e del Presidente della Giunta regionale, non soltanto perch\u00e9 soggetti che non appartengono alla categoria delle parti (sent. n. 210\/1983), ma soprattutto perch\u00e9 con la nuova norma introdotta dalla delibera in commento si potr\u00e0 riaprire un ragionamento sulle ragioni che giustificano il riconoscimento della loro legittimazione gi\u00e0 nel giudizio <em>a quo. <\/em><\/p>\n<p>Si tratta di una questione da tempo posta autorevolmente in dottrina (si veda per tutti A. Pizzorusso, <em>Commentario alla Costituzione,<\/em> Bologna, 1982, 278). Infatti l\u2019Avvocatura dello Stato e le Avvocature delle Regioni, salvo rarissime eccezioni (si veda il caso che ha condotto per esempio alla nota sentenza n.1\/14, per\u00f2 subito dopo smentito nel caso della sentenza n.35\/17), continuano imperterrite a costituirsi difendendo la legge impugnata, anche in contrasto a volte con l\u2019indirizzo politico del Governo in carica, con uno zelo veramente \u201c<em>degno di miglior causa<\/em>\u201d, presumibilmente <em>\u201cfrutto della volont\u00e0 dei singoli avvocati erariali di ben figurare professionalmente, anche a costo di provocare decisioni d\u2019inammissibilit\u00e0 che dal punto di vista sociale rappresentano per lo pi\u00f9 una pura perdita\u201d <\/em>( A. Pizzorusso cit., 279).<\/p>\n<p>Ebbene, il comma aggiunto all\u2019art. 4 delle norme integrative in sede di applicazione potrebbe offrire \u00a0l\u2019opportunit\u00e0 per riaprire concretamente, anche la questione, non del diritto processuale di costituirsi in giudizio della Presidenza del Consiglio dei ministri e dei Presidenti delle Regioni nei giudizi <em>a quibus,<\/em> ma della dimostrazione del loro interesse sostanziale (art. 100 c.p.c.) a resistere al fine di ottenere il riconoscimento di un bene della vita uguale e contrario a quello vantato dalle controparti nei giudizi <em>a quibus<\/em>.<\/p>\n<p>Ci\u00f2 vale ovviamente non nei casi ove sono in gioco diritti di credito in cui l\u2019interesse sostanziale a resistere \u00e8 sempre o quasi <em>in re ipsa<\/em> , ma nei casi in cui sono in gioco diritti fondamentali (come sicuramente accadr\u00e0 se non saranno abrogate le impresentabili\u00a0 norme sulla prescrizione penale della legge \u201cBonafede\u201d), quando non si sa qual\u2019 \u00e8 l\u2019interesse a resistere contro l\u2019ordinanza di rinvio del giudice <em>a quo<\/em> perseguito dall\u2019Avvocatura dello Stato, quale Amministrazione in concreto ne sia titolare e dove semmai l\u2019interesse dello Stato dovrebbe esser proprio quello di eliminare dall\u2019ordinamento norme che gi\u00e0 un giudice ha ritenuto sospette di incostituzionalit\u00e0 e di vivere tranquillo se la Corte fugher\u00e0 ogni sospetto.<\/p>\n<p>Va da s\u00e9 che dovr\u00e0 essere posta grande attenzione all\u2019ammissibilit\u00e0 dell\u2019intervento della Presidenza del Consiglio dei ministri e dei Presidenti delle Regioni, perch\u00e9 anche da loro la Corte, nei giudizi in via incidentale, dovr\u00e0 pretendere ogni volta la rigorosa prova dell\u2019interesse \u201c<em>qualificato, inerente in modo diretto e immediato al rapporto dedotto in giudizio\u201d<\/em>.<\/p>\n<p>Benvenuta quindi l\u2019integrazione all\u2019art.4 introdotta dalla delibera dell\u20198 gennaio, nella misura in cui la conseguente giurisprudenza della Corte consentir\u00e0 di superare ogni dubbio sulla legittimazione dell\u2019intervento nei giudizi incidentali.<\/p>\n<p><strong>2) \u2013 <\/strong>La seconda novit\u00e0 della delibera del Presidente della Corte \u00e8 senza alcun dubbio di ben pi\u00f9 grande rilevanza \u201cpolitica\u201d ed \u00e8 destinata ad incidere non solo sull\u2019immagine, ma anche sul ruolo della Corte nel rapporto con la societ\u00e0.<\/p>\n<p>Dopo l\u2019art. 4 delle norme integrative \u00e8 aggiunto l\u2019art.4 ter che al primo comma stabilisce che \u201c<em>le <strong>formazioni sociali<\/strong> senza scopo di lucro<\/em> <em>e i soggetti istituzionali, portatori di interessi <strong>collettivi o diffusi<\/strong><\/em> <em>attinenti alla questione di costituzionalit\u00e0, possono presentare alla Corte costituzionale un\u2019opinione scritta\u201d.<\/em><\/p>\n<p>Il successivo terzo comma stabilisce che<em> \u201csono ammesse le opinioni che offrono <strong>elementi<\/strong> <strong>utili<\/strong><\/em> <em>alla conoscenza e alla<\/em> <em>valutazione del caso, <strong>anche in ragione della sua complessit\u00e0<\/strong>\u201d.<\/em><\/p>\n<p>Alla fine \u00e8 stabilito che i soggetti di cui sopra, le cui opinioni sono state ammesse, non assumono comunque la qualit\u00e0 di parte e quindi non possono partecipare all\u2019udienza.<\/p>\n<p>La Corte aspira cos\u00ec ad aprirsi al dialogo con la cosiddetta \u201csociet\u00e0 civile\u201d, ma oltre agli effetti positivi, vi sono anche quelli problematici non trascurabili di tale apertura, per la potenziale esposizione a una responsabilit\u00e0 \u201cpolitica\u201d pi\u00f9 accentuata.<\/p>\n<p>E\u2019 ben vero che lo Stato di diritto \u00e8 un concetto solo apparentemente neutro e non pu\u00f2 essere limitato ai soli aspetti formali (procedure), come \u00e8 altrettanto vero che la composizione della Corte non \u00e8 estranea all\u2019influenza della politica, ma sinora, la Corte ha resistito con equilibrio istituzionale, culturale e \u201cpolitico\u201d ai tentativi di farla diventare una specie di \u201ccontropotere\u201d al servizio della democrazia, o di \u201ccamera di compensazione \u201c di quello che la contrattazione politica non \u00e8 riuscita a chiudere, \u00a0con la confusione dei ruoli che il successo di tali tentativi avrebbe comportato.<\/p>\n<p>Tuttavia l\u2019ingresso del \u201ccivismo\u201d, della cosiddetta \u201ccittadinanza attiva\u201d, ovvero delle organizzazioni del \u201cterzo settore\u201d configurabili come i principali e privilegiati \u201c<em>Amici curiae<\/em>\u201d, sia pure in ragione della <em>complessit\u00e0<\/em> dei casi, potrebbe porre pi\u00f9 problemi di quanti tenda a risolverne, non potendo a priori escludere che la Corte venga esposta al rischio di offrire una sponda involontaria agli aspetti patologici della democrazia.<\/p>\n<p>Si deve distinguere tra interessi collettivi e interessi diffusi, entrambi accomunati dalla difesa di situazioni sovraindividuali, ma le cui forme di aggregazione si differenziano, con effetti che non possono essere confusi e sovrapposti.\u00a0<\/p>\n<p>Gli interessi collettivi, quantomeno, sono propri di un autonomo soggetto di diritto e, pur essendo in teoria <em>\u201cdi ciascuno<\/em> <em>e di tutti\u201d<\/em> (S. Pugliatti, <em>Diritto pubblico e diritto privato, <\/em>in\u00a0 <em>Enc. Dir., <\/em>Milano, XII, 1964, 696), il diritto di azione \u00e8 riservato a un soggetto <em>stabilmente<\/em> organizzato e sono tutelabili soltanto attraverso la mediazione di tale soggetto, cio\u00e8 di un ente esponenziale non occasionale (per esempio i sindacati). Questo ente in ogni momento, in relazione all\u2019oggetto della lite dinnanzi al giudice <em>a quo,<\/em> agir\u00e0 a tutela dell\u2019intera categoria o di interessi comuni ai suoi membri.<\/p>\n<p>L\u2019interesse diffuso invece \u00e8 magmatico, \u00e8 pregiuridico, in origine <em>\u201cadespota\u201d <\/em>(secondo la definizione di R. Ferrara, <em>Interessi collettivi e diffusi<\/em>, in <em>Dig. Pubb<\/em>., VIII, Torino, 1993, 490) e nella realt\u00e0 sociale, pur essendo oggi assolto da numerosissimi organismi, e forse proprio per questa frammentazione esasperata, \u00e8 volta per volta riferibile a uno <em>status <\/em>indeterminato e spesso occasionale (tutti siamo consumatori, fruitori dell\u2019ambiente, utenti di servizi pubblici).<\/p>\n<p>L\u2019interesse diffuso \u00e8 quindi privo di soggettivit\u00e0 propria e volta per volta \u00e8 rimesso al potere di scelta della pubblica amministrazione al fine di acquisire connotazione normativa o paranormativa (cos\u00ec G. Berti, <em>Il giudizio amministrativo e l\u2019interesse diffuso, <\/em>in <em>Ius, <\/em>1982, 68).<\/p>\n<p>Anche in ci\u00f2 si risolve il concetto di sussidiariet\u00e0 sociale (art. 118, IV comma Cost.) che si \u00e8 affermato ed esteso proprio con l\u2019estendersi della presenza del \u201cterzo settore\u201d quale espressione inizialmente dell\u2019articolazione ragionevole, ma oggi dell\u2019atomizzazione della cosiddetta societ\u00e0 civile, conquistando una rilevanza economica e numerica decisive.<\/p>\n<p>La rilevanza economica del terzo settore, senza prendere in considerazione i dati aggregati per grandi aree geografiche e culturali, restando in Italia, deve essere ben presente anche ai fini di valutare gli effetti di norme tendenti ad aprire una via d\u2019ingresso formalmente collaterale, ma \u201cpoliticamente\u201d sostanziale nel giudizio incidentale di costituzionalit\u00e0.<\/p>\n<p>I dati ISTAT dicono che il terzo settore occupa una forza lavoro pari a circa l\u20198,5% della popolazione attiva, con un sostanziale equilibrio tra finanziamento pubblico (46,7%) e privato (44,6%). Il valore aggiunto era gi\u00e0 pari a circa il 2% del PIL, quota che, se riferita al solo settore del welfare, cresce circa al 15% (G. Cerulli, <em>Una matrice di contabilit\u00e0 sociale per il welfare mix: l\u2019integrazione del settore non-profit,<\/em> in <em>Rivista di politica economica, <\/em>2006, marzo-aprile, 79-128).<\/p>\n<p>Quindi, per immaginare gli effetti dell\u2019apertura della Corte agli <em>amici curiae,<\/em> conta riflettere anche sui i numeri. Le istituzioni non-profit (vere o speculative), pur distribuite in modo disomogeneo (51,1% al Nord, 21,2% al Centro e 27,7% al Sud) gi\u00e0 nel 2000 erano 221.412 (circa 40 ogni 10.000 ab.) e con la crisi e l\u2019arretramento del welfare di Stato potrebbero aumentare. Per farsi un\u2019idea, pensiamo anche all\u2019esuberante variet\u00e0 di scopi che caratterizza la galassia di questi \u201ccorpi intermedi\u201d (inclusi nella generica locuzione sociologica di \u201cformazioni sociali\u201d dell\u2019art.2 Cost) destinatari dell\u2019apertura della Corte e che sono oggetto della disciplina organica del \u201cCodice del terzo settore\u201d (d.lgs.n.117\/17), che vanno dalle associazioni di volontariato a quelle di promozione sociale, di protezione civile, sportive dilettantistiche, dei consumatori e degli utenti alle ONG, imprese sociali e societ\u00e0 di mutuo soccorso.<\/p>\n<p>Non si pu\u00f2 valutare il carico che si riverser\u00e0 sulla Corte per decidere, tra la moltitudine di <em>opinioni<\/em>, quali saranno quelle meritevoli di essere ammesse, allorch\u00e9 si sar\u00e0 diffusa la conoscenza di questo nuovo mezzo di accesso e quando la pressione spontanea o organizzata crescer\u00e0. Non mancheranno gli avvocati che in buona fede o per protagonismo politico-professionale verranno in aiuto o saranno promotori.\u00a0<\/p>\n<p>La domanda spontanea \u00e8 quindi: perch\u00e9 dei soggetti portatori di interessi per i quali non \u00e8 praticabile, o non \u00e8 stata praticata la giuridicit\u00e0 dinnanzi al giudice competente per il merito dovrebbero avere voce nel giudizio incidentale di costituzionalit\u00e0, anche se celati dietro il diafano velo del non riconoscimento della qualit\u00e0 di parte?<\/p>\n<p>La Corte costituzionale non ha necessit\u00e0 alcuna di \u201cmodernizzazione\u201d o di \u201crilegittimazione\u201d. La metodologia delle scienze storico- sociali (da Weber a Gramsci) non \u00e8 estranea alla cultura dei giudici costituzionali. A maggior ragione la \u201ccultura dell\u2019ascolto\u201d non deve esporre la Corte all\u2019assedio delle pi\u00f9 disparate istanze sociali non filtrate dalla \u201cpolitica\u201d.<\/p>\n<p>Solo incidentalmente. Anche l\u2019ascolto degli \u201cesperti\u201d (art.14 bis aggiunto dall\u2019art.3 della delibera) \u00e8 una lama di rasoio. Pu\u00f2 esser efficace per penetrare la materia, ma pu\u00f2 anche degradare a campo di scontro tra opposti \u201cideologismi\u201d.<\/p>\n<p>Cos\u00ec non si garantir\u00e0 l\u2019interpretazione \u201cevolutiva\u201d delle norme. Al contrario aumenter\u00e0 il rischio oggettivo di oscillazione, secondo la direzione presa da quel magma caotico, \u201catomizzato\u201d e \u201cdepoliticizzato\u201d, che si dice societ\u00e0 civile, che per questa ragione, secondo il lessico gramsciano (A. Gramsci, <em>Quaderni del carcere, <\/em>Torino, Einaudi, 1975, 662 e <em>Note sul Machiavelli, sulla politica e sullo Stato moderno, <\/em>Roma, Editori Riuniti, 1977, 115) non \u00e8 sempre riassorbibile nella societ\u00e0 politica a causa della sua difficolt\u00e0 a diventare <em>societ\u00e0 di massa<\/em> in un dato momento storico e che pu\u00f2 anche andare in direzione di arretramento. Proprio come oggi, quando, per dirla sempre secondo il lessico gramsciano, assistiamo al \u201criassorbimento \u201cdella societ\u00e0 politica nella societ\u00e0 civile, con gli effetti che sono sotto gli occhi di tutti.<\/p>\n<p>Non \u00e8 nella natura dell\u2019art.118 che la Corte costituzionale assuma un ruolo di responsabilit\u00e0, neppure incidentale, per filtrare l\u2019attivismo, pi\u00f9 o meno controllato, dei cittadini, perch\u00e9 questo ruolo spetta ad altri, alla rappresentanza politica ai vari livelli dotati, pur se in crisi, di legittimazione democratica, ma non all\u2019intervento della Corte costituzionale.<\/p>\n<p>A prima vista sembrano questi i problemi che si apriranno con l\u2019ingresso in campo degli <em>amici curiae <\/em>e forse non occorrer\u00e0 neanche molto tempo per avere le prime risposte.<\/p>\n","protected":false},"excerpt":{"rendered":"<p>di Claudio Tani La delibera dell\u20198 gennaio 2020 della Corte costituzionale recante \u201cModificazioni alle Norme integrative per i giudizi davanti alla Corte costituzionale\u201d contiene importantissime novit\u00e0, che potrebbero influire decisamente, anche nel breve periodo, sull\u2019evoluzione del giudizio di costituzionalit\u00e0 in via incidentale.<\/p>\n<div class='heateorSssClear'><\/div><div  class='heateor_sss_sharing_container heateor_sss_horizontal_sharing' data-heateor-sss-href='https:\/\/www.lacostituzione.info\/index.php\/2020\/02\/18\/la-svolta-cartabia-il-problematico-ingresso-della-societa-civile-nei-giudizi-dinnanzi-alla-corte-costituzionale\/'><div class='heateor_sss_sharing_title' style=\"font-weight:bold\" >Condividi!<\/div><div class=\"heateor_sss_sharing_ul\"><a aria-label=\"Facebook\" class=\"heateor_sss_facebook\" href=\"https:\/\/www.facebook.com\/sharer\/sharer.php?u=https%3A%2F%2Fwww.lacostituzione.info%2Findex.php%2F2020%2F02%2F18%2Fla-svolta-cartabia-il-problematico-ingresso-della-societa-civile-nei-giudizi-dinnanzi-alla-corte-costituzionale%2F\" title=\"Facebook\" rel=\"nofollow noopener\" target=\"_blank\" style=\"font-size:32px!important;box-shadow:none;display:inline-block;vertical-align:middle\"><span class=\"heateor_sss_svg\" style=\"background-color:#0765FE;width:35px;height:35px;display:inline-block;opacity:1;float:left;font-size:32px;box-shadow:none;display:inline-block;font-size:16px;padding:0 4px;vertical-align:middle;background-repeat:repeat;overflow:hidden;padding:0;cursor:pointer;box-sizing:content-box\"><svg style=\"display:block;\" focusable=\"false\" aria-hidden=\"true\" xmlns=\"http:\/\/www.w3.org\/2000\/svg\" width=\"100%\" height=\"100%\" viewBox=\"0 0 32 32\"><path fill=\"#fff\" d=\"M28 16c0-6.627-5.373-12-12-12S4 9.373 4 16c0 5.628 3.875 10.35 9.101 11.647v-7.98h-2.474V16H13.1v-1.58c0-4.085 1.849-5.978 5.859-5.978.76 0 2.072.15 2.608.298v3.325c-.283-.03-.775-.045-1.386-.045-1.967 0-2.728.745-2.728 2.683V16h3.92l-.673 3.667h-3.247v8.245C23.395 27.195 28 22.135 28 16Z\"><\/path><\/svg><\/span><\/a><a aria-label=\"Twitter\" class=\"heateor_sss_button_twitter\" href=\"https:\/\/twitter.com\/intent\/tweet?text=La%20svolta%20Cartabia.%C2%A0Il%20problematico%20ingresso%20della%20societ%C3%A0%20civile%20nei%20giudizi%20dinnanzi%20alla%20Corte%20costituzionale&url=https%3A%2F%2Fwww.lacostituzione.info%2Findex.php%2F2020%2F02%2F18%2Fla-svolta-cartabia-il-problematico-ingresso-della-societa-civile-nei-giudizi-dinnanzi-alla-corte-costituzionale%2F\" title=\"Twitter\" rel=\"nofollow noopener\" target=\"_blank\" style=\"font-size:32px!important;box-shadow:none;display:inline-block;vertical-align:middle\"><span class=\"heateor_sss_svg heateor_sss_s__default heateor_sss_s_twitter\" style=\"background-color:#55acee;width:35px;height:35px;display:inline-block;opacity:1;float:left;font-size:32px;box-shadow:none;display:inline-block;font-size:16px;padding:0 4px;vertical-align:middle;background-repeat:repeat;overflow:hidden;padding:0;cursor:pointer;box-sizing:content-box\"><svg style=\"display:block;\" focusable=\"false\" aria-hidden=\"true\" xmlns=\"http:\/\/www.w3.org\/2000\/svg\" width=\"100%\" height=\"100%\" viewBox=\"-4 -4 39 39\"><path d=\"M28 8.557a9.913 9.913 0 0 1-2.828.775 4.93 4.93 0 0 0 2.166-2.725 9.738 9.738 0 0 1-3.13 1.194 4.92 4.92 0 0 0-3.593-1.55 4.924 4.924 0 0 0-4.794 6.049c-4.09-.21-7.72-2.17-10.15-5.15a4.942 4.942 0 0 0-.665 2.477c0 1.71.87 3.214 2.19 4.1a4.968 4.968 0 0 1-2.23-.616v.06c0 2.39 1.7 4.38 3.952 4.83-.414.115-.85.174-1.297.174-.318 0-.626-.03-.928-.086a4.935 4.935 0 0 0 4.6 3.42 9.893 9.893 0 0 1-6.114 2.107c-.398 0-.79-.023-1.175-.068a13.953 13.953 0 0 0 7.55 2.213c9.056 0 14.01-7.507 14.01-14.013 0-.213-.005-.426-.015-.637.96-.695 1.795-1.56 2.455-2.55z\" fill=\"#fff\"><\/path><\/svg><\/span><\/a><a aria-label=\"Reddit\" class=\"heateor_sss_button_reddit\" href=\"https:\/\/reddit.com\/submit?url=https%3A%2F%2Fwww.lacostituzione.info%2Findex.php%2F2020%2F02%2F18%2Fla-svolta-cartabia-il-problematico-ingresso-della-societa-civile-nei-giudizi-dinnanzi-alla-corte-costituzionale%2F&title=La%20svolta%20Cartabia.%C2%A0Il%20problematico%20ingresso%20della%20societ%C3%A0%20civile%20nei%20giudizi%20dinnanzi%20alla%20Corte%20costituzionale\" title=\"Reddit\" rel=\"nofollow noopener\" target=\"_blank\" style=\"font-size:32px!important;box-shadow:none;display:inline-block;vertical-align:middle\"><span class=\"heateor_sss_svg heateor_sss_s__default heateor_sss_s_reddit\" style=\"background-color:#ff5700;width:35px;height:35px;display:inline-block;opacity:1;float:left;font-size:32px;box-shadow:none;display:inline-block;font-size:16px;padding:0 4px;vertical-align:middle;background-repeat:repeat;overflow:hidden;padding:0;cursor:pointer;box-sizing:content-box\"><svg style=\"display:block;\" focusable=\"false\" aria-hidden=\"true\" xmlns=\"http:\/\/www.w3.org\/2000\/svg\" width=\"100%\" height=\"100%\" viewBox=\"-3.5 -3.5 39 39\"><path d=\"M28.543 15.774a2.953 2.953 0 0 0-2.951-2.949 2.882 2.882 0 0 0-1.9.713 14.075 14.075 0 0 0-6.85-2.044l1.38-4.349 3.768.884a2.452 2.452 0 1 0 .24-1.176l-4.274-1a.6.6 0 0 0-.709.4l-1.659 5.224a14.314 14.314 0 0 0-7.316 2.029 2.908 2.908 0 0 0-1.872-.681 2.942 2.942 0 0 0-1.618 5.4 5.109 5.109 0 0 0-.062.765c0 4.158 5.037 7.541 11.229 7.541s11.22-3.383 11.22-7.541a5.2 5.2 0 0 0-.053-.706 2.963 2.963 0 0 0 1.427-2.51zm-18.008 1.88a1.753 1.753 0 0 1 1.73-1.74 1.73 1.73 0 0 1 1.709 1.74 1.709 1.709 0 0 1-1.709 1.711 1.733 1.733 0 0 1-1.73-1.711zm9.565 4.968a5.573 5.573 0 0 1-4.081 1.272h-.032a5.576 5.576 0 0 1-4.087-1.272.6.6 0 0 1 .844-.854 4.5 4.5 0 0 0 3.238.927h.032a4.5 4.5 0 0 0 3.237-.927.6.6 0 1 1 .844.854zm-.331-3.256a1.726 1.726 0 1 1 1.709-1.712 1.717 1.717 0 0 1-1.712 1.712z\" fill=\"#fff\"\/><\/svg><\/span><\/a><a aria-label=\"Linkedin\" class=\"heateor_sss_button_linkedin\" href=\"https:\/\/www.linkedin.com\/sharing\/share-offsite\/?url=https%3A%2F%2Fwww.lacostituzione.info%2Findex.php%2F2020%2F02%2F18%2Fla-svolta-cartabia-il-problematico-ingresso-della-societa-civile-nei-giudizi-dinnanzi-alla-corte-costituzionale%2F\" title=\"Linkedin\" rel=\"nofollow noopener\" target=\"_blank\" style=\"font-size:32px!important;box-shadow:none;display:inline-block;vertical-align:middle\"><span class=\"heateor_sss_svg heateor_sss_s__default heateor_sss_s_linkedin\" style=\"background-color:#0077b5;width:35px;height:35px;display:inline-block;opacity:1;float:left;font-size:32px;box-shadow:none;display:inline-block;font-size:16px;padding:0 4px;vertical-align:middle;background-repeat:repeat;overflow:hidden;padding:0;cursor:pointer;box-sizing:content-box\"><svg style=\"display:block;\" focusable=\"false\" aria-hidden=\"true\" xmlns=\"http:\/\/www.w3.org\/2000\/svg\" width=\"100%\" height=\"100%\" viewBox=\"0 0 32 32\"><path d=\"M6.227 12.61h4.19v13.48h-4.19V12.61zm2.095-6.7a2.43 2.43 0 0 1 0 4.86c-1.344 0-2.428-1.09-2.428-2.43s1.084-2.43 2.428-2.43m4.72 6.7h4.02v1.84h.058c.56-1.058 1.927-2.176 3.965-2.176 4.238 0 5.02 2.792 5.02 6.42v7.395h-4.183v-6.56c0-1.564-.03-3.574-2.178-3.574-2.18 0-2.514 1.7-2.514 3.46v6.668h-4.187V12.61z\" fill=\"#fff\"><\/path><\/svg><\/span><\/a><a aria-label=\"Pinterest\" class=\"heateor_sss_button_pinterest\" href=\"https:\/\/www.lacostituzione.info\/index.php\/2020\/02\/18\/la-svolta-cartabia-il-problematico-ingresso-della-societa-civile-nei-giudizi-dinnanzi-alla-corte-costituzionale\/\" onclick=\"event.preventDefault();javascript:void( (function() {var e=document.createElement('script' );e.setAttribute('type','text\/javascript' );e.setAttribute('charset','UTF-8' );e.setAttribute('src','\/\/assets.pinterest.com\/js\/pinmarklet.js?r='+Math.random()*99999999);document.body.appendChild(e)})());\" title=\"Pinterest\" rel=\"noopener\" style=\"font-size:32px!important;box-shadow:none;display:inline-block;vertical-align:middle\"><span class=\"heateor_sss_svg heateor_sss_s__default heateor_sss_s_pinterest\" style=\"background-color:#cc2329;width:35px;height:35px;display:inline-block;opacity:1;float:left;font-size:32px;box-shadow:none;display:inline-block;font-size:16px;padding:0 4px;vertical-align:middle;background-repeat:repeat;overflow:hidden;padding:0;cursor:pointer;box-sizing:content-box\"><svg style=\"display:block;\" focusable=\"false\" aria-hidden=\"true\" xmlns=\"http:\/\/www.w3.org\/2000\/svg\" width=\"100%\" height=\"100%\" viewBox=\"-2 -2 35 35\"><path fill=\"#fff\" d=\"M16.539 4.5c-6.277 0-9.442 4.5-9.442 8.253 0 2.272.86 4.293 2.705 5.046.303.125.574.005.662-.33.061-.231.205-.816.27-1.06.088-.331.053-.447-.191-.736-.532-.627-.873-1.439-.873-2.591 0-3.338 2.498-6.327 6.505-6.327 3.548 0 5.497 2.168 5.497 5.062 0 3.81-1.686 7.025-4.188 7.025-1.382 0-2.416-1.142-2.085-2.545.397-1.674 1.166-3.48 1.166-4.689 0-1.081-.581-1.983-1.782-1.983-1.413 0-2.548 1.462-2.548 3.419 0 1.247.421 2.091.421 2.091l-1.699 7.199c-.505 2.137-.076 4.755-.039 5.019.021.158.223.196.314.077.13-.17 1.813-2.247 2.384-4.324.162-.587.929-3.631.929-3.631.46.876 1.801 1.646 3.227 1.646 4.247 0 7.128-3.871 7.128-9.053.003-3.918-3.317-7.568-8.361-7.568z\"\/><\/svg><\/span><\/a><a aria-label=\"Whatsapp\" class=\"heateor_sss_whatsapp\" href=\"https:\/\/api.whatsapp.com\/send?text=La%20svolta%20Cartabia.%C2%A0Il%20problematico%20ingresso%20della%20societ%C3%A0%20civile%20nei%20giudizi%20dinnanzi%20alla%20Corte%20costituzionale%20https%3A%2F%2Fwww.lacostituzione.info%2Findex.php%2F2020%2F02%2F18%2Fla-svolta-cartabia-il-problematico-ingresso-della-societa-civile-nei-giudizi-dinnanzi-alla-corte-costituzionale%2F\" title=\"Whatsapp\" rel=\"nofollow noopener\" target=\"_blank\" style=\"font-size:32px!important;box-shadow:none;display:inline-block;vertical-align:middle\"><span class=\"heateor_sss_svg\" style=\"background-color:#55eb4c;width:35px;height:35px;display:inline-block;opacity:1;float:left;font-size:32px;box-shadow:none;display:inline-block;font-size:16px;padding:0 4px;vertical-align:middle;background-repeat:repeat;overflow:hidden;padding:0;cursor:pointer;box-sizing:content-box\"><svg style=\"display:block;\" focusable=\"false\" aria-hidden=\"true\" xmlns=\"http:\/\/www.w3.org\/2000\/svg\" width=\"100%\" height=\"100%\" viewBox=\"-6 -5 40 40\"><path class=\"heateor_sss_svg_stroke heateor_sss_no_fill\" stroke=\"#fff\" stroke-width=\"2\" fill=\"none\" d=\"M 11.579798566743314 24.396926207859085 A 10 10 0 1 0 6.808479557110079 20.73576436351046\"><\/path><path d=\"M 7 19 l -1 6 l 6 -1\" class=\"heateor_sss_no_fill heateor_sss_svg_stroke\" stroke=\"#fff\" stroke-width=\"2\" fill=\"none\"><\/path><path d=\"M 10 10 q -1 8 8 11 c 5 -1 0 -6 -1 -3 q -4 -3 -5 -5 c 4 -2 -1 -5 -1 -4\" fill=\"#fff\"><\/path><\/svg><\/span><\/a><\/div><div class=\"heateorSssClear\"><\/div><\/div><div class='heateorSssClear'><\/div>","protected":false},"author":1,"featured_media":0,"comment_status":"open","ping_status":"open","sticky":false,"template":"","format":"standard","meta":{"jetpack_post_was_ever_published":false,"_jetpack_newsletter_access":"","_jetpack_dont_email_post_to_subs":false,"_jetpack_newsletter_tier_id":0,"_jetpack_memberships_contains_paywalled_content":false,"_jetpack_memberships_contains_paid_content":false,"footnotes":"","jetpack_publicize_message":"","jetpack_publicize_feature_enabled":true,"jetpack_social_post_already_shared":false,"jetpack_social_options":{"image_generator_settings":{"template":"highway","default_image_id":0,"enabled":false},"version":2}},"categories":[4],"tags":[1460,149],"class_list":["post-6821","post","type-post","status-publish","format-standard","hentry","category-attualita","tag-amicus-curiae","tag-corte-costituzionale"],"jetpack_publicize_connections":[],"jetpack_featured_media_url":"","jetpack_shortlink":"https:\/\/wp.me\/p84sDq-1M1","jetpack_likes_enabled":true,"jetpack_sharing_enabled":true,"_links":{"self":[{"href":"https:\/\/www.lacostituzione.info\/index.php\/wp-json\/wp\/v2\/posts\/6821","targetHints":{"allow":["GET"]}}],"collection":[{"href":"https:\/\/www.lacostituzione.info\/index.php\/wp-json\/wp\/v2\/posts"}],"about":[{"href":"https:\/\/www.lacostituzione.info\/index.php\/wp-json\/wp\/v2\/types\/post"}],"author":[{"embeddable":true,"href":"https:\/\/www.lacostituzione.info\/index.php\/wp-json\/wp\/v2\/users\/1"}],"replies":[{"embeddable":true,"href":"https:\/\/www.lacostituzione.info\/index.php\/wp-json\/wp\/v2\/comments?post=6821"}],"version-history":[{"count":0,"href":"https:\/\/www.lacostituzione.info\/index.php\/wp-json\/wp\/v2\/posts\/6821\/revisions"}],"wp:attachment":[{"href":"https:\/\/www.lacostituzione.info\/index.php\/wp-json\/wp\/v2\/media?parent=6821"}],"wp:term":[{"taxonomy":"category","embeddable":true,"href":"https:\/\/www.lacostituzione.info\/index.php\/wp-json\/wp\/v2\/categories?post=6821"},{"taxonomy":"post_tag","embeddable":true,"href":"https:\/\/www.lacostituzione.info\/index.php\/wp-json\/wp\/v2\/tags?post=6821"}],"curies":[{"name":"wp","href":"https:\/\/api.w.org\/{rel}","templated":true}]}}