{"id":6832,"date":"2020-02-28T10:39:00","date_gmt":"2020-02-28T09:39:00","guid":{"rendered":"http:\/\/www.lacostituzione.info\/?p=6832"},"modified":"2020-03-02T19:07:54","modified_gmt":"2020-03-02T18:07:54","slug":"coronavirus-il-tar-sospende-lordinanza-della-regione-marche-che-ne-fa-unaltra","status":"publish","type":"post","link":"https:\/\/www.lacostituzione.info\/index.php\/2020\/02\/28\/coronavirus-il-tar-sospende-lordinanza-della-regione-marche-che-ne-fa-unaltra\/","title":{"rendered":"Coronavirus, il TAR sospende l\u2019ordinanza della Regione Marche (che ne fa un\u2019altra)"},"content":{"rendered":"\n<p style=\"text-align: center;\"><strong><a href=\"http:\/\/www.lacostituzione.info\/wp-content\/uploads\/2020\/02\/coronavirus-2.jpg\"><img loading=\"lazy\" decoding=\"async\" data-attachment-id=\"6850\" data-permalink=\"https:\/\/www.lacostituzione.info\/index.php\/2020\/02\/28\/coronavirus-il-tar-sospende-lordinanza-della-regione-marche-che-ne-fa-unaltra\/coronavirus-2\/#main\" data-orig-file=\"https:\/\/www.lacostituzione.info\/wp-content\/uploads\/2020\/02\/coronavirus-2.jpg\" data-orig-size=\"956,538\" data-comments-opened=\"1\" data-image-meta=\"{&quot;aperture&quot;:&quot;0&quot;,&quot;credit&quot;:&quot;&quot;,&quot;camera&quot;:&quot;&quot;,&quot;caption&quot;:&quot;&quot;,&quot;created_timestamp&quot;:&quot;0&quot;,&quot;copyright&quot;:&quot;&quot;,&quot;focal_length&quot;:&quot;0&quot;,&quot;iso&quot;:&quot;0&quot;,&quot;shutter_speed&quot;:&quot;0&quot;,&quot;title&quot;:&quot;&quot;,&quot;orientation&quot;:&quot;0&quot;}\" data-image-title=\"coronavirus-2\" data-image-description=\"\" data-image-caption=\"\" data-medium-file=\"https:\/\/www.lacostituzione.info\/wp-content\/uploads\/2020\/02\/coronavirus-2-300x169.jpg\" data-large-file=\"https:\/\/www.lacostituzione.info\/wp-content\/uploads\/2020\/02\/coronavirus-2.jpg\" class=\"aligncenter size-thumbnail wp-image-6850\" src=\"http:\/\/www.lacostituzione.info\/wp-content\/uploads\/2020\/02\/coronavirus-2-150x150.jpg\" alt=\"\" width=\"150\" height=\"150\" \/><\/a><\/strong>di\u00a0<strong>Giovanni Di Cosimo <\/strong>e <strong>Giacomo Menegus<\/strong><\/p>\n<p>Lo scontro tra Governo e Regione Marche sulla gestione dell\u2019<em>emergenza coronavirus <\/em>fa segnare una prima provvisoria vittoria del fronte governativo; la vicenda tuttavia \u2013 di difficile lettura per i non addetti ai lavori \u2013 rischia di accentuare il senso di disorientamento e sfiducia della cittadinanza verso le istituzioni in un momento gi\u00e0 complesso per il Paese.<!--more--><\/p>\n<p>Per cercare di fare un po\u2019 di chiarezza su quanto sta succedendo, \u00e8 utile riprendere il filo degli eventi, fissando alcuni punti essenziali.<\/p>\n<p><strong>Primo: le norme<\/strong><\/p>\n<p>La gestione dell\u2019emergenza \u00e8 regolata in via principale dal <a href=\"https:\/\/www.gazzettaufficiale.it\/eli\/id\/2020\/02\/23\/20G00020\/sg\">D.L. n. 6\/2020<\/a>, adottato dal Governo lo scorso 23 febbraio 2020. L\u2019art. 1, comma 1, del decreto prevede che nei luoghi in cui \u201crisulta <em>positiva almeno una persona<\/em> per la quale <em>non si conosce la fonte di trasmissione<\/em> o comunque nei quali vi \u00e8 <em>un caso non riconducibile ad una persona proveniente da un\u2019area gi\u00e0 interessata dal contagio<\/em> (\u2026), le autorit\u00e0 competenti sono tenute ad adottare ogni misura di contenimento e gestione adeguata e proporzionata all\u2019evolversi della situazione epidemiologica\u201d. Segue, al comma 2, un elenco delle misure adottabili, che vanno dal divieto di allontanamento ed accesso alle aree interessate dal contagio, alla sospensione di manifestazione ed eventi pubblici, dei viaggi di istruzione, alla chiusura di scuole, musei, luoghi di cultura ecc.<\/p>\n<p>L\u2019art. 2 prevede poi, che \u201c<em>ulteriori misure<\/em>\u201d di contenimento, diverse rispetto a quelle gi\u00e0 indicate all\u2019art. 1, possono essere adottate \u201c<em>anche fuori dai casi di cui all\u2019articolo 1, comma 1<\/em>\u201d.<\/p>\n<p>Viene infine precisato che l\u2019attuazione di tutte le citate misure \u00e8 rimessa a decreti del Presidente del Consiglio, adottati su proposta del Ministro della Salute, sentiti i vari ministri competenti e i Presidenti delle Regioni interessate (o il Presidente della Conferenza dei Presidenti delle Regioni, se la misura ha portata nazionale). Per il tempo necessario ad adottare tali decreti, il decreto legge dispone che siano le autorit\u00e0 competenti delle zone interessate dal contagio \u2013 ovvero Presidenti delle Regioni e Sindaci \u2013 a provvedere in via d\u2019urgenza alle misure di contenimento gi\u00e0 indicate con ordinanze contingibili ed urgenti (art. 32 legge n. 833\/1978, art. 117 d.lgs. n. 122\/1998, art. 50 TUEL).<\/p>\n<p>Per quanto sia frutto di una scrittura affrettata e a tratti imprecisa, il decreto appare piuttosto chiaro: le misure di contenimento indicate all\u2019art. 1 vanno adottate nelle aree dove vi sia un contagio (non riconducibile alle aree gi\u00e0 interessate); in un primo momento saranno i Sindaci e i Presidenti delle Regioni ad individuare il da farsi; in un secondo momento sar\u00e0 invece il Presidente del Consiglio con le modalit\u00e0 gi\u00e0 descritte.<\/p>\n<p><strong>Secondo: i fatti<\/strong><\/p>\n<p><strong>\u00a0<\/strong>Pur in assenza di contagi accertati sul proprio territorio, luned\u00ec 24 febbraio il Presidente della Regione Marche Ceriscioli annuncia ai giornalisti l\u2019adozione di misure di contenimento in tutto analoghe a quelle adottate dalle Regioni con casi acclarati; sennonch\u00e9, proprio nel corso della conferenza stampa viene raggiunto al telefono dal Presidente del Consiglio Conte, che lo invita ad auto-sospendere l\u2019ordinanza fino al giorno seguente, al fine di coordinare gli interventi tra Governo e Regioni (vedi il video <a href=\"https:\/\/www.ilfattoquotidiano.it\/2020\/02\/24\/coronavirus-governatore-ceriscioli-in-streaming-da-domani-chiuse-tutte-le-scuole-nelle-marche-ma-conte-lo-chiama-in-diretta-e-lo-blocca\/5715768\/\">qui<\/a>).<\/p>\n<p>Il giorno seguente, marted\u00ec 25 febbraio, al tavolo tecnico convocato dal Governo, la Regione Marche \u2013 stando a quanto emerge dalle notizie di stampa \u2013 non avrebbe palesato l\u2019intenzione di proseguire con l\u2019adozione del provvedimento.<\/p>\n<p>A distanza di qualche ora, tuttavia, facendo leva sull\u2019art. 2 del Decreto legge che consente l\u2019adozione di \u201culteriori misure\u201d \u201canche fuori dai casi di cui all\u2019art. 1\u201d, il Presidente Ceriscioli ha confermato nella sostanza la <a href=\"http:\/\/www.regione.marche.it\/portals\/0\/Salute\/CORONAVIRUS\/Regione%20Marche_Ordinanza%20n_1%20del%2025%20febbraio%202020_COVID-19.pdf\">precedente ordinanza<\/a>, con la quale ha disposto, a partire dalle ore 00.00 di mercoled\u00ec 26 febbraio 2020 fino alle ore 24,00 del 4 marzo 2020:<\/p>\n<p>a) la sospensione di tutte le manifestazioni pubbliche, di qualsiasi natura;<\/p>\n<p>b) la sospensione dei servizi educativi dell\u2019infanzia e delle scuole di ogni ordine e grado, nonch\u00e9 della frequenza delle attivit\u00e0 scolastiche, universitarie (lezioni, esami di profitto e sedute di lauree) e di alta formazione professionale e dei percorsi di istruzione e formazione professionale, salvo le attivit\u00e0 formative svolte a distanza e quelle relative alle professioni sanitarie ivi compresi i tirocini;<\/p>\n<p>c) la sospensione di ogni viaggio di istruzione sia sul territorio nazionale sia estero;<\/p>\n<p>d) la sospensione dell\u2019apertura al pubblico dei musei e degli altri istituti e luoghi della cultura e delle biblioteche;<\/p>\n<p>e) la sospensione dei concorsi pubblici fatti salvi quelli relativi alle professioni sanitarie per le quali dovranno essere garantite le opportune misure igieniche.<\/p>\n<p>La decisione di Ceriscioli ha innescato la reazione del Governo, che ha accusato la Regione Marche di venir meno all\u2019accordo raggiunto al tavolo tecnico appena poche ore prima. Nella notte, il Consiglio dei Ministri ha quindi deciso di impugnare l\u2019ordinanza della Regione dinanzi al TAR delle Marche, per chiederne l\u2019annullamento e, in via d\u2019urgenza, la sospensione.<\/p>\n<p>Il responso del TAR non si \u00e8 fatto attendere: il 27 febbraio con <a href=\"https:\/\/www.picenooggi.it\/files\/2020\/02\/Coronavirus-ordinanza-Marche-sospesa-dal-Tar.pdf\">decreto del Presidente dello stesso tribunale<\/a>, il giudice amministrativo ha sospeso l\u2019ordinanza fino al 4 marzo prossimo, data in cui \u00e8 fissata l\u2019udienza collegiale per decidere sulla fase cautelare.<\/p>\n<p>Qui si impone una prima precisazione: la decisione del TAR \u2013 nonostante renda sostanzialmente inefficace l\u2019ordinanza, che aveva una durata limitata fino al 4 marzo \u2013 non \u00e8 affatto definitiva; si tratta infatti di un <em>provvedimento cautelare<\/em>, che non dice cio\u00e8 chi ha torto e chi ha ragione, ma si limita a sospendere l\u2019efficacia dell\u2019ordinanza impugnata per evitare che si producano <em>pregiudizi irreversibili<\/em> nel tempo necessario a decidere in via definitiva.<\/p>\n<p>Seconda precisazione: il decreto del TAR, adottato ai sensi dell\u2019art. 56 c.p.a., \u00e8 un tipo di provvedimento cautelare per cos\u00ec dire \u201cspeciale\u201d, in quanto si adotta \u201cin caso di estrema gravit\u00e0 ed urgenza, tale da non consentire neppure la dilazione fino alla data della camera di consiglio\u201d.<\/p>\n<p>Detto ci\u00f2, veniamo alla motivazione; il TAR svolge tre considerazioni:<\/p>\n<p>1) al momento dell\u2019adozione dell\u2019ordinanza non c\u2019erano contagi confermati sul suolo marchigiano e perci\u00f2 non si rientrava nei casi previsti dall\u2019art. 1;<\/p>\n<p>2) il TAR deve valutare la legittimit\u00e0 dell\u2019ordinanza non con riguardo ad eventi sopravvenuti, cio\u00e8 i contagi successivamente accertati, ma solo con riguardo alla situazione al momento dell\u2019adozione dell\u2019ordinanza (principio del cd. <em>tempus regit actum<\/em>);<\/p>\n<p>3) le \u201culteriori misure\u201d (art. 2) non possono essere invasive e restrittive in misura eguale a quelle previste dall\u2019art. 1, sia perch\u00e9 non ha senso adottare le stesse misure in aree interessate da contagi e aree non interessate, sia perch\u00e9 \u00e8 pi\u00f9 ragionevole, secondo una lettura sistematica del provvedimento, ritenere che le \u201culteriori misure\u201d siano meno invasive di quelle previste all\u2019art. 1.<\/p>\n<p>Sembrava finita qui, almeno per il momento. Ma a distanza di poche ore dalla pubblicazione del decreto del TAR, il Presidente Ceriscioli ha emanato una <a href=\"http:\/\/www.regione.marche.it\/Portals\/0\/Salute\/Coronavirus\/ordinanza_CORONAVIRUS_2_27_febbraio_2020.pdf\">nuova ordinanza<\/a> contingibile ed urgente, con durata fissata fino alla mezzanotte di sabato 29 febbraio e in tutto analoga a quella sospesa, motivandola questa volta sulla scorta dei sei casi accertati di contagio nel frattempo emersi sul territorio marchigiano.<\/p>\n<p><strong>Terzo: il segnale <\/strong><\/p>\n<p>Riassumendo: luned\u00ec 24 febbraio la Regione predispone un\u2019ordinanza che sospende molti importanti aspetti della vita collettiva, ma, mentre la sta presentando alla stampa, decide di accogliere il suggerimento del Governo che consiglia di soprassedere almeno per il momento. Il giorno successivo la Regione torna alla carica e adotta l\u2019ordinanza le cui misure diventano operative. Due giorni dopo, gioved\u00ec pomeriggio, il TAR ne sospende per\u00f2 l\u2019efficacia. Le misure restano sospese solo per poche ore perch\u00e9 la Regione le risuscita con un secondo provvedimento di contenuto identico al primo, anche se di durata pi\u00f9 breve.<\/p>\n<p>Al momento non sappiamo se questa tormentata vicenda sia realmente conclusa. Ma gi\u00e0 ora pare chiaro il significato che assume agli occhi dei cittadini. Si pu\u00f2 immaginare il loro sconcerto di fronte a questo confuso balletto. Il segnale che arriva \u00e8 devastante: in questa difficile situazione sanitaria le istituzioni centrali e periferiche viaggiano spaiate, non sanno coordinarsi, litigano.<\/p>\n<p>Altrettanto chiaro \u00e8 che la vicenda ridar\u00e0 fiato alle opinioni contrarie al decentramento regionale, alle posizioni scettiche per non dire peggio sull\u2019utilit\u00e0 del confuso regionalismo uscito nel 2001 dalla riforma del Titolo V della Costituzione. E sarebbe un ben paradossale risultato: un\u2019iniziativa che neanche tanto velatamente vuol riaffermare il ruolo regionale, in realt\u00e0 rischia di comprometterlo definitivamente.<\/p>\n","protected":false},"excerpt":{"rendered":"<p>di\u00a0Giovanni Di Cosimo e Giacomo Menegus Lo scontro tra Governo e Regione Marche sulla gestione dell\u2019emergenza coronavirus fa segnare una prima provvisoria vittoria del fronte governativo; la vicenda tuttavia \u2013 di difficile lettura per i non addetti ai lavori \u2013 rischia di accentuare il senso di disorientamento e sfiducia della cittadinanza verso le istituzioni in &#8230; <a title=\"Coronavirus, il TAR sospende l\u2019ordinanza della Regione Marche (che ne fa un\u2019altra)\" class=\"read-more\" href=\"https:\/\/www.lacostituzione.info\/index.php\/2020\/02\/28\/coronavirus-il-tar-sospende-lordinanza-della-regione-marche-che-ne-fa-unaltra\/\">Leggi tutto<\/a><\/p>\n<div class='heateorSssClear'><\/div><div  class='heateor_sss_sharing_container heateor_sss_horizontal_sharing' data-heateor-sss-href='https:\/\/www.lacostituzione.info\/index.php\/2020\/02\/28\/coronavirus-il-tar-sospende-lordinanza-della-regione-marche-che-ne-fa-unaltra\/'><div class='heateor_sss_sharing_title' style=\"font-weight:bold\" >Condividi!<\/div><div class=\"heateor_sss_sharing_ul\"><a aria-label=\"Facebook\" class=\"heateor_sss_facebook\" href=\"https:\/\/www.facebook.com\/sharer\/sharer.php?u=https%3A%2F%2Fwww.lacostituzione.info%2Findex.php%2F2020%2F02%2F28%2Fcoronavirus-il-tar-sospende-lordinanza-della-regione-marche-che-ne-fa-unaltra%2F\" title=\"Facebook\" rel=\"nofollow noopener\" target=\"_blank\" style=\"font-size:32px!important;box-shadow:none;display:inline-block;vertical-align:middle\"><span class=\"heateor_sss_svg\" style=\"background-color:#0765FE;width:35px;height:35px;display:inline-block;opacity:1;float:left;font-size:32px;box-shadow:none;display:inline-block;font-size:16px;padding:0 4px;vertical-align:middle;background-repeat:repeat;overflow:hidden;padding:0;cursor:pointer;box-sizing:content-box\"><svg style=\"display:block;\" focusable=\"false\" aria-hidden=\"true\" xmlns=\"http:\/\/www.w3.org\/2000\/svg\" width=\"100%\" height=\"100%\" viewBox=\"0 0 32 32\"><path fill=\"#fff\" d=\"M28 16c0-6.627-5.373-12-12-12S4 9.373 4 16c0 5.628 3.875 10.35 9.101 11.647v-7.98h-2.474V16H13.1v-1.58c0-4.085 1.849-5.978 5.859-5.978.76 0 2.072.15 2.608.298v3.325c-.283-.03-.775-.045-1.386-.045-1.967 0-2.728.745-2.728 2.683V16h3.92l-.673 3.667h-3.247v8.245C23.395 27.195 28 22.135 28 16Z\"><\/path><\/svg><\/span><\/a><a aria-label=\"Twitter\" class=\"heateor_sss_button_twitter\" href=\"https:\/\/twitter.com\/intent\/tweet?text=Coronavirus%2C%20il%20TAR%20sospende%20l%E2%80%99ordinanza%20della%20Regione%20Marche%20%28che%20ne%20fa%20un%E2%80%99altra%29&url=https%3A%2F%2Fwww.lacostituzione.info%2Findex.php%2F2020%2F02%2F28%2Fcoronavirus-il-tar-sospende-lordinanza-della-regione-marche-che-ne-fa-unaltra%2F\" title=\"Twitter\" rel=\"nofollow noopener\" target=\"_blank\" style=\"font-size:32px!important;box-shadow:none;display:inline-block;vertical-align:middle\"><span class=\"heateor_sss_svg heateor_sss_s__default heateor_sss_s_twitter\" style=\"background-color:#55acee;width:35px;height:35px;display:inline-block;opacity:1;float:left;font-size:32px;box-shadow:none;display:inline-block;font-size:16px;padding:0 4px;vertical-align:middle;background-repeat:repeat;overflow:hidden;padding:0;cursor:pointer;box-sizing:content-box\"><svg style=\"display:block;\" focusable=\"false\" aria-hidden=\"true\" xmlns=\"http:\/\/www.w3.org\/2000\/svg\" width=\"100%\" height=\"100%\" viewBox=\"-4 -4 39 39\"><path d=\"M28 8.557a9.913 9.913 0 0 1-2.828.775 4.93 4.93 0 0 0 2.166-2.725 9.738 9.738 0 0 1-3.13 1.194 4.92 4.92 0 0 0-3.593-1.55 4.924 4.924 0 0 0-4.794 6.049c-4.09-.21-7.72-2.17-10.15-5.15a4.942 4.942 0 0 0-.665 2.477c0 1.71.87 3.214 2.19 4.1a4.968 4.968 0 0 1-2.23-.616v.06c0 2.39 1.7 4.38 3.952 4.83-.414.115-.85.174-1.297.174-.318 0-.626-.03-.928-.086a4.935 4.935 0 0 0 4.6 3.42 9.893 9.893 0 0 1-6.114 2.107c-.398 0-.79-.023-1.175-.068a13.953 13.953 0 0 0 7.55 2.213c9.056 0 14.01-7.507 14.01-14.013 0-.213-.005-.426-.015-.637.96-.695 1.795-1.56 2.455-2.55z\" fill=\"#fff\"><\/path><\/svg><\/span><\/a><a aria-label=\"Reddit\" class=\"heateor_sss_button_reddit\" href=\"https:\/\/reddit.com\/submit?url=https%3A%2F%2Fwww.lacostituzione.info%2Findex.php%2F2020%2F02%2F28%2Fcoronavirus-il-tar-sospende-lordinanza-della-regione-marche-che-ne-fa-unaltra%2F&title=Coronavirus%2C%20il%20TAR%20sospende%20l%E2%80%99ordinanza%20della%20Regione%20Marche%20%28che%20ne%20fa%20un%E2%80%99altra%29\" title=\"Reddit\" rel=\"nofollow noopener\" target=\"_blank\" style=\"font-size:32px!important;box-shadow:none;display:inline-block;vertical-align:middle\"><span class=\"heateor_sss_svg heateor_sss_s__default heateor_sss_s_reddit\" style=\"background-color:#ff5700;width:35px;height:35px;display:inline-block;opacity:1;float:left;font-size:32px;box-shadow:none;display:inline-block;font-size:16px;padding:0 4px;vertical-align:middle;background-repeat:repeat;overflow:hidden;padding:0;cursor:pointer;box-sizing:content-box\"><svg style=\"display:block;\" focusable=\"false\" aria-hidden=\"true\" xmlns=\"http:\/\/www.w3.org\/2000\/svg\" width=\"100%\" height=\"100%\" viewBox=\"-3.5 -3.5 39 39\"><path d=\"M28.543 15.774a2.953 2.953 0 0 0-2.951-2.949 2.882 2.882 0 0 0-1.9.713 14.075 14.075 0 0 0-6.85-2.044l1.38-4.349 3.768.884a2.452 2.452 0 1 0 .24-1.176l-4.274-1a.6.6 0 0 0-.709.4l-1.659 5.224a14.314 14.314 0 0 0-7.316 2.029 2.908 2.908 0 0 0-1.872-.681 2.942 2.942 0 0 0-1.618 5.4 5.109 5.109 0 0 0-.062.765c0 4.158 5.037 7.541 11.229 7.541s11.22-3.383 11.22-7.541a5.2 5.2 0 0 0-.053-.706 2.963 2.963 0 0 0 1.427-2.51zm-18.008 1.88a1.753 1.753 0 0 1 1.73-1.74 1.73 1.73 0 0 1 1.709 1.74 1.709 1.709 0 0 1-1.709 1.711 1.733 1.733 0 0 1-1.73-1.711zm9.565 4.968a5.573 5.573 0 0 1-4.081 1.272h-.032a5.576 5.576 0 0 1-4.087-1.272.6.6 0 0 1 .844-.854 4.5 4.5 0 0 0 3.238.927h.032a4.5 4.5 0 0 0 3.237-.927.6.6 0 1 1 .844.854zm-.331-3.256a1.726 1.726 0 1 1 1.709-1.712 1.717 1.717 0 0 1-1.712 1.712z\" fill=\"#fff\"\/><\/svg><\/span><\/a><a aria-label=\"Linkedin\" class=\"heateor_sss_button_linkedin\" href=\"https:\/\/www.linkedin.com\/sharing\/share-offsite\/?url=https%3A%2F%2Fwww.lacostituzione.info%2Findex.php%2F2020%2F02%2F28%2Fcoronavirus-il-tar-sospende-lordinanza-della-regione-marche-che-ne-fa-unaltra%2F\" title=\"Linkedin\" rel=\"nofollow noopener\" target=\"_blank\" style=\"font-size:32px!important;box-shadow:none;display:inline-block;vertical-align:middle\"><span class=\"heateor_sss_svg heateor_sss_s__default heateor_sss_s_linkedin\" style=\"background-color:#0077b5;width:35px;height:35px;display:inline-block;opacity:1;float:left;font-size:32px;box-shadow:none;display:inline-block;font-size:16px;padding:0 4px;vertical-align:middle;background-repeat:repeat;overflow:hidden;padding:0;cursor:pointer;box-sizing:content-box\"><svg style=\"display:block;\" focusable=\"false\" aria-hidden=\"true\" xmlns=\"http:\/\/www.w3.org\/2000\/svg\" width=\"100%\" height=\"100%\" viewBox=\"0 0 32 32\"><path d=\"M6.227 12.61h4.19v13.48h-4.19V12.61zm2.095-6.7a2.43 2.43 0 0 1 0 4.86c-1.344 0-2.428-1.09-2.428-2.43s1.084-2.43 2.428-2.43m4.72 6.7h4.02v1.84h.058c.56-1.058 1.927-2.176 3.965-2.176 4.238 0 5.02 2.792 5.02 6.42v7.395h-4.183v-6.56c0-1.564-.03-3.574-2.178-3.574-2.18 0-2.514 1.7-2.514 3.46v6.668h-4.187V12.61z\" fill=\"#fff\"><\/path><\/svg><\/span><\/a><a aria-label=\"Pinterest\" class=\"heateor_sss_button_pinterest\" href=\"https:\/\/www.lacostituzione.info\/index.php\/2020\/02\/28\/coronavirus-il-tar-sospende-lordinanza-della-regione-marche-che-ne-fa-unaltra\/\" onclick=\"event.preventDefault();javascript:void( (function() {var e=document.createElement('script' );e.setAttribute('type','text\/javascript' );e.setAttribute('charset','UTF-8' );e.setAttribute('src','\/\/assets.pinterest.com\/js\/pinmarklet.js?r='+Math.random()*99999999);document.body.appendChild(e)})());\" title=\"Pinterest\" rel=\"noopener\" style=\"font-size:32px!important;box-shadow:none;display:inline-block;vertical-align:middle\"><span class=\"heateor_sss_svg heateor_sss_s__default heateor_sss_s_pinterest\" style=\"background-color:#cc2329;width:35px;height:35px;display:inline-block;opacity:1;float:left;font-size:32px;box-shadow:none;display:inline-block;font-size:16px;padding:0 4px;vertical-align:middle;background-repeat:repeat;overflow:hidden;padding:0;cursor:pointer;box-sizing:content-box\"><svg style=\"display:block;\" focusable=\"false\" aria-hidden=\"true\" xmlns=\"http:\/\/www.w3.org\/2000\/svg\" width=\"100%\" height=\"100%\" viewBox=\"-2 -2 35 35\"><path fill=\"#fff\" d=\"M16.539 4.5c-6.277 0-9.442 4.5-9.442 8.253 0 2.272.86 4.293 2.705 5.046.303.125.574.005.662-.33.061-.231.205-.816.27-1.06.088-.331.053-.447-.191-.736-.532-.627-.873-1.439-.873-2.591 0-3.338 2.498-6.327 6.505-6.327 3.548 0 5.497 2.168 5.497 5.062 0 3.81-1.686 7.025-4.188 7.025-1.382 0-2.416-1.142-2.085-2.545.397-1.674 1.166-3.48 1.166-4.689 0-1.081-.581-1.983-1.782-1.983-1.413 0-2.548 1.462-2.548 3.419 0 1.247.421 2.091.421 2.091l-1.699 7.199c-.505 2.137-.076 4.755-.039 5.019.021.158.223.196.314.077.13-.17 1.813-2.247 2.384-4.324.162-.587.929-3.631.929-3.631.46.876 1.801 1.646 3.227 1.646 4.247 0 7.128-3.871 7.128-9.053.003-3.918-3.317-7.568-8.361-7.568z\"\/><\/svg><\/span><\/a><a aria-label=\"Whatsapp\" class=\"heateor_sss_whatsapp\" href=\"https:\/\/api.whatsapp.com\/send?text=Coronavirus%2C%20il%20TAR%20sospende%20l%E2%80%99ordinanza%20della%20Regione%20Marche%20%28che%20ne%20fa%20un%E2%80%99altra%29%20https%3A%2F%2Fwww.lacostituzione.info%2Findex.php%2F2020%2F02%2F28%2Fcoronavirus-il-tar-sospende-lordinanza-della-regione-marche-che-ne-fa-unaltra%2F\" title=\"Whatsapp\" rel=\"nofollow noopener\" target=\"_blank\" style=\"font-size:32px!important;box-shadow:none;display:inline-block;vertical-align:middle\"><span class=\"heateor_sss_svg\" style=\"background-color:#55eb4c;width:35px;height:35px;display:inline-block;opacity:1;float:left;font-size:32px;box-shadow:none;display:inline-block;font-size:16px;padding:0 4px;vertical-align:middle;background-repeat:repeat;overflow:hidden;padding:0;cursor:pointer;box-sizing:content-box\"><svg style=\"display:block;\" focusable=\"false\" aria-hidden=\"true\" xmlns=\"http:\/\/www.w3.org\/2000\/svg\" width=\"100%\" height=\"100%\" viewBox=\"-6 -5 40 40\"><path class=\"heateor_sss_svg_stroke heateor_sss_no_fill\" stroke=\"#fff\" stroke-width=\"2\" fill=\"none\" d=\"M 11.579798566743314 24.396926207859085 A 10 10 0 1 0 6.808479557110079 20.73576436351046\"><\/path><path d=\"M 7 19 l -1 6 l 6 -1\" class=\"heateor_sss_no_fill heateor_sss_svg_stroke\" stroke=\"#fff\" stroke-width=\"2\" fill=\"none\"><\/path><path d=\"M 10 10 q -1 8 8 11 c 5 -1 0 -6 -1 -3 q -4 -3 -5 -5 c 4 -2 -1 -5 -1 -4\" fill=\"#fff\"><\/path><\/svg><\/span><\/a><\/div><div class=\"heateorSssClear\"><\/div><\/div><div class='heateorSssClear'><\/div>","protected":false},"author":9,"featured_media":0,"comment_status":"open","ping_status":"open","sticky":false,"template":"","format":"standard","meta":{"jetpack_post_was_ever_published":false,"_jetpack_newsletter_access":"","_jetpack_dont_email_post_to_subs":false,"_jetpack_newsletter_tier_id":0,"_jetpack_memberships_contains_paywalled_content":false,"_jetpack_memberships_contains_paid_content":false,"footnotes":"","jetpack_publicize_message":"","jetpack_publicize_feature_enabled":true,"jetpack_social_post_already_shared":false,"jetpack_social_options":{"image_generator_settings":{"template":"highway","default_image_id":0,"enabled":false},"version":2}},"categories":[5],"tags":[1461,116,21,1007],"class_list":["post-6832","post","type-post","status-publish","format-standard","hentry","category-lavori-in-corso","tag-leale-collaborazione","tag-ordinanza","tag-regioni","tag-virus"],"jetpack_publicize_connections":[],"jetpack_featured_media_url":"","jetpack_shortlink":"https:\/\/wp.me\/p84sDq-1Mc","jetpack_likes_enabled":true,"jetpack_sharing_enabled":true,"_links":{"self":[{"href":"https:\/\/www.lacostituzione.info\/index.php\/wp-json\/wp\/v2\/posts\/6832","targetHints":{"allow":["GET"]}}],"collection":[{"href":"https:\/\/www.lacostituzione.info\/index.php\/wp-json\/wp\/v2\/posts"}],"about":[{"href":"https:\/\/www.lacostituzione.info\/index.php\/wp-json\/wp\/v2\/types\/post"}],"author":[{"embeddable":true,"href":"https:\/\/www.lacostituzione.info\/index.php\/wp-json\/wp\/v2\/users\/9"}],"replies":[{"embeddable":true,"href":"https:\/\/www.lacostituzione.info\/index.php\/wp-json\/wp\/v2\/comments?post=6832"}],"version-history":[{"count":0,"href":"https:\/\/www.lacostituzione.info\/index.php\/wp-json\/wp\/v2\/posts\/6832\/revisions"}],"wp:attachment":[{"href":"https:\/\/www.lacostituzione.info\/index.php\/wp-json\/wp\/v2\/media?parent=6832"}],"wp:term":[{"taxonomy":"category","embeddable":true,"href":"https:\/\/www.lacostituzione.info\/index.php\/wp-json\/wp\/v2\/categories?post=6832"},{"taxonomy":"post_tag","embeddable":true,"href":"https:\/\/www.lacostituzione.info\/index.php\/wp-json\/wp\/v2\/tags?post=6832"}],"curies":[{"name":"wp","href":"https:\/\/api.w.org\/{rel}","templated":true}]}}