{"id":6843,"date":"2020-03-02T18:52:09","date_gmt":"2020-03-02T17:52:09","guid":{"rendered":"http:\/\/www.lacostituzione.info\/?p=6843"},"modified":"2020-03-06T10:37:27","modified_gmt":"2020-03-06T09:37:27","slug":"coronavirus-e-territori-il-regionalismo-differenziato-coincide-con-la-zona-gialla","status":"publish","type":"post","link":"https:\/\/www.lacostituzione.info\/index.php\/2020\/03\/02\/coronavirus-e-territori-il-regionalismo-differenziato-coincide-con-la-zona-gialla\/","title":{"rendered":"Coronavirus e territori: il regionalismo differenziato coincide con la zona \u201cgialla\u201d"},"content":{"rendered":"\n<p><a href=\"http:\/\/www.lacostituzione.info\/wp-content\/uploads\/2020\/02\/Corona-Virus.jpg\"><img loading=\"lazy\" decoding=\"async\" data-attachment-id=\"6833\" data-permalink=\"https:\/\/www.lacostituzione.info\/index.php\/2020\/02\/28\/coronavirus-il-tar-sospende-lordinanza-della-regione-marche-che-ne-fa-unaltra\/corona-virus\/#main\" data-orig-file=\"https:\/\/www.lacostituzione.info\/wp-content\/uploads\/2020\/02\/Corona-Virus.jpg\" data-orig-size=\"1024,1024\" data-comments-opened=\"1\" data-image-meta=\"{&quot;aperture&quot;:&quot;0&quot;,&quot;credit&quot;:&quot;&quot;,&quot;camera&quot;:&quot;&quot;,&quot;caption&quot;:&quot;&quot;,&quot;created_timestamp&quot;:&quot;0&quot;,&quot;copyright&quot;:&quot;&quot;,&quot;focal_length&quot;:&quot;0&quot;,&quot;iso&quot;:&quot;0&quot;,&quot;shutter_speed&quot;:&quot;0&quot;,&quot;title&quot;:&quot;&quot;,&quot;orientation&quot;:&quot;0&quot;}\" data-image-title=\"Corona-Virus\" data-image-description=\"\" data-image-caption=\"\" data-medium-file=\"https:\/\/www.lacostituzione.info\/wp-content\/uploads\/2020\/02\/Corona-Virus-300x300.jpg\" data-large-file=\"https:\/\/www.lacostituzione.info\/wp-content\/uploads\/2020\/02\/Corona-Virus.jpg\" class=\"alignleft size-thumbnail wp-image-6833\" src=\"http:\/\/www.lacostituzione.info\/wp-content\/uploads\/2020\/02\/Corona-Virus-150x150.jpg\" alt=\"\" width=\"150\" height=\"150\" srcset=\"https:\/\/www.lacostituzione.info\/wp-content\/uploads\/2020\/02\/Corona-Virus-150x150.jpg 150w, https:\/\/www.lacostituzione.info\/wp-content\/uploads\/2020\/02\/Corona-Virus-300x300.jpg 300w, https:\/\/www.lacostituzione.info\/wp-content\/uploads\/2020\/02\/Corona-Virus-768x768.jpg 768w, https:\/\/www.lacostituzione.info\/wp-content\/uploads\/2020\/02\/Corona-Virus.jpg 1024w\" sizes=\"auto, (max-width: 150px) 100vw, 150px\" \/><\/a>di\u00a0<strong>Camilla Buzzacchi<\/strong><\/p>\n<p>Il <a href=\"https:\/\/www.gazzettaufficiale.it\/eli\/id\/2020\/03\/01\/20A01381\/sg\">decreto del Presidente del Consiglio dei ministri, adottato il 1 marzo 2020<\/a> per arginare la situazione sanitaria presentatasi nel Paese con tratti di urgenza e straordinariet\u00e0 a partire da venerd\u00ec 21 febbraio, \u00e8 l\u2019ultimo di una serie di provvedimenti <!--more-->attraverso in quali, nel giro di pochi giorni, \u00e8 stato portato in attuazione il d. l. 23 febbraio 2020, n. 6 recante <em>Misure urgenti in materia di contenimento e gestione dell&#8217;emergenza epidemiologica da COVID-19<\/em>: le precedenti deliberazioni sono state rappresentate da una serie di decreti del Presidente del Consiglio dei ministri, da ordinanze del Ministro della Salute nonch\u00e9 da ordinanze del medesimo dicastero ma adottate d\u2019intesa con i Presidenti di varie Regioni, che nel preambolo del DPCM di domenica 1 marzo vengono richiamate.<\/p>\n<p>La particolarit\u00e0 dell\u2019ultimo provvedimento \u00e8 di individuare varie zone all\u2019interno del Paese \u2013 che i mezzi di informazione ma anche il <a href=\"http:\/\/www.governo.it\/it\/articolo\/coronavirus-firmato-il-dpcm-1-marzo-2020\/14210\">sito istituzionale del Governo<\/a> individua utilizzando riferimenti a colori, e dunque rosso per i Comuni di Lombardia e Veneto da cui il contagio \u00e8 partito, giallo per tre Regioni e due Province \u2013 per le quali vengono diversificate previsioni di misure che su vari fronti sono finalizzate ad evitare la diffusione del contagio. Di conseguenza l\u2019allegato 1 elenca quei dieci Comuni lombardi e quell\u2019unico Comune veneto nei quali le restrizioni sono massime; l\u2019allegato 2 i territori \u2013 Lombardia, Veneto, Emilia Romagna e le Province di Pesaro e Urbino e Savona \u2013 nei quali si procede a sospendere o a limitare un complesso di attivit\u00e0 sociali ed economiche; l\u2019allegato 3 le quattro Province di Bergamo, Lodi, Piacenza e Cremona nelle quali devono applicarsi specifiche modalit\u00e0 di apertura dei centri commerciali.<\/p>\n<p>Se dunque si fa riferimento in particolare all\u2019allegato 2, la circostanza che colpisce \u00e8 che \u2013 per ironia della sorte \u2013 le tre Regioni che sono pi\u00f9 pesantemente colpite dall\u2019emergenza sanitaria legata al virus Covid-19 sono le stesse che dal 2017 stanno percorrendo il cammino messo a disposizione dall\u2019art. 116 Cost.: Veneto, Lombardia e Emilia Romagna stanno fronteggiando una situazione del tutto anomala per via di una epidemia, che richiede uno sforzo eccezionale per gli apparati istituzionali e amministrativi dei sistemi-Regione e del sistema-Paese, e tale straordinariet\u00e0 della situazione ha delle evidenti e significative implicazioni sul piano delle competenze. Tali implicazioni appaiono in una luce ancora pi\u00f9 paradossale se si considera che si tratta di quei territori che hanno dato un\u2019interpretazione \u2018estrema\u2019 alla previsione costituzionale relativa al \u2018regionalismo differenziato\u2019, posto che le suddette Regioni, nelle varie proposte di differenziazione che hanno avanzato, hanno ritenuto di poter assumere larga parte o interamente le competenze di natura concorrente dell\u2019art. 117 Cost, co. 3. La vicenda in atto, nella drammaticit\u00e0 delle conseguenze che sta determinando, pu\u00f2 forse suggerire qualche utile riflessione sulla praticabilit\u00e0 del trasferimento di attribuzioni che, in fasi ordinarie della vita della Repubblica, possono presentarsi con caratteri tali da potersi ritenere indifferente che esse siano esercitate dallo Stato o dalle Regioni; o addirittura \u2013 come \u00e8 stato il ragionamento che ha sostenuto le richieste di differenziazione di Veneto, Lombardia e Emilia Romagna \u2013 da potersi ritenere che la Regione possa occuparsene con ben maggiore efficacia ed anche efficienza. Ma che in fasi straordinarie, come l\u2019attuale, rivelano una serie di specificit\u00e0 e criticit\u00e0 la cui soluzione pare difficile se la Regione \u2013 da sola \u2013 \u00e8 chiamata a provvedere, e che invece \u00e8 individuabile solo se anche il livello nazionale viene coinvolto. Lo scenario contingente spinge allora a domandarsi se la valutazione \u201ca tavolino\u201d della capacit\u00e0 delle tre Regioni della zona \u201cgialla\u201d, che \u00e8 stata effettuata in tempi non di coronavirus, di poter assumere una cospicua quantit\u00e0 di competenze concorrenti sia confermata come adeguata anche in un frangente ben diverso, di pressione e di imprevedibilit\u00e0. Il dubbio che si avanza \u00e8 che tale valutazione, che ha riguardato la capacit\u00e0 delle strutture amministrative e la sostenibilit\u00e0 finanziaria in una prospettiva di esercizio ordinario delle funzioni, risulti inaffidabile e inattendibile allorch\u00e9 una realt\u00e0 ben diversa, di vera e propria emergenza e dunque di esercizio straordinario delle funzioni, veda questi territori in oggettive e comprensibili difficolt\u00e0, e curiosamente proprio con riferimento a quelle due potest\u00e0 \u2013 istruzione e tutela della salute \u2013 che erano state messe al centro della loro domanda di differenziazione.<\/p>\n<p>La questione sanitaria \u00e8 quella che pi\u00f9 offre esempi di problematicit\u00e0. Le eccellenti strutture ospedaliere della Regione Lombardia sono sottoposte ad una pressione imprevista, con la necessit\u00e0 di alleggerire le attivit\u00e0 dei reparti di terapia intensiva da tutti quei casi che normalmente esse trattano, per offrire disponibilit\u00e0 ai crescenti casi di malati di Covid-19, che necessitano di trattamenti di particolare complessit\u00e0 sanitaria. In questi giorni appare necessario un intenso coordinamento tra enti ospedalieri che verosimilmente esorbiter\u00e0 dalla dimensione regionale e richieder\u00e0 una costante attivit\u00e0 del Ministero della Salute, tesa a garantire che le prestazioni sanitarie non vengano meno e che tutte le strutture sanitarie delle Paese siano adeguatamente coinvolte nello sforzo, in una irrinunciabile logica di solidariet\u00e0.<\/p>\n<p>Ma ancora, si \u00e8 parlato di gravissima carenza sul piano del personale sanitario, dai medici agli infermieri: le misure che sono al vaglio vanno dal richiamo in servizio dei medici in pensione all\u2019anticipo delle lauree degli studenti dei corsi infermieristici. Ma per interventi di questo tipo le Regioni devono necessariamente passare attraverso provvedimenti normativi dello Stato, che pongano deroghe al rapporto di lavoro di alcune categorie di dipendenti pubblici.<\/p>\n<p>L\u2019insieme di queste criticit\u00e0 porta a porsi l\u2019interrogativo se per una competenza che tocca un diritto tanto delicato e complesso come quello della salute sia cos\u00ec indifferente un assetto come quello vigente che, pur a fronte di apprezzabili capacit\u00e0 regionali nell\u2019assicurare standard di sanit\u00e0 di elevata qualit\u00e0, prevede un coinvolgimento dello Stato per profili che necessitano di un \u201cgoverno\u201d effettuato a livello nazionale, piuttosto che un diverso assetto, che invece veda la Regione integralmente responsabile di qualsiasi evoluzione che la materia possa presentare: anche quella \u2013 sicuramente estrema e, ci si augura, del tutto unica e isolata \u2013 di un\u2019epidemia come quella attuale.<\/p>\n<p>L\u2019altra rilevante materia che Veneto, Lombardia e Emilia Romagna intendono avocare a s\u00e9 \u00e8 l\u2019istruzione: anche su questo terreno i riflessi del coronavirus sono massicci, posto che la prima misura che si \u00e8 adottata per fronteggiare i contagi \u00e8 stata la chiusura delle scuole di ogni ordine e grado. Le universit\u00e0, avvalendosi della loro autonomia, hanno anticipato le decisioni che poi il Governo ha adottato per l\u2019istruzione primaria e secondaria. E ancora negli ultimi giorni, in cui soprattutto la Regione Veneto aveva ipotizzato una riapertura degli istituti scolastici, le tre Regioni della zona \u201cgialla\u201d hanno tuttavia provvidamente dichiarato che una possibile sospensione di quella misura avrebbe dovuto essere avallata soprattutto dalle autorit\u00e0 scientifiche competenti, in particolare dall\u2019Istituto superiore di sanit\u00e0. E tali autorit\u00e0 hanno sollevato le Regioni da scomode responsabilit\u00e0, indicando l\u2019inopportunit\u00e0 di una ripresa delle attivit\u00e0 di istruzione, con una serie di varie conseguenze per tutte le strutture educative che si ripercuotono anche su famiglie \u2013 per la permanenza a casa degli studenti \u2013 e su molteplici operatori economici \u2013 agenzie di viaggio per le iniziative di istruzione, cooperative di ristorazione, quelle di trasporto, solo per richiamarne alcuni \u2013 e dimostrando come occorra una regia nazionale per assicurare un diritto fondamentale quale quello dell\u2019istruzione. Al punto che decisioni assunte unilateralmente da alcune Regioni, come \u00e8 stato ricostruito da <a href=\"http:\/\/www.lacostituzione.info\/index.php\/2020\/02\/28\/coronavirus-il-tar-sospende-lordinanza-della-regione-marche-che-ne-fa-unaltra\/?utm_source=feedburner&amp;utm_medium=email&amp;utm_campaign=Feed%3A+LaCostituzionePuntoInfo+%28La+Costituzione.info%29\">Giovanni Di Cosimo<\/a>, sono suscettibili di innescare una serie di azioni anche di natura giudiziaria tra centro e periferia. Anche in tema di scuola la congiuntura che ci affligge sembra segnalare le complesse implicazioni che deriverebbero da un governo esclusivamente regionale della competenza.<\/p>\n<p>Ma alcune ultime considerazioni devono aprirsi a quel vasto ambito di ulteriori attribuzioni, che le Regioni vocate alla differenziazione hanno rivendicato, e che si riferiscono alla realt\u00e0 economica e produttiva. Le vicende di questi giorni stano evidenziando i riflessi dell\u2019emergenza sulle attivit\u00e0 produttive, tanto pi\u00f9 gravi per l\u2019alto livello di industrializzazione delle Regioni della zona \u201cgialla\u201d. La situazione di imprese che hanno arrestato la produzione, di mercati finanziari incerti nell\u2019erogazione di credito al Paese e agli operatori economici, di collegamenti con i mercati esteri che si allentano, richiede che la sfera economica venga sostenuta e protetta. Tale domanda viene dagli stessi Presidenti delle tre Regioni, che si rendono conto che tutta una serie di interventi che non rientrano tra le loro competenze \u2013 ammortizzatori sociali, norme in deroga sui mutui, forme di sussidio \u2013 sono di vitale importanza affinch\u00e9 i rispettivi tessuti economico-produttivi non abbiano perdite che avrebbero dolorose conseguenze non solo sulle cifre del sistema economico complessivo, ma anche e soprattutto sul piano sociale. Tali competenze riguardano evidentemente il livello statale, e infatti i Presidenti si accingono a coordinarsi con il Ministro dell\u2019Economia per la scrittura di un decreto legge che disciplini l\u2019emergenza economica, dopo che si \u00e8 provveduto a regolare l\u2019emergenza sanitaria.<\/p>\n<p>Ora, se si considera che le tre Regioni \u2013 in realt\u00e0 con alcune differenze tra loro, ma ai fini di questo ragionamento si possono assimilare \u2013 hanno ritenuto di candidarsi per ambiti materiali quali il governo del territorio, il commercio con l\u2019estero, le professioni, la protezione civile, la ricerca scientifica e tecnologica, per richiamare solo alcune delle materie del lungo elenco dell\u2019art. 117, co. 3, c\u2019\u00e8 veramente da chiedersi se vi sia la necessaria consapevolezza di quale impegno comporti l\u2019assunzione in via esclusiva del governo di tali settori che, se esposti ad andamenti non propriamente brillanti \u2013 anche senza arrivare all\u2019eventualit\u00e0 di questi giorni \u2013 richiedono necessariamente correzioni e sostegni, a cui un\u2019amministrazione regionale non \u00e8 detto che sia preparata e adeguatamente attrezzata.<\/p>\n<p>Si giunge cos\u00ec ai profili finanziari del modello della differenziazione, rispetto al quale le bozze avanzate dalle Regioni interessate si presentano troppo vaghe. Ignorando il quadro normativo di riferimento, ovvero la l. n. 42\/2009 di <em>Delega al Governo in materia di federalismo fiscale, in attuazione dell&#8217;articolo 119 della Costituzione<\/em> ed i vari decreti legislativi di attuazione, l\u2019art. 5 di tutte le proposte regionali ha finora dimostrato superficialit\u00e0 nella quantificazione delle risorse che occorrono affinch\u00e9 un territorio possa reggere una quantit\u00e0 di competenze quali quelle che sono state richieste: risorse che in tempi ordinari devono garantire i diritti e soprattutto i livelli essenziali dei medesimi, e pi\u00f9 in generale parametrarsi ai costi che le diverse funzioni hanno finora assorbito, ma che in tempi straordinari devono essere consone anche ad affrontare esigenze di sostegno a realt\u00e0 produttive particolarmente avanzate. Con la conseguenza che, in presenza di una gestione virtuosa della Regione, si possano addirittura produrre avanzi di risorse rispetto a quanto avviene nel regime vigente, basato su una finanza di trasferimento e compartecipazione, in cui lo Stato sempre \u00e8 coinvolto; ma anche con l\u2019altra possibile conseguenza, ovvero che in presenza di una gestione poco virtuosa della Regione \u2013 o magari virtuosa, ma destabilizzata da accadimenti imprevedibili quali quello in corso al momento \u2013 si debba chiedere alla stessa di attingere a strumenti fiscali, che possano recuperare mezzi finanziari presso le rispettive comunit\u00e0.<\/p>\n<p>Per comprendere la difficolt\u00e0 che incontrerebbe una Regione a interventi finanziari con tali caratteri di straordinariet\u00e0, pu\u00f2 forse essere utile segnalare la fonte di copertura che il Governo, con il d. l. 23 febbraio 2020, n. 6 ha individuato per far fronte agli oneri derivanti dallo stato di emergenza sanitaria dichiarato il 31 gennaio 2020, dell\u2019importo di 20 milioni di euro. A tale obiettivo si provvede attraverso una riduzione della spesa introdotta dall\u2019art. 19, co. 1, lett. b), d. l. 26 ottobre 2019, n. 124 recante <em>Disposizioni urgenti in materia fiscale e per esigenze indifferibili<\/em>: viene ridotta la spesa prevista per incentivare l\u2019utilizzo di strumenti di pagamento elettronici da parte dei consumatori, ovvero premi speciali da attribuire mediante estrazioni aggiuntive a quelle ordinarie. Dunque si \u00e8 deciso di sacrificare una delle misure che nello scorso autunno aveva perseguito l\u2019obiettivo di una maggiore visibilit\u00e0 delle transazioni finanziarie a fini di recupero dell\u2019evasione fiscale.<\/p>\n<p>Per le risorse che occorreranno per le azioni di sostegno straordinario allo studio del decreto legge di cui si \u00e8 parlato soccorreranno verosimilmente ben altre fonti finanziarie, ovvero i margini di maggior disavanzo che lo Stato italiano si appresta a negoziare con le istituzioni europee in deroga alle <em>fiscal rules <\/em>a cui le nostre decisioni di bilancio si conformano.<\/p>\n<p>In entrambi i casi \u00e8 evidente che sono in gioco stanziamenti che, in circostanze di eccezionalit\u00e0, non sarebbero alla portata delle Regioni nella fase post-differenziazione: l\u2019intera vicenda suggerisce pertanto alle Regioni della zona \u201cgialla\u201d, una volta che sperabilmente questo passaggio cos\u00ec difficile sar\u00e0 superato, di effettuare analisi pi\u00f9 precise di quanta capacit\u00e0 di bilancio comporti sobbarcarsi un vasto numero di competenze in tempi felici, ma anche in tempi infausti. E meditare sul fatto che il \u201crischio differenziato\u201d che i provvedimenti governativi stanno cercando di contenere pu\u00f2 essere un\u2019ottima occasione per ponderare realisticamente quanta \u201cdifferenziazione\u201d una Regione \u2013 seppur ben amministrata come le tre della zona \u201cgialla\u201d \u2013 sia veramente in grado di assicurare.<\/p>\n","protected":false},"excerpt":{"rendered":"<p>di\u00a0Camilla Buzzacchi Il decreto del Presidente del Consiglio dei ministri, adottato il 1 marzo 2020 per arginare la situazione sanitaria presentatasi nel Paese con tratti di urgenza e straordinariet\u00e0 a partire da venerd\u00ec 21 febbraio, \u00e8 l\u2019ultimo di una serie di provvedimenti<\/p>\n<div class='heateorSssClear'><\/div><div  class='heateor_sss_sharing_container heateor_sss_horizontal_sharing' data-heateor-sss-href='https:\/\/www.lacostituzione.info\/index.php\/2020\/03\/02\/coronavirus-e-territori-il-regionalismo-differenziato-coincide-con-la-zona-gialla\/'><div class='heateor_sss_sharing_title' style=\"font-weight:bold\" >Condividi!<\/div><div class=\"heateor_sss_sharing_ul\"><a aria-label=\"Facebook\" class=\"heateor_sss_facebook\" href=\"https:\/\/www.facebook.com\/sharer\/sharer.php?u=https%3A%2F%2Fwww.lacostituzione.info%2Findex.php%2F2020%2F03%2F02%2Fcoronavirus-e-territori-il-regionalismo-differenziato-coincide-con-la-zona-gialla%2F\" title=\"Facebook\" rel=\"nofollow noopener\" target=\"_blank\" style=\"font-size:32px!important;box-shadow:none;display:inline-block;vertical-align:middle\"><span class=\"heateor_sss_svg\" style=\"background-color:#0765FE;width:35px;height:35px;display:inline-block;opacity:1;float:left;font-size:32px;box-shadow:none;display:inline-block;font-size:16px;padding:0 4px;vertical-align:middle;background-repeat:repeat;overflow:hidden;padding:0;cursor:pointer;box-sizing:content-box\"><svg style=\"display:block;\" focusable=\"false\" aria-hidden=\"true\" xmlns=\"http:\/\/www.w3.org\/2000\/svg\" width=\"100%\" height=\"100%\" viewBox=\"0 0 32 32\"><path fill=\"#fff\" d=\"M28 16c0-6.627-5.373-12-12-12S4 9.373 4 16c0 5.628 3.875 10.35 9.101 11.647v-7.98h-2.474V16H13.1v-1.58c0-4.085 1.849-5.978 5.859-5.978.76 0 2.072.15 2.608.298v3.325c-.283-.03-.775-.045-1.386-.045-1.967 0-2.728.745-2.728 2.683V16h3.92l-.673 3.667h-3.247v8.245C23.395 27.195 28 22.135 28 16Z\"><\/path><\/svg><\/span><\/a><a aria-label=\"Twitter\" class=\"heateor_sss_button_twitter\" href=\"https:\/\/twitter.com\/intent\/tweet?text=Coronavirus%20e%20territori%3A%20il%20regionalismo%20differenziato%20coincide%20con%20la%20zona%20%E2%80%9Cgialla%E2%80%9D&url=https%3A%2F%2Fwww.lacostituzione.info%2Findex.php%2F2020%2F03%2F02%2Fcoronavirus-e-territori-il-regionalismo-differenziato-coincide-con-la-zona-gialla%2F\" title=\"Twitter\" rel=\"nofollow noopener\" target=\"_blank\" style=\"font-size:32px!important;box-shadow:none;display:inline-block;vertical-align:middle\"><span class=\"heateor_sss_svg heateor_sss_s__default heateor_sss_s_twitter\" style=\"background-color:#55acee;width:35px;height:35px;display:inline-block;opacity:1;float:left;font-size:32px;box-shadow:none;display:inline-block;font-size:16px;padding:0 4px;vertical-align:middle;background-repeat:repeat;overflow:hidden;padding:0;cursor:pointer;box-sizing:content-box\"><svg style=\"display:block;\" focusable=\"false\" aria-hidden=\"true\" xmlns=\"http:\/\/www.w3.org\/2000\/svg\" width=\"100%\" height=\"100%\" viewBox=\"-4 -4 39 39\"><path d=\"M28 8.557a9.913 9.913 0 0 1-2.828.775 4.93 4.93 0 0 0 2.166-2.725 9.738 9.738 0 0 1-3.13 1.194 4.92 4.92 0 0 0-3.593-1.55 4.924 4.924 0 0 0-4.794 6.049c-4.09-.21-7.72-2.17-10.15-5.15a4.942 4.942 0 0 0-.665 2.477c0 1.71.87 3.214 2.19 4.1a4.968 4.968 0 0 1-2.23-.616v.06c0 2.39 1.7 4.38 3.952 4.83-.414.115-.85.174-1.297.174-.318 0-.626-.03-.928-.086a4.935 4.935 0 0 0 4.6 3.42 9.893 9.893 0 0 1-6.114 2.107c-.398 0-.79-.023-1.175-.068a13.953 13.953 0 0 0 7.55 2.213c9.056 0 14.01-7.507 14.01-14.013 0-.213-.005-.426-.015-.637.96-.695 1.795-1.56 2.455-2.55z\" fill=\"#fff\"><\/path><\/svg><\/span><\/a><a aria-label=\"Reddit\" class=\"heateor_sss_button_reddit\" href=\"https:\/\/reddit.com\/submit?url=https%3A%2F%2Fwww.lacostituzione.info%2Findex.php%2F2020%2F03%2F02%2Fcoronavirus-e-territori-il-regionalismo-differenziato-coincide-con-la-zona-gialla%2F&title=Coronavirus%20e%20territori%3A%20il%20regionalismo%20differenziato%20coincide%20con%20la%20zona%20%E2%80%9Cgialla%E2%80%9D\" title=\"Reddit\" rel=\"nofollow noopener\" target=\"_blank\" style=\"font-size:32px!important;box-shadow:none;display:inline-block;vertical-align:middle\"><span class=\"heateor_sss_svg heateor_sss_s__default heateor_sss_s_reddit\" style=\"background-color:#ff5700;width:35px;height:35px;display:inline-block;opacity:1;float:left;font-size:32px;box-shadow:none;display:inline-block;font-size:16px;padding:0 4px;vertical-align:middle;background-repeat:repeat;overflow:hidden;padding:0;cursor:pointer;box-sizing:content-box\"><svg style=\"display:block;\" focusable=\"false\" aria-hidden=\"true\" xmlns=\"http:\/\/www.w3.org\/2000\/svg\" width=\"100%\" height=\"100%\" viewBox=\"-3.5 -3.5 39 39\"><path d=\"M28.543 15.774a2.953 2.953 0 0 0-2.951-2.949 2.882 2.882 0 0 0-1.9.713 14.075 14.075 0 0 0-6.85-2.044l1.38-4.349 3.768.884a2.452 2.452 0 1 0 .24-1.176l-4.274-1a.6.6 0 0 0-.709.4l-1.659 5.224a14.314 14.314 0 0 0-7.316 2.029 2.908 2.908 0 0 0-1.872-.681 2.942 2.942 0 0 0-1.618 5.4 5.109 5.109 0 0 0-.062.765c0 4.158 5.037 7.541 11.229 7.541s11.22-3.383 11.22-7.541a5.2 5.2 0 0 0-.053-.706 2.963 2.963 0 0 0 1.427-2.51zm-18.008 1.88a1.753 1.753 0 0 1 1.73-1.74 1.73 1.73 0 0 1 1.709 1.74 1.709 1.709 0 0 1-1.709 1.711 1.733 1.733 0 0 1-1.73-1.711zm9.565 4.968a5.573 5.573 0 0 1-4.081 1.272h-.032a5.576 5.576 0 0 1-4.087-1.272.6.6 0 0 1 .844-.854 4.5 4.5 0 0 0 3.238.927h.032a4.5 4.5 0 0 0 3.237-.927.6.6 0 1 1 .844.854zm-.331-3.256a1.726 1.726 0 1 1 1.709-1.712 1.717 1.717 0 0 1-1.712 1.712z\" fill=\"#fff\"\/><\/svg><\/span><\/a><a aria-label=\"Linkedin\" class=\"heateor_sss_button_linkedin\" href=\"https:\/\/www.linkedin.com\/sharing\/share-offsite\/?url=https%3A%2F%2Fwww.lacostituzione.info%2Findex.php%2F2020%2F03%2F02%2Fcoronavirus-e-territori-il-regionalismo-differenziato-coincide-con-la-zona-gialla%2F\" title=\"Linkedin\" rel=\"nofollow noopener\" target=\"_blank\" style=\"font-size:32px!important;box-shadow:none;display:inline-block;vertical-align:middle\"><span class=\"heateor_sss_svg heateor_sss_s__default heateor_sss_s_linkedin\" style=\"background-color:#0077b5;width:35px;height:35px;display:inline-block;opacity:1;float:left;font-size:32px;box-shadow:none;display:inline-block;font-size:16px;padding:0 4px;vertical-align:middle;background-repeat:repeat;overflow:hidden;padding:0;cursor:pointer;box-sizing:content-box\"><svg style=\"display:block;\" focusable=\"false\" aria-hidden=\"true\" xmlns=\"http:\/\/www.w3.org\/2000\/svg\" width=\"100%\" height=\"100%\" viewBox=\"0 0 32 32\"><path d=\"M6.227 12.61h4.19v13.48h-4.19V12.61zm2.095-6.7a2.43 2.43 0 0 1 0 4.86c-1.344 0-2.428-1.09-2.428-2.43s1.084-2.43 2.428-2.43m4.72 6.7h4.02v1.84h.058c.56-1.058 1.927-2.176 3.965-2.176 4.238 0 5.02 2.792 5.02 6.42v7.395h-4.183v-6.56c0-1.564-.03-3.574-2.178-3.574-2.18 0-2.514 1.7-2.514 3.46v6.668h-4.187V12.61z\" fill=\"#fff\"><\/path><\/svg><\/span><\/a><a aria-label=\"Pinterest\" class=\"heateor_sss_button_pinterest\" href=\"https:\/\/www.lacostituzione.info\/index.php\/2020\/03\/02\/coronavirus-e-territori-il-regionalismo-differenziato-coincide-con-la-zona-gialla\/\" onclick=\"event.preventDefault();javascript:void( (function() {var e=document.createElement('script' );e.setAttribute('type','text\/javascript' );e.setAttribute('charset','UTF-8' );e.setAttribute('src','\/\/assets.pinterest.com\/js\/pinmarklet.js?r='+Math.random()*99999999);document.body.appendChild(e)})());\" title=\"Pinterest\" rel=\"noopener\" style=\"font-size:32px!important;box-shadow:none;display:inline-block;vertical-align:middle\"><span class=\"heateor_sss_svg heateor_sss_s__default heateor_sss_s_pinterest\" style=\"background-color:#cc2329;width:35px;height:35px;display:inline-block;opacity:1;float:left;font-size:32px;box-shadow:none;display:inline-block;font-size:16px;padding:0 4px;vertical-align:middle;background-repeat:repeat;overflow:hidden;padding:0;cursor:pointer;box-sizing:content-box\"><svg style=\"display:block;\" focusable=\"false\" aria-hidden=\"true\" xmlns=\"http:\/\/www.w3.org\/2000\/svg\" width=\"100%\" height=\"100%\" viewBox=\"-2 -2 35 35\"><path fill=\"#fff\" d=\"M16.539 4.5c-6.277 0-9.442 4.5-9.442 8.253 0 2.272.86 4.293 2.705 5.046.303.125.574.005.662-.33.061-.231.205-.816.27-1.06.088-.331.053-.447-.191-.736-.532-.627-.873-1.439-.873-2.591 0-3.338 2.498-6.327 6.505-6.327 3.548 0 5.497 2.168 5.497 5.062 0 3.81-1.686 7.025-4.188 7.025-1.382 0-2.416-1.142-2.085-2.545.397-1.674 1.166-3.48 1.166-4.689 0-1.081-.581-1.983-1.782-1.983-1.413 0-2.548 1.462-2.548 3.419 0 1.247.421 2.091.421 2.091l-1.699 7.199c-.505 2.137-.076 4.755-.039 5.019.021.158.223.196.314.077.13-.17 1.813-2.247 2.384-4.324.162-.587.929-3.631.929-3.631.46.876 1.801 1.646 3.227 1.646 4.247 0 7.128-3.871 7.128-9.053.003-3.918-3.317-7.568-8.361-7.568z\"\/><\/svg><\/span><\/a><a aria-label=\"Whatsapp\" class=\"heateor_sss_whatsapp\" href=\"https:\/\/api.whatsapp.com\/send?text=Coronavirus%20e%20territori%3A%20il%20regionalismo%20differenziato%20coincide%20con%20la%20zona%20%E2%80%9Cgialla%E2%80%9D%20https%3A%2F%2Fwww.lacostituzione.info%2Findex.php%2F2020%2F03%2F02%2Fcoronavirus-e-territori-il-regionalismo-differenziato-coincide-con-la-zona-gialla%2F\" title=\"Whatsapp\" rel=\"nofollow noopener\" target=\"_blank\" style=\"font-size:32px!important;box-shadow:none;display:inline-block;vertical-align:middle\"><span class=\"heateor_sss_svg\" style=\"background-color:#55eb4c;width:35px;height:35px;display:inline-block;opacity:1;float:left;font-size:32px;box-shadow:none;display:inline-block;font-size:16px;padding:0 4px;vertical-align:middle;background-repeat:repeat;overflow:hidden;padding:0;cursor:pointer;box-sizing:content-box\"><svg style=\"display:block;\" focusable=\"false\" aria-hidden=\"true\" xmlns=\"http:\/\/www.w3.org\/2000\/svg\" width=\"100%\" height=\"100%\" viewBox=\"-6 -5 40 40\"><path class=\"heateor_sss_svg_stroke heateor_sss_no_fill\" stroke=\"#fff\" stroke-width=\"2\" fill=\"none\" d=\"M 11.579798566743314 24.396926207859085 A 10 10 0 1 0 6.808479557110079 20.73576436351046\"><\/path><path d=\"M 7 19 l -1 6 l 6 -1\" class=\"heateor_sss_no_fill heateor_sss_svg_stroke\" stroke=\"#fff\" stroke-width=\"2\" fill=\"none\"><\/path><path d=\"M 10 10 q -1 8 8 11 c 5 -1 0 -6 -1 -3 q -4 -3 -5 -5 c 4 -2 -1 -5 -1 -4\" fill=\"#fff\"><\/path><\/svg><\/span><\/a><\/div><div class=\"heateorSssClear\"><\/div><\/div><div class='heateorSssClear'><\/div>","protected":false},"author":1,"featured_media":0,"comment_status":"open","ping_status":"open","sticky":false,"template":"","format":"standard","meta":{"jetpack_post_was_ever_published":false,"_jetpack_newsletter_access":"","_jetpack_dont_email_post_to_subs":false,"_jetpack_newsletter_tier_id":0,"_jetpack_memberships_contains_paywalled_content":false,"_jetpack_memberships_contains_paid_content":false,"footnotes":"","jetpack_publicize_message":"","jetpack_publicize_feature_enabled":true,"jetpack_social_post_already_shared":false,"jetpack_social_options":{"image_generator_settings":{"template":"highway","default_image_id":0,"enabled":false},"version":2}},"categories":[4],"tags":[1376,21,503,1007],"class_list":["post-6843","post","type-post","status-publish","format-standard","hentry","category-attualita","tag-maggiori-autonomie","tag-regioni","tag-solidarieta","tag-virus"],"jetpack_publicize_connections":[],"jetpack_featured_media_url":"","jetpack_shortlink":"https:\/\/wp.me\/p84sDq-1Mn","jetpack_likes_enabled":true,"jetpack_sharing_enabled":true,"_links":{"self":[{"href":"https:\/\/www.lacostituzione.info\/index.php\/wp-json\/wp\/v2\/posts\/6843","targetHints":{"allow":["GET"]}}],"collection":[{"href":"https:\/\/www.lacostituzione.info\/index.php\/wp-json\/wp\/v2\/posts"}],"about":[{"href":"https:\/\/www.lacostituzione.info\/index.php\/wp-json\/wp\/v2\/types\/post"}],"author":[{"embeddable":true,"href":"https:\/\/www.lacostituzione.info\/index.php\/wp-json\/wp\/v2\/users\/1"}],"replies":[{"embeddable":true,"href":"https:\/\/www.lacostituzione.info\/index.php\/wp-json\/wp\/v2\/comments?post=6843"}],"version-history":[{"count":0,"href":"https:\/\/www.lacostituzione.info\/index.php\/wp-json\/wp\/v2\/posts\/6843\/revisions"}],"wp:attachment":[{"href":"https:\/\/www.lacostituzione.info\/index.php\/wp-json\/wp\/v2\/media?parent=6843"}],"wp:term":[{"taxonomy":"category","embeddable":true,"href":"https:\/\/www.lacostituzione.info\/index.php\/wp-json\/wp\/v2\/categories?post=6843"},{"taxonomy":"post_tag","embeddable":true,"href":"https:\/\/www.lacostituzione.info\/index.php\/wp-json\/wp\/v2\/tags?post=6843"}],"curies":[{"name":"wp","href":"https:\/\/api.w.org\/{rel}","templated":true}]}}