{"id":6947,"date":"2020-04-02T10:28:24","date_gmt":"2020-04-02T08:28:24","guid":{"rendered":"http:\/\/www.lacostituzione.info\/?p=6947"},"modified":"2020-04-02T10:28:26","modified_gmt":"2020-04-02T08:28:26","slug":"la-pretesa-democraticita-della-deriva-autoritaria-di-orban-popper-e-lart-139-della-costituzione","status":"publish","type":"post","link":"https:\/\/www.lacostituzione.info\/index.php\/2020\/04\/02\/la-pretesa-democraticita-della-deriva-autoritaria-di-orban-popper-e-lart-139-della-costituzione\/","title":{"rendered":"La pretesa &#8220;democraticit\u00e0&#8221; della deriva autoritaria di Orban, Popper e l\u2019art. 139 della Costituzione"},"content":{"rendered":"\n<p style=\"text-align: center;\"><a href=\"http:\/\/www.lacostituzione.info\/wp-content\/uploads\/2020\/04\/orban.jpg\"><img loading=\"lazy\" decoding=\"async\" data-attachment-id=\"6948\" data-permalink=\"https:\/\/www.lacostituzione.info\/index.php\/2020\/04\/02\/la-pretesa-democraticita-della-deriva-autoritaria-di-orban-popper-e-lart-139-della-costituzione\/orban\/#main\" data-orig-file=\"https:\/\/www.lacostituzione.info\/wp-content\/uploads\/2020\/04\/orban.jpg\" data-orig-size=\"800,450\" data-comments-opened=\"1\" data-image-meta=\"{&quot;aperture&quot;:&quot;0&quot;,&quot;credit&quot;:&quot;&quot;,&quot;camera&quot;:&quot;&quot;,&quot;caption&quot;:&quot;&quot;,&quot;created_timestamp&quot;:&quot;0&quot;,&quot;copyright&quot;:&quot;&quot;,&quot;focal_length&quot;:&quot;0&quot;,&quot;iso&quot;:&quot;0&quot;,&quot;shutter_speed&quot;:&quot;0&quot;,&quot;title&quot;:&quot;&quot;,&quot;orientation&quot;:&quot;0&quot;}\" data-image-title=\"orban\" data-image-description=\"\" data-image-caption=\"\" data-medium-file=\"https:\/\/www.lacostituzione.info\/wp-content\/uploads\/2020\/04\/orban-300x169.jpg\" data-large-file=\"https:\/\/www.lacostituzione.info\/wp-content\/uploads\/2020\/04\/orban.jpg\" class=\"aligncenter size-thumbnail wp-image-6948\" src=\"http:\/\/www.lacostituzione.info\/wp-content\/uploads\/2020\/04\/orban-150x150.jpg\" alt=\"\" width=\"150\" height=\"150\" \/><\/a>di\u00a0<strong>Piero Cecchinato<\/strong><strong>\u00a0<\/strong><\/p>\n<p>La posizione di alcuni politici italiani, per cui <a href=\"http:\/\/www.questionegiustizia.it\/articolo\/stato-di-pericolo-e-poteri-straordinari-al-governo-ungherese_01-04-2020.php\">la legge che conferisce poteri straordinari a Orban<\/a> non avrebbe nulla di deplorevole perch\u00e9 deliberata dalla maggioranza del Parlamento ungherese, offre l\u2019occasione per una breve riflessione su uno dei dilemmi principali della democrazia.<!--more--><\/p>\n<p>Anzitutto quello del suo tralignamento.\u00a0Dilemma affrontato, fra gli altri, da Karl Popper, nella sua analisi attorno ai paradossi delle moderne societ\u00e0 aperte: il paradosso della libert\u00e0, quello della tolleranza e, appunto, quello della democrazia.<\/p>\n<p>Popper rifiuta la qualificazione della democrazia come governo retto dalla maggioranza, perch\u00e9 si tratta di definizione che ammette il paradosso di una decisione legittima con cui si affidi il potere ad un dittatore, ponendo cos\u00ec fine alla stessa sovranit\u00e0 popolare (Karl Popper, La societ\u00e0 aperta e i suoi nemici, Armando Editore, Roma, 1996, p. 216).<\/p>\n<p>La riflessione liberale di Popper attorno alla democrazia rifiuta, quindi, la regola della maggioranza come punto di partenza e prende le mosse, invece, dalla valutazione dei meccanismi atti ad evitare che i governanti possano nuocere ai governati. Alla fine, il sistema democratico si dimostra valido non perch\u00e9 intrinsecamente buono, ma perch\u00e9 rappresenta il migliore per limitare la prevaricazione di colui che si trova al potere.<\/p>\n<p>Per questo Popper ritiene fuorviante la questione, di origine platonica, su chi debba governare e costruisce la sua riflessione attorno alla diversa questione degli accorgimenti utili ad evitare che i governanti possano nuocere. Non una teoria della sovranit\u00e0 e della sua appartenenza, dunque, bens\u00ec una teoria dei limiti del potere.<\/p>\n<p>La visione di Popper sottende certamente un certo grado di elitarismo e paternalismo, ma ci\u00f2 \u00e8 inevitabile, come in ogni presidio di autoconservazione.\u00a0Perch\u00e9 una democrazia che \u201csbaglia\u201d \u00e8 una democrazia che nuoce a tutti, non solo ai deliberanti. E una maggioranza che commetta l\u2019errore sommo, \u00e8 una maggioranza che oltrepassa il confine della democrazia per addentrarsi in qualcosa di diverso.<\/p>\n<p>C\u2019\u00e8 quindi un limite invalicabile in democrazia. Non possono esserci sfumature su questo. Una democrazia che ammettesse di poter decretare la propria fine non risulterebbe la pi\u00f9 alta espressione di libert\u00e0, bens\u00ec il frutto di una malintesa idea di libert\u00e0.<\/p>\n<p>La stessa dose di paternalismo \u00e8 sottesa all\u2019art. 139 della nostra Costituzione, per il quale \u201cLa forma repubblicana non pu\u00f2 essere oggetto di revisione costituzionale\u201d.<\/p>\n<p>In Assemblea Costituente il dibattito sull\u2019opportunit\u00e0 di questa norma fu amplissimo e molto acceso, proprio perch\u00e9 per una parte dei deputati si trattava di norma paternalistica e, finanche, liberticida.\u00a0\u201cAffermare la definitivit\u00e0 della forma di uno Stato sarebbe come se un architetto che ha costruito un tempio pretendesse preservarlo dai terremoti o dai bombardamenti scrivendo sul fregio: \u00abQuesto tempio \u00e8 definitivo\u00bb\u201d disse il deputato Ugo Damiani nella seduta del 3 dicembre 1947.<\/p>\n<p>Nella stessa seduta, il deputato Cesario Rodi dichiar\u00f2: \u201cQuando la Repubblica avr\u00e0 dimostrato di essere forte, serena nella sua forza, e capace di conservare la democrazia e la libert\u00e0, allora vi assicuro che questa Repubblica sar\u00e0 veramente definitiva. Non possiamo presumere oggi, in un periodo di penoso e profondo esperimento, di fissare come definitivo ci\u00f2 che dalla storia non \u00e8 stato ancora detto e ci\u00f2 che dallo stesso stato psicologico del popolo italiano \u00e8 stato rifiutato. Facciamo in modo, con il concorso di tutti, che questa Repubblica diventi forte e democratica nella sua sostanza; (\u2026) quindi propongo la soppressione dell&#8217;articolo anche per un omaggio alla libert\u00e0 ed alla logica\u201d.<\/p>\n<p>Non li si pu\u00f2 biasimare, nonostante il dibattito fosse particolarmente inquinato dalle divisioni politiche e pregiudiziali fra monarchici e repubblicani.\u00a0Ma forse ci aveva visto pi\u00f9 giusto di tutti l\u2019onorevole Pietro Mancini, affermando, nella seduta del 29 novembre 1946, che avrebbe sostenuto l\u2019articolo \u201cper ragioni politiche, perch\u00e9, avendo proclamato la Repubblica, la Costituzione deve essere repubblicana e, come tale, non pu\u00f2 non contenere delle norme che rendano pi\u00f9 difficile o impossibile un ritorno della monarchia. Per ragioni giuridiche, perch\u00e9, le leggi non sono il prodotto spirituale della coscienza di tutto il popolo, ma della maggioranza. (\u2026) Per ragioni di opportunit\u00e0, perch\u00e9 in questo campo l&#8217;indulgenza sarebbe causa di pericolo per la Repubblica e per la democrazia, perch\u00e9 la democrazia, che si identifica con la Repubblica, in tanto esiste in quanto sappia difendere se stessa\u201d.<\/p>\n","protected":false},"excerpt":{"rendered":"<p>di\u00a0Piero Cecchinato\u00a0 La posizione di alcuni politici italiani, per cui la legge che conferisce poteri straordinari a Orban non avrebbe nulla di deplorevole perch\u00e9 deliberata dalla maggioranza del Parlamento ungherese, offre l\u2019occasione per una breve riflessione su uno dei dilemmi principali della democrazia.<\/p>\n<div class='heateorSssClear'><\/div><div  class='heateor_sss_sharing_container heateor_sss_horizontal_sharing' data-heateor-sss-href='https:\/\/www.lacostituzione.info\/index.php\/2020\/04\/02\/la-pretesa-democraticita-della-deriva-autoritaria-di-orban-popper-e-lart-139-della-costituzione\/'><div class='heateor_sss_sharing_title' style=\"font-weight:bold\" >Condividi!<\/div><div class=\"heateor_sss_sharing_ul\"><a aria-label=\"Facebook\" class=\"heateor_sss_facebook\" href=\"https:\/\/www.facebook.com\/sharer\/sharer.php?u=https%3A%2F%2Fwww.lacostituzione.info%2Findex.php%2F2020%2F04%2F02%2Fla-pretesa-democraticita-della-deriva-autoritaria-di-orban-popper-e-lart-139-della-costituzione%2F\" title=\"Facebook\" rel=\"nofollow noopener\" target=\"_blank\" style=\"font-size:32px!important;box-shadow:none;display:inline-block;vertical-align:middle\"><span class=\"heateor_sss_svg\" style=\"background-color:#0765FE;width:35px;height:35px;display:inline-block;opacity:1;float:left;font-size:32px;box-shadow:none;display:inline-block;font-size:16px;padding:0 4px;vertical-align:middle;background-repeat:repeat;overflow:hidden;padding:0;cursor:pointer;box-sizing:content-box\"><svg style=\"display:block;\" focusable=\"false\" aria-hidden=\"true\" xmlns=\"http:\/\/www.w3.org\/2000\/svg\" width=\"100%\" height=\"100%\" viewBox=\"0 0 32 32\"><path fill=\"#fff\" d=\"M28 16c0-6.627-5.373-12-12-12S4 9.373 4 16c0 5.628 3.875 10.35 9.101 11.647v-7.98h-2.474V16H13.1v-1.58c0-4.085 1.849-5.978 5.859-5.978.76 0 2.072.15 2.608.298v3.325c-.283-.03-.775-.045-1.386-.045-1.967 0-2.728.745-2.728 2.683V16h3.92l-.673 3.667h-3.247v8.245C23.395 27.195 28 22.135 28 16Z\"><\/path><\/svg><\/span><\/a><a aria-label=\"Twitter\" class=\"heateor_sss_button_twitter\" href=\"https:\/\/twitter.com\/intent\/tweet?text=La%20pretesa%20%22democraticit%C3%A0%22%20della%20deriva%20autoritaria%20di%20Orban%2C%20Popper%20e%20l%E2%80%99art.%20139%20della%20Costituzione&url=https%3A%2F%2Fwww.lacostituzione.info%2Findex.php%2F2020%2F04%2F02%2Fla-pretesa-democraticita-della-deriva-autoritaria-di-orban-popper-e-lart-139-della-costituzione%2F\" title=\"Twitter\" rel=\"nofollow noopener\" target=\"_blank\" style=\"font-size:32px!important;box-shadow:none;display:inline-block;vertical-align:middle\"><span class=\"heateor_sss_svg heateor_sss_s__default heateor_sss_s_twitter\" style=\"background-color:#55acee;width:35px;height:35px;display:inline-block;opacity:1;float:left;font-size:32px;box-shadow:none;display:inline-block;font-size:16px;padding:0 4px;vertical-align:middle;background-repeat:repeat;overflow:hidden;padding:0;cursor:pointer;box-sizing:content-box\"><svg style=\"display:block;\" focusable=\"false\" aria-hidden=\"true\" xmlns=\"http:\/\/www.w3.org\/2000\/svg\" width=\"100%\" height=\"100%\" viewBox=\"-4 -4 39 39\"><path d=\"M28 8.557a9.913 9.913 0 0 1-2.828.775 4.93 4.93 0 0 0 2.166-2.725 9.738 9.738 0 0 1-3.13 1.194 4.92 4.92 0 0 0-3.593-1.55 4.924 4.924 0 0 0-4.794 6.049c-4.09-.21-7.72-2.17-10.15-5.15a4.942 4.942 0 0 0-.665 2.477c0 1.71.87 3.214 2.19 4.1a4.968 4.968 0 0 1-2.23-.616v.06c0 2.39 1.7 4.38 3.952 4.83-.414.115-.85.174-1.297.174-.318 0-.626-.03-.928-.086a4.935 4.935 0 0 0 4.6 3.42 9.893 9.893 0 0 1-6.114 2.107c-.398 0-.79-.023-1.175-.068a13.953 13.953 0 0 0 7.55 2.213c9.056 0 14.01-7.507 14.01-14.013 0-.213-.005-.426-.015-.637.96-.695 1.795-1.56 2.455-2.55z\" fill=\"#fff\"><\/path><\/svg><\/span><\/a><a aria-label=\"Reddit\" class=\"heateor_sss_button_reddit\" href=\"https:\/\/reddit.com\/submit?url=https%3A%2F%2Fwww.lacostituzione.info%2Findex.php%2F2020%2F04%2F02%2Fla-pretesa-democraticita-della-deriva-autoritaria-di-orban-popper-e-lart-139-della-costituzione%2F&title=La%20pretesa%20%22democraticit%C3%A0%22%20della%20deriva%20autoritaria%20di%20Orban%2C%20Popper%20e%20l%E2%80%99art.%20139%20della%20Costituzione\" title=\"Reddit\" rel=\"nofollow noopener\" target=\"_blank\" style=\"font-size:32px!important;box-shadow:none;display:inline-block;vertical-align:middle\"><span class=\"heateor_sss_svg heateor_sss_s__default heateor_sss_s_reddit\" style=\"background-color:#ff5700;width:35px;height:35px;display:inline-block;opacity:1;float:left;font-size:32px;box-shadow:none;display:inline-block;font-size:16px;padding:0 4px;vertical-align:middle;background-repeat:repeat;overflow:hidden;padding:0;cursor:pointer;box-sizing:content-box\"><svg style=\"display:block;\" focusable=\"false\" aria-hidden=\"true\" xmlns=\"http:\/\/www.w3.org\/2000\/svg\" width=\"100%\" height=\"100%\" viewBox=\"-3.5 -3.5 39 39\"><path d=\"M28.543 15.774a2.953 2.953 0 0 0-2.951-2.949 2.882 2.882 0 0 0-1.9.713 14.075 14.075 0 0 0-6.85-2.044l1.38-4.349 3.768.884a2.452 2.452 0 1 0 .24-1.176l-4.274-1a.6.6 0 0 0-.709.4l-1.659 5.224a14.314 14.314 0 0 0-7.316 2.029 2.908 2.908 0 0 0-1.872-.681 2.942 2.942 0 0 0-1.618 5.4 5.109 5.109 0 0 0-.062.765c0 4.158 5.037 7.541 11.229 7.541s11.22-3.383 11.22-7.541a5.2 5.2 0 0 0-.053-.706 2.963 2.963 0 0 0 1.427-2.51zm-18.008 1.88a1.753 1.753 0 0 1 1.73-1.74 1.73 1.73 0 0 1 1.709 1.74 1.709 1.709 0 0 1-1.709 1.711 1.733 1.733 0 0 1-1.73-1.711zm9.565 4.968a5.573 5.573 0 0 1-4.081 1.272h-.032a5.576 5.576 0 0 1-4.087-1.272.6.6 0 0 1 .844-.854 4.5 4.5 0 0 0 3.238.927h.032a4.5 4.5 0 0 0 3.237-.927.6.6 0 1 1 .844.854zm-.331-3.256a1.726 1.726 0 1 1 1.709-1.712 1.717 1.717 0 0 1-1.712 1.712z\" fill=\"#fff\"\/><\/svg><\/span><\/a><a aria-label=\"Linkedin\" class=\"heateor_sss_button_linkedin\" href=\"https:\/\/www.linkedin.com\/sharing\/share-offsite\/?url=https%3A%2F%2Fwww.lacostituzione.info%2Findex.php%2F2020%2F04%2F02%2Fla-pretesa-democraticita-della-deriva-autoritaria-di-orban-popper-e-lart-139-della-costituzione%2F\" title=\"Linkedin\" rel=\"nofollow noopener\" target=\"_blank\" style=\"font-size:32px!important;box-shadow:none;display:inline-block;vertical-align:middle\"><span class=\"heateor_sss_svg heateor_sss_s__default heateor_sss_s_linkedin\" style=\"background-color:#0077b5;width:35px;height:35px;display:inline-block;opacity:1;float:left;font-size:32px;box-shadow:none;display:inline-block;font-size:16px;padding:0 4px;vertical-align:middle;background-repeat:repeat;overflow:hidden;padding:0;cursor:pointer;box-sizing:content-box\"><svg style=\"display:block;\" focusable=\"false\" aria-hidden=\"true\" xmlns=\"http:\/\/www.w3.org\/2000\/svg\" width=\"100%\" height=\"100%\" viewBox=\"0 0 32 32\"><path d=\"M6.227 12.61h4.19v13.48h-4.19V12.61zm2.095-6.7a2.43 2.43 0 0 1 0 4.86c-1.344 0-2.428-1.09-2.428-2.43s1.084-2.43 2.428-2.43m4.72 6.7h4.02v1.84h.058c.56-1.058 1.927-2.176 3.965-2.176 4.238 0 5.02 2.792 5.02 6.42v7.395h-4.183v-6.56c0-1.564-.03-3.574-2.178-3.574-2.18 0-2.514 1.7-2.514 3.46v6.668h-4.187V12.61z\" fill=\"#fff\"><\/path><\/svg><\/span><\/a><a aria-label=\"Pinterest\" class=\"heateor_sss_button_pinterest\" href=\"https:\/\/www.lacostituzione.info\/index.php\/2020\/04\/02\/la-pretesa-democraticita-della-deriva-autoritaria-di-orban-popper-e-lart-139-della-costituzione\/\" onclick=\"event.preventDefault();javascript:void( (function() {var e=document.createElement('script' );e.setAttribute('type','text\/javascript' );e.setAttribute('charset','UTF-8' );e.setAttribute('src','\/\/assets.pinterest.com\/js\/pinmarklet.js?r='+Math.random()*99999999);document.body.appendChild(e)})());\" title=\"Pinterest\" rel=\"noopener\" style=\"font-size:32px!important;box-shadow:none;display:inline-block;vertical-align:middle\"><span class=\"heateor_sss_svg heateor_sss_s__default heateor_sss_s_pinterest\" style=\"background-color:#cc2329;width:35px;height:35px;display:inline-block;opacity:1;float:left;font-size:32px;box-shadow:none;display:inline-block;font-size:16px;padding:0 4px;vertical-align:middle;background-repeat:repeat;overflow:hidden;padding:0;cursor:pointer;box-sizing:content-box\"><svg style=\"display:block;\" focusable=\"false\" aria-hidden=\"true\" xmlns=\"http:\/\/www.w3.org\/2000\/svg\" width=\"100%\" height=\"100%\" viewBox=\"-2 -2 35 35\"><path fill=\"#fff\" d=\"M16.539 4.5c-6.277 0-9.442 4.5-9.442 8.253 0 2.272.86 4.293 2.705 5.046.303.125.574.005.662-.33.061-.231.205-.816.27-1.06.088-.331.053-.447-.191-.736-.532-.627-.873-1.439-.873-2.591 0-3.338 2.498-6.327 6.505-6.327 3.548 0 5.497 2.168 5.497 5.062 0 3.81-1.686 7.025-4.188 7.025-1.382 0-2.416-1.142-2.085-2.545.397-1.674 1.166-3.48 1.166-4.689 0-1.081-.581-1.983-1.782-1.983-1.413 0-2.548 1.462-2.548 3.419 0 1.247.421 2.091.421 2.091l-1.699 7.199c-.505 2.137-.076 4.755-.039 5.019.021.158.223.196.314.077.13-.17 1.813-2.247 2.384-4.324.162-.587.929-3.631.929-3.631.46.876 1.801 1.646 3.227 1.646 4.247 0 7.128-3.871 7.128-9.053.003-3.918-3.317-7.568-8.361-7.568z\"\/><\/svg><\/span><\/a><a aria-label=\"Whatsapp\" class=\"heateor_sss_whatsapp\" href=\"https:\/\/api.whatsapp.com\/send?text=La%20pretesa%20%22democraticit%C3%A0%22%20della%20deriva%20autoritaria%20di%20Orban%2C%20Popper%20e%20l%E2%80%99art.%20139%20della%20Costituzione%20https%3A%2F%2Fwww.lacostituzione.info%2Findex.php%2F2020%2F04%2F02%2Fla-pretesa-democraticita-della-deriva-autoritaria-di-orban-popper-e-lart-139-della-costituzione%2F\" title=\"Whatsapp\" rel=\"nofollow noopener\" target=\"_blank\" style=\"font-size:32px!important;box-shadow:none;display:inline-block;vertical-align:middle\"><span class=\"heateor_sss_svg\" style=\"background-color:#55eb4c;width:35px;height:35px;display:inline-block;opacity:1;float:left;font-size:32px;box-shadow:none;display:inline-block;font-size:16px;padding:0 4px;vertical-align:middle;background-repeat:repeat;overflow:hidden;padding:0;cursor:pointer;box-sizing:content-box\"><svg style=\"display:block;\" focusable=\"false\" aria-hidden=\"true\" xmlns=\"http:\/\/www.w3.org\/2000\/svg\" width=\"100%\" height=\"100%\" viewBox=\"-6 -5 40 40\"><path class=\"heateor_sss_svg_stroke heateor_sss_no_fill\" stroke=\"#fff\" stroke-width=\"2\" fill=\"none\" d=\"M 11.579798566743314 24.396926207859085 A 10 10 0 1 0 6.808479557110079 20.73576436351046\"><\/path><path d=\"M 7 19 l -1 6 l 6 -1\" class=\"heateor_sss_no_fill heateor_sss_svg_stroke\" stroke=\"#fff\" stroke-width=\"2\" fill=\"none\"><\/path><path d=\"M 10 10 q -1 8 8 11 c 5 -1 0 -6 -1 -3 q -4 -3 -5 -5 c 4 -2 -1 -5 -1 -4\" fill=\"#fff\"><\/path><\/svg><\/span><\/a><\/div><div class=\"heateorSssClear\"><\/div><\/div><div class='heateorSssClear'><\/div>","protected":false},"author":1,"featured_media":0,"comment_status":"open","ping_status":"open","sticky":false,"template":"","format":"standard","meta":{"jetpack_post_was_ever_published":false,"_jetpack_newsletter_access":"","_jetpack_dont_email_post_to_subs":false,"_jetpack_newsletter_tier_id":0,"_jetpack_memberships_contains_paywalled_content":false,"_jetpack_memberships_contains_paid_content":false,"footnotes":"","jetpack_publicize_message":"","jetpack_publicize_feature_enabled":true,"jetpack_social_post_already_shared":false,"jetpack_social_options":{"image_generator_settings":{"template":"highway","default_image_id":0,"enabled":false},"version":2}},"categories":[5],"tags":[74,529,414,1433],"class_list":["post-6947","post","type-post","status-publish","format-standard","hentry","category-lavori-in-corso","tag-costituzione","tag-democrazia","tag-orban","tag-pieni-poteri"],"jetpack_publicize_connections":[],"jetpack_featured_media_url":"","jetpack_shortlink":"https:\/\/wp.me\/p84sDq-1O3","jetpack_likes_enabled":true,"jetpack_sharing_enabled":true,"_links":{"self":[{"href":"https:\/\/www.lacostituzione.info\/index.php\/wp-json\/wp\/v2\/posts\/6947","targetHints":{"allow":["GET"]}}],"collection":[{"href":"https:\/\/www.lacostituzione.info\/index.php\/wp-json\/wp\/v2\/posts"}],"about":[{"href":"https:\/\/www.lacostituzione.info\/index.php\/wp-json\/wp\/v2\/types\/post"}],"author":[{"embeddable":true,"href":"https:\/\/www.lacostituzione.info\/index.php\/wp-json\/wp\/v2\/users\/1"}],"replies":[{"embeddable":true,"href":"https:\/\/www.lacostituzione.info\/index.php\/wp-json\/wp\/v2\/comments?post=6947"}],"version-history":[{"count":0,"href":"https:\/\/www.lacostituzione.info\/index.php\/wp-json\/wp\/v2\/posts\/6947\/revisions"}],"wp:attachment":[{"href":"https:\/\/www.lacostituzione.info\/index.php\/wp-json\/wp\/v2\/media?parent=6947"}],"wp:term":[{"taxonomy":"category","embeddable":true,"href":"https:\/\/www.lacostituzione.info\/index.php\/wp-json\/wp\/v2\/categories?post=6947"},{"taxonomy":"post_tag","embeddable":true,"href":"https:\/\/www.lacostituzione.info\/index.php\/wp-json\/wp\/v2\/tags?post=6947"}],"curies":[{"name":"wp","href":"https:\/\/api.w.org\/{rel}","templated":true}]}}