{"id":7017,"date":"2020-04-16T09:57:01","date_gmt":"2020-04-16T07:57:01","guid":{"rendered":"http:\/\/www.lacostituzione.info\/?p=7017"},"modified":"2020-04-19T16:43:17","modified_gmt":"2020-04-19T14:43:17","slug":"ripartire-dal-mezzogiorno-le-dimensioni-territoriali-dellepidemia","status":"publish","type":"post","link":"https:\/\/www.lacostituzione.info\/index.php\/2020\/04\/16\/ripartire-dal-mezzogiorno-le-dimensioni-territoriali-dellepidemia\/","title":{"rendered":"Ripartire dal Mezzogiorno: le dimensioni territoriali dell\u2019epidemia"},"content":{"rendered":"\n<p style=\"text-align: left;\"><a href=\"http:\/\/www.lacostituzione.info\/wp-content\/uploads\/2020\/04\/densita.jpg\"><img loading=\"lazy\" decoding=\"async\" data-attachment-id=\"7018\" data-permalink=\"https:\/\/www.lacostituzione.info\/index.php\/2020\/04\/16\/ripartire-dal-mezzogiorno-le-dimensioni-territoriali-dellepidemia\/densita\/#main\" data-orig-file=\"https:\/\/www.lacostituzione.info\/wp-content\/uploads\/2020\/04\/densita.jpg\" data-orig-size=\"200,252\" data-comments-opened=\"1\" data-image-meta=\"{&quot;aperture&quot;:&quot;0&quot;,&quot;credit&quot;:&quot;&quot;,&quot;camera&quot;:&quot;&quot;,&quot;caption&quot;:&quot;&quot;,&quot;created_timestamp&quot;:&quot;0&quot;,&quot;copyright&quot;:&quot;&quot;,&quot;focal_length&quot;:&quot;0&quot;,&quot;iso&quot;:&quot;0&quot;,&quot;shutter_speed&quot;:&quot;0&quot;,&quot;title&quot;:&quot;&quot;,&quot;orientation&quot;:&quot;0&quot;}\" data-image-title=\"densita\" data-image-description=\"\" data-image-caption=\"\" data-medium-file=\"https:\/\/www.lacostituzione.info\/wp-content\/uploads\/2020\/04\/densita.jpg\" data-large-file=\"https:\/\/www.lacostituzione.info\/wp-content\/uploads\/2020\/04\/densita.jpg\" class=\"size-thumbnail wp-image-7018 alignleft\" src=\"http:\/\/www.lacostituzione.info\/wp-content\/uploads\/2020\/04\/densita-150x150.jpg\" alt=\"\" width=\"150\" height=\"150\" \/><\/a>di <strong>Marco Betzu<sup>*<\/sup> e Pietro Ciarlo<\/strong><sup>**<\/sup><\/p>\n<p>In un\u2019intervista rilasciata al quotidiano <em>la Repubblica <\/em>lo scorso 2 aprile, Giovanni Rezza, dirigente dell\u2019Istituto Superiore di Sanit\u00e0 e componente dell\u2019ormai noto Comitato tecnico scientifico che opera in supporto al Governo, ha respinto l\u2019idea di un allentamento delle misure restrittive anti-epidemiche diversificato per territori: \u00abla maggior parte delle attivit\u00e0 produttive stanno proprio al nord. Che facciamo, lo apriamo dopo perch\u00e9 ha avuto una maggiore diffusione del virus?\u00bb.<!--more--><\/p>\n<p>Questa singolare risposta esprime molto bene l\u2019approccio \u201cuniformante\u201d assunto dal Governo nella gestione dell\u2019emergenza generata dal virus SARS-CoV-2, concretatosi nella estensione a tutto il territorio nazionale delle stesse identiche misure di contenimento inizialmente previste per le Regioni maggiormente colpite. Ma, verso la fine della fase 1, cio\u00e8 quella della chiusura\u00a0 indifferenziata, \u00e8 risultato che il virus, dal punto di vista sanitario, ha colpito il Nord in una misura del tutto inattesa rispetto al resto del Paese. Le spiegazioni di questo fenomeno possono essere molteplici. Sicuramente tra esse vi sono la pi\u00f9 bassa densit\u00e0 demografica di alcune regioni del Sud e la minore intensit\u00e0 delle relazioni economiche. Per fare un esempio, mentre la Lombardia presenta una densit\u00e0 di 421,6 persone per kmq, in Sardegna il dato crolla a 68 abitanti per kmq. Verso la met\u00e0 di marzo nella provincia di Cremona drammaticamente vi era un contagiato ogni 90 abitanti, mentre nella citt\u00e0 metropolitana di Cagliari uno ogni 2400. Questa evidenza ha portato il virologo di Padova Andrea Crisanti ad affermare\u00a0 che una graduale riapertura dovrebbe avere inizio da citt\u00e0 con minori percentuali di contagio come Cagliari e Oristano (<em>Corriere della Sera<\/em> del 4 aprile 2020).<\/p>\n<p>Ci\u00f2 dimostra come sarebbe pi\u00f9 che mai opportuna una modulazione differente per contesto territoriale della necessaria ripartenza, in funzione del diverso pericolo e degli altri fattori rilevanti per la decisione, tra i quali la densit\u00e0 demografica. Non \u00e8 chi non veda come, di fronte a un virus che si trasmette tramite il contatto interpersonale, proprio il dato della popolazione per chilometro quadrato sia decisivo. Sembra al contrario che, come fatto sinora, si voglia continuare a preferire un\u2019applicazione ipostatizzante del principio di precauzione, per effetto della quale non vengono tenuti in debita considerazione quelli che Pitruzzella ha definito i \u00abrischi sostitutivi nella forma di pericoli che si materializzano o aumentano in conseguenza della scelta regolativa\u00bb adottata. Tra questi, in particolare, quelli a carico del tessuto socio-economico, che non \u00e8 affatto uguale in ogni regione.<\/p>\n<p>L\u2019impatto economico delle misure di contenimento, infatti, \u00e8 sicuramente differente tra Nord e Mezzogiorno. <a href=\"https:\/\/www.economiaepolitica.it\/industria-e-mercati\/impatto-economico-coronavirus-effetto-interventi-riflessioni-politiche-di-coesione-covid-19\/\">Cersosimo e Viesti hanno stimato<\/a> che le conseguenze sull\u2019occupazione saranno certamente peggiori proprio nelle aree in cui il virus si \u00e8 diffuso meno: \u00abnel Mezzogiorno gli occupati che non sono dipendenti a tempo indeterminato rappresentano una percentuale decisamente maggiore che nella media nazionale: il 51,2% contro il 42,6% (sono il 46,2% nelle regioni del Centro). Questa incidenza \u00e8 particolarmente alta in Sardegna e in Calabria, dove copre oltre il 60% del totale degli occupati \u201csospesi\u201d, cos\u00ec come in Sicilia, Liguria e Valle d\u2019Aosta, dove supera abbondantemente il 50%. Al contrario \u00e8 \u201csolo\u201d il 34% in Lombardia, e sotto il 40% anche in Piemonte, Veneto, Friuli Venezia Giulia e Emilia-Romagna\u00bb. Sulla stessa linea <a href=\"http:\/\/lnx.svimez.info\/svimez\/wp-content\/uploads\/2020\/04\/svimez_impatto_coronavirus_bis.pdf\">un recente studio dello Svimez<\/a> ha calcolato \u00abuna probabilit\u00e0 di <em>default<\/em> delle imprese meridionali quattro volte maggiore rispetto a quanto avviene nel resto del Paese\u00bb.<\/p>\n<p>Quando tutto sar\u00e0 finito le aziende del Nord, pi\u00f9 strutturate e con una maggiore capacit\u00e0 finanziaria, riusciranno in qualche modo a riprendersi. Nel Sud, invece, le\u00a0 micro-aziende che caratterizzano il suo tessuto produttivo saranno spazzate inesorabilmente via, lasciando alle loro spalle un deserto economico e un inferno sociale. Molto per\u00f2 dipender\u00e0 da quanto le istituzioni riusciranno a fare per governare la situazione e contrastare questa tendenza. L\u2019incipit non \u00e8 soddisfacente. Le conseguenze sociali dell\u2019epidemia non coincidono con la mappa del contagio.<\/p>\n<p>\u00a0\u00a0 Eppure, gli aspetti territoriali dell\u2019epidemia, di palmare evidenza e importanza, in pratica non sono mai entrati nella comunicazione di massa.<\/p>\n<p>\u00a0\u00a0\u00a0\u00a0 Innanzitutto il rapporto tra contagiati ed abitanti non \u00e8 stato mai evidenziato ed approfondito nella comunicazione politica e di conseguenza \u00e8 stato trascurato anche dalla stampa. Che questo sia avvenuto nella fase della chiusura \u00e8 comprensibile: non bisognava generare facili illusioni in nessuno. Ma passando alla rinascita le cose cambiano di prospettiva.<\/p>\n<p>\u00a0 Il Nord \u00e8 stato drammaticamente flagellato dall\u2019epidemia,\u00a0 soprattutto dal punto di vista umano, ma questo non pu\u00f2 oscurare la questione del Mezzogiorno. Il Sud sembra essere in parte risparmiato dall\u2019epidemia in quanto tale, ma data la sua debolezza strutturale \u00e8 socialmente\u00a0 devastato dalla chiusura. Secondo una dettagliata rilevazione della UIL, a fine marzo, le aziende ripartite\u00a0 in virt\u00f9 di accordi sindacali e delle deroghe consentite per i 93 codici Ateco erano circa 16.000 in Emilia e Romagna, 14.000 in Lombardia, 11.000 in Veneto, ma solo 691 in Campania che ha quasi sei milioni di abitanti. In funzione della ripresa il Sud non ha numeri pi\u00f9 bassi o bassi, ha numeri inesistenti. Le aziende meridionali non hanno neanche la forza di chiedere. Ma deroghe territoriali non sono neppure allo studio.\u00a0 Il Mezzogiorno non sembra avere la forza politica e culturale di porre neanche il problema di s\u00e9 stesso. E si sa, il principio di eguaglianza non pu\u00f2 fare a meno delle rivendicazioni di chi ne chiede l\u2019applicazione.<\/p>\n<p>\u00a0\u00a0\u00a0\u00a0\u00a0 Non possono essere trattate in modo eguale situazioni differenti. Considerando congiuntamente le devastanti conseguenze sociali delle chiusure e le percentuali di contagio bassissime, per alcune delle province meridionali si possono ipotizzare riaperture anticipate soprattutto per quanto riguarda il piccolo commercio e l\u2019edilizia, pur con tutte le cautele necessarie. Sono scelte difficili, ma vanno fatte, altrimenti dell\u2019esile tessuto economico meridionale non rester\u00e0 traccia. Il virus non pu\u00f2 spingere completamente fuori\u00a0 dal circuito dell\u2019attenzione politica il dualismo del Paese.<\/p>\n<p>\u00a0\u00a0 Appare paradossale che l\u2019unico ministro a evidenziare tale\u00a0 dualismo\u00a0 e la condizione sociale del Mezzogiorno sia quello dell\u2019Interno.<\/p>\n<p>\u00a0\u00a0 Come appena mostrato le deroghe per l\u2019apertura delle attivit\u00e0 produttive hanno dal punto di vista territoriale\u00a0 un andamento\u00a0 fortemente sperequato. Dunque nulla osta, anzi tutto consiglierebbe che, con urgenza per le zone meno coinvolte del Mezzogiorno, alle condizioni di sicurezza gi\u00e0 previste, si disponessero delle riaperture per ulteriori categorie merceologiche\u00a0 \u00a0in particolare per tutte quelle\u00a0 attivit\u00e0 che non presuppongono un commercio di massa. Urgentissima appare la ripresa dell\u2019attivit\u00e0 edilizia che, tra l\u2019altro, si svolge per buona parte all\u2019 aperto.<\/p>\n<p>\u00a0\u00a0 Dopo le grandi crisi normalmente cambiano i rapporti sostanziali e istituzionali. Con questa epidemia, a meno di significative variazioni nelle politiche pubbliche, il sogno secessionista di alcuni sembra alla fine arrivare a compimento con la definitiva distruzione del Mezzogiorno.<\/p>\n<p>\u00a0<\/p>\n<p><em>\u00a0<\/em><\/p>\n<p><em>* Professore associato di Diritto costituzionale, Universit<\/em><em>\u00e0<\/em><em> di Cagliari<\/em><\/p>\n<p><em>** Professore ordinario di Diritto costituzionale, Universit<\/em><em>\u00e0<\/em><em> di Cagliari<\/em><\/p>\n","protected":false},"excerpt":{"rendered":"<p>di Marco Betzu* e Pietro Ciarlo** In un\u2019intervista rilasciata al quotidiano la Repubblica lo scorso 2 aprile, Giovanni Rezza, dirigente dell\u2019Istituto Superiore di Sanit\u00e0 e componente dell\u2019ormai noto Comitato tecnico scientifico che opera in supporto al Governo, ha respinto l\u2019idea di un allentamento delle misure restrittive anti-epidemiche diversificato per territori: \u00abla maggior parte delle attivit\u00e0 &#8230; <a title=\"Ripartire dal Mezzogiorno: le dimensioni territoriali dell\u2019epidemia\" class=\"read-more\" href=\"https:\/\/www.lacostituzione.info\/index.php\/2020\/04\/16\/ripartire-dal-mezzogiorno-le-dimensioni-territoriali-dellepidemia\/\">Leggi tutto<\/a><\/p>\n<div class='heateorSssClear'><\/div><div  class='heateor_sss_sharing_container heateor_sss_horizontal_sharing' data-heateor-sss-href='https:\/\/www.lacostituzione.info\/index.php\/2020\/04\/16\/ripartire-dal-mezzogiorno-le-dimensioni-territoriali-dellepidemia\/'><div class='heateor_sss_sharing_title' style=\"font-weight:bold\" >Condividi!<\/div><div class=\"heateor_sss_sharing_ul\"><a aria-label=\"Facebook\" class=\"heateor_sss_facebook\" href=\"https:\/\/www.facebook.com\/sharer\/sharer.php?u=https%3A%2F%2Fwww.lacostituzione.info%2Findex.php%2F2020%2F04%2F16%2Fripartire-dal-mezzogiorno-le-dimensioni-territoriali-dellepidemia%2F\" title=\"Facebook\" rel=\"nofollow noopener\" target=\"_blank\" style=\"font-size:32px!important;box-shadow:none;display:inline-block;vertical-align:middle\"><span class=\"heateor_sss_svg\" style=\"background-color:#0765FE;width:35px;height:35px;display:inline-block;opacity:1;float:left;font-size:32px;box-shadow:none;display:inline-block;font-size:16px;padding:0 4px;vertical-align:middle;background-repeat:repeat;overflow:hidden;padding:0;cursor:pointer;box-sizing:content-box\"><svg style=\"display:block;\" focusable=\"false\" aria-hidden=\"true\" xmlns=\"http:\/\/www.w3.org\/2000\/svg\" width=\"100%\" height=\"100%\" viewBox=\"0 0 32 32\"><path fill=\"#fff\" d=\"M28 16c0-6.627-5.373-12-12-12S4 9.373 4 16c0 5.628 3.875 10.35 9.101 11.647v-7.98h-2.474V16H13.1v-1.58c0-4.085 1.849-5.978 5.859-5.978.76 0 2.072.15 2.608.298v3.325c-.283-.03-.775-.045-1.386-.045-1.967 0-2.728.745-2.728 2.683V16h3.92l-.673 3.667h-3.247v8.245C23.395 27.195 28 22.135 28 16Z\"><\/path><\/svg><\/span><\/a><a aria-label=\"Twitter\" class=\"heateor_sss_button_twitter\" href=\"https:\/\/twitter.com\/intent\/tweet?text=Ripartire%20dal%20Mezzogiorno%3A%20le%20dimensioni%20territoriali%20dell%E2%80%99epidemia&url=https%3A%2F%2Fwww.lacostituzione.info%2Findex.php%2F2020%2F04%2F16%2Fripartire-dal-mezzogiorno-le-dimensioni-territoriali-dellepidemia%2F\" title=\"Twitter\" rel=\"nofollow noopener\" target=\"_blank\" style=\"font-size:32px!important;box-shadow:none;display:inline-block;vertical-align:middle\"><span class=\"heateor_sss_svg heateor_sss_s__default heateor_sss_s_twitter\" style=\"background-color:#55acee;width:35px;height:35px;display:inline-block;opacity:1;float:left;font-size:32px;box-shadow:none;display:inline-block;font-size:16px;padding:0 4px;vertical-align:middle;background-repeat:repeat;overflow:hidden;padding:0;cursor:pointer;box-sizing:content-box\"><svg style=\"display:block;\" focusable=\"false\" aria-hidden=\"true\" xmlns=\"http:\/\/www.w3.org\/2000\/svg\" width=\"100%\" height=\"100%\" viewBox=\"-4 -4 39 39\"><path d=\"M28 8.557a9.913 9.913 0 0 1-2.828.775 4.93 4.93 0 0 0 2.166-2.725 9.738 9.738 0 0 1-3.13 1.194 4.92 4.92 0 0 0-3.593-1.55 4.924 4.924 0 0 0-4.794 6.049c-4.09-.21-7.72-2.17-10.15-5.15a4.942 4.942 0 0 0-.665 2.477c0 1.71.87 3.214 2.19 4.1a4.968 4.968 0 0 1-2.23-.616v.06c0 2.39 1.7 4.38 3.952 4.83-.414.115-.85.174-1.297.174-.318 0-.626-.03-.928-.086a4.935 4.935 0 0 0 4.6 3.42 9.893 9.893 0 0 1-6.114 2.107c-.398 0-.79-.023-1.175-.068a13.953 13.953 0 0 0 7.55 2.213c9.056 0 14.01-7.507 14.01-14.013 0-.213-.005-.426-.015-.637.96-.695 1.795-1.56 2.455-2.55z\" fill=\"#fff\"><\/path><\/svg><\/span><\/a><a aria-label=\"Reddit\" class=\"heateor_sss_button_reddit\" href=\"https:\/\/reddit.com\/submit?url=https%3A%2F%2Fwww.lacostituzione.info%2Findex.php%2F2020%2F04%2F16%2Fripartire-dal-mezzogiorno-le-dimensioni-territoriali-dellepidemia%2F&title=Ripartire%20dal%20Mezzogiorno%3A%20le%20dimensioni%20territoriali%20dell%E2%80%99epidemia\" title=\"Reddit\" rel=\"nofollow noopener\" target=\"_blank\" style=\"font-size:32px!important;box-shadow:none;display:inline-block;vertical-align:middle\"><span class=\"heateor_sss_svg heateor_sss_s__default heateor_sss_s_reddit\" style=\"background-color:#ff5700;width:35px;height:35px;display:inline-block;opacity:1;float:left;font-size:32px;box-shadow:none;display:inline-block;font-size:16px;padding:0 4px;vertical-align:middle;background-repeat:repeat;overflow:hidden;padding:0;cursor:pointer;box-sizing:content-box\"><svg style=\"display:block;\" focusable=\"false\" aria-hidden=\"true\" xmlns=\"http:\/\/www.w3.org\/2000\/svg\" width=\"100%\" height=\"100%\" viewBox=\"-3.5 -3.5 39 39\"><path d=\"M28.543 15.774a2.953 2.953 0 0 0-2.951-2.949 2.882 2.882 0 0 0-1.9.713 14.075 14.075 0 0 0-6.85-2.044l1.38-4.349 3.768.884a2.452 2.452 0 1 0 .24-1.176l-4.274-1a.6.6 0 0 0-.709.4l-1.659 5.224a14.314 14.314 0 0 0-7.316 2.029 2.908 2.908 0 0 0-1.872-.681 2.942 2.942 0 0 0-1.618 5.4 5.109 5.109 0 0 0-.062.765c0 4.158 5.037 7.541 11.229 7.541s11.22-3.383 11.22-7.541a5.2 5.2 0 0 0-.053-.706 2.963 2.963 0 0 0 1.427-2.51zm-18.008 1.88a1.753 1.753 0 0 1 1.73-1.74 1.73 1.73 0 0 1 1.709 1.74 1.709 1.709 0 0 1-1.709 1.711 1.733 1.733 0 0 1-1.73-1.711zm9.565 4.968a5.573 5.573 0 0 1-4.081 1.272h-.032a5.576 5.576 0 0 1-4.087-1.272.6.6 0 0 1 .844-.854 4.5 4.5 0 0 0 3.238.927h.032a4.5 4.5 0 0 0 3.237-.927.6.6 0 1 1 .844.854zm-.331-3.256a1.726 1.726 0 1 1 1.709-1.712 1.717 1.717 0 0 1-1.712 1.712z\" fill=\"#fff\"\/><\/svg><\/span><\/a><a aria-label=\"Linkedin\" class=\"heateor_sss_button_linkedin\" href=\"https:\/\/www.linkedin.com\/sharing\/share-offsite\/?url=https%3A%2F%2Fwww.lacostituzione.info%2Findex.php%2F2020%2F04%2F16%2Fripartire-dal-mezzogiorno-le-dimensioni-territoriali-dellepidemia%2F\" title=\"Linkedin\" rel=\"nofollow noopener\" target=\"_blank\" style=\"font-size:32px!important;box-shadow:none;display:inline-block;vertical-align:middle\"><span class=\"heateor_sss_svg heateor_sss_s__default heateor_sss_s_linkedin\" style=\"background-color:#0077b5;width:35px;height:35px;display:inline-block;opacity:1;float:left;font-size:32px;box-shadow:none;display:inline-block;font-size:16px;padding:0 4px;vertical-align:middle;background-repeat:repeat;overflow:hidden;padding:0;cursor:pointer;box-sizing:content-box\"><svg style=\"display:block;\" focusable=\"false\" aria-hidden=\"true\" xmlns=\"http:\/\/www.w3.org\/2000\/svg\" width=\"100%\" height=\"100%\" viewBox=\"0 0 32 32\"><path d=\"M6.227 12.61h4.19v13.48h-4.19V12.61zm2.095-6.7a2.43 2.43 0 0 1 0 4.86c-1.344 0-2.428-1.09-2.428-2.43s1.084-2.43 2.428-2.43m4.72 6.7h4.02v1.84h.058c.56-1.058 1.927-2.176 3.965-2.176 4.238 0 5.02 2.792 5.02 6.42v7.395h-4.183v-6.56c0-1.564-.03-3.574-2.178-3.574-2.18 0-2.514 1.7-2.514 3.46v6.668h-4.187V12.61z\" fill=\"#fff\"><\/path><\/svg><\/span><\/a><a aria-label=\"Pinterest\" class=\"heateor_sss_button_pinterest\" href=\"https:\/\/www.lacostituzione.info\/index.php\/2020\/04\/16\/ripartire-dal-mezzogiorno-le-dimensioni-territoriali-dellepidemia\/\" onclick=\"event.preventDefault();javascript:void( (function() {var e=document.createElement('script' );e.setAttribute('type','text\/javascript' );e.setAttribute('charset','UTF-8' );e.setAttribute('src','\/\/assets.pinterest.com\/js\/pinmarklet.js?r='+Math.random()*99999999);document.body.appendChild(e)})());\" title=\"Pinterest\" rel=\"noopener\" style=\"font-size:32px!important;box-shadow:none;display:inline-block;vertical-align:middle\"><span class=\"heateor_sss_svg heateor_sss_s__default heateor_sss_s_pinterest\" style=\"background-color:#cc2329;width:35px;height:35px;display:inline-block;opacity:1;float:left;font-size:32px;box-shadow:none;display:inline-block;font-size:16px;padding:0 4px;vertical-align:middle;background-repeat:repeat;overflow:hidden;padding:0;cursor:pointer;box-sizing:content-box\"><svg style=\"display:block;\" focusable=\"false\" aria-hidden=\"true\" xmlns=\"http:\/\/www.w3.org\/2000\/svg\" width=\"100%\" height=\"100%\" viewBox=\"-2 -2 35 35\"><path fill=\"#fff\" d=\"M16.539 4.5c-6.277 0-9.442 4.5-9.442 8.253 0 2.272.86 4.293 2.705 5.046.303.125.574.005.662-.33.061-.231.205-.816.27-1.06.088-.331.053-.447-.191-.736-.532-.627-.873-1.439-.873-2.591 0-3.338 2.498-6.327 6.505-6.327 3.548 0 5.497 2.168 5.497 5.062 0 3.81-1.686 7.025-4.188 7.025-1.382 0-2.416-1.142-2.085-2.545.397-1.674 1.166-3.48 1.166-4.689 0-1.081-.581-1.983-1.782-1.983-1.413 0-2.548 1.462-2.548 3.419 0 1.247.421 2.091.421 2.091l-1.699 7.199c-.505 2.137-.076 4.755-.039 5.019.021.158.223.196.314.077.13-.17 1.813-2.247 2.384-4.324.162-.587.929-3.631.929-3.631.46.876 1.801 1.646 3.227 1.646 4.247 0 7.128-3.871 7.128-9.053.003-3.918-3.317-7.568-8.361-7.568z\"\/><\/svg><\/span><\/a><a aria-label=\"Whatsapp\" class=\"heateor_sss_whatsapp\" href=\"https:\/\/api.whatsapp.com\/send?text=Ripartire%20dal%20Mezzogiorno%3A%20le%20dimensioni%20territoriali%20dell%E2%80%99epidemia%20https%3A%2F%2Fwww.lacostituzione.info%2Findex.php%2F2020%2F04%2F16%2Fripartire-dal-mezzogiorno-le-dimensioni-territoriali-dellepidemia%2F\" title=\"Whatsapp\" rel=\"nofollow noopener\" target=\"_blank\" style=\"font-size:32px!important;box-shadow:none;display:inline-block;vertical-align:middle\"><span class=\"heateor_sss_svg\" style=\"background-color:#55eb4c;width:35px;height:35px;display:inline-block;opacity:1;float:left;font-size:32px;box-shadow:none;display:inline-block;font-size:16px;padding:0 4px;vertical-align:middle;background-repeat:repeat;overflow:hidden;padding:0;cursor:pointer;box-sizing:content-box\"><svg style=\"display:block;\" focusable=\"false\" aria-hidden=\"true\" xmlns=\"http:\/\/www.w3.org\/2000\/svg\" width=\"100%\" height=\"100%\" viewBox=\"-6 -5 40 40\"><path class=\"heateor_sss_svg_stroke heateor_sss_no_fill\" stroke=\"#fff\" stroke-width=\"2\" fill=\"none\" d=\"M 11.579798566743314 24.396926207859085 A 10 10 0 1 0 6.808479557110079 20.73576436351046\"><\/path><path d=\"M 7 19 l -1 6 l 6 -1\" class=\"heateor_sss_no_fill heateor_sss_svg_stroke\" stroke=\"#fff\" stroke-width=\"2\" fill=\"none\"><\/path><path d=\"M 10 10 q -1 8 8 11 c 5 -1 0 -6 -1 -3 q -4 -3 -5 -5 c 4 -2 -1 -5 -1 -4\" fill=\"#fff\"><\/path><\/svg><\/span><\/a><\/div><div class=\"heateorSssClear\"><\/div><\/div><div class='heateorSssClear'><\/div>","protected":false},"author":1,"featured_media":0,"comment_status":"open","ping_status":"open","sticky":false,"template":"","format":"standard","meta":{"jetpack_post_was_ever_published":false,"_jetpack_newsletter_access":"","_jetpack_dont_email_post_to_subs":false,"_jetpack_newsletter_tier_id":0,"_jetpack_memberships_contains_paywalled_content":false,"_jetpack_memberships_contains_paid_content":false,"footnotes":"","jetpack_publicize_message":"","jetpack_publicize_feature_enabled":true,"jetpack_social_post_already_shared":false,"jetpack_social_options":{"image_generator_settings":{"template":"highway","default_image_id":0,"enabled":false},"version":2}},"categories":[4],"tags":[1443,1489,1490,1377,1007],"class_list":["post-7017","post","type-post","status-publish","format-standard","hentry","category-attualita","tag-demografia","tag-densita","tag-mezzogiorno","tag-nord-e-sud","tag-virus"],"jetpack_publicize_connections":[],"jetpack_featured_media_url":"","jetpack_shortlink":"https:\/\/wp.me\/p84sDq-1Pb","jetpack_likes_enabled":true,"jetpack_sharing_enabled":true,"_links":{"self":[{"href":"https:\/\/www.lacostituzione.info\/index.php\/wp-json\/wp\/v2\/posts\/7017","targetHints":{"allow":["GET"]}}],"collection":[{"href":"https:\/\/www.lacostituzione.info\/index.php\/wp-json\/wp\/v2\/posts"}],"about":[{"href":"https:\/\/www.lacostituzione.info\/index.php\/wp-json\/wp\/v2\/types\/post"}],"author":[{"embeddable":true,"href":"https:\/\/www.lacostituzione.info\/index.php\/wp-json\/wp\/v2\/users\/1"}],"replies":[{"embeddable":true,"href":"https:\/\/www.lacostituzione.info\/index.php\/wp-json\/wp\/v2\/comments?post=7017"}],"version-history":[{"count":0,"href":"https:\/\/www.lacostituzione.info\/index.php\/wp-json\/wp\/v2\/posts\/7017\/revisions"}],"wp:attachment":[{"href":"https:\/\/www.lacostituzione.info\/index.php\/wp-json\/wp\/v2\/media?parent=7017"}],"wp:term":[{"taxonomy":"category","embeddable":true,"href":"https:\/\/www.lacostituzione.info\/index.php\/wp-json\/wp\/v2\/categories?post=7017"},{"taxonomy":"post_tag","embeddable":true,"href":"https:\/\/www.lacostituzione.info\/index.php\/wp-json\/wp\/v2\/tags?post=7017"}],"curies":[{"name":"wp","href":"https:\/\/api.w.org\/{rel}","templated":true}]}}