{"id":7027,"date":"2020-04-19T16:38:13","date_gmt":"2020-04-19T14:38:13","guid":{"rendered":"http:\/\/www.lacostituzione.info\/?p=7027"},"modified":"2020-04-19T16:38:15","modified_gmt":"2020-04-19T14:38:15","slug":"per-non-far-diventare-il-rimedio-peggiore-del-male-lockdown-e-bilanciamento-tra-diritti-fondamentali","status":"publish","type":"post","link":"https:\/\/www.lacostituzione.info\/index.php\/2020\/04\/19\/per-non-far-diventare-il-rimedio-peggiore-del-male-lockdown-e-bilanciamento-tra-diritti-fondamentali\/","title":{"rendered":"Per non far diventare il rimedio peggiore del male. Lockdown e bilanciamento tra diritti fondamentali"},"content":{"rendered":"\n<p><a href=\"http:\/\/www.lacostituzione.info\/wp-content\/uploads\/2020\/04\/lockdown.jpg\"><img loading=\"lazy\" decoding=\"async\" data-attachment-id=\"7028\" data-permalink=\"https:\/\/www.lacostituzione.info\/index.php\/2020\/04\/19\/per-non-far-diventare-il-rimedio-peggiore-del-male-lockdown-e-bilanciamento-tra-diritti-fondamentali\/lockdown\/#main\" data-orig-file=\"https:\/\/www.lacostituzione.info\/wp-content\/uploads\/2020\/04\/lockdown.jpg\" data-orig-size=\"301,167\" data-comments-opened=\"1\" data-image-meta=\"{&quot;aperture&quot;:&quot;0&quot;,&quot;credit&quot;:&quot;&quot;,&quot;camera&quot;:&quot;&quot;,&quot;caption&quot;:&quot;&quot;,&quot;created_timestamp&quot;:&quot;0&quot;,&quot;copyright&quot;:&quot;&quot;,&quot;focal_length&quot;:&quot;0&quot;,&quot;iso&quot;:&quot;0&quot;,&quot;shutter_speed&quot;:&quot;0&quot;,&quot;title&quot;:&quot;&quot;,&quot;orientation&quot;:&quot;0&quot;}\" data-image-title=\"lockdown\" data-image-description=\"\" data-image-caption=\"\" data-medium-file=\"https:\/\/www.lacostituzione.info\/wp-content\/uploads\/2020\/04\/lockdown-300x166.jpg\" data-large-file=\"https:\/\/www.lacostituzione.info\/wp-content\/uploads\/2020\/04\/lockdown.jpg\" class=\"alignright size-thumbnail wp-image-7028\" src=\"http:\/\/www.lacostituzione.info\/wp-content\/uploads\/2020\/04\/lockdown-150x150.jpg\" alt=\"\" width=\"150\" height=\"150\" \/><\/a>di <strong>Federica Fabrizzi<\/strong>*<\/p>\n<p>Nel corso della conferenza stampa dello scorso 22 febbraio &#8211; quella nella quale il Presidente del Consiglio ha annunciato l\u2019adozione del primo decreto legge contenente misure restrittive per alcune zone del Nord Italia (poi rapidamente estese a tutto il territorio nazionale) &#8211; Giuseppe Conte ha utilizzato, proprio in apertura, parole molto chiare circa la motivazione nell\u2019emanazione di un provvedimento cos\u00ec limitativo delle libert\u00e0. <!--more-->Ha sottolineato come esso fosse volto a tutelare il bene della salute, da lui testualmente definito come il bene che \u201cnella gerarchia dei valori costituzionali \u00e8 sicuramente al primo posto\u201d. In quella stessa comunicazione alla stampa, nella tarda serata di un sabato ancora \u201cnormale\u201d, pi\u00f9 volte Giuseppe Conte ha fatto riferimento al principio di proporzionalit\u00e0 ed adeguatezza che informava l\u2019intervento: le misure di cautela venivano definite come adottate sulla base di valutazioni tecnico-scientifiche, che supportavano la decisione politica, e comunque \u201cnel segno dell\u2019adeguatezza e della proporzionalit\u00e0\u201d. E d\u2019altra parte, lo stesso art. 1 di quel primo decreto legge recitava testualmente che \u201callo scopo di evitare il diffondersi del COVID-19, [\u2026] le autorit\u00e0 competenti sono tenute ad adottare ogni misura di contenimento e gestione adeguata e proporzionata\u00a0 all\u2019evolversi\u00a0 della\u00a0 situazione epidemiologica\u201d.<\/p>\n<p>Se al cittadino comune quel riferimento, ripetuto in modo quasi ossessivo in quei 30 minuti di conferenza stampa, alla proporzionalit\u00e0 dell\u2019intervento, alla necessaria adeguatezza dello stesso, cos\u00ec come alla sproporzione di un\u2019eventuale sospensione in quel momento di Schengen, poteva non dire molto, all\u2019orecchio del giurista suonava invece come qualcosa di molto chiaro.\u00a0 Quelli di ragionevolezza e di proporzionalit\u00e0 sono infatti i due principi cui la giurisprudenza costituzionale fa costantemente ricorso, in modo peraltro da rendere i due termini fungibili e quasi sinonimi, quando verifica se nell\u2019operato del legislatore vi \u00e8 stato un corretto bilanciamento tra valori costituzionalmente tutelati.<\/p>\n<p>Come \u00e8 noto, infatti, il carattere saliente del giudizio di proporzionalit\u00e0 \u00e8 dato dal fatto che esso consiste in una verifica volta, in primo luogo, a stabilire se il legislatore abbia agito per uno scopo legittimo, non in contrasto con i principi costituzionali; in secondo luogo, la verifica consiste nel valutare che ci sia una \u201cconnessione razionale\u201d tra i mezzi predisposti ed il fine perseguito, e poi che il legislatore abbia effettivamente scelto lo strumento che permette di ottenere l\u2019obiettivo prefissato con il minor sacrificio possibile di altri diritti o interessi costituzionalmente protetti. C\u2019\u00e8, infatti, un ulteriore passaggio, che va oltre il dato giuridico positivo, e che \u00e8 quello della \u201cproporzionalit\u00e0 in senso stretto\u201d, in cui si\u00a0 mettono a confronto e si soppesano i benefici che derivano dal perseguimento dell\u2019obiettivo cui il legislatore mira con i costi, cio\u00e8 i sacrifici che esso impone ad altri diritti e interessi in gioco (CARTABIA, <em>I principi di ragionevolezza e proporzionalit\u00e0 nella giurisprudenza costituzionale italiana<\/em>, 2013).<\/p>\n<p>Non occorre certamente ricordare come la nostra Carta costituzionale sia portatrice di un pluralismo di valori e come, in realt\u00e0, essi si integrino tra di loro, senza che un diritto prevarichi l\u2019altro. Allo stesso modo non occorre sottolineare come non esista, in verit\u00e0, alcun ordine gerarchico tra valori costituzionalmente tutelati, ragion per cui l\u2019esito del bilanciamento non pu\u00f2 mai essere il sacrificio totale di uno dei valori in gioco, perch\u00e9 di ciascuno deve essere preservato il nucleo essenziale.<\/p>\n<p>Ma se tutto questo \u00e8 vero, \u00e8 evidente che possono verificarsi situazioni nelle quali sorgono conflitti tra valori costituzionali, per la cui composizione ovviamente non si pu\u00f2 fare ricorso ai tradizionali criteri di risoluzione delle antinomie. E ci\u00f2 tuttavia non deve stupire dal momento che, a ben vedere, proprio l\u2019attivit\u00e0 di bilanciamento \u2013 ossia la soluzione di un conflitto tra diritti e valori \u2013 \u00e8 ci\u00f2 che connota precipuamente l\u2019operare del legislatore, in capo al quale ricade un grado di discrezionalit\u00e0 politica che non a caso non viene riconosciuta ad altri, neppure alle Corti.<\/p>\n<p>Bene, torniamo allora alla conferenza stampa del 22 febbraio e a quanto \u00e8 accaduto in questi due mesi da allora.<\/p>\n<p>La diffusione del contagio e l\u2019esplosione del numero dei decessi hanno dimostrato come effettivamente quelle restrizioni delle libert\u00e0 fossero necessarie e come quel provvedimento, e soprattutto quelli successivi che hanno esteso il <em>lockdown<\/em> all\u2019intera penisola, siano stati, appunto, proporzionali alla situazione e adeguatamente motivati dal perseguimento del bene supremo della salute degli italiani. Come sottolineato, infatti, fin da quella prima conferenza stampa l\u2019obiettivo era quello di fare in modo che la curva dei contagi non avesse un\u2019impennata eccessiva, per fare s\u00ec che quella percentuale di pazienti malati bisognosi di ricoveri in terapia intensiva e di supporto alla respirazione, non giungessero tutti insieme negli ospedali, congestionandoli.<\/p>\n<p>Le immagini delle bare sui camion dell\u2019esercito in uscita da Bergamo ritornano negli occhi di tutti noi a ricordare che in alcune citt\u00e0 l\u2019obiettivo non \u00e8 stato purtroppo raggiunto; ci\u00f2 non toglie che la misura del <em>lockdown<\/em> ha certamente significato, ad esempio, il contenimento della diffusione epidemica nelle regioni del Sud, il cui sistema sanitario obiettivamente avrebbe retto ancora meno.<\/p>\n<p>La compressione dei nostri diritti di libert\u00e0 \u00e8 stata bilanciata, dunque, dal perseguimento della massima tutela del diritto alla salute.<\/p>\n<p>L\u2019operazione del bilanciamento tra valori costituzionali \u00e8 tuttavia un\u2019operazione che potremmo definire dinamica e non statica: l\u2019equilibrio muta al mutare delle condizioni e delle situazioni. Ed \u00e8 per tale ragione che oggi, a distanza di due mesi da quella prima conferenza stampa, con una curva di malati ricoverati in terapia intensiva decisamente in calo, ed un parametro di contagio R0 sceso \u2013 secondo quanto dichiarato dall\u2019Istituto Superiore di Sanit\u00e0 \u2013 a 0.7, non \u00e8 peregrino interrogarsi sulla perdurante validit\u00e0 del bilanciamento compiuto. \u00a0\u00a0\u00a0<\/p>\n<p>Ci sono, tra i tanti che si potrebbero citare, almeno tre elementi che impongono una riflessione.<\/p>\n<p>Il primo \u00e8 un \u201cbanale\u201d dato economico: Bankitalia, in un report reso noto in questi giorni, stima che ogni settimana di <em>lockdown<\/em> costa all\u2019Italia lo 0,5% del Prodotto interno lordo annuo, circa 9 miliardi di euro ai valori attuali: \u201cnel complesso le attivit\u00e0 commerciali e industriali non ritenute essenziali, e come tali temporaneamente sospese dal\u00a0DPCM del 22 marzo, contribuiscono a circa il 28 per cento\u00a0del totale del valore aggiunto. Ogni settimana di blocco dell&#8217;attivit\u00e0 economica di questa portata comporta, secondo un calcolo meccanico che non considera effetti indiretti, una riduzione del PIL annuale\u00a0di circa lo 0,5 per cento&#8221;<\/p>\n<p>Tutto questo si traduce, ovviamente, in una contrazione del dato occupazionale: \u201cIl numero di occupati \u2013 scrive Bankitalia &#8211; potrebbe contrarsi pi\u00f9 marcatamente nella componente a tempo determinato, qualora parte degli oltre 400.000 contratti in scadenza tra marzo e aprile non venisse rinnovata, in particolare nei settori ricettivo-alberghiero, dei viaggi e trasporti, dei servizi ricreativi, culturali e personali e del commercio al dettaglio non alimentare&#8221;.<\/p>\n<p>Si dir\u00e0 che il diritto alla salute prevale su considerazioni di ordine economico: ammesso (e forse non concesso) che questo sia vero, si pu\u00f2 facilmente dimostrare che anche il diritto alla salute, a questo punto, rischia di essere sacrificato dal perdurare del <em>lockdown<\/em>.<\/p>\n<p>Ecco allora il secondo elemento che colpisce: la Societ\u00e0 Italiana di Pediatria mette in allerta sul fenomeno, cui si starebbe assistendo, del rallentamento delle vaccinazioni dei bambini. Non tanto per le misure di isolamento sociale, quanto soprattutto per il timore del contagio,\u00a0molte famiglie hanno preferito rinviare le sedute vaccinali previste per i loro figli, il che \u00e8 forse anche comprensibile; meno comprensibile ed anzi da stigmatizzare \u00e8 invece la chiusura temporanea di alcuni Centri vaccinali, cosi come la decisione da parte di alcuni Responsabili delle Unit\u00e0 Operative Materno infantili, di posticipare sedute vaccinali pediatriche del ciclo primario a date da destinarsi pur avendo a disposizione adeguate risorse di personale.<\/p>\n<p>Se \u00e8 stato necessario ribadire, come ha fatto Alberto Villani, president SIP, l\u2019ovvio (\u201cIl percorso vaccinale del bambino pu\u00f2 e deve essere rispettato, a maggior ragione in questo periodo\u201d), non ci si pu\u00f2 non interrogare sulle conseguenze \u2013 proprio sul fronte della salute! \u2013 che potrebbero aversi anche in altri ambiti. Tutti noi sappiamo quanto sia importante la prevenzione per alcune malattie e soprattutto una diagnosi tempestiva: quanti esami di routine ma essenziali non si stanno effettuando? Quanta \u201ccoda\u201d provocher\u00e0 questo blocco quando sar\u00e0 possibile tornare a prenotare un esame diagnostico tramite il gi\u00e0 di norma congestionato sistema sanitario nazionale? E non \u00e8 difficile profetizzare che il costo sociale di quella coda cadr\u00e0 ovviamente sui meno abbienti, su coloro che non potranno provvedere a effettuare una risonanza magnetica in una struttura privata a pagamento.<\/p>\n<p>Da ultimo, un terzo elemento, forse meno \u201cclamoroso\u201d (nel senso che fa meno clamore), ma non meno preoccupante sempre sul fronte della salute: la reclusione forzata dei bambini. Intervistato sui rischi della situazione, lo psicoterapeuta Alberto Pellai ha detto che: \u201cQuando si confina a spazi limitati, quando la crescita viene compressa e repressa, diventa un meccanismo di bomba a orologeria, una specie di pentola a pressione: pi\u00f9 pressione c\u2019\u00e8 al suo interno, pi\u00f9 vedrai vapore che esce dalle valvole\u201d. E, ancora pi\u00f9 significativamente, lo stesso Pellai richiama l\u2019idea del conflitto tra valori: \u201cse decidiamo di portare i bambini fuori, rischiamo il contagio, ma rimane il dato di fatto, che prima o poi la pagheremo\u201d.<\/p>\n<p>Stiamo da giorni inseguendo i dati e i grafici: come sarebbe il grafico se mettessimo a confronto i benefici ed i costi del <em>lockdown<\/em>? E se dovessimo trasporre quanto detto prima su un altro grafico, potremmo trovarci nella situazione paradossale per cui ad una curva di decessi Covid, che lentamente scende, se ne potrebbe affiancare un\u2019altra di decessi \u201cindotti\u201d destinata a salire? Dove si colloca il punto in cui il rimedio diventa peggiore del male?<\/p>\n<p>Si tratta ovviamente di un ragionamento per paradosso che per\u00f2 consente di tornare sul tema del bilanciamento e dei conflitti tra valori e diritti. Come \u00e8 stato detto in dottrina, ci sono conflitti <em>intra-rights<\/em>, dati dalla concorrenza di soggetti diversi nel godimento dello stesso diritto; ci sono conflitti <em>inter-rights<\/em>, dati dalla concorrenza di interessi individuali non omogenei, che hanno peraltro la peculiare caratteristica di poter vedere contrapposti non solo pi\u00f9 soggetti titolari di diritti diversi, ma anche uno stesso soggetto titolare di due diritti in conflitto; e vi sono, infine, conflitti dati dalla concorrenza tra interessi individuali e interessi di altro tipo, ad esempio collettivi o istituzionali (PINO, <em>Conflitto e bilanciamento tra diritti fondamentali. Una mappa dei problemi, <\/em>2006).<\/p>\n<p>Quale che sia la natura del conflitto, una cosa \u00e8 certa: \u201cin un sistema basato sulla divisione dei poteri, il bilanciamento dei diritti e degli interessi \u00e8 compito che spetta al legislatore\u201d (BIN, <em>Critica della teoria dei diritti<\/em>, 2018). E\u2019 al legislatore, al decisore politico, che spetta definire il punto di equilibrio tra gli interessi in gioco. A noi spetta il diritto di chiedere che questa operazione, certamente non facile, sia fatta, come vuole la Corte costituzionale, in modo adeguato, proporzionale e ragionevole.<\/p>\n<p>*\u00a0professore associato di Istituzioni di diritto pubblico, Universit\u00e0 Telematica Internazionale Uninettuno<\/p>\n<p>\u00a0<\/p>\n","protected":false},"excerpt":{"rendered":"<p>di Federica Fabrizzi* Nel corso della conferenza stampa dello scorso 22 febbraio &#8211; quella nella quale il Presidente del Consiglio ha annunciato l\u2019adozione del primo decreto legge contenente misure restrittive per alcune zone del Nord Italia (poi rapidamente estese a tutto il territorio nazionale) &#8211; Giuseppe Conte ha utilizzato, proprio in apertura, parole molto chiare &#8230; <a title=\"Per non far diventare il rimedio peggiore del male. Lockdown e bilanciamento tra diritti fondamentali\" class=\"read-more\" href=\"https:\/\/www.lacostituzione.info\/index.php\/2020\/04\/19\/per-non-far-diventare-il-rimedio-peggiore-del-male-lockdown-e-bilanciamento-tra-diritti-fondamentali\/\">Leggi tutto<\/a><\/p>\n<div class='heateorSssClear'><\/div><div  class='heateor_sss_sharing_container heateor_sss_horizontal_sharing' data-heateor-sss-href='https:\/\/www.lacostituzione.info\/index.php\/2020\/04\/19\/per-non-far-diventare-il-rimedio-peggiore-del-male-lockdown-e-bilanciamento-tra-diritti-fondamentali\/'><div class='heateor_sss_sharing_title' style=\"font-weight:bold\" >Condividi!<\/div><div class=\"heateor_sss_sharing_ul\"><a aria-label=\"Facebook\" class=\"heateor_sss_facebook\" href=\"https:\/\/www.facebook.com\/sharer\/sharer.php?u=https%3A%2F%2Fwww.lacostituzione.info%2Findex.php%2F2020%2F04%2F19%2Fper-non-far-diventare-il-rimedio-peggiore-del-male-lockdown-e-bilanciamento-tra-diritti-fondamentali%2F\" title=\"Facebook\" rel=\"nofollow noopener\" target=\"_blank\" style=\"font-size:32px!important;box-shadow:none;display:inline-block;vertical-align:middle\"><span class=\"heateor_sss_svg\" style=\"background-color:#0765FE;width:35px;height:35px;display:inline-block;opacity:1;float:left;font-size:32px;box-shadow:none;display:inline-block;font-size:16px;padding:0 4px;vertical-align:middle;background-repeat:repeat;overflow:hidden;padding:0;cursor:pointer;box-sizing:content-box\"><svg style=\"display:block;\" focusable=\"false\" aria-hidden=\"true\" xmlns=\"http:\/\/www.w3.org\/2000\/svg\" width=\"100%\" height=\"100%\" viewBox=\"0 0 32 32\"><path fill=\"#fff\" d=\"M28 16c0-6.627-5.373-12-12-12S4 9.373 4 16c0 5.628 3.875 10.35 9.101 11.647v-7.98h-2.474V16H13.1v-1.58c0-4.085 1.849-5.978 5.859-5.978.76 0 2.072.15 2.608.298v3.325c-.283-.03-.775-.045-1.386-.045-1.967 0-2.728.745-2.728 2.683V16h3.92l-.673 3.667h-3.247v8.245C23.395 27.195 28 22.135 28 16Z\"><\/path><\/svg><\/span><\/a><a aria-label=\"Twitter\" class=\"heateor_sss_button_twitter\" href=\"https:\/\/twitter.com\/intent\/tweet?text=Per%20non%20far%20diventare%20il%20rimedio%20peggiore%20del%20male.%20Lockdown%20e%20bilanciamento%20tra%20diritti%20fondamentali&url=https%3A%2F%2Fwww.lacostituzione.info%2Findex.php%2F2020%2F04%2F19%2Fper-non-far-diventare-il-rimedio-peggiore-del-male-lockdown-e-bilanciamento-tra-diritti-fondamentali%2F\" title=\"Twitter\" rel=\"nofollow noopener\" target=\"_blank\" style=\"font-size:32px!important;box-shadow:none;display:inline-block;vertical-align:middle\"><span class=\"heateor_sss_svg heateor_sss_s__default heateor_sss_s_twitter\" style=\"background-color:#55acee;width:35px;height:35px;display:inline-block;opacity:1;float:left;font-size:32px;box-shadow:none;display:inline-block;font-size:16px;padding:0 4px;vertical-align:middle;background-repeat:repeat;overflow:hidden;padding:0;cursor:pointer;box-sizing:content-box\"><svg style=\"display:block;\" focusable=\"false\" aria-hidden=\"true\" xmlns=\"http:\/\/www.w3.org\/2000\/svg\" width=\"100%\" height=\"100%\" viewBox=\"-4 -4 39 39\"><path d=\"M28 8.557a9.913 9.913 0 0 1-2.828.775 4.93 4.93 0 0 0 2.166-2.725 9.738 9.738 0 0 1-3.13 1.194 4.92 4.92 0 0 0-3.593-1.55 4.924 4.924 0 0 0-4.794 6.049c-4.09-.21-7.72-2.17-10.15-5.15a4.942 4.942 0 0 0-.665 2.477c0 1.71.87 3.214 2.19 4.1a4.968 4.968 0 0 1-2.23-.616v.06c0 2.39 1.7 4.38 3.952 4.83-.414.115-.85.174-1.297.174-.318 0-.626-.03-.928-.086a4.935 4.935 0 0 0 4.6 3.42 9.893 9.893 0 0 1-6.114 2.107c-.398 0-.79-.023-1.175-.068a13.953 13.953 0 0 0 7.55 2.213c9.056 0 14.01-7.507 14.01-14.013 0-.213-.005-.426-.015-.637.96-.695 1.795-1.56 2.455-2.55z\" fill=\"#fff\"><\/path><\/svg><\/span><\/a><a aria-label=\"Reddit\" class=\"heateor_sss_button_reddit\" href=\"https:\/\/reddit.com\/submit?url=https%3A%2F%2Fwww.lacostituzione.info%2Findex.php%2F2020%2F04%2F19%2Fper-non-far-diventare-il-rimedio-peggiore-del-male-lockdown-e-bilanciamento-tra-diritti-fondamentali%2F&title=Per%20non%20far%20diventare%20il%20rimedio%20peggiore%20del%20male.%20Lockdown%20e%20bilanciamento%20tra%20diritti%20fondamentali\" title=\"Reddit\" rel=\"nofollow noopener\" target=\"_blank\" style=\"font-size:32px!important;box-shadow:none;display:inline-block;vertical-align:middle\"><span class=\"heateor_sss_svg heateor_sss_s__default heateor_sss_s_reddit\" style=\"background-color:#ff5700;width:35px;height:35px;display:inline-block;opacity:1;float:left;font-size:32px;box-shadow:none;display:inline-block;font-size:16px;padding:0 4px;vertical-align:middle;background-repeat:repeat;overflow:hidden;padding:0;cursor:pointer;box-sizing:content-box\"><svg style=\"display:block;\" focusable=\"false\" aria-hidden=\"true\" xmlns=\"http:\/\/www.w3.org\/2000\/svg\" width=\"100%\" height=\"100%\" viewBox=\"-3.5 -3.5 39 39\"><path d=\"M28.543 15.774a2.953 2.953 0 0 0-2.951-2.949 2.882 2.882 0 0 0-1.9.713 14.075 14.075 0 0 0-6.85-2.044l1.38-4.349 3.768.884a2.452 2.452 0 1 0 .24-1.176l-4.274-1a.6.6 0 0 0-.709.4l-1.659 5.224a14.314 14.314 0 0 0-7.316 2.029 2.908 2.908 0 0 0-1.872-.681 2.942 2.942 0 0 0-1.618 5.4 5.109 5.109 0 0 0-.062.765c0 4.158 5.037 7.541 11.229 7.541s11.22-3.383 11.22-7.541a5.2 5.2 0 0 0-.053-.706 2.963 2.963 0 0 0 1.427-2.51zm-18.008 1.88a1.753 1.753 0 0 1 1.73-1.74 1.73 1.73 0 0 1 1.709 1.74 1.709 1.709 0 0 1-1.709 1.711 1.733 1.733 0 0 1-1.73-1.711zm9.565 4.968a5.573 5.573 0 0 1-4.081 1.272h-.032a5.576 5.576 0 0 1-4.087-1.272.6.6 0 0 1 .844-.854 4.5 4.5 0 0 0 3.238.927h.032a4.5 4.5 0 0 0 3.237-.927.6.6 0 1 1 .844.854zm-.331-3.256a1.726 1.726 0 1 1 1.709-1.712 1.717 1.717 0 0 1-1.712 1.712z\" fill=\"#fff\"\/><\/svg><\/span><\/a><a aria-label=\"Linkedin\" class=\"heateor_sss_button_linkedin\" href=\"https:\/\/www.linkedin.com\/sharing\/share-offsite\/?url=https%3A%2F%2Fwww.lacostituzione.info%2Findex.php%2F2020%2F04%2F19%2Fper-non-far-diventare-il-rimedio-peggiore-del-male-lockdown-e-bilanciamento-tra-diritti-fondamentali%2F\" title=\"Linkedin\" rel=\"nofollow noopener\" target=\"_blank\" style=\"font-size:32px!important;box-shadow:none;display:inline-block;vertical-align:middle\"><span class=\"heateor_sss_svg heateor_sss_s__default heateor_sss_s_linkedin\" style=\"background-color:#0077b5;width:35px;height:35px;display:inline-block;opacity:1;float:left;font-size:32px;box-shadow:none;display:inline-block;font-size:16px;padding:0 4px;vertical-align:middle;background-repeat:repeat;overflow:hidden;padding:0;cursor:pointer;box-sizing:content-box\"><svg style=\"display:block;\" focusable=\"false\" aria-hidden=\"true\" xmlns=\"http:\/\/www.w3.org\/2000\/svg\" width=\"100%\" height=\"100%\" viewBox=\"0 0 32 32\"><path d=\"M6.227 12.61h4.19v13.48h-4.19V12.61zm2.095-6.7a2.43 2.43 0 0 1 0 4.86c-1.344 0-2.428-1.09-2.428-2.43s1.084-2.43 2.428-2.43m4.72 6.7h4.02v1.84h.058c.56-1.058 1.927-2.176 3.965-2.176 4.238 0 5.02 2.792 5.02 6.42v7.395h-4.183v-6.56c0-1.564-.03-3.574-2.178-3.574-2.18 0-2.514 1.7-2.514 3.46v6.668h-4.187V12.61z\" fill=\"#fff\"><\/path><\/svg><\/span><\/a><a aria-label=\"Pinterest\" class=\"heateor_sss_button_pinterest\" href=\"https:\/\/www.lacostituzione.info\/index.php\/2020\/04\/19\/per-non-far-diventare-il-rimedio-peggiore-del-male-lockdown-e-bilanciamento-tra-diritti-fondamentali\/\" onclick=\"event.preventDefault();javascript:void( (function() {var e=document.createElement('script' );e.setAttribute('type','text\/javascript' );e.setAttribute('charset','UTF-8' );e.setAttribute('src','\/\/assets.pinterest.com\/js\/pinmarklet.js?r='+Math.random()*99999999);document.body.appendChild(e)})());\" title=\"Pinterest\" rel=\"noopener\" style=\"font-size:32px!important;box-shadow:none;display:inline-block;vertical-align:middle\"><span class=\"heateor_sss_svg heateor_sss_s__default heateor_sss_s_pinterest\" style=\"background-color:#cc2329;width:35px;height:35px;display:inline-block;opacity:1;float:left;font-size:32px;box-shadow:none;display:inline-block;font-size:16px;padding:0 4px;vertical-align:middle;background-repeat:repeat;overflow:hidden;padding:0;cursor:pointer;box-sizing:content-box\"><svg style=\"display:block;\" focusable=\"false\" aria-hidden=\"true\" xmlns=\"http:\/\/www.w3.org\/2000\/svg\" width=\"100%\" height=\"100%\" viewBox=\"-2 -2 35 35\"><path fill=\"#fff\" d=\"M16.539 4.5c-6.277 0-9.442 4.5-9.442 8.253 0 2.272.86 4.293 2.705 5.046.303.125.574.005.662-.33.061-.231.205-.816.27-1.06.088-.331.053-.447-.191-.736-.532-.627-.873-1.439-.873-2.591 0-3.338 2.498-6.327 6.505-6.327 3.548 0 5.497 2.168 5.497 5.062 0 3.81-1.686 7.025-4.188 7.025-1.382 0-2.416-1.142-2.085-2.545.397-1.674 1.166-3.48 1.166-4.689 0-1.081-.581-1.983-1.782-1.983-1.413 0-2.548 1.462-2.548 3.419 0 1.247.421 2.091.421 2.091l-1.699 7.199c-.505 2.137-.076 4.755-.039 5.019.021.158.223.196.314.077.13-.17 1.813-2.247 2.384-4.324.162-.587.929-3.631.929-3.631.46.876 1.801 1.646 3.227 1.646 4.247 0 7.128-3.871 7.128-9.053.003-3.918-3.317-7.568-8.361-7.568z\"\/><\/svg><\/span><\/a><a aria-label=\"Whatsapp\" class=\"heateor_sss_whatsapp\" href=\"https:\/\/api.whatsapp.com\/send?text=Per%20non%20far%20diventare%20il%20rimedio%20peggiore%20del%20male.%20Lockdown%20e%20bilanciamento%20tra%20diritti%20fondamentali%20https%3A%2F%2Fwww.lacostituzione.info%2Findex.php%2F2020%2F04%2F19%2Fper-non-far-diventare-il-rimedio-peggiore-del-male-lockdown-e-bilanciamento-tra-diritti-fondamentali%2F\" title=\"Whatsapp\" rel=\"nofollow noopener\" target=\"_blank\" style=\"font-size:32px!important;box-shadow:none;display:inline-block;vertical-align:middle\"><span class=\"heateor_sss_svg\" style=\"background-color:#55eb4c;width:35px;height:35px;display:inline-block;opacity:1;float:left;font-size:32px;box-shadow:none;display:inline-block;font-size:16px;padding:0 4px;vertical-align:middle;background-repeat:repeat;overflow:hidden;padding:0;cursor:pointer;box-sizing:content-box\"><svg style=\"display:block;\" focusable=\"false\" aria-hidden=\"true\" xmlns=\"http:\/\/www.w3.org\/2000\/svg\" width=\"100%\" height=\"100%\" viewBox=\"-6 -5 40 40\"><path class=\"heateor_sss_svg_stroke heateor_sss_no_fill\" stroke=\"#fff\" stroke-width=\"2\" fill=\"none\" d=\"M 11.579798566743314 24.396926207859085 A 10 10 0 1 0 6.808479557110079 20.73576436351046\"><\/path><path d=\"M 7 19 l -1 6 l 6 -1\" class=\"heateor_sss_no_fill heateor_sss_svg_stroke\" stroke=\"#fff\" stroke-width=\"2\" fill=\"none\"><\/path><path d=\"M 10 10 q -1 8 8 11 c 5 -1 0 -6 -1 -3 q -4 -3 -5 -5 c 4 -2 -1 -5 -1 -4\" fill=\"#fff\"><\/path><\/svg><\/span><\/a><\/div><div class=\"heateorSssClear\"><\/div><\/div><div class='heateorSssClear'><\/div>","protected":false},"author":1,"featured_media":0,"comment_status":"open","ping_status":"open","sticky":false,"template":"","format":"standard","meta":{"jetpack_post_was_ever_published":false,"_jetpack_newsletter_access":"","_jetpack_dont_email_post_to_subs":false,"_jetpack_newsletter_tier_id":0,"_jetpack_memberships_contains_paywalled_content":false,"_jetpack_memberships_contains_paid_content":false,"footnotes":"","jetpack_publicize_message":"","jetpack_publicize_feature_enabled":true,"jetpack_social_post_already_shared":false,"jetpack_social_options":{"image_generator_settings":{"template":"highway","default_image_id":0,"enabled":false},"version":2}},"categories":[4],"tags":[1494,463,1493,1007],"class_list":["post-7027","post","type-post","status-publish","format-standard","hentry","category-attualita","tag-bilanciamento","tag-diritti","tag-lockdown","tag-virus"],"jetpack_publicize_connections":[],"jetpack_featured_media_url":"","jetpack_shortlink":"https:\/\/wp.me\/p84sDq-1Pl","jetpack_likes_enabled":true,"jetpack_sharing_enabled":true,"_links":{"self":[{"href":"https:\/\/www.lacostituzione.info\/index.php\/wp-json\/wp\/v2\/posts\/7027","targetHints":{"allow":["GET"]}}],"collection":[{"href":"https:\/\/www.lacostituzione.info\/index.php\/wp-json\/wp\/v2\/posts"}],"about":[{"href":"https:\/\/www.lacostituzione.info\/index.php\/wp-json\/wp\/v2\/types\/post"}],"author":[{"embeddable":true,"href":"https:\/\/www.lacostituzione.info\/index.php\/wp-json\/wp\/v2\/users\/1"}],"replies":[{"embeddable":true,"href":"https:\/\/www.lacostituzione.info\/index.php\/wp-json\/wp\/v2\/comments?post=7027"}],"version-history":[{"count":0,"href":"https:\/\/www.lacostituzione.info\/index.php\/wp-json\/wp\/v2\/posts\/7027\/revisions"}],"wp:attachment":[{"href":"https:\/\/www.lacostituzione.info\/index.php\/wp-json\/wp\/v2\/media?parent=7027"}],"wp:term":[{"taxonomy":"category","embeddable":true,"href":"https:\/\/www.lacostituzione.info\/index.php\/wp-json\/wp\/v2\/categories?post=7027"},{"taxonomy":"post_tag","embeddable":true,"href":"https:\/\/www.lacostituzione.info\/index.php\/wp-json\/wp\/v2\/tags?post=7027"}],"curies":[{"name":"wp","href":"https:\/\/api.w.org\/{rel}","templated":true}]}}