{"id":7082,"date":"2020-04-28T11:02:16","date_gmt":"2020-04-28T09:02:16","guid":{"rendered":"http:\/\/www.lacostituzione.info\/?p=7082"},"modified":"2020-04-28T11:02:18","modified_gmt":"2020-04-28T09:02:18","slug":"rispondendo-a-chiti-la-democratizzazione-dei-poteri-privati-digitali-tra-complessita-sociale-e-governo-della-tecnica","status":"publish","type":"post","link":"https:\/\/www.lacostituzione.info\/index.php\/2020\/04\/28\/rispondendo-a-chiti-la-democratizzazione-dei-poteri-privati-digitali-tra-complessita-sociale-e-governo-della-tecnica\/","title":{"rendered":"Rispondendo a Chiti: la democratizzazione dei poteri privati digitali tra complessit\u00e0 sociale e governo della tecnica"},"content":{"rendered":"\n<p style=\"text-align: center;\"><a href=\"http:\/\/www.lacostituzione.info\/wp-content\/uploads\/2020\/04\/quesiti.jpg\"><img loading=\"lazy\" decoding=\"async\" data-attachment-id=\"7069\" data-permalink=\"https:\/\/www.lacostituzione.info\/index.php\/2020\/04\/24\/questi-sono-i-nodi-pandemia-e-strumenti-di-regolazione-spunti-per-un-dibattito\/quesiti\/#main\" data-orig-file=\"https:\/\/www.lacostituzione.info\/wp-content\/uploads\/2020\/04\/quesiti.jpg\" data-orig-size=\"1103,1300\" data-comments-opened=\"1\" data-image-meta=\"{&quot;aperture&quot;:&quot;0&quot;,&quot;credit&quot;:&quot;&quot;,&quot;camera&quot;:&quot;&quot;,&quot;caption&quot;:&quot;&quot;,&quot;created_timestamp&quot;:&quot;0&quot;,&quot;copyright&quot;:&quot;&quot;,&quot;focal_length&quot;:&quot;0&quot;,&quot;iso&quot;:&quot;0&quot;,&quot;shutter_speed&quot;:&quot;0&quot;,&quot;title&quot;:&quot;&quot;,&quot;orientation&quot;:&quot;0&quot;}\" data-image-title=\"quesiti\" data-image-description=\"\" data-image-caption=\"\" data-medium-file=\"https:\/\/www.lacostituzione.info\/wp-content\/uploads\/2020\/04\/quesiti-255x300.jpg\" data-large-file=\"https:\/\/www.lacostituzione.info\/wp-content\/uploads\/2020\/04\/quesiti-869x1024.jpg\" class=\"aligncenter size-thumbnail wp-image-7069\" src=\"http:\/\/www.lacostituzione.info\/wp-content\/uploads\/2020\/04\/quesiti-150x150.jpg\" alt=\"\" width=\"150\" height=\"150\" \/><\/a>di <strong>Andrea Venanzoni*<\/strong><\/p>\n<p>1. <em>Lo Stato-network privato<\/em>. Tra i vari, vorrei dire epocali,<a href=\"http:\/\/www.lacostituzione.info\/index.php\/2020\/04\/24\/questi-sono-i-nodi-pandemia-e-strumenti-di-regolazione-spunti-per-un-dibattito\/\"> spunti problematici che Edoardo Chiti<\/a> pone nel suo \u2018<em>Questi sono i nodi<\/em>\u2019, uno in particolare ha attirato la mia attenzione, ed \u00e8 quello concernente la mutazione genetica delle piattaforme digitali che vanno rendendosi, passo dopo passo, esse stesse potere pubblico.<!--more--><\/p>\n<p>Questo processo determina l\u2019insorgere di un loro \u2018popolo\u2019, avvinto e legato da una razionalit\u00e0 eminentemente tecnica, e fondato in una comunit\u00e0 virtuale (volendo riprendere la nota definizione di H. Reinhgold The<em> Virtual Community: Homesteading on the Electronic Frontier<\/em>, New York, Harper Perennial, 1993).<\/p>\n<p>Questa comunit\u00e0, composta al tempo stesso dai network costitutivi del digitale e dai frammenti del popolo istituzionale degli Stati-nazione di volta in volta sussunti nello spazio digitale, \u00a0a sua volta inizia a far germogliare una propria caratterizzazione intrinsecamente \u2018politica\u2019 distinta rispetto a quella delle comunit\u00e0 di appartenenza.<\/p>\n<p>La crisi pandemica ha accelerato il processo di costruzione di dinamiche di autocoscienza politica di queste piattaforme ma ha anche agevolato la possibilit\u00e0, da parte dei pubblici poteri che spesso sono stati chiamati a servirsene e dell\u2019opinione pubblica tutta, di scandagliarne appunto la traslazione da una consistenza puramente privata all\u2019esercizio di poteri che hanno una evidente connotazione e rilevanza in termini pubblicistici.<\/p>\n<p>L\u2019opinione pubblica mi sembra essersi posta il problema. Il potere politico molto meno, facendo addirittura registrare dei fenomeni adattivi alla logica dei network privati.<\/p>\n<p>L\u2019accelerazione \u00e8 stata impressa, nel cuore della emergenza sanitaria, \u00a0dalla collaborazione richiesta dai poteri pubblici, i quali, per gestire le loro basilari funzioni, sublimate in modalit\u00e0 oscillanti dall\u2019<em>e-learning <\/em>allo <em>smart working<\/em>, si sono trovati nudi davanti a loro stessi: nonostante spesso altisonanti proclami di <em>Smart Nation<\/em> (penso alla iniziativa strategica nazionale <em>Repubblica digitale<\/em>) sono stati riportati alla cruda realt\u00e0 fotografata dall\u2019indice DESI della Commissione europea che relega, per il 2019, ad esempio l\u2019Italia ad un poco confortante ventiquattresimo posto su ventotto stati membri dell\u2019Unione Europea.<\/p>\n<p>Non avendo quindi essi stessi modo di approntare la app per il tracciamento o le piattaforme per le lezioni scolastiche o universitarie si sono dovuti rivolgere, direttamente o indirettamente, ai grandi poteri del digitale.<\/p>\n<p>Ma quel processo di politicizzazione del corpo privato digitale era gi\u00e0 da tempo in corso.<\/p>\n<p>Sin dalla ventilata ipotesi di creazione di una propria \u2018moneta\u2019 digitale passando per la sempre pi\u00f9 pervasiva incidenza sulle libert\u00e0 costituzionali e per arrivare poi alla definizione di una propria giurisdizione privata interna, alcune piattaforme digitali sono andate costruendo una loro struttura che replica funzioni sovrane, nel generale quadro di una visione che finisce per portare alle estreme conseguenze quell\u2019oggettivamente inquietante schema iper-territoriale di una nuova Lega Anseatica illustrata da Kenichi Omahe (<em>The end of the Nation State: the Rise of the Regional Economies<\/em>, NYC, Simon &amp; Schuster, 1996), aggiornata all\u2019eco-sistema digitale dagli OTT: Stati privati, in cui al cittadino tipica espressione del diritto costituzionale si sostituisce il socio, con un sistema di relazioni di delega che rammentano i rapporti istituzionali medioevali, secondo direttrici concettuali neo-medievaliste gi\u00e0 largamente e criticamente illustrate in dottrina (D. D\u2019Andrea, <em>Oltre la sovranit\u00e0. Lo spazio politico europeo tra post-modernit\u00e0 e nuovo Medioevo<\/em>, in Quaderni fiorentini per la storia del pensiero giuridico, XXXI, 2002).\u00a0Stati privati legati tra loro da una comune visione tecnica che ambisce ad affiancarsi o forse a sostituirsi agli Stati.<\/p>\n<p>Un sistema che emerge in maniera chiara ad esempio dalle coordinate \u2018politiche\u2019 di alcuni tra i maggiori esponenti della Silicon Valley, a partire da Peter Thiel, uno dei pi\u00f9 rilevanti finanziatori esterni di Facebook nonch\u00e9 fondatore di Paypal, il quale nelle sue lezioni tenute a Stanford nel 2012 e ancor prima nel suo saggio <em>The education of a Libertarian<\/em> (apparso sul sito internet del giornale libertario Cato Unbound, il 13 aprile del 2009) ha ricordato come, nella sua prospettiva, la democrazia sia antitetica rispetto alla vera libert\u00e0.<\/p>\n<p>Una posizione questa che riscuote largo consenso negli ambienti anarcolibertari che maggiormente hanno influenzato le coordinate fondanti del liberismo digitale (Ippolita, <em>Etica hacker e anarco-capitalismo<\/em>, Milano, Milieu, 2019, F. Foer,, <em>I nuovi poteri forti. Come Google, Apple Facebook e Amazon pensano per noi<\/em>, Milano, Longanesi, 2018).<\/p>\n<p>E cosa vada inteso per libert\u00e0, nella prospettiva concettuale OTT, lo si pu\u00f2 evincere dalla assai scarsa propensione nutrita dagli OTT stessi nel considerare la concorrenza come un valore da assecondare.<\/p>\n<p>Il monopolio \u00e8 per gli OTT una autentica ragion pratica (basta scorrere anche velocemente le notazioni che lo stesso Thiel ha vergato nel suo agile volumetto <em>Da zero a uno<\/em>, Milano, ETAS, 2015 o le illuminanti considerazioni giuridiche di L. M. Khan, <em>Amazon\u2019s Antitrust Paradox<\/em>, in The Yale Law Journal, 126 (3), 2017).<\/p>\n<p>In questo senso, il rafforzamento delle politiche pro-concorrenziali dell\u2019Unione Europea, unitamente a innovazione pubblica finalizzata alla realizzazione di proprie piattaforme, diventano passi essenziali, non pi\u00f9 rinunciabili. Ma ovviamente non sufficienti.<\/p>\n<p>2. <em>Zoonosi politiche<\/em>. Come ha ampiamente dimostrato M. Mazzucato (<em>Lo Stato innovatore<\/em>, Roma-Bari, Laterza, 2013), , lo Stato vanterebbe anche le risorse per poter ambire ad essere un eccellente innovatore se solo capisse quale strada seguire nei percorsi di definizione della innovazione stessa e di finanziamenti davvero mirati: spesso, al contrario, ci troviamo al cospetto di processi di cattura economica in forza dei quali il soggetto privato, pur tecnologicamente ed economicamente attrezzato nella gestione della innovazione, sfrutta e capitalizza al massimo progetti e fondi statali per poi sviluppare in maniera pi\u00f9 cristallina, raffinata ed efficace le proprie strategie di innovazione.<\/p>\n<p>Esaurito questo passaggio, il soggetto privato passa a collaborare con altri Stati in un circuito che rammenta i lineamenti dei fenomeni di zoonosi, tanto per rimanere in tema di \u00a0pandemie, fenomeni che vanno potenziandosi di ospite in ospite, sfruttando in maniera capillare e pervasiva l\u2019ospite stesso.<\/p>\n<p>Per capire quali coordinate seguire, in prospettiva di pubblici poteri, diventa essenziale razionalizzare i propri percorsi decisionali interni e modellare in maniera adattiva l\u2019essenza stessa dei pubblici poteri.<\/p>\n<p>E\u2019 evidente che se i fondi pubblici venissero utilizzati, non solo ma almeno in parte, per governare razionalmente e consapevolmente un percorso di riorganizzazione delle pubbliche amministrazioni e dei processi, decisionali e amministrativi, digitali, probabilmente il rapporto con le piattaforme digitali sarebbe meno distonico, meno asimmetrico e meno sbilanciato.<\/p>\n<p>Per far questo, diventa essenziale ripensare la articolazione stessa del modo di gestire le pubbliche amministrazioni, a partire dal personale, dalla sua selezione, dalla sua formazione, dalla verifica delle sue attitudini.<\/p>\n<p>L\u2019idea che un concorso pubblico continui a selezionare in maniera ossificata, ricorrendo agli stessi schematismi attingenti a un formalismo burocratico che conosce solo poche differenze a seconda del posto messo a concorso o della pubblica amministrazione che indice il concorso, urta in maniera frontale con la idea di poter fronteggiare le strategie, i mezzi e la potenza delle piattaforme digitali, pi\u00f9 adattive, fluide e meno cristallizzate nel loro incedere essendo \u2018libere\u2019 dall\u2019appesantimento importato da sistemi garantistici e da sovrastrutture come principio di legalit\u00e0, riserva di legge, vincoli costituzionali legati alle libert\u00e0 e ai diritti fondamentali, nonch\u00e9 dai passaggi tipici di una democrazia rappresentativa.<\/p>\n<p>Questo<em> gap<\/em> che non pu\u00f2 certo essere recuperato mandando al macero nel nome di concorrenzialit\u00e0 e innovazione il prisma garantistico del costituzionalismo, pu\u00f2 essere recuperato, almeno parzialmente, da un processo di alta specializzazione delle amministrazioni pubbliche, tanto nel senso del personale quanto della stessa organizzazione e dalla ridefinizione di una latitudine strutturale del governo del digitale, ad esempio istituzionalizzando una integrazione tra dipartimenti di AGCOM e del Garante per la protezione dei dati personali funzionale al contrasto a derive di compressione di diritti costituzionali da parte dei poteri privati., penso al delicatissimo problema dei dati, mediante i poteri tipici della regolazione.<\/p>\n<p>E a proposito della compressione dei diritti, citavo prima la zoonosi, quel fattore di trasmissione di un virus da animale ad altro animale o ad essere umano, mediante un salto adattivo che modifica il codice comunicativo e la struttura stessa del virus per adattarlo al nuovo ospite, colonizzandolo.<\/p>\n<p>Di recente, Eric Sadin ha coniato il molto opportuno neologismo \u2018silicolonizzazione\u2019 (E. Sadin, <em>La silicolonizzazione del mondo.L\u2019irresistibile espansione del liberismo digitale<\/em>, Torino, Einaudi, 2018), indicando con esso quell\u2019approccio egemonico di poteri privati che in maniera suadente, larvata, liminale, finiscono per incistarsi all\u2019interno dello spazio politico e pubblico di un determinato Stato, iniziando ad orientarne le coordinate concettuali, produttive e alla fine anche politiche.<\/p>\n<p>Molto spesso questi processi avvengono in modo talmente lento che i loro riflessi sono quasi impercettibili, non manifesti, salvo poi esplodere di colpo nelle risultanti pi\u00f9 critiche.<\/p>\n<p>La crisi pandemica ha determinato, per equivalente, una crisi evidente del sistema dell\u2019utilizzo delle fonti e dei centri di assunzione decisionale che tra loro cospiranti determinano la nostra forma di governo.<\/p>\n<p>Abbiamo cos\u00ec avuto, oltre al profluvio di DPCM e ad una comunicazione istituzionale che ha reso Facebook, fattualmente, servizio pubblico, una iper-centralizzazione del momento decisionale con una tendenziale esautorazione del Parlamento, la costruzione di un reticolare, complessissimo sistema-network di commissioni, task-force, consulenti, comitati, di cui poco conosciamo (non conosciamo i criteri di selezione, non conosciamo i <em>curricula<\/em> di tutti i membri, in alcuni casi nemmeno i nomi a dire il vero, non conosciamo i poteri effettivi e il ruolo di questi corpi tecnici n\u00e9 conosciamo i rapporti funzionali con le varie strutture ministeriali da cui formalmente dipendono).<\/p>\n<p>In questo caso, mi sembra sia stato il potere politico a farsi attrarre e metabolizzare dal campo tecnico, senza nemmeno l\u2019intervento diretto delle sirene del digitale.<\/p>\n<p>E\u2019 bastata, in certa misura, la forza attrattiva della logica tecnica, con le sue promesse di risoluzione e di snellezza decisionale, e lo Stato classico \u00e8 slittato cedevolmente verso la forma-piattaforma.<\/p>\n<p>Questione antica: chi scrive, come Gunther Anders, Arnold Gehlen e Martin Heidegger, e pi\u00f9 di recente Natalino Irti e Emanuele Severino, non crede alla neutralit\u00e0 della tecnica.<\/p>\n<p>La razionalit\u00e0 della tecnica \u00e8 essa stessa parte del percorso di definizione di una coscienza latamente politica delle piattaforme digitali e delle loro comunit\u00e0, esattamente come la modellazione di un eco-sistema digitale risente, per dirla alla Lessig, del codice strutturale, della architettura fondazionale dell\u2019ambiente digitale che di suo non \u00e8 mai neutro.<\/p>\n<p>3. <em>Una nuova questione costituzionale. <\/em>La questione mi sembra abbracciare, visti gli interessi in gioco e la fisionomia dei poteri che si vanno stagliando all\u2019orizzonte, il diritto pubblico nel suo complesso.<\/p>\n<p>Questo scivolamento ha adombrato la evanescente fisionomia di una nuova forma di governo, una sorta di \u2018parlamento\u2019 tecnico federato in distinti network, chiamati ad assumere decisioni che poi rifluiranno verso la Presidenza del Consiglio (non verso il Governo, ma proprio verso il perimetro limitato della Presidenza del Consiglio), rafforzato a suo modo dal <em>medium<\/em> normativo prescelto per governare l\u2019emergenza, quelle catene di DPCM che pur formalmente originanti da decreti-legge hanno sollevato pi\u00f9 di qualche fondato dubbio nell\u2019ampio dibattito costituzionalistico intervenuto.<\/p>\n<p>In questo senso, prioritario e irrinunciabile diventa il governo democratizzante della tecnica che deve essere ricondotta nel circuito rappresentativo; il laboratorio deve tornare ad essere laboratorio e cessare di essere il nuovo Parlamento.<\/p>\n<p>Ed anche questo \u00e8 un prodotto della arrendevolezza del politico davanti alla logica tecnica.\u00a0Quando tra gli anni ottanta e gli anni novanta, autori come Bruno Latour, Michel Callon, Madeleine Akrich, riconducibili alla nuova scuola sociologica francese della scienza, hanno coniato la <em>actor\/network theory<\/em> (ANT), si \u00e8 ingenerato un potente incentivo epistemologico alla democratizzazione della complessit\u00e0 tecnica la quale se lasciata ingovernata pu\u00f2 rendersi un tremendo potere tirannico: questa teoria inferisce la necessit\u00e0 di regolare complessivamente l\u2019eco-sistema in cui l\u2019agente umano si trova ad operare e l\u2019agente umano stesso, con le sue azioni, le sue relazioni, i suoi rapporti. Oggetto della regolazione non sono pi\u00f9 in maniera distinta l\u2019essere umano e l\u2019ambiente ma la sintesi relazionale tra i due aspetti.<\/p>\n<p>Non casualmente questa teoria \u00e8 stata utile strumento per la ricostruzione concettuale di ambienti complessi punteggiati di alta tecnologia come le Smart City, il diritto ambientale, gli agenti software, le intelligenze artificiali.<\/p>\n<p>Di questa teoria a me sembra possa essere utilizzato, in chiave giuridica, un paradigma in particolare funzionale alla democratizzazione delle piattaforme digitali: quello dei forum ibridi, che dovranno operare a tutti gli effetti come Parlamenti della complessit\u00e0, al fine di determinare mediante contestazioni, consultazioni, coinvolgimento della societ\u00e0 civile quei bilanciamenti dinamici utili per scongiurare la sedimentazione di uno Stato-network privato e al tempo stesso per democratizzare i corpi tecnici sussunti nella dinamica governativa.<\/p>\n<p>Quale sede migliore della UE, per questo? D\u2019altronde l\u2019art. 11 del TUE riconosce l\u2019esigenza di una interazione dialettica e aperta con i corpi della societ\u00e0 civile, mentre l\u2019art. 15 TFUE riconosce il ruolo della societ\u00e0 civile nel buongoverno della Unione.<\/p>\n<p>L\u2019istituzione di forum ibridi compartecipati da poteri pubblici, poteri privati, esperti, accademici e societ\u00e0 civile, secondo schemi ben noti al digitale ma andando oltre l\u2019apporto meramente consultivo, potrebbe far emergere nei flussi di reciproche contestazioni e informazioni quegli aspetti che innervandosi in un generale canone di trasparenza e secondo spinte reputazionali possono portare a risultati gi\u00e0 utilmente sperimentati (come ad esempio nei forum ambientali transazionali, nel generale quadro della modellazione del principio di precauzione).<\/p>\n<p>E se questo modello pu\u00f2 essere adottato tanto a livello singolo-nazionale quanto transnazionale, mi sembra essenziale la via europea.<\/p>\n<p>Estremamente condivisibili mi paiono in questo senso le notazioni di <a href=\"http:\/\/www.lacostituzione.info\/index.php\/2020\/04\/27\/capitalismo-e-umanesimo-digitali-nella-stagione-della-pandemia-la-via-europea\/\">O. Pollicino e G. Pitruzzella<\/a> secondo cui \u201cse capitalismo digitale deve essere, la persona umana e la sua dignit\u00e0 non possono essere un elemento accessorio di questo processo, che necessita dell\u2019affiancamento di un secondo processo, uguale e contrario legato all\u2019emersione di una nuova forma di umanesimo digitale\u201d.<\/p>\n<p>Mai come in questo momento \u00e8 necessaria, oltre al cuore pulsante di un umanesimo digitale, il ritorno alla piena conoscibilit\u00e0 dei provvedimenti e alla trasparenza dei momenti decisionali, un organico pluralismo delle opzioni in gioco, una dialettica parlamentare e sociale che pure vibrante possa contribuire a delineare le prospettive di insieme, al fine di razionalizzare cosa sta accadendo e scongiurare pericolose torsioni dell\u2019ordinamento sotto le suadenti, ma devastanti, spinte dei poteri privati.<\/p>\n<p>*\u00a0<i>Cultore della materia in Istituzioni di diritto pubblico e in Diritto costituzionale &#8211;\u00a0<\/i><i>Universit\u00e0 degli Studi Roma Tre<\/i><\/p>\n","protected":false},"excerpt":{"rendered":"<p>di Andrea Venanzoni* 1. Lo Stato-network privato. Tra i vari, vorrei dire epocali, spunti problematici che Edoardo Chiti pone nel suo \u2018Questi sono i nodi\u2019, uno in particolare ha attirato la mia attenzione, ed \u00e8 quello concernente la mutazione genetica delle piattaforme digitali che vanno rendendosi, passo dopo passo, esse stesse potere pubblico.<\/p>\n<div class='heateorSssClear'><\/div><div  class='heateor_sss_sharing_container heateor_sss_horizontal_sharing' data-heateor-sss-href='https:\/\/www.lacostituzione.info\/index.php\/2020\/04\/28\/rispondendo-a-chiti-la-democratizzazione-dei-poteri-privati-digitali-tra-complessita-sociale-e-governo-della-tecnica\/'><div class='heateor_sss_sharing_title' style=\"font-weight:bold\" >Condividi!<\/div><div class=\"heateor_sss_sharing_ul\"><a aria-label=\"Facebook\" class=\"heateor_sss_facebook\" href=\"https:\/\/www.facebook.com\/sharer\/sharer.php?u=https%3A%2F%2Fwww.lacostituzione.info%2Findex.php%2F2020%2F04%2F28%2Frispondendo-a-chiti-la-democratizzazione-dei-poteri-privati-digitali-tra-complessita-sociale-e-governo-della-tecnica%2F\" title=\"Facebook\" rel=\"nofollow noopener\" target=\"_blank\" style=\"font-size:32px!important;box-shadow:none;display:inline-block;vertical-align:middle\"><span class=\"heateor_sss_svg\" style=\"background-color:#0765FE;width:35px;height:35px;display:inline-block;opacity:1;float:left;font-size:32px;box-shadow:none;display:inline-block;font-size:16px;padding:0 4px;vertical-align:middle;background-repeat:repeat;overflow:hidden;padding:0;cursor:pointer;box-sizing:content-box\"><svg style=\"display:block;\" focusable=\"false\" aria-hidden=\"true\" xmlns=\"http:\/\/www.w3.org\/2000\/svg\" width=\"100%\" height=\"100%\" viewBox=\"0 0 32 32\"><path fill=\"#fff\" d=\"M28 16c0-6.627-5.373-12-12-12S4 9.373 4 16c0 5.628 3.875 10.35 9.101 11.647v-7.98h-2.474V16H13.1v-1.58c0-4.085 1.849-5.978 5.859-5.978.76 0 2.072.15 2.608.298v3.325c-.283-.03-.775-.045-1.386-.045-1.967 0-2.728.745-2.728 2.683V16h3.92l-.673 3.667h-3.247v8.245C23.395 27.195 28 22.135 28 16Z\"><\/path><\/svg><\/span><\/a><a aria-label=\"Twitter\" class=\"heateor_sss_button_twitter\" href=\"https:\/\/twitter.com\/intent\/tweet?text=Rispondendo%20a%20Chiti%3A%20la%20democratizzazione%20dei%20poteri%20privati%20digitali%20tra%20complessit%C3%A0%20sociale%20e%20governo%20della%20tecnica&url=https%3A%2F%2Fwww.lacostituzione.info%2Findex.php%2F2020%2F04%2F28%2Frispondendo-a-chiti-la-democratizzazione-dei-poteri-privati-digitali-tra-complessita-sociale-e-governo-della-tecnica%2F\" title=\"Twitter\" rel=\"nofollow noopener\" target=\"_blank\" style=\"font-size:32px!important;box-shadow:none;display:inline-block;vertical-align:middle\"><span class=\"heateor_sss_svg heateor_sss_s__default heateor_sss_s_twitter\" style=\"background-color:#55acee;width:35px;height:35px;display:inline-block;opacity:1;float:left;font-size:32px;box-shadow:none;display:inline-block;font-size:16px;padding:0 4px;vertical-align:middle;background-repeat:repeat;overflow:hidden;padding:0;cursor:pointer;box-sizing:content-box\"><svg style=\"display:block;\" focusable=\"false\" aria-hidden=\"true\" xmlns=\"http:\/\/www.w3.org\/2000\/svg\" width=\"100%\" height=\"100%\" viewBox=\"-4 -4 39 39\"><path d=\"M28 8.557a9.913 9.913 0 0 1-2.828.775 4.93 4.93 0 0 0 2.166-2.725 9.738 9.738 0 0 1-3.13 1.194 4.92 4.92 0 0 0-3.593-1.55 4.924 4.924 0 0 0-4.794 6.049c-4.09-.21-7.72-2.17-10.15-5.15a4.942 4.942 0 0 0-.665 2.477c0 1.71.87 3.214 2.19 4.1a4.968 4.968 0 0 1-2.23-.616v.06c0 2.39 1.7 4.38 3.952 4.83-.414.115-.85.174-1.297.174-.318 0-.626-.03-.928-.086a4.935 4.935 0 0 0 4.6 3.42 9.893 9.893 0 0 1-6.114 2.107c-.398 0-.79-.023-1.175-.068a13.953 13.953 0 0 0 7.55 2.213c9.056 0 14.01-7.507 14.01-14.013 0-.213-.005-.426-.015-.637.96-.695 1.795-1.56 2.455-2.55z\" fill=\"#fff\"><\/path><\/svg><\/span><\/a><a aria-label=\"Reddit\" class=\"heateor_sss_button_reddit\" href=\"https:\/\/reddit.com\/submit?url=https%3A%2F%2Fwww.lacostituzione.info%2Findex.php%2F2020%2F04%2F28%2Frispondendo-a-chiti-la-democratizzazione-dei-poteri-privati-digitali-tra-complessita-sociale-e-governo-della-tecnica%2F&title=Rispondendo%20a%20Chiti%3A%20la%20democratizzazione%20dei%20poteri%20privati%20digitali%20tra%20complessit%C3%A0%20sociale%20e%20governo%20della%20tecnica\" title=\"Reddit\" rel=\"nofollow noopener\" target=\"_blank\" style=\"font-size:32px!important;box-shadow:none;display:inline-block;vertical-align:middle\"><span class=\"heateor_sss_svg heateor_sss_s__default heateor_sss_s_reddit\" style=\"background-color:#ff5700;width:35px;height:35px;display:inline-block;opacity:1;float:left;font-size:32px;box-shadow:none;display:inline-block;font-size:16px;padding:0 4px;vertical-align:middle;background-repeat:repeat;overflow:hidden;padding:0;cursor:pointer;box-sizing:content-box\"><svg style=\"display:block;\" focusable=\"false\" aria-hidden=\"true\" xmlns=\"http:\/\/www.w3.org\/2000\/svg\" width=\"100%\" height=\"100%\" viewBox=\"-3.5 -3.5 39 39\"><path d=\"M28.543 15.774a2.953 2.953 0 0 0-2.951-2.949 2.882 2.882 0 0 0-1.9.713 14.075 14.075 0 0 0-6.85-2.044l1.38-4.349 3.768.884a2.452 2.452 0 1 0 .24-1.176l-4.274-1a.6.6 0 0 0-.709.4l-1.659 5.224a14.314 14.314 0 0 0-7.316 2.029 2.908 2.908 0 0 0-1.872-.681 2.942 2.942 0 0 0-1.618 5.4 5.109 5.109 0 0 0-.062.765c0 4.158 5.037 7.541 11.229 7.541s11.22-3.383 11.22-7.541a5.2 5.2 0 0 0-.053-.706 2.963 2.963 0 0 0 1.427-2.51zm-18.008 1.88a1.753 1.753 0 0 1 1.73-1.74 1.73 1.73 0 0 1 1.709 1.74 1.709 1.709 0 0 1-1.709 1.711 1.733 1.733 0 0 1-1.73-1.711zm9.565 4.968a5.573 5.573 0 0 1-4.081 1.272h-.032a5.576 5.576 0 0 1-4.087-1.272.6.6 0 0 1 .844-.854 4.5 4.5 0 0 0 3.238.927h.032a4.5 4.5 0 0 0 3.237-.927.6.6 0 1 1 .844.854zm-.331-3.256a1.726 1.726 0 1 1 1.709-1.712 1.717 1.717 0 0 1-1.712 1.712z\" fill=\"#fff\"\/><\/svg><\/span><\/a><a aria-label=\"Linkedin\" class=\"heateor_sss_button_linkedin\" href=\"https:\/\/www.linkedin.com\/sharing\/share-offsite\/?url=https%3A%2F%2Fwww.lacostituzione.info%2Findex.php%2F2020%2F04%2F28%2Frispondendo-a-chiti-la-democratizzazione-dei-poteri-privati-digitali-tra-complessita-sociale-e-governo-della-tecnica%2F\" title=\"Linkedin\" rel=\"nofollow noopener\" target=\"_blank\" style=\"font-size:32px!important;box-shadow:none;display:inline-block;vertical-align:middle\"><span class=\"heateor_sss_svg heateor_sss_s__default heateor_sss_s_linkedin\" style=\"background-color:#0077b5;width:35px;height:35px;display:inline-block;opacity:1;float:left;font-size:32px;box-shadow:none;display:inline-block;font-size:16px;padding:0 4px;vertical-align:middle;background-repeat:repeat;overflow:hidden;padding:0;cursor:pointer;box-sizing:content-box\"><svg style=\"display:block;\" focusable=\"false\" aria-hidden=\"true\" xmlns=\"http:\/\/www.w3.org\/2000\/svg\" width=\"100%\" height=\"100%\" viewBox=\"0 0 32 32\"><path d=\"M6.227 12.61h4.19v13.48h-4.19V12.61zm2.095-6.7a2.43 2.43 0 0 1 0 4.86c-1.344 0-2.428-1.09-2.428-2.43s1.084-2.43 2.428-2.43m4.72 6.7h4.02v1.84h.058c.56-1.058 1.927-2.176 3.965-2.176 4.238 0 5.02 2.792 5.02 6.42v7.395h-4.183v-6.56c0-1.564-.03-3.574-2.178-3.574-2.18 0-2.514 1.7-2.514 3.46v6.668h-4.187V12.61z\" fill=\"#fff\"><\/path><\/svg><\/span><\/a><a aria-label=\"Pinterest\" class=\"heateor_sss_button_pinterest\" href=\"https:\/\/www.lacostituzione.info\/index.php\/2020\/04\/28\/rispondendo-a-chiti-la-democratizzazione-dei-poteri-privati-digitali-tra-complessita-sociale-e-governo-della-tecnica\/\" onclick=\"event.preventDefault();javascript:void( (function() {var e=document.createElement('script' );e.setAttribute('type','text\/javascript' );e.setAttribute('charset','UTF-8' );e.setAttribute('src','\/\/assets.pinterest.com\/js\/pinmarklet.js?r='+Math.random()*99999999);document.body.appendChild(e)})());\" title=\"Pinterest\" rel=\"noopener\" style=\"font-size:32px!important;box-shadow:none;display:inline-block;vertical-align:middle\"><span class=\"heateor_sss_svg heateor_sss_s__default heateor_sss_s_pinterest\" style=\"background-color:#cc2329;width:35px;height:35px;display:inline-block;opacity:1;float:left;font-size:32px;box-shadow:none;display:inline-block;font-size:16px;padding:0 4px;vertical-align:middle;background-repeat:repeat;overflow:hidden;padding:0;cursor:pointer;box-sizing:content-box\"><svg style=\"display:block;\" focusable=\"false\" aria-hidden=\"true\" xmlns=\"http:\/\/www.w3.org\/2000\/svg\" width=\"100%\" height=\"100%\" viewBox=\"-2 -2 35 35\"><path fill=\"#fff\" d=\"M16.539 4.5c-6.277 0-9.442 4.5-9.442 8.253 0 2.272.86 4.293 2.705 5.046.303.125.574.005.662-.33.061-.231.205-.816.27-1.06.088-.331.053-.447-.191-.736-.532-.627-.873-1.439-.873-2.591 0-3.338 2.498-6.327 6.505-6.327 3.548 0 5.497 2.168 5.497 5.062 0 3.81-1.686 7.025-4.188 7.025-1.382 0-2.416-1.142-2.085-2.545.397-1.674 1.166-3.48 1.166-4.689 0-1.081-.581-1.983-1.782-1.983-1.413 0-2.548 1.462-2.548 3.419 0 1.247.421 2.091.421 2.091l-1.699 7.199c-.505 2.137-.076 4.755-.039 5.019.021.158.223.196.314.077.13-.17 1.813-2.247 2.384-4.324.162-.587.929-3.631.929-3.631.46.876 1.801 1.646 3.227 1.646 4.247 0 7.128-3.871 7.128-9.053.003-3.918-3.317-7.568-8.361-7.568z\"\/><\/svg><\/span><\/a><a aria-label=\"Whatsapp\" class=\"heateor_sss_whatsapp\" href=\"https:\/\/api.whatsapp.com\/send?text=Rispondendo%20a%20Chiti%3A%20la%20democratizzazione%20dei%20poteri%20privati%20digitali%20tra%20complessit%C3%A0%20sociale%20e%20governo%20della%20tecnica%20https%3A%2F%2Fwww.lacostituzione.info%2Findex.php%2F2020%2F04%2F28%2Frispondendo-a-chiti-la-democratizzazione-dei-poteri-privati-digitali-tra-complessita-sociale-e-governo-della-tecnica%2F\" title=\"Whatsapp\" rel=\"nofollow noopener\" target=\"_blank\" style=\"font-size:32px!important;box-shadow:none;display:inline-block;vertical-align:middle\"><span class=\"heateor_sss_svg\" style=\"background-color:#55eb4c;width:35px;height:35px;display:inline-block;opacity:1;float:left;font-size:32px;box-shadow:none;display:inline-block;font-size:16px;padding:0 4px;vertical-align:middle;background-repeat:repeat;overflow:hidden;padding:0;cursor:pointer;box-sizing:content-box\"><svg style=\"display:block;\" focusable=\"false\" aria-hidden=\"true\" xmlns=\"http:\/\/www.w3.org\/2000\/svg\" width=\"100%\" height=\"100%\" viewBox=\"-6 -5 40 40\"><path class=\"heateor_sss_svg_stroke heateor_sss_no_fill\" stroke=\"#fff\" stroke-width=\"2\" fill=\"none\" d=\"M 11.579798566743314 24.396926207859085 A 10 10 0 1 0 6.808479557110079 20.73576436351046\"><\/path><path d=\"M 7 19 l -1 6 l 6 -1\" class=\"heateor_sss_no_fill heateor_sss_svg_stroke\" stroke=\"#fff\" stroke-width=\"2\" fill=\"none\"><\/path><path d=\"M 10 10 q -1 8 8 11 c 5 -1 0 -6 -1 -3 q -4 -3 -5 -5 c 4 -2 -1 -5 -1 -4\" fill=\"#fff\"><\/path><\/svg><\/span><\/a><\/div><div class=\"heateorSssClear\"><\/div><\/div><div class='heateorSssClear'><\/div>","protected":false},"author":1,"featured_media":0,"comment_status":"open","ping_status":"open","sticky":false,"template":"","format":"standard","meta":{"jetpack_post_was_ever_published":false,"_jetpack_newsletter_access":"","_jetpack_dont_email_post_to_subs":false,"_jetpack_newsletter_tier_id":0,"_jetpack_memberships_contains_paywalled_content":false,"_jetpack_memberships_contains_paid_content":false,"footnotes":"","jetpack_publicize_message":"","jetpack_publicize_feature_enabled":true,"jetpack_social_post_already_shared":false,"jetpack_social_options":{"image_generator_settings":{"template":"highway","default_image_id":0,"enabled":false},"version":2}},"categories":[5],"tags":[1211,1088,1288,1502],"class_list":["post-7082","post","type-post","status-publish","format-standard","hentry","category-lavori-in-corso","tag-diritto-pubblico","tag-governance","tag-rete","tag-tecnica-e-politica"],"jetpack_publicize_connections":[],"jetpack_featured_media_url":"","jetpack_shortlink":"https:\/\/wp.me\/p84sDq-1Qe","jetpack_likes_enabled":true,"jetpack_sharing_enabled":true,"_links":{"self":[{"href":"https:\/\/www.lacostituzione.info\/index.php\/wp-json\/wp\/v2\/posts\/7082","targetHints":{"allow":["GET"]}}],"collection":[{"href":"https:\/\/www.lacostituzione.info\/index.php\/wp-json\/wp\/v2\/posts"}],"about":[{"href":"https:\/\/www.lacostituzione.info\/index.php\/wp-json\/wp\/v2\/types\/post"}],"author":[{"embeddable":true,"href":"https:\/\/www.lacostituzione.info\/index.php\/wp-json\/wp\/v2\/users\/1"}],"replies":[{"embeddable":true,"href":"https:\/\/www.lacostituzione.info\/index.php\/wp-json\/wp\/v2\/comments?post=7082"}],"version-history":[{"count":0,"href":"https:\/\/www.lacostituzione.info\/index.php\/wp-json\/wp\/v2\/posts\/7082\/revisions"}],"wp:attachment":[{"href":"https:\/\/www.lacostituzione.info\/index.php\/wp-json\/wp\/v2\/media?parent=7082"}],"wp:term":[{"taxonomy":"category","embeddable":true,"href":"https:\/\/www.lacostituzione.info\/index.php\/wp-json\/wp\/v2\/categories?post=7082"},{"taxonomy":"post_tag","embeddable":true,"href":"https:\/\/www.lacostituzione.info\/index.php\/wp-json\/wp\/v2\/tags?post=7082"}],"curies":[{"name":"wp","href":"https:\/\/api.w.org\/{rel}","templated":true}]}}