{"id":7090,"date":"2020-04-29T22:50:06","date_gmt":"2020-04-29T20:50:06","guid":{"rendered":"http:\/\/www.lacostituzione.info\/?p=7090"},"modified":"2020-04-29T22:50:08","modified_gmt":"2020-04-29T20:50:08","slug":"federalismo-e-pandemia-cosa-si-puo-imparare-dal-brasile","status":"publish","type":"post","link":"https:\/\/www.lacostituzione.info\/index.php\/2020\/04\/29\/federalismo-e-pandemia-cosa-si-puo-imparare-dal-brasile\/","title":{"rendered":"Federalismo e pandemia. Cosa si pu\u00f2 imparare dal Brasile"},"content":{"rendered":"\n<p style=\"text-align: center;\"><a href=\"http:\/\/www.lacostituzione.info\/wp-content\/uploads\/2020\/04\/brazil.png\"><img loading=\"lazy\" decoding=\"async\" data-attachment-id=\"7091\" data-permalink=\"https:\/\/www.lacostituzione.info\/index.php\/2020\/04\/29\/federalismo-e-pandemia-cosa-si-puo-imparare-dal-brasile\/brazil\/#main\" data-orig-file=\"https:\/\/www.lacostituzione.info\/wp-content\/uploads\/2020\/04\/brazil.png\" data-orig-size=\"226,223\" data-comments-opened=\"1\" data-image-meta=\"{&quot;aperture&quot;:&quot;0&quot;,&quot;credit&quot;:&quot;&quot;,&quot;camera&quot;:&quot;&quot;,&quot;caption&quot;:&quot;&quot;,&quot;created_timestamp&quot;:&quot;0&quot;,&quot;copyright&quot;:&quot;&quot;,&quot;focal_length&quot;:&quot;0&quot;,&quot;iso&quot;:&quot;0&quot;,&quot;shutter_speed&quot;:&quot;0&quot;,&quot;title&quot;:&quot;&quot;,&quot;orientation&quot;:&quot;0&quot;}\" data-image-title=\"brazil\" data-image-description=\"\" data-image-caption=\"\" data-medium-file=\"https:\/\/www.lacostituzione.info\/wp-content\/uploads\/2020\/04\/brazil.png\" data-large-file=\"https:\/\/www.lacostituzione.info\/wp-content\/uploads\/2020\/04\/brazil.png\" class=\"aligncenter size-thumbnail wp-image-7091\" src=\"http:\/\/www.lacostituzione.info\/wp-content\/uploads\/2020\/04\/brazil-150x150.png\" alt=\"\" width=\"150\" height=\"150\" \/><\/a>di <strong>Valerio Mazzuoli*<\/strong> e <strong>Hugo Fraz\u00e3o**<\/strong><\/p>\n<p>Le misure adottate contro il COVID-19 stanno avendo un enorme impatto sulla forma di Stato sia in Brasile che in Italia. Tuttavia, questo non significa necessariamente che ci\u00f2 rappresenti un problema. Infatti, dopo mesi di contagio del coronavirus, alcuni Paesi possono mettere alla prova i loro modelli di \u201cdecentramento territoriale\u201d, imparando come trasformare le difficolt\u00e0 della pandemia in un\u2019opportunit\u00e0. <!--more-->Ci\u00f2 implica anche sviluppare il decentramento di competenze condivise tra gli enti governativi, pur avendo essi poteri e ruoli diversi. Si tratta di un argomento ancora non molto discusso in questi Paesi e che merita di essere messo al centro della nostra attenzione.<\/p>\n<p>Attualmente in Brasile, sebbene l\u2019art. 1\u00ba della Costituzione (5 Ottobre 1988) definisca lo Stato come una federazione simmetrica formata dall\u2019Unione degli Stati membri, del Distretto Federale e dei Comuni, sussiste una grande centralizzazione di potere da parte del governo federale che sta mettendo alla prova i Governi degli altri enti per quanto concerne le competenze concorrenti, specie quella sanitaria.<\/p>\n<p>Molti Governatori degli Stati-membri brasiliani hanno adottato mezzi di austerit\u00e0 per combattere la pandemia, con la differenza che, in quell\u2019ordinamento, gli Stati membri e i Comuni hanno competenze condivise per quanto riguarda le questioni relative alla salute. Pertanto, la Costituzione brasiliana afferma che la competenza condivisa di \u201cprendersi cura della salute e dell\u2019assistenza pubblica\u201d (art. 23, II) sarebbe stata dell\u2019Unione degli Stati, del Distretto Federale e dei Comuni. Inoltre essa stabilisce che spetta all\u2019Unione, agli Stati e al Distretto Federale legiferare contemporaneamente su \u201c[&#8230;] protezione e difesa della salute\u201d (art. 24, XII), mentre i Comuni possono integrare tali legislazioni secondo l\u2019interesse locale (art. 30, I).<\/p>\n<p>Nel contesto brasiliano esiste un fondamento giuridico-costituzionale perch\u00e9 i Governatori e i Sindaci adottino misure di contenimento del COVID-19 in disaccordo con ci\u00f2 che ha suggerito il governo federale. La Costituzione brasiliana prevede che, prima che si arrivi ad una eventuale situazione di disobbedienza civile \u2013 che a sua volta, ha riconoscimenti costituzionali poich\u00e9 deriva dal regime (democratico) e dai principi (repubblicani e umanisti) adottati dalla Carta fondamentale \u2013, gli enti territoriali possano agire ai sensi dell\u2019art. 5 \u00b0, \u00a7 2 \u00b0: \u201cI diritti e garanzie espressi in questa Costituzione non escludono altri derivanti dal regime e dai principi da esso adottati, n\u00e9 dai trattati internazionali di cui la Repubblica Federativa del Brasile \u00e8 parte\u201d.<\/p>\n<p>A questo proposito, il Supremo Tribunale Federale brasiliano ha riconosciuto, il 22 aprile 2020, che lo Stato-membro del Maranh\u00e3o pu\u00f2 acquistare respiratori per ospedali direttamente dalla Cina e che questi apparecchi non possono essere confiscati dal Presidente della Repubblica in nessun caso durante questo periodo di crisi sanitaria (ACO n. 3385).<\/p>\n<p>La legge federale brasiliana che si occupa delle azioni contro il virus \u00e8 la legge n. 13.979\/2020 che, nell\u2019 art. 3\u00ba, paragrafo 7, sottolinea che le misure di isolamento sociale e di quarantena possono essere imposte solo dal Ministro della Salute o da qualcuno da lui autorizzato. Prescrive, inoltre, all\u2019art. 3\u00ba, paragrafo 8 (introdotto dalla misura provvisoria n. 926\/2020), che solamente il Presidente della Repubblica pu\u00f2 decidere sul funzionamento delle attivit\u00e0 essenziali. Ma, in pratica, queste regole non hanno impedito a Governatori e Sindaci brasiliani di stabilire misure restrittive, ed infatti ci\u00f2 sta causando un enorme conflitto federale.<\/p>\n<p>\u00c8 importante notare, peraltro, che la legge federale brasiliana intende \u201cisolamento\u201d come la \u201cseparazione da persone <em>malate<\/em> o <em>infette<\/em> (&#8230;) in modo da evitare la contaminazione o la propagazione del coronavirus\u201d (art. 2\u00ba, I). Questo concetto, come si nota, \u00e8 molto limitato e rende difficile imporre un controllo efficace del COVID-19, poich\u00e9 esclude tutte le altre persone <em>non infette<\/em>. Come si \u00e8 gi\u00e0 detto, questo non ha impedito, in Brasile, che i Governatori e Sindaci stabilissero\u00a0regole pi\u00f9 rigide di isolamento e che i cittadini\u00a0brasiliani fossero coscienti di questa necessit\u00e0, tornato praticamente senza effetto \u2013 in pratica \u2013 alla disposizione della legge federale n. 13.979\/2020.<\/p>\n<p>Ci\u00f2 che attira l\u2019attenzione \u00e8 che la Costituzione brasiliana definisce il Paese come uno Stato Federale simmetrico di tre livelli (Unione, Stati Membri\/Distretto Federale, Comuni). Inoltre tutte queste entit\u00e0 hanno una propria autonomia per proteggere la salute dei cittadini, conformemente agli articoli 23, 24 e 30 della stessa Carta fondamentale. Tuttavia, la legislazione federale brasiliana sta accentrando il potere nelle mani del Presidente della Repubblica e sta diminuendo l&#8217;importanza degli altri organi nell&#8217;affrontare la crisi.<\/p>\n<p>Poich\u00e9 la disputa non \u00e8 stata ancora risolta, il Supremo Tribunale brasiliano ha deciso \u2013 in via cautelare \u2013 il 15 aprile 2020 che l\u2019interpretazione della legislazione sulla crisi sanitaria in Brasile non pu\u00f2 togliere la competenza di proteggere la sanit\u00e0 pubblica agli altri enti federali. Per la Corte Costituzionale, agire diversamente indebolirebbe il concetto di federazione del Paese (ADI n. 6341).<\/p>\n<p>In un\u2019altra decisione, dell\u20198 aprile 2020, la stessa Corte Suprema ha risposto ad una richiesta del Consiglio federale dell\u2019Ordine degli Avvocati (ADPF n. 672) e ha stabilito, alla fine, che \u201cnon spetta al ramo esecutivo federale respingere unilateralmente le decisioni dei governi statali, distrettuali e municipali che, nell\u2019esercizio dei loro poteri costituzionali, hanno adottato o adotteranno, nell\u2019ambito dei rispettivi territori, importanti misure restrittive come l\u2019imposizione di allontanamenti\/isolamento sociale, quarantena, sospensione delle attivit\u00e0 di insegnamento, restrizioni del commercio, attivit\u00e0 culturali e circolazione delle persone, tra gli altri meccanismi noti per essere efficaci nel ridurre il numero di persone infette e decessi, come dimostrato dalla raccomandazione dell\u2019OMS (Organizzazione mondiale della sanit\u00e0) e numerosi studi tecnico-scientifici [\u2026]\u201d (STF, ADPF n. 672, Rel. Min. Alexandre de Moraes, Medida Cautelar, 8 Aprile 2020).<\/p>\n<p>Indubbiamente, l\u2019autonomia delle entit\u00e0 federali non pu\u00f2 giustificare alcun abuso di potere da parte di Sindaci e Governatori del Brasile. Tuttavia, cos\u00ec come i Sindaci e i Governatori non devono abusare del potere conferitogli, anche i governi centrali non devono sottovalutare l\u2019importanza degli enti minori, i quali soventemente riescono a percepire l\u2019arrivo di una crisi prima del governo nazionale.<\/p>\n<p>\u00a0<\/p>\n<p>* Professore associato di Diritto Internazionale presso l\u2019Universit\u00e0 Federale del Mato Grosso (Brasile). Dottore <em>summa cum laude<\/em> in Diritto (Universit\u00e0 Federale del Rio Grande do Sul, Brasile). Membro Consulente della Commissione Speciale di Diritto Internazionale del Consiglio Federale dell\u2019Ordine degli Avvocati del Brasile \u2013 CFOAB.<\/p>\n<p>** Laurea Magistrale in Diritto Costituzionale presso la Pontificia Universit\u00e0 Cattolica di San Paolo (PUC-SP). Dottorando in Teoria dei Diritti Fondamentali, Giustizia Costituzionale, Comparazione Giuridica nell\u2019Universit\u00e0 di Pisa. Giudice Federale in Brasile.<\/p>\n<p>\u00a0<\/p>\n","protected":false},"excerpt":{"rendered":"<p>di Valerio Mazzuoli* e Hugo Fraz\u00e3o** Le misure adottate contro il COVID-19 stanno avendo un enorme impatto sulla forma di Stato sia in Brasile che in Italia. Tuttavia, questo non significa necessariamente che ci\u00f2 rappresenti un problema. Infatti, dopo mesi di contagio del coronavirus, alcuni Paesi possono mettere alla prova i loro modelli di \u201cdecentramento &#8230; <a title=\"Federalismo e pandemia. Cosa si pu\u00f2 imparare dal Brasile\" class=\"read-more\" href=\"https:\/\/www.lacostituzione.info\/index.php\/2020\/04\/29\/federalismo-e-pandemia-cosa-si-puo-imparare-dal-brasile\/\">Leggi tutto<\/a><\/p>\n<div class='heateorSssClear'><\/div><div  class='heateor_sss_sharing_container heateor_sss_horizontal_sharing' data-heateor-sss-href='https:\/\/www.lacostituzione.info\/index.php\/2020\/04\/29\/federalismo-e-pandemia-cosa-si-puo-imparare-dal-brasile\/'><div class='heateor_sss_sharing_title' style=\"font-weight:bold\" >Condividi!<\/div><div class=\"heateor_sss_sharing_ul\"><a aria-label=\"Facebook\" class=\"heateor_sss_facebook\" href=\"https:\/\/www.facebook.com\/sharer\/sharer.php?u=https%3A%2F%2Fwww.lacostituzione.info%2Findex.php%2F2020%2F04%2F29%2Ffederalismo-e-pandemia-cosa-si-puo-imparare-dal-brasile%2F\" title=\"Facebook\" rel=\"nofollow noopener\" target=\"_blank\" style=\"font-size:32px!important;box-shadow:none;display:inline-block;vertical-align:middle\"><span class=\"heateor_sss_svg\" style=\"background-color:#0765FE;width:35px;height:35px;display:inline-block;opacity:1;float:left;font-size:32px;box-shadow:none;display:inline-block;font-size:16px;padding:0 4px;vertical-align:middle;background-repeat:repeat;overflow:hidden;padding:0;cursor:pointer;box-sizing:content-box\"><svg style=\"display:block;\" focusable=\"false\" aria-hidden=\"true\" xmlns=\"http:\/\/www.w3.org\/2000\/svg\" width=\"100%\" height=\"100%\" viewBox=\"0 0 32 32\"><path fill=\"#fff\" d=\"M28 16c0-6.627-5.373-12-12-12S4 9.373 4 16c0 5.628 3.875 10.35 9.101 11.647v-7.98h-2.474V16H13.1v-1.58c0-4.085 1.849-5.978 5.859-5.978.76 0 2.072.15 2.608.298v3.325c-.283-.03-.775-.045-1.386-.045-1.967 0-2.728.745-2.728 2.683V16h3.92l-.673 3.667h-3.247v8.245C23.395 27.195 28 22.135 28 16Z\"><\/path><\/svg><\/span><\/a><a aria-label=\"Twitter\" class=\"heateor_sss_button_twitter\" href=\"https:\/\/twitter.com\/intent\/tweet?text=Federalismo%20e%20pandemia.%20Cosa%20si%20pu%C3%B2%20imparare%20dal%20Brasile&url=https%3A%2F%2Fwww.lacostituzione.info%2Findex.php%2F2020%2F04%2F29%2Ffederalismo-e-pandemia-cosa-si-puo-imparare-dal-brasile%2F\" title=\"Twitter\" rel=\"nofollow noopener\" target=\"_blank\" style=\"font-size:32px!important;box-shadow:none;display:inline-block;vertical-align:middle\"><span class=\"heateor_sss_svg heateor_sss_s__default heateor_sss_s_twitter\" style=\"background-color:#55acee;width:35px;height:35px;display:inline-block;opacity:1;float:left;font-size:32px;box-shadow:none;display:inline-block;font-size:16px;padding:0 4px;vertical-align:middle;background-repeat:repeat;overflow:hidden;padding:0;cursor:pointer;box-sizing:content-box\"><svg style=\"display:block;\" focusable=\"false\" aria-hidden=\"true\" xmlns=\"http:\/\/www.w3.org\/2000\/svg\" width=\"100%\" height=\"100%\" viewBox=\"-4 -4 39 39\"><path d=\"M28 8.557a9.913 9.913 0 0 1-2.828.775 4.93 4.93 0 0 0 2.166-2.725 9.738 9.738 0 0 1-3.13 1.194 4.92 4.92 0 0 0-3.593-1.55 4.924 4.924 0 0 0-4.794 6.049c-4.09-.21-7.72-2.17-10.15-5.15a4.942 4.942 0 0 0-.665 2.477c0 1.71.87 3.214 2.19 4.1a4.968 4.968 0 0 1-2.23-.616v.06c0 2.39 1.7 4.38 3.952 4.83-.414.115-.85.174-1.297.174-.318 0-.626-.03-.928-.086a4.935 4.935 0 0 0 4.6 3.42 9.893 9.893 0 0 1-6.114 2.107c-.398 0-.79-.023-1.175-.068a13.953 13.953 0 0 0 7.55 2.213c9.056 0 14.01-7.507 14.01-14.013 0-.213-.005-.426-.015-.637.96-.695 1.795-1.56 2.455-2.55z\" fill=\"#fff\"><\/path><\/svg><\/span><\/a><a aria-label=\"Reddit\" class=\"heateor_sss_button_reddit\" href=\"https:\/\/reddit.com\/submit?url=https%3A%2F%2Fwww.lacostituzione.info%2Findex.php%2F2020%2F04%2F29%2Ffederalismo-e-pandemia-cosa-si-puo-imparare-dal-brasile%2F&title=Federalismo%20e%20pandemia.%20Cosa%20si%20pu%C3%B2%20imparare%20dal%20Brasile\" title=\"Reddit\" rel=\"nofollow noopener\" target=\"_blank\" style=\"font-size:32px!important;box-shadow:none;display:inline-block;vertical-align:middle\"><span class=\"heateor_sss_svg heateor_sss_s__default heateor_sss_s_reddit\" style=\"background-color:#ff5700;width:35px;height:35px;display:inline-block;opacity:1;float:left;font-size:32px;box-shadow:none;display:inline-block;font-size:16px;padding:0 4px;vertical-align:middle;background-repeat:repeat;overflow:hidden;padding:0;cursor:pointer;box-sizing:content-box\"><svg style=\"display:block;\" focusable=\"false\" aria-hidden=\"true\" xmlns=\"http:\/\/www.w3.org\/2000\/svg\" width=\"100%\" height=\"100%\" viewBox=\"-3.5 -3.5 39 39\"><path d=\"M28.543 15.774a2.953 2.953 0 0 0-2.951-2.949 2.882 2.882 0 0 0-1.9.713 14.075 14.075 0 0 0-6.85-2.044l1.38-4.349 3.768.884a2.452 2.452 0 1 0 .24-1.176l-4.274-1a.6.6 0 0 0-.709.4l-1.659 5.224a14.314 14.314 0 0 0-7.316 2.029 2.908 2.908 0 0 0-1.872-.681 2.942 2.942 0 0 0-1.618 5.4 5.109 5.109 0 0 0-.062.765c0 4.158 5.037 7.541 11.229 7.541s11.22-3.383 11.22-7.541a5.2 5.2 0 0 0-.053-.706 2.963 2.963 0 0 0 1.427-2.51zm-18.008 1.88a1.753 1.753 0 0 1 1.73-1.74 1.73 1.73 0 0 1 1.709 1.74 1.709 1.709 0 0 1-1.709 1.711 1.733 1.733 0 0 1-1.73-1.711zm9.565 4.968a5.573 5.573 0 0 1-4.081 1.272h-.032a5.576 5.576 0 0 1-4.087-1.272.6.6 0 0 1 .844-.854 4.5 4.5 0 0 0 3.238.927h.032a4.5 4.5 0 0 0 3.237-.927.6.6 0 1 1 .844.854zm-.331-3.256a1.726 1.726 0 1 1 1.709-1.712 1.717 1.717 0 0 1-1.712 1.712z\" fill=\"#fff\"\/><\/svg><\/span><\/a><a aria-label=\"Linkedin\" class=\"heateor_sss_button_linkedin\" href=\"https:\/\/www.linkedin.com\/sharing\/share-offsite\/?url=https%3A%2F%2Fwww.lacostituzione.info%2Findex.php%2F2020%2F04%2F29%2Ffederalismo-e-pandemia-cosa-si-puo-imparare-dal-brasile%2F\" title=\"Linkedin\" rel=\"nofollow noopener\" target=\"_blank\" style=\"font-size:32px!important;box-shadow:none;display:inline-block;vertical-align:middle\"><span class=\"heateor_sss_svg heateor_sss_s__default heateor_sss_s_linkedin\" style=\"background-color:#0077b5;width:35px;height:35px;display:inline-block;opacity:1;float:left;font-size:32px;box-shadow:none;display:inline-block;font-size:16px;padding:0 4px;vertical-align:middle;background-repeat:repeat;overflow:hidden;padding:0;cursor:pointer;box-sizing:content-box\"><svg style=\"display:block;\" focusable=\"false\" aria-hidden=\"true\" xmlns=\"http:\/\/www.w3.org\/2000\/svg\" width=\"100%\" height=\"100%\" viewBox=\"0 0 32 32\"><path d=\"M6.227 12.61h4.19v13.48h-4.19V12.61zm2.095-6.7a2.43 2.43 0 0 1 0 4.86c-1.344 0-2.428-1.09-2.428-2.43s1.084-2.43 2.428-2.43m4.72 6.7h4.02v1.84h.058c.56-1.058 1.927-2.176 3.965-2.176 4.238 0 5.02 2.792 5.02 6.42v7.395h-4.183v-6.56c0-1.564-.03-3.574-2.178-3.574-2.18 0-2.514 1.7-2.514 3.46v6.668h-4.187V12.61z\" fill=\"#fff\"><\/path><\/svg><\/span><\/a><a aria-label=\"Pinterest\" class=\"heateor_sss_button_pinterest\" href=\"https:\/\/www.lacostituzione.info\/index.php\/2020\/04\/29\/federalismo-e-pandemia-cosa-si-puo-imparare-dal-brasile\/\" onclick=\"event.preventDefault();javascript:void( (function() {var e=document.createElement('script' );e.setAttribute('type','text\/javascript' );e.setAttribute('charset','UTF-8' );e.setAttribute('src','\/\/assets.pinterest.com\/js\/pinmarklet.js?r='+Math.random()*99999999);document.body.appendChild(e)})());\" title=\"Pinterest\" rel=\"noopener\" style=\"font-size:32px!important;box-shadow:none;display:inline-block;vertical-align:middle\"><span class=\"heateor_sss_svg heateor_sss_s__default heateor_sss_s_pinterest\" style=\"background-color:#cc2329;width:35px;height:35px;display:inline-block;opacity:1;float:left;font-size:32px;box-shadow:none;display:inline-block;font-size:16px;padding:0 4px;vertical-align:middle;background-repeat:repeat;overflow:hidden;padding:0;cursor:pointer;box-sizing:content-box\"><svg style=\"display:block;\" focusable=\"false\" aria-hidden=\"true\" xmlns=\"http:\/\/www.w3.org\/2000\/svg\" width=\"100%\" height=\"100%\" viewBox=\"-2 -2 35 35\"><path fill=\"#fff\" d=\"M16.539 4.5c-6.277 0-9.442 4.5-9.442 8.253 0 2.272.86 4.293 2.705 5.046.303.125.574.005.662-.33.061-.231.205-.816.27-1.06.088-.331.053-.447-.191-.736-.532-.627-.873-1.439-.873-2.591 0-3.338 2.498-6.327 6.505-6.327 3.548 0 5.497 2.168 5.497 5.062 0 3.81-1.686 7.025-4.188 7.025-1.382 0-2.416-1.142-2.085-2.545.397-1.674 1.166-3.48 1.166-4.689 0-1.081-.581-1.983-1.782-1.983-1.413 0-2.548 1.462-2.548 3.419 0 1.247.421 2.091.421 2.091l-1.699 7.199c-.505 2.137-.076 4.755-.039 5.019.021.158.223.196.314.077.13-.17 1.813-2.247 2.384-4.324.162-.587.929-3.631.929-3.631.46.876 1.801 1.646 3.227 1.646 4.247 0 7.128-3.871 7.128-9.053.003-3.918-3.317-7.568-8.361-7.568z\"\/><\/svg><\/span><\/a><a aria-label=\"Whatsapp\" class=\"heateor_sss_whatsapp\" href=\"https:\/\/api.whatsapp.com\/send?text=Federalismo%20e%20pandemia.%20Cosa%20si%20pu%C3%B2%20imparare%20dal%20Brasile%20https%3A%2F%2Fwww.lacostituzione.info%2Findex.php%2F2020%2F04%2F29%2Ffederalismo-e-pandemia-cosa-si-puo-imparare-dal-brasile%2F\" title=\"Whatsapp\" rel=\"nofollow noopener\" target=\"_blank\" style=\"font-size:32px!important;box-shadow:none;display:inline-block;vertical-align:middle\"><span class=\"heateor_sss_svg\" style=\"background-color:#55eb4c;width:35px;height:35px;display:inline-block;opacity:1;float:left;font-size:32px;box-shadow:none;display:inline-block;font-size:16px;padding:0 4px;vertical-align:middle;background-repeat:repeat;overflow:hidden;padding:0;cursor:pointer;box-sizing:content-box\"><svg style=\"display:block;\" focusable=\"false\" aria-hidden=\"true\" xmlns=\"http:\/\/www.w3.org\/2000\/svg\" width=\"100%\" height=\"100%\" viewBox=\"-6 -5 40 40\"><path class=\"heateor_sss_svg_stroke heateor_sss_no_fill\" stroke=\"#fff\" stroke-width=\"2\" fill=\"none\" d=\"M 11.579798566743314 24.396926207859085 A 10 10 0 1 0 6.808479557110079 20.73576436351046\"><\/path><path d=\"M 7 19 l -1 6 l 6 -1\" class=\"heateor_sss_no_fill heateor_sss_svg_stroke\" stroke=\"#fff\" stroke-width=\"2\" fill=\"none\"><\/path><path d=\"M 10 10 q -1 8 8 11 c 5 -1 0 -6 -1 -3 q -4 -3 -5 -5 c 4 -2 -1 -5 -1 -4\" fill=\"#fff\"><\/path><\/svg><\/span><\/a><\/div><div class=\"heateorSssClear\"><\/div><\/div><div class='heateorSssClear'><\/div>","protected":false},"author":1,"featured_media":0,"comment_status":"open","ping_status":"open","sticky":false,"template":"","format":"standard","meta":{"jetpack_post_was_ever_published":false,"_jetpack_newsletter_access":"","_jetpack_dont_email_post_to_subs":false,"_jetpack_newsletter_tier_id":0,"_jetpack_memberships_contains_paywalled_content":false,"_jetpack_memberships_contains_paid_content":false,"footnotes":"","jetpack_publicize_message":"","jetpack_publicize_feature_enabled":true,"jetpack_social_post_already_shared":false,"jetpack_social_options":{"image_generator_settings":{"template":"highway","default_image_id":0,"enabled":false},"version":2}},"categories":[12],"tags":[35,1504,1007],"class_list":["post-7090","post","type-post","status-publish","format-standard","hentry","category-editoriale","tag-autonomia","tag-brasile","tag-virus"],"jetpack_publicize_connections":[],"jetpack_featured_media_url":"","jetpack_shortlink":"https:\/\/wp.me\/p84sDq-1Qm","jetpack_likes_enabled":true,"jetpack_sharing_enabled":true,"_links":{"self":[{"href":"https:\/\/www.lacostituzione.info\/index.php\/wp-json\/wp\/v2\/posts\/7090","targetHints":{"allow":["GET"]}}],"collection":[{"href":"https:\/\/www.lacostituzione.info\/index.php\/wp-json\/wp\/v2\/posts"}],"about":[{"href":"https:\/\/www.lacostituzione.info\/index.php\/wp-json\/wp\/v2\/types\/post"}],"author":[{"embeddable":true,"href":"https:\/\/www.lacostituzione.info\/index.php\/wp-json\/wp\/v2\/users\/1"}],"replies":[{"embeddable":true,"href":"https:\/\/www.lacostituzione.info\/index.php\/wp-json\/wp\/v2\/comments?post=7090"}],"version-history":[{"count":0,"href":"https:\/\/www.lacostituzione.info\/index.php\/wp-json\/wp\/v2\/posts\/7090\/revisions"}],"wp:attachment":[{"href":"https:\/\/www.lacostituzione.info\/index.php\/wp-json\/wp\/v2\/media?parent=7090"}],"wp:term":[{"taxonomy":"category","embeddable":true,"href":"https:\/\/www.lacostituzione.info\/index.php\/wp-json\/wp\/v2\/categories?post=7090"},{"taxonomy":"post_tag","embeddable":true,"href":"https:\/\/www.lacostituzione.info\/index.php\/wp-json\/wp\/v2\/tags?post=7090"}],"curies":[{"name":"wp","href":"https:\/\/api.w.org\/{rel}","templated":true}]}}