{"id":7119,"date":"2020-05-08T16:02:54","date_gmt":"2020-05-08T14:02:54","guid":{"rendered":"http:\/\/www.lacostituzione.info\/?p=7119"},"modified":"2020-05-08T16:02:56","modified_gmt":"2020-05-08T14:02:56","slug":"il-diritto-dellemergenza-e-lemergenza-del-linguaggio-normativo-il-caso-dei-congiunti","status":"publish","type":"post","link":"https:\/\/www.lacostituzione.info\/index.php\/2020\/05\/08\/il-diritto-dellemergenza-e-lemergenza-del-linguaggio-normativo-il-caso-dei-congiunti\/","title":{"rendered":"Il diritto dell\u2019emergenza e l\u2019emergenza del linguaggio normativo: il caso dei \u201ccongiunti\u201d"},"content":{"rendered":"\n<p style=\"text-align: center;\"><a href=\"http:\/\/www.lacostituzione.info\/wp-content\/uploads\/2020\/05\/voabolario.jpg\"><img loading=\"lazy\" decoding=\"async\" data-attachment-id=\"7120\" data-permalink=\"https:\/\/www.lacostituzione.info\/index.php\/2020\/05\/08\/il-diritto-dellemergenza-e-lemergenza-del-linguaggio-normativo-il-caso-dei-congiunti\/voabolario\/#main\" data-orig-file=\"https:\/\/www.lacostituzione.info\/wp-content\/uploads\/2020\/05\/voabolario.jpg\" data-orig-size=\"300,255\" data-comments-opened=\"1\" data-image-meta=\"{&quot;aperture&quot;:&quot;0&quot;,&quot;credit&quot;:&quot;&quot;,&quot;camera&quot;:&quot;&quot;,&quot;caption&quot;:&quot;&quot;,&quot;created_timestamp&quot;:&quot;0&quot;,&quot;copyright&quot;:&quot;&quot;,&quot;focal_length&quot;:&quot;0&quot;,&quot;iso&quot;:&quot;0&quot;,&quot;shutter_speed&quot;:&quot;0&quot;,&quot;title&quot;:&quot;&quot;,&quot;orientation&quot;:&quot;0&quot;}\" data-image-title=\"voabolario\" data-image-description=\"\" data-image-caption=\"\" data-medium-file=\"https:\/\/www.lacostituzione.info\/wp-content\/uploads\/2020\/05\/voabolario-300x255.jpg\" data-large-file=\"https:\/\/www.lacostituzione.info\/wp-content\/uploads\/2020\/05\/voabolario.jpg\" class=\"aligncenter size-thumbnail wp-image-7120\" src=\"http:\/\/www.lacostituzione.info\/wp-content\/uploads\/2020\/05\/voabolario-150x150.jpg\" alt=\"\" width=\"150\" height=\"150\" \/><\/a>di <strong>Vera Gheno<\/strong><a href=\"#_ftn1\" name=\"_ftnref1\">*<\/a> &#8211; <strong>Alessandro Morelli<\/strong><a href=\"#_ftn2\" name=\"_ftnref2\">*<\/a>*<\/p>\n<p>L\u2019emergenza sanitaria ha prodotto, in pochi mesi, una mole spaventosa di provvedimenti restrittivi delle libert\u00e0 costituzionali. Tutti i livelli territoriali di governo concorrono quotidianamente ad alimentare un flusso continuo di previsioni normative non sempre chiare e talora contraddittorie tra loro:<!--more--> con la conseguenza che il cittadino che tenta di orientarsi nella selva di decreti e ordinanze in materia di coronavirus somiglia sempre pi\u00f9 al protagonista di quel racconto di Franz Kafka che, dopo aver atteso per anni dinanzi alla porta del palazzo in cui dimora la legge, inaccessibile per la presenza di un guardiano che gli sbarra l\u2019ingresso, alla domanda sul perch\u00e9 in tutto quel tempo nessun altro abbia mai provato ad entrare, si sente rispondere che sarebbe stato inutile perch\u00e9 quell\u2019accesso era destinato soltanto a lui.<\/p>\n<p>Allo stesso modo, le norme che dovrebbero fornire le coordinate all\u2019agire dei cittadini in questo difficile momento, e che dovrebbero essere elaborate proprio per essere da questi ultimi comprese e applicate agevolmente, finiscono con il comporre un quadro caotico, a fronte del quale sembra non restare altra soluzione che quella di chiedere lumi alle forze dell\u2019ordine chiamate a vigilare sul rispetto di tali regole, alla cui libera interpretazione \u00e8 rimessa, in definitiva, la delimitazione dei nostri spazi di libert\u00e0.<\/p>\n<p>La tipologia testuale concepita da Francesco Sabatini \u00e8 un <em>continuum<\/em> che va dall\u2019estremo dei testi altamente vincolanti, <em>massimamente rigidi ed espliciti<\/em>, a quello dei testi poco vincolanti, <em>massimamente elastici e impliciti<\/em>. Al primo polo troviamo, come esempio, i testi scientifici, i testi tecnici e i testi giuridici normativi; e a proposito di questi, Letizia Lala, nella scheda da lei redatta per l\u2019Enciclopedia dell\u2019italiano Treccani e dedicata ai <a href=\"http:\/\/www.treccani.it\/enciclopedia\/tipi-di-testo_(Enciclopedia-dell'Italiano)\/\">tipi di testo<\/a>, scrive:<\/p>\n<p>il ragionamento contenuto nei testi normativi [..] \u00e8 manifestazione di una volont\u00e0 e non deve dimostrare o spiegare, ma imporre degli obblighi. Per ottenere questo, deve risultare chiaro e univoco. Chiarezza e univocit\u00e0 che si ottengono grazie al fatto di essere assolutamente coerente, fondato su un linguaggio rigidamente codificato e definito, articolato in blocchi gerarchicamente ordinati. Anche per questo tipo di testi al grande rigore corrisponde un forte vincolo interpretativo per il destinatario.<\/p>\n<p>Dunque, il testo giuridico normativo vincola la sua forma nel senso che, almeno in linea teorica, la sua finalit\u00e0 di imporre degli obblighi obbligherebbe <em>de facto<\/em> il suo redattore a essere \u201cchiaro e univoco\u201d, \u201cassolutamente coerente\u201d, \u201cfondato su un linguaggio rigidamente codificato e definito\u201d in modo da non dare adito a interpretazioni differenti; ponendo, insomma, un \u201cforte vincolo interpretativo\u201d al destinatario del testo.<\/p>\n<p>Ci\u00f2 che \u00e8 successo nelle ultime settimane con i vari DPCM \u2013 sigla a sua volta oscura a una parte degli italiani \u2013 sembra discostarsi nettamente dalla forma e dalle finalit\u00e0 che dovrebbe avere un testo di quel genere; tanto che in coda alle varie versioni del decreto \u00e8 stato necessario proporre delle vere e proprie FAQ \u2013 o <em>frequently asked questions<\/em>, \u2018domande poste di frequente\u2019 \u2013 per chiarirne il significato. Ora, per quanto si possa comprendere che si sia trattato di misure urgenti, e quindi sia tollerabile un certo grado di imperfezione formale, rimane comunque singolare che un <em>set<\/em> di istruzioni rivolto indistintamente a tutta la popolazione italiana richieda una \u201cglossa\u201d per essere compreso. A quanto pare, il vizio dell\u2019Azzeccagarbugli di manzoniana memoria non \u00e8 ancora passato di moda.<\/p>\n<p>Ma c\u2019\u00e8 di pi\u00f9. L\u2019antico principio giuridico \u2013 riconosciuto espressamente dall\u2019art. 5 del codice penale \u2013 secondo cui l\u2019ignoranza del diritto non discolpa (<em>ignorantia legis non excusat<\/em>) difficilmente potrebbe trovare una pacifica applicazione in un simile contesto. In una sua storica sentenza, la Corte costituzionale ha chiarito, infatti, che deve ritenersi giustificabile, e dunque scusabile, l\u2019ignoranza del diritto incolpevole, inevitabile, precisando che l&#8217;inevitabilit\u00e0 dell&#8217;errore sul divieto (e, conseguentemente, l&#8217;esclusione della colpevolezza) non va misurata alla stregua di criteri c.d. soggettivi puri (ossia di parametri che valutino i dati influenti sulla conoscenza del precetto esclusivamente alla luce delle specifiche caratteristiche personali dell\u2019agente) bens\u00ec secondo criteri oggettivi: ed anzitutto in base a criteri (c.d. oggettivi puri) secondo i quali l\u2019errore sul precetto \u00e8 inevitabile nei casi d\u2019impossibilit\u00e0 di conoscenza della legge penale da parte d\u2019ogni consociato. Tali casi attengono, per lo pi\u00f9, alla (oggettiva) mancanza di riconoscibilit\u00e0 della disposizione normativa (ad es. assoluta oscurit\u00e0 del testo legislativo) oppure ad un gravemente caotico [\u2026] atteggiamento interpretativo degli organi giudiziari ecc. (sentenza n. 364 del 1988).<\/p>\n<p>Anche nelle attuali circostanze potrebbe invocarsi probabilmente una situazione d\u2019ignoranza scusabile. La preoccupazione che ci\u00f2 avvenga ha forse spinto chi ha redatto i moduli per l\u2019autocertificazione da esibire alle forze dell\u2019ordine in caso di spostamenti a introdurre negli stessi la dichiarazione di essere a conoscenza delle vigenti misure di contenimento del contagio. Una soluzione che, per\u00f2, non appare sufficiente. Ammesso pure che una conoscenza del genere sia esigibile, considerata la quantit\u00e0 di provvedimenti adottati quotidianamente dal Governo, dalle Regioni e dai Sindaci, la mera consapevolezza del fatto che un nuovo decreto sia entrato in vigore non dovrebbe consentire la sanzionabilit\u00e0 del trasgressore se il contenuto del decreto stesso \u00e8 oscuro o se si pone in contrasto con un provvedimento emesso da un ente di livello superiore.<\/p>\n<p>Un caso esemplare, tra i molti, dell\u2019attuale livello di confusione, peraltro particolarmente sentito dalle persone, soprattutto dopo due mesi di <em>lockdown<\/em> (o clausura, serrata, isolamento domiciliare preventivo, ecc.), \u00e8 quello provocato dall\u2019uso del termine <em>congiunti<\/em> per delimitare il perimetro delle persone con cui potersi incontrare (sempre con le dovute cautele) nella famosa \u201cfase 2\u201d, iniziata il 4 maggio 2020. Prima che uscissero le spiegazioni alla definizione, l\u2019Italia si \u00e8 interrogata su cosa indicasse la parola <em>congiunti<\/em>. Se andiamo a prendere un dizionario dell\u2019uso \u2013 ad esempio, lo Zingarelli 2020 \u2013 alla voce <em>congiunto<\/em> troviamo scritto che il termine \u00e8 prima di tutto aggettivo con il significato di \u2018unito, fatto in comune con altri, concordato\u2019, e che in ambito letterario tale aggettivo pu\u00f2 significare \u2018legato da parentela, amicizia e simili\u2019. In secondo luogo, <em>congiunto<\/em> \u00e8 un sostantivo e, usato in questa maniera, significa \u2018parente\u2019. Dunque, a una prima lettura, \u201cda vocabolario dell\u2019uso\u201d, che del resto \u00e8 il passaggio pi\u00f9 immediato che una persona pu\u00f2 fare per cercare di comprendere meglio il significato di una parola, il termine usato limiterebbe la possibilit\u00e0 di frequentazione ai soli parenti ossia a \u2018chi \u00e8 unito a un\u2019altra persona da vincoli di parentela\u2019 (sempre definizione di vocabolario sincronico).<\/p>\n<p>Questa prima interpretazione, come \u00e8 comprensibile, ha gettato molti nello sconforto, dato che parrebbe escludere dal novero delle persone frequentabili tutti i non-parenti. I chiarimenti del Governo, usciti successivamente, hanno specificato:<\/p>\n<p>L\u2019ambito cui pu\u00f2 riferirsi la dizione \u201ccongiunti\u201d pu\u00f2 indirettamente ricavarsi, sistematicamente, dalle norme sulla parentela e affinit\u00e0, nonch\u00e9 dalla giurisprudenza in tema di responsabilit\u00e0 civile. Alla luce di questi riferimenti, deve ritenersi che i \u201ccongiunti\u201d cui fa riferimento il DPCM ricomprendano: i coniugi, i partner conviventi, i partner delle unioni civili, le persone che sono legate da uno stabile legame affettivo, nonch\u00e9 i parenti fino al sesto grado (come, per esempio, i figli dei cugini tra loro) e gli affini fino al quarto grado (come, per esempio, i cugini del coniuge).<\/p>\n<p>A parte la formulazione del chiarimento (\u201cpu\u00f2 indirettamente ricavarsi, sistematicamente\u2026\u201d), la discussione si \u00e8 inevitabilmente spostata sulla definizione \u201cstabile legame affettivo\u201d; gli amici, per esempio, non rientrano in questa definizione. E due amanti non sono forse legati da uno \u201cstabile legame affettivo?\u201d. A molti continua a sfuggire il motivo per cui sarebbe pi\u00f9 giustificato frequentare i cugini del coniuge piuttosto che il proprio migliore amico. Alcuni, come <a href=\"https:\/\/www.youtrend.it\/2020\/05\/03\/amici-congiunti-differenza-teoria-delle-reti-immuni\/?fbclid=IwAR2Rh3kVFg1FHaNTEj8EQkMHs4EUm78lJzkgTvVvCfy9OPmsHQVUr1UtSlk\">Pietro Battiston<\/a>, hanno affermato che limitare le frequentazioni ai soli congiunti ha senso perch\u00e9 \u00e8 un modo per \u201cspezzettare\u201d le reti sociali e cos\u00ec limitare le possibilit\u00e0 di trasmissione del contagio. Anche qualora si condivida il fine, il mezzo scelto \u00e8 per\u00f2 discutibile.<\/p>\n<p>Si \u00e8 dubitato, innanzitutto, della legittimit\u00e0 costituzionale di tale previsione: <a href=\"https:\/\/www.adnkronos.com\/fatti\/politica\/2020\/04\/27\/baldassarre-dpcm-tutto-incostituzionale_NCkg79J8eVOblBGG6m3byH.html?refresh_ce\" class=\"broken_link\">Antonio Baldassarre<\/a>, ad esempio, ha notato che il termine \u201ccongiunti\u201d escluderebbe gli amici, rivelando un \u201cpregiudizio familistico\u201d e penalizzando in modo incostituzionale chi sia legato da un rapporto affettivo diverso da quelli rientranti nella classica famiglia. Una discriminazione ancor pi\u00f9 intollerabile in un ordinamento improntato al principio di solidariet\u00e0 (che si estende ben oltre le relazioni tra parenti e affini), riconosciuto espressamente dall\u2019art. 2 della Costituzione, ma desumibile dall\u2019intera trama normativa della Carta repubblicana.<\/p>\n<p>Il riferimento contenuto nelle FAQ del Governo rivela, peraltro, l\u2019incongruenza della trasposizione in un contesto molto diverso \u2013 quello delle misure emergenziali di contenimento del contagio \u2013 di una terminologia elaborata nell\u2019ambito della giurisprudenza in tema di responsabilit\u00e0 civile. I chiarimenti forniti dall\u2019autorit\u00e0 finiscono, dunque, con l\u2019incrementare, anzich\u00e9 ridurre, la confusione.<\/p>\n<p>Volendo fare una puntuale polemica linguistica, si potrebbe ricorrere a un dizionario storico dell\u2019italiano, come per esempio Il Grande Dizionario della Lingua Italiana, meglio noto come \u201cil Battaglia\u201d, e rifarsi ai vari significati che l\u2019aggettivo <em>congiunto<\/em> ha avuto nel corso della storia della nostra lingua (il sostantivo, ahinoi, \u00e8 anche storicamente limitato al significato di <em>parente <\/em>e <em>consanguineo<\/em>): \u201cprossimo, vicino\u201d, \u201clegato assieme da un rapporto necessario\u201d, \u201caccompagnato, accoppiato\u201d, \u201cunito nell\u2019atto sessuale\u201d, \u201ccollegato, alleato, confederato\u201d, \u201cannesso\u201d. C\u2019\u00e8 solo l\u2019imbarazzo della scelta, a voler cavillare. Ma ricordiamoci, sempre e solo se usiamo il termine come aggettivo.<\/p>\n<p>Battute linguistiche a parte, \u00e8 comunque molto difficile tradurre in norma una misura che potrebbe essere di mero buon senso come \u201cfrequentate, con le dovute precauzioni, le persone alle quali siete pi\u00f9 legati, indipendentemente dallo stato giuridico del vostro legame\u201d; ma l\u2019indice di iperburocratizzazione e ipernormazione al quale spesso arriviamo nel nostro Paese \u00e8 indizio della scarsa fiducia che il Governo ha nei confronti dei suoi cittadini (rispecchiata, del resto, dalla scarsa fiducia che i cittadini hanno per il Governo). Dunque, per quanto sia comprensibile il bisogno di creare una misura che renda punibili i trasgressori \u2013 ne va della salute pubblica, del resto \u2013 rimane l\u2019interrogativo se davvero fosse impossibile legiferare altrimenti. Tullio De Mauro ci ha insegnato che non c\u2019\u00e8 cosa che, con un certo sforzo, non si possa dire in maniera semplice, chiara e precisa. Certo, occorre volerlo.<\/p>\n<p><a href=\"#_ftnref1\" name=\"_ftn1\">*<\/a> Sociolinguista e traduttrice.<\/p>\n<p><a href=\"#_ftnref2\" name=\"_ftn2\">*<\/a>* Ordinario di Istituzioni di diritto pubblico, Universit\u00e0 di Catanzaro.<\/p>\n","protected":false},"excerpt":{"rendered":"<p>di Vera Gheno* &#8211; Alessandro Morelli** L\u2019emergenza sanitaria ha prodotto, in pochi mesi, una mole spaventosa di provvedimenti restrittivi delle libert\u00e0 costituzionali. Tutti i livelli territoriali di governo concorrono quotidianamente ad alimentare un flusso continuo di previsioni normative non sempre chiare e talora contraddittorie tra loro:<\/p>\n<div class='heateorSssClear'><\/div><div  class='heateor_sss_sharing_container heateor_sss_horizontal_sharing' data-heateor-sss-href='https:\/\/www.lacostituzione.info\/index.php\/2020\/05\/08\/il-diritto-dellemergenza-e-lemergenza-del-linguaggio-normativo-il-caso-dei-congiunti\/'><div class='heateor_sss_sharing_title' style=\"font-weight:bold\" >Condividi!<\/div><div class=\"heateor_sss_sharing_ul\"><a aria-label=\"Facebook\" class=\"heateor_sss_facebook\" href=\"https:\/\/www.facebook.com\/sharer\/sharer.php?u=https%3A%2F%2Fwww.lacostituzione.info%2Findex.php%2F2020%2F05%2F08%2Fil-diritto-dellemergenza-e-lemergenza-del-linguaggio-normativo-il-caso-dei-congiunti%2F\" title=\"Facebook\" rel=\"nofollow noopener\" target=\"_blank\" style=\"font-size:32px!important;box-shadow:none;display:inline-block;vertical-align:middle\"><span class=\"heateor_sss_svg\" style=\"background-color:#0765FE;width:35px;height:35px;display:inline-block;opacity:1;float:left;font-size:32px;box-shadow:none;display:inline-block;font-size:16px;padding:0 4px;vertical-align:middle;background-repeat:repeat;overflow:hidden;padding:0;cursor:pointer;box-sizing:content-box\"><svg style=\"display:block;\" focusable=\"false\" aria-hidden=\"true\" xmlns=\"http:\/\/www.w3.org\/2000\/svg\" width=\"100%\" height=\"100%\" viewBox=\"0 0 32 32\"><path fill=\"#fff\" d=\"M28 16c0-6.627-5.373-12-12-12S4 9.373 4 16c0 5.628 3.875 10.35 9.101 11.647v-7.98h-2.474V16H13.1v-1.58c0-4.085 1.849-5.978 5.859-5.978.76 0 2.072.15 2.608.298v3.325c-.283-.03-.775-.045-1.386-.045-1.967 0-2.728.745-2.728 2.683V16h3.92l-.673 3.667h-3.247v8.245C23.395 27.195 28 22.135 28 16Z\"><\/path><\/svg><\/span><\/a><a aria-label=\"Twitter\" class=\"heateor_sss_button_twitter\" href=\"https:\/\/twitter.com\/intent\/tweet?text=Il%20diritto%20dell%E2%80%99emergenza%20e%20l%E2%80%99emergenza%20del%20linguaggio%20normativo%3A%20il%20caso%20dei%20%E2%80%9Ccongiunti%E2%80%9D&url=https%3A%2F%2Fwww.lacostituzione.info%2Findex.php%2F2020%2F05%2F08%2Fil-diritto-dellemergenza-e-lemergenza-del-linguaggio-normativo-il-caso-dei-congiunti%2F\" title=\"Twitter\" rel=\"nofollow noopener\" target=\"_blank\" style=\"font-size:32px!important;box-shadow:none;display:inline-block;vertical-align:middle\"><span class=\"heateor_sss_svg heateor_sss_s__default heateor_sss_s_twitter\" style=\"background-color:#55acee;width:35px;height:35px;display:inline-block;opacity:1;float:left;font-size:32px;box-shadow:none;display:inline-block;font-size:16px;padding:0 4px;vertical-align:middle;background-repeat:repeat;overflow:hidden;padding:0;cursor:pointer;box-sizing:content-box\"><svg style=\"display:block;\" focusable=\"false\" aria-hidden=\"true\" xmlns=\"http:\/\/www.w3.org\/2000\/svg\" width=\"100%\" height=\"100%\" viewBox=\"-4 -4 39 39\"><path d=\"M28 8.557a9.913 9.913 0 0 1-2.828.775 4.93 4.93 0 0 0 2.166-2.725 9.738 9.738 0 0 1-3.13 1.194 4.92 4.92 0 0 0-3.593-1.55 4.924 4.924 0 0 0-4.794 6.049c-4.09-.21-7.72-2.17-10.15-5.15a4.942 4.942 0 0 0-.665 2.477c0 1.71.87 3.214 2.19 4.1a4.968 4.968 0 0 1-2.23-.616v.06c0 2.39 1.7 4.38 3.952 4.83-.414.115-.85.174-1.297.174-.318 0-.626-.03-.928-.086a4.935 4.935 0 0 0 4.6 3.42 9.893 9.893 0 0 1-6.114 2.107c-.398 0-.79-.023-1.175-.068a13.953 13.953 0 0 0 7.55 2.213c9.056 0 14.01-7.507 14.01-14.013 0-.213-.005-.426-.015-.637.96-.695 1.795-1.56 2.455-2.55z\" fill=\"#fff\"><\/path><\/svg><\/span><\/a><a aria-label=\"Reddit\" class=\"heateor_sss_button_reddit\" href=\"https:\/\/reddit.com\/submit?url=https%3A%2F%2Fwww.lacostituzione.info%2Findex.php%2F2020%2F05%2F08%2Fil-diritto-dellemergenza-e-lemergenza-del-linguaggio-normativo-il-caso-dei-congiunti%2F&title=Il%20diritto%20dell%E2%80%99emergenza%20e%20l%E2%80%99emergenza%20del%20linguaggio%20normativo%3A%20il%20caso%20dei%20%E2%80%9Ccongiunti%E2%80%9D\" title=\"Reddit\" rel=\"nofollow noopener\" target=\"_blank\" style=\"font-size:32px!important;box-shadow:none;display:inline-block;vertical-align:middle\"><span class=\"heateor_sss_svg heateor_sss_s__default heateor_sss_s_reddit\" style=\"background-color:#ff5700;width:35px;height:35px;display:inline-block;opacity:1;float:left;font-size:32px;box-shadow:none;display:inline-block;font-size:16px;padding:0 4px;vertical-align:middle;background-repeat:repeat;overflow:hidden;padding:0;cursor:pointer;box-sizing:content-box\"><svg style=\"display:block;\" focusable=\"false\" aria-hidden=\"true\" xmlns=\"http:\/\/www.w3.org\/2000\/svg\" width=\"100%\" height=\"100%\" viewBox=\"-3.5 -3.5 39 39\"><path d=\"M28.543 15.774a2.953 2.953 0 0 0-2.951-2.949 2.882 2.882 0 0 0-1.9.713 14.075 14.075 0 0 0-6.85-2.044l1.38-4.349 3.768.884a2.452 2.452 0 1 0 .24-1.176l-4.274-1a.6.6 0 0 0-.709.4l-1.659 5.224a14.314 14.314 0 0 0-7.316 2.029 2.908 2.908 0 0 0-1.872-.681 2.942 2.942 0 0 0-1.618 5.4 5.109 5.109 0 0 0-.062.765c0 4.158 5.037 7.541 11.229 7.541s11.22-3.383 11.22-7.541a5.2 5.2 0 0 0-.053-.706 2.963 2.963 0 0 0 1.427-2.51zm-18.008 1.88a1.753 1.753 0 0 1 1.73-1.74 1.73 1.73 0 0 1 1.709 1.74 1.709 1.709 0 0 1-1.709 1.711 1.733 1.733 0 0 1-1.73-1.711zm9.565 4.968a5.573 5.573 0 0 1-4.081 1.272h-.032a5.576 5.576 0 0 1-4.087-1.272.6.6 0 0 1 .844-.854 4.5 4.5 0 0 0 3.238.927h.032a4.5 4.5 0 0 0 3.237-.927.6.6 0 1 1 .844.854zm-.331-3.256a1.726 1.726 0 1 1 1.709-1.712 1.717 1.717 0 0 1-1.712 1.712z\" fill=\"#fff\"\/><\/svg><\/span><\/a><a aria-label=\"Linkedin\" class=\"heateor_sss_button_linkedin\" href=\"https:\/\/www.linkedin.com\/sharing\/share-offsite\/?url=https%3A%2F%2Fwww.lacostituzione.info%2Findex.php%2F2020%2F05%2F08%2Fil-diritto-dellemergenza-e-lemergenza-del-linguaggio-normativo-il-caso-dei-congiunti%2F\" title=\"Linkedin\" rel=\"nofollow noopener\" target=\"_blank\" style=\"font-size:32px!important;box-shadow:none;display:inline-block;vertical-align:middle\"><span class=\"heateor_sss_svg heateor_sss_s__default heateor_sss_s_linkedin\" style=\"background-color:#0077b5;width:35px;height:35px;display:inline-block;opacity:1;float:left;font-size:32px;box-shadow:none;display:inline-block;font-size:16px;padding:0 4px;vertical-align:middle;background-repeat:repeat;overflow:hidden;padding:0;cursor:pointer;box-sizing:content-box\"><svg style=\"display:block;\" focusable=\"false\" aria-hidden=\"true\" xmlns=\"http:\/\/www.w3.org\/2000\/svg\" width=\"100%\" height=\"100%\" viewBox=\"0 0 32 32\"><path d=\"M6.227 12.61h4.19v13.48h-4.19V12.61zm2.095-6.7a2.43 2.43 0 0 1 0 4.86c-1.344 0-2.428-1.09-2.428-2.43s1.084-2.43 2.428-2.43m4.72 6.7h4.02v1.84h.058c.56-1.058 1.927-2.176 3.965-2.176 4.238 0 5.02 2.792 5.02 6.42v7.395h-4.183v-6.56c0-1.564-.03-3.574-2.178-3.574-2.18 0-2.514 1.7-2.514 3.46v6.668h-4.187V12.61z\" fill=\"#fff\"><\/path><\/svg><\/span><\/a><a aria-label=\"Pinterest\" class=\"heateor_sss_button_pinterest\" href=\"https:\/\/www.lacostituzione.info\/index.php\/2020\/05\/08\/il-diritto-dellemergenza-e-lemergenza-del-linguaggio-normativo-il-caso-dei-congiunti\/\" onclick=\"event.preventDefault();javascript:void( (function() {var e=document.createElement('script' );e.setAttribute('type','text\/javascript' );e.setAttribute('charset','UTF-8' );e.setAttribute('src','\/\/assets.pinterest.com\/js\/pinmarklet.js?r='+Math.random()*99999999);document.body.appendChild(e)})());\" title=\"Pinterest\" rel=\"noopener\" style=\"font-size:32px!important;box-shadow:none;display:inline-block;vertical-align:middle\"><span class=\"heateor_sss_svg heateor_sss_s__default heateor_sss_s_pinterest\" style=\"background-color:#cc2329;width:35px;height:35px;display:inline-block;opacity:1;float:left;font-size:32px;box-shadow:none;display:inline-block;font-size:16px;padding:0 4px;vertical-align:middle;background-repeat:repeat;overflow:hidden;padding:0;cursor:pointer;box-sizing:content-box\"><svg style=\"display:block;\" focusable=\"false\" aria-hidden=\"true\" xmlns=\"http:\/\/www.w3.org\/2000\/svg\" width=\"100%\" height=\"100%\" viewBox=\"-2 -2 35 35\"><path fill=\"#fff\" d=\"M16.539 4.5c-6.277 0-9.442 4.5-9.442 8.253 0 2.272.86 4.293 2.705 5.046.303.125.574.005.662-.33.061-.231.205-.816.27-1.06.088-.331.053-.447-.191-.736-.532-.627-.873-1.439-.873-2.591 0-3.338 2.498-6.327 6.505-6.327 3.548 0 5.497 2.168 5.497 5.062 0 3.81-1.686 7.025-4.188 7.025-1.382 0-2.416-1.142-2.085-2.545.397-1.674 1.166-3.48 1.166-4.689 0-1.081-.581-1.983-1.782-1.983-1.413 0-2.548 1.462-2.548 3.419 0 1.247.421 2.091.421 2.091l-1.699 7.199c-.505 2.137-.076 4.755-.039 5.019.021.158.223.196.314.077.13-.17 1.813-2.247 2.384-4.324.162-.587.929-3.631.929-3.631.46.876 1.801 1.646 3.227 1.646 4.247 0 7.128-3.871 7.128-9.053.003-3.918-3.317-7.568-8.361-7.568z\"\/><\/svg><\/span><\/a><a aria-label=\"Whatsapp\" class=\"heateor_sss_whatsapp\" href=\"https:\/\/api.whatsapp.com\/send?text=Il%20diritto%20dell%E2%80%99emergenza%20e%20l%E2%80%99emergenza%20del%20linguaggio%20normativo%3A%20il%20caso%20dei%20%E2%80%9Ccongiunti%E2%80%9D%20https%3A%2F%2Fwww.lacostituzione.info%2Findex.php%2F2020%2F05%2F08%2Fil-diritto-dellemergenza-e-lemergenza-del-linguaggio-normativo-il-caso-dei-congiunti%2F\" title=\"Whatsapp\" rel=\"nofollow noopener\" target=\"_blank\" style=\"font-size:32px!important;box-shadow:none;display:inline-block;vertical-align:middle\"><span class=\"heateor_sss_svg\" style=\"background-color:#55eb4c;width:35px;height:35px;display:inline-block;opacity:1;float:left;font-size:32px;box-shadow:none;display:inline-block;font-size:16px;padding:0 4px;vertical-align:middle;background-repeat:repeat;overflow:hidden;padding:0;cursor:pointer;box-sizing:content-box\"><svg style=\"display:block;\" focusable=\"false\" aria-hidden=\"true\" xmlns=\"http:\/\/www.w3.org\/2000\/svg\" width=\"100%\" height=\"100%\" viewBox=\"-6 -5 40 40\"><path class=\"heateor_sss_svg_stroke heateor_sss_no_fill\" stroke=\"#fff\" stroke-width=\"2\" fill=\"none\" d=\"M 11.579798566743314 24.396926207859085 A 10 10 0 1 0 6.808479557110079 20.73576436351046\"><\/path><path d=\"M 7 19 l -1 6 l 6 -1\" class=\"heateor_sss_no_fill heateor_sss_svg_stroke\" stroke=\"#fff\" stroke-width=\"2\" fill=\"none\"><\/path><path d=\"M 10 10 q -1 8 8 11 c 5 -1 0 -6 -1 -3 q -4 -3 -5 -5 c 4 -2 -1 -5 -1 -4\" fill=\"#fff\"><\/path><\/svg><\/span><\/a><\/div><div class=\"heateorSssClear\"><\/div><\/div><div class='heateorSssClear'><\/div>","protected":false},"author":12,"featured_media":0,"comment_status":"open","ping_status":"open","sticky":false,"template":"","format":"standard","meta":{"jetpack_post_was_ever_published":false,"_jetpack_newsletter_access":"","_jetpack_dont_email_post_to_subs":false,"_jetpack_newsletter_tier_id":0,"_jetpack_memberships_contains_paywalled_content":false,"_jetpack_memberships_contains_paid_content":false,"footnotes":"","jetpack_publicize_message":"","jetpack_publicize_feature_enabled":true,"jetpack_social_post_already_shared":false,"jetpack_social_options":{"image_generator_settings":{"template":"highway","default_image_id":0,"enabled":false},"version":2}},"categories":[5],"tags":[1500,1007],"class_list":["post-7119","post","type-post","status-publish","format-standard","hentry","category-lavori-in-corso","tag-dpcm","tag-virus"],"jetpack_publicize_connections":[],"jetpack_featured_media_url":"","jetpack_shortlink":"https:\/\/wp.me\/p84sDq-1QP","jetpack_likes_enabled":true,"jetpack_sharing_enabled":true,"_links":{"self":[{"href":"https:\/\/www.lacostituzione.info\/index.php\/wp-json\/wp\/v2\/posts\/7119","targetHints":{"allow":["GET"]}}],"collection":[{"href":"https:\/\/www.lacostituzione.info\/index.php\/wp-json\/wp\/v2\/posts"}],"about":[{"href":"https:\/\/www.lacostituzione.info\/index.php\/wp-json\/wp\/v2\/types\/post"}],"author":[{"embeddable":true,"href":"https:\/\/www.lacostituzione.info\/index.php\/wp-json\/wp\/v2\/users\/12"}],"replies":[{"embeddable":true,"href":"https:\/\/www.lacostituzione.info\/index.php\/wp-json\/wp\/v2\/comments?post=7119"}],"version-history":[{"count":0,"href":"https:\/\/www.lacostituzione.info\/index.php\/wp-json\/wp\/v2\/posts\/7119\/revisions"}],"wp:attachment":[{"href":"https:\/\/www.lacostituzione.info\/index.php\/wp-json\/wp\/v2\/media?parent=7119"}],"wp:term":[{"taxonomy":"category","embeddable":true,"href":"https:\/\/www.lacostituzione.info\/index.php\/wp-json\/wp\/v2\/categories?post=7119"},{"taxonomy":"post_tag","embeddable":true,"href":"https:\/\/www.lacostituzione.info\/index.php\/wp-json\/wp\/v2\/tags?post=7119"}],"curies":[{"name":"wp","href":"https:\/\/api.w.org\/{rel}","templated":true}]}}