{"id":7159,"date":"2020-05-18T14:42:58","date_gmt":"2020-05-18T12:42:58","guid":{"rendered":"http:\/\/www.lacostituzione.info\/?p=7159"},"modified":"2020-05-18T14:43:00","modified_gmt":"2020-05-18T12:43:00","slug":"la-costituzione-e-il-diritto-al-cibo-ritorno-allanno-domini-1215","status":"publish","type":"post","link":"https:\/\/www.lacostituzione.info\/index.php\/2020\/05\/18\/la-costituzione-e-il-diritto-al-cibo-ritorno-allanno-domini-1215\/","title":{"rendered":"La Costituzione e il diritto al cibo. Ritorno all\u2019anno Domini 1215"},"content":{"rendered":"\n<p style=\"text-align: center;\"><a href=\"http:\/\/www.lacostituzione.info\/wp-content\/uploads\/2020\/05\/bellanova.jpg\"><img loading=\"lazy\" decoding=\"async\" data-attachment-id=\"7160\" data-permalink=\"https:\/\/www.lacostituzione.info\/index.php\/2020\/05\/18\/la-costituzione-e-il-diritto-al-cibo-ritorno-allanno-domini-1215\/bellanova\/#main\" data-orig-file=\"https:\/\/www.lacostituzione.info\/wp-content\/uploads\/2020\/05\/bellanova.jpg\" data-orig-size=\"1024,498\" data-comments-opened=\"1\" data-image-meta=\"{&quot;aperture&quot;:&quot;0&quot;,&quot;credit&quot;:&quot;&quot;,&quot;camera&quot;:&quot;&quot;,&quot;caption&quot;:&quot;&quot;,&quot;created_timestamp&quot;:&quot;0&quot;,&quot;copyright&quot;:&quot;&quot;,&quot;focal_length&quot;:&quot;0&quot;,&quot;iso&quot;:&quot;0&quot;,&quot;shutter_speed&quot;:&quot;0&quot;,&quot;title&quot;:&quot;&quot;,&quot;orientation&quot;:&quot;0&quot;}\" data-image-title=\"bellanova\" data-image-description=\"\" data-image-caption=\"\" data-medium-file=\"https:\/\/www.lacostituzione.info\/wp-content\/uploads\/2020\/05\/bellanova-300x146.jpg\" data-large-file=\"https:\/\/www.lacostituzione.info\/wp-content\/uploads\/2020\/05\/bellanova-1024x498.jpg\" class=\"aligncenter size-thumbnail wp-image-7160\" src=\"http:\/\/www.lacostituzione.info\/wp-content\/uploads\/2020\/05\/bellanova-150x150.jpg\" alt=\"\" width=\"150\" height=\"150\" \/><\/a>di <strong>Andrea Venanzoni<\/strong><\/p>\n<p>In un <em>tweet <\/em>del 17 aprile 2020 la Ministra per le politiche agricole alimentari e forestali, Teresa Bellanova, ha annunciato \u201c<em>la prossima legge per cui varr\u00e0 la pena emozionarsi? Il diritto del cibo in Costituzione. Perch\u00e9 in Italia ci sono tante persone che non possono permettersi il cibo e di questo si deve far carico lo Stato<\/em>\u201d.<!--more--><\/p>\n<p>1. <em>Il diritto al cibo e la Magna Charta Libertatum<\/em>. Per vero, la Ministra aveva anticipato gi\u00e0 questa sua posizione in alcune dichiarazioni rilasciate al quotidiano Avvenire nei primi giorni di aprile, quando a causa del l<em>ockdown<\/em> e della chiusura forzata di attivit\u00e0 commerciali, aziende, uffici privati una vasta parte della popolazione italiana ha sperimentato un impoverimento, o forse meglio a dirsi un immiserimento, che ha minacciato seriamente anche la possibilit\u00e0 di procurarsi primari beni di sussistenza.<\/p>\n<p>E ancora pi\u00f9 per vero, la proposta mi sembra gi\u00e0 emersa nel tentativo di riforma costituzionale Renzi-Boschi che nella modifica dell\u2019articolo 117 Cost. avrebbe importato il riconoscimento, esplicito, della sicurezza alimentare (che \u00e8 comunque cosa diversa, a rigore, rispetto al diritto al cibo <em>tout court<\/em>).<\/p>\n<p>Posso notare che in uno dei primi ricorsi avanti la giustizia amministrativa contro i provvedimenti di <em>lockdown<\/em>, vicenda poi arrivata in Consiglio di Stato (Cons. di Stato, sez. III, 30 marzo 2020, decreto cautelare n. 2825) per l\u2019annullamento di un provvedimento sanzionatorio che aveva imposto una quarantena forzata ad una persona rea di aver violato una disposizione della Regione Calabria sul distanziamento sociale, era venuto in oggetto proprio il diritto al sostentamento alimentare.<\/p>\n<p>Il TAR prima e il Consiglio di Stato poi non avevano ritenuto che la pretesa cautelare meritasse accoglimento sulla base del presupposto che un bene primario come il cibo viene comunque garantito da una serie di provvedimenti normativi tesi a lenire gli effetti del <em>lockdown<\/em>.<\/p>\n<p>C\u2019\u00e8 quindi bisogno davvero di una costituzionalizzazione del diritto al cibo? Sinceramente non mi sembra.<\/p>\n<p>Nel mondo occidentale il diritto al cibo viene riconosciuto, <em>grosso modo<\/em>, a partire dalla <em>Magna Charta Libertatum<\/em> del 1215, laddove si prevedeva che una sanzione non potesse comunque mettere in discussione il sostentamento primario della persona.<\/p>\n<p>Il diritto al cibo si afferma, nel corso del tempo, nell\u2019ambiente giuridico sovra-nazionale, laddove si procede a sintesi non solo tra diverse sensibilit\u00e0 giuridiche ma anche tra realt\u00e0 geo-istituzionali e culturali del tutto diverse, e spesso contraddistinte da patenti asimmetrie di sviluppo.<\/p>\n<p>E\u2019 un diritto infatti che \u00e8 stato riconosciuto fin dall&#8217;adozione della Dichiarazione Universale dei Diritti Umani nel 1948, all\u2019articolo 25, ed \u00e8 stato poi sancito nelle costituzioni di oltre 20 paesi, principalmente Paesi, non a caso, in via di sviluppo.\u00a0Sono invece circa 145 i Paesi ad aver ratificato il Patto Internazionale sui Diritti Economici, Sociali e Culturali del 1966, che obbliga gli Stati firmatari a legiferare sul diritto a un&#8217;alimentazione adeguata.<\/p>\n<p>Che esista un problema mondiale di alimentazione \u00e8 dato non revocabile in dubbio, ma l\u2019Italia del 2020 non \u00e8 il Sudafrica in cui, vorrei dire per assai ovvie ragioni, i diritti economici, sociali e culturali, incluso il diritto al cibo, sono stati costituzionalmente garantiti dopo una esperienza storico-politica eufemisticamente definibile come non felicissima.<\/p>\n<p>Questa garanzia ha portato a una nota vicenda &#8211; <em>Governo della Repubblica Sudafricana contro Irene Grootboom e altri<\/em> \u2014 in cui il tribunale ha sentenziato che il governo aveva violato la Costituzione mancando di prendere misure ragionevoli per provvedere a persone in condizioni di disperato bisogno. \u00a0In realt\u00e0 il caso riguardava il diritto all\u2019abitazione, ma la logica seguita dal giudicante \u00e8 certamente applicabile anche al cibo che gode di pari riconoscimento costituzionale.<\/p>\n<p>L\u2019Italia del 2020 non \u00e8 nemmeno, va detto, l\u2019India del 2001, ove la Corte Suprema, su spinta di un ricorso proposto dalle ONG, ha riconosciuto che i poteri pubblici indiani si erano resi corresponsabili della denutrizione di vaste fasce della popolazione.\u00a0L\u2019Italia del 2020 non \u00e8 nemmeno la Palestina che si \u00e8 vista riconoscere nel 2004 dalla Corte internazionale di giustizia il, tra gli altri, diritto al cibo violato nel caso di specie da parte di Israele a mezzo della costruzione dell\u2019ormai famigerato muro confinario.<\/p>\n<p>2. <em>Costituzioni e liste della spesa<\/em>. Intendiamoci, la proposta ha una sua dignit\u00e0 politica ma mi sembra confinata nell\u2019ambito del dibattito pubblico ed eventualmente mass-mediatico, come forma di riconoscimento di un dato essenziale da rinvigorire con politiche pubbliche che per\u00f2 sta proprio al Governo attuare, senza doversi addentrare nei meandri, parlamentarmente accidentati, della revisione costituzionale, che finirebbe anzi per esprimere funzione di alibi per slittamenti temporali e mancati interventi concreti, in attesa di una ipotetica revisione.<\/p>\n<p>Il diritto al cibo esiste. E\u2019 gi\u00e0 presente. Sta alle istituzioni farsene garanti e realizzatori con i loro atti legislativi.<\/p>\n<p>In alcuni casi, la superfetazione di diritti da inserirsi tra le pieghe della Carta costituzionale equivale, come riconosceva gi\u00e0 Norberto Bobbio (L\u2019et\u00e0 dei diritti, Torino, Einaudi, 1990), ripreso e riletto di recente da Alfonso Celotto (L\u2019et\u00e0 dei (non) diritti, Roma, Giubilei Regnani, 2017), a una elencazione di enunciati di principio variamente destinati alla ineffettivit\u00e0, soprattutto in epoche di patente crisi dei diritti sociali e in cui diritti che gi\u00e0 godono del massimo riconoscimento costituzionale, penso al diritto al lavoro, non se la passano propriamente benissimo.<\/p>\n<p>Come ha rilevato Stefano Rodot\u00e0, in una conferenza poi divenuta un libretto del 2014, significativamente titolato \u2018Il diritto al cibo\u2019, \u201c<em>il problema della fame nel mondo non \u00e8 una questione di risorse, ma di diritti fondamentali dell\u2019uomo<\/em>\u201d.\u00a0L\u2019impostazione di Rodot\u00e0 riconosce la caratterizzazione mondiale, sovranazionale del tema. La sua scaturigine da un cardine di dignit\u00e0 della persona.\u00a0Infatti, prosegue, \u201c<em>l\u2019<\/em><em>adeguatezza significa andare oltre l\u2019impostazione minimalistica, anche se essenziale, della semplice \u2018libert\u00e0 dalla fame\u2019, il cibo non nutre solo il corpo, ma la stessa dignit\u00e0 della persona \u2013 solo rispettando la dignit\u00e0 della persona e la diversit\u00e0 della persona \u00e8 possibile trasferire nel diritto al cibo l\u2019attitudine a rendere il cibo come un vero obiettivo di valore costituzionale<\/em>\u201d.<\/p>\n<p>Obiettivo costituzionale d\u2019altronde non necessariamente significa opera di revisione ai fini di un riconoscimento <em>ex professo<\/em>, quasi che oggi non vi sia traccia di un diritto che fonda, vorrei dire, qualunque patto politico-costituzionale.\u00a0Davvero una Carta costituzionale che si basa su pilastri assiologici quali l\u2019eguaglianza sostanziale, la dignit\u00e0 della persona, lo spirito solidaristico potrebbe, per il mero fatto di non farne espressa menzione, tenere fuori dalla propria latitudine il diritto al cibo nelle sue varie sfumature (libert\u00e0 dalla fame, adeguatezza, qualit\u00e0)?\u00a0Una Costituzione che non riconosca il pane non sarebbe in certa misura nemmeno una Costituzione, perch\u00e9 non sarebbe in grado di fondarsi su un ordine reale della dignit\u00e0 della persona. Cosa che ai nostri Costituenti parve talmente chiara da far puntellare varie disposizioni con il riconoscimento di una esistenza libera e dignitosa, dall\u2019articolo 2 all\u2019articolo 36 Cost., senza dover specificare che nella dignit\u00e0 e nella libert\u00e0 \u00e8 ricompreso il pane.<\/p>\n<p>Come si potrebbe vivere liberi e dignitosi senza cibo? A rigore, non si potrebbe proprio vivere.<\/p>\n<p>Tanto ci\u00f2 vero che la CEDU e la Carta Sociale europea riconoscono espressamente il diritto al cibo adeguato, anche con riferimenti agli ultimi del mondo globalizzato, i migranti a cui l\u2019art. 13 al 2\u00b0 comma della direttiva 2003\/9\/CE riconosce che \u201c<em>gli Stati membri adottano disposizioni relative alle condizioni materiali di accoglienza che garantiscano una qualit\u00e0 di vita adeguata per la salute ed il sostentamento dei richiedenti asilo. Gli Stati membri provvedono a che la qualit\u00e0 di vita sia adeguata alla specifica situazione delle persone portatrici di particolari esigenze<\/em>\u201d.<\/p>\n<p>Senza contare che le fonti sovra-nazionali ed euro-unitarie in forza dell\u2019articolo 117 c. 1 Cost. godono di una via di accesso nel nostro ordinamento mediante il riconoscimento della loro primazia, a patto che non contrastino con il nucleo duro della Costituzione, cosa che per il diritto al cibo nemmeno sarebbe ipotizzabile.<\/p>\n<p>Quindi, piuttosto che impegnare risorse intellettuali e di tempo nella redazione del diritto al cibo da costituzionalizzare, si impieghi questo sforzo nella realizzazione, fattuale, di politiche che quel diritto attuino e garantiscano nella vita di tutti i giorni.<\/p>\n","protected":false},"excerpt":{"rendered":"<p>di Andrea Venanzoni In un tweet del 17 aprile 2020 la Ministra per le politiche agricole alimentari e forestali, Teresa Bellanova, ha annunciato \u201cla prossima legge per cui varr\u00e0 la pena emozionarsi? Il diritto del cibo in Costituzione. Perch\u00e9 in Italia ci sono tante persone che non possono permettersi il cibo e di questo si &#8230; <a title=\"La Costituzione e il diritto al cibo. Ritorno all\u2019anno Domini 1215\" class=\"read-more\" href=\"https:\/\/www.lacostituzione.info\/index.php\/2020\/05\/18\/la-costituzione-e-il-diritto-al-cibo-ritorno-allanno-domini-1215\/\">Leggi tutto<\/a><\/p>\n<div class='heateorSssClear'><\/div><div  class='heateor_sss_sharing_container heateor_sss_horizontal_sharing' data-heateor-sss-href='https:\/\/www.lacostituzione.info\/index.php\/2020\/05\/18\/la-costituzione-e-il-diritto-al-cibo-ritorno-allanno-domini-1215\/'><div class='heateor_sss_sharing_title' style=\"font-weight:bold\" >Condividi!<\/div><div class=\"heateor_sss_sharing_ul\"><a aria-label=\"Facebook\" class=\"heateor_sss_facebook\" href=\"https:\/\/www.facebook.com\/sharer\/sharer.php?u=https%3A%2F%2Fwww.lacostituzione.info%2Findex.php%2F2020%2F05%2F18%2Fla-costituzione-e-il-diritto-al-cibo-ritorno-allanno-domini-1215%2F\" title=\"Facebook\" rel=\"nofollow noopener\" target=\"_blank\" style=\"font-size:32px!important;box-shadow:none;display:inline-block;vertical-align:middle\"><span class=\"heateor_sss_svg\" style=\"background-color:#0765FE;width:35px;height:35px;display:inline-block;opacity:1;float:left;font-size:32px;box-shadow:none;display:inline-block;font-size:16px;padding:0 4px;vertical-align:middle;background-repeat:repeat;overflow:hidden;padding:0;cursor:pointer;box-sizing:content-box\"><svg style=\"display:block;\" focusable=\"false\" aria-hidden=\"true\" xmlns=\"http:\/\/www.w3.org\/2000\/svg\" width=\"100%\" height=\"100%\" viewBox=\"0 0 32 32\"><path fill=\"#fff\" d=\"M28 16c0-6.627-5.373-12-12-12S4 9.373 4 16c0 5.628 3.875 10.35 9.101 11.647v-7.98h-2.474V16H13.1v-1.58c0-4.085 1.849-5.978 5.859-5.978.76 0 2.072.15 2.608.298v3.325c-.283-.03-.775-.045-1.386-.045-1.967 0-2.728.745-2.728 2.683V16h3.92l-.673 3.667h-3.247v8.245C23.395 27.195 28 22.135 28 16Z\"><\/path><\/svg><\/span><\/a><a aria-label=\"Twitter\" class=\"heateor_sss_button_twitter\" href=\"https:\/\/twitter.com\/intent\/tweet?text=La%20Costituzione%20e%20il%20diritto%20al%20cibo.%20Ritorno%20all%E2%80%99anno%20Domini%201215&url=https%3A%2F%2Fwww.lacostituzione.info%2Findex.php%2F2020%2F05%2F18%2Fla-costituzione-e-il-diritto-al-cibo-ritorno-allanno-domini-1215%2F\" title=\"Twitter\" rel=\"nofollow noopener\" target=\"_blank\" style=\"font-size:32px!important;box-shadow:none;display:inline-block;vertical-align:middle\"><span class=\"heateor_sss_svg heateor_sss_s__default heateor_sss_s_twitter\" style=\"background-color:#55acee;width:35px;height:35px;display:inline-block;opacity:1;float:left;font-size:32px;box-shadow:none;display:inline-block;font-size:16px;padding:0 4px;vertical-align:middle;background-repeat:repeat;overflow:hidden;padding:0;cursor:pointer;box-sizing:content-box\"><svg style=\"display:block;\" focusable=\"false\" aria-hidden=\"true\" xmlns=\"http:\/\/www.w3.org\/2000\/svg\" width=\"100%\" height=\"100%\" viewBox=\"-4 -4 39 39\"><path d=\"M28 8.557a9.913 9.913 0 0 1-2.828.775 4.93 4.93 0 0 0 2.166-2.725 9.738 9.738 0 0 1-3.13 1.194 4.92 4.92 0 0 0-3.593-1.55 4.924 4.924 0 0 0-4.794 6.049c-4.09-.21-7.72-2.17-10.15-5.15a4.942 4.942 0 0 0-.665 2.477c0 1.71.87 3.214 2.19 4.1a4.968 4.968 0 0 1-2.23-.616v.06c0 2.39 1.7 4.38 3.952 4.83-.414.115-.85.174-1.297.174-.318 0-.626-.03-.928-.086a4.935 4.935 0 0 0 4.6 3.42 9.893 9.893 0 0 1-6.114 2.107c-.398 0-.79-.023-1.175-.068a13.953 13.953 0 0 0 7.55 2.213c9.056 0 14.01-7.507 14.01-14.013 0-.213-.005-.426-.015-.637.96-.695 1.795-1.56 2.455-2.55z\" fill=\"#fff\"><\/path><\/svg><\/span><\/a><a aria-label=\"Reddit\" class=\"heateor_sss_button_reddit\" href=\"https:\/\/reddit.com\/submit?url=https%3A%2F%2Fwww.lacostituzione.info%2Findex.php%2F2020%2F05%2F18%2Fla-costituzione-e-il-diritto-al-cibo-ritorno-allanno-domini-1215%2F&title=La%20Costituzione%20e%20il%20diritto%20al%20cibo.%20Ritorno%20all%E2%80%99anno%20Domini%201215\" title=\"Reddit\" rel=\"nofollow noopener\" target=\"_blank\" style=\"font-size:32px!important;box-shadow:none;display:inline-block;vertical-align:middle\"><span class=\"heateor_sss_svg heateor_sss_s__default heateor_sss_s_reddit\" style=\"background-color:#ff5700;width:35px;height:35px;display:inline-block;opacity:1;float:left;font-size:32px;box-shadow:none;display:inline-block;font-size:16px;padding:0 4px;vertical-align:middle;background-repeat:repeat;overflow:hidden;padding:0;cursor:pointer;box-sizing:content-box\"><svg style=\"display:block;\" focusable=\"false\" aria-hidden=\"true\" xmlns=\"http:\/\/www.w3.org\/2000\/svg\" width=\"100%\" height=\"100%\" viewBox=\"-3.5 -3.5 39 39\"><path d=\"M28.543 15.774a2.953 2.953 0 0 0-2.951-2.949 2.882 2.882 0 0 0-1.9.713 14.075 14.075 0 0 0-6.85-2.044l1.38-4.349 3.768.884a2.452 2.452 0 1 0 .24-1.176l-4.274-1a.6.6 0 0 0-.709.4l-1.659 5.224a14.314 14.314 0 0 0-7.316 2.029 2.908 2.908 0 0 0-1.872-.681 2.942 2.942 0 0 0-1.618 5.4 5.109 5.109 0 0 0-.062.765c0 4.158 5.037 7.541 11.229 7.541s11.22-3.383 11.22-7.541a5.2 5.2 0 0 0-.053-.706 2.963 2.963 0 0 0 1.427-2.51zm-18.008 1.88a1.753 1.753 0 0 1 1.73-1.74 1.73 1.73 0 0 1 1.709 1.74 1.709 1.709 0 0 1-1.709 1.711 1.733 1.733 0 0 1-1.73-1.711zm9.565 4.968a5.573 5.573 0 0 1-4.081 1.272h-.032a5.576 5.576 0 0 1-4.087-1.272.6.6 0 0 1 .844-.854 4.5 4.5 0 0 0 3.238.927h.032a4.5 4.5 0 0 0 3.237-.927.6.6 0 1 1 .844.854zm-.331-3.256a1.726 1.726 0 1 1 1.709-1.712 1.717 1.717 0 0 1-1.712 1.712z\" fill=\"#fff\"\/><\/svg><\/span><\/a><a aria-label=\"Linkedin\" class=\"heateor_sss_button_linkedin\" href=\"https:\/\/www.linkedin.com\/sharing\/share-offsite\/?url=https%3A%2F%2Fwww.lacostituzione.info%2Findex.php%2F2020%2F05%2F18%2Fla-costituzione-e-il-diritto-al-cibo-ritorno-allanno-domini-1215%2F\" title=\"Linkedin\" rel=\"nofollow noopener\" target=\"_blank\" style=\"font-size:32px!important;box-shadow:none;display:inline-block;vertical-align:middle\"><span class=\"heateor_sss_svg heateor_sss_s__default heateor_sss_s_linkedin\" style=\"background-color:#0077b5;width:35px;height:35px;display:inline-block;opacity:1;float:left;font-size:32px;box-shadow:none;display:inline-block;font-size:16px;padding:0 4px;vertical-align:middle;background-repeat:repeat;overflow:hidden;padding:0;cursor:pointer;box-sizing:content-box\"><svg style=\"display:block;\" focusable=\"false\" aria-hidden=\"true\" xmlns=\"http:\/\/www.w3.org\/2000\/svg\" width=\"100%\" height=\"100%\" viewBox=\"0 0 32 32\"><path d=\"M6.227 12.61h4.19v13.48h-4.19V12.61zm2.095-6.7a2.43 2.43 0 0 1 0 4.86c-1.344 0-2.428-1.09-2.428-2.43s1.084-2.43 2.428-2.43m4.72 6.7h4.02v1.84h.058c.56-1.058 1.927-2.176 3.965-2.176 4.238 0 5.02 2.792 5.02 6.42v7.395h-4.183v-6.56c0-1.564-.03-3.574-2.178-3.574-2.18 0-2.514 1.7-2.514 3.46v6.668h-4.187V12.61z\" fill=\"#fff\"><\/path><\/svg><\/span><\/a><a aria-label=\"Pinterest\" class=\"heateor_sss_button_pinterest\" href=\"https:\/\/www.lacostituzione.info\/index.php\/2020\/05\/18\/la-costituzione-e-il-diritto-al-cibo-ritorno-allanno-domini-1215\/\" onclick=\"event.preventDefault();javascript:void( (function() {var e=document.createElement('script' );e.setAttribute('type','text\/javascript' );e.setAttribute('charset','UTF-8' );e.setAttribute('src','\/\/assets.pinterest.com\/js\/pinmarklet.js?r='+Math.random()*99999999);document.body.appendChild(e)})());\" title=\"Pinterest\" rel=\"noopener\" style=\"font-size:32px!important;box-shadow:none;display:inline-block;vertical-align:middle\"><span class=\"heateor_sss_svg heateor_sss_s__default heateor_sss_s_pinterest\" style=\"background-color:#cc2329;width:35px;height:35px;display:inline-block;opacity:1;float:left;font-size:32px;box-shadow:none;display:inline-block;font-size:16px;padding:0 4px;vertical-align:middle;background-repeat:repeat;overflow:hidden;padding:0;cursor:pointer;box-sizing:content-box\"><svg style=\"display:block;\" focusable=\"false\" aria-hidden=\"true\" xmlns=\"http:\/\/www.w3.org\/2000\/svg\" width=\"100%\" height=\"100%\" viewBox=\"-2 -2 35 35\"><path fill=\"#fff\" d=\"M16.539 4.5c-6.277 0-9.442 4.5-9.442 8.253 0 2.272.86 4.293 2.705 5.046.303.125.574.005.662-.33.061-.231.205-.816.27-1.06.088-.331.053-.447-.191-.736-.532-.627-.873-1.439-.873-2.591 0-3.338 2.498-6.327 6.505-6.327 3.548 0 5.497 2.168 5.497 5.062 0 3.81-1.686 7.025-4.188 7.025-1.382 0-2.416-1.142-2.085-2.545.397-1.674 1.166-3.48 1.166-4.689 0-1.081-.581-1.983-1.782-1.983-1.413 0-2.548 1.462-2.548 3.419 0 1.247.421 2.091.421 2.091l-1.699 7.199c-.505 2.137-.076 4.755-.039 5.019.021.158.223.196.314.077.13-.17 1.813-2.247 2.384-4.324.162-.587.929-3.631.929-3.631.46.876 1.801 1.646 3.227 1.646 4.247 0 7.128-3.871 7.128-9.053.003-3.918-3.317-7.568-8.361-7.568z\"\/><\/svg><\/span><\/a><a aria-label=\"Whatsapp\" class=\"heateor_sss_whatsapp\" href=\"https:\/\/api.whatsapp.com\/send?text=La%20Costituzione%20e%20il%20diritto%20al%20cibo.%20Ritorno%20all%E2%80%99anno%20Domini%201215%20https%3A%2F%2Fwww.lacostituzione.info%2Findex.php%2F2020%2F05%2F18%2Fla-costituzione-e-il-diritto-al-cibo-ritorno-allanno-domini-1215%2F\" title=\"Whatsapp\" rel=\"nofollow noopener\" target=\"_blank\" style=\"font-size:32px!important;box-shadow:none;display:inline-block;vertical-align:middle\"><span class=\"heateor_sss_svg\" style=\"background-color:#55eb4c;width:35px;height:35px;display:inline-block;opacity:1;float:left;font-size:32px;box-shadow:none;display:inline-block;font-size:16px;padding:0 4px;vertical-align:middle;background-repeat:repeat;overflow:hidden;padding:0;cursor:pointer;box-sizing:content-box\"><svg style=\"display:block;\" focusable=\"false\" aria-hidden=\"true\" xmlns=\"http:\/\/www.w3.org\/2000\/svg\" width=\"100%\" height=\"100%\" viewBox=\"-6 -5 40 40\"><path class=\"heateor_sss_svg_stroke heateor_sss_no_fill\" stroke=\"#fff\" stroke-width=\"2\" fill=\"none\" d=\"M 11.579798566743314 24.396926207859085 A 10 10 0 1 0 6.808479557110079 20.73576436351046\"><\/path><path d=\"M 7 19 l -1 6 l 6 -1\" class=\"heateor_sss_no_fill heateor_sss_svg_stroke\" stroke=\"#fff\" stroke-width=\"2\" fill=\"none\"><\/path><path d=\"M 10 10 q -1 8 8 11 c 5 -1 0 -6 -1 -3 q -4 -3 -5 -5 c 4 -2 -1 -5 -1 -4\" fill=\"#fff\"><\/path><\/svg><\/span><\/a><\/div><div class=\"heateorSssClear\"><\/div><\/div><div class='heateorSssClear'><\/div>","protected":false},"author":1,"featured_media":0,"comment_status":"open","ping_status":"open","sticky":false,"template":"","format":"standard","meta":{"jetpack_post_was_ever_published":false,"_jetpack_newsletter_access":"","_jetpack_dont_email_post_to_subs":false,"_jetpack_newsletter_tier_id":0,"_jetpack_memberships_contains_paywalled_content":false,"_jetpack_memberships_contains_paid_content":false,"footnotes":"","jetpack_publicize_message":"","jetpack_publicize_feature_enabled":true,"jetpack_social_post_already_shared":false,"jetpack_social_options":{"image_generator_settings":{"template":"highway","default_image_id":0,"enabled":false},"version":2}},"categories":[5],"tags":[1511,1487,1510],"class_list":["post-7159","post","type-post","status-publish","format-standard","hentry","category-lavori-in-corso","tag-bellanova","tag-diritti-sociali","tag-diritto-al-cibo"],"jetpack_publicize_connections":[],"jetpack_featured_media_url":"","jetpack_shortlink":"https:\/\/wp.me\/p84sDq-1Rt","jetpack_likes_enabled":true,"jetpack_sharing_enabled":true,"_links":{"self":[{"href":"https:\/\/www.lacostituzione.info\/index.php\/wp-json\/wp\/v2\/posts\/7159","targetHints":{"allow":["GET"]}}],"collection":[{"href":"https:\/\/www.lacostituzione.info\/index.php\/wp-json\/wp\/v2\/posts"}],"about":[{"href":"https:\/\/www.lacostituzione.info\/index.php\/wp-json\/wp\/v2\/types\/post"}],"author":[{"embeddable":true,"href":"https:\/\/www.lacostituzione.info\/index.php\/wp-json\/wp\/v2\/users\/1"}],"replies":[{"embeddable":true,"href":"https:\/\/www.lacostituzione.info\/index.php\/wp-json\/wp\/v2\/comments?post=7159"}],"version-history":[{"count":0,"href":"https:\/\/www.lacostituzione.info\/index.php\/wp-json\/wp\/v2\/posts\/7159\/revisions"}],"wp:attachment":[{"href":"https:\/\/www.lacostituzione.info\/index.php\/wp-json\/wp\/v2\/media?parent=7159"}],"wp:term":[{"taxonomy":"category","embeddable":true,"href":"https:\/\/www.lacostituzione.info\/index.php\/wp-json\/wp\/v2\/categories?post=7159"},{"taxonomy":"post_tag","embeddable":true,"href":"https:\/\/www.lacostituzione.info\/index.php\/wp-json\/wp\/v2\/tags?post=7159"}],"curies":[{"name":"wp","href":"https:\/\/api.w.org\/{rel}","templated":true}]}}