{"id":7170,"date":"2020-05-22T14:59:48","date_gmt":"2020-05-22T12:59:48","guid":{"rendered":"http:\/\/www.lacostituzione.info\/?p=7170"},"modified":"2020-05-22T14:59:51","modified_gmt":"2020-05-22T12:59:51","slug":"le-affinita-elettive-ai-tempi-del-covid-19","status":"publish","type":"post","link":"https:\/\/www.lacostituzione.info\/index.php\/2020\/05\/22\/le-affinita-elettive-ai-tempi-del-covid-19\/","title":{"rendered":"Le affinita\u0300 elettive ai tempi del Covid-19"},"content":{"rendered":"\n<p style=\"text-align: center;\"><a href=\"http:\/\/www.lacostituzione.info\/wp-content\/uploads\/2020\/05\/guess.jpeg\"><img loading=\"lazy\" decoding=\"async\" data-attachment-id=\"7171\" data-permalink=\"https:\/\/www.lacostituzione.info\/index.php\/2020\/05\/22\/le-affinita-elettive-ai-tempi-del-covid-19\/guess\/#main\" data-orig-file=\"https:\/\/www.lacostituzione.info\/wp-content\/uploads\/2020\/05\/guess.jpeg\" data-orig-size=\"320,213\" data-comments-opened=\"1\" data-image-meta=\"{&quot;aperture&quot;:&quot;0&quot;,&quot;credit&quot;:&quot;&quot;,&quot;camera&quot;:&quot;&quot;,&quot;caption&quot;:&quot;&quot;,&quot;created_timestamp&quot;:&quot;0&quot;,&quot;copyright&quot;:&quot;&quot;,&quot;focal_length&quot;:&quot;0&quot;,&quot;iso&quot;:&quot;0&quot;,&quot;shutter_speed&quot;:&quot;0&quot;,&quot;title&quot;:&quot;&quot;,&quot;orientation&quot;:&quot;0&quot;}\" data-image-title=\"guess\" data-image-description=\"\" data-image-caption=\"\" data-medium-file=\"https:\/\/www.lacostituzione.info\/wp-content\/uploads\/2020\/05\/guess-300x200.jpeg\" data-large-file=\"https:\/\/www.lacostituzione.info\/wp-content\/uploads\/2020\/05\/guess.jpeg\" class=\"aligncenter size-thumbnail wp-image-7171\" src=\"http:\/\/www.lacostituzione.info\/wp-content\/uploads\/2020\/05\/guess-150x150.jpeg\" alt=\"\" width=\"150\" height=\"150\" \/><\/a>di <strong>Brando Mazzolai*<\/strong><\/p>\n<p>Il giurista Carlo Arturo Jemolo per rivendicare l&#8217;autonomia della famiglia rispetto allo Stato parlava di \u00ab\u00a0<em>un&#8217;isola che il mare del diritto pu\u00f2 solo lambire\u00a0\u00bb <\/em>e ancora pi\u00f9 incisivamente aggiungeva:<\/p>\n<p><!--more--> \u00ab <em>la famiglia \u00e8 la rocca sull\u2019onda, ed il granito che costituisce la sua base appartiene al mondo degli affetti, agli istinti primi, alla morale, alla religione, non al mondo del diritto<\/em>\u00a0\u00bb<\/p>\n<p>Con tale espressione il grande giurista intendeva descrivere la difficolt\u00e0 di ogni legislatore nel regolare i rapporti pi\u00f9 intimi della natura umana perch\u00e9 difficilmente riconducibili nell\u2019ambito degli schemi giuridici.<\/p>\n<p>Lo stesso avvertimento avrebbe dovuto riecheggiare nelle stanze della Presidenza del Consiglio, chiamata a intervenire, nella fase pi\u00f9 acuta della pandemia, anche sulla regolamentazione degli aspetti forse tra i pi\u00f9 sfuggenti e mutevoli della nostra vita quotidiana e ci\u00f2 gli affetti e le nostre relazioni personali.<\/p>\n<p>Come ormai noto, attraverso una prolungata serie di atti amministrativi (i c.d. DPCM), si \u00e8 cercato nel caos dell\u2019emergenza sanitaria di individuare e dettagliare al massimo le norme comportamentali necessarie a limitare la diffusione del virus.<\/p>\n<p>Nella conseguente bulimia amministrativa si \u00e8 cos\u00ec provato a disciplinare le condotte quotidiane sia in ambito pubblico che privato: per strada, nei luoghi di lavoro e di ricreazione, nei negozi, nei ristoranti e nelle mense, nei parchi, sui mezzi di trasporto, eccetera. Per ogni atto emanato abbiamo letto molteplici divieti e differenti modalit\u00e0 di comportamento sempre pi\u00f9 dettagliate.<\/p>\n<p>In questa babele normativa la fattispecie che ha sollevato pi\u00f9 polemiche \u00e8 stata quella prevista all\u2019art. 1 lett. a) del Dpcm 26 aprile 2020 in cui, tra le altre ragioni, si consentivano gli spostamenti dei cittadini se necessari<em> \u00ab\u00a0per\u00a0 incontrare congiunti purch\u00e9 venga rispettato il divieto di assembramento e il distanziamento interpersonale di almeno un metro e vengano utilizzate protezioni delle vie respiratorie.<\/em><\/p>\n<p>Ed ecco che all\u2019indomani della pubblicazione della disposizione normativa, molti giuristi si sono affannati a dare una compiuta spiegazione del termine <em>congiunti <\/em>passando in rassegna quanto previsto nella legislazione nazionale nella speranza di ricavarne un\u2019univoca definizione onnicomprensiva.<\/p>\n<p>In ambito civile <em>congiunti <\/em>\u00e8 una locuzione utilizzata in contesti specifici e di settore e secondo la banca dati <em>normattiva.it<\/em>, la parola ricorre per ben 561 volte, negli ambiti e nei casi pi\u00f9 vari.<\/p>\n<p>Mentre \u00e8 il codice penale che all\u2019art. 307 c.p. offre un\u2019ampia descrizione del suddetto termine<em>.<\/em> In particolare nella fattispecie di reato rubricato \u201cAssistenza ai partecipi di cospirazione o di banda armata\u201d si prevede l\u2019esclusione della responsabilit\u00e0 penale per i <em>prossimi congiunti <\/em>che sono definiti in una lunga lista tra gli ascendenti, i discendenti, il coniuge, la parte di un\u2019unione civile tra persone dello stesso sesso, i fratelli, le sorelle, gli affini nello stesso grado, gli zii e i nipoti.<\/p>\n<p>La nozione di <em>congiunti<\/em> seppur giuridicamente confusa, avrebbe potuto accontentare i pi\u00f9, ma si sa che in Italia come scriveva Flaiano <em>\u201cla linea pi\u00f9 breve tra due punti non \u00e8 la retta ma l\u2019<\/em><em>arabesco<\/em><em>\u201d <\/em>e la legge ne \u00e8 forse la massima espressione nazionale.<\/p>\n<p>Cos\u00ec i giuristi pi\u00f9 attenti hanno subito fatto notare come quella nozione non tenesse conto di quanto affermato anche dalla recente sentenza della Corte di Cassazione penale il 10 novembre 2014 n\u00b0 46351. In tale pronuncia si \u00e8 affermato il principio di diritto secondo cui per il risarcimento del danno a seguito di incidente stradale, nella categoria dei <em>prossimi<\/em> <em>congiunti<\/em> andavano ricompresi tutti coloro che avevano avuto con la vittima <em>\u00ab\u00a0un saldo e duraturo legame affettivo\u00a0\u00bb<\/em>, a prescindere <em>\u00ab\u00a0dall&#8217;esistenza di rapporti di parentela o affinit<\/em><em>\u00e0 <\/em><em>giuridicamente rilevanti come tali\u00a0\u00bb.<\/em><\/p>\n<p>Il termine <em>congiunti <\/em>grazie anche a questi ulteriori spunti giurisprudenziali doveva essere inteso nell\u2019accezione pi\u00f9 ampia di \u201c<em>relazione affettiva stabile<\/em>\u201d, incluse le convivenze non matrimoniali, secondo quanto stabilito anche in ambito civile dall\u2019articolo 1, co. 36 della legge n. 76 del 2016 sulle convivenze di fatto.<\/p>\n<p>Ebbene nonostante lo sforzo definitorio il termine \u00e8 stato il protagonista del dibattito pubblico anche nei giorni successivi. Si \u00e8 resa necessaria infatti una nota di Palazzo Chigi per specificare come anche i fidanzati rientrassero nella nozione di <em>congiunti<\/em> perch\u00e9 riconducibili alla categoria degli <em>affetti stabili. <\/em><\/p>\n<p>Come prevedibile, l\u2019ulteriore specificazione della nozione ha generato nuove speranze per tutte quelle categorie di <em>affetti<\/em> che erano rimaste comunque escluse dalla previsione normativa e dalla sua successiva interpretazione autentica.<\/p>\n<p>E allora in molti si sono interrogati se gli amici potessero rientrare tra gli<em> affetti stabili<\/em> e se anche in tempi di pandemia, fosse lecito stabilire per atto amministrativo una gerarchia dei legami affettivi per giustificare incontri e frequentazioni. Perch\u00e9 se \u00e8 vero che l\u2019amicizia \u00e8 cosa diversa dal vincolo dell\u2019amore \u00e8 comunque uno di quegli ingredienti essenziali dell\u2019esistenza, ci\u00f2 di cui nessuno di noi pu\u00f2 davvero fare a meno. <em>Gli amici d\u2019altronde si scelgono, a differenza dei familiari che si ereditano o subiscono, e con i quali, spesso controvoglia, si cerca di trovare il modo di convivere.<\/em> (M. Marzano).<\/p>\n<p>Anche il Governo \u00e8 stato condizionato nelle sue decisioni dai numerosi dubbi e dalla grande confusione terminologica tanto che in un primo momento il Viceministro della Salute, Pierpaolo Sileri, aveva sostenuto, per poi essere subito smentito, che gli amici si potessero considerare tra gli affetti stabili.<\/p>\n<p>E cos\u00ec, inevitabilmente, ogni eccezione ha finito per sollevare nuove incertezze in un gioco infinito di domande sulla meritevolezza e l\u2019intensit\u00e0 dei rapporti personali.<\/p>\n<p>Per sciogliere il nodo gordiano il Governo \u00e8 dovuto quindi ricorrere alle Faq (<em>Frequently Asked Questions<\/em>), e stabilire che al fine di limitare al massimo la diffusione del virus, gli amici non potessero essere considerati tra la categoria degli affetti stabili.<\/p>\n<p>La soluzione adottata \u00e8 stata sicuramente la pi\u00f9 opportuna e di buon senso ma ha lasciato molte perplessit\u00e0 non tanto per l\u2019imposizione del divieto quanto piuttosto per la iper-regolamentazione dei comportamenti umani. Il legislatore infatti con il nobile intento di combattere il virus si \u00e8 lasciato travolgere da una produzione normativa elefantiaca che ha finito per generare confusione e disorientamento nella societ\u00e0.<\/p>\n<p>Occorre chiedersi se in questo labirinto normativo il legislatore non si sia spinto troppo in avanti nel tentativo di regolare qualcosa che per propria natura si presenta da sempre come irriducibile agli schemi di un diritto che parla invece di uguaglianza, regolarit\u00e0 e uniformit\u00e0. In altre parole, \u00e8 possibile ingabbiare i sentimenti e le relazioni personali nel rigore della regola giuridica?.<\/p>\n<p>Lungi dal voler denunciare una deriva autoritaria\u00a0ci si chiede se il Governo non abbia ecceduto in quella pretesa di trasformare le persone <em>in oggetti modellati giuridicamente , come se la virt\u00f9 del buon cittadino sia di essere semplicemente un osservante che s&#8217;inchina a un legislatore onnipossente. <\/em>(Zagrebelsky).<\/p>\n<p>In alternativa il Legislatore italiano nell\u2019autorizzare \u00ab\u00a0<em>gli spostamenti\u00bb<\/em>, avrebbe per esempio potuto evitare di inserire la definizione di<em> prossimi congiunti,<\/em> e riferendosi al divieto degli assembramenti riconoscere ai singoli cittadini la facolt\u00e0 di scegliere chi frequentare tra le proprie<em> affinit\u00e0 elettive. <\/em><\/p>\n<p>Oppure come successo in Francia e in Belgio si poteva ampliare la categoria normativa e consentire le visite ad amici e fidanzati, nel rispetto di tutte le regole sulla sicurezza e fatto salvo il generale divieto di assembramento.<\/p>\n<p>Con il lungo protrarsi della pandemia e nella rigidit\u00e0 delle regole imposte dal <em>lockdown<\/em> per garantire il c.d <em>distanziamento sociale,<\/em> pretendere anche l\u2019ubbidienza dei sentimenti \u00e8 sembrato eccessivo e forse troppo paternalistico.<\/p>\n<p>In una societ\u00e0 libera e di fronte a problemi dove il bene dei singoli e il bene di tutti si implicano strettamente, <em>la legge incontra limiti di efficacia se non pu\u00f2 contare sulla partecipazione responsabile di ciascuno e di tutti<\/em> (Zagrebelsky).<\/p>\n<p>Perch\u00e9 come scriveva Rodot\u00e0 l\u2019amore nella sua assenza, \u00e8 <em>\u00aballergico alle goffaggine del diritto [\u2026] Dobbiamo allora convenire che, se il diritto vuole avvicinarsi all\u2019amore, deve abbandonare non solo la pretesa d\u2019impadronirsene, ma anche trasformare tecnicamente s\u00e9 stesso in un discorso aperto, capace di cogliere e accettare contingenza, variabilit\u00e0 e persino irrazionalit\u00e0. Soprattutto, di fronte alla vita, il diritto deve essere pronto a lasciare il posto al non diritto\u00a0\u00bb.<\/em><\/p>\n<p>* dottorando Universit\u00e0 di Siena<\/p>\n<p>\u00a0<\/p>\n","protected":false},"excerpt":{"rendered":"<p>di Brando Mazzolai* Il giurista Carlo Arturo Jemolo per rivendicare l&#8217;autonomia della famiglia rispetto allo Stato parlava di \u00ab\u00a0un&#8217;isola che il mare del diritto pu\u00f2 solo lambire\u00a0\u00bb e ancora pi\u00f9 incisivamente aggiungeva:<\/p>\n<div class='heateorSssClear'><\/div><div  class='heateor_sss_sharing_container heateor_sss_horizontal_sharing' data-heateor-sss-href='https:\/\/www.lacostituzione.info\/index.php\/2020\/05\/22\/le-affinita-elettive-ai-tempi-del-covid-19\/'><div class='heateor_sss_sharing_title' style=\"font-weight:bold\" >Condividi!<\/div><div class=\"heateor_sss_sharing_ul\"><a aria-label=\"Facebook\" class=\"heateor_sss_facebook\" href=\"https:\/\/www.facebook.com\/sharer\/sharer.php?u=https%3A%2F%2Fwww.lacostituzione.info%2Findex.php%2F2020%2F05%2F22%2Fle-affinita-elettive-ai-tempi-del-covid-19%2F\" title=\"Facebook\" rel=\"nofollow noopener\" target=\"_blank\" style=\"font-size:32px!important;box-shadow:none;display:inline-block;vertical-align:middle\"><span class=\"heateor_sss_svg\" style=\"background-color:#0765FE;width:35px;height:35px;display:inline-block;opacity:1;float:left;font-size:32px;box-shadow:none;display:inline-block;font-size:16px;padding:0 4px;vertical-align:middle;background-repeat:repeat;overflow:hidden;padding:0;cursor:pointer;box-sizing:content-box\"><svg style=\"display:block;\" focusable=\"false\" aria-hidden=\"true\" xmlns=\"http:\/\/www.w3.org\/2000\/svg\" width=\"100%\" height=\"100%\" viewBox=\"0 0 32 32\"><path fill=\"#fff\" d=\"M28 16c0-6.627-5.373-12-12-12S4 9.373 4 16c0 5.628 3.875 10.35 9.101 11.647v-7.98h-2.474V16H13.1v-1.58c0-4.085 1.849-5.978 5.859-5.978.76 0 2.072.15 2.608.298v3.325c-.283-.03-.775-.045-1.386-.045-1.967 0-2.728.745-2.728 2.683V16h3.92l-.673 3.667h-3.247v8.245C23.395 27.195 28 22.135 28 16Z\"><\/path><\/svg><\/span><\/a><a aria-label=\"Twitter\" class=\"heateor_sss_button_twitter\" href=\"https:\/\/twitter.com\/intent\/tweet?text=Le%20affinita%CC%80%20elettive%20ai%20tempi%20del%20Covid-19&url=https%3A%2F%2Fwww.lacostituzione.info%2Findex.php%2F2020%2F05%2F22%2Fle-affinita-elettive-ai-tempi-del-covid-19%2F\" title=\"Twitter\" rel=\"nofollow noopener\" target=\"_blank\" style=\"font-size:32px!important;box-shadow:none;display:inline-block;vertical-align:middle\"><span class=\"heateor_sss_svg heateor_sss_s__default heateor_sss_s_twitter\" style=\"background-color:#55acee;width:35px;height:35px;display:inline-block;opacity:1;float:left;font-size:32px;box-shadow:none;display:inline-block;font-size:16px;padding:0 4px;vertical-align:middle;background-repeat:repeat;overflow:hidden;padding:0;cursor:pointer;box-sizing:content-box\"><svg style=\"display:block;\" focusable=\"false\" aria-hidden=\"true\" xmlns=\"http:\/\/www.w3.org\/2000\/svg\" width=\"100%\" height=\"100%\" viewBox=\"-4 -4 39 39\"><path d=\"M28 8.557a9.913 9.913 0 0 1-2.828.775 4.93 4.93 0 0 0 2.166-2.725 9.738 9.738 0 0 1-3.13 1.194 4.92 4.92 0 0 0-3.593-1.55 4.924 4.924 0 0 0-4.794 6.049c-4.09-.21-7.72-2.17-10.15-5.15a4.942 4.942 0 0 0-.665 2.477c0 1.71.87 3.214 2.19 4.1a4.968 4.968 0 0 1-2.23-.616v.06c0 2.39 1.7 4.38 3.952 4.83-.414.115-.85.174-1.297.174-.318 0-.626-.03-.928-.086a4.935 4.935 0 0 0 4.6 3.42 9.893 9.893 0 0 1-6.114 2.107c-.398 0-.79-.023-1.175-.068a13.953 13.953 0 0 0 7.55 2.213c9.056 0 14.01-7.507 14.01-14.013 0-.213-.005-.426-.015-.637.96-.695 1.795-1.56 2.455-2.55z\" fill=\"#fff\"><\/path><\/svg><\/span><\/a><a aria-label=\"Reddit\" class=\"heateor_sss_button_reddit\" href=\"https:\/\/reddit.com\/submit?url=https%3A%2F%2Fwww.lacostituzione.info%2Findex.php%2F2020%2F05%2F22%2Fle-affinita-elettive-ai-tempi-del-covid-19%2F&title=Le%20affinita%CC%80%20elettive%20ai%20tempi%20del%20Covid-19\" title=\"Reddit\" rel=\"nofollow noopener\" target=\"_blank\" style=\"font-size:32px!important;box-shadow:none;display:inline-block;vertical-align:middle\"><span class=\"heateor_sss_svg heateor_sss_s__default heateor_sss_s_reddit\" style=\"background-color:#ff5700;width:35px;height:35px;display:inline-block;opacity:1;float:left;font-size:32px;box-shadow:none;display:inline-block;font-size:16px;padding:0 4px;vertical-align:middle;background-repeat:repeat;overflow:hidden;padding:0;cursor:pointer;box-sizing:content-box\"><svg style=\"display:block;\" focusable=\"false\" aria-hidden=\"true\" xmlns=\"http:\/\/www.w3.org\/2000\/svg\" width=\"100%\" height=\"100%\" viewBox=\"-3.5 -3.5 39 39\"><path d=\"M28.543 15.774a2.953 2.953 0 0 0-2.951-2.949 2.882 2.882 0 0 0-1.9.713 14.075 14.075 0 0 0-6.85-2.044l1.38-4.349 3.768.884a2.452 2.452 0 1 0 .24-1.176l-4.274-1a.6.6 0 0 0-.709.4l-1.659 5.224a14.314 14.314 0 0 0-7.316 2.029 2.908 2.908 0 0 0-1.872-.681 2.942 2.942 0 0 0-1.618 5.4 5.109 5.109 0 0 0-.062.765c0 4.158 5.037 7.541 11.229 7.541s11.22-3.383 11.22-7.541a5.2 5.2 0 0 0-.053-.706 2.963 2.963 0 0 0 1.427-2.51zm-18.008 1.88a1.753 1.753 0 0 1 1.73-1.74 1.73 1.73 0 0 1 1.709 1.74 1.709 1.709 0 0 1-1.709 1.711 1.733 1.733 0 0 1-1.73-1.711zm9.565 4.968a5.573 5.573 0 0 1-4.081 1.272h-.032a5.576 5.576 0 0 1-4.087-1.272.6.6 0 0 1 .844-.854 4.5 4.5 0 0 0 3.238.927h.032a4.5 4.5 0 0 0 3.237-.927.6.6 0 1 1 .844.854zm-.331-3.256a1.726 1.726 0 1 1 1.709-1.712 1.717 1.717 0 0 1-1.712 1.712z\" fill=\"#fff\"\/><\/svg><\/span><\/a><a aria-label=\"Linkedin\" class=\"heateor_sss_button_linkedin\" href=\"https:\/\/www.linkedin.com\/sharing\/share-offsite\/?url=https%3A%2F%2Fwww.lacostituzione.info%2Findex.php%2F2020%2F05%2F22%2Fle-affinita-elettive-ai-tempi-del-covid-19%2F\" title=\"Linkedin\" rel=\"nofollow noopener\" target=\"_blank\" style=\"font-size:32px!important;box-shadow:none;display:inline-block;vertical-align:middle\"><span class=\"heateor_sss_svg heateor_sss_s__default heateor_sss_s_linkedin\" style=\"background-color:#0077b5;width:35px;height:35px;display:inline-block;opacity:1;float:left;font-size:32px;box-shadow:none;display:inline-block;font-size:16px;padding:0 4px;vertical-align:middle;background-repeat:repeat;overflow:hidden;padding:0;cursor:pointer;box-sizing:content-box\"><svg style=\"display:block;\" focusable=\"false\" aria-hidden=\"true\" xmlns=\"http:\/\/www.w3.org\/2000\/svg\" width=\"100%\" height=\"100%\" viewBox=\"0 0 32 32\"><path d=\"M6.227 12.61h4.19v13.48h-4.19V12.61zm2.095-6.7a2.43 2.43 0 0 1 0 4.86c-1.344 0-2.428-1.09-2.428-2.43s1.084-2.43 2.428-2.43m4.72 6.7h4.02v1.84h.058c.56-1.058 1.927-2.176 3.965-2.176 4.238 0 5.02 2.792 5.02 6.42v7.395h-4.183v-6.56c0-1.564-.03-3.574-2.178-3.574-2.18 0-2.514 1.7-2.514 3.46v6.668h-4.187V12.61z\" fill=\"#fff\"><\/path><\/svg><\/span><\/a><a aria-label=\"Pinterest\" class=\"heateor_sss_button_pinterest\" href=\"https:\/\/www.lacostituzione.info\/index.php\/2020\/05\/22\/le-affinita-elettive-ai-tempi-del-covid-19\/\" onclick=\"event.preventDefault();javascript:void( (function() {var e=document.createElement('script' );e.setAttribute('type','text\/javascript' );e.setAttribute('charset','UTF-8' );e.setAttribute('src','\/\/assets.pinterest.com\/js\/pinmarklet.js?r='+Math.random()*99999999);document.body.appendChild(e)})());\" title=\"Pinterest\" rel=\"noopener\" style=\"font-size:32px!important;box-shadow:none;display:inline-block;vertical-align:middle\"><span class=\"heateor_sss_svg heateor_sss_s__default heateor_sss_s_pinterest\" style=\"background-color:#cc2329;width:35px;height:35px;display:inline-block;opacity:1;float:left;font-size:32px;box-shadow:none;display:inline-block;font-size:16px;padding:0 4px;vertical-align:middle;background-repeat:repeat;overflow:hidden;padding:0;cursor:pointer;box-sizing:content-box\"><svg style=\"display:block;\" focusable=\"false\" aria-hidden=\"true\" xmlns=\"http:\/\/www.w3.org\/2000\/svg\" width=\"100%\" height=\"100%\" viewBox=\"-2 -2 35 35\"><path fill=\"#fff\" d=\"M16.539 4.5c-6.277 0-9.442 4.5-9.442 8.253 0 2.272.86 4.293 2.705 5.046.303.125.574.005.662-.33.061-.231.205-.816.27-1.06.088-.331.053-.447-.191-.736-.532-.627-.873-1.439-.873-2.591 0-3.338 2.498-6.327 6.505-6.327 3.548 0 5.497 2.168 5.497 5.062 0 3.81-1.686 7.025-4.188 7.025-1.382 0-2.416-1.142-2.085-2.545.397-1.674 1.166-3.48 1.166-4.689 0-1.081-.581-1.983-1.782-1.983-1.413 0-2.548 1.462-2.548 3.419 0 1.247.421 2.091.421 2.091l-1.699 7.199c-.505 2.137-.076 4.755-.039 5.019.021.158.223.196.314.077.13-.17 1.813-2.247 2.384-4.324.162-.587.929-3.631.929-3.631.46.876 1.801 1.646 3.227 1.646 4.247 0 7.128-3.871 7.128-9.053.003-3.918-3.317-7.568-8.361-7.568z\"\/><\/svg><\/span><\/a><a aria-label=\"Whatsapp\" class=\"heateor_sss_whatsapp\" href=\"https:\/\/api.whatsapp.com\/send?text=Le%20affinita%CC%80%20elettive%20ai%20tempi%20del%20Covid-19%20https%3A%2F%2Fwww.lacostituzione.info%2Findex.php%2F2020%2F05%2F22%2Fle-affinita-elettive-ai-tempi-del-covid-19%2F\" title=\"Whatsapp\" rel=\"nofollow noopener\" target=\"_blank\" style=\"font-size:32px!important;box-shadow:none;display:inline-block;vertical-align:middle\"><span class=\"heateor_sss_svg\" style=\"background-color:#55eb4c;width:35px;height:35px;display:inline-block;opacity:1;float:left;font-size:32px;box-shadow:none;display:inline-block;font-size:16px;padding:0 4px;vertical-align:middle;background-repeat:repeat;overflow:hidden;padding:0;cursor:pointer;box-sizing:content-box\"><svg style=\"display:block;\" focusable=\"false\" aria-hidden=\"true\" xmlns=\"http:\/\/www.w3.org\/2000\/svg\" width=\"100%\" height=\"100%\" viewBox=\"-6 -5 40 40\"><path class=\"heateor_sss_svg_stroke heateor_sss_no_fill\" stroke=\"#fff\" stroke-width=\"2\" fill=\"none\" d=\"M 11.579798566743314 24.396926207859085 A 10 10 0 1 0 6.808479557110079 20.73576436351046\"><\/path><path d=\"M 7 19 l -1 6 l 6 -1\" class=\"heateor_sss_no_fill heateor_sss_svg_stroke\" stroke=\"#fff\" stroke-width=\"2\" fill=\"none\"><\/path><path d=\"M 10 10 q -1 8 8 11 c 5 -1 0 -6 -1 -3 q -4 -3 -5 -5 c 4 -2 -1 -5 -1 -4\" fill=\"#fff\"><\/path><\/svg><\/span><\/a><\/div><div class=\"heateorSssClear\"><\/div><\/div><div class='heateorSssClear'><\/div>","protected":false},"author":1,"featured_media":0,"comment_status":"open","ping_status":"open","sticky":false,"template":"","format":"standard","meta":{"jetpack_post_was_ever_published":false,"_jetpack_newsletter_access":"","_jetpack_dont_email_post_to_subs":false,"_jetpack_newsletter_tier_id":0,"_jetpack_memberships_contains_paywalled_content":false,"_jetpack_memberships_contains_paid_content":false,"footnotes":"","jetpack_publicize_message":"","jetpack_publicize_feature_enabled":true,"jetpack_social_post_already_shared":false,"jetpack_social_options":{"image_generator_settings":{"template":"highway","default_image_id":0,"enabled":false},"version":2}},"categories":[5],"tags":[1486,939,1007],"class_list":["post-7170","post","type-post","status-publish","format-standard","hentry","category-lavori-in-corso","tag-liberta-di-circolazione","tag-regole","tag-virus"],"jetpack_publicize_connections":[],"jetpack_featured_media_url":"","jetpack_shortlink":"https:\/\/wp.me\/p84sDq-1RE","jetpack_likes_enabled":true,"jetpack_sharing_enabled":true,"_links":{"self":[{"href":"https:\/\/www.lacostituzione.info\/index.php\/wp-json\/wp\/v2\/posts\/7170","targetHints":{"allow":["GET"]}}],"collection":[{"href":"https:\/\/www.lacostituzione.info\/index.php\/wp-json\/wp\/v2\/posts"}],"about":[{"href":"https:\/\/www.lacostituzione.info\/index.php\/wp-json\/wp\/v2\/types\/post"}],"author":[{"embeddable":true,"href":"https:\/\/www.lacostituzione.info\/index.php\/wp-json\/wp\/v2\/users\/1"}],"replies":[{"embeddable":true,"href":"https:\/\/www.lacostituzione.info\/index.php\/wp-json\/wp\/v2\/comments?post=7170"}],"version-history":[{"count":0,"href":"https:\/\/www.lacostituzione.info\/index.php\/wp-json\/wp\/v2\/posts\/7170\/revisions"}],"wp:attachment":[{"href":"https:\/\/www.lacostituzione.info\/index.php\/wp-json\/wp\/v2\/media?parent=7170"}],"wp:term":[{"taxonomy":"category","embeddable":true,"href":"https:\/\/www.lacostituzione.info\/index.php\/wp-json\/wp\/v2\/categories?post=7170"},{"taxonomy":"post_tag","embeddable":true,"href":"https:\/\/www.lacostituzione.info\/index.php\/wp-json\/wp\/v2\/tags?post=7170"}],"curies":[{"name":"wp","href":"https:\/\/api.w.org\/{rel}","templated":true}]}}