{"id":7212,"date":"2020-06-14T17:55:47","date_gmt":"2020-06-14T15:55:47","guid":{"rendered":"http:\/\/www.lacostituzione.info\/?p=7212"},"modified":"2020-06-14T17:55:49","modified_gmt":"2020-06-14T15:55:49","slug":"ancora-unaltra-guerra-delle-statue","status":"publish","type":"post","link":"https:\/\/www.lacostituzione.info\/index.php\/2020\/06\/14\/ancora-unaltra-guerra-delle-statue\/","title":{"rendered":"Ancora un\u2019altra guerra delle statue"},"content":{"rendered":"\n<p style=\"text-align: center;\"><a href=\"http:\/\/www.lacostituzione.info\/wp-content\/uploads\/2020\/06\/indro.jpg\"><img loading=\"lazy\" decoding=\"async\" data-attachment-id=\"7213\" data-permalink=\"https:\/\/www.lacostituzione.info\/index.php\/2020\/06\/14\/ancora-unaltra-guerra-delle-statue\/indro\/#main\" data-orig-file=\"https:\/\/www.lacostituzione.info\/wp-content\/uploads\/2020\/06\/indro.jpg\" data-orig-size=\"656,492\" data-comments-opened=\"1\" data-image-meta=\"{&quot;aperture&quot;:&quot;0&quot;,&quot;credit&quot;:&quot;&quot;,&quot;camera&quot;:&quot;&quot;,&quot;caption&quot;:&quot;&quot;,&quot;created_timestamp&quot;:&quot;0&quot;,&quot;copyright&quot;:&quot;&quot;,&quot;focal_length&quot;:&quot;0&quot;,&quot;iso&quot;:&quot;0&quot;,&quot;shutter_speed&quot;:&quot;0&quot;,&quot;title&quot;:&quot;&quot;,&quot;orientation&quot;:&quot;0&quot;}\" data-image-title=\"indro\" data-image-description=\"\" data-image-caption=\"\" data-medium-file=\"https:\/\/www.lacostituzione.info\/wp-content\/uploads\/2020\/06\/indro-300x225.jpg\" data-large-file=\"https:\/\/www.lacostituzione.info\/wp-content\/uploads\/2020\/06\/indro.jpg\" class=\"aligncenter size-thumbnail wp-image-7213\" src=\"http:\/\/www.lacostituzione.info\/wp-content\/uploads\/2020\/06\/indro-150x150.jpg\" alt=\"\" width=\"150\" height=\"150\" \/><\/a>di\u00a0<strong>Anna Mastromarino<\/strong><\/p>\n<p>Non \u00e8 certo la prima volta che negli Stati Uniti, dopo essersi riversate contro istituzioni e forze dell\u2019ordine, rabbia e frustrazione generate dall\u2019ennesimo atto di razzismo finiscono con l\u2019essere dirette contro busti, sculture e monumenti:<!--more--> fino a ieri muti abitanti di piazze e strade delle citt\u00e0, oggi improvvisamente divenuti veicoli di pericolosi valori incompatibili con ogni principio democratico.<\/p>\n<p>Solo per ricordare episodi a noi pi\u00f9 vicini, ampiamente ripresi dai media, una vera e propria \u201cguerra di statue\u201d era gi\u00e0 stata avviata nel 2015, dopo l\u2019eccidio in una chiesa metodista nella citt\u00e0 di Charlottesvile e nell\u2019estate del 2017, nella medesima citt\u00e0, a seguito delle morti causate nel corso di un corteo di suprematisti bianchi. Oggi come allora sul banco degli imputati siedono il Generale Lee e altri pezzi di storia sudista, il <em>colossal<\/em> <em>Via col vento<\/em>, la serie <em>Hazard<\/em> e, rimontando nel tempo, lo stesso Cristoforo Colombo\u2026<\/p>\n<p>Il copione, negli Usa come in molti altri paesi, non cambia e forse, prima che questa crociata memoriale si esaurisca per essere venuti meno tutti i simboli contro cui indirizzarla, piuttosto che essersi esaurite le ragioni della lotta, sarebbe bene provare a fare qualche riflessione, andando un po\u2019 pi\u00f9 in l\u00e0 del mero schierarsi dalla parte del politicamente corretto o del cieco estremismo.<\/p>\n<p>Infatti, se \u00e8 vero che la memoria, anche quella istituzionale, \u00e8 il risultato di un alchemico processo di bilanciamento tra ricordo e oblio, bisogner\u00e0 riflettere sulle conseguenze, a volte gravi e collaterali, che la distruzione come azione del dimenticare pu\u00f2 comportare. Ma anche sugli effetti cui pu\u00f2 condurre &#8211; in nome di una tradizione che non fa che reiterare torti mai riparati &#8211; l\u2019autistica riproposizione di eventi e personaggi, che la ricerca storiografica ha provveduto a illuminare di nuova luce, intaccandone l\u2019aura mitica.<\/p>\n<p>Il giudizio circa l\u2019opportunit\u00e0 politica e la legittimit\u00e0 giuridica che in ambito pubblico si possa procedere ad abbattere e rimuovere monumenti e statue resta aperto, dal momento che i diritti in gioco sono molti e diversi, rendendo il bilanciamento tra loro difficile.<\/p>\n<p>La rabbia contro il razzismo e l\u2019ingiustizia che in questi giorni, come in altre occasioni, si concreta in una furia iconoclasta non andrebbe pertanto n\u00e9 demonizzata n\u00e9 beatificata. Piuttosto rilevata come espressione di un conflitto endemico che emerge e che le istituzioni devono gestire nell\u2019esercizio della loro funzione di integrazione politica. Non sono chiamate di per s\u00e9 a reprimere le tensioni e neppure ad assecondarle facendosi promotrici della rimozione di simboli di una memoria ora invisa a una parte: da esse si pretende piuttosto che sappiano rilevare e gestire il conflitto.<\/p>\n<p>La memoria non \u00e8 mai \u201cdetta\u201d una volta per tutte. Meno che mai oggi, nelle nostre societ\u00e0 complesse, dove il pluralismo qualifica le nostre esistenza e non pu\u00f2 che caratterizzare anche le nostre memorie, per questo inevitabilmente divise.<\/p>\n<p>Le strade sono piene di statue mute, che non trasmettono nulla al di l\u00e0 della fredda pietra. Non generano emozione, non producono sdegno. Sono silenziosi simboli di un passato apparentemente pacificato, che vive nel nostro presente. Non di meno, esistono divisioni sotterranee pronte a venire alla luce in qualunque momento e a rendere manifeste dispute che sembravano sopite, riattivando memorie represse e cos\u00ec riaccendendo guerre civili memoriali che travolgono quelle statue e ogni altro simbolo a essere correlate.<\/p>\n<p>Che fare dunque? \u00c8 possibile impedire questi risvegli memoriali a volte violenti? \u00c8 auspicabile neutralizzarli sul nascere?<\/p>\n<p>La risposta come tutte le risposte a fenomeni complessi non pu\u00f2 che essere complessa\u2026 e per questo pi\u00f9 facilmente comprendibile se ricondotta a una metafora. Quella della febbre, alta, sempre pi\u00f9 alta quando \u00e8 in corso un\u2019infezione. Ostinarsi a voler contenere la febbre, a curare la febbre in s\u00e9 significa concentrarsi sul sintomo, condannando il paziente a morire di setticemia.<\/p>\n<p>E\u2019 vero che la pratica della <em>damnatio memoriae <\/em>attraverso la distruzione dei segni del passato in ambito pubblico ha origini lontane ed \u00e8 strettamente legata al solido binomio potere-memoria, per cui il primo ha bisogno della seconda per fondare in chiave retrospettiva la propria origine, ma anche per immortalarsi prospettivamente. Non di meno, i nostri tempi si sono fatti pi\u00f9 esigenti, anche in termini di costruzione della memoria\u2026un processo complesso che per essere portato a compimento con successo deve muoversi tra coordinate quali la legittimazione, la plausibilit\u00e0 e l\u2019inclusione.<\/p>\n<p>Non basta dunque abbattere e ricostruire, non basta neppure, in chiave orwelliana, inventare nuove memorie giorno per giorno adatte al presente o limitarsi a conservare passivamente l\u2019esistente.<\/p>\n<p>Se un tempo la memoria era fatta di celebrazione, oggi \u00e8 fatta pi\u00f9 di riflessione che di rievocazione; nelle nostre societ\u00e0 il rito memoriale ha senso se si fa commemorazione in funzione del presente e non della mera esaltazione del passato.<\/p>\n<p>Nell\u2019ultimo secolo abbiamo visto progressivamente cambiare le forme della memoria pubblica. Dal primo dopoguerra, passando poi attraverso l\u2019insegnamento della teoria del contro-monumento, \u00e8 andata prendendo spazio un\u2019idea di memoria per cos\u00ec dire dialogica, in cui lo Stato \u00e8 chiamato non a definire memorie, bens\u00ec ad inaugurare arene dove trovano spazio le diverse memorie divise del corpo sociale, quelle contrastanti, ma anche quelle represse, mai esplicitate.<\/p>\n<p>La memoria pubblica diviene luogo della presenza, ma anche dell\u2019assenza, facendosi occasione di manifestazione per tutti quei soggetti che sono parte della storia, pur non avendo mai contribuito alla sua scrittura. In quelle arene memoriali, anche attraverso il rifiuto della \u201cversione\u201d istituzionale della storia, coloro che in passato sono stati esclusi oggi possono divenire voce narrante e contribuire a costruire nuove memorie. Quelle statue sinora silenziose tornano a parlare. A volta possono anche urlare.<\/p>\n<p>La memoria istituzionale nelle nostre democrazie costituzionali non pu\u00f2 che essere una memoria che accetta il conflitto. Una memoria che, pertanto, \u00e8 resa discorsiva. Una memoria delle possibilit\u00e0.<\/p>\n<p>Questo tipo di memoria non pu\u00f2 escludere il verificarsi di episodi di iconoclastia, soprattutto in corrispondenza di momenti di transizione o colpi di Stato (anche se qui bisognerebbe sottolineare l\u2019assenza effettiva di uno Stato che rende il caso diverso\u2026.). Ma non \u00e8 possibile neppure limitarsi a rilevarli, reprimerli, normalizzarli\u2026l\u2019impegno memoriale cui lo stato costituzionale chiama \u00e8 pi\u00f9 articolato, impegnativo e coinvolge la memoria in una funzione che va ben al di l\u00e0 della mera cerimonia. Una funzione performante, pedagogica: la memoria oggi deve dare di che pensare, deve ingaggiare un confronto con i cittadini, deve mettersi alla prova, anche a costo di riaprire ferite mai cicatrizzate, per trovare nuove forme di convivenza pacifica.<\/p>\n<p>E allora \u00e8 importante che tra assecondare e benedire si scelga piuttosto una terza via, quella pi\u00f9 difficile, ma l\u2019unica davvero capace di dare i suoi frutti memoriali. La via della ricontestualizzazione, del dire di nuovo con parole nuove e inclusive, adatte a un nuovo pubblico, pi\u00f9 ampio.<\/p>\n<p>Parole capaci di riparare le ingiustizie, di raccontare, di esplicitare i valori su cui la societ\u00e0 si fonda.<\/p>\n<p>Dai pubblici poteri infatti, in un sistema democratico, si deve pretendere prima di tutto la capacit\u00e0 di affrontare il passato, non di rimuoverlo; di conoscerlo e di raccontarlo, fino a farlo diventare esso stesso strumento per rafforzare i valori costituzionali su cui si basa il presente.<\/p>\n<p>\u00c8 nella definizione di questa narrazione del passato che si misura il grado di elaborazione proattiva della memoria raggiunto da una comunit\u00e0: nella capacit\u00e0 di bonificare i luoghi e di ricontestualizzare il dolore patito in opportunit\u00e0 per il presente, trasformando spazi che sono stati scene di violenza, traumi, ingiustizia in luoghi di commemorazione di valori come la pace, la dignit\u00e0 e la giustizia.<\/p>\n<p>Quelle statue, per odiose che sembrino, si trasformano cos\u00ec in occasione per raccontare nuove memorie, per illuminare quelle assenze della storia che oggi si convertono in presenze di memoria.<\/p>\n<p>Quando ci si sente esclusi dalla narrazione del passato di una comunit\u00e0, la convivenza con i simboli memoriali di quel racconto collettivo diviene intollerabile. Ma la rimozione non pu\u00f2 essere la via, perch\u00e9 distruggere vuol dire perdere pezzi, impedendo alle generazioni future di avere accesso diretto alla storia, anche attraverso la conservazione o la contestazione di spazi artistici e architettonici che rappresentano occasioni di rielaborazione di una versione coerente del passato, che divenendo intellegibile si fa presente e memoria.\u00a0Significa nascondere, impedire di raccontare un\u2019altra storia.<\/p>\n<p>Al contrario, ricontestualizzare significa rileggere alla luce dei valori di oggi le scelte commemorative del passato; significa rigenerare la societ\u00e0 a partire dai valori costituzionali su cui fondiamo le nostre comunit\u00e0. Perch\u00e9 la memoria non \u00e8 solo espressione di un collettivo bisogno di celebrare; oggi pi\u00f9 che mai \u00e8 piuttosto un\u2019opportunit\u00e0 di conoscere e un\u2019occasione per ricordare di nuovo da che parte stare e dire <em>never again<\/em>, <em>nunca m\u00e1s<\/em>. Mai pi\u00f9 un altro Floyd.<\/p>\n","protected":false},"excerpt":{"rendered":"<p>di\u00a0Anna Mastromarino Non \u00e8 certo la prima volta che negli Stati Uniti, dopo essersi riversate contro istituzioni e forze dell\u2019ordine, rabbia e frustrazione generate dall\u2019ennesimo atto di razzismo finiscono con l\u2019essere dirette contro busti, sculture e monumenti:<\/p>\n<div class='heateorSssClear'><\/div><div  class='heateor_sss_sharing_container heateor_sss_horizontal_sharing' data-heateor-sss-href='https:\/\/www.lacostituzione.info\/index.php\/2020\/06\/14\/ancora-unaltra-guerra-delle-statue\/'><div class='heateor_sss_sharing_title' style=\"font-weight:bold\" >Condividi!<\/div><div class=\"heateor_sss_sharing_ul\"><a aria-label=\"Facebook\" class=\"heateor_sss_facebook\" href=\"https:\/\/www.facebook.com\/sharer\/sharer.php?u=https%3A%2F%2Fwww.lacostituzione.info%2Findex.php%2F2020%2F06%2F14%2Fancora-unaltra-guerra-delle-statue%2F\" title=\"Facebook\" rel=\"nofollow noopener\" target=\"_blank\" style=\"font-size:32px!important;box-shadow:none;display:inline-block;vertical-align:middle\"><span class=\"heateor_sss_svg\" style=\"background-color:#0765FE;width:35px;height:35px;display:inline-block;opacity:1;float:left;font-size:32px;box-shadow:none;display:inline-block;font-size:16px;padding:0 4px;vertical-align:middle;background-repeat:repeat;overflow:hidden;padding:0;cursor:pointer;box-sizing:content-box\"><svg style=\"display:block;\" focusable=\"false\" aria-hidden=\"true\" xmlns=\"http:\/\/www.w3.org\/2000\/svg\" width=\"100%\" height=\"100%\" viewBox=\"0 0 32 32\"><path fill=\"#fff\" d=\"M28 16c0-6.627-5.373-12-12-12S4 9.373 4 16c0 5.628 3.875 10.35 9.101 11.647v-7.98h-2.474V16H13.1v-1.58c0-4.085 1.849-5.978 5.859-5.978.76 0 2.072.15 2.608.298v3.325c-.283-.03-.775-.045-1.386-.045-1.967 0-2.728.745-2.728 2.683V16h3.92l-.673 3.667h-3.247v8.245C23.395 27.195 28 22.135 28 16Z\"><\/path><\/svg><\/span><\/a><a aria-label=\"Twitter\" class=\"heateor_sss_button_twitter\" href=\"https:\/\/twitter.com\/intent\/tweet?text=Ancora%20un%E2%80%99altra%20guerra%20delle%20statue&url=https%3A%2F%2Fwww.lacostituzione.info%2Findex.php%2F2020%2F06%2F14%2Fancora-unaltra-guerra-delle-statue%2F\" title=\"Twitter\" rel=\"nofollow noopener\" target=\"_blank\" style=\"font-size:32px!important;box-shadow:none;display:inline-block;vertical-align:middle\"><span class=\"heateor_sss_svg heateor_sss_s__default heateor_sss_s_twitter\" style=\"background-color:#55acee;width:35px;height:35px;display:inline-block;opacity:1;float:left;font-size:32px;box-shadow:none;display:inline-block;font-size:16px;padding:0 4px;vertical-align:middle;background-repeat:repeat;overflow:hidden;padding:0;cursor:pointer;box-sizing:content-box\"><svg style=\"display:block;\" focusable=\"false\" aria-hidden=\"true\" xmlns=\"http:\/\/www.w3.org\/2000\/svg\" width=\"100%\" height=\"100%\" viewBox=\"-4 -4 39 39\"><path d=\"M28 8.557a9.913 9.913 0 0 1-2.828.775 4.93 4.93 0 0 0 2.166-2.725 9.738 9.738 0 0 1-3.13 1.194 4.92 4.92 0 0 0-3.593-1.55 4.924 4.924 0 0 0-4.794 6.049c-4.09-.21-7.72-2.17-10.15-5.15a4.942 4.942 0 0 0-.665 2.477c0 1.71.87 3.214 2.19 4.1a4.968 4.968 0 0 1-2.23-.616v.06c0 2.39 1.7 4.38 3.952 4.83-.414.115-.85.174-1.297.174-.318 0-.626-.03-.928-.086a4.935 4.935 0 0 0 4.6 3.42 9.893 9.893 0 0 1-6.114 2.107c-.398 0-.79-.023-1.175-.068a13.953 13.953 0 0 0 7.55 2.213c9.056 0 14.01-7.507 14.01-14.013 0-.213-.005-.426-.015-.637.96-.695 1.795-1.56 2.455-2.55z\" fill=\"#fff\"><\/path><\/svg><\/span><\/a><a aria-label=\"Reddit\" class=\"heateor_sss_button_reddit\" href=\"https:\/\/reddit.com\/submit?url=https%3A%2F%2Fwww.lacostituzione.info%2Findex.php%2F2020%2F06%2F14%2Fancora-unaltra-guerra-delle-statue%2F&title=Ancora%20un%E2%80%99altra%20guerra%20delle%20statue\" title=\"Reddit\" rel=\"nofollow noopener\" target=\"_blank\" style=\"font-size:32px!important;box-shadow:none;display:inline-block;vertical-align:middle\"><span class=\"heateor_sss_svg heateor_sss_s__default heateor_sss_s_reddit\" style=\"background-color:#ff5700;width:35px;height:35px;display:inline-block;opacity:1;float:left;font-size:32px;box-shadow:none;display:inline-block;font-size:16px;padding:0 4px;vertical-align:middle;background-repeat:repeat;overflow:hidden;padding:0;cursor:pointer;box-sizing:content-box\"><svg style=\"display:block;\" focusable=\"false\" aria-hidden=\"true\" xmlns=\"http:\/\/www.w3.org\/2000\/svg\" width=\"100%\" height=\"100%\" viewBox=\"-3.5 -3.5 39 39\"><path d=\"M28.543 15.774a2.953 2.953 0 0 0-2.951-2.949 2.882 2.882 0 0 0-1.9.713 14.075 14.075 0 0 0-6.85-2.044l1.38-4.349 3.768.884a2.452 2.452 0 1 0 .24-1.176l-4.274-1a.6.6 0 0 0-.709.4l-1.659 5.224a14.314 14.314 0 0 0-7.316 2.029 2.908 2.908 0 0 0-1.872-.681 2.942 2.942 0 0 0-1.618 5.4 5.109 5.109 0 0 0-.062.765c0 4.158 5.037 7.541 11.229 7.541s11.22-3.383 11.22-7.541a5.2 5.2 0 0 0-.053-.706 2.963 2.963 0 0 0 1.427-2.51zm-18.008 1.88a1.753 1.753 0 0 1 1.73-1.74 1.73 1.73 0 0 1 1.709 1.74 1.709 1.709 0 0 1-1.709 1.711 1.733 1.733 0 0 1-1.73-1.711zm9.565 4.968a5.573 5.573 0 0 1-4.081 1.272h-.032a5.576 5.576 0 0 1-4.087-1.272.6.6 0 0 1 .844-.854 4.5 4.5 0 0 0 3.238.927h.032a4.5 4.5 0 0 0 3.237-.927.6.6 0 1 1 .844.854zm-.331-3.256a1.726 1.726 0 1 1 1.709-1.712 1.717 1.717 0 0 1-1.712 1.712z\" fill=\"#fff\"\/><\/svg><\/span><\/a><a aria-label=\"Linkedin\" class=\"heateor_sss_button_linkedin\" href=\"https:\/\/www.linkedin.com\/sharing\/share-offsite\/?url=https%3A%2F%2Fwww.lacostituzione.info%2Findex.php%2F2020%2F06%2F14%2Fancora-unaltra-guerra-delle-statue%2F\" title=\"Linkedin\" rel=\"nofollow noopener\" target=\"_blank\" style=\"font-size:32px!important;box-shadow:none;display:inline-block;vertical-align:middle\"><span class=\"heateor_sss_svg heateor_sss_s__default heateor_sss_s_linkedin\" style=\"background-color:#0077b5;width:35px;height:35px;display:inline-block;opacity:1;float:left;font-size:32px;box-shadow:none;display:inline-block;font-size:16px;padding:0 4px;vertical-align:middle;background-repeat:repeat;overflow:hidden;padding:0;cursor:pointer;box-sizing:content-box\"><svg style=\"display:block;\" focusable=\"false\" aria-hidden=\"true\" xmlns=\"http:\/\/www.w3.org\/2000\/svg\" width=\"100%\" height=\"100%\" viewBox=\"0 0 32 32\"><path d=\"M6.227 12.61h4.19v13.48h-4.19V12.61zm2.095-6.7a2.43 2.43 0 0 1 0 4.86c-1.344 0-2.428-1.09-2.428-2.43s1.084-2.43 2.428-2.43m4.72 6.7h4.02v1.84h.058c.56-1.058 1.927-2.176 3.965-2.176 4.238 0 5.02 2.792 5.02 6.42v7.395h-4.183v-6.56c0-1.564-.03-3.574-2.178-3.574-2.18 0-2.514 1.7-2.514 3.46v6.668h-4.187V12.61z\" fill=\"#fff\"><\/path><\/svg><\/span><\/a><a aria-label=\"Pinterest\" class=\"heateor_sss_button_pinterest\" href=\"https:\/\/www.lacostituzione.info\/index.php\/2020\/06\/14\/ancora-unaltra-guerra-delle-statue\/\" onclick=\"event.preventDefault();javascript:void( (function() {var e=document.createElement('script' );e.setAttribute('type','text\/javascript' );e.setAttribute('charset','UTF-8' );e.setAttribute('src','\/\/assets.pinterest.com\/js\/pinmarklet.js?r='+Math.random()*99999999);document.body.appendChild(e)})());\" title=\"Pinterest\" rel=\"noopener\" style=\"font-size:32px!important;box-shadow:none;display:inline-block;vertical-align:middle\"><span class=\"heateor_sss_svg heateor_sss_s__default heateor_sss_s_pinterest\" style=\"background-color:#cc2329;width:35px;height:35px;display:inline-block;opacity:1;float:left;font-size:32px;box-shadow:none;display:inline-block;font-size:16px;padding:0 4px;vertical-align:middle;background-repeat:repeat;overflow:hidden;padding:0;cursor:pointer;box-sizing:content-box\"><svg style=\"display:block;\" focusable=\"false\" aria-hidden=\"true\" xmlns=\"http:\/\/www.w3.org\/2000\/svg\" width=\"100%\" height=\"100%\" viewBox=\"-2 -2 35 35\"><path fill=\"#fff\" d=\"M16.539 4.5c-6.277 0-9.442 4.5-9.442 8.253 0 2.272.86 4.293 2.705 5.046.303.125.574.005.662-.33.061-.231.205-.816.27-1.06.088-.331.053-.447-.191-.736-.532-.627-.873-1.439-.873-2.591 0-3.338 2.498-6.327 6.505-6.327 3.548 0 5.497 2.168 5.497 5.062 0 3.81-1.686 7.025-4.188 7.025-1.382 0-2.416-1.142-2.085-2.545.397-1.674 1.166-3.48 1.166-4.689 0-1.081-.581-1.983-1.782-1.983-1.413 0-2.548 1.462-2.548 3.419 0 1.247.421 2.091.421 2.091l-1.699 7.199c-.505 2.137-.076 4.755-.039 5.019.021.158.223.196.314.077.13-.17 1.813-2.247 2.384-4.324.162-.587.929-3.631.929-3.631.46.876 1.801 1.646 3.227 1.646 4.247 0 7.128-3.871 7.128-9.053.003-3.918-3.317-7.568-8.361-7.568z\"\/><\/svg><\/span><\/a><a aria-label=\"Whatsapp\" class=\"heateor_sss_whatsapp\" href=\"https:\/\/api.whatsapp.com\/send?text=Ancora%20un%E2%80%99altra%20guerra%20delle%20statue%20https%3A%2F%2Fwww.lacostituzione.info%2Findex.php%2F2020%2F06%2F14%2Fancora-unaltra-guerra-delle-statue%2F\" title=\"Whatsapp\" rel=\"nofollow noopener\" target=\"_blank\" style=\"font-size:32px!important;box-shadow:none;display:inline-block;vertical-align:middle\"><span class=\"heateor_sss_svg\" style=\"background-color:#55eb4c;width:35px;height:35px;display:inline-block;opacity:1;float:left;font-size:32px;box-shadow:none;display:inline-block;font-size:16px;padding:0 4px;vertical-align:middle;background-repeat:repeat;overflow:hidden;padding:0;cursor:pointer;box-sizing:content-box\"><svg style=\"display:block;\" focusable=\"false\" aria-hidden=\"true\" xmlns=\"http:\/\/www.w3.org\/2000\/svg\" width=\"100%\" height=\"100%\" viewBox=\"-6 -5 40 40\"><path class=\"heateor_sss_svg_stroke heateor_sss_no_fill\" stroke=\"#fff\" stroke-width=\"2\" fill=\"none\" d=\"M 11.579798566743314 24.396926207859085 A 10 10 0 1 0 6.808479557110079 20.73576436351046\"><\/path><path d=\"M 7 19 l -1 6 l 6 -1\" class=\"heateor_sss_no_fill heateor_sss_svg_stroke\" stroke=\"#fff\" stroke-width=\"2\" fill=\"none\"><\/path><path d=\"M 10 10 q -1 8 8 11 c 5 -1 0 -6 -1 -3 q -4 -3 -5 -5 c 4 -2 -1 -5 -1 -4\" fill=\"#fff\"><\/path><\/svg><\/span><\/a><\/div><div class=\"heateorSssClear\"><\/div><\/div><div class='heateorSssClear'><\/div>","protected":false},"author":1,"featured_media":0,"comment_status":"open","ping_status":"open","sticky":false,"template":"","format":"standard","meta":{"jetpack_post_was_ever_published":false,"_jetpack_newsletter_access":"","_jetpack_dont_email_post_to_subs":false,"_jetpack_newsletter_tier_id":0,"_jetpack_memberships_contains_paywalled_content":false,"_jetpack_memberships_contains_paid_content":false,"footnotes":"","jetpack_publicize_message":"","jetpack_publicize_feature_enabled":true,"jetpack_social_post_already_shared":false,"jetpack_social_options":{"image_generator_settings":{"template":"highway","default_image_id":0,"enabled":false},"version":2}},"categories":[12],"tags":[1522,1442],"class_list":["post-7212","post","type-post","status-publish","format-standard","hentry","category-editoriale","tag-iconoclastia","tag-memoria-storica"],"jetpack_publicize_connections":[],"jetpack_featured_media_url":"","jetpack_shortlink":"https:\/\/wp.me\/p84sDq-1Sk","jetpack_likes_enabled":true,"jetpack_sharing_enabled":true,"_links":{"self":[{"href":"https:\/\/www.lacostituzione.info\/index.php\/wp-json\/wp\/v2\/posts\/7212","targetHints":{"allow":["GET"]}}],"collection":[{"href":"https:\/\/www.lacostituzione.info\/index.php\/wp-json\/wp\/v2\/posts"}],"about":[{"href":"https:\/\/www.lacostituzione.info\/index.php\/wp-json\/wp\/v2\/types\/post"}],"author":[{"embeddable":true,"href":"https:\/\/www.lacostituzione.info\/index.php\/wp-json\/wp\/v2\/users\/1"}],"replies":[{"embeddable":true,"href":"https:\/\/www.lacostituzione.info\/index.php\/wp-json\/wp\/v2\/comments?post=7212"}],"version-history":[{"count":0,"href":"https:\/\/www.lacostituzione.info\/index.php\/wp-json\/wp\/v2\/posts\/7212\/revisions"}],"wp:attachment":[{"href":"https:\/\/www.lacostituzione.info\/index.php\/wp-json\/wp\/v2\/media?parent=7212"}],"wp:term":[{"taxonomy":"category","embeddable":true,"href":"https:\/\/www.lacostituzione.info\/index.php\/wp-json\/wp\/v2\/categories?post=7212"},{"taxonomy":"post_tag","embeddable":true,"href":"https:\/\/www.lacostituzione.info\/index.php\/wp-json\/wp\/v2\/tags?post=7212"}],"curies":[{"name":"wp","href":"https:\/\/api.w.org\/{rel}","templated":true}]}}