{"id":7254,"date":"2020-08-11T09:44:05","date_gmt":"2020-08-11T07:44:05","guid":{"rendered":"http:\/\/www.lacostituzione.info\/?p=7254"},"modified":"2020-08-11T09:44:07","modified_gmt":"2020-08-11T07:44:07","slug":"uno-scandalo-al-sole-il-bonus-partite-iva-e-la-propaganda-in-vista-del-referendum-costituzionale","status":"publish","type":"post","link":"https:\/\/www.lacostituzione.info\/index.php\/2020\/08\/11\/uno-scandalo-al-sole-il-bonus-partite-iva-e-la-propaganda-in-vista-del-referendum-costituzionale\/","title":{"rendered":"Uno scandalo al sole: il Bonus Partite IVA e la propaganda in vista del referendum costituzionale"},"content":{"rendered":"\n<p class=\"Standard\" style=\"text-align: justify; text-justify: inter-ideograph;\"><a href=\"http:\/\/www.lacostituzione.info\/wp-content\/uploads\/2020\/08\/gogna.jpg\"><img loading=\"lazy\" decoding=\"async\" data-attachment-id=\"7255\" data-permalink=\"https:\/\/www.lacostituzione.info\/index.php\/2020\/08\/11\/uno-scandalo-al-sole-il-bonus-partite-iva-e-la-propaganda-in-vista-del-referendum-costituzionale\/gogna-2\/#main\" data-orig-file=\"https:\/\/www.lacostituzione.info\/wp-content\/uploads\/2020\/08\/gogna.jpg\" data-orig-size=\"197,255\" data-comments-opened=\"1\" data-image-meta=\"{&quot;aperture&quot;:&quot;0&quot;,&quot;credit&quot;:&quot;&quot;,&quot;camera&quot;:&quot;&quot;,&quot;caption&quot;:&quot;&quot;,&quot;created_timestamp&quot;:&quot;0&quot;,&quot;copyright&quot;:&quot;&quot;,&quot;focal_length&quot;:&quot;0&quot;,&quot;iso&quot;:&quot;0&quot;,&quot;shutter_speed&quot;:&quot;0&quot;,&quot;title&quot;:&quot;&quot;,&quot;orientation&quot;:&quot;0&quot;}\" data-image-title=\"gogna\" data-image-description=\"\" data-image-caption=\"\" data-medium-file=\"https:\/\/www.lacostituzione.info\/wp-content\/uploads\/2020\/08\/gogna.jpg\" data-large-file=\"https:\/\/www.lacostituzione.info\/wp-content\/uploads\/2020\/08\/gogna.jpg\" class=\"size-thumbnail wp-image-7255 alignleft\" src=\"http:\/\/www.lacostituzione.info\/wp-content\/uploads\/2020\/08\/gogna-150x150.jpg\" alt=\"\" width=\"150\" height=\"150\" \/><\/a>di <strong>Elena Falletti<\/strong><\/p>\n<p class=\"Standard\" style=\"text-align: justify; text-justify: inter-ideograph;\">In questi giorni caldi d\u2019agosto c\u2019\u00e8 uno scandalo al sole che indigna (<i>e appassiona<\/i>) gli italiani, sia quelli che possono permettersi delle vacanze ristoratrici dopo gli stress dovuti al lockdown e alla pandemia, sia quelli che (<i>ahiloro<\/i>) non riescono a godersi una pausa tra l\u2019inverno e la primavera passati cos\u00ec faticosamente e il nebuloso autunno che ci aspetter\u00e0 tra qualche settimana. Si tratta del Bonus di 600 euro diretto alle partite IVA previsto dal Decreto Cura Italia.<!--more--> Esso era stato erogato senza particolari requisiti: era sufficiente la titolarit\u00e0 di una partita IVA, indipendentemente dal reddito, dall\u2019effettivo calo di fatturato e\/o dal patrimonio.<\/p>\n<p class=\"Standard\" style=\"text-align: justify; text-justify: inter-ideograph;\">E quindi?<\/p>\n<p class=\"Standard\" style=\"text-align: justify; text-justify: inter-ideograph;\">A quanto pare (<i>ed era ampiamente prevedibile, data la discutibile assenza di requisiti da parte della norma erogativa<\/i>) si \u00e8 verificato l\u2019assalto alla diligenza: moltissimi titolari di partite IVA, indipendentemente dal loro reddito, dall\u2019effettivo calo di fatturato subito, dal loro patrimonio, ne hanno fatto richiesta. Legittimamente: non erano previsti particolari requisiti. Del resto, il bonus in questione era una misura d\u2019urgenza, non si \u00e8 avuto tempo per pensare a una misura strutturale, ma si \u00e8 realizzato in una erogazione a pioggia di denaro che ha evangelicamente bagnato tutti, sia chi ne aveva bisogno, sia chi no.<\/p>\n<p class=\"Standard\" style=\"text-align: justify; text-justify: inter-ideograph;\">Cos\u00ec, durante questo fine settimana, una notizia pubblicata da un primario quotidiano nazionale ha fatto emergere che tra coloro i quali hanno richiesto (<i>e quindi ottenuto<\/i>) il suddetto bonus c\u2019erano anche cinque parlamentari (<i>cio\u00e8 lo 0,54% dei membri del Parlamento<\/i>), gi\u00e0 destinatari dei principeschi emolumenti legati al loro <i>status<\/i>. Successivamente, si \u00e8 scoperto che tra questi vi sono esponenti di principali forze politiche che hanno fatto della fustigazione moralistica dei malcostumi degli amministratori pubblici la loro linea politica. Poi, ancora, \u00e8 emerso che tra i richiedenti (<i>e quindi recipienti<\/i>) di tale sussidio vi sono molti altri soggetti che certo non fanno fatica a tirare fino a fine mese.<\/p>\n<p class=\"Standard\" style=\"text-align: justify; text-justify: inter-ideograph;\">Come in un crescendo rossiniano \u00e8 montata la rabbia popolare contro siffatti comportamenti. Tuttavia, perch\u00e9 stupirsi?<\/p>\n<p class=\"Standard\" style=\"text-align: justify; text-justify: inter-ideograph;\">Se da un lato diventa quasi banale affermare che il Parlamento \u00e8 lo specchio del nostro Paese, e quindi non \u00e8 immune da condotte discutibili cos\u00ec diffuse nella societ\u00e0 italiana, dall\u2019altro lato, emergono riflessioni pi\u00f9 complesse che concernono il rapporto tra la nostra societ\u00e0 e i concetti di legalit\u00e0, giustizia, equit\u00e0, etica, morale e moralismo.<\/p>\n<p class=\"Standard\" style=\"text-align: justify; text-justify: inter-ideograph;\">Partendo dalla circostanza che legalit\u00e0, giustizia, equit\u00e0, etica, morale e moralismo non coincidono mai, ed \u00e8 bene che sia cos\u00ec, perch\u00e9 \u00e8 necessario che ciascun summenzionato concetto se ne stia al suo specifico posto, tanto da un punto di vista filosofico quanto da quello giuridico. In estrema sintesi, la legalit\u00e0 riguarda il rispetto delle leggi, la giustizia la loro applicazione, l\u2019equit\u00e0 la loro interpretazione, l\u2019etica la loro formulazione, la morale lo spirito appropriato con il quale il singolo consociato obbedisce a tali leggi. In questa mia personale categorizzazione soltanto un concetto rimane orfano di un ruolo ed \u00e8 il moralismo. Cosa \u00e8 il moralismo? Esso riguarda il tasso di (<i>in<\/i>)tolleranza con cui giudichiamo i comportamenti altrui senza pensare a come poniamo in essere i nostri comportamenti in circostanze analoghe.<\/p>\n<p class=\"Standard\" style=\"text-align: justify; text-justify: inter-ideograph;\">Si pu\u00f2 affermare che il moralismo \u00e8 cos\u00ec fastidiosamente diffuso da ammantare ogni avvenimento pubblico (<i>e spesso pure privato<\/i>) accaduto in questi ultimi anni: tutti pronti a giudicare chiunque, spesso duramente, e a essere indulgenti con se stessi.<\/p>\n<p class=\"Standard\" style=\"text-align: justify; text-justify: inter-ideograph;\">Adesso tiro le fila del mio discorso. Perch\u00e9 quest\u2019ultimo scandalo estivo \u00e8 particolarmente fastidioso? Non certo per i 600 euro in pi\u00f9 che diverse pasciute partite IVA hanno sottratto alle casse pubbliche. Dal punto di vista contabile <i>(e morale)<\/i> non sono differenti dalle enormi quantit\u00e0 di denaro sottratte alla annuale denuncia dei redditi da parte di molte di esse, e quindi di tasse, e cio\u00e8 di denaro pubblico destinato alla erogazione dei servizi pubblici. Quindi dal (<i>mio<\/i>) punto di vista (<i>concettuale<\/i>) non c\u2019\u00e8 differenza. Infatti, se si completasse una vera operazione di trasparenza tributaria si scatenerebbe una rivolta. Chi ha una buona memoria, ricorder\u00e0 che questo rischio quasi si concretizz\u00f2 nel 2008, quando un ministro delle finanze a fine mandato autorizz\u00f2 la pubblicazione delle denunce dei redditi di tutti i contribuenti italiani. Chi si ricorda come and\u00f2 a finire? Che le denunce dei redditi non sono pi\u00f9 pubblicamente consultabili.<\/p>\n<p class=\"Standard\" style=\"text-align: justify; text-justify: inter-ideograph;\">Ci\u00f2 che irrita in questa storia di finti moralismi (<i>e veri abusi<\/i>) \u00e8 che alla base di questo scandalo sussiste il fatto che fosse legittimo richiedere il contributo, ma inopportuno incassarlo da parte di chi non presentava situazioni di bisogno. Insomma, in assenza di specifiche disposizioni normative, sarebbe stato necessario un comportamento di autodisciplina morale, soprattutto da parte di esponenti che ricoprono incarichi politici ovvero pubblici, specie da coloro che siedono in Parlamento dato che la <i>ratio<\/i> del provvedimento stesso era chiara fin da subito: offrire un contributo a chi era rimasto senza possibilit\u00e0 di lavorare per via del blocco generalizzato delle attivit\u00e0 economiche.<\/p>\n<p class=\"Standard\" style=\"text-align: justify; text-justify: inter-ideograph;\">Questa assenza di autodisciplina morale \u00e8 presto diventata facile occasione di condanna moralistica da parte dell\u2019opinione pubblica, seguendo il filo della propaganda politica ai fini di screditare la rappresentanza delle istituzioni a poche settimane dall\u2019espletamento del referendum costituzionale sulla riduzione dei parlamentari.<\/p>\n<p class=\"Standard\" style=\"text-align: justify; text-justify: inter-ideograph;\">Infatti, a parere di chi scrive, questo scandalo rappresenta una mossa propagandistica per veicolare un messaggio a pronta presa, ma profondamente errato. Esso consente la confusione, in senso spregiativo, dell\u2019istituzione parlamentare con i suoi rappresentanti, poich\u00e9 attraverso quest\u2019ultimo scandalo raffigura il ruolo parlamentare come una doppia fonte di spreco di denaro pubblico, nonostante i parlamentari coinvolti sembrino essere una percentuale minima dei componenti dell\u2019Emiciclo.<\/p>\n<p class=\"Standard\" style=\"text-align: justify; text-justify: inter-ideograph;\">Infine, circostanza pi\u00f9 preoccupante, collega concettualmente la riduzione del numero dei parlamentari stessi all\u2019abbassamento dei costi della politica, a detrimento della rappresentanza democratica, quando si tratta di due piani concettuali indipendenti. Tuttavia ancora nessuno ha chiarito all\u2019opinione pubblica, cos\u00ec sollecitata da non prestare neppure una minima attenzione su questo punto, quali saranno i costi che dovr\u00e0 pagare la rappresentanza democratica a favore di quella che si prospetta divenire una oligarchia, con la riduzione dei suoi membri, ma senza alcuna certezza della diminuzione dei suoi costi.<\/p>\n","protected":false},"excerpt":{"rendered":"<p>di Elena Falletti In questi giorni caldi d\u2019agosto c\u2019\u00e8 uno scandalo al sole che indigna (e appassiona) gli italiani, sia quelli che possono permettersi delle vacanze ristoratrici dopo gli stress dovuti al lockdown e alla pandemia, sia quelli che (ahiloro) non riescono a godersi una pausa tra l\u2019inverno e la primavera passati cos\u00ec faticosamente e &#8230; <a title=\"Uno scandalo al sole: il Bonus Partite IVA e la propaganda in vista del referendum costituzionale\" class=\"read-more\" href=\"https:\/\/www.lacostituzione.info\/index.php\/2020\/08\/11\/uno-scandalo-al-sole-il-bonus-partite-iva-e-la-propaganda-in-vista-del-referendum-costituzionale\/\">Leggi tutto<\/a><\/p>\n<div class='heateorSssClear'><\/div><div  class='heateor_sss_sharing_container heateor_sss_horizontal_sharing' data-heateor-sss-href='https:\/\/www.lacostituzione.info\/index.php\/2020\/08\/11\/uno-scandalo-al-sole-il-bonus-partite-iva-e-la-propaganda-in-vista-del-referendum-costituzionale\/'><div class='heateor_sss_sharing_title' style=\"font-weight:bold\" >Condividi!<\/div><div class=\"heateor_sss_sharing_ul\"><a aria-label=\"Facebook\" class=\"heateor_sss_facebook\" href=\"https:\/\/www.facebook.com\/sharer\/sharer.php?u=https%3A%2F%2Fwww.lacostituzione.info%2Findex.php%2F2020%2F08%2F11%2Funo-scandalo-al-sole-il-bonus-partite-iva-e-la-propaganda-in-vista-del-referendum-costituzionale%2F\" title=\"Facebook\" rel=\"nofollow noopener\" target=\"_blank\" style=\"font-size:32px!important;box-shadow:none;display:inline-block;vertical-align:middle\"><span class=\"heateor_sss_svg\" style=\"background-color:#0765FE;width:35px;height:35px;display:inline-block;opacity:1;float:left;font-size:32px;box-shadow:none;display:inline-block;font-size:16px;padding:0 4px;vertical-align:middle;background-repeat:repeat;overflow:hidden;padding:0;cursor:pointer;box-sizing:content-box\"><svg style=\"display:block;\" focusable=\"false\" aria-hidden=\"true\" xmlns=\"http:\/\/www.w3.org\/2000\/svg\" width=\"100%\" height=\"100%\" viewBox=\"0 0 32 32\"><path fill=\"#fff\" d=\"M28 16c0-6.627-5.373-12-12-12S4 9.373 4 16c0 5.628 3.875 10.35 9.101 11.647v-7.98h-2.474V16H13.1v-1.58c0-4.085 1.849-5.978 5.859-5.978.76 0 2.072.15 2.608.298v3.325c-.283-.03-.775-.045-1.386-.045-1.967 0-2.728.745-2.728 2.683V16h3.92l-.673 3.667h-3.247v8.245C23.395 27.195 28 22.135 28 16Z\"><\/path><\/svg><\/span><\/a><a aria-label=\"Twitter\" class=\"heateor_sss_button_twitter\" href=\"https:\/\/twitter.com\/intent\/tweet?text=Uno%20scandalo%20al%20sole%3A%20il%20Bonus%20Partite%20IVA%20e%20la%20propaganda%20in%20vista%20del%20referendum%20costituzionale&url=https%3A%2F%2Fwww.lacostituzione.info%2Findex.php%2F2020%2F08%2F11%2Funo-scandalo-al-sole-il-bonus-partite-iva-e-la-propaganda-in-vista-del-referendum-costituzionale%2F\" title=\"Twitter\" rel=\"nofollow noopener\" target=\"_blank\" style=\"font-size:32px!important;box-shadow:none;display:inline-block;vertical-align:middle\"><span class=\"heateor_sss_svg heateor_sss_s__default heateor_sss_s_twitter\" style=\"background-color:#55acee;width:35px;height:35px;display:inline-block;opacity:1;float:left;font-size:32px;box-shadow:none;display:inline-block;font-size:16px;padding:0 4px;vertical-align:middle;background-repeat:repeat;overflow:hidden;padding:0;cursor:pointer;box-sizing:content-box\"><svg style=\"display:block;\" focusable=\"false\" aria-hidden=\"true\" xmlns=\"http:\/\/www.w3.org\/2000\/svg\" width=\"100%\" height=\"100%\" viewBox=\"-4 -4 39 39\"><path d=\"M28 8.557a9.913 9.913 0 0 1-2.828.775 4.93 4.93 0 0 0 2.166-2.725 9.738 9.738 0 0 1-3.13 1.194 4.92 4.92 0 0 0-3.593-1.55 4.924 4.924 0 0 0-4.794 6.049c-4.09-.21-7.72-2.17-10.15-5.15a4.942 4.942 0 0 0-.665 2.477c0 1.71.87 3.214 2.19 4.1a4.968 4.968 0 0 1-2.23-.616v.06c0 2.39 1.7 4.38 3.952 4.83-.414.115-.85.174-1.297.174-.318 0-.626-.03-.928-.086a4.935 4.935 0 0 0 4.6 3.42 9.893 9.893 0 0 1-6.114 2.107c-.398 0-.79-.023-1.175-.068a13.953 13.953 0 0 0 7.55 2.213c9.056 0 14.01-7.507 14.01-14.013 0-.213-.005-.426-.015-.637.96-.695 1.795-1.56 2.455-2.55z\" fill=\"#fff\"><\/path><\/svg><\/span><\/a><a aria-label=\"Reddit\" class=\"heateor_sss_button_reddit\" href=\"https:\/\/reddit.com\/submit?url=https%3A%2F%2Fwww.lacostituzione.info%2Findex.php%2F2020%2F08%2F11%2Funo-scandalo-al-sole-il-bonus-partite-iva-e-la-propaganda-in-vista-del-referendum-costituzionale%2F&title=Uno%20scandalo%20al%20sole%3A%20il%20Bonus%20Partite%20IVA%20e%20la%20propaganda%20in%20vista%20del%20referendum%20costituzionale\" title=\"Reddit\" rel=\"nofollow noopener\" target=\"_blank\" style=\"font-size:32px!important;box-shadow:none;display:inline-block;vertical-align:middle\"><span class=\"heateor_sss_svg heateor_sss_s__default heateor_sss_s_reddit\" style=\"background-color:#ff5700;width:35px;height:35px;display:inline-block;opacity:1;float:left;font-size:32px;box-shadow:none;display:inline-block;font-size:16px;padding:0 4px;vertical-align:middle;background-repeat:repeat;overflow:hidden;padding:0;cursor:pointer;box-sizing:content-box\"><svg style=\"display:block;\" focusable=\"false\" aria-hidden=\"true\" xmlns=\"http:\/\/www.w3.org\/2000\/svg\" width=\"100%\" height=\"100%\" viewBox=\"-3.5 -3.5 39 39\"><path d=\"M28.543 15.774a2.953 2.953 0 0 0-2.951-2.949 2.882 2.882 0 0 0-1.9.713 14.075 14.075 0 0 0-6.85-2.044l1.38-4.349 3.768.884a2.452 2.452 0 1 0 .24-1.176l-4.274-1a.6.6 0 0 0-.709.4l-1.659 5.224a14.314 14.314 0 0 0-7.316 2.029 2.908 2.908 0 0 0-1.872-.681 2.942 2.942 0 0 0-1.618 5.4 5.109 5.109 0 0 0-.062.765c0 4.158 5.037 7.541 11.229 7.541s11.22-3.383 11.22-7.541a5.2 5.2 0 0 0-.053-.706 2.963 2.963 0 0 0 1.427-2.51zm-18.008 1.88a1.753 1.753 0 0 1 1.73-1.74 1.73 1.73 0 0 1 1.709 1.74 1.709 1.709 0 0 1-1.709 1.711 1.733 1.733 0 0 1-1.73-1.711zm9.565 4.968a5.573 5.573 0 0 1-4.081 1.272h-.032a5.576 5.576 0 0 1-4.087-1.272.6.6 0 0 1 .844-.854 4.5 4.5 0 0 0 3.238.927h.032a4.5 4.5 0 0 0 3.237-.927.6.6 0 1 1 .844.854zm-.331-3.256a1.726 1.726 0 1 1 1.709-1.712 1.717 1.717 0 0 1-1.712 1.712z\" fill=\"#fff\"\/><\/svg><\/span><\/a><a aria-label=\"Linkedin\" class=\"heateor_sss_button_linkedin\" href=\"https:\/\/www.linkedin.com\/sharing\/share-offsite\/?url=https%3A%2F%2Fwww.lacostituzione.info%2Findex.php%2F2020%2F08%2F11%2Funo-scandalo-al-sole-il-bonus-partite-iva-e-la-propaganda-in-vista-del-referendum-costituzionale%2F\" title=\"Linkedin\" rel=\"nofollow noopener\" target=\"_blank\" style=\"font-size:32px!important;box-shadow:none;display:inline-block;vertical-align:middle\"><span class=\"heateor_sss_svg heateor_sss_s__default heateor_sss_s_linkedin\" style=\"background-color:#0077b5;width:35px;height:35px;display:inline-block;opacity:1;float:left;font-size:32px;box-shadow:none;display:inline-block;font-size:16px;padding:0 4px;vertical-align:middle;background-repeat:repeat;overflow:hidden;padding:0;cursor:pointer;box-sizing:content-box\"><svg style=\"display:block;\" focusable=\"false\" aria-hidden=\"true\" xmlns=\"http:\/\/www.w3.org\/2000\/svg\" width=\"100%\" height=\"100%\" viewBox=\"0 0 32 32\"><path d=\"M6.227 12.61h4.19v13.48h-4.19V12.61zm2.095-6.7a2.43 2.43 0 0 1 0 4.86c-1.344 0-2.428-1.09-2.428-2.43s1.084-2.43 2.428-2.43m4.72 6.7h4.02v1.84h.058c.56-1.058 1.927-2.176 3.965-2.176 4.238 0 5.02 2.792 5.02 6.42v7.395h-4.183v-6.56c0-1.564-.03-3.574-2.178-3.574-2.18 0-2.514 1.7-2.514 3.46v6.668h-4.187V12.61z\" fill=\"#fff\"><\/path><\/svg><\/span><\/a><a aria-label=\"Pinterest\" class=\"heateor_sss_button_pinterest\" href=\"https:\/\/www.lacostituzione.info\/index.php\/2020\/08\/11\/uno-scandalo-al-sole-il-bonus-partite-iva-e-la-propaganda-in-vista-del-referendum-costituzionale\/\" onclick=\"event.preventDefault();javascript:void( (function() {var e=document.createElement('script' );e.setAttribute('type','text\/javascript' );e.setAttribute('charset','UTF-8' );e.setAttribute('src','\/\/assets.pinterest.com\/js\/pinmarklet.js?r='+Math.random()*99999999);document.body.appendChild(e)})());\" title=\"Pinterest\" rel=\"noopener\" style=\"font-size:32px!important;box-shadow:none;display:inline-block;vertical-align:middle\"><span class=\"heateor_sss_svg heateor_sss_s__default heateor_sss_s_pinterest\" style=\"background-color:#cc2329;width:35px;height:35px;display:inline-block;opacity:1;float:left;font-size:32px;box-shadow:none;display:inline-block;font-size:16px;padding:0 4px;vertical-align:middle;background-repeat:repeat;overflow:hidden;padding:0;cursor:pointer;box-sizing:content-box\"><svg style=\"display:block;\" focusable=\"false\" aria-hidden=\"true\" xmlns=\"http:\/\/www.w3.org\/2000\/svg\" width=\"100%\" height=\"100%\" viewBox=\"-2 -2 35 35\"><path fill=\"#fff\" d=\"M16.539 4.5c-6.277 0-9.442 4.5-9.442 8.253 0 2.272.86 4.293 2.705 5.046.303.125.574.005.662-.33.061-.231.205-.816.27-1.06.088-.331.053-.447-.191-.736-.532-.627-.873-1.439-.873-2.591 0-3.338 2.498-6.327 6.505-6.327 3.548 0 5.497 2.168 5.497 5.062 0 3.81-1.686 7.025-4.188 7.025-1.382 0-2.416-1.142-2.085-2.545.397-1.674 1.166-3.48 1.166-4.689 0-1.081-.581-1.983-1.782-1.983-1.413 0-2.548 1.462-2.548 3.419 0 1.247.421 2.091.421 2.091l-1.699 7.199c-.505 2.137-.076 4.755-.039 5.019.021.158.223.196.314.077.13-.17 1.813-2.247 2.384-4.324.162-.587.929-3.631.929-3.631.46.876 1.801 1.646 3.227 1.646 4.247 0 7.128-3.871 7.128-9.053.003-3.918-3.317-7.568-8.361-7.568z\"\/><\/svg><\/span><\/a><a aria-label=\"Whatsapp\" class=\"heateor_sss_whatsapp\" href=\"https:\/\/api.whatsapp.com\/send?text=Uno%20scandalo%20al%20sole%3A%20il%20Bonus%20Partite%20IVA%20e%20la%20propaganda%20in%20vista%20del%20referendum%20costituzionale%20https%3A%2F%2Fwww.lacostituzione.info%2Findex.php%2F2020%2F08%2F11%2Funo-scandalo-al-sole-il-bonus-partite-iva-e-la-propaganda-in-vista-del-referendum-costituzionale%2F\" title=\"Whatsapp\" rel=\"nofollow noopener\" target=\"_blank\" style=\"font-size:32px!important;box-shadow:none;display:inline-block;vertical-align:middle\"><span class=\"heateor_sss_svg\" style=\"background-color:#55eb4c;width:35px;height:35px;display:inline-block;opacity:1;float:left;font-size:32px;box-shadow:none;display:inline-block;font-size:16px;padding:0 4px;vertical-align:middle;background-repeat:repeat;overflow:hidden;padding:0;cursor:pointer;box-sizing:content-box\"><svg style=\"display:block;\" focusable=\"false\" aria-hidden=\"true\" xmlns=\"http:\/\/www.w3.org\/2000\/svg\" width=\"100%\" height=\"100%\" viewBox=\"-6 -5 40 40\"><path class=\"heateor_sss_svg_stroke heateor_sss_no_fill\" stroke=\"#fff\" stroke-width=\"2\" fill=\"none\" d=\"M 11.579798566743314 24.396926207859085 A 10 10 0 1 0 6.808479557110079 20.73576436351046\"><\/path><path d=\"M 7 19 l -1 6 l 6 -1\" class=\"heateor_sss_no_fill heateor_sss_svg_stroke\" stroke=\"#fff\" stroke-width=\"2\" fill=\"none\"><\/path><path d=\"M 10 10 q -1 8 8 11 c 5 -1 0 -6 -1 -3 q -4 -3 -5 -5 c 4 -2 -1 -5 -1 -4\" fill=\"#fff\"><\/path><\/svg><\/span><\/a><\/div><div class=\"heateorSssClear\"><\/div><\/div><div class='heateorSssClear'><\/div>","protected":false},"author":1,"featured_media":0,"comment_status":"open","ping_status":"open","sticky":false,"template":"","format":"standard","meta":{"jetpack_post_was_ever_published":false,"_jetpack_newsletter_access":"","_jetpack_dont_email_post_to_subs":false,"_jetpack_newsletter_tier_id":0,"_jetpack_memberships_contains_paywalled_content":false,"_jetpack_memberships_contains_paid_content":false,"footnotes":"","jetpack_publicize_message":"","jetpack_publicize_feature_enabled":true,"jetpack_social_post_already_shared":false,"jetpack_social_options":{"image_generator_settings":{"template":"highway","default_image_id":0,"enabled":false},"version":2}},"categories":[4],"tags":[1527,297,269],"class_list":["post-7254","post","type-post","status-publish","format-standard","hentry","category-attualita","tag-bonus","tag-parlamentari","tag-privacy"],"jetpack_publicize_connections":[],"jetpack_featured_media_url":"","jetpack_shortlink":"https:\/\/wp.me\/p84sDq-1T0","jetpack_likes_enabled":true,"jetpack_sharing_enabled":true,"_links":{"self":[{"href":"https:\/\/www.lacostituzione.info\/index.php\/wp-json\/wp\/v2\/posts\/7254","targetHints":{"allow":["GET"]}}],"collection":[{"href":"https:\/\/www.lacostituzione.info\/index.php\/wp-json\/wp\/v2\/posts"}],"about":[{"href":"https:\/\/www.lacostituzione.info\/index.php\/wp-json\/wp\/v2\/types\/post"}],"author":[{"embeddable":true,"href":"https:\/\/www.lacostituzione.info\/index.php\/wp-json\/wp\/v2\/users\/1"}],"replies":[{"embeddable":true,"href":"https:\/\/www.lacostituzione.info\/index.php\/wp-json\/wp\/v2\/comments?post=7254"}],"version-history":[{"count":0,"href":"https:\/\/www.lacostituzione.info\/index.php\/wp-json\/wp\/v2\/posts\/7254\/revisions"}],"wp:attachment":[{"href":"https:\/\/www.lacostituzione.info\/index.php\/wp-json\/wp\/v2\/media?parent=7254"}],"wp:term":[{"taxonomy":"category","embeddable":true,"href":"https:\/\/www.lacostituzione.info\/index.php\/wp-json\/wp\/v2\/categories?post=7254"},{"taxonomy":"post_tag","embeddable":true,"href":"https:\/\/www.lacostituzione.info\/index.php\/wp-json\/wp\/v2\/tags?post=7254"}],"curies":[{"name":"wp","href":"https:\/\/api.w.org\/{rel}","templated":true}]}}