{"id":7274,"date":"2020-08-22T18:19:31","date_gmt":"2020-08-22T16:19:31","guid":{"rendered":"http:\/\/www.lacostituzione.info\/?p=7274"},"modified":"2020-08-22T18:31:35","modified_gmt":"2020-08-22T16:31:35","slug":"riduzione-dei-parlamentari-cause-ed-effetti-di-una-pseudo-riforma","status":"publish","type":"post","link":"https:\/\/www.lacostituzione.info\/index.php\/2020\/08\/22\/riduzione-dei-parlamentari-cause-ed-effetti-di-una-pseudo-riforma\/","title":{"rendered":"Riduzione dei Parlamentari: cause ed effetti di una pseudo-riforma"},"content":{"rendered":"\n<p><a href=\"http:\/\/www.lacostituzione.info\/wp-content\/uploads\/2020\/08\/referendum.jpg\"><img loading=\"lazy\" decoding=\"async\" data-attachment-id=\"7260\" data-permalink=\"https:\/\/www.lacostituzione.info\/index.php\/2020\/08\/22\/taglio-dei-parlamentari-si-o-no-per-promuovere-un-dibattito\/referendum-2\/#main\" data-orig-file=\"https:\/\/www.lacostituzione.info\/wp-content\/uploads\/2020\/08\/referendum.jpg\" data-orig-size=\"300,250\" data-comments-opened=\"1\" data-image-meta=\"{&quot;aperture&quot;:&quot;0&quot;,&quot;credit&quot;:&quot;&quot;,&quot;camera&quot;:&quot;&quot;,&quot;caption&quot;:&quot;&quot;,&quot;created_timestamp&quot;:&quot;0&quot;,&quot;copyright&quot;:&quot;&quot;,&quot;focal_length&quot;:&quot;0&quot;,&quot;iso&quot;:&quot;0&quot;,&quot;shutter_speed&quot;:&quot;0&quot;,&quot;title&quot;:&quot;&quot;,&quot;orientation&quot;:&quot;0&quot;}\" data-image-title=\"referendum\" data-image-description=\"\" data-image-caption=\"\" data-medium-file=\"https:\/\/www.lacostituzione.info\/wp-content\/uploads\/2020\/08\/referendum-300x250.jpg\" data-large-file=\"https:\/\/www.lacostituzione.info\/wp-content\/uploads\/2020\/08\/referendum.jpg\" class=\"alignleft size-thumbnail wp-image-7260\" src=\"http:\/\/www.lacostituzione.info\/wp-content\/uploads\/2020\/08\/referendum-150x150.jpg\" alt=\"\" width=\"150\" height=\"150\" \/><\/a>di\u00a0<strong>Francesco Contini\u00a0<\/strong>(22.08.20)<\/p>\n<p>La Corte Costituzionale ha dato il via libera: il 20 e 21 settembre si voter\u00e0 anche per il taglio dei parlamentari. \u00a0La scelta \u00e8 semplice: vogliamo o no ridurre i deputati da 630 a 400 e i senatori da 315 a 200?<\/p>\n<p>La reazione immediata \u00e8 ovvia: s\u00ec, assolutamente s\u00ec.\u00a0<br \/>La risposta \u00e8 cos\u00ec banale che il tema sembra quasi scomparso dalla cronaca politica e, ne sono certo, ad oggi in pochi sono a conoscenza dell&#8217;esistenza di questo referendum.<br \/>Oltre l&#8217;apparente semplicit\u00e0 e il risultato ormai dato da tutti per scontato, questo voto nasconde insidie rivelatrici dello stato di salute della nostra democrazia rappresentativa e, pi\u00f9 in generale, della concezione che abbiamo della Politica.\u00a0<br \/>Procediamo scientificamente: quali sono le cause del taglio dei parlamentari, quali gli effetti?<br \/>Punto primo: cause.\u00a0<br \/>Nei disegni di legge presentati alle Camere e nelle dichiarazioni politiche dei sostenitori della riforma sono due gli argomenti principali addotti a sostegno della tesi: modernizzazione delle Istituzioni e risparmio di soldi pubblici.\u00a0<br \/>Il concetto di modernizzazione, ormai da un decennio centrale nella vita politica, si \u00e8 dimostrato una lama a doppio taglio.\u00a0<br \/>Nel panorama ideologico grillino, oltre le ondivaghe posizioni su doppio mandato-Tap-Tav-Europa, un solo punto \u00e8 rimasto fermo negli ultimi anni: la fede nella democrazia digitale, il convincimento che, come affermato da Casaleggio, &#8220;un giorno potremo non avere pi\u00f9 un Parlamento&#8221;.<br \/>\u00c8 questo, allora, che si cela dietro la &#8220;modernizzazione&#8221;? \u00c8 una volont\u00e0 punitiva nei confronti della democrazia rappresentativa la vera ragione di questa riforma? \u00a0<br \/>Se cos\u00ec fosse, si perseguirebbe un risultato potenzialmente giusto, l&#8217;efficientamento del sistema, spinti da motivazioni a mio parere profondamente errate.\u00a0<br \/>La democrazia rappresentativa, eredit\u00e0 delle grandi rivoluzioni liberali, fondata sulla centralit\u00e0 del Parlamento, \u00e8 un valore da difendere nel modo pi\u00f9 assoluto, contro ogni tentazione populistica. L&#8217;idea di sostituire il Parlamento con una piattaforma Rousseau accessibile a tutti, in cui i cittadini, votando, scelgano direttamente, senza politici e partiti, \u00e8 non solo sbagliata, ma pericolosa.\u00a0<br \/>Gi\u00e0 Weber, nel secolo scorso, riflettendo su questa eventualit\u00e0, ne evidenziava i limiti. Il popolo esprimendosi direttamente pu\u00f2 dire &#8220;Ja order Nein&#8221;, &#8220;S\u00ec o no&#8221;.<br \/>Come \u00e8 compatibile tutto ci\u00f2 con scelte complesse che necessitano inevitabilmente di una discussione politica?\u00a0 L&#8217;avversione nei confronti dei partiti che animano lo scenario odierno non pu\u00f2 portarci a distruggere la Politica, Arte nobile che nel confronto trova la sua ragion d&#8217;essere.<\/p>\n<p>Il secondo argomento addotto a sostegno del taglio \u00e8 il risparmio di spesa.<br \/>Meno parlamentari, meno stipendi da pagare, meno soldi spesi.\u00a0<br \/>Il risentimento per una classe politica i cui scandali sono all&#8217;ordine del giorno non potr\u00e0 che determinare una scelta emotiva e passionale.<br \/>Anche in questo caso, per\u00f2, una analisi approfondita della questione inviterebbe alla prudenza.\u00a0<br \/>Basta volgere lo sguardo alla storia recente. L&#8217;abolizione dei consigli provinciali direttamente eletti ha comportato un risparmio di 72 milioni di euro. D&#8217;altra parte, per\u00f2, sono state spese centinaia di milioni per il trasferimento di risorse umane e materiali da province a regioni e, in pi\u00f9, si sono accumulati ritardi nelle azioni amministrative. Si pensi alle condizioni sempre pi\u00f9 fatiscenti di strade e scuole secondarie.<br \/>Non sempre da un risparmio nel breve termine deriva un risparmio anche nel medio-lungo periodo. Ci\u00f2 premesso, ritengo fin troppo semplicistico ridurre una riforma della Costituzione a una questione di pochi milioni (57 ogni anno per la precisione, pari allo 0,007% della spesa pubblica, come dimostrato dall\u2019Osservatorio Conti Pubblici diretto da Cottarelli).<\/p>\n<p>Punto secondo: effetti.<br \/>La possibile conseguenza pi\u00f9 evidente sar\u00e0 la riduzione del numero dei partiti in Parlamento, causa estinzione dei pi\u00f9 piccoli.<br \/>Ogni collegio avr\u00e0 la possibilit\u00e0 di eleggere meno parlamentari, da ci\u00f2 potrebbe derivare una rappresentanza quasi azzerata per le forze minori, specialmente nei collegi pi\u00f9 ristretti.<br \/>I sostenitori della riforma ritengono questo un effetto estremamente positivo: un sistema tendente al bipartitismo garantisce, nella maggior parte dei casi, una maggiore stabilit\u00e0 dell&#8217;esecutivo.<br \/>Dubito fortemente che le cose andranno cos\u00ec. I gruppi parlamentari che fungono da ago della bilancia per questo o quel governo, nella maggior parte dei casi, nascono dopo le elezioni, con scissioni ormai all&#8217;ordine del giorno. Non vedo come questo rischio possa essere evitato con una riduzione numerica non accompagnata da alcuna riforma strutturale della Costituzione o dei regolamenti parlamentari.\u00a0<br \/>Altra conseguenza quasi certa \u00e8 il rafforzamento delle segreterie di partito nella scelta dei candidati, determinando un ulteriore colpo al sistema, gi\u00e0 in crisi, delle autonomie. Preferiamo o no assecondare queste tendenze neo-centraliste?<br \/>Ultimo dubbio, a cui solo il futuro e la nuova legge elettorale potranno rispondere:\u00a0<br \/>la non omogeneit\u00e0 del taglio (Umbria e Basilicata perdono il 60% dei seggi a fronte di una media nazionale del 36,5%) e i collegi pi\u00f9 grandi incideranno negativamente sulla logica fiduciaria rappresentante-rappresentato?<\/p>\n<p>Quella che ci apprestiamo a vivere si prospetta come una delle campagne referendarie meno discusse di sempre. Quasi la totalit\u00e0 dei partiti,\u00a0infatti, si dichiara favorevole.<br \/>Risultato: i parlamentari saranno ridotti (il che non \u00e8 un male in s\u00e9), i problemi strutturali rimarranno (il che un male lo \u00e8 di certo). \u00a0<br \/>Il regionalismo, il superamento del bicameralismo perfetto, la velocizzazione dell&#8217;iter legislativo, la centralit\u00e0 del Parlamento stesso (ogni anno sono approvate solo l&#8217;1,36% delle leggi di iniziativa parlamentare contro il 68,69% dei disegni di legge del governo): tutti nodi non sciolti, questioni rimandate a data da destinarsi.<br \/>Cambiare tutto perch\u00e9 tutto rimanga com&#8217;\u00e8: l&#8217;Italia gattopardesca rimane, ancora una volta, fedele a se stessa.\u00a0<\/p>\n","protected":false},"excerpt":{"rendered":"<p>di\u00a0Francesco Contini\u00a0(22.08.20) La Corte Costituzionale ha dato il via libera: il 20 e 21 settembre si voter\u00e0 anche per il taglio dei parlamentari. \u00a0La scelta \u00e8 semplice: vogliamo o no ridurre i deputati da 630 a 400 e i senatori da 315 a 200? La reazione immediata \u00e8 ovvia: s\u00ec, assolutamente s\u00ec.\u00a0La risposta \u00e8 cos\u00ec &#8230; <a title=\"Riduzione dei Parlamentari: cause ed effetti di una pseudo-riforma\" class=\"read-more\" href=\"https:\/\/www.lacostituzione.info\/index.php\/2020\/08\/22\/riduzione-dei-parlamentari-cause-ed-effetti-di-una-pseudo-riforma\/\">Leggi tutto<\/a><\/p>\n<div class='heateorSssClear'><\/div><div  class='heateor_sss_sharing_container heateor_sss_horizontal_sharing' data-heateor-sss-href='https:\/\/www.lacostituzione.info\/index.php\/2020\/08\/22\/riduzione-dei-parlamentari-cause-ed-effetti-di-una-pseudo-riforma\/'><div class='heateor_sss_sharing_title' style=\"font-weight:bold\" >Condividi!<\/div><div class=\"heateor_sss_sharing_ul\"><a aria-label=\"Facebook\" class=\"heateor_sss_facebook\" href=\"https:\/\/www.facebook.com\/sharer\/sharer.php?u=https%3A%2F%2Fwww.lacostituzione.info%2Findex.php%2F2020%2F08%2F22%2Friduzione-dei-parlamentari-cause-ed-effetti-di-una-pseudo-riforma%2F\" title=\"Facebook\" rel=\"nofollow noopener\" target=\"_blank\" style=\"font-size:32px!important;box-shadow:none;display:inline-block;vertical-align:middle\"><span class=\"heateor_sss_svg\" style=\"background-color:#0765FE;width:35px;height:35px;display:inline-block;opacity:1;float:left;font-size:32px;box-shadow:none;display:inline-block;font-size:16px;padding:0 4px;vertical-align:middle;background-repeat:repeat;overflow:hidden;padding:0;cursor:pointer;box-sizing:content-box\"><svg style=\"display:block;\" focusable=\"false\" aria-hidden=\"true\" xmlns=\"http:\/\/www.w3.org\/2000\/svg\" width=\"100%\" height=\"100%\" viewBox=\"0 0 32 32\"><path fill=\"#fff\" d=\"M28 16c0-6.627-5.373-12-12-12S4 9.373 4 16c0 5.628 3.875 10.35 9.101 11.647v-7.98h-2.474V16H13.1v-1.58c0-4.085 1.849-5.978 5.859-5.978.76 0 2.072.15 2.608.298v3.325c-.283-.03-.775-.045-1.386-.045-1.967 0-2.728.745-2.728 2.683V16h3.92l-.673 3.667h-3.247v8.245C23.395 27.195 28 22.135 28 16Z\"><\/path><\/svg><\/span><\/a><a aria-label=\"Twitter\" class=\"heateor_sss_button_twitter\" href=\"https:\/\/twitter.com\/intent\/tweet?text=Riduzione%20dei%20Parlamentari%3A%20cause%20ed%20effetti%20di%20una%20pseudo-riforma&url=https%3A%2F%2Fwww.lacostituzione.info%2Findex.php%2F2020%2F08%2F22%2Friduzione-dei-parlamentari-cause-ed-effetti-di-una-pseudo-riforma%2F\" title=\"Twitter\" rel=\"nofollow noopener\" target=\"_blank\" style=\"font-size:32px!important;box-shadow:none;display:inline-block;vertical-align:middle\"><span class=\"heateor_sss_svg heateor_sss_s__default heateor_sss_s_twitter\" style=\"background-color:#55acee;width:35px;height:35px;display:inline-block;opacity:1;float:left;font-size:32px;box-shadow:none;display:inline-block;font-size:16px;padding:0 4px;vertical-align:middle;background-repeat:repeat;overflow:hidden;padding:0;cursor:pointer;box-sizing:content-box\"><svg style=\"display:block;\" focusable=\"false\" aria-hidden=\"true\" xmlns=\"http:\/\/www.w3.org\/2000\/svg\" width=\"100%\" height=\"100%\" viewBox=\"-4 -4 39 39\"><path d=\"M28 8.557a9.913 9.913 0 0 1-2.828.775 4.93 4.93 0 0 0 2.166-2.725 9.738 9.738 0 0 1-3.13 1.194 4.92 4.92 0 0 0-3.593-1.55 4.924 4.924 0 0 0-4.794 6.049c-4.09-.21-7.72-2.17-10.15-5.15a4.942 4.942 0 0 0-.665 2.477c0 1.71.87 3.214 2.19 4.1a4.968 4.968 0 0 1-2.23-.616v.06c0 2.39 1.7 4.38 3.952 4.83-.414.115-.85.174-1.297.174-.318 0-.626-.03-.928-.086a4.935 4.935 0 0 0 4.6 3.42 9.893 9.893 0 0 1-6.114 2.107c-.398 0-.79-.023-1.175-.068a13.953 13.953 0 0 0 7.55 2.213c9.056 0 14.01-7.507 14.01-14.013 0-.213-.005-.426-.015-.637.96-.695 1.795-1.56 2.455-2.55z\" fill=\"#fff\"><\/path><\/svg><\/span><\/a><a aria-label=\"Reddit\" class=\"heateor_sss_button_reddit\" href=\"https:\/\/reddit.com\/submit?url=https%3A%2F%2Fwww.lacostituzione.info%2Findex.php%2F2020%2F08%2F22%2Friduzione-dei-parlamentari-cause-ed-effetti-di-una-pseudo-riforma%2F&title=Riduzione%20dei%20Parlamentari%3A%20cause%20ed%20effetti%20di%20una%20pseudo-riforma\" title=\"Reddit\" rel=\"nofollow noopener\" target=\"_blank\" style=\"font-size:32px!important;box-shadow:none;display:inline-block;vertical-align:middle\"><span class=\"heateor_sss_svg heateor_sss_s__default heateor_sss_s_reddit\" style=\"background-color:#ff5700;width:35px;height:35px;display:inline-block;opacity:1;float:left;font-size:32px;box-shadow:none;display:inline-block;font-size:16px;padding:0 4px;vertical-align:middle;background-repeat:repeat;overflow:hidden;padding:0;cursor:pointer;box-sizing:content-box\"><svg style=\"display:block;\" focusable=\"false\" aria-hidden=\"true\" xmlns=\"http:\/\/www.w3.org\/2000\/svg\" width=\"100%\" height=\"100%\" viewBox=\"-3.5 -3.5 39 39\"><path d=\"M28.543 15.774a2.953 2.953 0 0 0-2.951-2.949 2.882 2.882 0 0 0-1.9.713 14.075 14.075 0 0 0-6.85-2.044l1.38-4.349 3.768.884a2.452 2.452 0 1 0 .24-1.176l-4.274-1a.6.6 0 0 0-.709.4l-1.659 5.224a14.314 14.314 0 0 0-7.316 2.029 2.908 2.908 0 0 0-1.872-.681 2.942 2.942 0 0 0-1.618 5.4 5.109 5.109 0 0 0-.062.765c0 4.158 5.037 7.541 11.229 7.541s11.22-3.383 11.22-7.541a5.2 5.2 0 0 0-.053-.706 2.963 2.963 0 0 0 1.427-2.51zm-18.008 1.88a1.753 1.753 0 0 1 1.73-1.74 1.73 1.73 0 0 1 1.709 1.74 1.709 1.709 0 0 1-1.709 1.711 1.733 1.733 0 0 1-1.73-1.711zm9.565 4.968a5.573 5.573 0 0 1-4.081 1.272h-.032a5.576 5.576 0 0 1-4.087-1.272.6.6 0 0 1 .844-.854 4.5 4.5 0 0 0 3.238.927h.032a4.5 4.5 0 0 0 3.237-.927.6.6 0 1 1 .844.854zm-.331-3.256a1.726 1.726 0 1 1 1.709-1.712 1.717 1.717 0 0 1-1.712 1.712z\" fill=\"#fff\"\/><\/svg><\/span><\/a><a aria-label=\"Linkedin\" class=\"heateor_sss_button_linkedin\" href=\"https:\/\/www.linkedin.com\/sharing\/share-offsite\/?url=https%3A%2F%2Fwww.lacostituzione.info%2Findex.php%2F2020%2F08%2F22%2Friduzione-dei-parlamentari-cause-ed-effetti-di-una-pseudo-riforma%2F\" title=\"Linkedin\" rel=\"nofollow noopener\" target=\"_blank\" style=\"font-size:32px!important;box-shadow:none;display:inline-block;vertical-align:middle\"><span class=\"heateor_sss_svg heateor_sss_s__default heateor_sss_s_linkedin\" style=\"background-color:#0077b5;width:35px;height:35px;display:inline-block;opacity:1;float:left;font-size:32px;box-shadow:none;display:inline-block;font-size:16px;padding:0 4px;vertical-align:middle;background-repeat:repeat;overflow:hidden;padding:0;cursor:pointer;box-sizing:content-box\"><svg style=\"display:block;\" focusable=\"false\" aria-hidden=\"true\" xmlns=\"http:\/\/www.w3.org\/2000\/svg\" width=\"100%\" height=\"100%\" viewBox=\"0 0 32 32\"><path d=\"M6.227 12.61h4.19v13.48h-4.19V12.61zm2.095-6.7a2.43 2.43 0 0 1 0 4.86c-1.344 0-2.428-1.09-2.428-2.43s1.084-2.43 2.428-2.43m4.72 6.7h4.02v1.84h.058c.56-1.058 1.927-2.176 3.965-2.176 4.238 0 5.02 2.792 5.02 6.42v7.395h-4.183v-6.56c0-1.564-.03-3.574-2.178-3.574-2.18 0-2.514 1.7-2.514 3.46v6.668h-4.187V12.61z\" fill=\"#fff\"><\/path><\/svg><\/span><\/a><a aria-label=\"Pinterest\" class=\"heateor_sss_button_pinterest\" href=\"https:\/\/www.lacostituzione.info\/index.php\/2020\/08\/22\/riduzione-dei-parlamentari-cause-ed-effetti-di-una-pseudo-riforma\/\" onclick=\"event.preventDefault();javascript:void( (function() {var e=document.createElement('script' );e.setAttribute('type','text\/javascript' );e.setAttribute('charset','UTF-8' );e.setAttribute('src','\/\/assets.pinterest.com\/js\/pinmarklet.js?r='+Math.random()*99999999);document.body.appendChild(e)})());\" title=\"Pinterest\" rel=\"noopener\" style=\"font-size:32px!important;box-shadow:none;display:inline-block;vertical-align:middle\"><span class=\"heateor_sss_svg heateor_sss_s__default heateor_sss_s_pinterest\" style=\"background-color:#cc2329;width:35px;height:35px;display:inline-block;opacity:1;float:left;font-size:32px;box-shadow:none;display:inline-block;font-size:16px;padding:0 4px;vertical-align:middle;background-repeat:repeat;overflow:hidden;padding:0;cursor:pointer;box-sizing:content-box\"><svg style=\"display:block;\" focusable=\"false\" aria-hidden=\"true\" xmlns=\"http:\/\/www.w3.org\/2000\/svg\" width=\"100%\" height=\"100%\" viewBox=\"-2 -2 35 35\"><path fill=\"#fff\" d=\"M16.539 4.5c-6.277 0-9.442 4.5-9.442 8.253 0 2.272.86 4.293 2.705 5.046.303.125.574.005.662-.33.061-.231.205-.816.27-1.06.088-.331.053-.447-.191-.736-.532-.627-.873-1.439-.873-2.591 0-3.338 2.498-6.327 6.505-6.327 3.548 0 5.497 2.168 5.497 5.062 0 3.81-1.686 7.025-4.188 7.025-1.382 0-2.416-1.142-2.085-2.545.397-1.674 1.166-3.48 1.166-4.689 0-1.081-.581-1.983-1.782-1.983-1.413 0-2.548 1.462-2.548 3.419 0 1.247.421 2.091.421 2.091l-1.699 7.199c-.505 2.137-.076 4.755-.039 5.019.021.158.223.196.314.077.13-.17 1.813-2.247 2.384-4.324.162-.587.929-3.631.929-3.631.46.876 1.801 1.646 3.227 1.646 4.247 0 7.128-3.871 7.128-9.053.003-3.918-3.317-7.568-8.361-7.568z\"\/><\/svg><\/span><\/a><a aria-label=\"Whatsapp\" class=\"heateor_sss_whatsapp\" href=\"https:\/\/api.whatsapp.com\/send?text=Riduzione%20dei%20Parlamentari%3A%20cause%20ed%20effetti%20di%20una%20pseudo-riforma%20https%3A%2F%2Fwww.lacostituzione.info%2Findex.php%2F2020%2F08%2F22%2Friduzione-dei-parlamentari-cause-ed-effetti-di-una-pseudo-riforma%2F\" title=\"Whatsapp\" rel=\"nofollow noopener\" target=\"_blank\" style=\"font-size:32px!important;box-shadow:none;display:inline-block;vertical-align:middle\"><span class=\"heateor_sss_svg\" style=\"background-color:#55eb4c;width:35px;height:35px;display:inline-block;opacity:1;float:left;font-size:32px;box-shadow:none;display:inline-block;font-size:16px;padding:0 4px;vertical-align:middle;background-repeat:repeat;overflow:hidden;padding:0;cursor:pointer;box-sizing:content-box\"><svg style=\"display:block;\" focusable=\"false\" aria-hidden=\"true\" xmlns=\"http:\/\/www.w3.org\/2000\/svg\" width=\"100%\" height=\"100%\" viewBox=\"-6 -5 40 40\"><path class=\"heateor_sss_svg_stroke heateor_sss_no_fill\" stroke=\"#fff\" stroke-width=\"2\" fill=\"none\" d=\"M 11.579798566743314 24.396926207859085 A 10 10 0 1 0 6.808479557110079 20.73576436351046\"><\/path><path d=\"M 7 19 l -1 6 l 6 -1\" class=\"heateor_sss_no_fill heateor_sss_svg_stroke\" stroke=\"#fff\" stroke-width=\"2\" fill=\"none\"><\/path><path d=\"M 10 10 q -1 8 8 11 c 5 -1 0 -6 -1 -3 q -4 -3 -5 -5 c 4 -2 -1 -5 -1 -4\" fill=\"#fff\"><\/path><\/svg><\/span><\/a><\/div><div class=\"heateorSssClear\"><\/div><\/div><div class='heateorSssClear'><\/div>","protected":false},"author":1,"featured_media":0,"comment_status":"open","ping_status":"open","sticky":false,"template":"","format":"standard","meta":{"jetpack_post_was_ever_published":false,"_jetpack_newsletter_access":"","_jetpack_dont_email_post_to_subs":false,"_jetpack_newsletter_tier_id":0,"_jetpack_memberships_contains_paywalled_content":false,"_jetpack_memberships_contains_paid_content":false,"footnotes":"","jetpack_publicize_message":"","jetpack_publicize_feature_enabled":true,"jetpack_social_post_already_shared":false,"jetpack_social_options":{"image_generator_settings":{"template":"highway","default_image_id":0,"enabled":false},"version":2}},"categories":[14],"tags":[1451,1452],"class_list":["post-7274","post","type-post","status-publish","format-standard","hentry","category-di-robusta-costituzione","tag-referendum-costituzionale","tag-taglio-parlamentari"],"jetpack_publicize_connections":[],"jetpack_featured_media_url":"","jetpack_shortlink":"https:\/\/wp.me\/p84sDq-1Tk","jetpack_likes_enabled":true,"jetpack_sharing_enabled":true,"_links":{"self":[{"href":"https:\/\/www.lacostituzione.info\/index.php\/wp-json\/wp\/v2\/posts\/7274","targetHints":{"allow":["GET"]}}],"collection":[{"href":"https:\/\/www.lacostituzione.info\/index.php\/wp-json\/wp\/v2\/posts"}],"about":[{"href":"https:\/\/www.lacostituzione.info\/index.php\/wp-json\/wp\/v2\/types\/post"}],"author":[{"embeddable":true,"href":"https:\/\/www.lacostituzione.info\/index.php\/wp-json\/wp\/v2\/users\/1"}],"replies":[{"embeddable":true,"href":"https:\/\/www.lacostituzione.info\/index.php\/wp-json\/wp\/v2\/comments?post=7274"}],"version-history":[{"count":0,"href":"https:\/\/www.lacostituzione.info\/index.php\/wp-json\/wp\/v2\/posts\/7274\/revisions"}],"wp:attachment":[{"href":"https:\/\/www.lacostituzione.info\/index.php\/wp-json\/wp\/v2\/media?parent=7274"}],"wp:term":[{"taxonomy":"category","embeddable":true,"href":"https:\/\/www.lacostituzione.info\/index.php\/wp-json\/wp\/v2\/categories?post=7274"},{"taxonomy":"post_tag","embeddable":true,"href":"https:\/\/www.lacostituzione.info\/index.php\/wp-json\/wp\/v2\/tags?post=7274"}],"curies":[{"name":"wp","href":"https:\/\/api.w.org\/{rel}","templated":true}]}}