{"id":7375,"date":"2020-09-19T09:39:32","date_gmt":"2020-09-19T07:39:32","guid":{"rendered":"http:\/\/www.lacostituzione.info\/?p=7375"},"modified":"2020-09-19T09:39:33","modified_gmt":"2020-09-19T07:39:33","slug":"referendum-perche-la-riduzione-sic-et-simpliciter-del-numero-dei-parlamentari-va-respinta","status":"publish","type":"post","link":"https:\/\/www.lacostituzione.info\/index.php\/2020\/09\/19\/referendum-perche-la-riduzione-sic-et-simpliciter-del-numero-dei-parlamentari-va-respinta\/","title":{"rendered":"Referendum: perch\u00e9 la riduzione sic et simpliciter del numero dei parlamentari va respinta"},"content":{"rendered":"\n<p><a href=\"http:\/\/www.lacostituzione.info\/wp-content\/uploads\/2020\/08\/referendum.jpg\"><img loading=\"lazy\" decoding=\"async\" data-attachment-id=\"7260\" data-permalink=\"https:\/\/www.lacostituzione.info\/index.php\/2020\/08\/22\/taglio-dei-parlamentari-si-o-no-per-promuovere-un-dibattito\/referendum-2\/#main\" data-orig-file=\"https:\/\/www.lacostituzione.info\/wp-content\/uploads\/2020\/08\/referendum.jpg\" data-orig-size=\"300,250\" data-comments-opened=\"1\" data-image-meta=\"{&quot;aperture&quot;:&quot;0&quot;,&quot;credit&quot;:&quot;&quot;,&quot;camera&quot;:&quot;&quot;,&quot;caption&quot;:&quot;&quot;,&quot;created_timestamp&quot;:&quot;0&quot;,&quot;copyright&quot;:&quot;&quot;,&quot;focal_length&quot;:&quot;0&quot;,&quot;iso&quot;:&quot;0&quot;,&quot;shutter_speed&quot;:&quot;0&quot;,&quot;title&quot;:&quot;&quot;,&quot;orientation&quot;:&quot;0&quot;}\" data-image-title=\"referendum\" data-image-description=\"\" data-image-caption=\"\" data-medium-file=\"https:\/\/www.lacostituzione.info\/wp-content\/uploads\/2020\/08\/referendum-300x250.jpg\" data-large-file=\"https:\/\/www.lacostituzione.info\/wp-content\/uploads\/2020\/08\/referendum.jpg\" class=\"alignleft size-thumbnail wp-image-7260\" src=\"http:\/\/www.lacostituzione.info\/wp-content\/uploads\/2020\/08\/referendum-150x150.jpg\" alt=\"\" width=\"150\" height=\"150\" \/><\/a>di <strong>Guglielmo Agolino<\/strong><\/p>\n<p>Confesso che il tema su quale debba essere il numero di parlamentari pi\u00f9 idoneo a rappresentarci non mi appassiona. Non \u00e8, infatti, semplicemente il loro numero (e cio\u00e8 la quantit\u00e0) ad essere dirimente, quanto piuttosto la qualit\u00e0 di chi \u00e8 chiamato ad assumere l\u2019ufficio di parlamentare ad essere rilevante. <!--more-->Cionondimeno, atteso che questa riforma si occupa di ridurre il numero dei parlamentari, con essi (e cio\u00e8 coi numeri) dobbiamo confrontarci. Mi sia consentito, in premessa, svolgere per\u00f2 due brevi riflessioni preliminari.<\/p>\n<p>La prima riguarda l\u2019idea che la riforma debba essere rigettata quasi come <em>moto protettivo<\/em> nei confronti della \u201cCostituzione pi\u00f9 bella del mondo\u201d scritta dai nostri \u201cpadri Costituenti\u201d. Ecco, tale impostazione mi sembra essere il frutto di una presa di posizione aprioristica. Ci\u00f2, invero, per almeno due ragioni, che forse appariranno banali, ma che meritano di essere ricordate: a) i Costituenti stessi idearono un meccanismo di revisione della Costituzione, che indicarono all\u2019art. 138, a testimonianza del fatto che proprio il testo della Costituzione, ancorch\u00e9 con maggioranze qualificate, potesse essere oggetto di revisione; b) l\u2019attuale numero dei parlamentari (cio\u00e8 945) non fu il frutto di una scelta del Costituente del \u201946-47, ma esattamente di una revisione (ex art. 138 Cost.) operata con la legge costituzionale n. 2 del 1963. Cio\u00e8, l\u2019attuale numero dei parlamentari che il NO difende \u00e8 il frutto di una scelta di aritmetica costituzionale diversa dalla quella operata dalla Costituente (che non prevedeva un numero fisso, ma una proporzione) e, dunque, che nulla ha a che vedere con una scelta dei \u201cpadri Costituenti\u201d.<\/p>\n<p>La seconda riguarda, per semplificare, il <em>refrain<\/em> che vedrebbe nel rigetto della riforma una sorta di \u201cpietra tombale\u201d sulla strada delle riforme costituzionali. Si dice, dunque, che per evitare di sprofondare nelle sabbie mobili sarebbe auspicabile approvare tale riduzione del numero dei parlamentari cos\u00ec com\u2019\u00e8 e con tutti i suoi limiti che in molti rilevano. Anche tale impostazione, confesso, non mi convince. In primo luogo, perch\u00e9, se da un lato non \u00e8 vero che il testo della Costituzione debba essere difeso a tutti i costi da eventuali modifiche, dall\u2019altro lato esse (e cio\u00e8 le modifiche) non possono essere il frutto di decisioni assunte con leggerezza. Il terreno delle riforme costituzionali \u00e8 un po\u2019 come il campo del vasaio, d\u2019argilla e scivoloso e, dunque, occorrerebbe muoversi <em>cum grano salis <\/em>nel progettare modifiche costituzionali. In secondo luogo, perch\u00e9 anche all\u2019indomani della bocciatura della riforma Renzi-Boschi, il 4 dicembre 2016, si sosteneva che non si sarebbe pi\u00f9 parlato di riforme costituzionali per (almeno) i successivi dieci anni, ed invece eccoci qui. Dunque, non \u00e8 affatto dimostrato che da un\u2019eventuale bocciatura possa derivarne il pantano.<\/p>\n<p>Esaurite queste due premesse, se vogliamo, di cornice, occorre dirigersi verso il merito della riforma. Tralasciando, per brevit\u00e0, l\u2019enunciazione dei tratti salienti della riforma (cio\u00e8 riduzione da 945 a 600 del numero dei parlamentari, eccetera), che a questo punto del dibattitto pubblico sono noti a tutti, sembra essere pi\u00f9 conveniente ricordare le ragioni a sostegno della riforma, per coglierne la bont\u00e0 o, eventualmente, le sue criticit\u00e0.<\/p>\n<p>La relazione che accompagna il testo della legge di riforma costituzionale evidenzia come la riduzione del numero contribuirebbe a diminuire i \u201ccosti della politica\u201d e rendere \u201cpi\u00f9 efficiente\u201d il lavoro del Parlamento.<\/p>\n<p>Ora, sul primo dei due temi (costi della politica) non pu\u00f2 non dirsi che la riforma raggiunga, effettivamente, tale risultato. Il taglio lineare del 36,5% del numero dei parlamentari contribuir\u00e0 senz\u2019altro a diminuire la spesa secondo il semplice postulato: \u201cmeno onorevoli, meno stipendi (e privilegi annessi) da pagare\u201d. Certo \u00e8, come rilevato dall\u2019autorevole Osservatorio sui Conti Pubblici diretto da Carlo Cottarelli, che questo \u201crisparmio\u201d ammonterebbe a circa 58 milioni di euro all\u2019anno. Tradotto, per semplificare, si tratterebbe di un caff\u00e8 per ogni italiano, lo 0,007% della spesa pubblica. Sotto questo primo profilo, dunque, la domanda da chiedersi \u00e8 se \u201cun caff\u00e8 valga bene 345 parlamentari in meno\u201d.<\/p>\n<p>Correndo il rischio di scivolare su un terreno impopolare, vorrei per\u00f2 provare a spingere la mia riflessione un po\u2019 oltre, per allargare lo sguardo: siamo davvero cos\u00ec convinti che sia necessario ridurre i costi della politica? Non sarebbe, invece, utile pensare di introdurre (re-introdurre) dei meccanismi, anche economici, di sostegno alla Politica (si badi: la p maiuscola non \u00e8 l\u00ec a caso). Sto parlando, in altre parole, di forme di finanziamento pubblico alla politica, ai soggetti che la interpretano (partiti, movimenti, ecc).<\/p>\n<p>Provo a spiegarmi, essendo consapevole che il rischio di essere frainteso \u00e8 alto. Non \u00e8, forse, la mancanza di risorse pubbliche da indirizzare a chi, secondo il testo della nostra Costituzione dovrebbe \u201cconcorrere a determinare la politica nazionale\u201d (art. 49 Cost.) una delle principali ragioni (certo non l\u2019unica!) del distacco tra i politici e i cittadini, tra l\u2019eletto e l\u2019elettore? Allora quello da fare, con urgenza, non sarebbe altro che cercare di colmare questo burrone che si \u00e8 creato. Mi sfugge come sia possibile raggiungere questo obiettivo, acuendo ancora di pi\u00f9 questa distanza, tagliando con la ghigliottina il numero di chi ci rappresenta, senza prevedere forme di correzione alle storture che il taglio provocherebbe.<\/p>\n<p>Certo, se privilegi esistono nella \u201ccasta\u201d essi vanno aggrediti, se ci sono \u201czone opache\u201d che permettono ai politici di sperperare i soldi dei contribuenti in spese che nulla hanno a che vedere con l\u2019esercizio del mandato politico bisogna intervenire e rendere impossibile che ci\u00f2 accada. Allo stesso tempo, tuttavia, sostenere con denaro pubblico l\u2019iniziativa politica di partiti\/movimenti \u00e8 un servizio che non pu\u00f2 che far bene alla qualit\u00e0 della nostra democrazia. Contribuirebbe ad evitare che, a far politica, possa essere solo chi \u00e8 in grado di disporre di ingenti risorse economiche private o concesse da interessi particolari (che chiederanno il conto prima o poi) o a chi, al contrario, abbia il merito di essere esclusivamente fedele al capo, come in un\u2019antica corte medievale. In altre parole, sotto questo aspetto, la riforma, sola, contribuisce a rendere, mi sia permesso, la \u201ccasta\u201d ancora \u201cpi\u00f9 casta\u201d e a ridurre la nostra classe politica ad una <em>enclave<\/em> selezionata in base al censo o alla fedelt\u00e0. Esattamente l\u2019effetto opposto che i promotori di questa riforma si auspicavano.<\/p>\n<p>In ordine al secondo profilo, invece, la posizione di chi ritiene che dalla riduzione del numero dei parlamentari possa discendere una maggiore efficienza del lavoro delle Camere mi pare del tutto indimostrata.<\/p>\n<p>Anzitutto perch\u00e9 non \u00e8 una verit\u00e0 assoluta che per lavorare meglio si debba essere in pochi. In secondo luogo, perch\u00e9 gi\u00e0 l\u2019attuale organizzazione dei lavori del Parlamento prevede che il centro dell\u2019attivit\u00e0 risieda nelle Commissioni permanenti e, cio\u00e8, in organi che sono composti da frazioni numeriche di parlamentari di molto inferiori rispetto al <em>plenum<\/em> delle Camere. In tali sedi, anche con l\u2019attuale composizione, non sembra che l\u2019efficienza sia minata del numero di componenti. Se cos\u00ec fosse, allora, prendendo come riferimento solo la nostra Camera \u201cbassa\u201d (cio\u00e8 la Camera dei deputati) dovremmo ritenere che, in un\u2019ottica comparata, anche tutte le altre Camere basse degli altri Paesi del mondo con pi\u00f9 di 600 componenti lavorino in una composizione numerica \u201cinefficiente\u201d. Elemento che, invece, non sembra emergere. Semmai, al contrario, le ragioni di questa mancanza d\u2019efficienza vanno ricercate altrove. In particolare, per brevit\u00e0, mi sembra possano essere individuate, da un lato, nel sistema bicamerale perfetto (o piuccheperfetto, secondo alcuni) che appesantisce il procedimento legislativo, a danno della rapidit\u00e0 delle decisioni; dall\u2019altro, invece, nella prassi, alquanto censurabile, che fa dipendere la produzione normativa esclusivamente dal continuo utilizzo dello strumento del decreto-legge, sulla cui legge di conversione, spesso, il Governo finisce per apporre la questione di fiducia, in un rapporto perverso tra Legislativo ed Esecutivo, tutto sbilanciato a favore di quest\u2019ultimo. Insomma, ragioni arcinote, che, come \u00e8 evidente, nulla hanno a che vedere con la composizione quantitativa delle Camere.<\/p>\n<p>Inoltre, la riduzione del numero dei parlamentari <em>sic et simpliciter<\/em>, cos\u00ec come proposta, rischierebbe di imporre, a regolamenti parlamentari invariati, un giogo ancora maggiore all\u2019attivit\u00e0 parlamentare. Al Senato, ad esempio, la stabilit\u00e0 della maggioranza parlamentare nelle quattordici Commissioni permanenti verrebbe messa a dura prova. Il combinato disposto tra una legge elettorale proporzionale (promessa, ma di cui ancora si sa poco a parte il progetto del c.d. \u201cBrescellum) e la riduzione dei componenti delle Commissioni ad una dozzina di senatori, rischierebbe che la maggioranza in Commissione si limiti ad essere composta da 1-2 senatori in pi\u00f9. Un numero non sufficiente a garantire, con una certa stabilit\u00e0, la maggioranza parlamentare con ricadute negative evidenti. Ancora: tenuto conto che la riduzione del numero dei parlamentari incider\u00e0 inevitabilmente sulle forze politiche minoritarie in Parlamento, senza una diminuzione del requisito minimo di parlamentari richiesto per la costituzione di un gruppo parlamentare (di norma 20 alla Camera, 10 al Senato), in entrambi i rami del Parlamento, sar\u00e0 pi\u00f9 difficile costituire gruppi parlamentari anche per forze politiche s\u00ec piccole, ma non del tutto irrilevanti numericamente.<\/p>\n<p>Sono solo due esempi che, in conclusione, dimostrano come anche in questo caso l\u2019esito della riforma, a quadro invariato, conduca ad un risultato opposto rispetto a quello voluto dai promotori della riforma.<\/p>\n<p>Sembrer\u00e0 banale dirlo, ma mettere mano alla Costituzione \u00e8 un\u2019attivit\u00e0 seria. Per tale ragione, quando si decide di farlo, lo si deve nel massimo rispetto e ponendo attenzione a tutte le conseguenze (dirette ed indirette) che ci\u00f2 pu\u00f2 avere su tutto l\u2019assetto costituzionale e, in questo caso, anche istituzionale.<\/p>\n<p>Come nella famosa storia della gattina frettolosa che fece i gattini ciechi, a me sembra, volendo escludere che tale riforma fosse stata pensata per relegare la funzione del Parlamento in secondo piano rispetto ad un progetto di \u201cTerza Repubblica\u201d fondata sulla \u201cdemocrazia diretta\u201d, che la riduzione del numero, al fondo, ci dica una cosa: stiamo guardando al dito e non alla luna. Sar\u00e0 probabilmente benaltrismo, di cui mi si scuser\u00e0, ma non mi convince l\u2019idea di fondare l\u2019assetto di una nuova stagione di riforme costituzionali sull\u2019aritmetica (il numero dei parlamentari) piuttosto che sulla geometria (la forma di governo e dintorni). Ecco perch\u00e9 credo che siano da condividere le ragioni di chi ritiene che la (sola) riduzione del numero dei parlamentari vada respinta.<\/p>\n","protected":false},"excerpt":{"rendered":"<p>di Guglielmo Agolino Confesso che il tema su quale debba essere il numero di parlamentari pi\u00f9 idoneo a rappresentarci non mi appassiona. Non \u00e8, infatti, semplicemente il loro numero (e cio\u00e8 la quantit\u00e0) ad essere dirimente, quanto piuttosto la qualit\u00e0 di chi \u00e8 chiamato ad assumere l\u2019ufficio di parlamentare ad essere rilevante.<\/p>\n<div class='heateorSssClear'><\/div><div  class='heateor_sss_sharing_container heateor_sss_horizontal_sharing' data-heateor-sss-href='https:\/\/www.lacostituzione.info\/index.php\/2020\/09\/19\/referendum-perche-la-riduzione-sic-et-simpliciter-del-numero-dei-parlamentari-va-respinta\/'><div class='heateor_sss_sharing_title' style=\"font-weight:bold\" >Condividi!<\/div><div class=\"heateor_sss_sharing_ul\"><a aria-label=\"Facebook\" class=\"heateor_sss_facebook\" href=\"https:\/\/www.facebook.com\/sharer\/sharer.php?u=https%3A%2F%2Fwww.lacostituzione.info%2Findex.php%2F2020%2F09%2F19%2Freferendum-perche-la-riduzione-sic-et-simpliciter-del-numero-dei-parlamentari-va-respinta%2F\" title=\"Facebook\" rel=\"nofollow noopener\" target=\"_blank\" style=\"font-size:32px!important;box-shadow:none;display:inline-block;vertical-align:middle\"><span class=\"heateor_sss_svg\" style=\"background-color:#0765FE;width:35px;height:35px;display:inline-block;opacity:1;float:left;font-size:32px;box-shadow:none;display:inline-block;font-size:16px;padding:0 4px;vertical-align:middle;background-repeat:repeat;overflow:hidden;padding:0;cursor:pointer;box-sizing:content-box\"><svg style=\"display:block;\" focusable=\"false\" aria-hidden=\"true\" xmlns=\"http:\/\/www.w3.org\/2000\/svg\" width=\"100%\" height=\"100%\" viewBox=\"0 0 32 32\"><path fill=\"#fff\" d=\"M28 16c0-6.627-5.373-12-12-12S4 9.373 4 16c0 5.628 3.875 10.35 9.101 11.647v-7.98h-2.474V16H13.1v-1.58c0-4.085 1.849-5.978 5.859-5.978.76 0 2.072.15 2.608.298v3.325c-.283-.03-.775-.045-1.386-.045-1.967 0-2.728.745-2.728 2.683V16h3.92l-.673 3.667h-3.247v8.245C23.395 27.195 28 22.135 28 16Z\"><\/path><\/svg><\/span><\/a><a aria-label=\"Twitter\" class=\"heateor_sss_button_twitter\" href=\"https:\/\/twitter.com\/intent\/tweet?text=Referendum%3A%20perch%C3%A9%20la%20riduzione%20sic%20et%20simpliciter%20del%20numero%20dei%20parlamentari%20va%20respinta&url=https%3A%2F%2Fwww.lacostituzione.info%2Findex.php%2F2020%2F09%2F19%2Freferendum-perche-la-riduzione-sic-et-simpliciter-del-numero-dei-parlamentari-va-respinta%2F\" title=\"Twitter\" rel=\"nofollow noopener\" target=\"_blank\" style=\"font-size:32px!important;box-shadow:none;display:inline-block;vertical-align:middle\"><span class=\"heateor_sss_svg heateor_sss_s__default heateor_sss_s_twitter\" style=\"background-color:#55acee;width:35px;height:35px;display:inline-block;opacity:1;float:left;font-size:32px;box-shadow:none;display:inline-block;font-size:16px;padding:0 4px;vertical-align:middle;background-repeat:repeat;overflow:hidden;padding:0;cursor:pointer;box-sizing:content-box\"><svg style=\"display:block;\" focusable=\"false\" aria-hidden=\"true\" xmlns=\"http:\/\/www.w3.org\/2000\/svg\" width=\"100%\" height=\"100%\" viewBox=\"-4 -4 39 39\"><path d=\"M28 8.557a9.913 9.913 0 0 1-2.828.775 4.93 4.93 0 0 0 2.166-2.725 9.738 9.738 0 0 1-3.13 1.194 4.92 4.92 0 0 0-3.593-1.55 4.924 4.924 0 0 0-4.794 6.049c-4.09-.21-7.72-2.17-10.15-5.15a4.942 4.942 0 0 0-.665 2.477c0 1.71.87 3.214 2.19 4.1a4.968 4.968 0 0 1-2.23-.616v.06c0 2.39 1.7 4.38 3.952 4.83-.414.115-.85.174-1.297.174-.318 0-.626-.03-.928-.086a4.935 4.935 0 0 0 4.6 3.42 9.893 9.893 0 0 1-6.114 2.107c-.398 0-.79-.023-1.175-.068a13.953 13.953 0 0 0 7.55 2.213c9.056 0 14.01-7.507 14.01-14.013 0-.213-.005-.426-.015-.637.96-.695 1.795-1.56 2.455-2.55z\" fill=\"#fff\"><\/path><\/svg><\/span><\/a><a aria-label=\"Reddit\" class=\"heateor_sss_button_reddit\" href=\"https:\/\/reddit.com\/submit?url=https%3A%2F%2Fwww.lacostituzione.info%2Findex.php%2F2020%2F09%2F19%2Freferendum-perche-la-riduzione-sic-et-simpliciter-del-numero-dei-parlamentari-va-respinta%2F&title=Referendum%3A%20perch%C3%A9%20la%20riduzione%20sic%20et%20simpliciter%20del%20numero%20dei%20parlamentari%20va%20respinta\" title=\"Reddit\" rel=\"nofollow noopener\" target=\"_blank\" style=\"font-size:32px!important;box-shadow:none;display:inline-block;vertical-align:middle\"><span class=\"heateor_sss_svg heateor_sss_s__default heateor_sss_s_reddit\" style=\"background-color:#ff5700;width:35px;height:35px;display:inline-block;opacity:1;float:left;font-size:32px;box-shadow:none;display:inline-block;font-size:16px;padding:0 4px;vertical-align:middle;background-repeat:repeat;overflow:hidden;padding:0;cursor:pointer;box-sizing:content-box\"><svg style=\"display:block;\" focusable=\"false\" aria-hidden=\"true\" xmlns=\"http:\/\/www.w3.org\/2000\/svg\" width=\"100%\" height=\"100%\" viewBox=\"-3.5 -3.5 39 39\"><path d=\"M28.543 15.774a2.953 2.953 0 0 0-2.951-2.949 2.882 2.882 0 0 0-1.9.713 14.075 14.075 0 0 0-6.85-2.044l1.38-4.349 3.768.884a2.452 2.452 0 1 0 .24-1.176l-4.274-1a.6.6 0 0 0-.709.4l-1.659 5.224a14.314 14.314 0 0 0-7.316 2.029 2.908 2.908 0 0 0-1.872-.681 2.942 2.942 0 0 0-1.618 5.4 5.109 5.109 0 0 0-.062.765c0 4.158 5.037 7.541 11.229 7.541s11.22-3.383 11.22-7.541a5.2 5.2 0 0 0-.053-.706 2.963 2.963 0 0 0 1.427-2.51zm-18.008 1.88a1.753 1.753 0 0 1 1.73-1.74 1.73 1.73 0 0 1 1.709 1.74 1.709 1.709 0 0 1-1.709 1.711 1.733 1.733 0 0 1-1.73-1.711zm9.565 4.968a5.573 5.573 0 0 1-4.081 1.272h-.032a5.576 5.576 0 0 1-4.087-1.272.6.6 0 0 1 .844-.854 4.5 4.5 0 0 0 3.238.927h.032a4.5 4.5 0 0 0 3.237-.927.6.6 0 1 1 .844.854zm-.331-3.256a1.726 1.726 0 1 1 1.709-1.712 1.717 1.717 0 0 1-1.712 1.712z\" fill=\"#fff\"\/><\/svg><\/span><\/a><a aria-label=\"Linkedin\" class=\"heateor_sss_button_linkedin\" href=\"https:\/\/www.linkedin.com\/sharing\/share-offsite\/?url=https%3A%2F%2Fwww.lacostituzione.info%2Findex.php%2F2020%2F09%2F19%2Freferendum-perche-la-riduzione-sic-et-simpliciter-del-numero-dei-parlamentari-va-respinta%2F\" title=\"Linkedin\" rel=\"nofollow noopener\" target=\"_blank\" style=\"font-size:32px!important;box-shadow:none;display:inline-block;vertical-align:middle\"><span class=\"heateor_sss_svg heateor_sss_s__default heateor_sss_s_linkedin\" style=\"background-color:#0077b5;width:35px;height:35px;display:inline-block;opacity:1;float:left;font-size:32px;box-shadow:none;display:inline-block;font-size:16px;padding:0 4px;vertical-align:middle;background-repeat:repeat;overflow:hidden;padding:0;cursor:pointer;box-sizing:content-box\"><svg style=\"display:block;\" focusable=\"false\" aria-hidden=\"true\" xmlns=\"http:\/\/www.w3.org\/2000\/svg\" width=\"100%\" height=\"100%\" viewBox=\"0 0 32 32\"><path d=\"M6.227 12.61h4.19v13.48h-4.19V12.61zm2.095-6.7a2.43 2.43 0 0 1 0 4.86c-1.344 0-2.428-1.09-2.428-2.43s1.084-2.43 2.428-2.43m4.72 6.7h4.02v1.84h.058c.56-1.058 1.927-2.176 3.965-2.176 4.238 0 5.02 2.792 5.02 6.42v7.395h-4.183v-6.56c0-1.564-.03-3.574-2.178-3.574-2.18 0-2.514 1.7-2.514 3.46v6.668h-4.187V12.61z\" fill=\"#fff\"><\/path><\/svg><\/span><\/a><a aria-label=\"Pinterest\" class=\"heateor_sss_button_pinterest\" href=\"https:\/\/www.lacostituzione.info\/index.php\/2020\/09\/19\/referendum-perche-la-riduzione-sic-et-simpliciter-del-numero-dei-parlamentari-va-respinta\/\" onclick=\"event.preventDefault();javascript:void( (function() {var e=document.createElement('script' );e.setAttribute('type','text\/javascript' );e.setAttribute('charset','UTF-8' );e.setAttribute('src','\/\/assets.pinterest.com\/js\/pinmarklet.js?r='+Math.random()*99999999);document.body.appendChild(e)})());\" title=\"Pinterest\" rel=\"noopener\" style=\"font-size:32px!important;box-shadow:none;display:inline-block;vertical-align:middle\"><span class=\"heateor_sss_svg heateor_sss_s__default heateor_sss_s_pinterest\" style=\"background-color:#cc2329;width:35px;height:35px;display:inline-block;opacity:1;float:left;font-size:32px;box-shadow:none;display:inline-block;font-size:16px;padding:0 4px;vertical-align:middle;background-repeat:repeat;overflow:hidden;padding:0;cursor:pointer;box-sizing:content-box\"><svg style=\"display:block;\" focusable=\"false\" aria-hidden=\"true\" xmlns=\"http:\/\/www.w3.org\/2000\/svg\" width=\"100%\" height=\"100%\" viewBox=\"-2 -2 35 35\"><path fill=\"#fff\" d=\"M16.539 4.5c-6.277 0-9.442 4.5-9.442 8.253 0 2.272.86 4.293 2.705 5.046.303.125.574.005.662-.33.061-.231.205-.816.27-1.06.088-.331.053-.447-.191-.736-.532-.627-.873-1.439-.873-2.591 0-3.338 2.498-6.327 6.505-6.327 3.548 0 5.497 2.168 5.497 5.062 0 3.81-1.686 7.025-4.188 7.025-1.382 0-2.416-1.142-2.085-2.545.397-1.674 1.166-3.48 1.166-4.689 0-1.081-.581-1.983-1.782-1.983-1.413 0-2.548 1.462-2.548 3.419 0 1.247.421 2.091.421 2.091l-1.699 7.199c-.505 2.137-.076 4.755-.039 5.019.021.158.223.196.314.077.13-.17 1.813-2.247 2.384-4.324.162-.587.929-3.631.929-3.631.46.876 1.801 1.646 3.227 1.646 4.247 0 7.128-3.871 7.128-9.053.003-3.918-3.317-7.568-8.361-7.568z\"\/><\/svg><\/span><\/a><a aria-label=\"Whatsapp\" class=\"heateor_sss_whatsapp\" href=\"https:\/\/api.whatsapp.com\/send?text=Referendum%3A%20perch%C3%A9%20la%20riduzione%20sic%20et%20simpliciter%20del%20numero%20dei%20parlamentari%20va%20respinta%20https%3A%2F%2Fwww.lacostituzione.info%2Findex.php%2F2020%2F09%2F19%2Freferendum-perche-la-riduzione-sic-et-simpliciter-del-numero-dei-parlamentari-va-respinta%2F\" title=\"Whatsapp\" rel=\"nofollow noopener\" target=\"_blank\" style=\"font-size:32px!important;box-shadow:none;display:inline-block;vertical-align:middle\"><span class=\"heateor_sss_svg\" style=\"background-color:#55eb4c;width:35px;height:35px;display:inline-block;opacity:1;float:left;font-size:32px;box-shadow:none;display:inline-block;font-size:16px;padding:0 4px;vertical-align:middle;background-repeat:repeat;overflow:hidden;padding:0;cursor:pointer;box-sizing:content-box\"><svg style=\"display:block;\" focusable=\"false\" aria-hidden=\"true\" xmlns=\"http:\/\/www.w3.org\/2000\/svg\" width=\"100%\" height=\"100%\" viewBox=\"-6 -5 40 40\"><path class=\"heateor_sss_svg_stroke heateor_sss_no_fill\" stroke=\"#fff\" stroke-width=\"2\" fill=\"none\" d=\"M 11.579798566743314 24.396926207859085 A 10 10 0 1 0 6.808479557110079 20.73576436351046\"><\/path><path d=\"M 7 19 l -1 6 l 6 -1\" class=\"heateor_sss_no_fill heateor_sss_svg_stroke\" stroke=\"#fff\" stroke-width=\"2\" fill=\"none\"><\/path><path d=\"M 10 10 q -1 8 8 11 c 5 -1 0 -6 -1 -3 q -4 -3 -5 -5 c 4 -2 -1 -5 -1 -4\" fill=\"#fff\"><\/path><\/svg><\/span><\/a><\/div><div class=\"heateorSssClear\"><\/div><\/div><div class='heateorSssClear'><\/div>","protected":false},"author":1,"featured_media":0,"comment_status":"open","ping_status":"open","sticky":false,"template":"","format":"standard","meta":{"jetpack_post_was_ever_published":false,"_jetpack_newsletter_access":"","_jetpack_dont_email_post_to_subs":false,"_jetpack_newsletter_tier_id":0,"_jetpack_memberships_contains_paywalled_content":false,"_jetpack_memberships_contains_paid_content":false,"footnotes":"","jetpack_publicize_message":"","jetpack_publicize_feature_enabled":true,"jetpack_social_post_already_shared":false,"jetpack_social_options":{"image_generator_settings":{"template":"highway","default_image_id":0,"enabled":false},"version":2}},"categories":[14],"tags":[1451,1452],"class_list":["post-7375","post","type-post","status-publish","format-standard","hentry","category-di-robusta-costituzione","tag-referendum-costituzionale","tag-taglio-parlamentari"],"jetpack_publicize_connections":[],"jetpack_featured_media_url":"","jetpack_shortlink":"https:\/\/wp.me\/p84sDq-1UX","jetpack_likes_enabled":true,"jetpack_sharing_enabled":true,"_links":{"self":[{"href":"https:\/\/www.lacostituzione.info\/index.php\/wp-json\/wp\/v2\/posts\/7375","targetHints":{"allow":["GET"]}}],"collection":[{"href":"https:\/\/www.lacostituzione.info\/index.php\/wp-json\/wp\/v2\/posts"}],"about":[{"href":"https:\/\/www.lacostituzione.info\/index.php\/wp-json\/wp\/v2\/types\/post"}],"author":[{"embeddable":true,"href":"https:\/\/www.lacostituzione.info\/index.php\/wp-json\/wp\/v2\/users\/1"}],"replies":[{"embeddable":true,"href":"https:\/\/www.lacostituzione.info\/index.php\/wp-json\/wp\/v2\/comments?post=7375"}],"version-history":[{"count":0,"href":"https:\/\/www.lacostituzione.info\/index.php\/wp-json\/wp\/v2\/posts\/7375\/revisions"}],"wp:attachment":[{"href":"https:\/\/www.lacostituzione.info\/index.php\/wp-json\/wp\/v2\/media?parent=7375"}],"wp:term":[{"taxonomy":"category","embeddable":true,"href":"https:\/\/www.lacostituzione.info\/index.php\/wp-json\/wp\/v2\/categories?post=7375"},{"taxonomy":"post_tag","embeddable":true,"href":"https:\/\/www.lacostituzione.info\/index.php\/wp-json\/wp\/v2\/tags?post=7375"}],"curies":[{"name":"wp","href":"https:\/\/api.w.org\/{rel}","templated":true}]}}