{"id":7434,"date":"2020-10-12T10:14:42","date_gmt":"2020-10-12T08:14:42","guid":{"rendered":"http:\/\/www.lacostituzione.info\/?p=7434"},"modified":"2020-10-12T10:18:30","modified_gmt":"2020-10-12T08:18:30","slug":"il-covid-19-tra-art-15-cedu-e-precauzione-epidemiologica","status":"publish","type":"post","link":"https:\/\/www.lacostituzione.info\/index.php\/2020\/10\/12\/il-covid-19-tra-art-15-cedu-e-precauzione-epidemiologica\/","title":{"rendered":"Il Covid-19 tra art. 15 CEDU e precauzione epidemiologica"},"content":{"rendered":"\n<p style=\"text-align: center;\"><a href=\"http:\/\/www.lacostituzione.info\/wp-content\/uploads\/2020\/02\/Corona-Virus.jpg\"><img loading=\"lazy\" decoding=\"async\" data-attachment-id=\"6833\" data-permalink=\"https:\/\/www.lacostituzione.info\/index.php\/2020\/02\/28\/coronavirus-il-tar-sospende-lordinanza-della-regione-marche-che-ne-fa-unaltra\/corona-virus\/#main\" data-orig-file=\"https:\/\/www.lacostituzione.info\/wp-content\/uploads\/2020\/02\/Corona-Virus.jpg\" data-orig-size=\"1024,1024\" data-comments-opened=\"1\" data-image-meta=\"{&quot;aperture&quot;:&quot;0&quot;,&quot;credit&quot;:&quot;&quot;,&quot;camera&quot;:&quot;&quot;,&quot;caption&quot;:&quot;&quot;,&quot;created_timestamp&quot;:&quot;0&quot;,&quot;copyright&quot;:&quot;&quot;,&quot;focal_length&quot;:&quot;0&quot;,&quot;iso&quot;:&quot;0&quot;,&quot;shutter_speed&quot;:&quot;0&quot;,&quot;title&quot;:&quot;&quot;,&quot;orientation&quot;:&quot;0&quot;}\" data-image-title=\"Corona-Virus\" data-image-description=\"\" data-image-caption=\"\" data-medium-file=\"https:\/\/www.lacostituzione.info\/wp-content\/uploads\/2020\/02\/Corona-Virus-300x300.jpg\" data-large-file=\"https:\/\/www.lacostituzione.info\/wp-content\/uploads\/2020\/02\/Corona-Virus.jpg\" class=\"aligncenter size-thumbnail wp-image-6833\" src=\"http:\/\/www.lacostituzione.info\/wp-content\/uploads\/2020\/02\/Corona-Virus-150x150.jpg\" alt=\"\" width=\"150\" height=\"150\" srcset=\"https:\/\/www.lacostituzione.info\/wp-content\/uploads\/2020\/02\/Corona-Virus-150x150.jpg 150w, https:\/\/www.lacostituzione.info\/wp-content\/uploads\/2020\/02\/Corona-Virus-300x300.jpg 300w, https:\/\/www.lacostituzione.info\/wp-content\/uploads\/2020\/02\/Corona-Virus-768x768.jpg 768w, https:\/\/www.lacostituzione.info\/wp-content\/uploads\/2020\/02\/Corona-Virus.jpg 1024w\" sizes=\"auto, (max-width: 150px) 100vw, 150px\" \/><\/a>di <strong>Michele Carducci<\/strong><\/p>\n<p>L&#8217;<em>Osservatorio sulla Legalit\u00e0 Costituzionale<\/em>, istituito presso il <em>Comitato Popolare per la difesa dei beni pubblici e comuni Stefano Rodot\u00e0<\/em>, ha notificato, in settembre, un <a href=\"https:\/\/benipubbliciecomuni.it\/bacheca\/comunicato_stampa_ricorso.php\">&#8220;esposto&#8221; al Consiglio d&#8217;Europa<\/a>, nella persona del Segretario Generale, denunciando la violazione dell&#8217;art. 15 CEDU da parte dell&#8217;Italia, con la contestuale richiesta di provvedimenti di vigilanza ed eventuale trasmissione degli atti alla Corte Europea dei Diritti dell&#8217;Uomo.<!--more--><\/p>\n<p>Il merito della denuncia investe la dichiarazione dello &#8220;<em>stato di emergenza in conseguenza del rischio sanitario connesso all&#8217;insorgenza di patologie derivanti da agenti virali trasmissibili<\/em>&#8221; (il Covid-19), deliberata dal Governo italiano prima ancora della dichiarazione di &#8220;pandemia mondiale&#8221; da parte dell&#8217;OMS e nel ricorso a fonti normative, considerate inappropriate, se non addirittura incostituzionali, comunque ad effetto sproporzionato rispetto a diritti e libert\u00e0 coinvolti.<\/p>\n<p>La richiesta finale si traduce nella denuncia del &#8220;<em>mancato rispetto dell&#8217;art. 15 CEDU e delle norme della Convenzione<\/em>&#8220;.<\/p>\n<p>Il tema del ricorso o meno, da parte degli Stati, all&#8217;art. 15 CEDU, al momento della dichiarazione di emergenza sanitaria, \u00e8 gi\u00e0 stato discusso in letteratura, anche in Italia (si v., per esempio, R. Lugar\u00e0, <em>Emergenza sanitaria e art. 15 CEDU: perch\u00e9 la Corte europea dovrebbe intensificare il sindacato sulle deroghe ai diritti fondamentali<\/em>, in <em>Osservatorio costituzionale AIC<\/em>, 3, 2020, 341-373). E&#8217;\u00a0una novit\u00e0, invece, l&#8217;aver formulato l&#8217;esposto al Segretario Generale per lamentarne il mancato utilizzo, congiuntamente con la richiesta di intervento della Corte europea, per il fatto che l&#8217; emergenza sarebbe stata dichiarata e gestita in tempi e modalit\u00e0 non proporzionate ai fatti: troppo presto, rispetto all&#8217;espansione pandemica, e troppo male, rispetto alle effettive esigenze di tutela della sanit\u00e0 pubblica nel rispetto dei diritti.<\/p>\n<p>Ora, sulla base di un ordito analogamente fondato sulla gestione dei tempi dell&#8217; emergenza, lo stesso Governo, nelle persone del suo Presidente del Consiglio e di alcuni Ministri, era gi\u00e0 stato denunciato in Italia da <a href=\"https:\/\/www.huffingtonpost.it\/entry\/chi-sono-i-200-cittadini-che-hanno-denunciato-il-governo-per-il-lockdown_it_5f351eb7c5b64cc99fe2d978\" class=\"broken_link\"><u>cittadini e associazioni<\/u><\/a>, ma per lamentare l&#8217;esatto contrario: per essere stato, il Governo, troppo lento nel dichiarare l&#8217;emergenza e troppo prudente negli effetti.<\/p>\n<p>Non intendo comparare i due atti, molto diversi per seriet\u00e0 di argomenti e di riferimenti, ma solo rimarcarne la singolare reciproca specularit\u00e0 rispetto alla variabile &#8220;tempo&#8221; nelle decisioni riferibili a una particolare emergenza, quella sanitaria.\u00a0Da questo punto di vista, infatti, entrambi gli &#8220;esposti&#8221; condividono un altro carattere comune: la totale mancata considerazione del principio di precauzione epidemiologica, che pur costituisce il presupposto costitutivo di qualsiasi argomentazione in tema di emergenze sanitarie (cfr. C. Botti et al., <em>Causalit\u00e0 in epidemiologia: popolazioni, individui e spiegazioni alternative<\/em>, in 23 <em>Epidemiol. Prev.<\/em>, 1999, 260-267).<\/p>\n<p>La precauzione epidemiologica non \u00e8 una precauzione <em>qualsiasi<\/em>. Una vasta letteratura (per es. D. Kriebel, J. Tickner, <em>Reenergizing public health through precaution<\/em>, in 91 <em>Am. J. Publ. Health<\/em>, 2001, 1351-1361; N. Krieger, <em>Epidemiology and web of causation<\/em>, in 39 <em>Soc. Sc. Med.<\/em>, 1994, 887-903; N. Krieger, <em>Epidemiology and social science<\/em>, in 22 <em>Epidemiol. <\/em><em>Rev.<\/em>, 2000, 155-163) ne ha rimarcato le differenze rispetto ad altri campi di applicazione del principio (da quello ambientale a quello del c.d. &#8220;ignoto tecnologico&#8221;, a quello climatico ecc&#8230;).<\/p>\n<p>Essa presenta un contenuto a vocazione pi\u00f9 spiccatamente &#8220;etica&#8221;, piuttosto che giuridica (riferita ai danni risarcibili) o economica (riferita alle utilit\u00e0 di lungo periodo), con conseguenti effetti sulla &#8220;razionalit\u00e0&#8221; del suo utilizzo, che si prestano alle pi\u00f9 diverse valutazioni (come mostrano i due &#8220;esposti&#8221;), prevalentemente anch&#8217;esse &#8220;etiche&#8221; (D.L. Weed, R.E. McKewon, <em>Epidemiology and virtue ethics<\/em>, in 27 <em>Int&#8217;l J. Epidemiol.<\/em>, 1998, 243-249).<\/p>\n<p>Nella pratica, il ricorso alla precauzione epidemiologica attiva una razionalit\u00e0 &#8220;al buio&#8221; in un duplice significato: in primo luogo, perch\u00e9 essa considera la vastit\u00e0 e intensit\u00e0 degli impatti, che certi fenomeni inaspettati o non conosciuti (come un virus improvviso), possono avere sulla salute, la sicurezza e l&#8217;integrit\u00e0 della vita biologica (umana e non umana), in tutte le sua manifestazioni spaziali e temporali (da quelle individuali a quelle sociali e istituzionali &#8211; si pensi alla gestione degli ospedali -, da quelle patologiche a quelle fisiologiche delle diverse esperienze di vita); in secondo luogo, per le c.d. &#8220;oscillazioni non lineari&#8221; delle questioni &#8220;sanitarie&#8221; in senso lato (riferibili, cio\u00e8, a tutti i determinanti della salute umana e ambientale), giacch\u00e9 qualsiasi decisione sulla salute collettiva innesca stimolazioni inaspettate e non &#8220;causali&#8221;, tanto da aver suggerito, in alcuni studi, il ricorso alla geometria frattale (A.L. Goldberger et al., <em>Fractals in physiology and medicine<\/em>, in 60 <em>Yale J. Biol. Med.<\/em>, 5, 1987, 421-435) e ai modelli matematici del &#8220;caos&#8221; (J, Gleick, <em>Caos. La nascita di una nuova scienza<\/em> (1987), Milano, Rizzoli, 1989), per poter inquadrare meglio le osservazioni.<\/p>\n<p>La scoperta di questa complessit\u00e0 ha avuto una profonda ripercussione su concetti fondamentali, come quello di &#8220;normalit\u00e0&#8221; nella valutazione dei rischi. Pertanto, ricondurre e giudicare, anche in termini costituzionali, l&#8217;emergenza sanitaria a uno schema logico &#8220;cronotipico&#8221; (M. Kaiser, <em>Reactions to the future<\/em>, in 9 <em>Nanoethics<\/em>, 2015, 165-177), ovvero di linearit\u00e0 prima\/dopo, se\/allora, normale\/anormale ecc&#8230;, congeniale alle figurazioni del diritto pubblico, non \u00e8 risolutivo.<\/p>\n<p>La precauzione epidemiologica, proprio per la sua &#8220;specificit\u00e0&#8221;, non coincide con il <em>Vorsorgeprinzip<\/em>, la pianificazione anticipatrice di problemi futuri, riferibili a determinati rischi su determinate azioni e determinati effetti. La cornice eco-sociale della causalit\u00e0 epidemiologica \u00e8 caotica e quindi inevitabilmente &#8220;confusa&#8221;, pi\u00f9 correttamente si dovrebbe dire &#8220;involontaria&#8221;, nella combinazione dei suoi elementi.<\/p>\n<p>Tutto questo spiega perch\u00e9, in situazioni di emergenza sanitaria su cui decidere secondo precauzione epidemiologica, si attivi sempre la c.d. &#8220;<em>Tunnel Vision<\/em>&#8221; (o &#8220;<em>effetto galleria<\/em>&#8220;), come venne denominata dal Stephen Breyer (<em>Breaking the Vicious Circle. Toward Effective Risk Regulation<\/em>, Cambridge (Ma), Harvard U.P., 1995): la necessit\u00e0 di focalizzare la decisione su un solo rischio, quello considerato peggiore in termini etici, prima ancora che giuridici o economici, trascurando consapevolmente gli &#8220;effetti collaterali&#8221; (i &#8220;<em>trade-off<\/em>&#8220;). E questo, non perch\u00e9 si neghino tali effetti o li si considerino estranei alla caotica causalit\u00e0 epidemiologica (che \u00e8 appunto eco-sociale e non solo biologica) o addirittura meno importanti; bens\u00ec per l&#8217;esatto contrario, perch\u00e9 tali effetti sono pur sempre fattori costitutivi di una probabilit\u00e0 condizionata, che impedisce di bilanciare in modo proporzionato qualsiasi scenario. Dentro la &#8220;galleria&#8221; chiunque (decisore, interprete, oppositore del decisore ecc&#8230;), elegge, pi\u00f9 o meno consapevolmente, il rischio su cui focalizzare la conoscenza, il discorso, l&#8217;azione. Chiunque ha la sua &#8220;parte&#8221; di ragione, con connessi &#8220;<em>trade-off<\/em>&#8220;.<\/p>\n<p>Dunque, ogni emergenza sanitaria \u00e8 gravida di una condizione di &#8220;errore&#8221;. Il che non significa giustificare qualsiasi presa di posizione o rinunciare alla discussione e alla critica. Molto pi\u00f9 banalmente, si tratta di avere consapevolezza del paradosso, non superabile in s\u00e9, ma solo governabile nel &#8220;meno peggiore&#8221; dei modi. Ma allora qual \u00e8 il &#8220;meno peggiore&#8221; dei modi per decidere secondo precauzione epidemiologica nell&#8217;emergenza sanitaria?<\/p>\n<p>A questo interrogativo, il pi\u00f9 delle volte, si rinuncia a dare risposte, preferendo permanere nella &#8220;<em>Comfort Zone<\/em>&#8221; della propria &#8220;<em>Tunnel Vision<\/em>&#8220;. Invece, la risposta \u00e8 necessaria, per imparare dalle emergenze e rafforzare la razionalit\u00e0 istituzionale di un ordinamento giuridico. E la risposta \u00e8 nel metodo della pi\u00f9 ampia trasparenza, doverosa su due fronti: quello della valutazione delle evidenze scientifiche e quello della formulazione delle decisioni.<\/p>\n<p>Infatti, un altro fattore che contraddistingue la precauzione epidemiologica risiede nell&#8217;uso dell&#8217;informazione scientifica. Quanto si parla di sanit\u00e0, si parla <em>di<\/em> scienza (ricerche, sperimentazioni, protocolli, somministrazioni). Ma si parla anche di interessi (corporativi ed economici) <em>sulla<\/em> scienza (ruoli nelle istituzioni di ricerca, brevetti, commercializzazioni, royalties ecc&#8230;) e di decisioni politiche collegate (promozioni, finanziamenti, licitazioni, autorizzazioni, investimenti in ricerca, ospedali ecc&#8230;). Si parla, insomma, di un groviglio di variabili umane, di natura tutt&#8217;altro che &#8220;sanitaria&#8221;, le quali tuttavia complicano la complessit\u00e0 caotica delle questioni &#8220;sanitarie&#8221;. Non a caso, gli studi sulla precauzione epidemiologica includono quasi sempre la considerazione di questo groviglio; anche perch\u00e9 da esso derivano strategie di &#8220;devianza&#8221; nell&#8217;uso della precauzione, come attestano i comportamenti di &#8220;ostacolo alla ricerca&#8221; o di &#8220;costruzione artificiosa&#8221; delle controversie scientifiche, finalizzati a condizionare, per ragioni tutt&#8217;altro che &#8220;etiche&#8221;, la &#8220;<em>Tunnel Vision<\/em>&#8221; del decisore (C. Soskolne, <em>Definizioni e proposte per i concetti di &#8220;ostacolo alla&#8221; ricerca e &#8220;repressione della&#8221; ricerca epidemiologica<\/em>, in 27 <em>Epidemiol. Prev.<\/em>, 2003, 6-8).<\/p>\n<p>Pertanto, prima ancora che di proporzionalit\u00e0 o meno delle decisioni, per di pi\u00f9 ignorando l&#8217;incidenza su di esse della caotica precauzione epidemiologica, si dovrebbe discutere di intransigente trasparenza delle stesse rispetto alle &#8220;tentazioni&#8221; umane (non &#8220;sanitarie&#8221;) della devianza.<\/p>\n","protected":false},"excerpt":{"rendered":"<p>di Michele Carducci L&#8217;Osservatorio sulla Legalit\u00e0 Costituzionale, istituito presso il Comitato Popolare per la difesa dei beni pubblici e comuni Stefano Rodot\u00e0, ha notificato, in settembre, un &#8220;esposto&#8221; al Consiglio d&#8217;Europa, nella persona del Segretario Generale, denunciando la violazione dell&#8217;art. 15 CEDU da parte dell&#8217;Italia, con la contestuale richiesta di provvedimenti di vigilanza ed eventuale &#8230; <a title=\"Il Covid-19 tra art. 15 CEDU e precauzione epidemiologica\" class=\"read-more\" href=\"https:\/\/www.lacostituzione.info\/index.php\/2020\/10\/12\/il-covid-19-tra-art-15-cedu-e-precauzione-epidemiologica\/\">Leggi tutto<\/a><\/p>\n<div class='heateorSssClear'><\/div><div  class='heateor_sss_sharing_container heateor_sss_horizontal_sharing' data-heateor-sss-href='https:\/\/www.lacostituzione.info\/index.php\/2020\/10\/12\/il-covid-19-tra-art-15-cedu-e-precauzione-epidemiologica\/'><div class='heateor_sss_sharing_title' style=\"font-weight:bold\" >Condividi!<\/div><div class=\"heateor_sss_sharing_ul\"><a aria-label=\"Facebook\" class=\"heateor_sss_facebook\" href=\"https:\/\/www.facebook.com\/sharer\/sharer.php?u=https%3A%2F%2Fwww.lacostituzione.info%2Findex.php%2F2020%2F10%2F12%2Fil-covid-19-tra-art-15-cedu-e-precauzione-epidemiologica%2F\" title=\"Facebook\" rel=\"nofollow noopener\" target=\"_blank\" style=\"font-size:32px!important;box-shadow:none;display:inline-block;vertical-align:middle\"><span class=\"heateor_sss_svg\" style=\"background-color:#0765FE;width:35px;height:35px;display:inline-block;opacity:1;float:left;font-size:32px;box-shadow:none;display:inline-block;font-size:16px;padding:0 4px;vertical-align:middle;background-repeat:repeat;overflow:hidden;padding:0;cursor:pointer;box-sizing:content-box\"><svg style=\"display:block;\" focusable=\"false\" aria-hidden=\"true\" xmlns=\"http:\/\/www.w3.org\/2000\/svg\" width=\"100%\" height=\"100%\" viewBox=\"0 0 32 32\"><path fill=\"#fff\" d=\"M28 16c0-6.627-5.373-12-12-12S4 9.373 4 16c0 5.628 3.875 10.35 9.101 11.647v-7.98h-2.474V16H13.1v-1.58c0-4.085 1.849-5.978 5.859-5.978.76 0 2.072.15 2.608.298v3.325c-.283-.03-.775-.045-1.386-.045-1.967 0-2.728.745-2.728 2.683V16h3.92l-.673 3.667h-3.247v8.245C23.395 27.195 28 22.135 28 16Z\"><\/path><\/svg><\/span><\/a><a aria-label=\"Twitter\" class=\"heateor_sss_button_twitter\" href=\"https:\/\/twitter.com\/intent\/tweet?text=Il%20Covid-19%20tra%20art.%2015%20CEDU%20e%20precauzione%20epidemiologica&url=https%3A%2F%2Fwww.lacostituzione.info%2Findex.php%2F2020%2F10%2F12%2Fil-covid-19-tra-art-15-cedu-e-precauzione-epidemiologica%2F\" title=\"Twitter\" rel=\"nofollow noopener\" target=\"_blank\" style=\"font-size:32px!important;box-shadow:none;display:inline-block;vertical-align:middle\"><span class=\"heateor_sss_svg heateor_sss_s__default heateor_sss_s_twitter\" style=\"background-color:#55acee;width:35px;height:35px;display:inline-block;opacity:1;float:left;font-size:32px;box-shadow:none;display:inline-block;font-size:16px;padding:0 4px;vertical-align:middle;background-repeat:repeat;overflow:hidden;padding:0;cursor:pointer;box-sizing:content-box\"><svg style=\"display:block;\" focusable=\"false\" aria-hidden=\"true\" xmlns=\"http:\/\/www.w3.org\/2000\/svg\" width=\"100%\" height=\"100%\" viewBox=\"-4 -4 39 39\"><path d=\"M28 8.557a9.913 9.913 0 0 1-2.828.775 4.93 4.93 0 0 0 2.166-2.725 9.738 9.738 0 0 1-3.13 1.194 4.92 4.92 0 0 0-3.593-1.55 4.924 4.924 0 0 0-4.794 6.049c-4.09-.21-7.72-2.17-10.15-5.15a4.942 4.942 0 0 0-.665 2.477c0 1.71.87 3.214 2.19 4.1a4.968 4.968 0 0 1-2.23-.616v.06c0 2.39 1.7 4.38 3.952 4.83-.414.115-.85.174-1.297.174-.318 0-.626-.03-.928-.086a4.935 4.935 0 0 0 4.6 3.42 9.893 9.893 0 0 1-6.114 2.107c-.398 0-.79-.023-1.175-.068a13.953 13.953 0 0 0 7.55 2.213c9.056 0 14.01-7.507 14.01-14.013 0-.213-.005-.426-.015-.637.96-.695 1.795-1.56 2.455-2.55z\" fill=\"#fff\"><\/path><\/svg><\/span><\/a><a aria-label=\"Reddit\" class=\"heateor_sss_button_reddit\" href=\"https:\/\/reddit.com\/submit?url=https%3A%2F%2Fwww.lacostituzione.info%2Findex.php%2F2020%2F10%2F12%2Fil-covid-19-tra-art-15-cedu-e-precauzione-epidemiologica%2F&title=Il%20Covid-19%20tra%20art.%2015%20CEDU%20e%20precauzione%20epidemiologica\" title=\"Reddit\" rel=\"nofollow noopener\" target=\"_blank\" style=\"font-size:32px!important;box-shadow:none;display:inline-block;vertical-align:middle\"><span class=\"heateor_sss_svg heateor_sss_s__default heateor_sss_s_reddit\" style=\"background-color:#ff5700;width:35px;height:35px;display:inline-block;opacity:1;float:left;font-size:32px;box-shadow:none;display:inline-block;font-size:16px;padding:0 4px;vertical-align:middle;background-repeat:repeat;overflow:hidden;padding:0;cursor:pointer;box-sizing:content-box\"><svg style=\"display:block;\" focusable=\"false\" aria-hidden=\"true\" xmlns=\"http:\/\/www.w3.org\/2000\/svg\" width=\"100%\" height=\"100%\" viewBox=\"-3.5 -3.5 39 39\"><path d=\"M28.543 15.774a2.953 2.953 0 0 0-2.951-2.949 2.882 2.882 0 0 0-1.9.713 14.075 14.075 0 0 0-6.85-2.044l1.38-4.349 3.768.884a2.452 2.452 0 1 0 .24-1.176l-4.274-1a.6.6 0 0 0-.709.4l-1.659 5.224a14.314 14.314 0 0 0-7.316 2.029 2.908 2.908 0 0 0-1.872-.681 2.942 2.942 0 0 0-1.618 5.4 5.109 5.109 0 0 0-.062.765c0 4.158 5.037 7.541 11.229 7.541s11.22-3.383 11.22-7.541a5.2 5.2 0 0 0-.053-.706 2.963 2.963 0 0 0 1.427-2.51zm-18.008 1.88a1.753 1.753 0 0 1 1.73-1.74 1.73 1.73 0 0 1 1.709 1.74 1.709 1.709 0 0 1-1.709 1.711 1.733 1.733 0 0 1-1.73-1.711zm9.565 4.968a5.573 5.573 0 0 1-4.081 1.272h-.032a5.576 5.576 0 0 1-4.087-1.272.6.6 0 0 1 .844-.854 4.5 4.5 0 0 0 3.238.927h.032a4.5 4.5 0 0 0 3.237-.927.6.6 0 1 1 .844.854zm-.331-3.256a1.726 1.726 0 1 1 1.709-1.712 1.717 1.717 0 0 1-1.712 1.712z\" fill=\"#fff\"\/><\/svg><\/span><\/a><a aria-label=\"Linkedin\" class=\"heateor_sss_button_linkedin\" href=\"https:\/\/www.linkedin.com\/sharing\/share-offsite\/?url=https%3A%2F%2Fwww.lacostituzione.info%2Findex.php%2F2020%2F10%2F12%2Fil-covid-19-tra-art-15-cedu-e-precauzione-epidemiologica%2F\" title=\"Linkedin\" rel=\"nofollow noopener\" target=\"_blank\" style=\"font-size:32px!important;box-shadow:none;display:inline-block;vertical-align:middle\"><span class=\"heateor_sss_svg heateor_sss_s__default heateor_sss_s_linkedin\" style=\"background-color:#0077b5;width:35px;height:35px;display:inline-block;opacity:1;float:left;font-size:32px;box-shadow:none;display:inline-block;font-size:16px;padding:0 4px;vertical-align:middle;background-repeat:repeat;overflow:hidden;padding:0;cursor:pointer;box-sizing:content-box\"><svg style=\"display:block;\" focusable=\"false\" aria-hidden=\"true\" xmlns=\"http:\/\/www.w3.org\/2000\/svg\" width=\"100%\" height=\"100%\" viewBox=\"0 0 32 32\"><path d=\"M6.227 12.61h4.19v13.48h-4.19V12.61zm2.095-6.7a2.43 2.43 0 0 1 0 4.86c-1.344 0-2.428-1.09-2.428-2.43s1.084-2.43 2.428-2.43m4.72 6.7h4.02v1.84h.058c.56-1.058 1.927-2.176 3.965-2.176 4.238 0 5.02 2.792 5.02 6.42v7.395h-4.183v-6.56c0-1.564-.03-3.574-2.178-3.574-2.18 0-2.514 1.7-2.514 3.46v6.668h-4.187V12.61z\" fill=\"#fff\"><\/path><\/svg><\/span><\/a><a aria-label=\"Pinterest\" class=\"heateor_sss_button_pinterest\" href=\"https:\/\/www.lacostituzione.info\/index.php\/2020\/10\/12\/il-covid-19-tra-art-15-cedu-e-precauzione-epidemiologica\/\" onclick=\"event.preventDefault();javascript:void( (function() {var e=document.createElement('script' );e.setAttribute('type','text\/javascript' );e.setAttribute('charset','UTF-8' );e.setAttribute('src','\/\/assets.pinterest.com\/js\/pinmarklet.js?r='+Math.random()*99999999);document.body.appendChild(e)})());\" title=\"Pinterest\" rel=\"noopener\" style=\"font-size:32px!important;box-shadow:none;display:inline-block;vertical-align:middle\"><span class=\"heateor_sss_svg heateor_sss_s__default heateor_sss_s_pinterest\" style=\"background-color:#cc2329;width:35px;height:35px;display:inline-block;opacity:1;float:left;font-size:32px;box-shadow:none;display:inline-block;font-size:16px;padding:0 4px;vertical-align:middle;background-repeat:repeat;overflow:hidden;padding:0;cursor:pointer;box-sizing:content-box\"><svg style=\"display:block;\" focusable=\"false\" aria-hidden=\"true\" xmlns=\"http:\/\/www.w3.org\/2000\/svg\" width=\"100%\" height=\"100%\" viewBox=\"-2 -2 35 35\"><path fill=\"#fff\" d=\"M16.539 4.5c-6.277 0-9.442 4.5-9.442 8.253 0 2.272.86 4.293 2.705 5.046.303.125.574.005.662-.33.061-.231.205-.816.27-1.06.088-.331.053-.447-.191-.736-.532-.627-.873-1.439-.873-2.591 0-3.338 2.498-6.327 6.505-6.327 3.548 0 5.497 2.168 5.497 5.062 0 3.81-1.686 7.025-4.188 7.025-1.382 0-2.416-1.142-2.085-2.545.397-1.674 1.166-3.48 1.166-4.689 0-1.081-.581-1.983-1.782-1.983-1.413 0-2.548 1.462-2.548 3.419 0 1.247.421 2.091.421 2.091l-1.699 7.199c-.505 2.137-.076 4.755-.039 5.019.021.158.223.196.314.077.13-.17 1.813-2.247 2.384-4.324.162-.587.929-3.631.929-3.631.46.876 1.801 1.646 3.227 1.646 4.247 0 7.128-3.871 7.128-9.053.003-3.918-3.317-7.568-8.361-7.568z\"\/><\/svg><\/span><\/a><a aria-label=\"Whatsapp\" class=\"heateor_sss_whatsapp\" href=\"https:\/\/api.whatsapp.com\/send?text=Il%20Covid-19%20tra%20art.%2015%20CEDU%20e%20precauzione%20epidemiologica%20https%3A%2F%2Fwww.lacostituzione.info%2Findex.php%2F2020%2F10%2F12%2Fil-covid-19-tra-art-15-cedu-e-precauzione-epidemiologica%2F\" title=\"Whatsapp\" rel=\"nofollow noopener\" target=\"_blank\" style=\"font-size:32px!important;box-shadow:none;display:inline-block;vertical-align:middle\"><span class=\"heateor_sss_svg\" style=\"background-color:#55eb4c;width:35px;height:35px;display:inline-block;opacity:1;float:left;font-size:32px;box-shadow:none;display:inline-block;font-size:16px;padding:0 4px;vertical-align:middle;background-repeat:repeat;overflow:hidden;padding:0;cursor:pointer;box-sizing:content-box\"><svg style=\"display:block;\" focusable=\"false\" aria-hidden=\"true\" xmlns=\"http:\/\/www.w3.org\/2000\/svg\" width=\"100%\" height=\"100%\" viewBox=\"-6 -5 40 40\"><path class=\"heateor_sss_svg_stroke heateor_sss_no_fill\" stroke=\"#fff\" stroke-width=\"2\" fill=\"none\" d=\"M 11.579798566743314 24.396926207859085 A 10 10 0 1 0 6.808479557110079 20.73576436351046\"><\/path><path d=\"M 7 19 l -1 6 l 6 -1\" class=\"heateor_sss_no_fill heateor_sss_svg_stroke\" stroke=\"#fff\" stroke-width=\"2\" fill=\"none\"><\/path><path d=\"M 10 10 q -1 8 8 11 c 5 -1 0 -6 -1 -3 q -4 -3 -5 -5 c 4 -2 -1 -5 -1 -4\" fill=\"#fff\"><\/path><\/svg><\/span><\/a><\/div><div class=\"heateorSssClear\"><\/div><\/div><div class='heateorSssClear'><\/div>","protected":false},"author":1,"featured_media":0,"comment_status":"open","ping_status":"open","sticky":false,"template":"","format":"standard","meta":{"jetpack_post_was_ever_published":false,"_jetpack_newsletter_access":"","_jetpack_dont_email_post_to_subs":false,"_jetpack_newsletter_tier_id":0,"_jetpack_memberships_contains_paywalled_content":false,"_jetpack_memberships_contains_paid_content":false,"footnotes":"","jetpack_publicize_message":"","jetpack_publicize_feature_enabled":true,"jetpack_social_post_already_shared":false,"jetpack_social_options":{"image_generator_settings":{"template":"highway","default_image_id":0,"enabled":false},"version":2}},"categories":[12],"tags":[1530,1531,1007],"class_list":["post-7434","post","type-post","status-publish","format-standard","hentry","category-editoriale","tag-epidemia","tag-principio-di-precauzione","tag-virus"],"jetpack_publicize_connections":[],"jetpack_featured_media_url":"","jetpack_shortlink":"https:\/\/wp.me\/p84sDq-1VU","jetpack_likes_enabled":true,"jetpack_sharing_enabled":true,"_links":{"self":[{"href":"https:\/\/www.lacostituzione.info\/index.php\/wp-json\/wp\/v2\/posts\/7434","targetHints":{"allow":["GET"]}}],"collection":[{"href":"https:\/\/www.lacostituzione.info\/index.php\/wp-json\/wp\/v2\/posts"}],"about":[{"href":"https:\/\/www.lacostituzione.info\/index.php\/wp-json\/wp\/v2\/types\/post"}],"author":[{"embeddable":true,"href":"https:\/\/www.lacostituzione.info\/index.php\/wp-json\/wp\/v2\/users\/1"}],"replies":[{"embeddable":true,"href":"https:\/\/www.lacostituzione.info\/index.php\/wp-json\/wp\/v2\/comments?post=7434"}],"version-history":[{"count":0,"href":"https:\/\/www.lacostituzione.info\/index.php\/wp-json\/wp\/v2\/posts\/7434\/revisions"}],"wp:attachment":[{"href":"https:\/\/www.lacostituzione.info\/index.php\/wp-json\/wp\/v2\/media?parent=7434"}],"wp:term":[{"taxonomy":"category","embeddable":true,"href":"https:\/\/www.lacostituzione.info\/index.php\/wp-json\/wp\/v2\/categories?post=7434"},{"taxonomy":"post_tag","embeddable":true,"href":"https:\/\/www.lacostituzione.info\/index.php\/wp-json\/wp\/v2\/tags?post=7434"}],"curies":[{"name":"wp","href":"https:\/\/api.w.org\/{rel}","templated":true}]}}