{"id":7457,"date":"2020-11-16T12:04:21","date_gmt":"2020-11-16T11:04:21","guid":{"rendered":"http:\/\/www.lacostituzione.info\/?p=7457"},"modified":"2020-11-16T12:29:07","modified_gmt":"2020-11-16T11:29:07","slug":"prelievo-di-solidarieta-sulle-pensioni-dubbi-sulla-decisione-della-corte-costituzionale","status":"publish","type":"post","link":"https:\/\/www.lacostituzione.info\/index.php\/2020\/11\/16\/prelievo-di-solidarieta-sulle-pensioni-dubbi-sulla-decisione-della-corte-costituzionale\/","title":{"rendered":"Prelievo di solidariet\u00e0 sulle pensioni: dubbi sulla decisione della Corte costituzionale"},"content":{"rendered":"\n<p style=\"text-align: center;\"><a href=\"http:\/\/www.lacostituzione.info\/wp-content\/uploads\/2020\/11\/pensione6.png\"><img loading=\"lazy\" decoding=\"async\" data-attachment-id=\"7465\" data-permalink=\"https:\/\/www.lacostituzione.info\/index.php\/2020\/11\/16\/prelievo-di-solidarieta-sulle-pensioni-dubbi-sulla-decisione-della-corte-costituzionale\/pensione6\/#main\" data-orig-file=\"https:\/\/www.lacostituzione.info\/wp-content\/uploads\/2020\/11\/pensione6.png\" data-orig-size=\"333,343\" data-comments-opened=\"1\" data-image-meta=\"{&quot;aperture&quot;:&quot;0&quot;,&quot;credit&quot;:&quot;&quot;,&quot;camera&quot;:&quot;&quot;,&quot;caption&quot;:&quot;&quot;,&quot;created_timestamp&quot;:&quot;0&quot;,&quot;copyright&quot;:&quot;&quot;,&quot;focal_length&quot;:&quot;0&quot;,&quot;iso&quot;:&quot;0&quot;,&quot;shutter_speed&quot;:&quot;0&quot;,&quot;title&quot;:&quot;&quot;,&quot;orientation&quot;:&quot;0&quot;}\" data-image-title=\"pensione6\" data-image-description=\"\" data-image-caption=\"\" data-medium-file=\"https:\/\/www.lacostituzione.info\/wp-content\/uploads\/2020\/11\/pensione6-291x300.png\" data-large-file=\"https:\/\/www.lacostituzione.info\/wp-content\/uploads\/2020\/11\/pensione6.png\" class=\"aligncenter size-thumbnail wp-image-7465\" src=\"http:\/\/www.lacostituzione.info\/wp-content\/uploads\/2020\/11\/pensione6-150x150.png\" alt=\"\" width=\"150\" height=\"150\" \/><\/a>di\u00a0<strong>Glauco Nori<\/strong><\/p>\n<p>Secondo la Corte EDU &#8211; richiamata nella sentenza della <a href=\"http:\/\/www.giurcost.org\/decisioni\/2020\/0234s-20.html\">Corte costituzionale n. 234 del 2020<\/a> &#8211; nel giudizio di proporzionalit\u00e0 ha rilievo anche il trattamento di favore che il sistema previdenziale riserva ad una determinata platea di beneficiari: <!--more-->i vantaggi &#8220;maturati dai pensionati soggetti al sistema retributivo&#8230;, vantaggi al cospetto dei quali la decurtazione prevista dall&#8217;art. 1, comma 261, della legge n. 145 del 2018 manifesta una funzione di riequilibrio, per esserne esonerate, a norma del successivo comma 263, le pensioni interamente liquidate col sistema contributivo&#8221;. Alle condizioni, riconosciute idonee con la sentenza della stessa Corte n. 173 del 2016, a giustificare un\u00a0 prelievo di solidariet\u00e0, &#8220;potrebbe essere aggiunta oggi un&#8217;emergenza sanitaria di vaste dimensioni, che, incidendo pesantemente sul quadro macroeconomico, abbatte i flussi contributivi e accentua gli squilibri sistemici&#8221;.<\/p>\n<p>Sembra che il nuovo prelievo sia stato ritenuto applicabile anche a chi ha subito il precedente. &#8220;Restando operativo per tutto l&#8217;anno 2021&#8230; il contributo di solidariet\u00e0 impone ai titolari\u00a0 di assegni di elevato importo un <em>ulteriore<\/em> sacrificio&#8230; gravoso anche in regione del succedersi di <em>ripetuti<\/em> prelievi&#8230;&#8221;. &#8220;A proposito di questa reiterazione, \u00e8 opportuno ribadire&#8230; che ogni intervento deve essere scrutinato nella sua singolarit\u00e0 e in relazione al quadro storico in cui si inserisce&#8221; (i corsivi sono aggiunti). Con quest&#8217;ultimo argomento la Corte ha voluto probabilmente evitare il contrasto con la sentenza n. 173 del 2016, con la quale\u00a0 sembrava aver voluto mantenere in limiti precisi\u00a0 e ristretti il principio che stava enunciando; adottando formalmente la stessa motivazione ha oggi ritenuto che, quando la causa \u00e8 diversa, il contributo \u00e8 ripetibile,<\/p>\n<p>Si \u00e8 detto &#8220;sembra&#8221; perch\u00e9 la sentenza si presta ad essere interpretata anche nel senso che l&#8217;ulteriore sacrificio sia riferito ai titolari degli assegni nel loro complesso, non ai singoli pensionati per i quali la questione resterebbe impregiudicata. La motivazione, per come \u00e8 articolata, porta a seguire la prima interpretazione.<\/p>\n<p>Intervenendo su una materia sensibile, quale \u00e8 quella pensionistica, per modificare in senso peggiorativo un regime ultraventennale, nella sentenza n. 173\u00a0 del 2016 la Corte aveva adottato una motivazione rigorosa. &#8220;ll contributo, dunque, deve operare all\u2019interno dell\u2019ordinamento previdenziale, come misura di solidariet\u00e0 \u201cforte\u201d, mirata a puntellare il sistema pensionistico, e di sostegno previdenziale ai pi\u00f9 deboli, anche in un\u2019ottica di mutualit\u00e0 intergenerazionale, siccome imposta da una situazione di grave crisi del sistema stesso, indotta da vari fattori \u2013 endogeni ed esogeni (il pi\u00f9 delle volte tra loro intrecciati: crisi economica internazionale, impatto sulla economia nazionale, disoccupazione, mancata alimentazione della previdenza, riforme strutturali del sistema pensionistico) \u2013 che devono essere oggetto di attenta ponderazione da parte del legislatore, in modo da conferire all\u2019intervento quella incontestabile ragionevolezza, a fronte della quale soltanto pu\u00f2 consentirsi di derogare (in termini accettabili) al principio di affidamento in ordine al mantenimento del trattamento pensionistico gi\u00e0 maturato (sentenze n. 69 del 2014, n. 166 del 2012, n. 302 del 2010, n. 446 del 2002, ex plurimis).<\/p>\n<p>L\u2019effettivit\u00e0 delle condizioni di crisi del sistema previdenziale consente, appunto, di salvaguardare anche il principio dell\u2019affidamento, nella misura in cui il prelievo non risulti sganciato dalla realt\u00e0 economico-sociale, di cui i pensionati stessi sono partecipi e consapevoli. Anche in un contesto siffatto, un contributo sulle pensioni costituisce, per\u00f2, una misura del tutto eccezionale, nel senso che non pu\u00f2 essere ripetitivo e tradursi in un meccanismo di alimentazione del sistema di previdenza.<\/p>\n<p>Il prelievo, per essere solidale e ragionevole, e non infrangere la garanzia costituzionale dell\u2019art. 38 Cost. (agganciata anche all\u2019art. 36 Cost., ma non in modo indefettibile e strettamente proporzionale: sentenza n. 116 del 2010), non pu\u00f2, altres\u00ec, che incidere sulle \u201cpensioni pi\u00f9 elevate\u201d; parametro, questo, da misurare in rapporto al \u201cnucleo essenziale\u201d di protezione previdenziale assicurata dalla Costituzione, ossia la \u201cpensione minima\u201d. Inoltre, l\u2019incidenza sulle pensioni (ancorch\u00e9) \u201cpi\u00f9 elevate\u201d deve essere contenuta in limiti di sostenibilit\u00e0 e non superare livelli apprezzabili: le aliquote di prelievo non possono essere eccessive e devono rispettare il principio di proporzionalit\u00e0, che \u00e8 esso stesso criterio, in s\u00e9, di ragionevolezza della misura.<\/p>\n<p>In definitiva, il contributo di solidariet\u00e0, per superare lo scrutinio \u201cstretto\u201d di costituzionalit\u00e0, e palesarsi dunque come misura improntata effettivamente alla solidariet\u00e0 previdenziale (artt. 2 e 38 Cost.), deve: operare all\u2019interno del complessivo sistema della previdenza; essere imposto dalla crisi contingente e grave del predetto sistema; incidere sulle pensioni pi\u00f9 elevate (in rapporto alle pensioni minime); presentarsi come prelievo sostenibile; rispettare il principio di proporzionalit\u00e0; essere comunque utilizzato come misura una tantum&#8221; .<\/p>\n<p>Partita dal presupposto\u00a0 di una &#8220;grave crisi&#8221; del sistema pensionistico, la Corte aveva richiesto una &#8220;attenta ponderazione da parte del legislatore&#8221;. Il prelievo era stato giudicato ragionevole in quanto, vale la pena di ripeterlo,\u00a0 &#8220;una misura del tutto eccezionale, nel senso che non pu\u00f2 essere ripetitivo e tradursi in un meccanismo di alimentazione del sistema di previdenza&#8221;. Per questo aveva concluso che andava classificato &#8220;come misura una tantum&#8221;.<\/p>\n<p>La Corte ha oggi aggiunto che &#8220;ogni intervento deve essere scrutinato&#8230; in relazione al quadro storico in cui si inserisce&#8221;. Anche la sentenza n. 173 aveva ritenuto necessario che il prelievo fosse &#8220;imposto dalla crisi contingente e grave del predetto sistema&#8221;, ma, secondo la Corte, se le difficolt\u00e0 hanno cause diverse, un nuovo prelievo \u00e8 consentito. Il\u00a0 criterio\u00a0 non sembra che si accordi con l&#8217;<em>una tantum<\/em>. Stando al nuovo principio, ogni volta che le cause fossero diverse non ci sarebbero ostacoli a nuovi prelievi. L&#8217;<em>una tantum<\/em> sarebbe, dunque, connesso alla causa delle difficolt\u00e0: ogni causa potrebbe giustificare un solo intervento. La ragione del nuovo orientamento \u00e8 evidente ma dovrebbe esserlo anche la sua pericolosit\u00e0.<\/p>\n<p>La legge ha escluso le pensioni liquidate con criterio integralmente contributivo: non vanno toccate perch\u00e9 gli interessati se le sono pagate. Colpite sono quelle miste, fino ad una certa data liquidate col criterio retributivo. Come la Corte ha rilevato, i titolari ne hanno ricavato un beneficio, pari alla differenza tra quella in godimento e quella che sarebbe stata secondo il criterio retributivo. Quest&#8217;ultima gli interessati se la sono pagata ugualmente; non si capisce, pertanto, perch\u00e9 l&#8217;importo corrispondente sia compreso nel calcolo e il contributo non sia limitato alla sola maggiorazione: lo avrebbe dovuto imporre il principio di uguaglianza. Anche se la questione non risulta sollevata, la Corte avrebbe potuto affrontarla ugualmente\u00a0 perch\u00e9 avrebbe motivato un accoglimento parziale. La Corte talvolta ha tenuto conto di argomenti non sollevati quando incidevano sui limiti nei quali la questione poteva essere accolta.<\/p>\n<p>C&#8217;\u00e8 anche qualche altra perplessit\u00e0.<\/p>\n<p>Per gli impiegati dello Stato la pensione viene liquidata su di un massimo di quaranta anni. Per leggi, che si sono succedute nel tempo, alcune categorie hanno raggiunto anzianit\u00e0 superiori, talvolta fino a cinquanta anni. Nello scaglionare il contributo non se ne \u00e8 tenuto conto ed il calcolo \u00e8 stato uguale per tutti. Chi \u00e8 andato in pensione a settantacinque anni non solo ha pagato pi\u00f9 contributi, ma graver\u00e0 di meno sul sistema pensionistico: il suo\u00a0 beneficio, pertanto, \u00e8 inferiore. E di questo si sarebbe dovuto tenere conto in particolare in un tempo in cui si \u00e8 consentito di andare in pensione con anzianit\u00e0 inferiore a quella ordinaria. Chi ha ricevuto benefici inferiori e quindi ha gravato di meno sul sistema pensionistico, non dovrebbe essere trattato allo stesso modo degli altri. Anche in questo caso \u00e8 una questione di uguaglianza che sarebbe superata se il contributo fosse liquidato solo sulla differenza tra pensione reale e contributiva, calcolata su tutti gli anni di servizio e non solo sui quaranta.<\/p>\n<p>Non era difficile prevedere che si sarebbe andati incontro a nuove contestazioni per la brevit\u00e0 dell&#8217;intervallo tra il primo ed il secondo prelievo. Dalla motivazione si ricava che questa eventualit\u00e0 non \u00e8 certo sfuggita alla Corte; per questo sarebbe stato il caso che avesse affrontato anche le questioni che potevano essere provocate dalla sua sentenza, indicando i limiti, oltre quello di durata, nei quali andava applicato il nuovo principio espansivo che stava enunciando.<\/p>\n","protected":false},"excerpt":{"rendered":"<p>di\u00a0Glauco Nori Secondo la Corte EDU &#8211; richiamata nella sentenza della Corte costituzionale n. 234 del 2020 &#8211; nel giudizio di proporzionalit\u00e0 ha rilievo anche il trattamento di favore che il sistema previdenziale riserva ad una determinata platea di beneficiari:<\/p>\n<div class='heateorSssClear'><\/div><div  class='heateor_sss_sharing_container heateor_sss_horizontal_sharing' data-heateor-sss-href='https:\/\/www.lacostituzione.info\/index.php\/2020\/11\/16\/prelievo-di-solidarieta-sulle-pensioni-dubbi-sulla-decisione-della-corte-costituzionale\/'><div class='heateor_sss_sharing_title' style=\"font-weight:bold\" >Condividi!<\/div><div class=\"heateor_sss_sharing_ul\"><a aria-label=\"Facebook\" class=\"heateor_sss_facebook\" href=\"https:\/\/www.facebook.com\/sharer\/sharer.php?u=https%3A%2F%2Fwww.lacostituzione.info%2Findex.php%2F2020%2F11%2F16%2Fprelievo-di-solidarieta-sulle-pensioni-dubbi-sulla-decisione-della-corte-costituzionale%2F\" title=\"Facebook\" rel=\"nofollow noopener\" target=\"_blank\" style=\"font-size:32px!important;box-shadow:none;display:inline-block;vertical-align:middle\"><span class=\"heateor_sss_svg\" style=\"background-color:#0765FE;width:35px;height:35px;display:inline-block;opacity:1;float:left;font-size:32px;box-shadow:none;display:inline-block;font-size:16px;padding:0 4px;vertical-align:middle;background-repeat:repeat;overflow:hidden;padding:0;cursor:pointer;box-sizing:content-box\"><svg style=\"display:block;\" focusable=\"false\" aria-hidden=\"true\" xmlns=\"http:\/\/www.w3.org\/2000\/svg\" width=\"100%\" height=\"100%\" viewBox=\"0 0 32 32\"><path fill=\"#fff\" d=\"M28 16c0-6.627-5.373-12-12-12S4 9.373 4 16c0 5.628 3.875 10.35 9.101 11.647v-7.98h-2.474V16H13.1v-1.58c0-4.085 1.849-5.978 5.859-5.978.76 0 2.072.15 2.608.298v3.325c-.283-.03-.775-.045-1.386-.045-1.967 0-2.728.745-2.728 2.683V16h3.92l-.673 3.667h-3.247v8.245C23.395 27.195 28 22.135 28 16Z\"><\/path><\/svg><\/span><\/a><a aria-label=\"Twitter\" class=\"heateor_sss_button_twitter\" href=\"https:\/\/twitter.com\/intent\/tweet?text=Prelievo%20di%20solidariet%C3%A0%20sulle%20pensioni%3A%20dubbi%20sulla%20decisione%20della%20Corte%20costituzionale&url=https%3A%2F%2Fwww.lacostituzione.info%2Findex.php%2F2020%2F11%2F16%2Fprelievo-di-solidarieta-sulle-pensioni-dubbi-sulla-decisione-della-corte-costituzionale%2F\" title=\"Twitter\" rel=\"nofollow noopener\" target=\"_blank\" style=\"font-size:32px!important;box-shadow:none;display:inline-block;vertical-align:middle\"><span class=\"heateor_sss_svg heateor_sss_s__default heateor_sss_s_twitter\" style=\"background-color:#55acee;width:35px;height:35px;display:inline-block;opacity:1;float:left;font-size:32px;box-shadow:none;display:inline-block;font-size:16px;padding:0 4px;vertical-align:middle;background-repeat:repeat;overflow:hidden;padding:0;cursor:pointer;box-sizing:content-box\"><svg style=\"display:block;\" focusable=\"false\" aria-hidden=\"true\" xmlns=\"http:\/\/www.w3.org\/2000\/svg\" width=\"100%\" height=\"100%\" viewBox=\"-4 -4 39 39\"><path d=\"M28 8.557a9.913 9.913 0 0 1-2.828.775 4.93 4.93 0 0 0 2.166-2.725 9.738 9.738 0 0 1-3.13 1.194 4.92 4.92 0 0 0-3.593-1.55 4.924 4.924 0 0 0-4.794 6.049c-4.09-.21-7.72-2.17-10.15-5.15a4.942 4.942 0 0 0-.665 2.477c0 1.71.87 3.214 2.19 4.1a4.968 4.968 0 0 1-2.23-.616v.06c0 2.39 1.7 4.38 3.952 4.83-.414.115-.85.174-1.297.174-.318 0-.626-.03-.928-.086a4.935 4.935 0 0 0 4.6 3.42 9.893 9.893 0 0 1-6.114 2.107c-.398 0-.79-.023-1.175-.068a13.953 13.953 0 0 0 7.55 2.213c9.056 0 14.01-7.507 14.01-14.013 0-.213-.005-.426-.015-.637.96-.695 1.795-1.56 2.455-2.55z\" fill=\"#fff\"><\/path><\/svg><\/span><\/a><a aria-label=\"Reddit\" class=\"heateor_sss_button_reddit\" href=\"https:\/\/reddit.com\/submit?url=https%3A%2F%2Fwww.lacostituzione.info%2Findex.php%2F2020%2F11%2F16%2Fprelievo-di-solidarieta-sulle-pensioni-dubbi-sulla-decisione-della-corte-costituzionale%2F&title=Prelievo%20di%20solidariet%C3%A0%20sulle%20pensioni%3A%20dubbi%20sulla%20decisione%20della%20Corte%20costituzionale\" title=\"Reddit\" rel=\"nofollow noopener\" target=\"_blank\" style=\"font-size:32px!important;box-shadow:none;display:inline-block;vertical-align:middle\"><span class=\"heateor_sss_svg heateor_sss_s__default heateor_sss_s_reddit\" style=\"background-color:#ff5700;width:35px;height:35px;display:inline-block;opacity:1;float:left;font-size:32px;box-shadow:none;display:inline-block;font-size:16px;padding:0 4px;vertical-align:middle;background-repeat:repeat;overflow:hidden;padding:0;cursor:pointer;box-sizing:content-box\"><svg style=\"display:block;\" focusable=\"false\" aria-hidden=\"true\" xmlns=\"http:\/\/www.w3.org\/2000\/svg\" width=\"100%\" height=\"100%\" viewBox=\"-3.5 -3.5 39 39\"><path d=\"M28.543 15.774a2.953 2.953 0 0 0-2.951-2.949 2.882 2.882 0 0 0-1.9.713 14.075 14.075 0 0 0-6.85-2.044l1.38-4.349 3.768.884a2.452 2.452 0 1 0 .24-1.176l-4.274-1a.6.6 0 0 0-.709.4l-1.659 5.224a14.314 14.314 0 0 0-7.316 2.029 2.908 2.908 0 0 0-1.872-.681 2.942 2.942 0 0 0-1.618 5.4 5.109 5.109 0 0 0-.062.765c0 4.158 5.037 7.541 11.229 7.541s11.22-3.383 11.22-7.541a5.2 5.2 0 0 0-.053-.706 2.963 2.963 0 0 0 1.427-2.51zm-18.008 1.88a1.753 1.753 0 0 1 1.73-1.74 1.73 1.73 0 0 1 1.709 1.74 1.709 1.709 0 0 1-1.709 1.711 1.733 1.733 0 0 1-1.73-1.711zm9.565 4.968a5.573 5.573 0 0 1-4.081 1.272h-.032a5.576 5.576 0 0 1-4.087-1.272.6.6 0 0 1 .844-.854 4.5 4.5 0 0 0 3.238.927h.032a4.5 4.5 0 0 0 3.237-.927.6.6 0 1 1 .844.854zm-.331-3.256a1.726 1.726 0 1 1 1.709-1.712 1.717 1.717 0 0 1-1.712 1.712z\" fill=\"#fff\"\/><\/svg><\/span><\/a><a aria-label=\"Linkedin\" class=\"heateor_sss_button_linkedin\" href=\"https:\/\/www.linkedin.com\/sharing\/share-offsite\/?url=https%3A%2F%2Fwww.lacostituzione.info%2Findex.php%2F2020%2F11%2F16%2Fprelievo-di-solidarieta-sulle-pensioni-dubbi-sulla-decisione-della-corte-costituzionale%2F\" title=\"Linkedin\" rel=\"nofollow noopener\" target=\"_blank\" style=\"font-size:32px!important;box-shadow:none;display:inline-block;vertical-align:middle\"><span class=\"heateor_sss_svg heateor_sss_s__default heateor_sss_s_linkedin\" style=\"background-color:#0077b5;width:35px;height:35px;display:inline-block;opacity:1;float:left;font-size:32px;box-shadow:none;display:inline-block;font-size:16px;padding:0 4px;vertical-align:middle;background-repeat:repeat;overflow:hidden;padding:0;cursor:pointer;box-sizing:content-box\"><svg style=\"display:block;\" focusable=\"false\" aria-hidden=\"true\" xmlns=\"http:\/\/www.w3.org\/2000\/svg\" width=\"100%\" height=\"100%\" viewBox=\"0 0 32 32\"><path d=\"M6.227 12.61h4.19v13.48h-4.19V12.61zm2.095-6.7a2.43 2.43 0 0 1 0 4.86c-1.344 0-2.428-1.09-2.428-2.43s1.084-2.43 2.428-2.43m4.72 6.7h4.02v1.84h.058c.56-1.058 1.927-2.176 3.965-2.176 4.238 0 5.02 2.792 5.02 6.42v7.395h-4.183v-6.56c0-1.564-.03-3.574-2.178-3.574-2.18 0-2.514 1.7-2.514 3.46v6.668h-4.187V12.61z\" fill=\"#fff\"><\/path><\/svg><\/span><\/a><a aria-label=\"Pinterest\" class=\"heateor_sss_button_pinterest\" href=\"https:\/\/www.lacostituzione.info\/index.php\/2020\/11\/16\/prelievo-di-solidarieta-sulle-pensioni-dubbi-sulla-decisione-della-corte-costituzionale\/\" onclick=\"event.preventDefault();javascript:void( (function() {var e=document.createElement('script' );e.setAttribute('type','text\/javascript' );e.setAttribute('charset','UTF-8' );e.setAttribute('src','\/\/assets.pinterest.com\/js\/pinmarklet.js?r='+Math.random()*99999999);document.body.appendChild(e)})());\" title=\"Pinterest\" rel=\"noopener\" style=\"font-size:32px!important;box-shadow:none;display:inline-block;vertical-align:middle\"><span class=\"heateor_sss_svg heateor_sss_s__default heateor_sss_s_pinterest\" style=\"background-color:#cc2329;width:35px;height:35px;display:inline-block;opacity:1;float:left;font-size:32px;box-shadow:none;display:inline-block;font-size:16px;padding:0 4px;vertical-align:middle;background-repeat:repeat;overflow:hidden;padding:0;cursor:pointer;box-sizing:content-box\"><svg style=\"display:block;\" focusable=\"false\" aria-hidden=\"true\" xmlns=\"http:\/\/www.w3.org\/2000\/svg\" width=\"100%\" height=\"100%\" viewBox=\"-2 -2 35 35\"><path fill=\"#fff\" d=\"M16.539 4.5c-6.277 0-9.442 4.5-9.442 8.253 0 2.272.86 4.293 2.705 5.046.303.125.574.005.662-.33.061-.231.205-.816.27-1.06.088-.331.053-.447-.191-.736-.532-.627-.873-1.439-.873-2.591 0-3.338 2.498-6.327 6.505-6.327 3.548 0 5.497 2.168 5.497 5.062 0 3.81-1.686 7.025-4.188 7.025-1.382 0-2.416-1.142-2.085-2.545.397-1.674 1.166-3.48 1.166-4.689 0-1.081-.581-1.983-1.782-1.983-1.413 0-2.548 1.462-2.548 3.419 0 1.247.421 2.091.421 2.091l-1.699 7.199c-.505 2.137-.076 4.755-.039 5.019.021.158.223.196.314.077.13-.17 1.813-2.247 2.384-4.324.162-.587.929-3.631.929-3.631.46.876 1.801 1.646 3.227 1.646 4.247 0 7.128-3.871 7.128-9.053.003-3.918-3.317-7.568-8.361-7.568z\"\/><\/svg><\/span><\/a><a aria-label=\"Whatsapp\" class=\"heateor_sss_whatsapp\" href=\"https:\/\/api.whatsapp.com\/send?text=Prelievo%20di%20solidariet%C3%A0%20sulle%20pensioni%3A%20dubbi%20sulla%20decisione%20della%20Corte%20costituzionale%20https%3A%2F%2Fwww.lacostituzione.info%2Findex.php%2F2020%2F11%2F16%2Fprelievo-di-solidarieta-sulle-pensioni-dubbi-sulla-decisione-della-corte-costituzionale%2F\" title=\"Whatsapp\" rel=\"nofollow noopener\" target=\"_blank\" style=\"font-size:32px!important;box-shadow:none;display:inline-block;vertical-align:middle\"><span class=\"heateor_sss_svg\" style=\"background-color:#55eb4c;width:35px;height:35px;display:inline-block;opacity:1;float:left;font-size:32px;box-shadow:none;display:inline-block;font-size:16px;padding:0 4px;vertical-align:middle;background-repeat:repeat;overflow:hidden;padding:0;cursor:pointer;box-sizing:content-box\"><svg style=\"display:block;\" focusable=\"false\" aria-hidden=\"true\" xmlns=\"http:\/\/www.w3.org\/2000\/svg\" width=\"100%\" height=\"100%\" viewBox=\"-6 -5 40 40\"><path class=\"heateor_sss_svg_stroke heateor_sss_no_fill\" stroke=\"#fff\" stroke-width=\"2\" fill=\"none\" d=\"M 11.579798566743314 24.396926207859085 A 10 10 0 1 0 6.808479557110079 20.73576436351046\"><\/path><path d=\"M 7 19 l -1 6 l 6 -1\" class=\"heateor_sss_no_fill heateor_sss_svg_stroke\" stroke=\"#fff\" stroke-width=\"2\" fill=\"none\"><\/path><path d=\"M 10 10 q -1 8 8 11 c 5 -1 0 -6 -1 -3 q -4 -3 -5 -5 c 4 -2 -1 -5 -1 -4\" fill=\"#fff\"><\/path><\/svg><\/span><\/a><\/div><div class=\"heateorSssClear\"><\/div><\/div><div class='heateorSssClear'><\/div>","protected":false},"author":1,"featured_media":0,"comment_status":"open","ping_status":"open","sticky":false,"template":"","format":"standard","meta":{"jetpack_post_was_ever_published":false,"_jetpack_newsletter_access":"","_jetpack_dont_email_post_to_subs":false,"_jetpack_newsletter_tier_id":0,"_jetpack_memberships_contains_paywalled_content":false,"_jetpack_memberships_contains_paid_content":false,"footnotes":"","jetpack_publicize_message":"","jetpack_publicize_feature_enabled":true,"jetpack_social_post_already_shared":false,"jetpack_social_options":{"image_generator_settings":{"template":"highway","default_image_id":0,"enabled":false},"version":2}},"categories":[5],"tags":[149,426,1143],"class_list":["post-7457","post","type-post","status-publish","format-standard","hentry","category-lavori-in-corso","tag-corte-costituzionale","tag-eguaglianza","tag-pensioni"],"jetpack_publicize_connections":[],"jetpack_featured_media_url":"","jetpack_shortlink":"https:\/\/wp.me\/p84sDq-1Wh","jetpack_likes_enabled":true,"jetpack_sharing_enabled":true,"_links":{"self":[{"href":"https:\/\/www.lacostituzione.info\/index.php\/wp-json\/wp\/v2\/posts\/7457","targetHints":{"allow":["GET"]}}],"collection":[{"href":"https:\/\/www.lacostituzione.info\/index.php\/wp-json\/wp\/v2\/posts"}],"about":[{"href":"https:\/\/www.lacostituzione.info\/index.php\/wp-json\/wp\/v2\/types\/post"}],"author":[{"embeddable":true,"href":"https:\/\/www.lacostituzione.info\/index.php\/wp-json\/wp\/v2\/users\/1"}],"replies":[{"embeddable":true,"href":"https:\/\/www.lacostituzione.info\/index.php\/wp-json\/wp\/v2\/comments?post=7457"}],"version-history":[{"count":0,"href":"https:\/\/www.lacostituzione.info\/index.php\/wp-json\/wp\/v2\/posts\/7457\/revisions"}],"wp:attachment":[{"href":"https:\/\/www.lacostituzione.info\/index.php\/wp-json\/wp\/v2\/media?parent=7457"}],"wp:term":[{"taxonomy":"category","embeddable":true,"href":"https:\/\/www.lacostituzione.info\/index.php\/wp-json\/wp\/v2\/categories?post=7457"},{"taxonomy":"post_tag","embeddable":true,"href":"https:\/\/www.lacostituzione.info\/index.php\/wp-json\/wp\/v2\/tags?post=7457"}],"curies":[{"name":"wp","href":"https:\/\/api.w.org\/{rel}","templated":true}]}}