{"id":7503,"date":"2020-12-17T10:50:03","date_gmt":"2020-12-17T09:50:03","guid":{"rendered":"http:\/\/www.lacostituzione.info\/?p=7503"},"modified":"2021-01-03T15:43:59","modified_gmt":"2021-01-03T14:43:59","slug":"emergenza-climatica-e-riforme-costituzionali","status":"publish","type":"post","link":"https:\/\/www.lacostituzione.info\/index.php\/2020\/12\/17\/emergenza-climatica-e-riforme-costituzionali\/","title":{"rendered":"Emergenza climatica e riforme costituzionali"},"content":{"rendered":"\n<p style=\"text-align: center;\"><strong><a href=\"http:\/\/www.lacostituzione.info\/wp-content\/uploads\/2020\/03\/clima.jpeg\"><img loading=\"lazy\" decoding=\"async\" data-attachment-id=\"6856\" data-permalink=\"https:\/\/www.lacostituzione.info\/index.php\/2020\/03\/06\/la-legge-europea-sul-clima-e-linsidia-della-normazione-simbolica\/clima\/#main\" data-orig-file=\"https:\/\/www.lacostituzione.info\/wp-content\/uploads\/2020\/03\/clima.jpeg\" data-orig-size=\"960,636\" data-comments-opened=\"1\" data-image-meta=\"{&quot;aperture&quot;:&quot;0&quot;,&quot;credit&quot;:&quot;&quot;,&quot;camera&quot;:&quot;&quot;,&quot;caption&quot;:&quot;&quot;,&quot;created_timestamp&quot;:&quot;0&quot;,&quot;copyright&quot;:&quot;&quot;,&quot;focal_length&quot;:&quot;0&quot;,&quot;iso&quot;:&quot;0&quot;,&quot;shutter_speed&quot;:&quot;0&quot;,&quot;title&quot;:&quot;&quot;,&quot;orientation&quot;:&quot;0&quot;}\" data-image-title=\"clima\" data-image-description=\"\" data-image-caption=\"\" data-medium-file=\"https:\/\/www.lacostituzione.info\/wp-content\/uploads\/2020\/03\/clima-300x199.jpeg\" data-large-file=\"https:\/\/www.lacostituzione.info\/wp-content\/uploads\/2020\/03\/clima.jpeg\" class=\"size-thumbnail wp-image-6856 aligncenter\" src=\"http:\/\/www.lacostituzione.info\/wp-content\/uploads\/2020\/03\/clima-150x150.jpeg\" alt=\"\" width=\"150\" height=\"150\" \/><\/a><\/strong><\/p>\n<p style=\"text-align: center;\">di <strong>Michele Carducci<\/strong><\/p>\n<p>L\u2019emergenza climatica identifica un fatto epocale e inedito nella storia della convivenza umana. Per averne contezza immediata, basterebbe ascoltare l\u2019efficace sintesi offerta da Johan Rockstr\u00f6m, uno degli scienziati pi\u00f9 autorevoli sul tema, a capo della pi\u00f9 importante rete mondiale di ricerca sui limiti di sostenibilit\u00e0 dell\u2019azione umana sul pianeta (<em><a href=\"https:\/\/www.ted.com\/talks\/johan_rockstrom_10_years_to_transform_the_future_of_humanity_or_destabilize_the_planet\/transcript?language=en&amp;referrer=playlist-countdown_session_1_urgency&amp;fbclid=IwAR0YjG7kQsiad04SkazPntdz0Yf2ApUmrZQy2bDrtcxa7xYrabnpePiq93I\">10 years to transform the future of humanity\u2014or destabilize the Planet<\/a><\/em>): <!--more-->abbiamo solo dieci anni per trasformare il futuro dell\u2019umanit\u00e0 oppure consegnarlo a un sistema climatico e biofisico irrimediabilmente destabilizzato e destabilizzante, dove il superamento definitivo dei diversi \u201c<em>confini planetari<\/em>\u201d, i grandi equilibri interdipendenti che condizionano l\u2019abitabilit\u00e0 della Terra, e dei \u201c<em>tipping point<\/em>\u201d, i \u201cpunti di non ritorno\u201d di alcune funzioni ecosistemiche fondamentali per la stabilit\u00e0 della temperatura (come i ghiacciai), renderanno le condizioni di vita sempre peggiori e sempre pi\u00f9 vulnerabili.<\/p>\n<p>Il <a href=\"https:\/\/news.un.org\/en\/story\/2020\/12\/1079862?fbclid=IwAR3twOjWV8hR-6EwmOpXt0TtANzS5b-xCKrgotlicpTMKOCJYs-Coo8Y_Hw#SG\" class=\"broken_link\">Segretario Generale dell\u2019ONU ha esortato<\/a> tutti gli Stati a dichiarare l\u2019emergenza climatica \u00a0al pari di quanto fatto per l\u2019emergenza pandemica, data la gravit\u00e0 della situazione.<\/p>\n<p>Nella letteratura scientifica prevalgono le previsioni pessimistiche. Si parla di futuro proiettato su \u201ctemperature infernali\u201d (Th. Westerhold Th. et al., <em>An astronomically dated record of Earth\u2019s climate and its predictability over the last 66 million years<\/em>, in <a href=\"https:\/\/science.sciencemag.org\/content\/369\/6509\/1383\" class=\"broken_link\">369 <em>Science<\/em>, 6509, 2020, 1383-1387<\/a>), di \u201ctempesta perfetta\u201d di problemi convergenti, derivanti dalle emergenze in corso (I. Capellan-P\u00e9rez et al., <em>Medeas. A new modelling framework integrating global biophysical and socioeconomic constraints<\/em>, in <a href=\"https:\/\/pubs.rsc.org\/en\/content\/articlelanding\/2020\/ee\/c9ee02627d#!divAbstract\">13 <em>Energy &amp; Environmental Science<\/em>, 3, 2020, 876-1017<\/a>); di \u201cpunto di non ritorno planetario\u201d (quindi di definitiva perdita di controllo della stabilit\u00e0 climatica ovunque) gi\u00e0 al 2050 (J. Hansen et al. <em>Ice melt, sea level rise and superstorms<\/em>, in <em><a href=\"https:\/\/acp.copernicus.org\/articles\/16\/3761\/2016\/acp-16-3761-2016.pdf\">Atmospheric Chemistry and Physics, <\/a><\/em><a href=\"https:\/\/acp.copernicus.org\/articles\/16\/3761\/2016\/acp-16-3761-2016.pdf\">16, 2016, 3761-3812<\/a>); addirittura di \u201cpunto di non ritorno non governabile\u201d senza azzerare immediatamente tutte le forme di emissione di gas serra e controllare il riscaldamento globale con ulteriori strumenti di stabilizzazione climatica (J. Randers et al., <em>An earth system model shows self-sustained melting of permafrost even if all man-made GHG emissions stop in 2020<\/em>, in <a href=\"https:\/\/www.nature.com\/articles\/s41598-020-75481-z#:~:text=The%20answer%20is%20no.,and%20increasing%20water%20vapour%20feedback\">10 <em>Scientific Reports<\/em>, 2020, 18456<\/a>).<\/p>\n<p>\u00ab<em>Climate change bigger threat than Covid<\/em>\u00bb e \u00ab<em>No vaccine for climate change<\/em>\u00bb\u00a0 sono le due implacabili formule utilizzate dall\u2019ultimo <em><a href=\"https:\/\/media.ifrc.org\/ifrc\/press-release\/climate-change-new-report-shows-global-response-failing-people-greatest-need\/\" class=\"broken_link\">Report (novembre 2020)<\/a><\/em> della Federazione Internazionale delle societ\u00e0 della Croce Rossa e della Mezzaluna Rossa (IFRC).<\/p>\n<p>Contemporaneamente si \u00e8 pure constatato (E. Elbecham et al., <em>Global human-made mass exceeds all living biomass<\/em>, in <em><a href=\"https:\/\/www.nature.com\/articles\/s41586-020-3010-5\">Nature, 9 december 2020<\/a><\/em>) che, per la prima volta nella storia del pianeta Terra, i materiali artificiali creati dall\u2019essere umano hanno superato l\u2019intera massa vivente esistente, cos\u00ec raggiungendo il \u201c<em>punto di crossover<\/em>\u201d, ossia la prevalenza delle \u201ccose\u201d prive di vita sul mondo naturale. Il \u201cpeso\u201d di strade, edifici, cose e materiali costruiti, fabbricati e scambiati nel \u201cmercato umano\u201d raddoppia all\u2019incirca ogni 20 anni per un totale di 1,1 teratonnellate; viceversa, poich\u00e9 l\u2019umanit\u00e0 ha continuativamente incrementato il suo consumo insaziabile di risorse naturali, il \u201cpeso\u201d della biomassa vivente \u2013 alberi, piante e animali, con le loro funzioni di equilibrio ecosistemico \u2013 si \u00e8 definitivamente dimezzato fino a raggiungere attualmente solo 1 teratonnelata.<\/p>\n<p>Siamo entrati nell\u2019era asimmetrica dell\u2019 \u201cartificiale\u201d, dove le \u201ccose\u201d appunto prevalgono e predominano sulla vita.\u00a0Non era mai successo in tutta la storia non dell\u2019umanit\u00e0, ma del pianeta.<\/p>\n<p>Uno scenario del genere \u00e8 difficile che non desti attenzione anche sul fronte delle risposte istituzionali.<\/p>\n<p>Nel contesto italiano, per\u00f2, sono proprio queste a mancare, sia sul piano politico che su quello del dibattito giuridico.<\/p>\n<p>Le ipotesi di riforma costituzionale, perorate dal Governo e recentemente riprese anche dal <a href=\"https:\/\/www.rinnovabili.it\/energia\/idrogeno\/intergruppo-parlamentare-idrogeno-rinnovabile-comunita-energetiche\/\">neo costituito \u201c<em>intergruppo parlamentare per la transizione energetica<\/em>\u201d<\/a>, rincorrono f<a href=\"https:\/\/www.ilfattoquotidiano.it\/2020\/10\/03\/ambiente-il-giurista-carducci-conte-vuole-la-sostenibilita-in-costituzione-non-basta-servono-nuovi-diritti-anche-a-un-clima-sicuro\/5949348\/\">ormule antiquate e inadeguate<\/a> al mutato e peggiorato contesto planetario.<\/p>\n<p>L\u2019iniziativa cittadina del <a href=\"https:\/\/societadellacura.blogspot.com\/\">\u201c<em>Manifesto per la societ\u00e0 della cura<\/em>\u201d<\/a>, frutto di un concorso di idee di grande partecipazione popolare, ha lasciato del tutto indifferenti partiti, movimenti, cultura politica e giuridica.<\/p>\n<p>Il movimento <em><a href=\"https:\/\/fridaysforfutureitalia.it\/non-fossilizziamoci\/\">Friday For Future accusa<\/a><\/em> la classe politica di essere proiettata sugli anni Venti del Novecento invece che del Duemila.<\/p>\n<p>Insomma, uno iato fra elaborazione cittadina ed elaborazione politica e giuridica sembra sussistere in Italia.<\/p>\n<p>Non cos\u00ec in Francia, dove, a partire dalla campagna <a href=\"https:\/\/notreaffaireatous.org\/climat-dans-la-constitution-notre-proposition-ideale\/\">\u201c<em>Faire de la France le pays leader du climat<\/em>\u201d<\/a>, si \u00e8 arrivati a una proposta cittadina di riforma costituzionale in tema di emergenza climatica, che ha <a href=\"https:\/\/www.gouvernement.fr\/action\/plan-climat\" class=\"broken_link\">riscontrato attenzione<\/a> da parte della Presidenza della Repubblica e del Governo.<\/p>\n<p>Gi\u00e0 nel suo discorso alla COP23 di Bonn del 2017, il Presidente Macron aveva pubblicamente preso atto dell\u2019esistenza, accertata dalla scienza, di un \u201climite irreversibile\u201d allo sviluppo sostenibile e della minaccia imminente del suo superamento. Da quel momento, l\u2019Eliseo si \u00e8 fatto promotore, sulla spinta anche delle proteste dei <em>gillet jaunes<\/em>, di esperimenti inediti di innovazione istituzionale, come la <a href=\"https:\/\/www.conventioncitoyennepourleclimat.fr\/\">\u201c<em>Convenzione cittadina per il clima<\/em>\u201d<\/a>.<\/p>\n<p>Il dibattito pubblico francese ruota intono alla costituzionalizzazione dell\u2019 \u201c<em>Acquis<\/em>\u201d dell\u2019Accordo di Parigi del 2015 sul clima e della Convenzione Quadro dell\u2019ONU sui cambiamenti climatici del 1992 (UNFCCC), traducendo in obblighi giuridici di livello costituzionale le azioni a tutela della stabilit\u00e0 climatica, degli equilibri ecosistemi e dei diritti delle generazioni future, indicate in quegli strumenti internazionali (in particolare, l\u2019articolo 4 dell\u2019Accordo di Parigi e gli artt. 2, 3 e 4 dell\u2019UNFCCC).<\/p>\n<p>\u201cCostituzionalizzare\u201d il clima e la stabilit\u00e0 del sistema climatico non \u00e8 semplice. Il rischio \u00e8 quello della mera evocazione nominale, funzionale a qualsiasi scelta discrezionale. Il clima, infatti, non \u00e8 un bene o una \u201ccosa\u201d: \u00e8 una funzione spazio-temporale della temperatura. Il sistema climatico, a sua volta, comprende tutto in una proiezione termodinamica locale-planetaria-locale, non segmentabile in \u201cterritori\u201d, \u201cspazi\u201d, \u201crisorse\u201d o \u201cmaterie\u201d. Di conseguenza, il linguaggio costituzionale, abituato invece alla \u201cseparazione\u201d degli oggetti in \u201cmaterie\u201d e \u201cbeni\u201d da regolare o al massimo unificare attraverso principi, fatica a partorire enunciati significativi; ancor pi\u00f9 se l\u2019 \u201coggetto clima\u201d \u00e8 sull\u2019orlo del precipizio a livello planetario e non solo \u201cnazionale\u201d.<\/p>\n<p>Ne forniscono prova alcune Costituzioni che hanno tentato, con poco successo, l\u2019impresa.<\/p>\n<p>La Costituzione della Repubblica Dominicana prevede un piano di organizzazione territoriale che assicuri \u201c<em>l\u2019uso efficiente e sostenibile delle risorse naturali della nazione, in conformit\u00e0 con la necessit\u00e0 di adeguarsi al cambiamento climatico<\/em>\u201d (<a href=\"https:\/\/republica-dominicana.justia.com\/nacionales\/constitucion-de-la-republica-dominicana\/titulo-ix\/capitulo-i\/\">articolo 194<\/a>). Si tratta di una formula irenica, che nasconde una finzione giuridica in contrasto con la realt\u00e0 delle leggi della termodinamica. Infatti, la presunzione di \u201c<em>adeguarsi al cambiamento climatico<\/em>\u201d non ha alcun senso nel momento in cui i \u201c<em>confini planetari<\/em>\u201d dello stesso sono stati gi\u00e0 superati e il sistema Terra \u00e8 entrato in un vortice entropico irreversibile. Equivale a predicare l\u2019 \u201cadeguamento\u201d a un incendio in corso che non si vuole spegnere: una presa in giro.<\/p>\n<p>Altrettanto insignificante risulta la Costituzione della Costa d\u2019Avorio, nel suo solenne <em><a href=\"https:\/\/www.presidence.ci\/constitution-de-2016\/\">Preambolo<\/a><\/em> che impegna il popolo a \u201c<em>contribuire alla protezione del clima e al mantenimento di un ambiente sano per le generazioni future<\/em>\u201d. Quali siano i dispositivi metodologici di concretizzazione del \u201c<em>contributo<\/em>\u201d non \u00e8 specificato.<\/p>\n<p>La proposta cittadina francese appare invece interessante proprio sul piano dei dispositivi metodologici.<\/p>\n<p>Da una parte, essa integra l\u2019articolo 1 della Costituzione, qualificando la Francia come Repubblica \u201c<em>ecologica<\/em>\u201d, cui incombono tre doveri di adempimento (assicurare \u201c<em>l\u2019uso economico ed equo delle risorse naturali<\/em>\u201d, garantire \u201c<em>la conservazione della diversit\u00e0 biologica<\/em>\u201d e combattere \u201c<em>i cambiamenti climatici nel quadro dei confini planetari<\/em>\u201d) dentro un comune paradigma di solidariet\u00e0 intergenerazionale, declinato in termini di divieto di \u201c<em>assoggettare le generazioni future a leggi meno protettive dell\u2019ambiente rispetto a quelle in vigore<\/em>\u201d.<\/p>\n<p>Dall\u2019altra, introduce il Titolo XII-<em>bis<\/em>, dedicato a quattro regole di \u201ctransizione ecologica e solidale\u201d, coerenti con l\u2019Accordo di Parigi e l\u2019UNFCCC:<\/p>\n<p>&#8211; \u00ab<em>Secondo i principi di cui all\u2019articolo 1, lo Stato, al pari dei privati, deve contenere l\u2019innalzamento della temperatura media del pianeta, proseguendo a livello nazionale e locale l\u2019azione globale volta a limitare i danni all\u2019ambiente di origine antropica e ridurre le concentrazioni di gas serra nell\u2019atmosfera a un livello tale da prevenire ogni pericoloso disturbo del sistema climatico<\/em>\u00bb;<\/p>\n<p>&#8211; \u00ab<em>I soggetti pubblici, al pari dei privati, hanno il dovere di preservare la biodiversit\u00e0, combattere i cambiamenti climatici, proteggere e migliorare la qualit\u00e0 della vita, la salute, gli ecosistemi esistenti e garantire l\u2019uso razionale delle risorse naturali. I soggetti pubblici definiscono le condizioni per il ripristino dell\u2019ambiente e contribuiscono alla sostenibilit\u00e0 dello sviluppo economico<\/em>\u00bb;<\/p>\n<p>&#8211; \u00ab<em>Le leggi finanziarie organizzano gli investimenti necessari per l\u2019adeguamento pubblico ai grandi cambiamenti naturali in atto e futuri<\/em>\u00bb.<\/p>\n<p>&#8211; \u00ab<em>Le misure prese per affrontare la transizione ecologica devono rispettare i diritti umani definiti dalla Dichiarazione del 1789, confermata e integrata dal preambolo della Costituzione del 1946 e dalla Carta dell\u2019ambiente del 2004<\/em>\u00bb.<\/p>\n<p>Il Presidente Macron, proprio nei giorni in cui all\u2019ONU si auspicava la dichiarazione planetaria dell\u2019emergenza climatica, ha ufficializzato una sua ipotesi di riforma costituzionale all\u2019interno del confronto con la <a href=\"https:\/\/www.lemonde.fr\/planete\/article\/2020\/12\/15\/emmanuel-macon-veut-reformer-la-constitution-pour-y-integrer-la-preservation-de-l-environnement_6063409_3244.html?fbclid=IwAR051CPu9lWyNEbKYNPgLM2Q7CO7nroG0nksZyYefSAXc-RRcVyBm_x7jJQ\">\u201c<em>Convenzione cittadina per il clima<\/em>\u201d<\/a>.<\/p>\n<p>Il suo contenuto, tuttavia, alimenta il dubbio dell\u2019opzione per il nominalismo delle formule ireniche, gi\u00e0 riscontrato in altri esperimenti di \u201ccostituzionalizzazione\u201d del clima. Tutto, infatti, ruoterebbe sul solo art. 1 della vigente Costituzione, nel quale verrebbero aggiunti\u00a0<strong>riferimenti espliciti \u201calla biodiversit\u00e0, all\u2019ambiente e alla lotta contro il cambiamento climatico\u201d, da sottoporre, per l\u2019approvazione, a <\/strong>referendum popolare. Nulla della proposta cittadina sui dispositivi metodologi verrebbe recepito.<\/p>\n<p>Contrastare il cambiamento climatico permarrebbe come obiettivo, non certo come nuovo metodo di governo.<\/p>\n<p>Invero, la mossa presidenziale appare tattica pi\u00f9 che strategica, condizionata, in particolare, dalla recente ingiunzione, che il <a href=\"https:\/\/www.conseil-etat.fr\/actualites\/actualites\/emissions-de-gaz-a-effet-de-serre-le-gouvernement-doit-justifier-sous-3-mois-que-la-trajectoire-de-reduction-a-horizon-2030-pourra-etre-respectee\">Consiglio di Stato francese<\/a> ha rivolto al Governo affinch\u00e9 dimostri di tradurre in precetti di diritto interno le misure indicate dagli accordi internazionali di Parigi e dell\u2019UNFCCC.<\/p>\n<p>In questo modo, per\u00f2, l\u2019ormai diffuso utilizzo congiunturale della Costituzione e della sua revisione investirebbe persino la drammatica vicenda dell\u2019emergenza climatica, come se \u201c<em>confini planetari<\/em>\u201d e \u201c<em>tipping point<\/em>\u201d fossero eventi passeggeri utili da cavalcare per una tornata elettorale, al pari di una qualsiasi altra \u201cemergenza\u201d.<\/p>\n<p>Il che rende evidente l\u2019inadeguatezza della democrazia elettorale al cospetto di cambi epocali di rotta, mai conosciuti e sperimentati ma purtroppo sempre pi\u00f9 pressanti.<\/p>\n","protected":false},"excerpt":{"rendered":"<p>di Michele Carducci L\u2019emergenza climatica identifica un fatto epocale e inedito nella storia della convivenza umana. Per averne contezza immediata, basterebbe ascoltare l\u2019efficace sintesi offerta da Johan Rockstr\u00f6m, uno degli scienziati pi\u00f9 autorevoli sul tema, a capo della pi\u00f9 importante rete mondiale di ricerca sui limiti di sostenibilit\u00e0 dell\u2019azione umana sul pianeta (10 years to &#8230; <a title=\"Emergenza climatica e riforme costituzionali\" class=\"read-more\" href=\"https:\/\/www.lacostituzione.info\/index.php\/2020\/12\/17\/emergenza-climatica-e-riforme-costituzionali\/\">Leggi tutto<\/a><\/p>\n<div class='heateorSssClear'><\/div><div  class='heateor_sss_sharing_container heateor_sss_horizontal_sharing' data-heateor-sss-href='https:\/\/www.lacostituzione.info\/index.php\/2020\/12\/17\/emergenza-climatica-e-riforme-costituzionali\/'><div class='heateor_sss_sharing_title' style=\"font-weight:bold\" >Condividi!<\/div><div class=\"heateor_sss_sharing_ul\"><a aria-label=\"Facebook\" class=\"heateor_sss_facebook\" href=\"https:\/\/www.facebook.com\/sharer\/sharer.php?u=https%3A%2F%2Fwww.lacostituzione.info%2Findex.php%2F2020%2F12%2F17%2Femergenza-climatica-e-riforme-costituzionali%2F\" title=\"Facebook\" rel=\"nofollow noopener\" target=\"_blank\" style=\"font-size:32px!important;box-shadow:none;display:inline-block;vertical-align:middle\"><span class=\"heateor_sss_svg\" style=\"background-color:#0765FE;width:35px;height:35px;display:inline-block;opacity:1;float:left;font-size:32px;box-shadow:none;display:inline-block;font-size:16px;padding:0 4px;vertical-align:middle;background-repeat:repeat;overflow:hidden;padding:0;cursor:pointer;box-sizing:content-box\"><svg style=\"display:block;\" focusable=\"false\" aria-hidden=\"true\" xmlns=\"http:\/\/www.w3.org\/2000\/svg\" width=\"100%\" height=\"100%\" viewBox=\"0 0 32 32\"><path fill=\"#fff\" d=\"M28 16c0-6.627-5.373-12-12-12S4 9.373 4 16c0 5.628 3.875 10.35 9.101 11.647v-7.98h-2.474V16H13.1v-1.58c0-4.085 1.849-5.978 5.859-5.978.76 0 2.072.15 2.608.298v3.325c-.283-.03-.775-.045-1.386-.045-1.967 0-2.728.745-2.728 2.683V16h3.92l-.673 3.667h-3.247v8.245C23.395 27.195 28 22.135 28 16Z\"><\/path><\/svg><\/span><\/a><a aria-label=\"Twitter\" class=\"heateor_sss_button_twitter\" href=\"https:\/\/twitter.com\/intent\/tweet?text=Emergenza%20climatica%20e%20riforme%20costituzionali&url=https%3A%2F%2Fwww.lacostituzione.info%2Findex.php%2F2020%2F12%2F17%2Femergenza-climatica-e-riforme-costituzionali%2F\" title=\"Twitter\" rel=\"nofollow noopener\" target=\"_blank\" style=\"font-size:32px!important;box-shadow:none;display:inline-block;vertical-align:middle\"><span class=\"heateor_sss_svg heateor_sss_s__default heateor_sss_s_twitter\" style=\"background-color:#55acee;width:35px;height:35px;display:inline-block;opacity:1;float:left;font-size:32px;box-shadow:none;display:inline-block;font-size:16px;padding:0 4px;vertical-align:middle;background-repeat:repeat;overflow:hidden;padding:0;cursor:pointer;box-sizing:content-box\"><svg style=\"display:block;\" focusable=\"false\" aria-hidden=\"true\" xmlns=\"http:\/\/www.w3.org\/2000\/svg\" width=\"100%\" height=\"100%\" viewBox=\"-4 -4 39 39\"><path d=\"M28 8.557a9.913 9.913 0 0 1-2.828.775 4.93 4.93 0 0 0 2.166-2.725 9.738 9.738 0 0 1-3.13 1.194 4.92 4.92 0 0 0-3.593-1.55 4.924 4.924 0 0 0-4.794 6.049c-4.09-.21-7.72-2.17-10.15-5.15a4.942 4.942 0 0 0-.665 2.477c0 1.71.87 3.214 2.19 4.1a4.968 4.968 0 0 1-2.23-.616v.06c0 2.39 1.7 4.38 3.952 4.83-.414.115-.85.174-1.297.174-.318 0-.626-.03-.928-.086a4.935 4.935 0 0 0 4.6 3.42 9.893 9.893 0 0 1-6.114 2.107c-.398 0-.79-.023-1.175-.068a13.953 13.953 0 0 0 7.55 2.213c9.056 0 14.01-7.507 14.01-14.013 0-.213-.005-.426-.015-.637.96-.695 1.795-1.56 2.455-2.55z\" fill=\"#fff\"><\/path><\/svg><\/span><\/a><a aria-label=\"Reddit\" class=\"heateor_sss_button_reddit\" href=\"https:\/\/reddit.com\/submit?url=https%3A%2F%2Fwww.lacostituzione.info%2Findex.php%2F2020%2F12%2F17%2Femergenza-climatica-e-riforme-costituzionali%2F&title=Emergenza%20climatica%20e%20riforme%20costituzionali\" title=\"Reddit\" rel=\"nofollow noopener\" target=\"_blank\" style=\"font-size:32px!important;box-shadow:none;display:inline-block;vertical-align:middle\"><span class=\"heateor_sss_svg heateor_sss_s__default heateor_sss_s_reddit\" style=\"background-color:#ff5700;width:35px;height:35px;display:inline-block;opacity:1;float:left;font-size:32px;box-shadow:none;display:inline-block;font-size:16px;padding:0 4px;vertical-align:middle;background-repeat:repeat;overflow:hidden;padding:0;cursor:pointer;box-sizing:content-box\"><svg style=\"display:block;\" focusable=\"false\" aria-hidden=\"true\" xmlns=\"http:\/\/www.w3.org\/2000\/svg\" width=\"100%\" height=\"100%\" viewBox=\"-3.5 -3.5 39 39\"><path d=\"M28.543 15.774a2.953 2.953 0 0 0-2.951-2.949 2.882 2.882 0 0 0-1.9.713 14.075 14.075 0 0 0-6.85-2.044l1.38-4.349 3.768.884a2.452 2.452 0 1 0 .24-1.176l-4.274-1a.6.6 0 0 0-.709.4l-1.659 5.224a14.314 14.314 0 0 0-7.316 2.029 2.908 2.908 0 0 0-1.872-.681 2.942 2.942 0 0 0-1.618 5.4 5.109 5.109 0 0 0-.062.765c0 4.158 5.037 7.541 11.229 7.541s11.22-3.383 11.22-7.541a5.2 5.2 0 0 0-.053-.706 2.963 2.963 0 0 0 1.427-2.51zm-18.008 1.88a1.753 1.753 0 0 1 1.73-1.74 1.73 1.73 0 0 1 1.709 1.74 1.709 1.709 0 0 1-1.709 1.711 1.733 1.733 0 0 1-1.73-1.711zm9.565 4.968a5.573 5.573 0 0 1-4.081 1.272h-.032a5.576 5.576 0 0 1-4.087-1.272.6.6 0 0 1 .844-.854 4.5 4.5 0 0 0 3.238.927h.032a4.5 4.5 0 0 0 3.237-.927.6.6 0 1 1 .844.854zm-.331-3.256a1.726 1.726 0 1 1 1.709-1.712 1.717 1.717 0 0 1-1.712 1.712z\" fill=\"#fff\"\/><\/svg><\/span><\/a><a aria-label=\"Linkedin\" class=\"heateor_sss_button_linkedin\" href=\"https:\/\/www.linkedin.com\/sharing\/share-offsite\/?url=https%3A%2F%2Fwww.lacostituzione.info%2Findex.php%2F2020%2F12%2F17%2Femergenza-climatica-e-riforme-costituzionali%2F\" title=\"Linkedin\" rel=\"nofollow noopener\" target=\"_blank\" style=\"font-size:32px!important;box-shadow:none;display:inline-block;vertical-align:middle\"><span class=\"heateor_sss_svg heateor_sss_s__default heateor_sss_s_linkedin\" style=\"background-color:#0077b5;width:35px;height:35px;display:inline-block;opacity:1;float:left;font-size:32px;box-shadow:none;display:inline-block;font-size:16px;padding:0 4px;vertical-align:middle;background-repeat:repeat;overflow:hidden;padding:0;cursor:pointer;box-sizing:content-box\"><svg style=\"display:block;\" focusable=\"false\" aria-hidden=\"true\" xmlns=\"http:\/\/www.w3.org\/2000\/svg\" width=\"100%\" height=\"100%\" viewBox=\"0 0 32 32\"><path d=\"M6.227 12.61h4.19v13.48h-4.19V12.61zm2.095-6.7a2.43 2.43 0 0 1 0 4.86c-1.344 0-2.428-1.09-2.428-2.43s1.084-2.43 2.428-2.43m4.72 6.7h4.02v1.84h.058c.56-1.058 1.927-2.176 3.965-2.176 4.238 0 5.02 2.792 5.02 6.42v7.395h-4.183v-6.56c0-1.564-.03-3.574-2.178-3.574-2.18 0-2.514 1.7-2.514 3.46v6.668h-4.187V12.61z\" fill=\"#fff\"><\/path><\/svg><\/span><\/a><a aria-label=\"Pinterest\" class=\"heateor_sss_button_pinterest\" href=\"https:\/\/www.lacostituzione.info\/index.php\/2020\/12\/17\/emergenza-climatica-e-riforme-costituzionali\/\" onclick=\"event.preventDefault();javascript:void( (function() {var e=document.createElement('script' );e.setAttribute('type','text\/javascript' );e.setAttribute('charset','UTF-8' );e.setAttribute('src','\/\/assets.pinterest.com\/js\/pinmarklet.js?r='+Math.random()*99999999);document.body.appendChild(e)})());\" title=\"Pinterest\" rel=\"noopener\" style=\"font-size:32px!important;box-shadow:none;display:inline-block;vertical-align:middle\"><span class=\"heateor_sss_svg heateor_sss_s__default heateor_sss_s_pinterest\" style=\"background-color:#cc2329;width:35px;height:35px;display:inline-block;opacity:1;float:left;font-size:32px;box-shadow:none;display:inline-block;font-size:16px;padding:0 4px;vertical-align:middle;background-repeat:repeat;overflow:hidden;padding:0;cursor:pointer;box-sizing:content-box\"><svg style=\"display:block;\" focusable=\"false\" aria-hidden=\"true\" xmlns=\"http:\/\/www.w3.org\/2000\/svg\" width=\"100%\" height=\"100%\" viewBox=\"-2 -2 35 35\"><path fill=\"#fff\" d=\"M16.539 4.5c-6.277 0-9.442 4.5-9.442 8.253 0 2.272.86 4.293 2.705 5.046.303.125.574.005.662-.33.061-.231.205-.816.27-1.06.088-.331.053-.447-.191-.736-.532-.627-.873-1.439-.873-2.591 0-3.338 2.498-6.327 6.505-6.327 3.548 0 5.497 2.168 5.497 5.062 0 3.81-1.686 7.025-4.188 7.025-1.382 0-2.416-1.142-2.085-2.545.397-1.674 1.166-3.48 1.166-4.689 0-1.081-.581-1.983-1.782-1.983-1.413 0-2.548 1.462-2.548 3.419 0 1.247.421 2.091.421 2.091l-1.699 7.199c-.505 2.137-.076 4.755-.039 5.019.021.158.223.196.314.077.13-.17 1.813-2.247 2.384-4.324.162-.587.929-3.631.929-3.631.46.876 1.801 1.646 3.227 1.646 4.247 0 7.128-3.871 7.128-9.053.003-3.918-3.317-7.568-8.361-7.568z\"\/><\/svg><\/span><\/a><a aria-label=\"Whatsapp\" class=\"heateor_sss_whatsapp\" href=\"https:\/\/api.whatsapp.com\/send?text=Emergenza%20climatica%20e%20riforme%20costituzionali%20https%3A%2F%2Fwww.lacostituzione.info%2Findex.php%2F2020%2F12%2F17%2Femergenza-climatica-e-riforme-costituzionali%2F\" title=\"Whatsapp\" rel=\"nofollow noopener\" target=\"_blank\" style=\"font-size:32px!important;box-shadow:none;display:inline-block;vertical-align:middle\"><span class=\"heateor_sss_svg\" style=\"background-color:#55eb4c;width:35px;height:35px;display:inline-block;opacity:1;float:left;font-size:32px;box-shadow:none;display:inline-block;font-size:16px;padding:0 4px;vertical-align:middle;background-repeat:repeat;overflow:hidden;padding:0;cursor:pointer;box-sizing:content-box\"><svg style=\"display:block;\" focusable=\"false\" aria-hidden=\"true\" xmlns=\"http:\/\/www.w3.org\/2000\/svg\" width=\"100%\" height=\"100%\" viewBox=\"-6 -5 40 40\"><path class=\"heateor_sss_svg_stroke heateor_sss_no_fill\" stroke=\"#fff\" stroke-width=\"2\" fill=\"none\" d=\"M 11.579798566743314 24.396926207859085 A 10 10 0 1 0 6.808479557110079 20.73576436351046\"><\/path><path d=\"M 7 19 l -1 6 l 6 -1\" class=\"heateor_sss_no_fill heateor_sss_svg_stroke\" stroke=\"#fff\" stroke-width=\"2\" fill=\"none\"><\/path><path d=\"M 10 10 q -1 8 8 11 c 5 -1 0 -6 -1 -3 q -4 -3 -5 -5 c 4 -2 -1 -5 -1 -4\" fill=\"#fff\"><\/path><\/svg><\/span><\/a><\/div><div class=\"heateorSssClear\"><\/div><\/div><div class='heateorSssClear'><\/div>","protected":false},"author":1,"featured_media":0,"comment_status":"open","ping_status":"open","sticky":false,"template":"","format":"standard","meta":{"jetpack_post_was_ever_published":false,"_jetpack_newsletter_access":"","_jetpack_dont_email_post_to_subs":false,"_jetpack_newsletter_tier_id":0,"_jetpack_memberships_contains_paywalled_content":false,"_jetpack_memberships_contains_paid_content":false,"footnotes":"","jetpack_publicize_message":"","jetpack_publicize_feature_enabled":true,"jetpack_social_post_already_shared":false,"jetpack_social_options":{"image_generator_settings":{"template":"highway","default_image_id":0,"enabled":false},"version":2}},"categories":[12],"tags":[1441,317],"class_list":["post-7503","post","type-post","status-publish","format-standard","hentry","category-editoriale","tag-catastrofe-climatica","tag-riforma-costituzionale"],"jetpack_publicize_connections":[],"jetpack_featured_media_url":"","jetpack_shortlink":"https:\/\/wp.me\/p84sDq-1X1","jetpack_likes_enabled":true,"jetpack_sharing_enabled":true,"_links":{"self":[{"href":"https:\/\/www.lacostituzione.info\/index.php\/wp-json\/wp\/v2\/posts\/7503","targetHints":{"allow":["GET"]}}],"collection":[{"href":"https:\/\/www.lacostituzione.info\/index.php\/wp-json\/wp\/v2\/posts"}],"about":[{"href":"https:\/\/www.lacostituzione.info\/index.php\/wp-json\/wp\/v2\/types\/post"}],"author":[{"embeddable":true,"href":"https:\/\/www.lacostituzione.info\/index.php\/wp-json\/wp\/v2\/users\/1"}],"replies":[{"embeddable":true,"href":"https:\/\/www.lacostituzione.info\/index.php\/wp-json\/wp\/v2\/comments?post=7503"}],"version-history":[{"count":0,"href":"https:\/\/www.lacostituzione.info\/index.php\/wp-json\/wp\/v2\/posts\/7503\/revisions"}],"wp:attachment":[{"href":"https:\/\/www.lacostituzione.info\/index.php\/wp-json\/wp\/v2\/media?parent=7503"}],"wp:term":[{"taxonomy":"category","embeddable":true,"href":"https:\/\/www.lacostituzione.info\/index.php\/wp-json\/wp\/v2\/categories?post=7503"},{"taxonomy":"post_tag","embeddable":true,"href":"https:\/\/www.lacostituzione.info\/index.php\/wp-json\/wp\/v2\/tags?post=7503"}],"curies":[{"name":"wp","href":"https:\/\/api.w.org\/{rel}","templated":true}]}}