{"id":7539,"date":"2021-01-14T10:46:14","date_gmt":"2021-01-14T09:46:14","guid":{"rendered":"http:\/\/www.lacostituzione.info\/?p=7539"},"modified":"2021-01-14T10:46:16","modified_gmt":"2021-01-14T09:46:16","slug":"una-crisi-inspiegabile-e-la-strada-del-voto-anticipato","status":"publish","type":"post","link":"https:\/\/www.lacostituzione.info\/index.php\/2021\/01\/14\/una-crisi-inspiegabile-e-la-strada-del-voto-anticipato\/","title":{"rendered":"Una crisi (in)spiegabile e la strada del voto anticipato"},"content":{"rendered":"\n<p>di\u00a0<strong>Alessandro Lauro<a href=\"http:\/\/www.lacostituzione.info\/wp-content\/uploads\/2021\/01\/altanok.png\"><img loading=\"lazy\" decoding=\"async\" data-attachment-id=\"7540\" data-permalink=\"https:\/\/www.lacostituzione.info\/index.php\/2021\/01\/14\/una-crisi-inspiegabile-e-la-strada-del-voto-anticipato\/altanok\/#main\" data-orig-file=\"https:\/\/www.lacostituzione.info\/wp-content\/uploads\/2021\/01\/altanok.png\" data-orig-size=\"511,580\" data-comments-opened=\"1\" data-image-meta=\"{&quot;aperture&quot;:&quot;0&quot;,&quot;credit&quot;:&quot;&quot;,&quot;camera&quot;:&quot;&quot;,&quot;caption&quot;:&quot;&quot;,&quot;created_timestamp&quot;:&quot;0&quot;,&quot;copyright&quot;:&quot;&quot;,&quot;focal_length&quot;:&quot;0&quot;,&quot;iso&quot;:&quot;0&quot;,&quot;shutter_speed&quot;:&quot;0&quot;,&quot;title&quot;:&quot;&quot;,&quot;orientation&quot;:&quot;0&quot;}\" data-image-title=\"altanok\" data-image-description=\"\" data-image-caption=\"\" data-medium-file=\"https:\/\/www.lacostituzione.info\/wp-content\/uploads\/2021\/01\/altanok-264x300.png\" data-large-file=\"https:\/\/www.lacostituzione.info\/wp-content\/uploads\/2021\/01\/altanok.png\" class=\"alignright size-thumbnail wp-image-7540\" src=\"http:\/\/www.lacostituzione.info\/wp-content\/uploads\/2021\/01\/altanok-150x150.png\" alt=\"\" width=\"150\" height=\"150\" \/><\/a><\/strong><\/p>\n<p>Alla fine, la crisi \u00e8 arrivata. Dopo settimane di venti minacciosi, la burrasca si abbatte sul sistema istituzionale italiano e il sentimento generale si muove fra lo sgomento, il fastidio e la rassegnazione.<!--more--> Sgomento perch\u00e9 si tratta di una crisi assurda; fastidio perch\u00e9 in realt\u00e0 i motivi non sono n\u00e9 ignoti, n\u00e9 indecifrabili; rassegnazione perch\u00e9 la classe politica italiana non sa redimersi e continua a farsi trasportare dalle sue convenienze verso risultati incomprensibili.<\/p>\n<p>L\u2019assurdit\u00e0 di questa crisi sta almeno in tre ragioni.<\/p>\n<p>Primo, avviene nel mezzo di una pandemia di inedita violenza e tragicit\u00e0. Non serve spendere molte parole al riguardo: tutti abbiamo sofferto e soffriamo nelle nostre semi-reclusioni domestiche e conosciamo la situazione. La cosa che rende intollerabile questa crisi \u00e8 che finalmente, all\u2019orizzonte, si traguarda una speranza per tornare vaccinati (in tempi non brevissimi) ad una ritrovata normalit\u00e0. Cosa c\u2019\u00e8 di meglio, per distruggere quel poco che resta di pazienza, che una crisi di governo?<\/p>\n<p>Secondo, sicuramente il Governo \u00e8 criticabile nella sua azione politica, come lo \u00e8 e lo sar\u00e0 qualunque Governo. Per\u00f2 due cose, per onest\u00e0 intellettuale, vanno tenute presenti.<\/p>\n<p>a) Nessun Esecutivo europeo \u00e8 al momento in grado di sviluppare un indirizzo politico vero e proprio: tutti sono alle prese con la pandemia e gli sforzi delle Amministrazioni in carica (siano di destra, di sinistra o di centro) sono dirette al contenimento dei contagi e dei morti e al sostegno alle attivit\u00e0 economiche colpite. E non \u00e8 che le soluzioni siano molto diverse da uno Stato all\u2019altro (e quindi abbiamo: confinamenti, ristori, organizzazione delle risposte sanitarie). Dunque non si vede cosa il Governo italiano avrebbe dovuto concretamente fare per evitare la crisi scatenata da una componente della maggioranza.<\/p>\n<p>b) L\u2019Italia non sta facendo \u201cpeggio\u201d degli altri: tutti fanno sostanzialmente le stesse cose, con alti e bassi, fra difficolt\u00e0 sistemiche proprie e ostacoli contingenti comuni a tutti. Anzi, forse si pu\u00f2 dare atto che la risposta europea organizzata nei vari strumenti e programmi (SURE; Next Generation UE; sospensione del Patto di Stabilit\u00e0) \u00e8 una \u201cconquista\u201d dell\u2019attivit\u00e0 diplomatica italiana.<\/p>\n<p>c) Terzo, si immagina il subentro di un \u201cgoverno di unit\u00e0 nazionale\u201d sostenuto da una coalizione trasversale, dopo che gli esempi di \u201cunit\u00e0 nazionale\u201d nel corso di questi mesi sono stati ben pochi, malgrado il tragico 2020. Il tutto fingendo che una simile trovata sia la soluzione per tutto e che basti mettere questa o quella illustre personalit\u00e0 a Palazzo Chigi per superare magicamente ogni <em>impasse<\/em> (se ricordiamo il Governo Monti, sappiamo bene che non \u00e8 cos\u00ec).\u00a0<\/p>\n<p>Ma dietro l\u2019assurdit\u00e0, si celano le ragioni politiche che la ragione non conosce (o vorrebbe non conoscere).<\/p>\n<p>La prima: la crisi o la sua minaccia sono gli unici strumenti di cui un \u201cpartito\u201d personale come Italia Viva ha a disposizione per conservare un minimo di visibilit\u00e0 mediatica (garantita da un sistema dell\u2019informazione sempre affamato di pettegolezzi, \u201cretroscena\u201d e \u201ctoto-ministri\u201d) e \u201crendersi protagonista\u201d (come ha scritto <a href=\"http:\/\/www.lacostituzione.info\/index.php\/2021\/01\/03\/renzi-e-il-governo-parlamentare\/\"><abbr class='c2c-text-hover' title='Professore ordinario di Diritto costituzionale - Universit\u00e0 di Ferrara'>Roberto Bin<\/abbr><\/a>) della scena politica. Era cos\u00ec nel febbraio 2020 (al tempo la causa del contendere era la <a href=\"https:\/\/www.repubblica.it\/politica\/2020\/02\/02\/news\/prescrizione_renzi_a_bonafede-247387377\/\">prescrizione<\/a>), \u00e8 cos\u00ec a quasi un anno di distanza. E non \u00e8 del tutto chiaro su cosa si contenda davvero questa volta: problemi di metodo? Questioni di merito? Antipatie personali? Un amalgama di tutti e tre?<\/p>\n<p>D\u2019altra parte, in una situazione di sostanziale paralisi dell\u2019indirizzo politico ordinario, il movimento di Renzi si \u00e8 reso conto che il Ministero dell\u2019Agricoltura e il Dipartimento delle Pari Opportunit\u00e0 non sono abbastanza \u201cpesanti\u201d per partecipare in maniera significativa alle decisioni pi\u00f9 importanti prese dal Governo. E allora ecco il (solito) pomo della discordia: la partecipazione effettiva al potere. A ben vedere, infatti, i problemi di volta in volta sollevati \u2013 ancorch\u00e9 magari non irragionevoli nel merito \u2013 si rivelano strumentali: e cos\u00ec i super-commissari (prima <a href=\"https:\/\/www.iltempo.it\/news-adn-kronos\/2020\/02\/20\/news\/iv-renzi-a-governo-100-commissari-in-cantieri-piu-importanti-e-italia-svolta-1283215\/\">fondamentali<\/a>, anche per il <a href=\"https:\/\/www.agi.it\/politica\/news\/2020-03-11\/coronavirus-governo-giuseppe-conte-matteo-renzi-7425504\/\">Coronavirus<\/a>) diventano insopportabili; le task-force <a href=\"https:\/\/www.google.com\/url?sa=t&amp;rct=j&amp;q=&amp;esrc=s&amp;source=web&amp;cd=&amp;cad=rja&amp;uact=8&amp;ved=2ahUKEwj80_7C1ZbuAhWqPOwKHdVfByo4ChAWMAZ6BAgKEAI&amp;url=https%3A%2F%2F27esimaora.corriere.it%2F20_maggio_28%2Ftask-force-bonetti-quel-rinascimento-che-parla-congedi-maternita-scorda-quelli-paternita-lavoratori-non-lavoratrici-238d73e4-a065-11ea-8f7d-66830a0d6de9.shtml&amp;usg=AOvVaw2qw5gmGX8SkjCj0TMs1NTJ\">irrinunciabili<\/a> si trasformano in commissariamenti; le politiche dei \u201cbonus\u201d, un tempo insostituibili (si vedano i c.d. \u201c80 euro\u201d, il bonus cultura per i diciottenni, il bonus dei 500 euro per gli insegnanti ecc.), divengono un\u2019insuperabile divergenza politica. E non parliamo dei parlamentari \u201ctransfughi\u201d, a cui i governi della XVII legislatura tanto sono debitori.<\/p>\n<p>La seconda: l\u2019insofferenza di quella forza per l\u2019alleanza con il Movimento Cinque Stelle. \u00c8 chiaro che Renzi e i suoi si troverebbero molto pi\u00f9 in sintonia a governare con Forza Italia e con un centro-destra moderato che non con i pentastellati. E difatti l\u2019idea del \u201cGoverno di unit\u00e0 nazionale\u201d consentirebbe proprio questo: allargare il peso di un \u201cnuovo centro-centrodestra\u201d di tendenza liberale alla guida del Paese e, in prospettiva, riorganizzare un polo che possa competere alle elezioni e diventare una sorta di ago della bilancia fra due potenziali blocchi (Partito Democratico e M5S da un lato; Lega e Fratelli d\u2019Italia dall\u2019altro). La frammentazione in vari corpuscoli (oltre a Forza Italia e Italia Viva, ricordiamo Pi\u00f9Europa, Azione ecc.) rischia infatti di condannarli tutti all\u2019irrilevanza elettorale o quasi nel nuovo Parlamento a ranghi ridotti.<\/p>\n<p>E veniamo qui all\u2019ultimo punto, dove i giochi della politica si intrecciano con le regole costituzionali: cosa pu\u00f2 o deve fare il Presidente della Repubblica in una situazione simile? Sciogliere anticipatamente le Camere o considerare la creazione di un Governo istituzionale?<\/p>\n<p>In condizioni non pandemiche, la strada maestra \u2013 la sola via percorribile \u2013 dovrebbe essere sicuramente lo scioglimento anticipato. E questo perch\u00e9 il Parlamento italiano ha gi\u00e0 avuto la possibilit\u00e0 di mutare Governo e indirizzo politico. Ha, cio\u00e8, esercitato pienamente il suo ruolo, senza subire automatismi in passato invocati, ma spesso contestati dalla dottrina (la fine, per qualsiasi causa, della maggioranza \u201cvincitrice\u201d delle elezioni \u2013 o del suo leader \u2013 avrebbe dovuto comportare l\u2019ineluttabile ritorno alle urne). Dunque, il principio della sovranit\u00e0 parlamentare e della democrazia rappresentativa \u00e8 stato fatto salvo. Ora, per\u00f2, questo va bilanciato con l\u2019altrettanto pregnante principio della sovranit\u00e0 popolare e della rappresentativit\u00e0 degli organi elettivi. Gi\u00e0 pesantemente messa in dubbio a partire dalle elezioni europee del 2019 e dalle successive competizioni elettorali regionali e locali, la tendenziale rispondenza fra orientamenti del corpo elettorale e Parlamento non pu\u00f2 essere ovviamente assicurata in maniera costante (le legislature durano cinque anni: art. 60 Cost.), ma nel momento in cui entrano in crisi due maggioranze (a composizione diversa) e sono nati nuovi gruppi parlamentari e schiere non trascurabili di eletti hanno abbandonato i partiti di origine, pare doveroso che spetti al corpo elettorale \u201carbitrare\u201d la contesa politica.<\/p>\n<p>Non va poi trascurata la circostanza che queste stesse Camere hanno approvato la riduzione del numero dei parlamentari, confermata dal referendum costituzionale del 20 e 21 settembre 2020. Un motivo in pi\u00f9 per ritenere che occorra lasciare agli elettori la possibilit\u00e0 di darsi nuovi rappresentanti secondo le proporzioni che la Costituzione oggi (piaccia o meno) prevede, con una legge elettorale quantomeno \u201cinfelice\u201d (e la sua sospetta illegittimit\u00e0, eventualmente, potr\u00e0 essere a posteriori dichiarata dalla Corte), ma di certo applicabile dopo la definizione dei collegi avvenuta con il decreto legislativo n. 177 del 2020 .<\/p>\n<p>La situazione epidemiologica \u00e8 tale da rendere questo scenario irresponsabile? In realt\u00e0, il capo dello Stato potrebbe semplicemente fare leva sul controllo temporale dei suoi poteri, adottando il decreto di scioglimento in modo da garantire lo svolgimento delle elezioni nella tarda primavera del 2021 (il che significa, in base all\u2019art. 61 Cost., attendere la fine del mese di marzo). A quel punto una parte della popolazione avr\u00e0 gi\u00e0 ricevuto il vaccino e le condizioni ambientali e climatiche \u201caiuteranno\u201d il controllo dei casi. Nel mentre, il governo rester\u00e0 in carica per gli affari correnti. Al pi\u00f9, se si ritenesse incongruo che l\u2019attuale Esecutivo guidi la transizione, potrebbe essere sostituito da un governo tecnico (o misto, con una parziale e snella riconferma di alcuni attuali ministri) a cui venga affidato il precipuo compito di portare il Paese alle elezioni, con o senza fiducia da parte delle Camere.<\/p>\n<p>La differenza con il fantomatico \u201cgoverno di unit\u00e0 nazionale\u201d sta proprio nel fatto che un governo elettorale \u2013 nato su impulso del Presidente \u2013 avrebbe come unico fine esistenziale e unico punto \u201cprogrammatico\u201d l\u2019organizzazione del turno elettorale in completa sicurezza. L\u2019ipotesi del \u201cgoverno di unit\u00e0 nazionale\u201d vorrebbe invece imporre al Capo dello Stato (che non agirebbe <em>sua sponte<\/em>) di nominare un governo tecnico o parzialmente tale con un programma ampio e un orizzonte di legislatura, sol perch\u00e9 i partiti non vogliono formalmente stringere accordi di coalizione fra loro, spogliandosi della loro responsabilit\u00e0 a governare (art. 49 Cost.), per poter poi dissociarsi di volta in volta su singole questioni (di nuovo l\u2019esperienza del Governo Monti insegna).<\/p>\n<p>Di fronte a una crisi di governo siffatta, assurda e meschina, il Presidente della Repubblica dovrebbe evitare di fare da sponda ad un sistema politico cos\u00ec destrutturato e convulso, obbligando\u00a0 piuttosto le forze politiche a spiegare direttamente ai loro elettori le ragioni delle loro condotte.<\/p>\n<pre><span style=\"color: #999999;\">l'immagine \u00e8 de <em>L'Espresso<\/em><\/span><\/pre>\n","protected":false},"excerpt":{"rendered":"<p>di\u00a0Alessandro Lauro Alla fine, la crisi \u00e8 arrivata. Dopo settimane di venti minacciosi, la burrasca si abbatte sul sistema istituzionale italiano e il sentimento generale si muove fra lo sgomento, il fastidio e la rassegnazione.<\/p>\n<div class='heateorSssClear'><\/div><div  class='heateor_sss_sharing_container heateor_sss_horizontal_sharing' data-heateor-sss-href='https:\/\/www.lacostituzione.info\/index.php\/2021\/01\/14\/una-crisi-inspiegabile-e-la-strada-del-voto-anticipato\/'><div class='heateor_sss_sharing_title' style=\"font-weight:bold\" >Condividi!<\/div><div class=\"heateor_sss_sharing_ul\"><a aria-label=\"Facebook\" class=\"heateor_sss_facebook\" href=\"https:\/\/www.facebook.com\/sharer\/sharer.php?u=https%3A%2F%2Fwww.lacostituzione.info%2Findex.php%2F2021%2F01%2F14%2Funa-crisi-inspiegabile-e-la-strada-del-voto-anticipato%2F\" title=\"Facebook\" rel=\"nofollow noopener\" target=\"_blank\" style=\"font-size:32px!important;box-shadow:none;display:inline-block;vertical-align:middle\"><span class=\"heateor_sss_svg\" style=\"background-color:#0765FE;width:35px;height:35px;display:inline-block;opacity:1;float:left;font-size:32px;box-shadow:none;display:inline-block;font-size:16px;padding:0 4px;vertical-align:middle;background-repeat:repeat;overflow:hidden;padding:0;cursor:pointer;box-sizing:content-box\"><svg style=\"display:block;\" focusable=\"false\" aria-hidden=\"true\" xmlns=\"http:\/\/www.w3.org\/2000\/svg\" width=\"100%\" height=\"100%\" viewBox=\"0 0 32 32\"><path fill=\"#fff\" d=\"M28 16c0-6.627-5.373-12-12-12S4 9.373 4 16c0 5.628 3.875 10.35 9.101 11.647v-7.98h-2.474V16H13.1v-1.58c0-4.085 1.849-5.978 5.859-5.978.76 0 2.072.15 2.608.298v3.325c-.283-.03-.775-.045-1.386-.045-1.967 0-2.728.745-2.728 2.683V16h3.92l-.673 3.667h-3.247v8.245C23.395 27.195 28 22.135 28 16Z\"><\/path><\/svg><\/span><\/a><a aria-label=\"Twitter\" class=\"heateor_sss_button_twitter\" href=\"https:\/\/twitter.com\/intent\/tweet?text=Una%20crisi%20%28in%29spiegabile%20e%20la%20strada%20del%20voto%20anticipato&url=https%3A%2F%2Fwww.lacostituzione.info%2Findex.php%2F2021%2F01%2F14%2Funa-crisi-inspiegabile-e-la-strada-del-voto-anticipato%2F\" title=\"Twitter\" rel=\"nofollow noopener\" target=\"_blank\" style=\"font-size:32px!important;box-shadow:none;display:inline-block;vertical-align:middle\"><span class=\"heateor_sss_svg heateor_sss_s__default heateor_sss_s_twitter\" style=\"background-color:#55acee;width:35px;height:35px;display:inline-block;opacity:1;float:left;font-size:32px;box-shadow:none;display:inline-block;font-size:16px;padding:0 4px;vertical-align:middle;background-repeat:repeat;overflow:hidden;padding:0;cursor:pointer;box-sizing:content-box\"><svg style=\"display:block;\" focusable=\"false\" aria-hidden=\"true\" xmlns=\"http:\/\/www.w3.org\/2000\/svg\" width=\"100%\" height=\"100%\" viewBox=\"-4 -4 39 39\"><path d=\"M28 8.557a9.913 9.913 0 0 1-2.828.775 4.93 4.93 0 0 0 2.166-2.725 9.738 9.738 0 0 1-3.13 1.194 4.92 4.92 0 0 0-3.593-1.55 4.924 4.924 0 0 0-4.794 6.049c-4.09-.21-7.72-2.17-10.15-5.15a4.942 4.942 0 0 0-.665 2.477c0 1.71.87 3.214 2.19 4.1a4.968 4.968 0 0 1-2.23-.616v.06c0 2.39 1.7 4.38 3.952 4.83-.414.115-.85.174-1.297.174-.318 0-.626-.03-.928-.086a4.935 4.935 0 0 0 4.6 3.42 9.893 9.893 0 0 1-6.114 2.107c-.398 0-.79-.023-1.175-.068a13.953 13.953 0 0 0 7.55 2.213c9.056 0 14.01-7.507 14.01-14.013 0-.213-.005-.426-.015-.637.96-.695 1.795-1.56 2.455-2.55z\" fill=\"#fff\"><\/path><\/svg><\/span><\/a><a aria-label=\"Reddit\" class=\"heateor_sss_button_reddit\" href=\"https:\/\/reddit.com\/submit?url=https%3A%2F%2Fwww.lacostituzione.info%2Findex.php%2F2021%2F01%2F14%2Funa-crisi-inspiegabile-e-la-strada-del-voto-anticipato%2F&title=Una%20crisi%20%28in%29spiegabile%20e%20la%20strada%20del%20voto%20anticipato\" title=\"Reddit\" rel=\"nofollow noopener\" target=\"_blank\" style=\"font-size:32px!important;box-shadow:none;display:inline-block;vertical-align:middle\"><span class=\"heateor_sss_svg heateor_sss_s__default heateor_sss_s_reddit\" style=\"background-color:#ff5700;width:35px;height:35px;display:inline-block;opacity:1;float:left;font-size:32px;box-shadow:none;display:inline-block;font-size:16px;padding:0 4px;vertical-align:middle;background-repeat:repeat;overflow:hidden;padding:0;cursor:pointer;box-sizing:content-box\"><svg style=\"display:block;\" focusable=\"false\" aria-hidden=\"true\" xmlns=\"http:\/\/www.w3.org\/2000\/svg\" width=\"100%\" height=\"100%\" viewBox=\"-3.5 -3.5 39 39\"><path d=\"M28.543 15.774a2.953 2.953 0 0 0-2.951-2.949 2.882 2.882 0 0 0-1.9.713 14.075 14.075 0 0 0-6.85-2.044l1.38-4.349 3.768.884a2.452 2.452 0 1 0 .24-1.176l-4.274-1a.6.6 0 0 0-.709.4l-1.659 5.224a14.314 14.314 0 0 0-7.316 2.029 2.908 2.908 0 0 0-1.872-.681 2.942 2.942 0 0 0-1.618 5.4 5.109 5.109 0 0 0-.062.765c0 4.158 5.037 7.541 11.229 7.541s11.22-3.383 11.22-7.541a5.2 5.2 0 0 0-.053-.706 2.963 2.963 0 0 0 1.427-2.51zm-18.008 1.88a1.753 1.753 0 0 1 1.73-1.74 1.73 1.73 0 0 1 1.709 1.74 1.709 1.709 0 0 1-1.709 1.711 1.733 1.733 0 0 1-1.73-1.711zm9.565 4.968a5.573 5.573 0 0 1-4.081 1.272h-.032a5.576 5.576 0 0 1-4.087-1.272.6.6 0 0 1 .844-.854 4.5 4.5 0 0 0 3.238.927h.032a4.5 4.5 0 0 0 3.237-.927.6.6 0 1 1 .844.854zm-.331-3.256a1.726 1.726 0 1 1 1.709-1.712 1.717 1.717 0 0 1-1.712 1.712z\" fill=\"#fff\"\/><\/svg><\/span><\/a><a aria-label=\"Linkedin\" class=\"heateor_sss_button_linkedin\" href=\"https:\/\/www.linkedin.com\/sharing\/share-offsite\/?url=https%3A%2F%2Fwww.lacostituzione.info%2Findex.php%2F2021%2F01%2F14%2Funa-crisi-inspiegabile-e-la-strada-del-voto-anticipato%2F\" title=\"Linkedin\" rel=\"nofollow noopener\" target=\"_blank\" style=\"font-size:32px!important;box-shadow:none;display:inline-block;vertical-align:middle\"><span class=\"heateor_sss_svg heateor_sss_s__default heateor_sss_s_linkedin\" style=\"background-color:#0077b5;width:35px;height:35px;display:inline-block;opacity:1;float:left;font-size:32px;box-shadow:none;display:inline-block;font-size:16px;padding:0 4px;vertical-align:middle;background-repeat:repeat;overflow:hidden;padding:0;cursor:pointer;box-sizing:content-box\"><svg style=\"display:block;\" focusable=\"false\" aria-hidden=\"true\" xmlns=\"http:\/\/www.w3.org\/2000\/svg\" width=\"100%\" height=\"100%\" viewBox=\"0 0 32 32\"><path d=\"M6.227 12.61h4.19v13.48h-4.19V12.61zm2.095-6.7a2.43 2.43 0 0 1 0 4.86c-1.344 0-2.428-1.09-2.428-2.43s1.084-2.43 2.428-2.43m4.72 6.7h4.02v1.84h.058c.56-1.058 1.927-2.176 3.965-2.176 4.238 0 5.02 2.792 5.02 6.42v7.395h-4.183v-6.56c0-1.564-.03-3.574-2.178-3.574-2.18 0-2.514 1.7-2.514 3.46v6.668h-4.187V12.61z\" fill=\"#fff\"><\/path><\/svg><\/span><\/a><a aria-label=\"Pinterest\" class=\"heateor_sss_button_pinterest\" href=\"https:\/\/www.lacostituzione.info\/index.php\/2021\/01\/14\/una-crisi-inspiegabile-e-la-strada-del-voto-anticipato\/\" onclick=\"event.preventDefault();javascript:void( (function() {var e=document.createElement('script' );e.setAttribute('type','text\/javascript' );e.setAttribute('charset','UTF-8' );e.setAttribute('src','\/\/assets.pinterest.com\/js\/pinmarklet.js?r='+Math.random()*99999999);document.body.appendChild(e)})());\" title=\"Pinterest\" rel=\"noopener\" style=\"font-size:32px!important;box-shadow:none;display:inline-block;vertical-align:middle\"><span class=\"heateor_sss_svg heateor_sss_s__default heateor_sss_s_pinterest\" style=\"background-color:#cc2329;width:35px;height:35px;display:inline-block;opacity:1;float:left;font-size:32px;box-shadow:none;display:inline-block;font-size:16px;padding:0 4px;vertical-align:middle;background-repeat:repeat;overflow:hidden;padding:0;cursor:pointer;box-sizing:content-box\"><svg style=\"display:block;\" focusable=\"false\" aria-hidden=\"true\" xmlns=\"http:\/\/www.w3.org\/2000\/svg\" width=\"100%\" height=\"100%\" viewBox=\"-2 -2 35 35\"><path fill=\"#fff\" d=\"M16.539 4.5c-6.277 0-9.442 4.5-9.442 8.253 0 2.272.86 4.293 2.705 5.046.303.125.574.005.662-.33.061-.231.205-.816.27-1.06.088-.331.053-.447-.191-.736-.532-.627-.873-1.439-.873-2.591 0-3.338 2.498-6.327 6.505-6.327 3.548 0 5.497 2.168 5.497 5.062 0 3.81-1.686 7.025-4.188 7.025-1.382 0-2.416-1.142-2.085-2.545.397-1.674 1.166-3.48 1.166-4.689 0-1.081-.581-1.983-1.782-1.983-1.413 0-2.548 1.462-2.548 3.419 0 1.247.421 2.091.421 2.091l-1.699 7.199c-.505 2.137-.076 4.755-.039 5.019.021.158.223.196.314.077.13-.17 1.813-2.247 2.384-4.324.162-.587.929-3.631.929-3.631.46.876 1.801 1.646 3.227 1.646 4.247 0 7.128-3.871 7.128-9.053.003-3.918-3.317-7.568-8.361-7.568z\"\/><\/svg><\/span><\/a><a aria-label=\"Whatsapp\" class=\"heateor_sss_whatsapp\" href=\"https:\/\/api.whatsapp.com\/send?text=Una%20crisi%20%28in%29spiegabile%20e%20la%20strada%20del%20voto%20anticipato%20https%3A%2F%2Fwww.lacostituzione.info%2Findex.php%2F2021%2F01%2F14%2Funa-crisi-inspiegabile-e-la-strada-del-voto-anticipato%2F\" title=\"Whatsapp\" rel=\"nofollow noopener\" target=\"_blank\" style=\"font-size:32px!important;box-shadow:none;display:inline-block;vertical-align:middle\"><span class=\"heateor_sss_svg\" style=\"background-color:#55eb4c;width:35px;height:35px;display:inline-block;opacity:1;float:left;font-size:32px;box-shadow:none;display:inline-block;font-size:16px;padding:0 4px;vertical-align:middle;background-repeat:repeat;overflow:hidden;padding:0;cursor:pointer;box-sizing:content-box\"><svg style=\"display:block;\" focusable=\"false\" aria-hidden=\"true\" xmlns=\"http:\/\/www.w3.org\/2000\/svg\" width=\"100%\" height=\"100%\" viewBox=\"-6 -5 40 40\"><path class=\"heateor_sss_svg_stroke heateor_sss_no_fill\" stroke=\"#fff\" stroke-width=\"2\" fill=\"none\" d=\"M 11.579798566743314 24.396926207859085 A 10 10 0 1 0 6.808479557110079 20.73576436351046\"><\/path><path d=\"M 7 19 l -1 6 l 6 -1\" class=\"heateor_sss_no_fill heateor_sss_svg_stroke\" stroke=\"#fff\" stroke-width=\"2\" fill=\"none\"><\/path><path d=\"M 10 10 q -1 8 8 11 c 5 -1 0 -6 -1 -3 q -4 -3 -5 -5 c 4 -2 -1 -5 -1 -4\" fill=\"#fff\"><\/path><\/svg><\/span><\/a><\/div><div class=\"heateorSssClear\"><\/div><\/div><div class='heateorSssClear'><\/div>","protected":false},"author":1,"featured_media":0,"comment_status":"open","ping_status":"open","sticky":false,"template":"","format":"standard","meta":{"jetpack_post_was_ever_published":false,"_jetpack_newsletter_access":"","_jetpack_dont_email_post_to_subs":false,"_jetpack_newsletter_tier_id":0,"_jetpack_memberships_contains_paywalled_content":false,"_jetpack_memberships_contains_paid_content":false,"footnotes":"","jetpack_publicize_message":"","jetpack_publicize_feature_enabled":true,"jetpack_social_post_already_shared":false,"jetpack_social_options":{"image_generator_settings":{"template":"highway","default_image_id":0,"enabled":false},"version":2}},"categories":[4],"tags":[179,1190,1286,153],"class_list":["post-7539","post","type-post","status-publish","format-standard","hentry","category-attualita","tag-crisi-di-governo","tag-elezioni-anticipate","tag-governo-conte","tag-renzi"],"jetpack_publicize_connections":[],"jetpack_featured_media_url":"","jetpack_shortlink":"https:\/\/wp.me\/p84sDq-1XB","jetpack_likes_enabled":true,"jetpack_sharing_enabled":true,"_links":{"self":[{"href":"https:\/\/www.lacostituzione.info\/index.php\/wp-json\/wp\/v2\/posts\/7539","targetHints":{"allow":["GET"]}}],"collection":[{"href":"https:\/\/www.lacostituzione.info\/index.php\/wp-json\/wp\/v2\/posts"}],"about":[{"href":"https:\/\/www.lacostituzione.info\/index.php\/wp-json\/wp\/v2\/types\/post"}],"author":[{"embeddable":true,"href":"https:\/\/www.lacostituzione.info\/index.php\/wp-json\/wp\/v2\/users\/1"}],"replies":[{"embeddable":true,"href":"https:\/\/www.lacostituzione.info\/index.php\/wp-json\/wp\/v2\/comments?post=7539"}],"version-history":[{"count":0,"href":"https:\/\/www.lacostituzione.info\/index.php\/wp-json\/wp\/v2\/posts\/7539\/revisions"}],"wp:attachment":[{"href":"https:\/\/www.lacostituzione.info\/index.php\/wp-json\/wp\/v2\/media?parent=7539"}],"wp:term":[{"taxonomy":"category","embeddable":true,"href":"https:\/\/www.lacostituzione.info\/index.php\/wp-json\/wp\/v2\/categories?post=7539"},{"taxonomy":"post_tag","embeddable":true,"href":"https:\/\/www.lacostituzione.info\/index.php\/wp-json\/wp\/v2\/tags?post=7539"}],"curies":[{"name":"wp","href":"https:\/\/api.w.org\/{rel}","templated":true}]}}