{"id":7563,"date":"2021-01-22T10:11:25","date_gmt":"2021-01-22T09:11:25","guid":{"rendered":"http:\/\/www.lacostituzione.info\/?p=7563"},"modified":"2021-01-22T10:11:27","modified_gmt":"2021-01-22T09:11:27","slug":"contingenza-politica-e-questioni-istituzionali-ancora-sul-simbolo-che-ha-accolto-renzi","status":"publish","type":"post","link":"https:\/\/www.lacostituzione.info\/index.php\/2021\/01\/22\/contingenza-politica-e-questioni-istituzionali-ancora-sul-simbolo-che-ha-accolto-renzi\/","title":{"rendered":"Contingenza politica e questioni istituzionali: ancora sul \u201csimbolo\u201d che ha \u201caccolto\u201d Renzi"},"content":{"rendered":"\n<p>di <strong>Marco Podetta<a href=\"http:\/\/www.lacostituzione.info\/wp-content\/uploads\/2021\/01\/SImboloPSI.png\"><img loading=\"lazy\" decoding=\"async\" data-attachment-id=\"7564\" data-permalink=\"https:\/\/www.lacostituzione.info\/index.php\/2021\/01\/22\/contingenza-politica-e-questioni-istituzionali-ancora-sul-simbolo-che-ha-accolto-renzi\/simbolopsi\/#main\" data-orig-file=\"https:\/\/www.lacostituzione.info\/wp-content\/uploads\/2021\/01\/SImboloPSI.png\" data-orig-size=\"846,845\" data-comments-opened=\"1\" data-image-meta=\"{&quot;aperture&quot;:&quot;0&quot;,&quot;credit&quot;:&quot;&quot;,&quot;camera&quot;:&quot;&quot;,&quot;caption&quot;:&quot;&quot;,&quot;created_timestamp&quot;:&quot;0&quot;,&quot;copyright&quot;:&quot;&quot;,&quot;focal_length&quot;:&quot;0&quot;,&quot;iso&quot;:&quot;0&quot;,&quot;shutter_speed&quot;:&quot;0&quot;,&quot;title&quot;:&quot;&quot;,&quot;orientation&quot;:&quot;0&quot;}\" data-image-title=\"SImboloPSI\" data-image-description=\"\" data-image-caption=\"\" data-medium-file=\"https:\/\/www.lacostituzione.info\/wp-content\/uploads\/2021\/01\/SImboloPSI-300x300.png\" data-large-file=\"https:\/\/www.lacostituzione.info\/wp-content\/uploads\/2021\/01\/SImboloPSI.png\" class=\"alignright size-thumbnail wp-image-7564\" src=\"http:\/\/www.lacostituzione.info\/wp-content\/uploads\/2021\/01\/SImboloPSI-150x150.png\" alt=\"\" width=\"150\" height=\"150\" srcset=\"https:\/\/www.lacostituzione.info\/wp-content\/uploads\/2021\/01\/SImboloPSI-150x150.png 150w, https:\/\/www.lacostituzione.info\/wp-content\/uploads\/2021\/01\/SImboloPSI-300x300.png 300w, https:\/\/www.lacostituzione.info\/wp-content\/uploads\/2021\/01\/SImboloPSI-768x767.png 768w, https:\/\/www.lacostituzione.info\/wp-content\/uploads\/2021\/01\/SImboloPSI.png 846w\" sizes=\"auto, (max-width: 150px) 100vw, 150px\" \/><\/a><\/strong><\/p>\n<p>Mi fa piacere poter approfittare della recente pubblicazione dell\u2019interessante contributo del <a href=\"http:\/\/www.lacostituzione.info\/index.php\/2021\/01\/20\/si-sciogliera-il-gruppo-parlamentare-italia-viva-p-s-i-al-senato\/\">professor Salvatore Curreri<\/a> sulla possibile sorte del Gruppo parlamentare \u201cItalia Viva \u2013 P.S.I.\u201d&#8230;<!--more--> in relazione a quelle che potrebbero essere le determinazioni \u2013 in particolare \u2013 del senatore Riccardo Nencini, per tornare a spendere qualche parola su un tema del quale avevo avuto modo di occuparmi sommariamente in sede di commento della corposa proposta di riforma regolamentare approvata dal Senato nel dicembre 2017 (M. Podetta, <em>La proposta di riforma regolamentare all\u2019esame del Senato. Gli inadeguati colpi di acceleratore di fine legislatura<\/em>, in <em>Nomos<\/em>, n. 3\/2017, p. 8 ss.) e, pi\u00f9 compiutamente, proprio all\u2019indomani della costituzione in corso di legislatura della suddetta formazione parlamentare (M. Podetta, <a href=\"https:\/\/www.costituzionalismo.it\/la-nuova-disciplina-dei-gruppi-al-senato-tra-demagogia-riformista-dubbi-costituzionali-e-distorsioni-applicative\/\"><em>La nuova disciplina dei Gruppi al Senato tra demagogia riformista, dubbi costituzionali e distorsioni applicative<\/em><\/a>, in <em>Costituzionalismo.it<\/em>, n. 1\/2020, p. 139 ss.).<\/p>\n<p>A tal proposito, non sorprende dover prendere atto di come uno fra gli allora paventati problemi applicativi delle modifiche introdotte con riguardo alla disciplina dei Gruppi non abbia tardato a manifestarsi concretamente, diventando in questi giorni tema di stretta attualit\u00e0.<\/p>\n<p>Volendo entrare subito nel merito della vicenda contingente, non paiono in effetti esserci molti dubbi rispetto alla necessit\u00e0 di sciogliere il Gruppo \u201cItalia Viva \u2013 P.S.I.\u201d qualora il senatore Nencini decidesse di \u201candarsene\u201d portando con s\u00e9 il simbolo grazie al quale era stata ritenuta possibile la sua costituzione nel settembre 2019.<\/p>\n<p>Cos\u00ec almeno a voler prendere sul serio il complesso delle nuove regole restrittive sulla costituzione dei Gruppi (delle quali, invero, come ho gi\u00e0 sostenuto, credo si possa peraltro arrivare a dubitare non solo dell\u2019opportunit\u00e0, ma anche della legittimit\u00e0 costituzionale, con riguardo innanzitutto al rispetto del principio di rappresentanza, ma anche in definitiva del libero esercizio del mandato parlamentare).<\/p>\n<p>Accogliendo la logica assunta dal riformatore e interpretando correttamente le nuove disposizioni introdotte (operazione peraltro non semplice, poich\u00e9 le stesse si rivelano in qualche caso non del tutto intelligibili) non sembrerebbe infatti nel caso di specie potersi procedere diversamente. Certo, bisogna prendere atto che questo significherebbe poter arrivare a identificare l\u2019esistenza di un Gruppo con un suo solo componente, dando peraltro a quest\u2019ultimo il potere di tenere da solo in scacco gli altri membri; del resto l\u2019interpretazione contraria, che vorrebbe invece considerare la costituzione di un nuovo Gruppo come un fatto concluso all\u2019indomani della sua formazione, permetterebbe ai senatori che hanno aderito ad una nuova formazione politica\u00a0 di poter approfittare della disponibilit\u00e0 anche di un solo senatore che poteva disporre di un simbolo presentato alle elezioni per potersene poi \u201cdisfare\u201d (magari espellendolo) senza conseguenze alla prima occasione utile.<\/p>\n<p>La verit\u00e0 \u00e8 che il descritto problematico effetto \u2013 anche \u2013 della soluzione qui accolta discende in realt\u00e0 dalla distorta applicazione della nuova disciplina sui Gruppi sin dal momento della formazione del Gruppo \u201cItalia Viva \u2013 P.S.I.\u201d, il quale, stando proprio alle nuove regole, non avrebbe dovuto poter essere costituito (perlomeno in tale veste e forma, v. <em>infra<\/em>). A non prendere sul serio le nuove regole sui Gruppi, dunque, \u00e8 stato da subito lo stesso Senato che, per evitare di assumere una decisione invero perniciosa ed impedire alla neonata formazione politica \u201cItalia Viva\u201d di costituirsi in Gruppo al Senato (cos\u00ec come alla Camera) pur avendone i \u201cnumeri\u201d, ha, alla prima occasione in cui esse venivano messe alla prova, nella sostanza disatteso alle nuove regole che si era al termine della legislatura precedente dato pressoch\u00e9 all\u2019unanimit\u00e0.<\/p>\n<p>Si capisce che se le nuove regole sulla costituzione dei Gruppi fossero state applicate per quello che dicono (e vorrebbero significare), sarebbe peraltro automaticamente \u201cdisinnescata\u201d la \u2013 comunque in ottica sistematica non accoglibile (come sostenuto in modo condivisibile dal Professor Curreri) \u2013 formalistica interpretazione del sesto comma dell\u2019articolo 14 del Regolamento del Senato secondo la quale dovrebbe ammettersi il possibile scioglimento di un Gruppo solo qualora i componenti di un Gruppo regolarmente costituito si riducano nel corso della legislatura ad un numero inferiore a dieci, ipotizzando cos\u00ec la possibilit\u00e0 per \u201cItalia Viva\u201d di rimanere costituita come Gruppo anche in caso di fuoriuscita del senatore Nencini (e perdita dell\u2019aggancio al simbolo P.S.I.).<\/p>\n<p>La \u201cvicenda Nencini\u201d ha se non altro il merito di riportare all\u2019attenzione del dibattito politico e dottrinale le criticit\u00e0 applicative della nuova disciplina sui Gruppi al Senato, che non si riducono a quella menzionata relativa alle conseguenze della variazione della composizione di un Gruppo, ma riguardano ad esempio anche il legame ravvisabile tra un senatore e un simbolo e la stessa individuazione della titolarit\u00e0 di un simbolo, nel caso di specie peraltro \u2013 almeno in parte \u2013 \u201crisolte\u201d grazie alla storica militanza di Riccardo Nencini nello P.S.I. (del quale \u00e8 stato in passato anche Segretario) e alla unit\u00e0 di vedute di quest\u2019ultimo con Enzo Maraio, attuale Segretario di quella forza politica.<\/p>\n<p>Pi\u00f9 in generale, il fatto che la \u201cvicenda \u201cItalia Viva \u2013 P.S.I.\u201d\u201d sia ritornata sotto i riflettori consente una volta di pi\u00f9 di problematizzare anche altre criticit\u00e0 applicative delle nuove regole, connesse ad esempio alla non sempre agevole identificazione dei singoli partiti o movimenti politici che si sono presentati alle elezioni (del Senato, secondo quanto richiesto dal quarto comma dell\u2019articolo 14 del Regolamento del Senato anche laddove al secondo e terzo periodo si riferisce solo genericamente alle \u201celezioni\u201d), nonch\u00e9 alla possibile creazione di un mercato dei simboli.<\/p>\n<p>\u00a0A fronte di questo quadro l\u2019auspicio personale sarebbe dunque quello che si potesse cogliere l\u2019occasione quantomeno per ripensare nel complesso le nuove regole sui Gruppi introdotte al Senato, piuttosto che pensare ad una loro estensione <em>sic et simpliciter<\/em> anche alla Camera, come pure \u00e8 stato invece da pi\u00f9 parti auspicato.<\/p>\n<p>Sapendo per\u00f2 di non potere fare affidamento su tale eventualit\u00e0, vorrei continuare \u2013 se si vuole un po\u2019 provocatoriamente \u2013 a pormi nella prospettiva assunta dal riformatore regolamentare con riguardo alla \u201cstretta\u201d sui Gruppi (che, beninteso, guarda ad un problema reale fornendo per\u00f2 risposte che non paiono condivisibili), per evidenziare un ulteriore problematico profilo applicativo della nuova disciplina, relativo questa volta all\u2019elemento \u201cnominalistico\u201d. Se Nencini decidesse di lasciare il Gruppo \u201cItalia Viva \u2013 P.S.I.\u201d portando con s\u00e9 il simbolo \u201cP.S.I.\u201d, sol per il fatto che il suddetto Gruppo non potrebbe pi\u00f9 recare tale sigla nel proprio nome dovrebbe potersi concludere che secondo le nuove regole esso dovrebbe essere sciolto. Il punto, sempre prendendo sul serio le nuove regole introdotte, \u00e8 per\u00f2 che in realt\u00e0 quel Gruppo non avrebbe dovuto poter assumere tale denominazione sin dall\u2019origine. Se infatti \u00e8 vero che anche in virt\u00f9 delle nuove regole sulla costituzione dei Gruppi non si pu\u00f2 pensare di vietare in assoluto la possibilit\u00e0 a un Gruppo di variare, magari in modo minimo, la propria denominazione (rispetto al nome del\/dei corrispettivo\/i partito\/i o movimento\/i presentato\/i alle elezioni, anche se in effetti qualche questione anche in tal senso potrebbe porsi), \u00e8 altrettanto vero che nel caso di specie pare potersi facilmente concludere che una sensata applicazione delle regole introdotte, le quali richiedono che un Gruppo formato in corso di legislatura \u201ccorrisponda\u201d a formazioni politiche passate dal vaglio elettorale (in proposito, pu\u00f2 essere utile ricordare che il Gruppo \u201cItalia Viva \u2013 P.S.I.\u201d \u00e8 stato costituito ai sensi del terzo \u2013 e penultimo \u2013 periodo del comma 4 dell\u2019articolo 14 del Regolamento del Senato, espressamente richiamato a tal proposito dal terzo comma del successivo articolo 15), avrebbe dovuto impedire di scegliere una denominazione che si allontanasse cos\u00ec tanto da quella di \u201cP.S.I.\u201d, la cui aggiunta accanto al nome \u201cItalia Viva\u201d rappresenta invece solo uno stratagemma per dare una parvenza di legittimit\u00e0 all\u2019operazione compiuta.<\/p>\n<p>Ecco, proprio sfruttando quest\u2019ultimo aspetto il Senato potrebbe trovare terreno fertile per dare, qualora davvero lo volesse, effettivit\u00e0 a queste regole introdotte contro il trasformismo parlamentare. Gi\u00e0 di per s\u00e9 l\u2019obbligo di mantenere nel nome di un Gruppo costituito in corso di legislatura il solo riferimento al\/ai corrispettivo\/i partito\/i o movimento\/i presentato\/i alle elezioni cui \u201ccorrisponde\u201d sarebbe infatti un efficace deterrente all\u2019aggiramento delle rigide regole autoimpostesi: possiamo dire che Matteo Renzi e gli altri senatori confluiti assieme a lui nel Gruppo \u201cItalia Viva \u2013 P.S.I.\u201d avrebbero accettato a cuor leggero di entrare a far parte di un Gruppo denominato \u2013 \u201csolo\u201d \u2013 \u201cP.S.I.\u201d?<\/p>\n","protected":false},"excerpt":{"rendered":"<p>di Marco Podetta Mi fa piacere poter approfittare della recente pubblicazione dell\u2019interessante contributo del professor Salvatore Curreri sulla possibile sorte del Gruppo parlamentare \u201cItalia Viva \u2013 P.S.I.\u201d&#8230;<\/p>\n<div class='heateorSssClear'><\/div><div  class='heateor_sss_sharing_container heateor_sss_horizontal_sharing' data-heateor-sss-href='https:\/\/www.lacostituzione.info\/index.php\/2021\/01\/22\/contingenza-politica-e-questioni-istituzionali-ancora-sul-simbolo-che-ha-accolto-renzi\/'><div class='heateor_sss_sharing_title' style=\"font-weight:bold\" >Condividi!<\/div><div class=\"heateor_sss_sharing_ul\"><a aria-label=\"Facebook\" class=\"heateor_sss_facebook\" href=\"https:\/\/www.facebook.com\/sharer\/sharer.php?u=https%3A%2F%2Fwww.lacostituzione.info%2Findex.php%2F2021%2F01%2F22%2Fcontingenza-politica-e-questioni-istituzionali-ancora-sul-simbolo-che-ha-accolto-renzi%2F\" title=\"Facebook\" rel=\"nofollow noopener\" target=\"_blank\" style=\"font-size:32px!important;box-shadow:none;display:inline-block;vertical-align:middle\"><span class=\"heateor_sss_svg\" style=\"background-color:#0765FE;width:35px;height:35px;display:inline-block;opacity:1;float:left;font-size:32px;box-shadow:none;display:inline-block;font-size:16px;padding:0 4px;vertical-align:middle;background-repeat:repeat;overflow:hidden;padding:0;cursor:pointer;box-sizing:content-box\"><svg style=\"display:block;\" focusable=\"false\" aria-hidden=\"true\" xmlns=\"http:\/\/www.w3.org\/2000\/svg\" width=\"100%\" height=\"100%\" viewBox=\"0 0 32 32\"><path fill=\"#fff\" d=\"M28 16c0-6.627-5.373-12-12-12S4 9.373 4 16c0 5.628 3.875 10.35 9.101 11.647v-7.98h-2.474V16H13.1v-1.58c0-4.085 1.849-5.978 5.859-5.978.76 0 2.072.15 2.608.298v3.325c-.283-.03-.775-.045-1.386-.045-1.967 0-2.728.745-2.728 2.683V16h3.92l-.673 3.667h-3.247v8.245C23.395 27.195 28 22.135 28 16Z\"><\/path><\/svg><\/span><\/a><a aria-label=\"Twitter\" class=\"heateor_sss_button_twitter\" href=\"https:\/\/twitter.com\/intent\/tweet?text=Contingenza%20politica%20e%20questioni%20istituzionali%3A%20ancora%20sul%20%E2%80%9Csimbolo%E2%80%9D%20che%20ha%20%E2%80%9Caccolto%E2%80%9D%20Renzi&url=https%3A%2F%2Fwww.lacostituzione.info%2Findex.php%2F2021%2F01%2F22%2Fcontingenza-politica-e-questioni-istituzionali-ancora-sul-simbolo-che-ha-accolto-renzi%2F\" title=\"Twitter\" rel=\"nofollow noopener\" target=\"_blank\" style=\"font-size:32px!important;box-shadow:none;display:inline-block;vertical-align:middle\"><span class=\"heateor_sss_svg heateor_sss_s__default heateor_sss_s_twitter\" style=\"background-color:#55acee;width:35px;height:35px;display:inline-block;opacity:1;float:left;font-size:32px;box-shadow:none;display:inline-block;font-size:16px;padding:0 4px;vertical-align:middle;background-repeat:repeat;overflow:hidden;padding:0;cursor:pointer;box-sizing:content-box\"><svg style=\"display:block;\" focusable=\"false\" aria-hidden=\"true\" xmlns=\"http:\/\/www.w3.org\/2000\/svg\" width=\"100%\" height=\"100%\" viewBox=\"-4 -4 39 39\"><path d=\"M28 8.557a9.913 9.913 0 0 1-2.828.775 4.93 4.93 0 0 0 2.166-2.725 9.738 9.738 0 0 1-3.13 1.194 4.92 4.92 0 0 0-3.593-1.55 4.924 4.924 0 0 0-4.794 6.049c-4.09-.21-7.72-2.17-10.15-5.15a4.942 4.942 0 0 0-.665 2.477c0 1.71.87 3.214 2.19 4.1a4.968 4.968 0 0 1-2.23-.616v.06c0 2.39 1.7 4.38 3.952 4.83-.414.115-.85.174-1.297.174-.318 0-.626-.03-.928-.086a4.935 4.935 0 0 0 4.6 3.42 9.893 9.893 0 0 1-6.114 2.107c-.398 0-.79-.023-1.175-.068a13.953 13.953 0 0 0 7.55 2.213c9.056 0 14.01-7.507 14.01-14.013 0-.213-.005-.426-.015-.637.96-.695 1.795-1.56 2.455-2.55z\" fill=\"#fff\"><\/path><\/svg><\/span><\/a><a aria-label=\"Reddit\" class=\"heateor_sss_button_reddit\" href=\"https:\/\/reddit.com\/submit?url=https%3A%2F%2Fwww.lacostituzione.info%2Findex.php%2F2021%2F01%2F22%2Fcontingenza-politica-e-questioni-istituzionali-ancora-sul-simbolo-che-ha-accolto-renzi%2F&title=Contingenza%20politica%20e%20questioni%20istituzionali%3A%20ancora%20sul%20%E2%80%9Csimbolo%E2%80%9D%20che%20ha%20%E2%80%9Caccolto%E2%80%9D%20Renzi\" title=\"Reddit\" rel=\"nofollow noopener\" target=\"_blank\" style=\"font-size:32px!important;box-shadow:none;display:inline-block;vertical-align:middle\"><span class=\"heateor_sss_svg heateor_sss_s__default heateor_sss_s_reddit\" style=\"background-color:#ff5700;width:35px;height:35px;display:inline-block;opacity:1;float:left;font-size:32px;box-shadow:none;display:inline-block;font-size:16px;padding:0 4px;vertical-align:middle;background-repeat:repeat;overflow:hidden;padding:0;cursor:pointer;box-sizing:content-box\"><svg style=\"display:block;\" focusable=\"false\" aria-hidden=\"true\" xmlns=\"http:\/\/www.w3.org\/2000\/svg\" width=\"100%\" height=\"100%\" viewBox=\"-3.5 -3.5 39 39\"><path d=\"M28.543 15.774a2.953 2.953 0 0 0-2.951-2.949 2.882 2.882 0 0 0-1.9.713 14.075 14.075 0 0 0-6.85-2.044l1.38-4.349 3.768.884a2.452 2.452 0 1 0 .24-1.176l-4.274-1a.6.6 0 0 0-.709.4l-1.659 5.224a14.314 14.314 0 0 0-7.316 2.029 2.908 2.908 0 0 0-1.872-.681 2.942 2.942 0 0 0-1.618 5.4 5.109 5.109 0 0 0-.062.765c0 4.158 5.037 7.541 11.229 7.541s11.22-3.383 11.22-7.541a5.2 5.2 0 0 0-.053-.706 2.963 2.963 0 0 0 1.427-2.51zm-18.008 1.88a1.753 1.753 0 0 1 1.73-1.74 1.73 1.73 0 0 1 1.709 1.74 1.709 1.709 0 0 1-1.709 1.711 1.733 1.733 0 0 1-1.73-1.711zm9.565 4.968a5.573 5.573 0 0 1-4.081 1.272h-.032a5.576 5.576 0 0 1-4.087-1.272.6.6 0 0 1 .844-.854 4.5 4.5 0 0 0 3.238.927h.032a4.5 4.5 0 0 0 3.237-.927.6.6 0 1 1 .844.854zm-.331-3.256a1.726 1.726 0 1 1 1.709-1.712 1.717 1.717 0 0 1-1.712 1.712z\" fill=\"#fff\"\/><\/svg><\/span><\/a><a aria-label=\"Linkedin\" class=\"heateor_sss_button_linkedin\" href=\"https:\/\/www.linkedin.com\/sharing\/share-offsite\/?url=https%3A%2F%2Fwww.lacostituzione.info%2Findex.php%2F2021%2F01%2F22%2Fcontingenza-politica-e-questioni-istituzionali-ancora-sul-simbolo-che-ha-accolto-renzi%2F\" title=\"Linkedin\" rel=\"nofollow noopener\" target=\"_blank\" style=\"font-size:32px!important;box-shadow:none;display:inline-block;vertical-align:middle\"><span class=\"heateor_sss_svg heateor_sss_s__default heateor_sss_s_linkedin\" style=\"background-color:#0077b5;width:35px;height:35px;display:inline-block;opacity:1;float:left;font-size:32px;box-shadow:none;display:inline-block;font-size:16px;padding:0 4px;vertical-align:middle;background-repeat:repeat;overflow:hidden;padding:0;cursor:pointer;box-sizing:content-box\"><svg style=\"display:block;\" focusable=\"false\" aria-hidden=\"true\" xmlns=\"http:\/\/www.w3.org\/2000\/svg\" width=\"100%\" height=\"100%\" viewBox=\"0 0 32 32\"><path d=\"M6.227 12.61h4.19v13.48h-4.19V12.61zm2.095-6.7a2.43 2.43 0 0 1 0 4.86c-1.344 0-2.428-1.09-2.428-2.43s1.084-2.43 2.428-2.43m4.72 6.7h4.02v1.84h.058c.56-1.058 1.927-2.176 3.965-2.176 4.238 0 5.02 2.792 5.02 6.42v7.395h-4.183v-6.56c0-1.564-.03-3.574-2.178-3.574-2.18 0-2.514 1.7-2.514 3.46v6.668h-4.187V12.61z\" fill=\"#fff\"><\/path><\/svg><\/span><\/a><a aria-label=\"Pinterest\" class=\"heateor_sss_button_pinterest\" href=\"https:\/\/www.lacostituzione.info\/index.php\/2021\/01\/22\/contingenza-politica-e-questioni-istituzionali-ancora-sul-simbolo-che-ha-accolto-renzi\/\" onclick=\"event.preventDefault();javascript:void( (function() {var e=document.createElement('script' );e.setAttribute('type','text\/javascript' );e.setAttribute('charset','UTF-8' );e.setAttribute('src','\/\/assets.pinterest.com\/js\/pinmarklet.js?r='+Math.random()*99999999);document.body.appendChild(e)})());\" title=\"Pinterest\" rel=\"noopener\" style=\"font-size:32px!important;box-shadow:none;display:inline-block;vertical-align:middle\"><span class=\"heateor_sss_svg heateor_sss_s__default heateor_sss_s_pinterest\" style=\"background-color:#cc2329;width:35px;height:35px;display:inline-block;opacity:1;float:left;font-size:32px;box-shadow:none;display:inline-block;font-size:16px;padding:0 4px;vertical-align:middle;background-repeat:repeat;overflow:hidden;padding:0;cursor:pointer;box-sizing:content-box\"><svg style=\"display:block;\" focusable=\"false\" aria-hidden=\"true\" xmlns=\"http:\/\/www.w3.org\/2000\/svg\" width=\"100%\" height=\"100%\" viewBox=\"-2 -2 35 35\"><path fill=\"#fff\" d=\"M16.539 4.5c-6.277 0-9.442 4.5-9.442 8.253 0 2.272.86 4.293 2.705 5.046.303.125.574.005.662-.33.061-.231.205-.816.27-1.06.088-.331.053-.447-.191-.736-.532-.627-.873-1.439-.873-2.591 0-3.338 2.498-6.327 6.505-6.327 3.548 0 5.497 2.168 5.497 5.062 0 3.81-1.686 7.025-4.188 7.025-1.382 0-2.416-1.142-2.085-2.545.397-1.674 1.166-3.48 1.166-4.689 0-1.081-.581-1.983-1.782-1.983-1.413 0-2.548 1.462-2.548 3.419 0 1.247.421 2.091.421 2.091l-1.699 7.199c-.505 2.137-.076 4.755-.039 5.019.021.158.223.196.314.077.13-.17 1.813-2.247 2.384-4.324.162-.587.929-3.631.929-3.631.46.876 1.801 1.646 3.227 1.646 4.247 0 7.128-3.871 7.128-9.053.003-3.918-3.317-7.568-8.361-7.568z\"\/><\/svg><\/span><\/a><a aria-label=\"Whatsapp\" class=\"heateor_sss_whatsapp\" href=\"https:\/\/api.whatsapp.com\/send?text=Contingenza%20politica%20e%20questioni%20istituzionali%3A%20ancora%20sul%20%E2%80%9Csimbolo%E2%80%9D%20che%20ha%20%E2%80%9Caccolto%E2%80%9D%20Renzi%20https%3A%2F%2Fwww.lacostituzione.info%2Findex.php%2F2021%2F01%2F22%2Fcontingenza-politica-e-questioni-istituzionali-ancora-sul-simbolo-che-ha-accolto-renzi%2F\" title=\"Whatsapp\" rel=\"nofollow noopener\" target=\"_blank\" style=\"font-size:32px!important;box-shadow:none;display:inline-block;vertical-align:middle\"><span class=\"heateor_sss_svg\" style=\"background-color:#55eb4c;width:35px;height:35px;display:inline-block;opacity:1;float:left;font-size:32px;box-shadow:none;display:inline-block;font-size:16px;padding:0 4px;vertical-align:middle;background-repeat:repeat;overflow:hidden;padding:0;cursor:pointer;box-sizing:content-box\"><svg style=\"display:block;\" focusable=\"false\" aria-hidden=\"true\" xmlns=\"http:\/\/www.w3.org\/2000\/svg\" width=\"100%\" height=\"100%\" viewBox=\"-6 -5 40 40\"><path class=\"heateor_sss_svg_stroke heateor_sss_no_fill\" stroke=\"#fff\" stroke-width=\"2\" fill=\"none\" d=\"M 11.579798566743314 24.396926207859085 A 10 10 0 1 0 6.808479557110079 20.73576436351046\"><\/path><path d=\"M 7 19 l -1 6 l 6 -1\" class=\"heateor_sss_no_fill heateor_sss_svg_stroke\" stroke=\"#fff\" stroke-width=\"2\" fill=\"none\"><\/path><path d=\"M 10 10 q -1 8 8 11 c 5 -1 0 -6 -1 -3 q -4 -3 -5 -5 c 4 -2 -1 -5 -1 -4\" fill=\"#fff\"><\/path><\/svg><\/span><\/a><\/div><div class=\"heateorSssClear\"><\/div><\/div><div class='heateorSssClear'><\/div>","protected":false},"author":3,"featured_media":0,"comment_status":"open","ping_status":"open","sticky":false,"template":"","format":"standard","meta":{"jetpack_post_was_ever_published":false,"_jetpack_newsletter_access":"","_jetpack_dont_email_post_to_subs":false,"_jetpack_newsletter_tier_id":0,"_jetpack_memberships_contains_paywalled_content":false,"_jetpack_memberships_contains_paid_content":false,"footnotes":"","jetpack_publicize_message":"","jetpack_publicize_feature_enabled":true,"jetpack_social_post_already_shared":false,"jetpack_social_options":{"image_generator_settings":{"template":"highway","default_image_id":0,"enabled":false},"version":2}},"categories":[4],"tags":[315,920,26],"class_list":["post-7563","post","type-post","status-publish","format-standard","hentry","category-attualita","tag-gruppi-parlamentari","tag-regolamenti-parlamentari","tag-senato"],"jetpack_publicize_connections":[],"jetpack_featured_media_url":"","jetpack_shortlink":"https:\/\/wp.me\/p84sDq-1XZ","jetpack_likes_enabled":true,"jetpack_sharing_enabled":true,"_links":{"self":[{"href":"https:\/\/www.lacostituzione.info\/index.php\/wp-json\/wp\/v2\/posts\/7563","targetHints":{"allow":["GET"]}}],"collection":[{"href":"https:\/\/www.lacostituzione.info\/index.php\/wp-json\/wp\/v2\/posts"}],"about":[{"href":"https:\/\/www.lacostituzione.info\/index.php\/wp-json\/wp\/v2\/types\/post"}],"author":[{"embeddable":true,"href":"https:\/\/www.lacostituzione.info\/index.php\/wp-json\/wp\/v2\/users\/3"}],"replies":[{"embeddable":true,"href":"https:\/\/www.lacostituzione.info\/index.php\/wp-json\/wp\/v2\/comments?post=7563"}],"version-history":[{"count":0,"href":"https:\/\/www.lacostituzione.info\/index.php\/wp-json\/wp\/v2\/posts\/7563\/revisions"}],"wp:attachment":[{"href":"https:\/\/www.lacostituzione.info\/index.php\/wp-json\/wp\/v2\/media?parent=7563"}],"wp:term":[{"taxonomy":"category","embeddable":true,"href":"https:\/\/www.lacostituzione.info\/index.php\/wp-json\/wp\/v2\/categories?post=7563"},{"taxonomy":"post_tag","embeddable":true,"href":"https:\/\/www.lacostituzione.info\/index.php\/wp-json\/wp\/v2\/tags?post=7563"}],"curies":[{"name":"wp","href":"https:\/\/api.w.org\/{rel}","templated":true}]}}