{"id":7589,"date":"2021-01-28T13:11:58","date_gmt":"2021-01-28T12:11:58","guid":{"rendered":"http:\/\/www.lacostituzione.info\/?p=7589"},"modified":"2021-01-28T14:30:13","modified_gmt":"2021-01-28T13:30:13","slug":"la-crisi-del-governo-conte-ii-forme-e-tempistiche","status":"publish","type":"post","link":"https:\/\/www.lacostituzione.info\/index.php\/2021\/01\/28\/la-crisi-del-governo-conte-ii-forme-e-tempistiche\/","title":{"rendered":"La crisi del governo Conte II: forme e tempistiche"},"content":{"rendered":"\n<p style=\"text-align: center;\"><a href=\"http:\/\/www.lacostituzione.info\/wp-content\/uploads\/2020\/05\/conte-rilancio.jpg\"><img loading=\"lazy\" decoding=\"async\" data-attachment-id=\"7164\" data-permalink=\"https:\/\/www.lacostituzione.info\/index.php\/2020\/05\/18\/quanto-si-attende-per-il-rilancio\/conte-rilancio\/#main\" data-orig-file=\"https:\/\/www.lacostituzione.info\/wp-content\/uploads\/2020\/05\/conte-rilancio.jpg\" data-orig-size=\"284,177\" data-comments-opened=\"1\" data-image-meta=\"{&quot;aperture&quot;:&quot;0&quot;,&quot;credit&quot;:&quot;&quot;,&quot;camera&quot;:&quot;&quot;,&quot;caption&quot;:&quot;&quot;,&quot;created_timestamp&quot;:&quot;0&quot;,&quot;copyright&quot;:&quot;&quot;,&quot;focal_length&quot;:&quot;0&quot;,&quot;iso&quot;:&quot;0&quot;,&quot;shutter_speed&quot;:&quot;0&quot;,&quot;title&quot;:&quot;&quot;,&quot;orientation&quot;:&quot;0&quot;}\" data-image-title=\"conte rilancio\" data-image-description=\"\" data-image-caption=\"\" data-medium-file=\"https:\/\/www.lacostituzione.info\/wp-content\/uploads\/2020\/05\/conte-rilancio.jpg\" data-large-file=\"https:\/\/www.lacostituzione.info\/wp-content\/uploads\/2020\/05\/conte-rilancio.jpg\" class=\"aligncenter size-thumbnail wp-image-7164\" src=\"http:\/\/www.lacostituzione.info\/wp-content\/uploads\/2020\/05\/conte-rilancio-150x150.jpg\" alt=\"\" width=\"150\" height=\"150\" \/><\/a>di <strong>Marco Cecili*<\/strong><\/p>\n<p>La crisi di governo che ci apprestiamo a seguire presenta, almeno nelle prime fasi, alcune interessanti questioni.<!--more--><\/p>\n<p>Il 25 gennaio sera \u00e8 apparsa sul sito del Governo la \u201c<a href=\"http:\/\/www.governo.it\/it\/articolo\/convocazione-del-consiglio-dei-ministri-n-94\/16111\">Convocazione del Consiglio dei ministri n. 94<\/a>\u201d, con il quale si preannunciava che \u201c<em>il Presidente del Consiglio, Giuseppe Conte, comunicher\u00e0 ai ministri la volont\u00e0 di recarsi al Quirinale per rassegnare le sue dimissioni. A seguire, il Presidente Conte si recher\u00e0 dal Presidente della Repubblica, Sergio Mattarella<\/em>\u201d.<\/p>\n<p>Queste dimissioni annunciate il giorno precedente rispetto all\u2019effettiva presentazione rappresentano una distonia all\u2019interno dei rapporti tra Governo e Presidente della Repubblica.<\/p>\n<p>L\u2019atto con il quale deve obbligatoriamente iniziare una crisi di governo \u00e8 la presentazione delle dimissioni del Presidente del Consiglio dei ministri al capo dello Stato. Le dimissioni sono solitamente presentate dopo che il premier le ha comunicate al Consiglio dei ministri. Dopo le dimissioni il premier suole darne avviso alle Camere, che interrompono i propri lavori. Alcuni autori (Bozzi, 1960) hanno sostenuto che per le crisi \u201c<em>parlamentari<\/em>\u201d non sarebbero necessarie le dimissioni e il Presidente della Repubblica avrebbe l\u2019obbligo di iniziare la procedura per la formazione del nuovo governo dopo il voto negativo sulla sussistenza del rapporto fiduciario in un ramo del Parlamento, ma tale ipotesi non \u00e8 sostenibile (anche vedendo la prassi): \u00e8 la presentazionedelle dimissioni che riconsegna al capo dello Stato il proprio ruolo di <em>commissarie aux crises<\/em>. Il Parlamento con il proprio atto di sfiducia verso il Gabinetto farebbe valere, utilizzando delle categorie privatistiche, un diritto relativo, in cui l\u2019assemblea avrebbe una pretesa alle dimissioni, mentre l\u2019esecutivo avrebbe un \u201c<em>obbligo di dimettersi<\/em>\u201d.<\/p>\n<p>L\u2019esercizio dei poteri presidenziali presuppone, in genere, un\u2019attivit\u00e0 preliminare o concomitante di carattere informativo-consultivo, in senso \u201cprevalentemente recettivo\u201d. Il Presidente della Repubblica \u00e8 tenuto, cio\u00e8, a raccogliere quelle notizie, opinioni e pareri che possono concorrere a formare le sue valutazioni nel compiere le sue scelte, esercitare controlli, mediare, nell\u2019attuare insomma, con piena cognizione di causa, i molteplici e differenziati interventi connessi all\u2019adempimento delle sue funzioni.<\/p>\n<p>In questa crisi le tempistiche sono state anticipate da un comunicato di Palazzo Chigi, che ha spostato il Quirinale dalla centralit\u00e0 che dovrebbe avere nella gestione delle crisi governative. Si \u00e8 realizzata una lesione delle regole di correttezza costituzionale. La struttura della nostra Costituzione attribuisce al Presidente la gestione della crisi, che ne decide le tempistiche. Prima dell\u2019annuncio di Zampetti delle dimissioni del Presidente Conte, erano stati gi\u00e0 convocati i gruppi parlamentari e le conferenze dei Presidenti dei gruppi parlamentari di Camera e Senato. La dichiarazione del Quirinale sulla crisi \u00e8 stata politicamente irrilevante, il che stona con il quadro costituzionale e con le prassi in tema di crisi di governo.<\/p>\n<p>Inoltre, la decisone di anticipare la volont\u00e0 di dimettersi prima dello svolgimento del Consiglio dei ministri appare una scelta ultronea rispetto al ruolo di \u201c<em>primus inter pares<\/em>\u201d che ricopre il Presidente del Consiglio (e quindi poco corretta nei confronti dei ministri).<\/p>\n<p>Il Presidente della Repubblica appare propenso a non accelerare la crisi e ci\u00f2 pare confermato dal calendario delle consultazioni (di ben tre giorni). Rispetto al passato (ad esempio nel 2019 in un giorno e mezzo Mattarella termin\u00f2 di ascoltare i consultati e il centro-destra si era addirittura presentato separato, a differenza di oggi), il Quirinale sta tentando di decongestionare la crisi, concedendo pi\u00f9 tempo per tentare accordi tra i partiti. Probabilmente un incarico sar\u00e0 conferito venerd\u00ec, in modo che l\u2019incaricato possa sfruttare anche il fine settimana, con una crisi che durer\u00e0 (\u201cufficialmente\u201d) almeno una settimana. Va sottolineato, per\u00f2, che Italia Viva ha ritirato le ministre lo scorso 13 gennaio (momento che non a caso il sito del Quirinale ha riportato nella pagina \u201cConsultazioni 2021\u201d) e Conte, dopo aver ottenuto la fiducia, ha atteso circa una settimana prima di dimettersi. La crisi potrebbe tenere banco, quindi, per pi\u00f9 di 20 giorni. Tempo che \u00e8 stato e sar\u00e0 sfruttato per cercare di allargare la maggioranza.<\/p>\n<p>Bisogna sottolineare che la <a href=\"http:\/\/www.lacostituzione.info\/index.php\/2021\/01\/28\/un-parlamento-che-non-sa-rispettare-le-regole-che-si-e-dato\/\">costituzione del nuovo gruppo al Senato \u201cEuropeisti \u2013 MAIE \u2013 Centro Democratico\u201d<\/a> ha comportato la modifica del calendario delle consultazioni. Inizialmente, il Gruppo misto doveva essere sentito in maniera asimmetrica: a quello del Senato erano attribuite ben 2 ore (10:30-12:30), mentre a quello della Camera solo 45 minuti. Con la formazione del gruppo \u201cEuropeisti\u201d, l\u2019esigenza \u00e8 cambiata e cos\u00ec \u00e8 stato modificato il calendario. Certo \u00e8 assai singolare una modifica ad un calendario gi\u00e0 pubblicato, a seguito di un gruppo parlamentare nato a consultazioni gi\u00e0 programmate.<\/p>\n<p>Le considerazioni precedenti delineano il ruolo che il capo dello Stato si trova a svolgere: un contributo essenziale e insostituibile al recupero delle piene funzionalit\u00e0 del sistema. Egli deve poter vagliare le proposte di soluzione avanzate dai partiti, ma deve anche individuare i nodi problematici che rendono difficoltosa la ricomposizione di una maggioranza sufficientemente compatta. Viene cos\u00ec a delinearsi un vero e proprio \u201cpotere presidenziale della crisi\u201d, in cui il capo dello Stato debba poter godere della pi\u00f9 ampia discrezionalit\u00e0 possibile. Il capo dello Stato ha il compito di restaurare l\u2019operativit\u00e0 del raccordo Governo-Parlamento e di conseguenza ha il dovere di superare le crisi politiche nel pi\u00f9 breve tempo possibile e deve cercare di assecondare il coagularsi di una nuova maggioranza. Ma per fare tutto ci\u00f2 \u00e8 necessario che sia il Presidente della Repubblica a gestire le tempistiche della crisi e non Palazzo Chigi.<\/p>\n<p>* Assegnista di ricerca in Diritto pubblico comparato presso l\u2019Universit\u00e0 di Firenze<\/p>\n","protected":false},"excerpt":{"rendered":"<p>di Marco Cecili* La crisi di governo che ci apprestiamo a seguire presenta, almeno nelle prime fasi, alcune interessanti questioni.<\/p>\n<div class='heateorSssClear'><\/div><div  class='heateor_sss_sharing_container heateor_sss_horizontal_sharing' data-heateor-sss-href='https:\/\/www.lacostituzione.info\/index.php\/2021\/01\/28\/la-crisi-del-governo-conte-ii-forme-e-tempistiche\/'><div class='heateor_sss_sharing_title' style=\"font-weight:bold\" >Condividi!<\/div><div class=\"heateor_sss_sharing_ul\"><a aria-label=\"Facebook\" class=\"heateor_sss_facebook\" href=\"https:\/\/www.facebook.com\/sharer\/sharer.php?u=https%3A%2F%2Fwww.lacostituzione.info%2Findex.php%2F2021%2F01%2F28%2Fla-crisi-del-governo-conte-ii-forme-e-tempistiche%2F\" title=\"Facebook\" rel=\"nofollow noopener\" target=\"_blank\" style=\"font-size:32px!important;box-shadow:none;display:inline-block;vertical-align:middle\"><span class=\"heateor_sss_svg\" style=\"background-color:#0765FE;width:35px;height:35px;display:inline-block;opacity:1;float:left;font-size:32px;box-shadow:none;display:inline-block;font-size:16px;padding:0 4px;vertical-align:middle;background-repeat:repeat;overflow:hidden;padding:0;cursor:pointer;box-sizing:content-box\"><svg style=\"display:block;\" focusable=\"false\" aria-hidden=\"true\" xmlns=\"http:\/\/www.w3.org\/2000\/svg\" width=\"100%\" height=\"100%\" viewBox=\"0 0 32 32\"><path fill=\"#fff\" d=\"M28 16c0-6.627-5.373-12-12-12S4 9.373 4 16c0 5.628 3.875 10.35 9.101 11.647v-7.98h-2.474V16H13.1v-1.58c0-4.085 1.849-5.978 5.859-5.978.76 0 2.072.15 2.608.298v3.325c-.283-.03-.775-.045-1.386-.045-1.967 0-2.728.745-2.728 2.683V16h3.92l-.673 3.667h-3.247v8.245C23.395 27.195 28 22.135 28 16Z\"><\/path><\/svg><\/span><\/a><a aria-label=\"Twitter\" class=\"heateor_sss_button_twitter\" href=\"https:\/\/twitter.com\/intent\/tweet?text=La%20crisi%20del%20governo%20Conte%20II%3A%20forme%20e%20tempistiche&url=https%3A%2F%2Fwww.lacostituzione.info%2Findex.php%2F2021%2F01%2F28%2Fla-crisi-del-governo-conte-ii-forme-e-tempistiche%2F\" title=\"Twitter\" rel=\"nofollow noopener\" target=\"_blank\" style=\"font-size:32px!important;box-shadow:none;display:inline-block;vertical-align:middle\"><span class=\"heateor_sss_svg heateor_sss_s__default heateor_sss_s_twitter\" style=\"background-color:#55acee;width:35px;height:35px;display:inline-block;opacity:1;float:left;font-size:32px;box-shadow:none;display:inline-block;font-size:16px;padding:0 4px;vertical-align:middle;background-repeat:repeat;overflow:hidden;padding:0;cursor:pointer;box-sizing:content-box\"><svg style=\"display:block;\" focusable=\"false\" aria-hidden=\"true\" xmlns=\"http:\/\/www.w3.org\/2000\/svg\" width=\"100%\" height=\"100%\" viewBox=\"-4 -4 39 39\"><path d=\"M28 8.557a9.913 9.913 0 0 1-2.828.775 4.93 4.93 0 0 0 2.166-2.725 9.738 9.738 0 0 1-3.13 1.194 4.92 4.92 0 0 0-3.593-1.55 4.924 4.924 0 0 0-4.794 6.049c-4.09-.21-7.72-2.17-10.15-5.15a4.942 4.942 0 0 0-.665 2.477c0 1.71.87 3.214 2.19 4.1a4.968 4.968 0 0 1-2.23-.616v.06c0 2.39 1.7 4.38 3.952 4.83-.414.115-.85.174-1.297.174-.318 0-.626-.03-.928-.086a4.935 4.935 0 0 0 4.6 3.42 9.893 9.893 0 0 1-6.114 2.107c-.398 0-.79-.023-1.175-.068a13.953 13.953 0 0 0 7.55 2.213c9.056 0 14.01-7.507 14.01-14.013 0-.213-.005-.426-.015-.637.96-.695 1.795-1.56 2.455-2.55z\" fill=\"#fff\"><\/path><\/svg><\/span><\/a><a aria-label=\"Reddit\" class=\"heateor_sss_button_reddit\" href=\"https:\/\/reddit.com\/submit?url=https%3A%2F%2Fwww.lacostituzione.info%2Findex.php%2F2021%2F01%2F28%2Fla-crisi-del-governo-conte-ii-forme-e-tempistiche%2F&title=La%20crisi%20del%20governo%20Conte%20II%3A%20forme%20e%20tempistiche\" title=\"Reddit\" rel=\"nofollow noopener\" target=\"_blank\" style=\"font-size:32px!important;box-shadow:none;display:inline-block;vertical-align:middle\"><span class=\"heateor_sss_svg heateor_sss_s__default heateor_sss_s_reddit\" style=\"background-color:#ff5700;width:35px;height:35px;display:inline-block;opacity:1;float:left;font-size:32px;box-shadow:none;display:inline-block;font-size:16px;padding:0 4px;vertical-align:middle;background-repeat:repeat;overflow:hidden;padding:0;cursor:pointer;box-sizing:content-box\"><svg style=\"display:block;\" focusable=\"false\" aria-hidden=\"true\" xmlns=\"http:\/\/www.w3.org\/2000\/svg\" width=\"100%\" height=\"100%\" viewBox=\"-3.5 -3.5 39 39\"><path d=\"M28.543 15.774a2.953 2.953 0 0 0-2.951-2.949 2.882 2.882 0 0 0-1.9.713 14.075 14.075 0 0 0-6.85-2.044l1.38-4.349 3.768.884a2.452 2.452 0 1 0 .24-1.176l-4.274-1a.6.6 0 0 0-.709.4l-1.659 5.224a14.314 14.314 0 0 0-7.316 2.029 2.908 2.908 0 0 0-1.872-.681 2.942 2.942 0 0 0-1.618 5.4 5.109 5.109 0 0 0-.062.765c0 4.158 5.037 7.541 11.229 7.541s11.22-3.383 11.22-7.541a5.2 5.2 0 0 0-.053-.706 2.963 2.963 0 0 0 1.427-2.51zm-18.008 1.88a1.753 1.753 0 0 1 1.73-1.74 1.73 1.73 0 0 1 1.709 1.74 1.709 1.709 0 0 1-1.709 1.711 1.733 1.733 0 0 1-1.73-1.711zm9.565 4.968a5.573 5.573 0 0 1-4.081 1.272h-.032a5.576 5.576 0 0 1-4.087-1.272.6.6 0 0 1 .844-.854 4.5 4.5 0 0 0 3.238.927h.032a4.5 4.5 0 0 0 3.237-.927.6.6 0 1 1 .844.854zm-.331-3.256a1.726 1.726 0 1 1 1.709-1.712 1.717 1.717 0 0 1-1.712 1.712z\" fill=\"#fff\"\/><\/svg><\/span><\/a><a aria-label=\"Linkedin\" class=\"heateor_sss_button_linkedin\" href=\"https:\/\/www.linkedin.com\/sharing\/share-offsite\/?url=https%3A%2F%2Fwww.lacostituzione.info%2Findex.php%2F2021%2F01%2F28%2Fla-crisi-del-governo-conte-ii-forme-e-tempistiche%2F\" title=\"Linkedin\" rel=\"nofollow noopener\" target=\"_blank\" style=\"font-size:32px!important;box-shadow:none;display:inline-block;vertical-align:middle\"><span class=\"heateor_sss_svg heateor_sss_s__default heateor_sss_s_linkedin\" style=\"background-color:#0077b5;width:35px;height:35px;display:inline-block;opacity:1;float:left;font-size:32px;box-shadow:none;display:inline-block;font-size:16px;padding:0 4px;vertical-align:middle;background-repeat:repeat;overflow:hidden;padding:0;cursor:pointer;box-sizing:content-box\"><svg style=\"display:block;\" focusable=\"false\" aria-hidden=\"true\" xmlns=\"http:\/\/www.w3.org\/2000\/svg\" width=\"100%\" height=\"100%\" viewBox=\"0 0 32 32\"><path d=\"M6.227 12.61h4.19v13.48h-4.19V12.61zm2.095-6.7a2.43 2.43 0 0 1 0 4.86c-1.344 0-2.428-1.09-2.428-2.43s1.084-2.43 2.428-2.43m4.72 6.7h4.02v1.84h.058c.56-1.058 1.927-2.176 3.965-2.176 4.238 0 5.02 2.792 5.02 6.42v7.395h-4.183v-6.56c0-1.564-.03-3.574-2.178-3.574-2.18 0-2.514 1.7-2.514 3.46v6.668h-4.187V12.61z\" fill=\"#fff\"><\/path><\/svg><\/span><\/a><a aria-label=\"Pinterest\" class=\"heateor_sss_button_pinterest\" href=\"https:\/\/www.lacostituzione.info\/index.php\/2021\/01\/28\/la-crisi-del-governo-conte-ii-forme-e-tempistiche\/\" onclick=\"event.preventDefault();javascript:void( (function() {var e=document.createElement('script' );e.setAttribute('type','text\/javascript' );e.setAttribute('charset','UTF-8' );e.setAttribute('src','\/\/assets.pinterest.com\/js\/pinmarklet.js?r='+Math.random()*99999999);document.body.appendChild(e)})());\" title=\"Pinterest\" rel=\"noopener\" style=\"font-size:32px!important;box-shadow:none;display:inline-block;vertical-align:middle\"><span class=\"heateor_sss_svg heateor_sss_s__default heateor_sss_s_pinterest\" style=\"background-color:#cc2329;width:35px;height:35px;display:inline-block;opacity:1;float:left;font-size:32px;box-shadow:none;display:inline-block;font-size:16px;padding:0 4px;vertical-align:middle;background-repeat:repeat;overflow:hidden;padding:0;cursor:pointer;box-sizing:content-box\"><svg style=\"display:block;\" focusable=\"false\" aria-hidden=\"true\" xmlns=\"http:\/\/www.w3.org\/2000\/svg\" width=\"100%\" height=\"100%\" viewBox=\"-2 -2 35 35\"><path fill=\"#fff\" d=\"M16.539 4.5c-6.277 0-9.442 4.5-9.442 8.253 0 2.272.86 4.293 2.705 5.046.303.125.574.005.662-.33.061-.231.205-.816.27-1.06.088-.331.053-.447-.191-.736-.532-.627-.873-1.439-.873-2.591 0-3.338 2.498-6.327 6.505-6.327 3.548 0 5.497 2.168 5.497 5.062 0 3.81-1.686 7.025-4.188 7.025-1.382 0-2.416-1.142-2.085-2.545.397-1.674 1.166-3.48 1.166-4.689 0-1.081-.581-1.983-1.782-1.983-1.413 0-2.548 1.462-2.548 3.419 0 1.247.421 2.091.421 2.091l-1.699 7.199c-.505 2.137-.076 4.755-.039 5.019.021.158.223.196.314.077.13-.17 1.813-2.247 2.384-4.324.162-.587.929-3.631.929-3.631.46.876 1.801 1.646 3.227 1.646 4.247 0 7.128-3.871 7.128-9.053.003-3.918-3.317-7.568-8.361-7.568z\"\/><\/svg><\/span><\/a><a aria-label=\"Whatsapp\" class=\"heateor_sss_whatsapp\" href=\"https:\/\/api.whatsapp.com\/send?text=La%20crisi%20del%20governo%20Conte%20II%3A%20forme%20e%20tempistiche%20https%3A%2F%2Fwww.lacostituzione.info%2Findex.php%2F2021%2F01%2F28%2Fla-crisi-del-governo-conte-ii-forme-e-tempistiche%2F\" title=\"Whatsapp\" rel=\"nofollow noopener\" target=\"_blank\" style=\"font-size:32px!important;box-shadow:none;display:inline-block;vertical-align:middle\"><span class=\"heateor_sss_svg\" style=\"background-color:#55eb4c;width:35px;height:35px;display:inline-block;opacity:1;float:left;font-size:32px;box-shadow:none;display:inline-block;font-size:16px;padding:0 4px;vertical-align:middle;background-repeat:repeat;overflow:hidden;padding:0;cursor:pointer;box-sizing:content-box\"><svg style=\"display:block;\" focusable=\"false\" aria-hidden=\"true\" xmlns=\"http:\/\/www.w3.org\/2000\/svg\" width=\"100%\" height=\"100%\" viewBox=\"-6 -5 40 40\"><path class=\"heateor_sss_svg_stroke heateor_sss_no_fill\" stroke=\"#fff\" stroke-width=\"2\" fill=\"none\" d=\"M 11.579798566743314 24.396926207859085 A 10 10 0 1 0 6.808479557110079 20.73576436351046\"><\/path><path d=\"M 7 19 l -1 6 l 6 -1\" class=\"heateor_sss_no_fill heateor_sss_svg_stroke\" stroke=\"#fff\" stroke-width=\"2\" fill=\"none\"><\/path><path d=\"M 10 10 q -1 8 8 11 c 5 -1 0 -6 -1 -3 q -4 -3 -5 -5 c 4 -2 -1 -5 -1 -4\" fill=\"#fff\"><\/path><\/svg><\/span><\/a><\/div><div class=\"heateorSssClear\"><\/div><\/div><div class='heateorSssClear'><\/div>","protected":false},"author":1,"featured_media":0,"comment_status":"open","ping_status":"open","sticky":false,"template":"","format":"standard","meta":{"jetpack_post_was_ever_published":false,"_jetpack_newsletter_access":"","_jetpack_dont_email_post_to_subs":false,"_jetpack_newsletter_tier_id":0,"_jetpack_memberships_contains_paywalled_content":false,"_jetpack_memberships_contains_paid_content":false,"footnotes":"","jetpack_publicize_message":"","jetpack_publicize_feature_enabled":true,"jetpack_social_post_already_shared":false,"jetpack_social_options":{"image_generator_settings":{"template":"highway","default_image_id":0,"enabled":false},"version":2}},"categories":[5],"tags":[179,931,1286,761],"class_list":["post-7589","post","type-post","status-publish","format-standard","hentry","category-lavori-in-corso","tag-crisi-di-governo","tag-dimissioni","tag-governo-conte","tag-mattarella"],"jetpack_publicize_connections":[],"jetpack_featured_media_url":"","jetpack_shortlink":"https:\/\/wp.me\/p84sDq-1Yp","jetpack_likes_enabled":true,"jetpack_sharing_enabled":true,"_links":{"self":[{"href":"https:\/\/www.lacostituzione.info\/index.php\/wp-json\/wp\/v2\/posts\/7589","targetHints":{"allow":["GET"]}}],"collection":[{"href":"https:\/\/www.lacostituzione.info\/index.php\/wp-json\/wp\/v2\/posts"}],"about":[{"href":"https:\/\/www.lacostituzione.info\/index.php\/wp-json\/wp\/v2\/types\/post"}],"author":[{"embeddable":true,"href":"https:\/\/www.lacostituzione.info\/index.php\/wp-json\/wp\/v2\/users\/1"}],"replies":[{"embeddable":true,"href":"https:\/\/www.lacostituzione.info\/index.php\/wp-json\/wp\/v2\/comments?post=7589"}],"version-history":[{"count":0,"href":"https:\/\/www.lacostituzione.info\/index.php\/wp-json\/wp\/v2\/posts\/7589\/revisions"}],"wp:attachment":[{"href":"https:\/\/www.lacostituzione.info\/index.php\/wp-json\/wp\/v2\/media?parent=7589"}],"wp:term":[{"taxonomy":"category","embeddable":true,"href":"https:\/\/www.lacostituzione.info\/index.php\/wp-json\/wp\/v2\/categories?post=7589"},{"taxonomy":"post_tag","embeddable":true,"href":"https:\/\/www.lacostituzione.info\/index.php\/wp-json\/wp\/v2\/tags?post=7589"}],"curies":[{"name":"wp","href":"https:\/\/api.w.org\/{rel}","templated":true}]}}