{"id":7592,"date":"2021-01-30T11:23:28","date_gmt":"2021-01-30T10:23:28","guid":{"rendered":"http:\/\/www.lacostituzione.info\/?p=7592"},"modified":"2021-01-30T11:26:38","modified_gmt":"2021-01-30T10:26:38","slug":"il-minuetto-della-politica-e-le-strade-costituzionali-per-uscire-dalla-crisi","status":"publish","type":"post","link":"https:\/\/www.lacostituzione.info\/index.php\/2021\/01\/30\/il-minuetto-della-politica-e-le-strade-costituzionali-per-uscire-dalla-crisi\/","title":{"rendered":"Il minuetto della politica e le strade costituzionali per uscire dalla crisi"},"content":{"rendered":"\n<p>di\u00a0<strong>Antonio D&#8217;Andrea<a href=\"http:\/\/www.lacostituzione.info\/wp-content\/uploads\/2021\/01\/minuetto.jpg\"><img loading=\"lazy\" decoding=\"async\" data-attachment-id=\"7593\" data-permalink=\"https:\/\/www.lacostituzione.info\/index.php\/2021\/01\/30\/il-minuetto-della-politica-e-le-strade-costituzionali-per-uscire-dalla-crisi\/minuetto\/#main\" data-orig-file=\"https:\/\/www.lacostituzione.info\/wp-content\/uploads\/2021\/01\/minuetto.jpg\" data-orig-size=\"231,218\" data-comments-opened=\"1\" data-image-meta=\"{&quot;aperture&quot;:&quot;0&quot;,&quot;credit&quot;:&quot;&quot;,&quot;camera&quot;:&quot;&quot;,&quot;caption&quot;:&quot;&quot;,&quot;created_timestamp&quot;:&quot;0&quot;,&quot;copyright&quot;:&quot;&quot;,&quot;focal_length&quot;:&quot;0&quot;,&quot;iso&quot;:&quot;0&quot;,&quot;shutter_speed&quot;:&quot;0&quot;,&quot;title&quot;:&quot;&quot;,&quot;orientation&quot;:&quot;0&quot;}\" data-image-title=\"minuetto\" data-image-description=\"\" data-image-caption=\"\" data-medium-file=\"https:\/\/www.lacostituzione.info\/wp-content\/uploads\/2021\/01\/minuetto.jpg\" data-large-file=\"https:\/\/www.lacostituzione.info\/wp-content\/uploads\/2021\/01\/minuetto.jpg\" class=\"alignright size-thumbnail wp-image-7593\" src=\"http:\/\/www.lacostituzione.info\/wp-content\/uploads\/2021\/01\/minuetto-150x150.jpg\" alt=\"\" width=\"150\" height=\"150\" \/><\/a><\/strong><\/p>\n<p>L\u2019insopportabile minuetto delle forze politiche della maggioranza parlamentare che ha sostenuto il II Governo Conte (dimessosi per evitare<!--more--> la bocciatura al Senato della relazione del Ministro della giustizia, dopo aver incassato \u2013 anche al Senato sia pure con numeri risicati \u2013 la riconferma della fiducia costituzionalmente necessaria, pur dopo il \u201critiro\u201d della componente renziana), sembra il patetico tentativo di rendere seria una cosa che non lo \u00e8 affatto, almeno se si guarda alla sostanza costituzionale della vicenda. Occorre, in ogni caso, che qualcuno dica ai \u201cballerini\u201d che farebbero bene a smettere di dimenarsi evitando di apparire goffi e patetici agli occhi imbarazzati di chi guarda, suo malgrado, lo spettacolo offerto e desidera perci\u00f2 che i musicanti ripongano i loro strumenti e cali il silenzio.<\/p>\n<p>Non \u00e8 una cosa seria la determinazione manifestata dai discepoli del sen. Renzi, ormai accreditato solo da qualche azzimato notista politico di capacit\u00e0 strategica di grande respiro politico-istituzionale, quasi addirittura di lucidit\u00e0 \u201csuperiore\u201d nel porre questioni sostanziali di interesse nazionale e oltre, eluse dalla compagine ministeriale della quale hanno fatto parte sino a qualche giorno fa alcuni suoi plenipotenziari in realt\u00e0 da posizioni abbastanza di rincalzo.<\/p>\n<p>Non \u00e8 una cosa drammatica per il Paese constatare una certa disinvoltura mostrata dal dimissionario Presidente Conte (dimissionario <em>ex ante<\/em> rispetto al voto sulla relazione del Guardasigilli ed <em>ex post<\/em> dopo aver comunque richiesto e ottenuto la fiducia in entrambe le Camere) nell\u2019ignorare che il suo accresciuto \u2013 lasciamo perdere perch\u00e9 \u2013 \u00a0potere politico-mediatico \u00e8 da tempo mal tollerato all\u2019interno dei gruppi pentastellati che, distogliendolo dalla sua lucrosa attivit\u00e0 professionale e dai suoi brillanti studi di diritto civile, lo avevano strumentalmente indicato quale \u201cpunto di equilibrio\u201d di due diverse coalizioni governative di cui quel movimento \u00e8 entrato a fare parte come forza di maggioranza relativa.<\/p>\n<p>\u00a0Non \u00e8 una cosa sorprendente il tentativo di mettere in atto l\u2019ennesima operazione di compensazione numerica in soccorso di un\u00a0 Governo \u201cin difficolt\u00e0\u201d promuovendo da Palazzo Chigi passaggi di personale parlamentare di secondo livello da un gruppo all\u2019altro se non addirittura la formazione di un gruppo parlamentare <em>ad hoc<\/em> anche derogando, come pur \u00e8 stato scritto, alle severe regole interne che proprio il Senato aveva voluto darsi nella passata Legislatura, cos\u00ec da allontanare lo spettro di una anticipata conclusione della corrente Legislatura che per molti deputati e senatori ovunque collocati rappresenta l\u2019ultima occasione per fruire di un\u2019ottima paga collegata ad un lavoro ancora socialmente riconosciuto come importante.<\/p>\n<p>Non \u00e8 neppure una novit\u00e0 constatare modalit\u00e0 di discutibile, inelegante per cos\u00ec dire, approccio istituzionale della parte pi\u00f9 lanciata e consistente dell\u2019opposizione nel richiedere, in verit\u00e0 da ben oltre un anno, le elezioni anticipate pur sapendo che questa evenienza, sempre collegata alle cangianti vicende parlamentari e alle conclusive determinazioni del Capo dello Stato, nel pieno manifestarsi della pandemia e della complicata \u201ccampagna vaccinale\u201d(e a parte la gestione del possibile cospicuo finanziamento europeo collegato a questa\u00a0 catastrofe sanitaria ed economica), sarebbe meglio fosse \u201ccongelata\u201d per provare a condividere \u2013 certamente anche condizionando \u2013 scelte sperabilmente oculate da fare metabolizzare e accettare alla comunit\u00e0 nazionale, come in genere \u00a0accade in altre democrazie europee\u00a0 con le quali condividiamo istituzioni sovranazionali destinate a sopravvivere alle nostre imprevedibili \u201cbeghe\u201d interne.<\/p>\n<p>Non \u00e8 parsa neppure cosa particolarmente sorprendente e anzi del tutto in linea con le attese, la mossa del Presidente Mattarella di promuovere una specie di mandato esplorativo a tempo lungo (?) per risolvere la crisi \u201ca partire\u201d dalla riconferma della maggioranza giallo-rossa con renziani dentro, attivando alla bisogna il Presidente della Camera, esponente di una corrente minoritaria di quel che resta del movimento ex grillino gi\u00e0 evocato direttamente negli \u201cambienti\u201d del geniale promoter della attuale crisi e accreditato quale primo \u2013 magari anche ultimo \u2013 interlocutore cui affidarsi per provare a ricompattare la maggioranza uscente. Questa scelta tuttavia a me \u00e8 parsa amplificare erroneamente il tatticismo fine a s\u00e9 stesso di prestigiatori incastonati sulla scena politica nostrana con i loro valletti di supporto. Vedremo come andr\u00e0 a finire!<\/p>\n<p>In effetti se la \u201cvecchia\u201d maggioranza parlamentare si profila ancora adesso all\u2019orizzonte, come parrebbe o potrebbe emergere dalla stessa richiamata iniziativa presidenziale, si sarebbe forse potuto subito chiedere al Presidente Conte di tornare senza indugio dinanzi al Senato (dove \u00e8 emerso il problema di tenuta numerica) promuovendo un nuovo, esaustivo dibattito alla presenza dei gruppi, anche quello appena formatosi appositamente per sostenere l\u2019attuale<em> leadership<\/em> governativa, arrivando ad un voto esplicito in grado di confermare o meno \u2013 una volta per tutte \u2013 \u00a0la fiducia al suo Esecutivo. Ottenuta, a maggioranza semplice, la fiducia \u00e8 ovvio che, se qualche delibera promossa dal Governo viene respinta \u2013 questo vale sempre, anche alla Camera dove i numeri non sono mai mancati al II Governo Conte \u2013 l\u2019Esecutivo ne dovrebbe prendere atto preoccupandosi di cambiare indirizzo ma non gi\u00e0 di dimettersi a seguito del dissenso emerso nella sede parlamentare. Tuttavia se il problema di tenuta della maggioranza dipende dalla presenza o meno di un Ministro in carica sarebbe sempre possibile non solo azionare la sfiducia individuale, prevista da regole interne di ciascuna Camera, ma anche mettere in campo, magari sollecitandole, iniziative ad opera dello stesso Presidente del Consiglio: a parte il c.d. rimpasto, vale a dire la sostituzione concordata all\u2019interno della stessa maggioranza di qualche ministro o la loro diversa collocazione negli incarichi, sono molti tra i costituzionalisti pi\u00f9 autorevoli che ritengono compatibile con il dettato costituzionale la stessa proposta di revoca ministeriale\u00a0 indirizzata al Capo dello Stato.<\/p>\n<p>Ho richiamato velocemente questi elementi di fondo solo per dire che un conto \u00e8 la sostituzione di uno o pi\u00f9 Ministri (incluso naturalmente il Guardasigilli) altro \u00e8 la permanenza in carica del Presidente del Consiglio e, in questo caso, di Conte, come \u00e8 sembrato essere richiesto, almeno in un primo momento, dalla componente renziana. In ogni caso se il problema continuasse ad essere la sostituzione del Presidente Conte e la stessa redistribuzione degli incarichi ministeriali cos\u00ec come attualmente ripartiti tra gli alleati, perch\u00e9 non recidere gli esasperati tatticismi da parte del Presidente Mattarella provocando, per quanto di sua competenza, un voto esplicito sulla guida del Governo senza lasciare che nessuno sfugga alle proprie responsabilit\u00e0 dinanzi al Paese? Se il Presidente Conte, una volta respinte dal Capo dello Stato le sue dimissioni volontarie e costituzionalmente non dovute, richiesto di andare al Senato non lo facesse o fosse in effetti sfiduciato, magari senza pi\u00f9 compiacenti astensioni, allora s\u00ec che la crisi sarebbe ampiamente giustificata per fatti concludenti e aprirebbe in modo chiaro a tutti il problema della leadership di questa maggioranza e, correlativamente, del futuro della corrente Legislatura.<\/p>\n<p>Basta perci\u00f2 stucchevoli minuetti accompagnati peraltro da toni apocalittici, le strade nel nostro ordinamento per fare rapidamente chiarezza ci sono e vanno percorse tanto pi\u00f9 che il Paese appare stremato per altre ben pi\u00f9 serie ragioni che non sono n\u00e9 il braccio di ferro Conte-Renzi n\u00e9 lo scontro latente, sopito ma sempre vivido all\u2019interno del M5S n\u00e9 lo stesso destino dei moderati europeisti collocati, pare con qualche disagio, \u00a0all\u2019interno dello schieramento di centro-destra a trazione sovranista.<\/p>\n","protected":false},"excerpt":{"rendered":"<p>di\u00a0Antonio D&#8217;Andrea L\u2019insopportabile minuetto delle forze politiche della maggioranza parlamentare che ha sostenuto il II Governo Conte (dimessosi per evitare<\/p>\n<div class='heateorSssClear'><\/div><div  class='heateor_sss_sharing_container heateor_sss_horizontal_sharing' data-heateor-sss-href='https:\/\/www.lacostituzione.info\/index.php\/2021\/01\/30\/il-minuetto-della-politica-e-le-strade-costituzionali-per-uscire-dalla-crisi\/'><div class='heateor_sss_sharing_title' style=\"font-weight:bold\" >Condividi!<\/div><div class=\"heateor_sss_sharing_ul\"><a aria-label=\"Facebook\" class=\"heateor_sss_facebook\" href=\"https:\/\/www.facebook.com\/sharer\/sharer.php?u=https%3A%2F%2Fwww.lacostituzione.info%2Findex.php%2F2021%2F01%2F30%2Fil-minuetto-della-politica-e-le-strade-costituzionali-per-uscire-dalla-crisi%2F\" title=\"Facebook\" rel=\"nofollow noopener\" target=\"_blank\" style=\"font-size:32px!important;box-shadow:none;display:inline-block;vertical-align:middle\"><span class=\"heateor_sss_svg\" style=\"background-color:#0765FE;width:35px;height:35px;display:inline-block;opacity:1;float:left;font-size:32px;box-shadow:none;display:inline-block;font-size:16px;padding:0 4px;vertical-align:middle;background-repeat:repeat;overflow:hidden;padding:0;cursor:pointer;box-sizing:content-box\"><svg style=\"display:block;\" focusable=\"false\" aria-hidden=\"true\" xmlns=\"http:\/\/www.w3.org\/2000\/svg\" width=\"100%\" height=\"100%\" viewBox=\"0 0 32 32\"><path fill=\"#fff\" d=\"M28 16c0-6.627-5.373-12-12-12S4 9.373 4 16c0 5.628 3.875 10.35 9.101 11.647v-7.98h-2.474V16H13.1v-1.58c0-4.085 1.849-5.978 5.859-5.978.76 0 2.072.15 2.608.298v3.325c-.283-.03-.775-.045-1.386-.045-1.967 0-2.728.745-2.728 2.683V16h3.92l-.673 3.667h-3.247v8.245C23.395 27.195 28 22.135 28 16Z\"><\/path><\/svg><\/span><\/a><a aria-label=\"Twitter\" class=\"heateor_sss_button_twitter\" href=\"https:\/\/twitter.com\/intent\/tweet?text=Il%20minuetto%20della%20politica%20e%20le%20strade%20costituzionali%20per%20uscire%20dalla%20crisi&url=https%3A%2F%2Fwww.lacostituzione.info%2Findex.php%2F2021%2F01%2F30%2Fil-minuetto-della-politica-e-le-strade-costituzionali-per-uscire-dalla-crisi%2F\" title=\"Twitter\" rel=\"nofollow noopener\" target=\"_blank\" style=\"font-size:32px!important;box-shadow:none;display:inline-block;vertical-align:middle\"><span class=\"heateor_sss_svg heateor_sss_s__default heateor_sss_s_twitter\" style=\"background-color:#55acee;width:35px;height:35px;display:inline-block;opacity:1;float:left;font-size:32px;box-shadow:none;display:inline-block;font-size:16px;padding:0 4px;vertical-align:middle;background-repeat:repeat;overflow:hidden;padding:0;cursor:pointer;box-sizing:content-box\"><svg style=\"display:block;\" focusable=\"false\" aria-hidden=\"true\" xmlns=\"http:\/\/www.w3.org\/2000\/svg\" width=\"100%\" height=\"100%\" viewBox=\"-4 -4 39 39\"><path d=\"M28 8.557a9.913 9.913 0 0 1-2.828.775 4.93 4.93 0 0 0 2.166-2.725 9.738 9.738 0 0 1-3.13 1.194 4.92 4.92 0 0 0-3.593-1.55 4.924 4.924 0 0 0-4.794 6.049c-4.09-.21-7.72-2.17-10.15-5.15a4.942 4.942 0 0 0-.665 2.477c0 1.71.87 3.214 2.19 4.1a4.968 4.968 0 0 1-2.23-.616v.06c0 2.39 1.7 4.38 3.952 4.83-.414.115-.85.174-1.297.174-.318 0-.626-.03-.928-.086a4.935 4.935 0 0 0 4.6 3.42 9.893 9.893 0 0 1-6.114 2.107c-.398 0-.79-.023-1.175-.068a13.953 13.953 0 0 0 7.55 2.213c9.056 0 14.01-7.507 14.01-14.013 0-.213-.005-.426-.015-.637.96-.695 1.795-1.56 2.455-2.55z\" fill=\"#fff\"><\/path><\/svg><\/span><\/a><a aria-label=\"Reddit\" class=\"heateor_sss_button_reddit\" href=\"https:\/\/reddit.com\/submit?url=https%3A%2F%2Fwww.lacostituzione.info%2Findex.php%2F2021%2F01%2F30%2Fil-minuetto-della-politica-e-le-strade-costituzionali-per-uscire-dalla-crisi%2F&title=Il%20minuetto%20della%20politica%20e%20le%20strade%20costituzionali%20per%20uscire%20dalla%20crisi\" title=\"Reddit\" rel=\"nofollow noopener\" target=\"_blank\" style=\"font-size:32px!important;box-shadow:none;display:inline-block;vertical-align:middle\"><span class=\"heateor_sss_svg heateor_sss_s__default heateor_sss_s_reddit\" style=\"background-color:#ff5700;width:35px;height:35px;display:inline-block;opacity:1;float:left;font-size:32px;box-shadow:none;display:inline-block;font-size:16px;padding:0 4px;vertical-align:middle;background-repeat:repeat;overflow:hidden;padding:0;cursor:pointer;box-sizing:content-box\"><svg style=\"display:block;\" focusable=\"false\" aria-hidden=\"true\" xmlns=\"http:\/\/www.w3.org\/2000\/svg\" width=\"100%\" height=\"100%\" viewBox=\"-3.5 -3.5 39 39\"><path d=\"M28.543 15.774a2.953 2.953 0 0 0-2.951-2.949 2.882 2.882 0 0 0-1.9.713 14.075 14.075 0 0 0-6.85-2.044l1.38-4.349 3.768.884a2.452 2.452 0 1 0 .24-1.176l-4.274-1a.6.6 0 0 0-.709.4l-1.659 5.224a14.314 14.314 0 0 0-7.316 2.029 2.908 2.908 0 0 0-1.872-.681 2.942 2.942 0 0 0-1.618 5.4 5.109 5.109 0 0 0-.062.765c0 4.158 5.037 7.541 11.229 7.541s11.22-3.383 11.22-7.541a5.2 5.2 0 0 0-.053-.706 2.963 2.963 0 0 0 1.427-2.51zm-18.008 1.88a1.753 1.753 0 0 1 1.73-1.74 1.73 1.73 0 0 1 1.709 1.74 1.709 1.709 0 0 1-1.709 1.711 1.733 1.733 0 0 1-1.73-1.711zm9.565 4.968a5.573 5.573 0 0 1-4.081 1.272h-.032a5.576 5.576 0 0 1-4.087-1.272.6.6 0 0 1 .844-.854 4.5 4.5 0 0 0 3.238.927h.032a4.5 4.5 0 0 0 3.237-.927.6.6 0 1 1 .844.854zm-.331-3.256a1.726 1.726 0 1 1 1.709-1.712 1.717 1.717 0 0 1-1.712 1.712z\" fill=\"#fff\"\/><\/svg><\/span><\/a><a aria-label=\"Linkedin\" class=\"heateor_sss_button_linkedin\" href=\"https:\/\/www.linkedin.com\/sharing\/share-offsite\/?url=https%3A%2F%2Fwww.lacostituzione.info%2Findex.php%2F2021%2F01%2F30%2Fil-minuetto-della-politica-e-le-strade-costituzionali-per-uscire-dalla-crisi%2F\" title=\"Linkedin\" rel=\"nofollow noopener\" target=\"_blank\" style=\"font-size:32px!important;box-shadow:none;display:inline-block;vertical-align:middle\"><span class=\"heateor_sss_svg heateor_sss_s__default heateor_sss_s_linkedin\" style=\"background-color:#0077b5;width:35px;height:35px;display:inline-block;opacity:1;float:left;font-size:32px;box-shadow:none;display:inline-block;font-size:16px;padding:0 4px;vertical-align:middle;background-repeat:repeat;overflow:hidden;padding:0;cursor:pointer;box-sizing:content-box\"><svg style=\"display:block;\" focusable=\"false\" aria-hidden=\"true\" xmlns=\"http:\/\/www.w3.org\/2000\/svg\" width=\"100%\" height=\"100%\" viewBox=\"0 0 32 32\"><path d=\"M6.227 12.61h4.19v13.48h-4.19V12.61zm2.095-6.7a2.43 2.43 0 0 1 0 4.86c-1.344 0-2.428-1.09-2.428-2.43s1.084-2.43 2.428-2.43m4.72 6.7h4.02v1.84h.058c.56-1.058 1.927-2.176 3.965-2.176 4.238 0 5.02 2.792 5.02 6.42v7.395h-4.183v-6.56c0-1.564-.03-3.574-2.178-3.574-2.18 0-2.514 1.7-2.514 3.46v6.668h-4.187V12.61z\" fill=\"#fff\"><\/path><\/svg><\/span><\/a><a aria-label=\"Pinterest\" class=\"heateor_sss_button_pinterest\" href=\"https:\/\/www.lacostituzione.info\/index.php\/2021\/01\/30\/il-minuetto-della-politica-e-le-strade-costituzionali-per-uscire-dalla-crisi\/\" onclick=\"event.preventDefault();javascript:void( (function() {var e=document.createElement('script' );e.setAttribute('type','text\/javascript' );e.setAttribute('charset','UTF-8' );e.setAttribute('src','\/\/assets.pinterest.com\/js\/pinmarklet.js?r='+Math.random()*99999999);document.body.appendChild(e)})());\" title=\"Pinterest\" rel=\"noopener\" style=\"font-size:32px!important;box-shadow:none;display:inline-block;vertical-align:middle\"><span class=\"heateor_sss_svg heateor_sss_s__default heateor_sss_s_pinterest\" style=\"background-color:#cc2329;width:35px;height:35px;display:inline-block;opacity:1;float:left;font-size:32px;box-shadow:none;display:inline-block;font-size:16px;padding:0 4px;vertical-align:middle;background-repeat:repeat;overflow:hidden;padding:0;cursor:pointer;box-sizing:content-box\"><svg style=\"display:block;\" focusable=\"false\" aria-hidden=\"true\" xmlns=\"http:\/\/www.w3.org\/2000\/svg\" width=\"100%\" height=\"100%\" viewBox=\"-2 -2 35 35\"><path fill=\"#fff\" d=\"M16.539 4.5c-6.277 0-9.442 4.5-9.442 8.253 0 2.272.86 4.293 2.705 5.046.303.125.574.005.662-.33.061-.231.205-.816.27-1.06.088-.331.053-.447-.191-.736-.532-.627-.873-1.439-.873-2.591 0-3.338 2.498-6.327 6.505-6.327 3.548 0 5.497 2.168 5.497 5.062 0 3.81-1.686 7.025-4.188 7.025-1.382 0-2.416-1.142-2.085-2.545.397-1.674 1.166-3.48 1.166-4.689 0-1.081-.581-1.983-1.782-1.983-1.413 0-2.548 1.462-2.548 3.419 0 1.247.421 2.091.421 2.091l-1.699 7.199c-.505 2.137-.076 4.755-.039 5.019.021.158.223.196.314.077.13-.17 1.813-2.247 2.384-4.324.162-.587.929-3.631.929-3.631.46.876 1.801 1.646 3.227 1.646 4.247 0 7.128-3.871 7.128-9.053.003-3.918-3.317-7.568-8.361-7.568z\"\/><\/svg><\/span><\/a><a aria-label=\"Whatsapp\" class=\"heateor_sss_whatsapp\" href=\"https:\/\/api.whatsapp.com\/send?text=Il%20minuetto%20della%20politica%20e%20le%20strade%20costituzionali%20per%20uscire%20dalla%20crisi%20https%3A%2F%2Fwww.lacostituzione.info%2Findex.php%2F2021%2F01%2F30%2Fil-minuetto-della-politica-e-le-strade-costituzionali-per-uscire-dalla-crisi%2F\" title=\"Whatsapp\" rel=\"nofollow noopener\" target=\"_blank\" style=\"font-size:32px!important;box-shadow:none;display:inline-block;vertical-align:middle\"><span class=\"heateor_sss_svg\" style=\"background-color:#55eb4c;width:35px;height:35px;display:inline-block;opacity:1;float:left;font-size:32px;box-shadow:none;display:inline-block;font-size:16px;padding:0 4px;vertical-align:middle;background-repeat:repeat;overflow:hidden;padding:0;cursor:pointer;box-sizing:content-box\"><svg style=\"display:block;\" focusable=\"false\" aria-hidden=\"true\" xmlns=\"http:\/\/www.w3.org\/2000\/svg\" width=\"100%\" height=\"100%\" viewBox=\"-6 -5 40 40\"><path class=\"heateor_sss_svg_stroke heateor_sss_no_fill\" stroke=\"#fff\" stroke-width=\"2\" fill=\"none\" d=\"M 11.579798566743314 24.396926207859085 A 10 10 0 1 0 6.808479557110079 20.73576436351046\"><\/path><path d=\"M 7 19 l -1 6 l 6 -1\" class=\"heateor_sss_no_fill heateor_sss_svg_stroke\" stroke=\"#fff\" stroke-width=\"2\" fill=\"none\"><\/path><path d=\"M 10 10 q -1 8 8 11 c 5 -1 0 -6 -1 -3 q -4 -3 -5 -5 c 4 -2 -1 -5 -1 -4\" fill=\"#fff\"><\/path><\/svg><\/span><\/a><\/div><div class=\"heateorSssClear\"><\/div><\/div><div class='heateorSssClear'><\/div>","protected":false},"author":16,"featured_media":0,"comment_status":"open","ping_status":"open","sticky":false,"template":"","format":"standard","meta":{"jetpack_post_was_ever_published":false,"_jetpack_newsletter_access":"","_jetpack_dont_email_post_to_subs":false,"_jetpack_newsletter_tier_id":0,"_jetpack_memberships_contains_paywalled_content":false,"_jetpack_memberships_contains_paid_content":false,"footnotes":"","jetpack_publicize_message":"","jetpack_publicize_feature_enabled":true,"jetpack_social_post_already_shared":false,"jetpack_social_options":{"image_generator_settings":{"template":"highway","default_image_id":0,"enabled":false},"version":2}},"categories":[4],"tags":[179,1286,113],"class_list":["post-7592","post","type-post","status-publish","format-standard","hentry","category-attualita","tag-crisi-di-governo","tag-governo-conte","tag-parlamento"],"jetpack_publicize_connections":[],"jetpack_featured_media_url":"","jetpack_shortlink":"https:\/\/wp.me\/p84sDq-1Ys","jetpack_likes_enabled":true,"jetpack_sharing_enabled":true,"_links":{"self":[{"href":"https:\/\/www.lacostituzione.info\/index.php\/wp-json\/wp\/v2\/posts\/7592","targetHints":{"allow":["GET"]}}],"collection":[{"href":"https:\/\/www.lacostituzione.info\/index.php\/wp-json\/wp\/v2\/posts"}],"about":[{"href":"https:\/\/www.lacostituzione.info\/index.php\/wp-json\/wp\/v2\/types\/post"}],"author":[{"embeddable":true,"href":"https:\/\/www.lacostituzione.info\/index.php\/wp-json\/wp\/v2\/users\/16"}],"replies":[{"embeddable":true,"href":"https:\/\/www.lacostituzione.info\/index.php\/wp-json\/wp\/v2\/comments?post=7592"}],"version-history":[{"count":0,"href":"https:\/\/www.lacostituzione.info\/index.php\/wp-json\/wp\/v2\/posts\/7592\/revisions"}],"wp:attachment":[{"href":"https:\/\/www.lacostituzione.info\/index.php\/wp-json\/wp\/v2\/media?parent=7592"}],"wp:term":[{"taxonomy":"category","embeddable":true,"href":"https:\/\/www.lacostituzione.info\/index.php\/wp-json\/wp\/v2\/categories?post=7592"},{"taxonomy":"post_tag","embeddable":true,"href":"https:\/\/www.lacostituzione.info\/index.php\/wp-json\/wp\/v2\/tags?post=7592"}],"curies":[{"name":"wp","href":"https:\/\/api.w.org\/{rel}","templated":true}]}}