{"id":7616,"date":"2021-02-08T10:52:46","date_gmt":"2021-02-08T09:52:46","guid":{"rendered":"http:\/\/www.lacostituzione.info\/?p=7616"},"modified":"2021-02-08T10:52:48","modified_gmt":"2021-02-08T09:52:48","slug":"contenzioso-climatico-illecito-civile-termodinamica","status":"publish","type":"post","link":"https:\/\/www.lacostituzione.info\/index.php\/2021\/02\/08\/contenzioso-climatico-illecito-civile-termodinamica\/","title":{"rendered":"Contenzioso climatico, illecito civile, termodinamica"},"content":{"rendered":"\n<p><a href=\"http:\/\/www.lacostituzione.info\/wp-content\/uploads\/2021\/02\/francia-clima.jpg\"><img loading=\"lazy\" decoding=\"async\" data-attachment-id=\"7617\" data-permalink=\"https:\/\/www.lacostituzione.info\/index.php\/2021\/02\/08\/contenzioso-climatico-illecito-civile-termodinamica\/francia-clima\/#main\" data-orig-file=\"https:\/\/www.lacostituzione.info\/wp-content\/uploads\/2021\/02\/francia-clima.jpg\" data-orig-size=\"1200,800\" data-comments-opened=\"1\" data-image-meta=\"{&quot;aperture&quot;:&quot;0&quot;,&quot;credit&quot;:&quot;&quot;,&quot;camera&quot;:&quot;&quot;,&quot;caption&quot;:&quot;&quot;,&quot;created_timestamp&quot;:&quot;0&quot;,&quot;copyright&quot;:&quot;&quot;,&quot;focal_length&quot;:&quot;0&quot;,&quot;iso&quot;:&quot;0&quot;,&quot;shutter_speed&quot;:&quot;0&quot;,&quot;title&quot;:&quot;&quot;,&quot;orientation&quot;:&quot;0&quot;}\" data-image-title=\"francia-clima\" data-image-description=\"\" data-image-caption=\"\" data-medium-file=\"https:\/\/www.lacostituzione.info\/wp-content\/uploads\/2021\/02\/francia-clima-300x200.jpg\" data-large-file=\"https:\/\/www.lacostituzione.info\/wp-content\/uploads\/2021\/02\/francia-clima-1024x683.jpg\" class=\"alignleft size-thumbnail wp-image-7617\" src=\"http:\/\/www.lacostituzione.info\/wp-content\/uploads\/2021\/02\/francia-clima-150x150.jpg\" alt=\"\" width=\"150\" height=\"150\" \/><\/a>di <strong>Michele Carducci<\/strong><\/p>\n<p>Il Governo francese \u00e8 stato condannato dal <a href=\"http:\/\/www.marinacastellaneta.it\/blog\/wp-content\/uploads\/2021\/02\/tribunal-administratif.pdf\">Tribunale Amministrativo di Parigi<\/a> per inadempimento climatico e risarcimento danni in corso, non avendo adottato misure idonee a ridurre effettivamente le emissioni di gas serra e contrastare\u00a0 riscaldamento globale e cambiamento climatico, in conformit\u00e0 con l<a href=\"https:\/\/unfccc.int\/process-and-meetings\/the-paris-agreement\/the-paris-agreement\">&#8216;Accordo di Parigi del 2015<\/a> e la <a href=\"https:\/\/unfccc.int\/process-and-meetings\/the-paris-agreement\/the-paris-agreement\">Convenzione quadro<\/a> delle Nazioni Unite sui cambiamenti climatici del 1992.<!--more--> La sentenza \u00e8 del 3 febbraio 2021 e ha accolto i ricorsi numeri 1904967, 1904968, 1904972, 1904976\/4-1, promossi da diverse associazioni e organizzazioni non governative, impegnate nel dibattito pubblico francese sulle politiche climatiche.<\/p>\n<p>La decisione \u00e8 stata immediatamente salutata come ennesima conferma della funzione &#8220;strategica&#8221; del contenzioso climatico contro la persistente <a href=\"https:\/\/www.jstor.org\/stable\/23606888?seq=1\" class=\"broken_link\">&#8220;cattura&#8221; del regolatore statale<\/a>, condizionato e schiacciato dai giganteschi interessi ruotanti intorno all&#8217;energia fossile, causa fondativa della concentrazione crescente di carbonio nell&#8217;atmosfera.<\/p>\n<p>\u00a0Del resto, persino l&#8217;<a href=\"https:\/\/www.unep.org\/resources\/report\/global-climate-litigation-report-2020-status-review\" class=\"broken_link\">UNEP<\/a> ha ufficialmente legittimato la &#8220;via giudiziale&#8221; alle politiche climatiche, per accelerare le risposte alla drammatica <a href=\"https:\/\/www.unenvironment.org\/explore-topics\/climate-change\/facts-about-climate-emergency\" class=\"broken_link\">emergenza climatica<\/a>.<\/p>\n<p>In effetti, anche la sentenza francese conferma una linea costante di questa &#8220;via giudiziale&#8221;: il richiamo alla scienza come vera e propria &#8220;riserva di competenza&#8221;, sottratta alla discrezionalit\u00e0 politica, e &#8220;limite&#8221; all&#8217;autonomia privata. Questo approccio ermeneutico e procedimentale, reso in Italia con la formula della &#8220;<a href=\"https:\/\/www.pacinieditore.it\/prodotto\/riserva-scienza-tutela-della-salute\/\">riserva di scienza<\/a>&#8220;, pone lo Stato e il privato di fronte a una contraddizione intrinseca: quella cio\u00e8 di sostenere di agire in modo trasparente e informato, negando per\u00f2 le risultanze che Istituzioni nazionali e internazionali, (di cui \u00e8 parte diretta o indiretta il medesimo Stato) ed evidenze offerte dalla ricerca scientifica (retoricamente richiamate anche dai privati nella pratica del c.d. <em><a href=\"https:\/\/ec.europa.eu\/info\/law\/better-regulation\/have-your-say\/initiatives\/12511-Environmental-claims-based-on-environmental-footprint-methods\">greenwashing<\/a><\/em>, offrono sul piano delle azioni e delle scelte necessarie da compiere (come, tra le altre, l&#8217;abbandono appunto del fossile per non sforare il bilancio di carbonio del pianeta).<\/p>\n<p>In Italia, un ordito simile, riferito appunto all&#8217;utilizzo dell&#8217;energia fossile sulla base di informazioni trasparenti e scientificamente verificabili nella prospettiva del contrasto all&#8217;emergenza climatica, si \u00e8 perseguito soltanto in occasione della <a href=\"https:\/\/www.agcm.it\/media\/comunicati-stampa\/2020\/1\/PS11400\">condanna di ENI<\/a> da parte dell&#8217;Antitrust, per pubblicit\u00e0 ingannevole sul diesel.<\/p>\n<p>Tuttavia, nel panorama comparato, la sentenza francese presenta alcune novit\u00e0, che \u00e8 bene rimarcare.<\/p>\n<p>La prima riguarda la collocazione delle fonti internazionali sul clima nell&#8217;alveo del diritto dell&#8217;UE, per la ovvia constatazione, trascurata od omessa in altre sedi contenziose europee, che l&#8217;Unione europea ha aderito sia alla Convenzione quadro dell&#8217;ONU del 1992 che all&#8217;Accordo di Parigi del 2015, sicch\u00e9 il sistema di obblighi e vincoli, contenuti in quegli strumenti, non riguarda affatto i rapporti esterni fra Stati ma assurge a <em>primaut\u00e9<\/em> ed effetto utile, interni a ciascuno Stato della UE.<\/p>\n<p>La seconda investe la qualificazione dell&#8217;illecito &#8220;climatico&#8221; secondo le leggi della termodinamica.<\/p>\n<p>Riscaldamento globale e cambiamento climatico sono fenomeni termodinamici. Di conseguenza, la loro conoscenza e comprensione non pu\u00f2 prescindere dalla fisica e dalle acquisizioni che la fisica consegna alla rappresentazione di processi planetari, descritta sulla base di modelli regolativi e stocastici che mettono fortemente in discussione le finzioni giuridiche su tempo, causalit\u00e0, danno.<\/p>\n<p>Basti pensare proprio al concetto di danno. L&#8217;IPCC, il Panel Intergovernativo dell&#8217;ONU sui cambiamenti climatici, nel suo Quinto Rapporto sui cambiamenti climatici (<a href=\"https:\/\/www.tandfonline.com\/doi\/abs\/10.1080\/14693062.2019.1704678)\" class=\"broken_link\">ARV<\/a><u>)<\/u>, inquadra i danni all&#8217;interno della freccia termodinamica del tempo, cos\u00ec distinguendo tra &#8220;<em>loss<\/em>&#8221; e &#8220;<em>damage<\/em>&#8220;. Con la prima espressione, sono rubricati i processi ormai irreversibili di perdita di condizioni di equilibrio e stabilit\u00e0 del sistema climatico locale o planetario (per es. l&#8217;aumento della temperatura terrestre, la concentrazione atmosferica di CO<sub>2<\/sub>, la definitiva estinzione dei presidi ecosistemici di salubrit\u00e0 ambientale come i bacini di carbonio, la cintura tropicale delle piogge, i ghiacciai ecc&#8230;). Con la seconda formula, sono identificati gli &#8220;<em>shock<\/em>&#8221; temporanei, circoscrivibili nello spazio (per es. una inondazione o un evento meteorologico estremo), ancorch\u00e9 proiettati, nella loro ripetizione, dal singolo giorno fino ai mesi o agli anni. Entrambi, quindi, identificano impatti che non possono pi\u00f9 essere evitati attraverso sforzi di mitigazione e adattamento. Sono ormai danni esistenti, persistenti, ripetitivi e persino peggiorativi, simili a un tumore. Non a caso, un&#8217;efficace proposta (C. Huggel et al., <em>Attribution of Irreversible Loss to Anthropogenic Climate Change<\/em>, in <em>EGU General Assembly Conference Abstracts<\/em>, 2016, 8557) li scansiona, dentro la freccia termodinamica del tempo, in &#8220;<em>sudden-onset events<\/em>&#8221; e &#8220;<em>slow-onset processes<\/em>&#8220;, che, amplificando lo &#8220;<em>stress<\/em>&#8221; ormai irreversibile del sistema climatico, moltiplicano frequenza, intensit\u00e0 e durata degli &#8220;<em>shock<\/em>&#8221; termici, anch&#8217;essi irreversibili.<\/p>\n<p>&#8220;<em>Stress<\/em>&#8221; e &#8220;<em>shock<\/em>&#8221; non sono categorie giuridiche. Di conseguenza, non \u00e8 scontata la loro collocazione all&#8217;interno dei diritti statali. Una delle ragioni per cui Convenzione e Trattati sul clima non definiscono legalmente i lemmi &#8220;<em>loss<\/em>&#8221; e &#8220;<em>damage<\/em>&#8220;, affidandone agli Stati la tematizzazione soprattutto sul fronte delle relazioni di cooperazione, finanziamento e risarcimento, \u00e8 anche questa.<\/p>\n<p>Ma &#8220;<em>stress<\/em>&#8221; e &#8220;<em>shock<\/em>&#8221; sono due facce della stessa medaglia della realt\u00e0 termodinamica, esattamente come un tumore; sicch\u00e9, con quest&#8217;unica medaglia, qualsiasi ordinamento giuridico deve fare i conti.<\/p>\n<p>In questo quadro, l&#8217;illecito nella lotta al riscaldamento globale e al cambiamento climatico appare simile a quello di omessa o <a href=\"http:\/\/www.quotidianosanita.it\/lavoro-e-professioni\/articolo.php?articolo_id=74590\" class=\"broken_link\">insufficiente diagnosi<\/a> di una patologia tumorale, rispetto alla quale le rigide demarcazioni giuridiche, in merito a causalit\u00e0, danno, evento, conseguenza, devono piegarsi, per non alimentare inverosimili finzioni, attraverso le acquisizioni scientifiche, quindi cognitive, sulla dinamica di &#8220;<em>stress<\/em>&#8221; e &#8220;<em>shock<\/em>&#8221; del processo cancerogeno.<\/p>\n<p>Nel caso della sentenza francese, l&#8217;inquadramento di questo illecito \u00e8 stato facilitato dal diritto civile di quel paese e dalla sua tradizione sulle fonti della responsabilit\u00e0 civile. La Francia, infatti, conosce il risarcimento del c.d. &#8220;<em>pregiudizio ecologico puro<\/em>&#8220;. \u00a0Riconosciuto nel marzo 2010 da una sentenza della <a href=\"https:\/\/actu.dalloz-etudiant.fr\/a-la-une\/b\/21\/article\/proces-en-appel-de-lerika-confirmation-des-responsabilites-et-reconnaissance-du-prejudice-eco\/h\/0a8f41f035.html\">Corte d\u2019Appello di Parigi<\/a>, originariamente ricondotto alle previsioni del <em>Code Civil<\/em> degli artt. 714, secondo cui \u00ab<em>Esistono cose che non appartengono a nessuno e il cui uso \u00e8 comune a tutti<\/em>\u00bb, e 1242, sulla responsabilit\u00e0 per danno da cosa custodita, \u00e8 stato poi esplicitamente inserito nel <em>Code<\/em> con la loi n\u00b0 2016-1087.<\/p>\n<p>Il concetto di &#8220;pregiudizio&#8221; \u00e8 declinato proprio sulla natura &#8220;ecologica&#8221; del danno, consistente non in una artificiosa scansione deterministica di &#8220;eventi&#8221; e &#8220;conseguenze&#8221;, bens\u00ec in una violazione umana di un processo ecosistemico o, meglio, in un&#8217;infrazione delle &#8220;funzioni degli ecosistemi&#8221; che compromette il loro naturale funzionamento e i &#8220;benefici collettivi&#8221; collegati. Si tratta, in una parola, di uno &#8220;<em>stress<\/em>&#8221; con i propri &#8220;<em>shock<\/em>&#8220;, esattamente come per il riscaldamento globale e il cambiamento climatico. Del resto, il clima non \u00e8 semplicemente &#8220;<em>una<\/em>&#8221; delle funzioni degli ecosistemi, bens\u00ec &#8220;<em>la<\/em>&#8221; funzione per eccellenza di tutti gli ecosistemi, in quanto da esso dipendono &#8220;<em>stress<\/em>&#8221; e &#8220;<em>shock<\/em>&#8221; di qualsiasi forma di vita, dunque i &#8220;benefici collettivi&#8221;.<\/p>\n<p>In tale prospettiva, il merito della sentenza francese non \u00e8 stato semplicemente &#8220;politico&#8221;, da ennesima <em>Climate Change Litigation Strategy<\/em> che contrasta la &#8220;cattura del regolatore&#8221;, ma epistemico: aver reso evidente la rilevanza della termodinamica per il diritto e per lo svecchiamento delle sue categorie, ancora comodamente appiattite su un determinismo meccanicistico e newtoniano, che nella realt\u00e0 non esiste.<\/p>\n<p>Piaccia o meno, la realt\u00e0 termodinamica del riscaldamento globale e del cambiamento climatico \u00e8 una &#8220;<em>preponderanza dell&#8217;evidenza<\/em>&#8220;, per utilizzare il lessico della Corte di cassazione civile italiana (Corte cass. sez. III n. 8461\/2019), insubordinabile a qualsiasi pacifica dogmatica, per rispetto della vita e delle scienze della vita.<\/p>\n<p>Come insegnava Giuseppe Capograssi, l&#8217;esperienza giuridica non pu\u00f2 battere la strada opposta alla dignit\u00e0 della vita, in nome della dogmatica; e quella climatica \u00e8 una questione termodinamica di dignit\u00e0 della vita, qualsiasi vita presente e futura.<\/p>\n","protected":false},"excerpt":{"rendered":"<p>di Michele Carducci Il Governo francese \u00e8 stato condannato dal Tribunale Amministrativo di Parigi per inadempimento climatico e risarcimento danni in corso, non avendo adottato misure idonee a ridurre effettivamente le emissioni di gas serra e contrastare\u00a0 riscaldamento globale e cambiamento climatico, in conformit\u00e0 con l&#8216;Accordo di Parigi del 2015 e la Convenzione quadro delle &#8230; <a title=\"Contenzioso climatico, illecito civile, termodinamica\" class=\"read-more\" href=\"https:\/\/www.lacostituzione.info\/index.php\/2021\/02\/08\/contenzioso-climatico-illecito-civile-termodinamica\/\">Leggi tutto<\/a><\/p>\n<div class='heateorSssClear'><\/div><div  class='heateor_sss_sharing_container heateor_sss_horizontal_sharing' data-heateor-sss-href='https:\/\/www.lacostituzione.info\/index.php\/2021\/02\/08\/contenzioso-climatico-illecito-civile-termodinamica\/'><div class='heateor_sss_sharing_title' style=\"font-weight:bold\" >Condividi!<\/div><div class=\"heateor_sss_sharing_ul\"><a aria-label=\"Facebook\" class=\"heateor_sss_facebook\" href=\"https:\/\/www.facebook.com\/sharer\/sharer.php?u=https%3A%2F%2Fwww.lacostituzione.info%2Findex.php%2F2021%2F02%2F08%2Fcontenzioso-climatico-illecito-civile-termodinamica%2F\" title=\"Facebook\" rel=\"nofollow noopener\" target=\"_blank\" style=\"font-size:32px!important;box-shadow:none;display:inline-block;vertical-align:middle\"><span class=\"heateor_sss_svg\" style=\"background-color:#0765FE;width:35px;height:35px;display:inline-block;opacity:1;float:left;font-size:32px;box-shadow:none;display:inline-block;font-size:16px;padding:0 4px;vertical-align:middle;background-repeat:repeat;overflow:hidden;padding:0;cursor:pointer;box-sizing:content-box\"><svg style=\"display:block;\" focusable=\"false\" aria-hidden=\"true\" xmlns=\"http:\/\/www.w3.org\/2000\/svg\" width=\"100%\" height=\"100%\" viewBox=\"0 0 32 32\"><path fill=\"#fff\" d=\"M28 16c0-6.627-5.373-12-12-12S4 9.373 4 16c0 5.628 3.875 10.35 9.101 11.647v-7.98h-2.474V16H13.1v-1.58c0-4.085 1.849-5.978 5.859-5.978.76 0 2.072.15 2.608.298v3.325c-.283-.03-.775-.045-1.386-.045-1.967 0-2.728.745-2.728 2.683V16h3.92l-.673 3.667h-3.247v8.245C23.395 27.195 28 22.135 28 16Z\"><\/path><\/svg><\/span><\/a><a aria-label=\"Twitter\" class=\"heateor_sss_button_twitter\" href=\"https:\/\/twitter.com\/intent\/tweet?text=Contenzioso%20climatico%2C%20illecito%20civile%2C%20termodinamica&url=https%3A%2F%2Fwww.lacostituzione.info%2Findex.php%2F2021%2F02%2F08%2Fcontenzioso-climatico-illecito-civile-termodinamica%2F\" title=\"Twitter\" rel=\"nofollow noopener\" target=\"_blank\" style=\"font-size:32px!important;box-shadow:none;display:inline-block;vertical-align:middle\"><span class=\"heateor_sss_svg heateor_sss_s__default heateor_sss_s_twitter\" style=\"background-color:#55acee;width:35px;height:35px;display:inline-block;opacity:1;float:left;font-size:32px;box-shadow:none;display:inline-block;font-size:16px;padding:0 4px;vertical-align:middle;background-repeat:repeat;overflow:hidden;padding:0;cursor:pointer;box-sizing:content-box\"><svg style=\"display:block;\" focusable=\"false\" aria-hidden=\"true\" xmlns=\"http:\/\/www.w3.org\/2000\/svg\" width=\"100%\" height=\"100%\" viewBox=\"-4 -4 39 39\"><path d=\"M28 8.557a9.913 9.913 0 0 1-2.828.775 4.93 4.93 0 0 0 2.166-2.725 9.738 9.738 0 0 1-3.13 1.194 4.92 4.92 0 0 0-3.593-1.55 4.924 4.924 0 0 0-4.794 6.049c-4.09-.21-7.72-2.17-10.15-5.15a4.942 4.942 0 0 0-.665 2.477c0 1.71.87 3.214 2.19 4.1a4.968 4.968 0 0 1-2.23-.616v.06c0 2.39 1.7 4.38 3.952 4.83-.414.115-.85.174-1.297.174-.318 0-.626-.03-.928-.086a4.935 4.935 0 0 0 4.6 3.42 9.893 9.893 0 0 1-6.114 2.107c-.398 0-.79-.023-1.175-.068a13.953 13.953 0 0 0 7.55 2.213c9.056 0 14.01-7.507 14.01-14.013 0-.213-.005-.426-.015-.637.96-.695 1.795-1.56 2.455-2.55z\" fill=\"#fff\"><\/path><\/svg><\/span><\/a><a aria-label=\"Reddit\" class=\"heateor_sss_button_reddit\" href=\"https:\/\/reddit.com\/submit?url=https%3A%2F%2Fwww.lacostituzione.info%2Findex.php%2F2021%2F02%2F08%2Fcontenzioso-climatico-illecito-civile-termodinamica%2F&title=Contenzioso%20climatico%2C%20illecito%20civile%2C%20termodinamica\" title=\"Reddit\" rel=\"nofollow noopener\" target=\"_blank\" style=\"font-size:32px!important;box-shadow:none;display:inline-block;vertical-align:middle\"><span class=\"heateor_sss_svg heateor_sss_s__default heateor_sss_s_reddit\" style=\"background-color:#ff5700;width:35px;height:35px;display:inline-block;opacity:1;float:left;font-size:32px;box-shadow:none;display:inline-block;font-size:16px;padding:0 4px;vertical-align:middle;background-repeat:repeat;overflow:hidden;padding:0;cursor:pointer;box-sizing:content-box\"><svg style=\"display:block;\" focusable=\"false\" aria-hidden=\"true\" xmlns=\"http:\/\/www.w3.org\/2000\/svg\" width=\"100%\" height=\"100%\" viewBox=\"-3.5 -3.5 39 39\"><path d=\"M28.543 15.774a2.953 2.953 0 0 0-2.951-2.949 2.882 2.882 0 0 0-1.9.713 14.075 14.075 0 0 0-6.85-2.044l1.38-4.349 3.768.884a2.452 2.452 0 1 0 .24-1.176l-4.274-1a.6.6 0 0 0-.709.4l-1.659 5.224a14.314 14.314 0 0 0-7.316 2.029 2.908 2.908 0 0 0-1.872-.681 2.942 2.942 0 0 0-1.618 5.4 5.109 5.109 0 0 0-.062.765c0 4.158 5.037 7.541 11.229 7.541s11.22-3.383 11.22-7.541a5.2 5.2 0 0 0-.053-.706 2.963 2.963 0 0 0 1.427-2.51zm-18.008 1.88a1.753 1.753 0 0 1 1.73-1.74 1.73 1.73 0 0 1 1.709 1.74 1.709 1.709 0 0 1-1.709 1.711 1.733 1.733 0 0 1-1.73-1.711zm9.565 4.968a5.573 5.573 0 0 1-4.081 1.272h-.032a5.576 5.576 0 0 1-4.087-1.272.6.6 0 0 1 .844-.854 4.5 4.5 0 0 0 3.238.927h.032a4.5 4.5 0 0 0 3.237-.927.6.6 0 1 1 .844.854zm-.331-3.256a1.726 1.726 0 1 1 1.709-1.712 1.717 1.717 0 0 1-1.712 1.712z\" fill=\"#fff\"\/><\/svg><\/span><\/a><a aria-label=\"Linkedin\" class=\"heateor_sss_button_linkedin\" href=\"https:\/\/www.linkedin.com\/sharing\/share-offsite\/?url=https%3A%2F%2Fwww.lacostituzione.info%2Findex.php%2F2021%2F02%2F08%2Fcontenzioso-climatico-illecito-civile-termodinamica%2F\" title=\"Linkedin\" rel=\"nofollow noopener\" target=\"_blank\" style=\"font-size:32px!important;box-shadow:none;display:inline-block;vertical-align:middle\"><span class=\"heateor_sss_svg heateor_sss_s__default heateor_sss_s_linkedin\" style=\"background-color:#0077b5;width:35px;height:35px;display:inline-block;opacity:1;float:left;font-size:32px;box-shadow:none;display:inline-block;font-size:16px;padding:0 4px;vertical-align:middle;background-repeat:repeat;overflow:hidden;padding:0;cursor:pointer;box-sizing:content-box\"><svg style=\"display:block;\" focusable=\"false\" aria-hidden=\"true\" xmlns=\"http:\/\/www.w3.org\/2000\/svg\" width=\"100%\" height=\"100%\" viewBox=\"0 0 32 32\"><path d=\"M6.227 12.61h4.19v13.48h-4.19V12.61zm2.095-6.7a2.43 2.43 0 0 1 0 4.86c-1.344 0-2.428-1.09-2.428-2.43s1.084-2.43 2.428-2.43m4.72 6.7h4.02v1.84h.058c.56-1.058 1.927-2.176 3.965-2.176 4.238 0 5.02 2.792 5.02 6.42v7.395h-4.183v-6.56c0-1.564-.03-3.574-2.178-3.574-2.18 0-2.514 1.7-2.514 3.46v6.668h-4.187V12.61z\" fill=\"#fff\"><\/path><\/svg><\/span><\/a><a aria-label=\"Pinterest\" class=\"heateor_sss_button_pinterest\" href=\"https:\/\/www.lacostituzione.info\/index.php\/2021\/02\/08\/contenzioso-climatico-illecito-civile-termodinamica\/\" onclick=\"event.preventDefault();javascript:void( (function() {var e=document.createElement('script' );e.setAttribute('type','text\/javascript' );e.setAttribute('charset','UTF-8' );e.setAttribute('src','\/\/assets.pinterest.com\/js\/pinmarklet.js?r='+Math.random()*99999999);document.body.appendChild(e)})());\" title=\"Pinterest\" rel=\"noopener\" style=\"font-size:32px!important;box-shadow:none;display:inline-block;vertical-align:middle\"><span class=\"heateor_sss_svg heateor_sss_s__default heateor_sss_s_pinterest\" style=\"background-color:#cc2329;width:35px;height:35px;display:inline-block;opacity:1;float:left;font-size:32px;box-shadow:none;display:inline-block;font-size:16px;padding:0 4px;vertical-align:middle;background-repeat:repeat;overflow:hidden;padding:0;cursor:pointer;box-sizing:content-box\"><svg style=\"display:block;\" focusable=\"false\" aria-hidden=\"true\" xmlns=\"http:\/\/www.w3.org\/2000\/svg\" width=\"100%\" height=\"100%\" viewBox=\"-2 -2 35 35\"><path fill=\"#fff\" d=\"M16.539 4.5c-6.277 0-9.442 4.5-9.442 8.253 0 2.272.86 4.293 2.705 5.046.303.125.574.005.662-.33.061-.231.205-.816.27-1.06.088-.331.053-.447-.191-.736-.532-.627-.873-1.439-.873-2.591 0-3.338 2.498-6.327 6.505-6.327 3.548 0 5.497 2.168 5.497 5.062 0 3.81-1.686 7.025-4.188 7.025-1.382 0-2.416-1.142-2.085-2.545.397-1.674 1.166-3.48 1.166-4.689 0-1.081-.581-1.983-1.782-1.983-1.413 0-2.548 1.462-2.548 3.419 0 1.247.421 2.091.421 2.091l-1.699 7.199c-.505 2.137-.076 4.755-.039 5.019.021.158.223.196.314.077.13-.17 1.813-2.247 2.384-4.324.162-.587.929-3.631.929-3.631.46.876 1.801 1.646 3.227 1.646 4.247 0 7.128-3.871 7.128-9.053.003-3.918-3.317-7.568-8.361-7.568z\"\/><\/svg><\/span><\/a><a aria-label=\"Whatsapp\" class=\"heateor_sss_whatsapp\" href=\"https:\/\/api.whatsapp.com\/send?text=Contenzioso%20climatico%2C%20illecito%20civile%2C%20termodinamica%20https%3A%2F%2Fwww.lacostituzione.info%2Findex.php%2F2021%2F02%2F08%2Fcontenzioso-climatico-illecito-civile-termodinamica%2F\" title=\"Whatsapp\" rel=\"nofollow noopener\" target=\"_blank\" style=\"font-size:32px!important;box-shadow:none;display:inline-block;vertical-align:middle\"><span class=\"heateor_sss_svg\" style=\"background-color:#55eb4c;width:35px;height:35px;display:inline-block;opacity:1;float:left;font-size:32px;box-shadow:none;display:inline-block;font-size:16px;padding:0 4px;vertical-align:middle;background-repeat:repeat;overflow:hidden;padding:0;cursor:pointer;box-sizing:content-box\"><svg style=\"display:block;\" focusable=\"false\" aria-hidden=\"true\" xmlns=\"http:\/\/www.w3.org\/2000\/svg\" width=\"100%\" height=\"100%\" viewBox=\"-6 -5 40 40\"><path class=\"heateor_sss_svg_stroke heateor_sss_no_fill\" stroke=\"#fff\" stroke-width=\"2\" fill=\"none\" d=\"M 11.579798566743314 24.396926207859085 A 10 10 0 1 0 6.808479557110079 20.73576436351046\"><\/path><path d=\"M 7 19 l -1 6 l 6 -1\" class=\"heateor_sss_no_fill heateor_sss_svg_stroke\" stroke=\"#fff\" stroke-width=\"2\" fill=\"none\"><\/path><path d=\"M 10 10 q -1 8 8 11 c 5 -1 0 -6 -1 -3 q -4 -3 -5 -5 c 4 -2 -1 -5 -1 -4\" fill=\"#fff\"><\/path><\/svg><\/span><\/a><\/div><div class=\"heateorSssClear\"><\/div><\/div><div class='heateorSssClear'><\/div>","protected":false},"author":1,"featured_media":0,"comment_status":"open","ping_status":"open","sticky":false,"template":"","format":"standard","meta":{"jetpack_post_was_ever_published":false,"_jetpack_newsletter_access":"","_jetpack_dont_email_post_to_subs":false,"_jetpack_newsletter_tier_id":0,"_jetpack_memberships_contains_paywalled_content":false,"_jetpack_memberships_contains_paid_content":false,"footnotes":"","jetpack_publicize_message":"","jetpack_publicize_feature_enabled":true,"jetpack_social_post_already_shared":false,"jetpack_social_options":{"image_generator_settings":{"template":"highway","default_image_id":0,"enabled":false},"version":2}},"categories":[4],"tags":[1441,1536,1537],"class_list":["post-7616","post","type-post","status-publish","format-standard","hentry","category-attualita","tag-catastrofe-climatica","tag-responsabilita-civile","tag-risarcimento-danno-climatico"],"jetpack_publicize_connections":[],"jetpack_featured_media_url":"","jetpack_shortlink":"https:\/\/wp.me\/p84sDq-1YQ","jetpack_likes_enabled":true,"jetpack_sharing_enabled":true,"_links":{"self":[{"href":"https:\/\/www.lacostituzione.info\/index.php\/wp-json\/wp\/v2\/posts\/7616","targetHints":{"allow":["GET"]}}],"collection":[{"href":"https:\/\/www.lacostituzione.info\/index.php\/wp-json\/wp\/v2\/posts"}],"about":[{"href":"https:\/\/www.lacostituzione.info\/index.php\/wp-json\/wp\/v2\/types\/post"}],"author":[{"embeddable":true,"href":"https:\/\/www.lacostituzione.info\/index.php\/wp-json\/wp\/v2\/users\/1"}],"replies":[{"embeddable":true,"href":"https:\/\/www.lacostituzione.info\/index.php\/wp-json\/wp\/v2\/comments?post=7616"}],"version-history":[{"count":0,"href":"https:\/\/www.lacostituzione.info\/index.php\/wp-json\/wp\/v2\/posts\/7616\/revisions"}],"wp:attachment":[{"href":"https:\/\/www.lacostituzione.info\/index.php\/wp-json\/wp\/v2\/media?parent=7616"}],"wp:term":[{"taxonomy":"category","embeddable":true,"href":"https:\/\/www.lacostituzione.info\/index.php\/wp-json\/wp\/v2\/categories?post=7616"},{"taxonomy":"post_tag","embeddable":true,"href":"https:\/\/www.lacostituzione.info\/index.php\/wp-json\/wp\/v2\/tags?post=7616"}],"curies":[{"name":"wp","href":"https:\/\/api.w.org\/{rel}","templated":true}]}}