{"id":7678,"date":"2021-03-27T15:12:19","date_gmt":"2021-03-27T14:12:19","guid":{"rendered":"http:\/\/www.lacostituzione.info\/?p=7678"},"modified":"2021-03-27T15:12:20","modified_gmt":"2021-03-27T14:12:20","slug":"il-partito-nel-sistema-di-governo-a-margine-delle-recenti-vicende-del-pd","status":"publish","type":"post","link":"https:\/\/www.lacostituzione.info\/index.php\/2021\/03\/27\/il-partito-nel-sistema-di-governo-a-margine-delle-recenti-vicende-del-pd\/","title":{"rendered":"Il partito nel sistema di governo (a margine delle recenti vicende del PD)"},"content":{"rendered":"\n<p style=\"text-align: center;\"><a href=\"http:\/\/www.lacostituzione.info\/wp-content\/uploads\/2021\/03\/malpezzi2.jpg\"><img loading=\"lazy\" decoding=\"async\" data-attachment-id=\"7679\" data-permalink=\"https:\/\/www.lacostituzione.info\/index.php\/2021\/03\/27\/il-partito-nel-sistema-di-governo-a-margine-delle-recenti-vicende-del-pd\/malpezzi2\/#main\" data-orig-file=\"https:\/\/www.lacostituzione.info\/wp-content\/uploads\/2021\/03\/malpezzi2.jpg\" data-orig-size=\"273,185\" data-comments-opened=\"1\" data-image-meta=\"{&quot;aperture&quot;:&quot;0&quot;,&quot;credit&quot;:&quot;&quot;,&quot;camera&quot;:&quot;&quot;,&quot;caption&quot;:&quot;&quot;,&quot;created_timestamp&quot;:&quot;0&quot;,&quot;copyright&quot;:&quot;&quot;,&quot;focal_length&quot;:&quot;0&quot;,&quot;iso&quot;:&quot;0&quot;,&quot;shutter_speed&quot;:&quot;0&quot;,&quot;title&quot;:&quot;&quot;,&quot;orientation&quot;:&quot;0&quot;}\" data-image-title=\"malpezzi2\" data-image-description=\"\" data-image-caption=\"\" data-medium-file=\"https:\/\/www.lacostituzione.info\/wp-content\/uploads\/2021\/03\/malpezzi2.jpg\" data-large-file=\"https:\/\/www.lacostituzione.info\/wp-content\/uploads\/2021\/03\/malpezzi2.jpg\" class=\"aligncenter size-thumbnail wp-image-7679\" src=\"http:\/\/www.lacostituzione.info\/wp-content\/uploads\/2021\/03\/malpezzi2-150x150.jpg\" alt=\"\" width=\"150\" height=\"150\" \/><\/a>di\u00a0<strong>Antonio D&#8217;Andrea<\/strong><\/p>\n<p>La crisi del Partito Democratico \u2013 forza politica che fa parte della maggioranza parlamentare di sostegno al Governo attualmente in carica e che gi\u00e0 appoggiava il precedente Esecutivo \u2013 manifestatasi con le dimissioni del Segretario Nicola Zingaretti presentate il 4 marzo 2021 si \u00e8, in fondo, risolta in un battibaleno e ha accresciuto le stranezze istituzionali emerse nel corso della corrente XVIII Legislatura.<!--more--> Nonostante le parole sferzanti che hanno accompagnato l\u2019abbandono della segreteria politica di Zingaretti \u2013 eletto con il 66% dei consensi in occasione delle primarie svolte da quel partito nel marzo 2019 ed alle quali ha partecipato oltre un milione e mezzo di votanti \u2013 la crisi \u00e8 stata brillantemente risolta con l\u2019ascesa ai vertici di quel partito di Enrico Letta e chiusa in una decina di giorni, tutto compreso. In effetti Letta, indicato senza indugio dallo stesso Segretario dimissionario quale suo successore, \u00e8 tornato a Roma da Parigi (dove, uscito di scena quale Presidente del Consiglio nel febbraio 2014, aveva nel frattempo trovato un gratificante impiego ai vertici di una prestigiosa universit\u00e0 internazionale desiderosa di avvalersi dei suoi insegnamenti in ordine all\u2019analisi delle politiche europee) ed \u00e8 stato \u201cincoronato\u201d il 14 marzo 2021 Segretario politico con voto pressoch\u00e9 unanime dell\u2019Assemblea nazionale di quel partito. Un discorso considerato dai notabili del PD, c\u2019\u00e8 da crederci, \u201cpieno di idee\u201d e di \u201cslanci innovativi\u201d cos\u00ec che quella forza politica \u2013 la maggiore quanto a consistenza elettorale e parlamentare, sino a prova contraria, gravitante alla sinistra del sistema politico italiano \u2013 ha trovato rapidamente il modo di lasciarsi alle spalle i pur rilevanti problemi che avevano indotto alle dimissioni di Zingaretti che aveva detto di \u201cprovare vergogna\u201d per lo stato in cui il suo partito si era ridotto. \u00c8 superfluo ricordare che Zingaretti non \u00e8 comunque del tutto uscito di scena, essendo come noto Presidente in carica della Regione Lazio e che proprio con riferimento a lui si \u00e8 subito prospettato un futuro altro prestigioso incarico. Dunque, sintetizzando, un leader che ritorna a occuparsi del partito di appartenenza e un altro leader che continua a svolgere un ruolo politicamente attivo e di non secondario livello.<\/p>\n<p>Sono sempre stato dell\u2019avviso che i partiti devono essere lasciati liberi di organizzarsi come meglio ritengono e che il loro progetto politico, cos\u00ec come le rispettive leadership e le correlate candidature alle cariche elettive saranno al momento debito e solo allora concretamente verificate dagli elettori. Allo stesso modo, aderire alle forze politiche attraverso una militanza organica \u2013 gli iscritti \u2013 \u00e8 una libera facolt\u00e0 che ciascuno pu\u00f2 o meno utilizzare e che tuttavia testimonia una sintonia o meno rispetto a quel che viene proposto da tali libere associazioni. Sicuramente la partecipazione attiva \u2013 la militanza politica \u2013 deve essere considerata gratificante o quantomeno utile per coloro i quali compiono quella netta scelta di campo. Ci\u00f2 vale per il PD e per qualsiasi altri partiti e movimenti che agiscono nell\u2019ordinamento italiano concorrendo \u201ccon metodo democratico\u201d a determinare la politica nazionale (art. 49 Cost.). Allo stesso modo, ho sempre considerato il \u201cmetodo delle primarie\u201d, tanto pi\u00f9 se organizzato estemporaneamente e con modalit\u00e0 aperte ai non iscritti, uno strumento demagogico, di per s\u00e9 contraddittorio, per chi aderisce convintamente ad una forza politica: il partito dovrebbe vivere attraverso dibattiti, incontri, assemblee e congressi svolti con regolarit\u00e0, muovendosi all\u2019interno di un\u2019organizzazione stabile, la quale non dovrebbe individuare \u201cscorciatoie\u201d per definire scelte significative, soprattutto quando si ragiona intorno alla sua leadership e ai suoi propositi innovativi. E soprattutto quando una discussione interna alla forza politica in crisi sembrerebbe indispensabile alla luce dello stato dei rapporti deteriorati che si instaurano al suo interno e tra i massimi dirigenti.<\/p>\n<p>In ogni caso, \u00e8 sembrato del tutto logico che il nuovo Segretario politico del PD abbia subito ridefinito l\u2019organo esecutivo di cui si avvale per la gestione del partito, spingendosi tuttavia a richiedere ugualmente di variare i Capigruppo ricorrendo a figure femminili, cos\u00ec da compensare scelte considerate poco felici quanto all\u2019equilibrio di genere nella composizione della delegazione ministeriale del Governo Draghi di quel partito. Come \u00e8 noto, i Capigruppo costituiscono per solito un importante punto di riferimento per la \u201ccellula\u201d operativa di base dell\u2019attivit\u00e0 parlamentare. Il punto da affrontare \u00e8 proprio questo: possiamo sempre considerare i Gruppi la proiezione parlamentare \u2013 quantomeno \u2013 della maggiori forze politiche? In effetti, i Gruppi parlamentari conservano una loro autonomia operativa o sono tenuti ad incarnare fedelmente e passivamente la linea del partito cui si riferiscono?<\/p>\n<p>Ora, se si guardano le modalit\u00e0 di costituzione dei Gruppi cos\u00ec come determinate dai Regolamenti parlamentari \u2013 il prevalente riferimento resta quello numerico ed \u00e8 cos\u00ec anche al Senato pur dopo la velleitaria riforma del 2017 \u2013 ci si accorge che nel suo concreto funzionamento il sistema parlamentare ruota sulla sostanziale autodeterminazione dei Gruppi, che sono e restano \u201caltro\u201d rispetto ai partiti, cui pure \u2013 in genere \u2013 si ricollegano, soprattutto all\u2019inizio della legislatura. Da questo punto di vista, anche per il PD guidato da Letta sar\u00e0 decisivo constatare l\u2019atteggiamento dei \u201cpropri\u201d Gruppi nel dipanarsi dell\u2019attivit\u00e0 parlamentare, specie in relazione all\u2019azione di governo, e potrebbe essere un errore pensare che il solo cambio dei Capigruppo sia una condizione sufficiente per controllarne dall\u2019esterno le determinazioni.<\/p>\n","protected":false},"excerpt":{"rendered":"<p>di\u00a0Antonio D&#8217;Andrea La crisi del Partito Democratico \u2013 forza politica che fa parte della maggioranza parlamentare di sostegno al Governo attualmente in carica e che gi\u00e0 appoggiava il precedente Esecutivo \u2013 manifestatasi con le dimissioni del Segretario Nicola Zingaretti presentate il 4 marzo 2021 si \u00e8, in fondo, risolta in un battibaleno e ha accresciuto &#8230; <a title=\"Il partito nel sistema di governo (a margine delle recenti vicende del PD)\" class=\"read-more\" href=\"https:\/\/www.lacostituzione.info\/index.php\/2021\/03\/27\/il-partito-nel-sistema-di-governo-a-margine-delle-recenti-vicende-del-pd\/\">Leggi tutto<\/a><\/p>\n<div class='heateorSssClear'><\/div><div  class='heateor_sss_sharing_container heateor_sss_horizontal_sharing' data-heateor-sss-href='https:\/\/www.lacostituzione.info\/index.php\/2021\/03\/27\/il-partito-nel-sistema-di-governo-a-margine-delle-recenti-vicende-del-pd\/'><div class='heateor_sss_sharing_title' style=\"font-weight:bold\" >Condividi!<\/div><div class=\"heateor_sss_sharing_ul\"><a aria-label=\"Facebook\" class=\"heateor_sss_facebook\" href=\"https:\/\/www.facebook.com\/sharer\/sharer.php?u=https%3A%2F%2Fwww.lacostituzione.info%2Findex.php%2F2021%2F03%2F27%2Fil-partito-nel-sistema-di-governo-a-margine-delle-recenti-vicende-del-pd%2F\" title=\"Facebook\" rel=\"nofollow noopener\" target=\"_blank\" style=\"font-size:32px!important;box-shadow:none;display:inline-block;vertical-align:middle\"><span class=\"heateor_sss_svg\" style=\"background-color:#0765FE;width:35px;height:35px;display:inline-block;opacity:1;float:left;font-size:32px;box-shadow:none;display:inline-block;font-size:16px;padding:0 4px;vertical-align:middle;background-repeat:repeat;overflow:hidden;padding:0;cursor:pointer;box-sizing:content-box\"><svg style=\"display:block;\" focusable=\"false\" aria-hidden=\"true\" xmlns=\"http:\/\/www.w3.org\/2000\/svg\" width=\"100%\" height=\"100%\" viewBox=\"0 0 32 32\"><path fill=\"#fff\" d=\"M28 16c0-6.627-5.373-12-12-12S4 9.373 4 16c0 5.628 3.875 10.35 9.101 11.647v-7.98h-2.474V16H13.1v-1.58c0-4.085 1.849-5.978 5.859-5.978.76 0 2.072.15 2.608.298v3.325c-.283-.03-.775-.045-1.386-.045-1.967 0-2.728.745-2.728 2.683V16h3.92l-.673 3.667h-3.247v8.245C23.395 27.195 28 22.135 28 16Z\"><\/path><\/svg><\/span><\/a><a aria-label=\"Twitter\" class=\"heateor_sss_button_twitter\" href=\"https:\/\/twitter.com\/intent\/tweet?text=Il%20partito%20nel%20sistema%20di%20governo%20%28a%20margine%20delle%20recenti%20vicende%20del%20PD%29&url=https%3A%2F%2Fwww.lacostituzione.info%2Findex.php%2F2021%2F03%2F27%2Fil-partito-nel-sistema-di-governo-a-margine-delle-recenti-vicende-del-pd%2F\" title=\"Twitter\" rel=\"nofollow noopener\" target=\"_blank\" style=\"font-size:32px!important;box-shadow:none;display:inline-block;vertical-align:middle\"><span class=\"heateor_sss_svg heateor_sss_s__default heateor_sss_s_twitter\" style=\"background-color:#55acee;width:35px;height:35px;display:inline-block;opacity:1;float:left;font-size:32px;box-shadow:none;display:inline-block;font-size:16px;padding:0 4px;vertical-align:middle;background-repeat:repeat;overflow:hidden;padding:0;cursor:pointer;box-sizing:content-box\"><svg style=\"display:block;\" focusable=\"false\" aria-hidden=\"true\" xmlns=\"http:\/\/www.w3.org\/2000\/svg\" width=\"100%\" height=\"100%\" viewBox=\"-4 -4 39 39\"><path d=\"M28 8.557a9.913 9.913 0 0 1-2.828.775 4.93 4.93 0 0 0 2.166-2.725 9.738 9.738 0 0 1-3.13 1.194 4.92 4.92 0 0 0-3.593-1.55 4.924 4.924 0 0 0-4.794 6.049c-4.09-.21-7.72-2.17-10.15-5.15a4.942 4.942 0 0 0-.665 2.477c0 1.71.87 3.214 2.19 4.1a4.968 4.968 0 0 1-2.23-.616v.06c0 2.39 1.7 4.38 3.952 4.83-.414.115-.85.174-1.297.174-.318 0-.626-.03-.928-.086a4.935 4.935 0 0 0 4.6 3.42 9.893 9.893 0 0 1-6.114 2.107c-.398 0-.79-.023-1.175-.068a13.953 13.953 0 0 0 7.55 2.213c9.056 0 14.01-7.507 14.01-14.013 0-.213-.005-.426-.015-.637.96-.695 1.795-1.56 2.455-2.55z\" fill=\"#fff\"><\/path><\/svg><\/span><\/a><a aria-label=\"Reddit\" class=\"heateor_sss_button_reddit\" href=\"https:\/\/reddit.com\/submit?url=https%3A%2F%2Fwww.lacostituzione.info%2Findex.php%2F2021%2F03%2F27%2Fil-partito-nel-sistema-di-governo-a-margine-delle-recenti-vicende-del-pd%2F&title=Il%20partito%20nel%20sistema%20di%20governo%20%28a%20margine%20delle%20recenti%20vicende%20del%20PD%29\" title=\"Reddit\" rel=\"nofollow noopener\" target=\"_blank\" style=\"font-size:32px!important;box-shadow:none;display:inline-block;vertical-align:middle\"><span class=\"heateor_sss_svg heateor_sss_s__default heateor_sss_s_reddit\" style=\"background-color:#ff5700;width:35px;height:35px;display:inline-block;opacity:1;float:left;font-size:32px;box-shadow:none;display:inline-block;font-size:16px;padding:0 4px;vertical-align:middle;background-repeat:repeat;overflow:hidden;padding:0;cursor:pointer;box-sizing:content-box\"><svg style=\"display:block;\" focusable=\"false\" aria-hidden=\"true\" xmlns=\"http:\/\/www.w3.org\/2000\/svg\" width=\"100%\" height=\"100%\" viewBox=\"-3.5 -3.5 39 39\"><path d=\"M28.543 15.774a2.953 2.953 0 0 0-2.951-2.949 2.882 2.882 0 0 0-1.9.713 14.075 14.075 0 0 0-6.85-2.044l1.38-4.349 3.768.884a2.452 2.452 0 1 0 .24-1.176l-4.274-1a.6.6 0 0 0-.709.4l-1.659 5.224a14.314 14.314 0 0 0-7.316 2.029 2.908 2.908 0 0 0-1.872-.681 2.942 2.942 0 0 0-1.618 5.4 5.109 5.109 0 0 0-.062.765c0 4.158 5.037 7.541 11.229 7.541s11.22-3.383 11.22-7.541a5.2 5.2 0 0 0-.053-.706 2.963 2.963 0 0 0 1.427-2.51zm-18.008 1.88a1.753 1.753 0 0 1 1.73-1.74 1.73 1.73 0 0 1 1.709 1.74 1.709 1.709 0 0 1-1.709 1.711 1.733 1.733 0 0 1-1.73-1.711zm9.565 4.968a5.573 5.573 0 0 1-4.081 1.272h-.032a5.576 5.576 0 0 1-4.087-1.272.6.6 0 0 1 .844-.854 4.5 4.5 0 0 0 3.238.927h.032a4.5 4.5 0 0 0 3.237-.927.6.6 0 1 1 .844.854zm-.331-3.256a1.726 1.726 0 1 1 1.709-1.712 1.717 1.717 0 0 1-1.712 1.712z\" fill=\"#fff\"\/><\/svg><\/span><\/a><a aria-label=\"Linkedin\" class=\"heateor_sss_button_linkedin\" href=\"https:\/\/www.linkedin.com\/sharing\/share-offsite\/?url=https%3A%2F%2Fwww.lacostituzione.info%2Findex.php%2F2021%2F03%2F27%2Fil-partito-nel-sistema-di-governo-a-margine-delle-recenti-vicende-del-pd%2F\" title=\"Linkedin\" rel=\"nofollow noopener\" target=\"_blank\" style=\"font-size:32px!important;box-shadow:none;display:inline-block;vertical-align:middle\"><span class=\"heateor_sss_svg heateor_sss_s__default heateor_sss_s_linkedin\" style=\"background-color:#0077b5;width:35px;height:35px;display:inline-block;opacity:1;float:left;font-size:32px;box-shadow:none;display:inline-block;font-size:16px;padding:0 4px;vertical-align:middle;background-repeat:repeat;overflow:hidden;padding:0;cursor:pointer;box-sizing:content-box\"><svg style=\"display:block;\" focusable=\"false\" aria-hidden=\"true\" xmlns=\"http:\/\/www.w3.org\/2000\/svg\" width=\"100%\" height=\"100%\" viewBox=\"0 0 32 32\"><path d=\"M6.227 12.61h4.19v13.48h-4.19V12.61zm2.095-6.7a2.43 2.43 0 0 1 0 4.86c-1.344 0-2.428-1.09-2.428-2.43s1.084-2.43 2.428-2.43m4.72 6.7h4.02v1.84h.058c.56-1.058 1.927-2.176 3.965-2.176 4.238 0 5.02 2.792 5.02 6.42v7.395h-4.183v-6.56c0-1.564-.03-3.574-2.178-3.574-2.18 0-2.514 1.7-2.514 3.46v6.668h-4.187V12.61z\" fill=\"#fff\"><\/path><\/svg><\/span><\/a><a aria-label=\"Pinterest\" class=\"heateor_sss_button_pinterest\" href=\"https:\/\/www.lacostituzione.info\/index.php\/2021\/03\/27\/il-partito-nel-sistema-di-governo-a-margine-delle-recenti-vicende-del-pd\/\" onclick=\"event.preventDefault();javascript:void( (function() {var e=document.createElement('script' );e.setAttribute('type','text\/javascript' );e.setAttribute('charset','UTF-8' );e.setAttribute('src','\/\/assets.pinterest.com\/js\/pinmarklet.js?r='+Math.random()*99999999);document.body.appendChild(e)})());\" title=\"Pinterest\" rel=\"noopener\" style=\"font-size:32px!important;box-shadow:none;display:inline-block;vertical-align:middle\"><span class=\"heateor_sss_svg heateor_sss_s__default heateor_sss_s_pinterest\" style=\"background-color:#cc2329;width:35px;height:35px;display:inline-block;opacity:1;float:left;font-size:32px;box-shadow:none;display:inline-block;font-size:16px;padding:0 4px;vertical-align:middle;background-repeat:repeat;overflow:hidden;padding:0;cursor:pointer;box-sizing:content-box\"><svg style=\"display:block;\" focusable=\"false\" aria-hidden=\"true\" xmlns=\"http:\/\/www.w3.org\/2000\/svg\" width=\"100%\" height=\"100%\" viewBox=\"-2 -2 35 35\"><path fill=\"#fff\" d=\"M16.539 4.5c-6.277 0-9.442 4.5-9.442 8.253 0 2.272.86 4.293 2.705 5.046.303.125.574.005.662-.33.061-.231.205-.816.27-1.06.088-.331.053-.447-.191-.736-.532-.627-.873-1.439-.873-2.591 0-3.338 2.498-6.327 6.505-6.327 3.548 0 5.497 2.168 5.497 5.062 0 3.81-1.686 7.025-4.188 7.025-1.382 0-2.416-1.142-2.085-2.545.397-1.674 1.166-3.48 1.166-4.689 0-1.081-.581-1.983-1.782-1.983-1.413 0-2.548 1.462-2.548 3.419 0 1.247.421 2.091.421 2.091l-1.699 7.199c-.505 2.137-.076 4.755-.039 5.019.021.158.223.196.314.077.13-.17 1.813-2.247 2.384-4.324.162-.587.929-3.631.929-3.631.46.876 1.801 1.646 3.227 1.646 4.247 0 7.128-3.871 7.128-9.053.003-3.918-3.317-7.568-8.361-7.568z\"\/><\/svg><\/span><\/a><a aria-label=\"Whatsapp\" class=\"heateor_sss_whatsapp\" href=\"https:\/\/api.whatsapp.com\/send?text=Il%20partito%20nel%20sistema%20di%20governo%20%28a%20margine%20delle%20recenti%20vicende%20del%20PD%29%20https%3A%2F%2Fwww.lacostituzione.info%2Findex.php%2F2021%2F03%2F27%2Fil-partito-nel-sistema-di-governo-a-margine-delle-recenti-vicende-del-pd%2F\" title=\"Whatsapp\" rel=\"nofollow noopener\" target=\"_blank\" style=\"font-size:32px!important;box-shadow:none;display:inline-block;vertical-align:middle\"><span class=\"heateor_sss_svg\" style=\"background-color:#55eb4c;width:35px;height:35px;display:inline-block;opacity:1;float:left;font-size:32px;box-shadow:none;display:inline-block;font-size:16px;padding:0 4px;vertical-align:middle;background-repeat:repeat;overflow:hidden;padding:0;cursor:pointer;box-sizing:content-box\"><svg style=\"display:block;\" focusable=\"false\" aria-hidden=\"true\" xmlns=\"http:\/\/www.w3.org\/2000\/svg\" width=\"100%\" height=\"100%\" viewBox=\"-6 -5 40 40\"><path class=\"heateor_sss_svg_stroke heateor_sss_no_fill\" stroke=\"#fff\" stroke-width=\"2\" fill=\"none\" d=\"M 11.579798566743314 24.396926207859085 A 10 10 0 1 0 6.808479557110079 20.73576436351046\"><\/path><path d=\"M 7 19 l -1 6 l 6 -1\" class=\"heateor_sss_no_fill heateor_sss_svg_stroke\" stroke=\"#fff\" stroke-width=\"2\" fill=\"none\"><\/path><path d=\"M 10 10 q -1 8 8 11 c 5 -1 0 -6 -1 -3 q -4 -3 -5 -5 c 4 -2 -1 -5 -1 -4\" fill=\"#fff\"><\/path><\/svg><\/span><\/a><\/div><div class=\"heateorSssClear\"><\/div><\/div><div class='heateorSssClear'><\/div>","protected":false},"author":16,"featured_media":0,"comment_status":"open","ping_status":"open","sticky":false,"template":"","format":"standard","meta":{"jetpack_post_was_ever_published":false,"_jetpack_newsletter_access":"","_jetpack_dont_email_post_to_subs":false,"_jetpack_newsletter_tier_id":0,"_jetpack_memberships_contains_paywalled_content":false,"_jetpack_memberships_contains_paid_content":false,"footnotes":"","jetpack_publicize_message":"","jetpack_publicize_feature_enabled":true,"jetpack_social_post_already_shared":false,"jetpack_social_options":{"image_generator_settings":{"template":"highway","default_image_id":0,"enabled":false},"version":2}},"categories":[12],"tags":[1549,315,129],"class_list":["post-7678","post","type-post","status-publish","format-standard","hentry","category-editoriale","tag-enrico-letta","tag-gruppi-parlamentari","tag-pd"],"jetpack_publicize_connections":[],"jetpack_featured_media_url":"","jetpack_shortlink":"https:\/\/wp.me\/p84sDq-1ZQ","jetpack_likes_enabled":true,"jetpack_sharing_enabled":true,"_links":{"self":[{"href":"https:\/\/www.lacostituzione.info\/index.php\/wp-json\/wp\/v2\/posts\/7678","targetHints":{"allow":["GET"]}}],"collection":[{"href":"https:\/\/www.lacostituzione.info\/index.php\/wp-json\/wp\/v2\/posts"}],"about":[{"href":"https:\/\/www.lacostituzione.info\/index.php\/wp-json\/wp\/v2\/types\/post"}],"author":[{"embeddable":true,"href":"https:\/\/www.lacostituzione.info\/index.php\/wp-json\/wp\/v2\/users\/16"}],"replies":[{"embeddable":true,"href":"https:\/\/www.lacostituzione.info\/index.php\/wp-json\/wp\/v2\/comments?post=7678"}],"version-history":[{"count":0,"href":"https:\/\/www.lacostituzione.info\/index.php\/wp-json\/wp\/v2\/posts\/7678\/revisions"}],"wp:attachment":[{"href":"https:\/\/www.lacostituzione.info\/index.php\/wp-json\/wp\/v2\/media?parent=7678"}],"wp:term":[{"taxonomy":"category","embeddable":true,"href":"https:\/\/www.lacostituzione.info\/index.php\/wp-json\/wp\/v2\/categories?post=7678"},{"taxonomy":"post_tag","embeddable":true,"href":"https:\/\/www.lacostituzione.info\/index.php\/wp-json\/wp\/v2\/tags?post=7678"}],"curies":[{"name":"wp","href":"https:\/\/api.w.org\/{rel}","templated":true}]}}