{"id":7693,"date":"2021-04-08T16:12:43","date_gmt":"2021-04-08T14:12:43","guid":{"rendered":"http:\/\/www.lacostituzione.info\/?p=7693"},"modified":"2021-04-08T16:12:45","modified_gmt":"2021-04-08T14:12:45","slug":"i-giudici-europei-tra-emergenza-climatica-e-consequenzialismo","status":"publish","type":"post","link":"https:\/\/www.lacostituzione.info\/index.php\/2021\/04\/08\/i-giudici-europei-tra-emergenza-climatica-e-consequenzialismo\/","title":{"rendered":"I giudici europei tra emergenza climatica e &#8220;consequenzialismo&#8221;"},"content":{"rendered":"\n<p style=\"text-align: center;\"><a href=\"http:\/\/www.lacostituzione.info\/wp-content\/uploads\/2021\/04\/Incendio-Portogallo.jpg\"><img loading=\"lazy\" decoding=\"async\" data-attachment-id=\"7694\" data-permalink=\"https:\/\/www.lacostituzione.info\/index.php\/2021\/04\/08\/i-giudici-europei-tra-emergenza-climatica-e-consequenzialismo\/incendio-portogallo\/#main\" data-orig-file=\"https:\/\/www.lacostituzione.info\/wp-content\/uploads\/2021\/04\/Incendio-Portogallo.jpg\" data-orig-size=\"275,183\" data-comments-opened=\"1\" data-image-meta=\"{&quot;aperture&quot;:&quot;0&quot;,&quot;credit&quot;:&quot;&quot;,&quot;camera&quot;:&quot;&quot;,&quot;caption&quot;:&quot;&quot;,&quot;created_timestamp&quot;:&quot;0&quot;,&quot;copyright&quot;:&quot;&quot;,&quot;focal_length&quot;:&quot;0&quot;,&quot;iso&quot;:&quot;0&quot;,&quot;shutter_speed&quot;:&quot;0&quot;,&quot;title&quot;:&quot;&quot;,&quot;orientation&quot;:&quot;0&quot;}\" data-image-title=\"Incendio Portogallo\" data-image-description=\"\" data-image-caption=\"\" data-medium-file=\"https:\/\/www.lacostituzione.info\/wp-content\/uploads\/2021\/04\/Incendio-Portogallo.jpg\" data-large-file=\"https:\/\/www.lacostituzione.info\/wp-content\/uploads\/2021\/04\/Incendio-Portogallo.jpg\" class=\"aligncenter size-thumbnail wp-image-7694\" src=\"http:\/\/www.lacostituzione.info\/wp-content\/uploads\/2021\/04\/Incendio-Portogallo-150x150.jpg\" alt=\"\" width=\"150\" height=\"150\" \/><\/a>di <strong>Michele Carducci<\/strong><\/p>\n<p>Alcuni recenti orientamenti giurisprudenziali europei consentono di formulare preliminari osservazioni sul tema del ruolo del giudice di fronte al fenomeno del cambiamento climatico antropogenico e all&#8217;interpretazione delle sue conseguenze.<!--more--><\/p>\n<p>Nell&#8217;era dell&#8217;emergenza climatica planetaria (accertata dalla comunit\u00e0 scientifica e dichiarata dalle istituzioni internazionali e sovranazionali), i giudici, chiamati a esprimersi sulle imputazioni statali delle emissioni climalteranti che mantengono o alimentano lo stato emergenziale, sono di fatto indotti a interrogarsi su due questioni, derivanti dalla particolare natura del fenomeno fattuale presupposto all&#8217;azione: la tutela giudiziale effettiva dei ricorrenti rispetto agli effetti delle emissioni climalteranti, oggetto di giudizio: le conseguenze &#8220;<em>ultra partes<\/em>&#8221; delle loro pronunce per via della portata globale delle medesime emissioni climalteranti.<\/p>\n<p>Essi, in altre parole, si trasformano inesorabilmente in giudici &#8220;consequenzialisti&#8221; (sui caratteri di questa tipologia di giudice, cfr. V. Capasso, <em>Giudici consequenzialisti<\/em>, Napoli, ESI, 2020), regolatori del rischio nella doppia dimensione &#8220;bipolare&#8221;, del rapporto tra attore e convenuto, e &#8220;multipolare&#8221;, dello scenario fattuale del cambiamento climatico (cfr. E.R. de Jong, <em>Tort Law and Judicial Risk Regulation. <\/em><em>Bipolar and Multipolar Risk Reasoning in Light of Tort Law\u2019s Regulatory Effects<\/em>, in 9 <em>European J. Risk Regulation<\/em>, 1, 2018, 14-33).<\/p>\n<p>Questo &#8220;consequenzialismo&#8221;, tuttavia, non appare omogeneamente trattato. Le prime esperienze giurisprudenziali europee sembrerebbero delineare circuiti argomentativi differenziati, segnati, prima ancora che dalle opzioni ermeneutiche del giudicante, dalle induzioni strategiche degli attori ricorrenti e dal tipo di decisione reclamata.<\/p>\n<p>Due casi permettono di confermare l&#8217;ipotesi.<\/p>\n<p>Il primo riguarda l&#8217;Unione europea con il c.d. &#8220;<em>People&#8217;s Climate Case<\/em>&#8221; del 25 marzo 2021. La Corte di giustizia (nella Causa C-565\/19P) ha dichiarato inammissibile un ricorso per annullamento, promosso da 37 cittadini europei operanti nel settore agricolo e dell&#8217;allevamento, reputatisi danneggiati dagli effetti del cambiamento climatico, a loro avviso non sufficientemente contrastati dagli atti normativi europei. Nel rigetto, la Corte utilizza un classico argomento a contenuto consequenzialista di carattere &#8220;bipolare&#8221;, ossia riferito esclusivamente al rapporto tra attore e convenuto. In sintesi, l&#8217;ordito giudiziale \u00e8 stato il seguente:<\/p>\n<p>&#8211; la circostanza che gli effetti del cambiamento climatico colpiscano tutti e possano essere diversi da persona a persona, dipendendo dalle situazioni specifiche di tempo e luogo di ciascuno, non implica di per s\u00e9 la legittimazione ad agire contro atti di portata generale, pretendendo di far valere, rispetto ad essi, la propria individuale vulnerabilit\u00e0 climatica;<\/p>\n<p>&#8211; ai fini dell&#8217;impugnazione, il rapporto dedotto in giudizio deve investire non il nesso fattuale tra cambiamento climatico e vulnerabilit\u00e0 soggettiva, bens\u00ec la relazione formale tra atto impugnato e suo destinatario;<\/p>\n<p>&#8211; se questa relazione \u00e8 esclusa dal contenuto dell&#8217;atto impugnato o non \u00e8 contemplata da altra fonte del diritto europeo, l&#8217;accesso al giudice non \u00e8 ammesso, come del resto pi\u00f9 volte ribadito dalla Corte sin dalla Sentenza del 15 luglio 1963 &#8220;<em>Plaumann c.\/ Commissione<\/em>&#8221; (25\/62, EU:C:1963:17).<\/p>\n<p>Il carattere &#8220;bipolare&#8221; del ragionamento giudiziale consequenzialista deriva dunque dall&#8217;imputare agli atti e alle fonti formali l&#8217;individuazione del rapporto diretto tra atto produttivo del fenomeno fattuale (l&#8217;emissione climalterante) ed effetti di vulnerazione: se esso sussiste, nulla osta alla legittimazione ad agire.<\/p>\n<p>Nel caso di specie, i 37 ricorrenti non si sono mossi nella direzione della ricerca della fonte del rapporto bipolare diretto, avendo preferito insistere sulla inadeguatezza materiale delle misure europee di contrasto al cambiamento climatico e sui danni derivanti, patiti da tutti i cittadini europei e quindi anche da loro. Cos\u00ec procedendo, essi hanno paradossalmente facilitato il rigetto dell&#8217;iniziativa.<\/p>\n<p>In prospettiva inversa, di natura anch&#8217;essa consequenzialista ma &#8220;multipolare&#8221;, ossia riferita all&#8217;intero contesto fattuale della decisione da assumere, sembra muoversi la Corte europea dei diritti dell&#8217;uomo, nel caso &#8220;<em>Duarte Agostinho et al c\/ 33 Stati<\/em>&#8221; (App. n. 369371\/20). Si tratta di un ricorso <em>per saltum<\/em>, promosso da sei giovani portoghesi (quattro bambini e due adolescenti) nei confronti di 33 Stati, tra cui l&#8217;Italia, imputati di eludere le proprie obbligazioni climatiche di riduzione delle emissioni per omessa considerazione della responsabilit\u00e0 comune ma differenziata, richiesta dagli accordi internazionali sul clima. L&#8217;iniziativa, unica nel suo genere, \u00e8 corredata da una serie di documenti scientifici, tesi a comprovare questa mancata condivisione di responsabilit\u00e0, attraverso la misurazione del contributo emissivo individuale degli Stati all&#8217;interno e all&#8217;esterno dei propri confini, inclusivo delle emissioni da esportazione di combustibili fossili, importazione di beni a &#8220;carbonio incorporato&#8221; (ossia climalteranti nel ciclo di produzione del bene), attivit\u00e0 di imprese multinazionali con sede legale nei territori statali o partecipazione-finanziamento degli Stati convenuti.<\/p>\n<p>La differenza dal &#8220;<em>People&#8217;s Climate Case<\/em>&#8221; sembra risiedere nell&#8217;approccio dei ricorrenti CEDU. Essi non si sono limitati ad affermare l&#8217;incidenza del fenomeno del cambiamento climatico sulle loro vite, imputandone la responsabilit\u00e0 &#8220;pro quota&#8221; ad atti o azioni degli Stati. Hanno provveduto a identificare parametri normativi internazionali di dettaglio (gli accordi sulla responsabilit\u00e0 statale comune ma differenziata in materia climatica), per vagliarne l&#8217;adempimento in buona fede attraverso rilevazioni scientifiche di identificazione delle provenienze emissive. Hanno poi insistito sulla situazione di &#8220;emergenza climatica&#8221; accertata dalla scienza, per rimarcare l&#8217;urgenza dell&#8217;istanza e il carattere planetario delle responsabilit\u00e0 comuni statali. La strategia argomentativa, in altre parole, \u00e8 risultata essere di tipo normativo, prima ancora che meramente materiale, come tentato invece dai 37 cittadini europei del &#8220;<em>People&#8217;s Climate Case<\/em>&#8220;. Anche il ricorso all&#8217;evidenza scientifica e all&#8217;emergenza climatica risulta funzionale non alla descrizione dello scenario di vulnerazione generalizzata, bens\u00ec alla cognizione concreta dell&#8217;obbligazione solidale degli Stati nell&#8217;urgenza appunto di adempiervi.<\/p>\n<p>I 33 Stati hanno provato a vanificare l&#8217;ordito, eccependone l&#8217;inammissibilit\u00e0 con due argomenti anch&#8217;essi consequenzialisti, ma &#8220;bipolari&#8221;, simili, cio\u00e8, a quelli della Corte di Lussemburgo del &#8220;<em>People&#8217;s Climate Case<\/em>&#8220;. A loro avviso, per un verso, i ricorrenti non starebbero incorrendo in alcun pericolo imminente, imputabile a specifici atti statali; per altro verso, le politiche climatiche statali non sarebbero sindacabili in sede giudiziale, proprio per carenza di relazione &#8220;bipolare&#8221; diretta con le presunte vittime.<\/p>\n<p>La Corte di Strasburgo, per\u00f2, non ha ceduto a questo approccio e ha concesso al caso lo status di priorit\u00e0 sulla base \u00ab<em>dell&#8217;importanza e dell&#8217;urgenza delle questioni sollevate<\/em>\u00bb, imponendo ai convenuti di produrre le loro memorie difensive di merito entro il 27 maggio 2021. Secondo i giudici, infatti, la questione dedotta sarebbe meritevole di cognizione proprio per la sua portata &#8220;multipolare&#8221;, suffragata dal diritto internazionale climatico delle responsabilit\u00e0 statali comuni ancorch\u00e9 differenziate. Del resto, nel caso &#8220;<em>Duarte Agostinho et al c\/ 33 Stati<\/em>&#8220;, \u00e8 stato applicato l&#8217;orientamento selettivo dei ricorsi, aggiornato il 17 marzo del 2021 con il documento <em>A Court that matters\/Une Cour qui compte. A strategy for more targeted and effective case-processing<\/em>. Tale approccio \u00e8 contraddistinto dalla logica dei c.d. &#8220;casi di impatto&#8221;, identificati secondo criteri non a caso di natura consequenzialista &#8220;multipolare&#8221;. Infatti, in tale categoria rientrerebbero tutte le controversie che potrebbero: portare a un mutamento o chiarimento di legislazione o prassi internazionale o nazionale; coinvolgere questioni morali o sociali transnazionali; riguardare l&#8217;emersione di nuove dimensioni dei diritti umani attraverso la dichiarazione giudiziale di violazione della Convenzione ecc&#8230;<\/p>\n<p>I &#8220;casi&#8221; sul cambiamento climatico si prestano agevolmente a\u00a0 questa rubricazione &#8220;di impatto&#8221;: e le ragioni sono almeno quattro, non riscontrabili nella giurisprudenza &#8220;bipolare&#8221; UE, da &#8220;<em>Plaumann c.\/ Commissione<\/em>&#8221; in poi.<\/p>\n<p>In primo luogo, \u00e8 lo stesso diritto internazionale climatico a favorire le qualificazioni di &#8220;impatto&#8221;, nel momento in cui rubrica il cambiamento climatico come &#8220;minaccia urgente&#8221; (si v. la <em>Decision<\/em> 1\/CP.21 del 2015 dell&#8217;UNFCCC per l&#8217;adozione dell&#8217;Accordo di Parigi), riguardante tutti gli Stati e il genere umano. Com&#8217;\u00e8 noto, il diritto internazionale assume un ruolo integrativo del parametro convenzionale della Corte di Strasburgo (si v. il caso &#8220;<em>Demir e Baykara c\/ Turchia<\/em>&#8220;, App n. 34503\/97, Corte EDU 12 novembre 2008, \u00a7\u00a7 85-86), sicch\u00e9 aver giocato la carta delle responsabilit\u00e0 comuni per vincolo internazionale ha imposto alla Corte di aprirsi a una prospettiva &#8220;multipolare&#8221; di fonti di inquadramento del rapporto dedotto in giudizio, ignoto invece al quadro giurisprudenziale UE, dove, sin dal &#8220;<em>caso Haegeman<\/em>&#8221; (Causa C-181\/73), gli accordi internazionali entrano nell&#8217;ordinamento europeo se conclusi dalla stessa UE e dunque vincolanti essa come tale, non i singoli Stati.<\/p>\n<p>In secondo luogo, le fonti di cognizione scientifica e di <em>soft law<\/em> sono utilizzate da tempo dalla Corte europea dei diritti umani in una logica non semplicemente probatoria, ma di integrazione del <em>consensus<\/em> <em>\u00a0democratico<\/em> sugli standard effettivi di tutela dei diritti umani (si v. in proposito P. Pinto de Albuquerque, <em>Plaidoyer for the European Court of Human Rights<\/em>, in <em>European Human Rights L. Rev., <\/em>2, 2018, 119-133). Scienza e <em>soft law<\/em>, in pratica, condizionano e limitano il &#8220;margine di appezzamento&#8221; degli Stati sottoposti a giudizio e permettono di verificare se eventuali limitazioni dei diritti umani risultino \u00ab<em>necessarie in una societ\u00e0 democratica<\/em>\u00bb per ragioni derivanti da acquisizioni scientifiche diffuse o condivisione di standard di condotta. Aver allegato fonti scientifiche internazionali e istituzionali (a partire dai <em>Report<\/em> dell&#8217;IPCC, il Panel Intergovernativo sul Cambiamento Climatico dell&#8217;ONU, al quale partecipano i rappresentanti governativi degli Stati convenuti) ha imposto al giudice l&#8217;onere di non sottovalutare il <em>consensus<\/em> scientifico sugli obiettivi quantitativi e i tempi di mitigazione, ridimensionando di riflesso il &#8220;margine di apprezzamento&#8221; rivendicato dagli Stati.<\/p>\n<p>In terzo luogo, gli effetti del cambiamento climatico sono per natura indivisibili. La connessa questione dei danni non pu\u00f2 essere ridotta a imputazione di un determinato atto, come argomentato invece nel &#8220;<em>People&#8217;s Climate Case<\/em>&#8220;. Essa riflette il concorso solidale degli Stati responsabili delle emissioni e solo in questa dimensione pu\u00f2 essere discussa in una sede giudiziale internazionale. Del resto, gi\u00e0 nel caso &#8220;<em>Ilascu et al. c.\/ Moldova e Russia<\/em>&#8221; (App. n. 23687\/05, Corte EDU 2 giugno 2012), era stata ammessa la responsabilit\u00e0 di uno Stato per effetti estesi al di fuori della sua giurisdizione.<\/p>\n<p>In quarto luogo, non va sottovalutato il differente intervento giudiziale, richiesto dagli istanti nei due casi europei: annullamento di atti e risarcimento del danno, per il giudizio UE;\u00a0 dichiarazione di violazione della Convenzione senza ordine di riduzione delle emissioni, per quello EDU.<\/p>\n<p>Sembra allora profilarsi una divario di sostanza, non solo di strategia argomentativa, tra i due giudici &#8220;consequenzialisti&#8221;. Se il loro compito \u00e8 &#8220;dichiarare&#8221; ma non &#8220;annullare&#8221;, l&#8217;approccio &#8220;multipolare&#8221; appare percorribile perch\u00e9, di fatto, pi\u00f9 simbolico che effettivo. Il mancato rispetto della responsabilit\u00e0 climatica condivisa in termini di violazione dei diritti umani CEDU permetter\u00e0, infatti, di consolidare parametri normativi gi\u00e0 esistenti, accertati in una proiezione di specificazione regionale. Niente di pi\u00f9. Per andare oltre, sar\u00e0 necessario riutilizzare quella giurisprudenza convenzionale in sede domestica dei singoli Stati, dove provare a invocare l&#8217;interpretazione &#8220;climaticamente orientata&#8221; del parametro CEDU nel quadro di specifiche responsabilit\u00e0 civili o pubbliche di diritto interno. In conclusione, la &#8220;multipolarit\u00e0&#8221; sortir\u00e0 effetti concreti solo in termini consequenziali ed eventuali.<\/p>\n<p>Tutto questo conferma la duttilit\u00e0 dell&#8217;approccio &#8220;consequenzialista&#8221; del giudice europeo, rispetto alla tutela effettiva dei diritti nello scenario del cambiamento climatico. Se &#8220;consequenzialismo&#8221; significa che le propriet\u00e0 di una decisione dipendono soltanto dalle conseguenze, non pu\u00f2 non osservarsi, alla luce dei recenti due casi europei, quanto le strategie argomentative a suo sostegno possano differire e di fatto differiscano sotto diversi aspetti: dall&#8217;oggetto preso in considerazione nel ragionamento &#8220;consequenzialista&#8221; (singoli atti da annullare piuttosto che fonti integrative da assumere come parametro di accertamento e dichiarazione delle responsabilit\u00e0); al metodo di valutazione delle conseguenze prese in esame (&#8220;bipolare&#8221; di qualificazione del rapporto tra attore e convenuto, come nel &#8220;<em>People&#8217;s Climate Case<\/em>&#8220;, invece che &#8220;multipolare&#8221; di cognizione, attraverso la scienza, dei contributi degli Stati all&#8217;emergenza planetaria, come nel caso &#8220;<em>Duarte Agostinho<\/em>&#8220;); all&#8217;impatto delle decisioni finali (di annullamento sovranazionale o di accertamento internazionale ad eventuale effetto consequenziale di illegittimit\u00e0 interna).<\/p>\n<p>Ancora una volta, il contenzioso climatico si dimostra fecondo di inesplorati percorsi di comparazione tra formanti giurisprudenziali.<\/p>\n","protected":false},"excerpt":{"rendered":"<p>di Michele Carducci Alcuni recenti orientamenti giurisprudenziali europei consentono di formulare preliminari osservazioni sul tema del ruolo del giudice di fronte al fenomeno del cambiamento climatico antropogenico e all&#8217;interpretazione delle sue conseguenze.<\/p>\n<div class='heateorSssClear'><\/div><div  class='heateor_sss_sharing_container heateor_sss_horizontal_sharing' data-heateor-sss-href='https:\/\/www.lacostituzione.info\/index.php\/2021\/04\/08\/i-giudici-europei-tra-emergenza-climatica-e-consequenzialismo\/'><div class='heateor_sss_sharing_title' style=\"font-weight:bold\" >Condividi!<\/div><div class=\"heateor_sss_sharing_ul\"><a aria-label=\"Facebook\" class=\"heateor_sss_facebook\" href=\"https:\/\/www.facebook.com\/sharer\/sharer.php?u=https%3A%2F%2Fwww.lacostituzione.info%2Findex.php%2F2021%2F04%2F08%2Fi-giudici-europei-tra-emergenza-climatica-e-consequenzialismo%2F\" title=\"Facebook\" rel=\"nofollow noopener\" target=\"_blank\" style=\"font-size:32px!important;box-shadow:none;display:inline-block;vertical-align:middle\"><span class=\"heateor_sss_svg\" style=\"background-color:#0765FE;width:35px;height:35px;display:inline-block;opacity:1;float:left;font-size:32px;box-shadow:none;display:inline-block;font-size:16px;padding:0 4px;vertical-align:middle;background-repeat:repeat;overflow:hidden;padding:0;cursor:pointer;box-sizing:content-box\"><svg style=\"display:block;\" focusable=\"false\" aria-hidden=\"true\" xmlns=\"http:\/\/www.w3.org\/2000\/svg\" width=\"100%\" height=\"100%\" viewBox=\"0 0 32 32\"><path fill=\"#fff\" d=\"M28 16c0-6.627-5.373-12-12-12S4 9.373 4 16c0 5.628 3.875 10.35 9.101 11.647v-7.98h-2.474V16H13.1v-1.58c0-4.085 1.849-5.978 5.859-5.978.76 0 2.072.15 2.608.298v3.325c-.283-.03-.775-.045-1.386-.045-1.967 0-2.728.745-2.728 2.683V16h3.92l-.673 3.667h-3.247v8.245C23.395 27.195 28 22.135 28 16Z\"><\/path><\/svg><\/span><\/a><a aria-label=\"Twitter\" class=\"heateor_sss_button_twitter\" href=\"https:\/\/twitter.com\/intent\/tweet?text=I%20giudici%20europei%20tra%20emergenza%20climatica%20e%20%22consequenzialismo%22&url=https%3A%2F%2Fwww.lacostituzione.info%2Findex.php%2F2021%2F04%2F08%2Fi-giudici-europei-tra-emergenza-climatica-e-consequenzialismo%2F\" title=\"Twitter\" rel=\"nofollow noopener\" target=\"_blank\" style=\"font-size:32px!important;box-shadow:none;display:inline-block;vertical-align:middle\"><span class=\"heateor_sss_svg heateor_sss_s__default heateor_sss_s_twitter\" style=\"background-color:#55acee;width:35px;height:35px;display:inline-block;opacity:1;float:left;font-size:32px;box-shadow:none;display:inline-block;font-size:16px;padding:0 4px;vertical-align:middle;background-repeat:repeat;overflow:hidden;padding:0;cursor:pointer;box-sizing:content-box\"><svg style=\"display:block;\" focusable=\"false\" aria-hidden=\"true\" xmlns=\"http:\/\/www.w3.org\/2000\/svg\" width=\"100%\" height=\"100%\" viewBox=\"-4 -4 39 39\"><path d=\"M28 8.557a9.913 9.913 0 0 1-2.828.775 4.93 4.93 0 0 0 2.166-2.725 9.738 9.738 0 0 1-3.13 1.194 4.92 4.92 0 0 0-3.593-1.55 4.924 4.924 0 0 0-4.794 6.049c-4.09-.21-7.72-2.17-10.15-5.15a4.942 4.942 0 0 0-.665 2.477c0 1.71.87 3.214 2.19 4.1a4.968 4.968 0 0 1-2.23-.616v.06c0 2.39 1.7 4.38 3.952 4.83-.414.115-.85.174-1.297.174-.318 0-.626-.03-.928-.086a4.935 4.935 0 0 0 4.6 3.42 9.893 9.893 0 0 1-6.114 2.107c-.398 0-.79-.023-1.175-.068a13.953 13.953 0 0 0 7.55 2.213c9.056 0 14.01-7.507 14.01-14.013 0-.213-.005-.426-.015-.637.96-.695 1.795-1.56 2.455-2.55z\" fill=\"#fff\"><\/path><\/svg><\/span><\/a><a aria-label=\"Reddit\" class=\"heateor_sss_button_reddit\" href=\"https:\/\/reddit.com\/submit?url=https%3A%2F%2Fwww.lacostituzione.info%2Findex.php%2F2021%2F04%2F08%2Fi-giudici-europei-tra-emergenza-climatica-e-consequenzialismo%2F&title=I%20giudici%20europei%20tra%20emergenza%20climatica%20e%20%22consequenzialismo%22\" title=\"Reddit\" rel=\"nofollow noopener\" target=\"_blank\" style=\"font-size:32px!important;box-shadow:none;display:inline-block;vertical-align:middle\"><span class=\"heateor_sss_svg heateor_sss_s__default heateor_sss_s_reddit\" style=\"background-color:#ff5700;width:35px;height:35px;display:inline-block;opacity:1;float:left;font-size:32px;box-shadow:none;display:inline-block;font-size:16px;padding:0 4px;vertical-align:middle;background-repeat:repeat;overflow:hidden;padding:0;cursor:pointer;box-sizing:content-box\"><svg style=\"display:block;\" focusable=\"false\" aria-hidden=\"true\" xmlns=\"http:\/\/www.w3.org\/2000\/svg\" width=\"100%\" height=\"100%\" viewBox=\"-3.5 -3.5 39 39\"><path d=\"M28.543 15.774a2.953 2.953 0 0 0-2.951-2.949 2.882 2.882 0 0 0-1.9.713 14.075 14.075 0 0 0-6.85-2.044l1.38-4.349 3.768.884a2.452 2.452 0 1 0 .24-1.176l-4.274-1a.6.6 0 0 0-.709.4l-1.659 5.224a14.314 14.314 0 0 0-7.316 2.029 2.908 2.908 0 0 0-1.872-.681 2.942 2.942 0 0 0-1.618 5.4 5.109 5.109 0 0 0-.062.765c0 4.158 5.037 7.541 11.229 7.541s11.22-3.383 11.22-7.541a5.2 5.2 0 0 0-.053-.706 2.963 2.963 0 0 0 1.427-2.51zm-18.008 1.88a1.753 1.753 0 0 1 1.73-1.74 1.73 1.73 0 0 1 1.709 1.74 1.709 1.709 0 0 1-1.709 1.711 1.733 1.733 0 0 1-1.73-1.711zm9.565 4.968a5.573 5.573 0 0 1-4.081 1.272h-.032a5.576 5.576 0 0 1-4.087-1.272.6.6 0 0 1 .844-.854 4.5 4.5 0 0 0 3.238.927h.032a4.5 4.5 0 0 0 3.237-.927.6.6 0 1 1 .844.854zm-.331-3.256a1.726 1.726 0 1 1 1.709-1.712 1.717 1.717 0 0 1-1.712 1.712z\" fill=\"#fff\"\/><\/svg><\/span><\/a><a aria-label=\"Linkedin\" class=\"heateor_sss_button_linkedin\" href=\"https:\/\/www.linkedin.com\/sharing\/share-offsite\/?url=https%3A%2F%2Fwww.lacostituzione.info%2Findex.php%2F2021%2F04%2F08%2Fi-giudici-europei-tra-emergenza-climatica-e-consequenzialismo%2F\" title=\"Linkedin\" rel=\"nofollow noopener\" target=\"_blank\" style=\"font-size:32px!important;box-shadow:none;display:inline-block;vertical-align:middle\"><span class=\"heateor_sss_svg heateor_sss_s__default heateor_sss_s_linkedin\" style=\"background-color:#0077b5;width:35px;height:35px;display:inline-block;opacity:1;float:left;font-size:32px;box-shadow:none;display:inline-block;font-size:16px;padding:0 4px;vertical-align:middle;background-repeat:repeat;overflow:hidden;padding:0;cursor:pointer;box-sizing:content-box\"><svg style=\"display:block;\" focusable=\"false\" aria-hidden=\"true\" xmlns=\"http:\/\/www.w3.org\/2000\/svg\" width=\"100%\" height=\"100%\" viewBox=\"0 0 32 32\"><path d=\"M6.227 12.61h4.19v13.48h-4.19V12.61zm2.095-6.7a2.43 2.43 0 0 1 0 4.86c-1.344 0-2.428-1.09-2.428-2.43s1.084-2.43 2.428-2.43m4.72 6.7h4.02v1.84h.058c.56-1.058 1.927-2.176 3.965-2.176 4.238 0 5.02 2.792 5.02 6.42v7.395h-4.183v-6.56c0-1.564-.03-3.574-2.178-3.574-2.18 0-2.514 1.7-2.514 3.46v6.668h-4.187V12.61z\" fill=\"#fff\"><\/path><\/svg><\/span><\/a><a aria-label=\"Pinterest\" class=\"heateor_sss_button_pinterest\" href=\"https:\/\/www.lacostituzione.info\/index.php\/2021\/04\/08\/i-giudici-europei-tra-emergenza-climatica-e-consequenzialismo\/\" onclick=\"event.preventDefault();javascript:void( (function() {var e=document.createElement('script' );e.setAttribute('type','text\/javascript' );e.setAttribute('charset','UTF-8' );e.setAttribute('src','\/\/assets.pinterest.com\/js\/pinmarklet.js?r='+Math.random()*99999999);document.body.appendChild(e)})());\" title=\"Pinterest\" rel=\"noopener\" style=\"font-size:32px!important;box-shadow:none;display:inline-block;vertical-align:middle\"><span class=\"heateor_sss_svg heateor_sss_s__default heateor_sss_s_pinterest\" style=\"background-color:#cc2329;width:35px;height:35px;display:inline-block;opacity:1;float:left;font-size:32px;box-shadow:none;display:inline-block;font-size:16px;padding:0 4px;vertical-align:middle;background-repeat:repeat;overflow:hidden;padding:0;cursor:pointer;box-sizing:content-box\"><svg style=\"display:block;\" focusable=\"false\" aria-hidden=\"true\" xmlns=\"http:\/\/www.w3.org\/2000\/svg\" width=\"100%\" height=\"100%\" viewBox=\"-2 -2 35 35\"><path fill=\"#fff\" d=\"M16.539 4.5c-6.277 0-9.442 4.5-9.442 8.253 0 2.272.86 4.293 2.705 5.046.303.125.574.005.662-.33.061-.231.205-.816.27-1.06.088-.331.053-.447-.191-.736-.532-.627-.873-1.439-.873-2.591 0-3.338 2.498-6.327 6.505-6.327 3.548 0 5.497 2.168 5.497 5.062 0 3.81-1.686 7.025-4.188 7.025-1.382 0-2.416-1.142-2.085-2.545.397-1.674 1.166-3.48 1.166-4.689 0-1.081-.581-1.983-1.782-1.983-1.413 0-2.548 1.462-2.548 3.419 0 1.247.421 2.091.421 2.091l-1.699 7.199c-.505 2.137-.076 4.755-.039 5.019.021.158.223.196.314.077.13-.17 1.813-2.247 2.384-4.324.162-.587.929-3.631.929-3.631.46.876 1.801 1.646 3.227 1.646 4.247 0 7.128-3.871 7.128-9.053.003-3.918-3.317-7.568-8.361-7.568z\"\/><\/svg><\/span><\/a><a aria-label=\"Whatsapp\" class=\"heateor_sss_whatsapp\" href=\"https:\/\/api.whatsapp.com\/send?text=I%20giudici%20europei%20tra%20emergenza%20climatica%20e%20%22consequenzialismo%22%20https%3A%2F%2Fwww.lacostituzione.info%2Findex.php%2F2021%2F04%2F08%2Fi-giudici-europei-tra-emergenza-climatica-e-consequenzialismo%2F\" title=\"Whatsapp\" rel=\"nofollow noopener\" target=\"_blank\" style=\"font-size:32px!important;box-shadow:none;display:inline-block;vertical-align:middle\"><span class=\"heateor_sss_svg\" style=\"background-color:#55eb4c;width:35px;height:35px;display:inline-block;opacity:1;float:left;font-size:32px;box-shadow:none;display:inline-block;font-size:16px;padding:0 4px;vertical-align:middle;background-repeat:repeat;overflow:hidden;padding:0;cursor:pointer;box-sizing:content-box\"><svg style=\"display:block;\" focusable=\"false\" aria-hidden=\"true\" xmlns=\"http:\/\/www.w3.org\/2000\/svg\" width=\"100%\" height=\"100%\" viewBox=\"-6 -5 40 40\"><path class=\"heateor_sss_svg_stroke heateor_sss_no_fill\" stroke=\"#fff\" stroke-width=\"2\" fill=\"none\" d=\"M 11.579798566743314 24.396926207859085 A 10 10 0 1 0 6.808479557110079 20.73576436351046\"><\/path><path d=\"M 7 19 l -1 6 l 6 -1\" class=\"heateor_sss_no_fill heateor_sss_svg_stroke\" stroke=\"#fff\" stroke-width=\"2\" fill=\"none\"><\/path><path d=\"M 10 10 q -1 8 8 11 c 5 -1 0 -6 -1 -3 q -4 -3 -5 -5 c 4 -2 -1 -5 -1 -4\" fill=\"#fff\"><\/path><\/svg><\/span><\/a><\/div><div class=\"heateorSssClear\"><\/div><\/div><div class='heateorSssClear'><\/div>","protected":false},"author":1,"featured_media":0,"comment_status":"open","ping_status":"open","sticky":false,"template":"","format":"standard","meta":{"jetpack_post_was_ever_published":false,"_jetpack_newsletter_access":"","_jetpack_dont_email_post_to_subs":false,"_jetpack_newsletter_tier_id":0,"_jetpack_memberships_contains_paywalled_content":false,"_jetpack_memberships_contains_paid_content":false,"footnotes":"","jetpack_publicize_message":"","jetpack_publicize_feature_enabled":true,"jetpack_social_post_already_shared":false,"jetpack_social_options":{"image_generator_settings":{"template":"highway","default_image_id":0,"enabled":false},"version":2}},"categories":[5],"tags":[240,423,602],"class_list":["post-7693","post","type-post","status-publish","format-standard","hentry","category-lavori-in-corso","tag-clima","tag-corte-di-giustizia","tag-corte-europea-diritti-delluomo"],"jetpack_publicize_connections":[],"jetpack_featured_media_url":"","jetpack_shortlink":"https:\/\/wp.me\/p84sDq-205","jetpack_likes_enabled":true,"jetpack_sharing_enabled":true,"_links":{"self":[{"href":"https:\/\/www.lacostituzione.info\/index.php\/wp-json\/wp\/v2\/posts\/7693","targetHints":{"allow":["GET"]}}],"collection":[{"href":"https:\/\/www.lacostituzione.info\/index.php\/wp-json\/wp\/v2\/posts"}],"about":[{"href":"https:\/\/www.lacostituzione.info\/index.php\/wp-json\/wp\/v2\/types\/post"}],"author":[{"embeddable":true,"href":"https:\/\/www.lacostituzione.info\/index.php\/wp-json\/wp\/v2\/users\/1"}],"replies":[{"embeddable":true,"href":"https:\/\/www.lacostituzione.info\/index.php\/wp-json\/wp\/v2\/comments?post=7693"}],"version-history":[{"count":0,"href":"https:\/\/www.lacostituzione.info\/index.php\/wp-json\/wp\/v2\/posts\/7693\/revisions"}],"wp:attachment":[{"href":"https:\/\/www.lacostituzione.info\/index.php\/wp-json\/wp\/v2\/media?parent=7693"}],"wp:term":[{"taxonomy":"category","embeddable":true,"href":"https:\/\/www.lacostituzione.info\/index.php\/wp-json\/wp\/v2\/categories?post=7693"},{"taxonomy":"post_tag","embeddable":true,"href":"https:\/\/www.lacostituzione.info\/index.php\/wp-json\/wp\/v2\/tags?post=7693"}],"curies":[{"name":"wp","href":"https:\/\/api.w.org\/{rel}","templated":true}]}}