{"id":7696,"date":"2021-04-08T16:43:51","date_gmt":"2021-04-08T14:43:51","guid":{"rendered":"http:\/\/www.lacostituzione.info\/?p=7696"},"modified":"2021-04-08T19:33:03","modified_gmt":"2021-04-08T17:33:03","slug":"quel-che-i-presidenti-delle-camere-non-dicono-allon-raffaele-volpi","status":"publish","type":"post","link":"https:\/\/www.lacostituzione.info\/index.php\/2021\/04\/08\/quel-che-i-presidenti-delle-camere-non-dicono-allon-raffaele-volpi\/","title":{"rendered":"Quel che i Presidenti delle Camere non dicono all&#8217;on. Raffaele Volpi"},"content":{"rendered":"\n<p>di\u00a0<strong>Salvatore Curreri<a href=\"http:\/\/www.lacostituzione.info\/wp-content\/uploads\/2021\/04\/Raffaele_Volpi.jpg\"><img loading=\"lazy\" decoding=\"async\" data-attachment-id=\"7697\" data-permalink=\"https:\/\/www.lacostituzione.info\/index.php\/2021\/04\/08\/quel-che-i-presidenti-delle-camere-non-dicono-allon-raffaele-volpi\/raffaele_volpi\/#main\" data-orig-file=\"https:\/\/www.lacostituzione.info\/wp-content\/uploads\/2021\/04\/Raffaele_Volpi.jpg\" data-orig-size=\"180,240\" data-comments-opened=\"1\" data-image-meta=\"{&quot;aperture&quot;:&quot;0&quot;,&quot;credit&quot;:&quot;&quot;,&quot;camera&quot;:&quot;&quot;,&quot;caption&quot;:&quot;&quot;,&quot;created_timestamp&quot;:&quot;0&quot;,&quot;copyright&quot;:&quot;&quot;,&quot;focal_length&quot;:&quot;0&quot;,&quot;iso&quot;:&quot;0&quot;,&quot;shutter_speed&quot;:&quot;0&quot;,&quot;title&quot;:&quot;&quot;,&quot;orientation&quot;:&quot;0&quot;}\" data-image-title=\"Raffaele_Volpi\" data-image-description=\"\" data-image-caption=\"\" data-medium-file=\"https:\/\/www.lacostituzione.info\/wp-content\/uploads\/2021\/04\/Raffaele_Volpi.jpg\" data-large-file=\"https:\/\/www.lacostituzione.info\/wp-content\/uploads\/2021\/04\/Raffaele_Volpi.jpg\" class=\"alignright size-thumbnail wp-image-7697\" src=\"http:\/\/www.lacostituzione.info\/wp-content\/uploads\/2021\/04\/Raffaele_Volpi-150x150.jpg\" alt=\"\" width=\"150\" height=\"150\" \/><\/a><\/strong><\/p>\n<p>Di seguito, la lettera che avrei voluto che i Presidenti delle Camere avessero spedito al Presidente del Comitato parlamentare per la sicurezza della Repubblica.<!--more--><\/p>\n<p>Gentile Presidente,<\/p>\n<p>le delicate questioni poste da Lei nella Sua del 23 febbraio scorso, nonch\u00e9 dai Presidenti dei Gruppi parlamentari di Fratelli d\u2019Italia nella Loro dello scorso 8 marzo, circa le eventuali conseguenze prodotte dai mutati equilibri parlamentari conseguenti alla formazione del nuovo Governo sulla composizione e sulla Presidenza della Comitato parlamentare per la sicurezza della Repubblica meritano la massima attenzione e un\u2019articolata risposta.<\/p>\n<p>Com\u2019\u00e8 noto, l\u2019articolo 30 della legge n. 124 del 2007, che ha dato un nuovo assetto al Sistema di informazione per la sicurezza della Repubblica, istituisce il Comitato parlamentare per la sicurezza della Repubblica cui attribuisce il compito di verificare \u201cin modo sistematico e continuativo\u201d, che l\u2019attivit\u00e0 di tale Sistema \u201csi svolga nel rispetto della Costituzione, delle leggi, nell\u2019esclusivo interesse e per la difesa della Repubblica e delle sue istituzioni\u201d (comma 2).<\/p>\n<p>A tal fine, il legislatore ha previsto che tale Comitato sia \u201ccomposto da cinque deputati e cinque senatori, [da noi] nominati entro venti giorni dall\u2019inizio di ogni legislatura (\u2026) in proporzione al numero dei componenti dei gruppi parlamentari, garantendo comunque la rappresentanza paritaria della maggioranza e delle opposizioni e tenendo conto della specificit\u00e0 dei compiti del Comitato\u201d (comma 1). Infine, il Presidente di tale Comitato \u00e8 eletto a maggioranza assoluta dei componenti \u201ctra i componenti appartenenti ai gruppi di opposizione\u201d (comma 3).<\/p>\n<p>Ancor prima che al criterio di proporzionalit\u00e0, la composizione di tale Comitato deve quindi corrispondere a quello della rappresentanza paritaria dei parlamentari di maggioranza ed opposizione, annoverandosi tra questi quanti non abbiano votato la fiducia al Governo.<\/p>\n<p>La <em>ratio<\/em> sottesa a tali disposizioni \u00e8 chiara: consentire al Parlamento di esercitare la sua attivit\u00e0 di controllo e di garanzia su un settore delicato, strategico ed estremamente riservato dell\u2019attivit\u00e0 di Governo (il che spiega il numero ristretto dei componenti del Comitato) &#8211; come sono i c.d. Servizi segreti &#8211; attraverso un apposito organo bicamerale composto in modo da evitare che la maggioranza profitti della sua prevalenza numerica per respingere o vanificare le iniziative dell\u2019opposizione.<\/p>\n<p>\u00c8 infatti primario interesse pi\u00f9 dell\u2019opposizione che della maggioranza di governo sottoporre a controllo e stretta vigilanza l\u2019attivit\u00e0 dei c.d. servizi segreti, ad esempio: procedendo a periodiche audizioni del Presidente del Consiglio, dei ministri facenti parte del Comitato interministeriale per la sicurezza della Repubblica, del direttore generale del Dipartimento delle informazioni per la sicurezza e dei direttori dell\u2019Agenzia informazioni e sicurezza sia esterna (AISE) che interna (AISI); ottenendo dall\u2019autorit\u00e0 giudiziaria copia di atti e documenti relativi a procedimenti e inchieste in corso o dagli uffici della pubblica amministrazione copia di documenti in loro possesso, eventualmente insistendo presso il Presidente del Consiglio qualora non coperti dal segreto di Stato; disponendo, infine, \u00a0indagini sulla rispondenza del comportamento di appartenenti dei servizi di informazione per la sicurezza ai compiti istituzionali previsti dalla legge<\/p>\n<p>Tale <em>ratio<\/em> trova ulteriore conferma, come detto, nell\u2019attribuzione della Presidenza di tale Comitato ad un esponente di un gruppo di opposizione di modo che, nell\u2019esercizio dei poteri di direzione che sono propri di tale carica, egli abbia tutto l\u2019interesse ad imprimere il massimo impulso alle sue attivit\u00e0 ispettive e di controllo sull\u2019operato del Governo e del sottostante Sistema di informazione. \u00a0<\/p>\n<p>In definitiva, quindi, tanto la rappresentanza paritaria della maggioranza e dell\u2019opposizione quanto l\u2019attribuzione della presidenza ad un esponente di quest\u2019ultima hanno una solida e razionale giustificazione perch\u00e9 tendono a potenziare il controllo parlamentare sui servizi d\u2019informazione, sottraendolo al rapporto di solidariet\u00e0 politica, e alla conseguente disciplina di partito, esistente tra la maggioranza e il Governo.<\/p>\n<p>\u00c8 alla luce di tali considerazioni che vanno pertanto affrontate e risolve le delicate questioni da Lei poste circa, come detto, la composizione e la Presidenza della Comitato parlamentare per la sicurezza della Repubblica in considerazione del nuovo scenario politico che vede i gruppi parlamentari di Fratelli d\u2019Italia essere gli unici ad aver votato contro la mozione di fiducia all\u2019attuale Governo.<\/p>\n<p>Riguardo alla composizione del Comitato, la conseguenza di tale nuovo scenario politico dovrebbe essere duplice: da un lato, la sovra-rappresentazione del gruppo parlamentare di Fratelli d\u2019Italia che, come unica opposizione, con appena 33 deputati (pari al 5,23% del totale) e 19 senatori (5,91%) avrebbe diritto al 50% dei suoi componenti; dall\u2019altro, rovesciando i termini del problema, la sotto-rappresentazione e financo l\u2019assenza di tutti i gruppi della ampia maggioranza parlamentare che sostiene il governo Draghi. \u00c8 verosimile, infatti, che i cinque seggi spettanti alla maggioranza potrebbero rilevarsi insufficienti.<\/p>\n<p>Dal punto di vista della maggioranza il problema \u00e8 chiaramente irrisolvibile, come confermano i precedenti. Chiamata a pronunciarsi sulla composizione del Comitato, la Giunta per il regolamento della Camera, nella seduta del 21 maggio 2008, pur dichiarandosi incompetente a pronunciarsi su un organo bicamerale previsto per legge e non dai regolamenti parlamentari, volle comunque per cortesia istituzionale nei confronti del gruppo richiedente (l\u2019Udc) precisare che tutte le forze politiche, sia di maggioranza che di opposizione, non hanno diritto ad essere rappresentati in tale organo. Tale problema, del resto, si \u00e8 posto in maniera particolarmente esigente nella XVII legislatura quando, a seguito del passaggio del senatore Esposito da Forza Italia al Nuovo centro destra, la prima rest\u00f2 senza rappresentanti nel Comitato per ben due anni. A nulla, allora, valsero le due apposite riunioni congiunte della Conferenza dei capigruppo di Camera e Senato convocate per trovare un accordo per cui alla fine fu necessario approvare un\u2019apposita disposizione legislativa per ampliare di due unit\u00e0 la composizione di tale organo solo per la XVII legislatura (v. art. 20 l. 145\/2016 recante \u201cDisposizioni concernenti la partecipazione dell\u2019Italia alle missioni internazionali\u201d).<\/p>\n<p>Piuttosto, \u00e8 dal lato dell\u2019opposizione, anzich\u00e9 della maggioranza, che il problema andrebbe risolto. \u00c8 evidente, infatti, che la sovra-rappresentazione della prima sarebbe concausa della sotto-rappresentazione della seconda. Una situazione che pare esito imprevisto e irragionevole di disposizioni che, nel prevedere una rappresentanza paritaria tra maggioranza ed opposizione, evidentemente presupponevano rapporti di forza non cos\u00ec sensibilmente squilibrati, come gli attuali, con una maggioranza parlamentare numericamente superiore al novanta per cento a fronte di un unico gruppo di opposizione, come detto, con una consistenza numerica corrispondente a poco meno del 6 per cento dei seggi complessivi delle due camere. Del resto, non pare inutile qui ricordare che la citata legge n. 124\/2007 fu approvata mentre era in vigore la legge elettorale n. 270\/2005 che, fissando il premio di maggioranza nel 54% dei seggi (almeno alla Camera a livello nazionale), di contro riservata il restante 46% alle minoranze e, quindi, con tutta probabilit\u00e0, alle opposizioni.<\/p>\n<p>Sotto questo profilo, dunque, riteniamo che la composizione del Comitato parlamentare per la sicurezza della Repubblica non vada mutata perch\u00e9 il criterio della pariteticit\u00e0 tra maggioranza e opposizioni non pu\u00f2, nell\u2019attuale situazione politica, giustificare una cos\u00ec sensibile alterazione del criterio di rappresentanza proporzionale tra le forze politiche, determinando una palese sovradimensionamento dell\u2019unico Gruppo di opposizione.<\/p>\n<p>Del resto, l\u2019aver il legislatore, nel citato articolo 30, comma 1, previsto che i membri del CO.PA.SIR. debbano essere nominati \u201cin proporzione al numero dei componenti dei gruppi parlamentari, garantendo comunque la rappresentanza paritaria della maggioranza e delle opposizioni\u201d, induce a ritenere che il criterio di pariteticit\u00e0 non sia alternativo a quello di proporzionalit\u00e0 ma piuttosto vi si innesti, attenuandone gli effetti maggioritari. Di conseguenza, una composizione del Comitato interamente basata sulla pariteticit\u00e0 tra maggioranza ed opposizione (elevando a cinque il numero di esponenti di Fratelli d\u2019Italia) finirebbe per negare del tutto, anzich\u00e9 semplicemente correggere, il criterio di proporzionalit\u00e0.<\/p>\n<p>Ci\u00f2 posto, \u00e8 vivo nostro auspicio che il Presidente del Comitato eserciti i propri poteri affinch\u00e9 le eventuali richieste e iniziative degli esponenti di Fratelli d\u2019Italia siano considerate dal Comitato con la massima e responsabile attenzione perch\u00e9 giustappunto provenienti dall\u2019unico gruppo di opposizione e siano quindi sottratte ad una logica di mera prevalenza numerica.<\/p>\n<p>Riguardo invece alla Presidenza del Comitato parlamentare per la sicurezza della Repubblica, riteniamo che essa vada attribuita ad un esponente dei gruppi parlamentari di Fratelli d\u2019Italia, quale unica opposizione.<\/p>\n<p>A favore di tale conclusione depone innanzi tutto la chiara lettera e la <em>ratio<\/em> della disposizione che, come detto, nell\u2019ottica di una moderna traduzione ed applicazione del principio della separazione dei poteri, attribuisce all\u2019opposizione le presidenze degli organi di controllo sull\u2019operato della maggioranza e di garanzia del corretto funzionamento dell\u2019attivit\u00e0 parlamentare.<\/p>\n<p>In tal senso depone, inoltre, l\u2019unico precedente che si pu\u00f2 richiamare al riguardo. Per quanto assolutamente eccezionale, l\u2019attuale situazione politico-parlamentare non \u00e8 infatti nuova. Dopo la nascita del governo Monti (16 novembre 2011) si pose infatti il problema, analogo all\u2019attuale, se alla Lega Nord \u2013 quale unica forza politica ad aver votato contro la fiducia \u2013 dovesse spettare anche la presidenza del CO.PA.SIR.<\/p>\n<p>Ebbene, in quell\u2019occasione l\u2019allora suo Presidente, l\u2019on. D\u2019Alema (il quale peraltro era subentrato all\u2019on. Rutelli che aveva avvertito il dovere di dimettersi dalla carica dopo aver abbandonato il Partito democratico, pur rimanendo egli all\u2019opposizione) avvert\u00ec per apprezzabile senso di correttezza e responsabilit\u00e0 istituzionale il dovere di rimettere il proprio mandato ai Presidenti delle Camere, dopo che il gruppo parlamentare del Partito democratico cui apparteneva aveva deciso di votare la fiducia al governo Monti.<\/p>\n<p>Fu solo per decisione unanime dei gruppi parlamentari &#8211; ed in specie della Lega Nord che, pur potendolo per legge, non volle rivendicare per s\u00e9 tale Presidenza &#8211; che l\u2019on. D\u2019Alema rimase in carica fino al termine della legislatura, forte evidentemente della correttezza e dell\u2019imparzialit\u00e0 che gli furono allora riconosciute da tutte le forze politiche, indipendentemente dal suo essere diventato esponente di un gruppo di maggioranza.<\/p>\n<p>La mancata applicazione, in quell\u2019occasione, della disposizione che vuole il Presidente del Comitato appartenere ad un gruppo d\u2019opposizione, con conseguente mancata decadenza del Presidente D\u2019Alema, fu quindi dovuta al raggiungimento tra le forze politiche di quel consenso unanime che permette loro di poter, giustappunto <em>nemine contradicente<\/em>, derogare alle norme di natura parlamentare.<\/p>\n<p>La disponibilit\u00e0 della disposizione normativa da parte delle forze politiche che ne sono beneficiarie, in nome dell\u2019autonomia delle camere, non toglie nulla alla sua forza precettiva qualora esse volessero azionarla.<\/p>\n<p>In secondo luogo, contro la conclusione cui siamo pervenuti non vale opporre l\u2019argomento secondo cui, ai sensi del citato articolo 30, comma 3, legge 124 del 2007 il Presidente deve appartenere ai gruppi di opposizione solo al momento dell\u2019elezione per cui, in mancanza di una espressa clausola di decadenza, l\u2019eventuale passaggio dall\u2019opposizione alla maggioranza suo o del suo gruppo sarebbero irrilevanti ai fini della sua permanenza in carica.<\/p>\n<p>Ci pare evidente, infatti, che una simile interpretazione, strettamente e rigidamente letterale, della disposizione in questione ne vanificherebbe radicalmente la <em>ratio<\/em> che &#8211; vale la pena ribadire \u2013 \u00e8 quella di sottrarre la presidenza di tali organi di garanzia e di controllo a chi, appartenendo alla maggioranza, potrebbe avere l\u2019interesse (magari anche episodico) a non dare alla loro attivit\u00e0 il massimo e tempestivo impulso, \u201ctenendo conto della specificit\u00e0 dei compiti del Comitato\u201d, come opportunamente evidenziato dal citato art. 30, comma 1.<\/p>\n<p>\u00c8 proprio in ragione delle sue funzioni di garanzia che la carica di Presidente del Comitato, ai fini del buon andamento dei relativi lavori, deve essere sempre ricoperta da un esponente di un gruppo di opposizione.<\/p>\n<p>Il voler confinare l\u2019appartenenza all\u2019opposizione del Presidente del CO.PA.SIR. al solo momento della sua elezione, quasi come se fosse uno stigma indelebile per l\u2019intera legislatura, prescindendo del tutto dalle possibili e, in certo senso, nel nostro sistema parlamentare ampiamente prevedibili mutamenti del quadro politico (se non financo legate alle scelte politiche personali), significherebbe tradire il senso ed il significato di regole il cui rispetto \u2013 speriamo vorr\u00e0 convenire &#8211; dovrebbe essere superiore interesse di tutte le forze politiche, nel loro ciclico alternarsi nei ruoli di maggioranza ed opposizione.<\/p>\n<p>Per tutto quanto sopra, gentile Presidente, La invitiamo fermamente a voler prendere in seria considerazione l\u2019opportunit\u00e0 che Ella rassegni le sue dimissioni onde permettere la pronta Sua sostituzione con esponente dell\u2019attuale unico gruppo di opposizione e permettere cos\u00ec la regolare prosecuzione dei lavori del Comitato nella pienezza e regolarit\u00e0 delle sue funzioni.<\/p>\n<p>Con i migliori saluti<\/p>\n","protected":false},"excerpt":{"rendered":"<p>di\u00a0Salvatore Curreri Di seguito, la lettera che avrei voluto che i Presidenti delle Camere avessero spedito al Presidente del Comitato parlamentare per la sicurezza della Repubblica.<\/p>\n<div class='heateorSssClear'><\/div><div  class='heateor_sss_sharing_container heateor_sss_horizontal_sharing' data-heateor-sss-href='https:\/\/www.lacostituzione.info\/index.php\/2021\/04\/08\/quel-che-i-presidenti-delle-camere-non-dicono-allon-raffaele-volpi\/'><div class='heateor_sss_sharing_title' style=\"font-weight:bold\" >Condividi!<\/div><div class=\"heateor_sss_sharing_ul\"><a aria-label=\"Facebook\" class=\"heateor_sss_facebook\" href=\"https:\/\/www.facebook.com\/sharer\/sharer.php?u=https%3A%2F%2Fwww.lacostituzione.info%2Findex.php%2F2021%2F04%2F08%2Fquel-che-i-presidenti-delle-camere-non-dicono-allon-raffaele-volpi%2F\" title=\"Facebook\" rel=\"nofollow noopener\" target=\"_blank\" style=\"font-size:32px!important;box-shadow:none;display:inline-block;vertical-align:middle\"><span class=\"heateor_sss_svg\" style=\"background-color:#0765FE;width:35px;height:35px;display:inline-block;opacity:1;float:left;font-size:32px;box-shadow:none;display:inline-block;font-size:16px;padding:0 4px;vertical-align:middle;background-repeat:repeat;overflow:hidden;padding:0;cursor:pointer;box-sizing:content-box\"><svg style=\"display:block;\" focusable=\"false\" aria-hidden=\"true\" xmlns=\"http:\/\/www.w3.org\/2000\/svg\" width=\"100%\" height=\"100%\" viewBox=\"0 0 32 32\"><path fill=\"#fff\" d=\"M28 16c0-6.627-5.373-12-12-12S4 9.373 4 16c0 5.628 3.875 10.35 9.101 11.647v-7.98h-2.474V16H13.1v-1.58c0-4.085 1.849-5.978 5.859-5.978.76 0 2.072.15 2.608.298v3.325c-.283-.03-.775-.045-1.386-.045-1.967 0-2.728.745-2.728 2.683V16h3.92l-.673 3.667h-3.247v8.245C23.395 27.195 28 22.135 28 16Z\"><\/path><\/svg><\/span><\/a><a aria-label=\"Twitter\" class=\"heateor_sss_button_twitter\" href=\"https:\/\/twitter.com\/intent\/tweet?text=Quel%20che%20i%20Presidenti%20delle%20Camere%20non%20dicono%20all%27on.%20Raffaele%20Volpi&url=https%3A%2F%2Fwww.lacostituzione.info%2Findex.php%2F2021%2F04%2F08%2Fquel-che-i-presidenti-delle-camere-non-dicono-allon-raffaele-volpi%2F\" title=\"Twitter\" rel=\"nofollow noopener\" target=\"_blank\" style=\"font-size:32px!important;box-shadow:none;display:inline-block;vertical-align:middle\"><span class=\"heateor_sss_svg heateor_sss_s__default heateor_sss_s_twitter\" style=\"background-color:#55acee;width:35px;height:35px;display:inline-block;opacity:1;float:left;font-size:32px;box-shadow:none;display:inline-block;font-size:16px;padding:0 4px;vertical-align:middle;background-repeat:repeat;overflow:hidden;padding:0;cursor:pointer;box-sizing:content-box\"><svg style=\"display:block;\" focusable=\"false\" aria-hidden=\"true\" xmlns=\"http:\/\/www.w3.org\/2000\/svg\" width=\"100%\" height=\"100%\" viewBox=\"-4 -4 39 39\"><path d=\"M28 8.557a9.913 9.913 0 0 1-2.828.775 4.93 4.93 0 0 0 2.166-2.725 9.738 9.738 0 0 1-3.13 1.194 4.92 4.92 0 0 0-3.593-1.55 4.924 4.924 0 0 0-4.794 6.049c-4.09-.21-7.72-2.17-10.15-5.15a4.942 4.942 0 0 0-.665 2.477c0 1.71.87 3.214 2.19 4.1a4.968 4.968 0 0 1-2.23-.616v.06c0 2.39 1.7 4.38 3.952 4.83-.414.115-.85.174-1.297.174-.318 0-.626-.03-.928-.086a4.935 4.935 0 0 0 4.6 3.42 9.893 9.893 0 0 1-6.114 2.107c-.398 0-.79-.023-1.175-.068a13.953 13.953 0 0 0 7.55 2.213c9.056 0 14.01-7.507 14.01-14.013 0-.213-.005-.426-.015-.637.96-.695 1.795-1.56 2.455-2.55z\" fill=\"#fff\"><\/path><\/svg><\/span><\/a><a aria-label=\"Reddit\" class=\"heateor_sss_button_reddit\" href=\"https:\/\/reddit.com\/submit?url=https%3A%2F%2Fwww.lacostituzione.info%2Findex.php%2F2021%2F04%2F08%2Fquel-che-i-presidenti-delle-camere-non-dicono-allon-raffaele-volpi%2F&title=Quel%20che%20i%20Presidenti%20delle%20Camere%20non%20dicono%20all%27on.%20Raffaele%20Volpi\" title=\"Reddit\" rel=\"nofollow noopener\" target=\"_blank\" style=\"font-size:32px!important;box-shadow:none;display:inline-block;vertical-align:middle\"><span class=\"heateor_sss_svg heateor_sss_s__default heateor_sss_s_reddit\" style=\"background-color:#ff5700;width:35px;height:35px;display:inline-block;opacity:1;float:left;font-size:32px;box-shadow:none;display:inline-block;font-size:16px;padding:0 4px;vertical-align:middle;background-repeat:repeat;overflow:hidden;padding:0;cursor:pointer;box-sizing:content-box\"><svg style=\"display:block;\" focusable=\"false\" aria-hidden=\"true\" xmlns=\"http:\/\/www.w3.org\/2000\/svg\" width=\"100%\" height=\"100%\" viewBox=\"-3.5 -3.5 39 39\"><path d=\"M28.543 15.774a2.953 2.953 0 0 0-2.951-2.949 2.882 2.882 0 0 0-1.9.713 14.075 14.075 0 0 0-6.85-2.044l1.38-4.349 3.768.884a2.452 2.452 0 1 0 .24-1.176l-4.274-1a.6.6 0 0 0-.709.4l-1.659 5.224a14.314 14.314 0 0 0-7.316 2.029 2.908 2.908 0 0 0-1.872-.681 2.942 2.942 0 0 0-1.618 5.4 5.109 5.109 0 0 0-.062.765c0 4.158 5.037 7.541 11.229 7.541s11.22-3.383 11.22-7.541a5.2 5.2 0 0 0-.053-.706 2.963 2.963 0 0 0 1.427-2.51zm-18.008 1.88a1.753 1.753 0 0 1 1.73-1.74 1.73 1.73 0 0 1 1.709 1.74 1.709 1.709 0 0 1-1.709 1.711 1.733 1.733 0 0 1-1.73-1.711zm9.565 4.968a5.573 5.573 0 0 1-4.081 1.272h-.032a5.576 5.576 0 0 1-4.087-1.272.6.6 0 0 1 .844-.854 4.5 4.5 0 0 0 3.238.927h.032a4.5 4.5 0 0 0 3.237-.927.6.6 0 1 1 .844.854zm-.331-3.256a1.726 1.726 0 1 1 1.709-1.712 1.717 1.717 0 0 1-1.712 1.712z\" fill=\"#fff\"\/><\/svg><\/span><\/a><a aria-label=\"Linkedin\" class=\"heateor_sss_button_linkedin\" href=\"https:\/\/www.linkedin.com\/sharing\/share-offsite\/?url=https%3A%2F%2Fwww.lacostituzione.info%2Findex.php%2F2021%2F04%2F08%2Fquel-che-i-presidenti-delle-camere-non-dicono-allon-raffaele-volpi%2F\" title=\"Linkedin\" rel=\"nofollow noopener\" target=\"_blank\" style=\"font-size:32px!important;box-shadow:none;display:inline-block;vertical-align:middle\"><span class=\"heateor_sss_svg heateor_sss_s__default heateor_sss_s_linkedin\" style=\"background-color:#0077b5;width:35px;height:35px;display:inline-block;opacity:1;float:left;font-size:32px;box-shadow:none;display:inline-block;font-size:16px;padding:0 4px;vertical-align:middle;background-repeat:repeat;overflow:hidden;padding:0;cursor:pointer;box-sizing:content-box\"><svg style=\"display:block;\" focusable=\"false\" aria-hidden=\"true\" xmlns=\"http:\/\/www.w3.org\/2000\/svg\" width=\"100%\" height=\"100%\" viewBox=\"0 0 32 32\"><path d=\"M6.227 12.61h4.19v13.48h-4.19V12.61zm2.095-6.7a2.43 2.43 0 0 1 0 4.86c-1.344 0-2.428-1.09-2.428-2.43s1.084-2.43 2.428-2.43m4.72 6.7h4.02v1.84h.058c.56-1.058 1.927-2.176 3.965-2.176 4.238 0 5.02 2.792 5.02 6.42v7.395h-4.183v-6.56c0-1.564-.03-3.574-2.178-3.574-2.18 0-2.514 1.7-2.514 3.46v6.668h-4.187V12.61z\" fill=\"#fff\"><\/path><\/svg><\/span><\/a><a aria-label=\"Pinterest\" class=\"heateor_sss_button_pinterest\" href=\"https:\/\/www.lacostituzione.info\/index.php\/2021\/04\/08\/quel-che-i-presidenti-delle-camere-non-dicono-allon-raffaele-volpi\/\" onclick=\"event.preventDefault();javascript:void( (function() {var e=document.createElement('script' );e.setAttribute('type','text\/javascript' );e.setAttribute('charset','UTF-8' );e.setAttribute('src','\/\/assets.pinterest.com\/js\/pinmarklet.js?r='+Math.random()*99999999);document.body.appendChild(e)})());\" title=\"Pinterest\" rel=\"noopener\" style=\"font-size:32px!important;box-shadow:none;display:inline-block;vertical-align:middle\"><span class=\"heateor_sss_svg heateor_sss_s__default heateor_sss_s_pinterest\" style=\"background-color:#cc2329;width:35px;height:35px;display:inline-block;opacity:1;float:left;font-size:32px;box-shadow:none;display:inline-block;font-size:16px;padding:0 4px;vertical-align:middle;background-repeat:repeat;overflow:hidden;padding:0;cursor:pointer;box-sizing:content-box\"><svg style=\"display:block;\" focusable=\"false\" aria-hidden=\"true\" xmlns=\"http:\/\/www.w3.org\/2000\/svg\" width=\"100%\" height=\"100%\" viewBox=\"-2 -2 35 35\"><path fill=\"#fff\" d=\"M16.539 4.5c-6.277 0-9.442 4.5-9.442 8.253 0 2.272.86 4.293 2.705 5.046.303.125.574.005.662-.33.061-.231.205-.816.27-1.06.088-.331.053-.447-.191-.736-.532-.627-.873-1.439-.873-2.591 0-3.338 2.498-6.327 6.505-6.327 3.548 0 5.497 2.168 5.497 5.062 0 3.81-1.686 7.025-4.188 7.025-1.382 0-2.416-1.142-2.085-2.545.397-1.674 1.166-3.48 1.166-4.689 0-1.081-.581-1.983-1.782-1.983-1.413 0-2.548 1.462-2.548 3.419 0 1.247.421 2.091.421 2.091l-1.699 7.199c-.505 2.137-.076 4.755-.039 5.019.021.158.223.196.314.077.13-.17 1.813-2.247 2.384-4.324.162-.587.929-3.631.929-3.631.46.876 1.801 1.646 3.227 1.646 4.247 0 7.128-3.871 7.128-9.053.003-3.918-3.317-7.568-8.361-7.568z\"\/><\/svg><\/span><\/a><a aria-label=\"Whatsapp\" class=\"heateor_sss_whatsapp\" href=\"https:\/\/api.whatsapp.com\/send?text=Quel%20che%20i%20Presidenti%20delle%20Camere%20non%20dicono%20all%27on.%20Raffaele%20Volpi%20https%3A%2F%2Fwww.lacostituzione.info%2Findex.php%2F2021%2F04%2F08%2Fquel-che-i-presidenti-delle-camere-non-dicono-allon-raffaele-volpi%2F\" title=\"Whatsapp\" rel=\"nofollow noopener\" target=\"_blank\" style=\"font-size:32px!important;box-shadow:none;display:inline-block;vertical-align:middle\"><span class=\"heateor_sss_svg\" style=\"background-color:#55eb4c;width:35px;height:35px;display:inline-block;opacity:1;float:left;font-size:32px;box-shadow:none;display:inline-block;font-size:16px;padding:0 4px;vertical-align:middle;background-repeat:repeat;overflow:hidden;padding:0;cursor:pointer;box-sizing:content-box\"><svg style=\"display:block;\" focusable=\"false\" aria-hidden=\"true\" xmlns=\"http:\/\/www.w3.org\/2000\/svg\" width=\"100%\" height=\"100%\" viewBox=\"-6 -5 40 40\"><path class=\"heateor_sss_svg_stroke heateor_sss_no_fill\" stroke=\"#fff\" stroke-width=\"2\" fill=\"none\" d=\"M 11.579798566743314 24.396926207859085 A 10 10 0 1 0 6.808479557110079 20.73576436351046\"><\/path><path d=\"M 7 19 l -1 6 l 6 -1\" class=\"heateor_sss_no_fill heateor_sss_svg_stroke\" stroke=\"#fff\" stroke-width=\"2\" fill=\"none\"><\/path><path d=\"M 10 10 q -1 8 8 11 c 5 -1 0 -6 -1 -3 q -4 -3 -5 -5 c 4 -2 -1 -5 -1 -4\" fill=\"#fff\"><\/path><\/svg><\/span><\/a><\/div><div class=\"heateorSssClear\"><\/div><\/div><div class='heateorSssClear'><\/div>","protected":false},"author":13,"featured_media":0,"comment_status":"open","ping_status":"open","sticky":false,"template":"","format":"standard","meta":{"jetpack_post_was_ever_published":false,"_jetpack_newsletter_access":"","_jetpack_dont_email_post_to_subs":false,"_jetpack_newsletter_tier_id":0,"_jetpack_memberships_contains_paywalled_content":false,"_jetpack_memberships_contains_paid_content":false,"footnotes":"","jetpack_publicize_message":"","jetpack_publicize_feature_enabled":true,"jetpack_social_post_already_shared":false,"jetpack_social_options":{"image_generator_settings":{"template":"highway","default_image_id":0,"enabled":false},"version":2}},"categories":[4],"tags":[1552,33,1097,863,1437],"class_list":["post-7696","post","type-post","status-publish","format-standard","hentry","category-attualita","tag-cosapir","tag-maggioranza","tag-minoranza","tag-opposizione","tag-presidente-di-commissione"],"jetpack_publicize_connections":[],"jetpack_featured_media_url":"","jetpack_shortlink":"https:\/\/wp.me\/p84sDq-208","jetpack_likes_enabled":true,"jetpack_sharing_enabled":true,"_links":{"self":[{"href":"https:\/\/www.lacostituzione.info\/index.php\/wp-json\/wp\/v2\/posts\/7696","targetHints":{"allow":["GET"]}}],"collection":[{"href":"https:\/\/www.lacostituzione.info\/index.php\/wp-json\/wp\/v2\/posts"}],"about":[{"href":"https:\/\/www.lacostituzione.info\/index.php\/wp-json\/wp\/v2\/types\/post"}],"author":[{"embeddable":true,"href":"https:\/\/www.lacostituzione.info\/index.php\/wp-json\/wp\/v2\/users\/13"}],"replies":[{"embeddable":true,"href":"https:\/\/www.lacostituzione.info\/index.php\/wp-json\/wp\/v2\/comments?post=7696"}],"version-history":[{"count":0,"href":"https:\/\/www.lacostituzione.info\/index.php\/wp-json\/wp\/v2\/posts\/7696\/revisions"}],"wp:attachment":[{"href":"https:\/\/www.lacostituzione.info\/index.php\/wp-json\/wp\/v2\/media?parent=7696"}],"wp:term":[{"taxonomy":"category","embeddable":true,"href":"https:\/\/www.lacostituzione.info\/index.php\/wp-json\/wp\/v2\/categories?post=7696"},{"taxonomy":"post_tag","embeddable":true,"href":"https:\/\/www.lacostituzione.info\/index.php\/wp-json\/wp\/v2\/tags?post=7696"}],"curies":[{"name":"wp","href":"https:\/\/api.w.org\/{rel}","templated":true}]}}