{"id":7700,"date":"2021-04-11T17:37:24","date_gmt":"2021-04-11T15:37:24","guid":{"rendered":"http:\/\/www.lacostituzione.info\/?p=7700"},"modified":"2021-04-11T17:37:26","modified_gmt":"2021-04-11T15:37:26","slug":"draghi-e-la-comunicazione","status":"publish","type":"post","link":"https:\/\/www.lacostituzione.info\/index.php\/2021\/04\/11\/draghi-e-la-comunicazione\/","title":{"rendered":"Draghi e la comunicazione"},"content":{"rendered":"\n<p style=\"text-align: center;\"><a href=\"http:\/\/www.lacostituzione.info\/wp-content\/uploads\/2021\/04\/draghi-erdo.jpg\"><img loading=\"lazy\" decoding=\"async\" data-attachment-id=\"7702\" data-permalink=\"https:\/\/www.lacostituzione.info\/index.php\/2021\/04\/11\/draghi-e-la-comunicazione\/draghi-erdo\/#main\" data-orig-file=\"https:\/\/www.lacostituzione.info\/wp-content\/uploads\/2021\/04\/draghi-erdo.jpg\" data-orig-size=\"275,183\" data-comments-opened=\"1\" data-image-meta=\"{&quot;aperture&quot;:&quot;0&quot;,&quot;credit&quot;:&quot;&quot;,&quot;camera&quot;:&quot;&quot;,&quot;caption&quot;:&quot;&quot;,&quot;created_timestamp&quot;:&quot;0&quot;,&quot;copyright&quot;:&quot;&quot;,&quot;focal_length&quot;:&quot;0&quot;,&quot;iso&quot;:&quot;0&quot;,&quot;shutter_speed&quot;:&quot;0&quot;,&quot;title&quot;:&quot;&quot;,&quot;orientation&quot;:&quot;0&quot;}\" data-image-title=\"draghi erdo\" data-image-description=\"\" data-image-caption=\"\" data-medium-file=\"https:\/\/www.lacostituzione.info\/wp-content\/uploads\/2021\/04\/draghi-erdo.jpg\" data-large-file=\"https:\/\/www.lacostituzione.info\/wp-content\/uploads\/2021\/04\/draghi-erdo.jpg\" class=\"size-thumbnail wp-image-7702 aligncenter\" src=\"http:\/\/www.lacostituzione.info\/wp-content\/uploads\/2021\/04\/draghi-erdo-150x150.jpg\" alt=\"\" width=\"150\" height=\"150\" \/><\/a>di\u00a0<strong>Antonio D&#8217;Andrea<\/strong><\/p>\n<p>Quando si assume la guida di una qualsiasi istituzione non solo questa finisce per essere rappresentata e persino identificata con chi \u201csale\u201d a quel livello di \u201ccomando\u201d ma, inevitabilmente, costui diventa una persona \u201cnuova\u201d che \u201ccede\u201d alla carica ricoperta molto di s\u00e9 stesso in particolare della sua sfera privata (ancorch\u00e9 questa, pur presumibilmente ridimensionata, non si possa azzerare). <!--more-->Immagino che sia cos\u00ec, piaccia o meno ai diretti interessati, in questo tempo nel quale, oltretutto, sono diffusi modi assai intrusivi (e aggressivi) di \u201ccontatti sociali\u201d; gli stessi del resto a cui prestano molta attenzione proprio coloro i quali rivestono quei ruoli direttivi per divulgare all\u2019esterno, alla portata di tutti, ci\u00f2 che ritengono utile dover comunicare, talvolta anche oltre il racconto della loro attivit\u00e0 istituzionale. In verit\u00e0 ottenere consenso ed essere apprezzati dalla pi\u00f9 vasta platea possibile costituisce un aspetto innegabile della condizione umana! Anche per questa ragione, legata alla informazione e all\u2019uso che se ne fa nel tempo presente, quale che sia la carica e quale che sia il modo si ottiene il \u201ccomando\u201d mi pare illusorio pensare che si possa dismettere o sospendere ad intermittenza l\u2019assunzione di un ruolo istituzionale anche quando in realt\u00e0 non si esercitano funzioni connesse a quella carica. Non ho detto che sia impossibile, anzi talvolta \u00e8 indispensabile \u2013 giuridicamente necessario \u2013\u00a0 saper distinguere i differenti piani dell\u2019agire individuale (si pensi al tema delicato delle immunit\u00e0 contemplate nell\u2019ordinamento costituzionale in favore del libero e indipendente esercizio di alcune ben definite funzioni pubbliche) ma, in particolare per la pubblica opinione e, a maggior ragione per coloro si occupano di informazione , lo \u201cscettro\u201d resta saldamente nelle mani di chi se lo si ritrova: e proprio in ragione di tale posizione eminente ricoperta nella societ\u00e0 costui finisce per essere \u201ccapillarmente\u201d giudicato, apprezzato o denigrato, ben oltre la valutazione di come svolge la sua attivit\u00e0 istituzionale.<\/p>\n<p>Nessuna particolare meraviglia che si possa essere sotto le lenti dell\u2019informazione quando si \u00e8 persona \u201cinteressante\u201d per il grande pubblico; si perde in questi casi persino il pieno dispiegarsi della necessaria riservatezza che limita l\u2019intrusivit\u00e0 nella nostra invalicabile sfera privata. Naturalmente so bene che, in un contesto democratico e plurale, ci sono modi e procedure differenti per ottenere prestigiosi riconoscimenti, cos\u00ec come pure si riscontrano presidenze e direzioni di vario genere, alcune delle quali condizionate dall\u2019operare, in parallelo, di altri organi, a loro volta, ricoperti da altri soggetti che potrebbero riuscire ad impedire financo il \u201cgoverno del capo\u201d. Tutte cose note, qui semplicemente richiamate per dire che \u00e8 sempre oggettivamente interessante conoscere e divulgare quel pensa e dice un \u201ccapo\u201d se si \u00e8 un operatore dell\u2019informazione. \u00a0<\/p>\n<p>\u00a0Ci\u00f2 succede in modo eclatante quando si ha la possibile di interloquire direttamente e pubblicamente con chi ricoprire una carica istituzionale di primario livello, di quelle cio\u00e8 in grado di \u201cposizionare\u201d il Paese in una direzione o in quella opposta sul piano politico specie di rilievo internazionale.<\/p>\n<p>Il Presidente del Consiglio Draghi qualche sera fa sapeva benissimo da s\u00e9 che, pur essendo stato organizzato dal suo entourage un incontro con la stampa al fine di spiegare l\u2019ennesima strategia governativa per fronteggiare la pandemia che ci affligge, era da considerarsi perfettamente logica la domanda di chi gli chiedeva, sebbene su altro e differente tema, di esprimersi \u201c a caldo\u201d sul noto episodio apparentemente \u201cprotocollare\u201d di non banale rilievo, appena verificatosi nel corso di un incontro ufficiale tra il Presidente turco e i rappresentanti di due istituzioni europee. E naturalmente sapeva altrettanto bene di dover fornire una sua risposta, senza poter nel frattempo sentire n\u00e9 gli altri capi di governo dei Paesi dell\u2019Unione Europea e neppure riunire l\u2019organo collegiale, il Consiglio dei ministri e confrontarsi con il ministro degli esteri! Sarebbe stata comunque valutabile come una presa di posizione istituzionale della personalit\u00e0 che guida il Governo italiano \u2013 certo non eletto bens\u00ec nominato secondo un meccanismo conosciuto nella gran parte delle democrazie occidentali di tipo parlamentare \u2013 anche una risposta meno ruvida rispetto a quella fornita alla stampa riunita per parlare del piano vaccinale e che non \u00e8 affatto piaciuta alla Turchia; sarebbe stato significativo lo stesso \u201cno comment\u201d magari giustificato con un\u2019espressione perplessa del tipo \u201cnon \u00e8 questa la sede per parlare di questo argomento\u201d.<\/p>\n<p>Altra considerazione.<\/p>\n<p>Credo che al Presidente Draghi non sfugga affatto (o comunque non sfugge pi\u00f9) l\u2019inevitabile, progressiva compenetrazione della sua figura nel nuovo e differente ruolo di guida politica dello Stato alla quale \u00e8 giunto dopo essere o, meglio, proprio perch\u00e9 \u00e8 stato uno stimato esponente del mondo economico e finanziario anche internazionale: si \u00e8 probabilmente illuso chi ha pensato davvero che, in attesa di una nuova e dirimente prova elettorale generale da posticipare pi\u00f9 in l\u00e0 possibile &#8211; anche per effetto dell\u2019epidemia che non aveva consentito il ritorno alla normalit\u00e0 sul versante politico-istituzionale (e naturalmente\u2026 dopo aver eletto il Capo dello Stato, evento che non sar\u00e0 posticipato perch\u00e9 si riuscir\u00e0 a far votare i parlamentari in carica e anche i delegati regionali \u201cin sicurezza\u201d) &#8211; si sarebbe potuto distinguere agevolmente la sola sapiente gestione tecnica collegata al contrasto della pandemia e all\u2019auspicato rilancio economico-sociale, affidata a Draghi e al suo Esecutivo lasciando fuori dall\u2019orbita governativa e perci\u00f2 accantonando tutto il resto, diciamo il pur impegnativo e davvero imprevedibile fronte politico residuo.<\/p>\n<p>Vedremo come si svilupper\u00e0 e se si consolider\u00e0 in ampiezza l\u2019indirizzo perseguito dal Governo in carica e se nel suo concreto operare riuscir\u00e0 a vedere confermata la sua amplissima maggioranza parlamentare di partenza. Per intanto il Presidente Draghi ha \u201cbattuto\u201d qualche colpo, al momento non completamente decifrabile, con riguardo tanto alle relazioni internazionali extra-europee (si pensi alla stessa visita ufficiale, la prima compiuta, al caotico Stato libico) quanto a quelle interne alla sua maggioranza, difendendo con fermezza l\u2019operato di uno dei ministri in carica \u2013 proprio quello posto alla guida della Sanit\u00e0 \u2013 oggetto di ricorrenti critiche da parte di una consistente componente che lo sostiene nelle Camere. Questione chiusa? Dalle parole e dai toni del \u201ccapo\u201d sembrerebbe di s\u00ec! Ma forse \u00e8 ancora troppo presto per dirlo. Il Presidente del Consiglio in un sistema parlamentare democratico non \u00e8 certo un dittatore e qualche condizionamento lo deve certo mettere nel conto ma anche di questo Draghi sembra avere assoluta consapevolezza.<\/p>\n","protected":false},"excerpt":{"rendered":"<p>di\u00a0Antonio D&#8217;Andrea Quando si assume la guida di una qualsiasi istituzione non solo questa finisce per essere rappresentata e persino identificata con chi \u201csale\u201d a quel livello di \u201ccomando\u201d ma, inevitabilmente, costui diventa una persona \u201cnuova\u201d che \u201ccede\u201d alla carica ricoperta molto di s\u00e9 stesso in particolare della sua sfera privata (ancorch\u00e9 questa, pur presumibilmente &#8230; <a title=\"Draghi e la comunicazione\" class=\"read-more\" href=\"https:\/\/www.lacostituzione.info\/index.php\/2021\/04\/11\/draghi-e-la-comunicazione\/\">Leggi tutto<\/a><\/p>\n<div class='heateorSssClear'><\/div><div  class='heateor_sss_sharing_container heateor_sss_horizontal_sharing' data-heateor-sss-href='https:\/\/www.lacostituzione.info\/index.php\/2021\/04\/11\/draghi-e-la-comunicazione\/'><div class='heateor_sss_sharing_title' style=\"font-weight:bold\" >Condividi!<\/div><div class=\"heateor_sss_sharing_ul\"><a aria-label=\"Facebook\" class=\"heateor_sss_facebook\" href=\"https:\/\/www.facebook.com\/sharer\/sharer.php?u=https%3A%2F%2Fwww.lacostituzione.info%2Findex.php%2F2021%2F04%2F11%2Fdraghi-e-la-comunicazione%2F\" title=\"Facebook\" rel=\"nofollow noopener\" target=\"_blank\" style=\"font-size:32px!important;box-shadow:none;display:inline-block;vertical-align:middle\"><span class=\"heateor_sss_svg\" style=\"background-color:#0765FE;width:35px;height:35px;display:inline-block;opacity:1;float:left;font-size:32px;box-shadow:none;display:inline-block;font-size:16px;padding:0 4px;vertical-align:middle;background-repeat:repeat;overflow:hidden;padding:0;cursor:pointer;box-sizing:content-box\"><svg style=\"display:block;\" focusable=\"false\" aria-hidden=\"true\" xmlns=\"http:\/\/www.w3.org\/2000\/svg\" width=\"100%\" height=\"100%\" viewBox=\"0 0 32 32\"><path fill=\"#fff\" d=\"M28 16c0-6.627-5.373-12-12-12S4 9.373 4 16c0 5.628 3.875 10.35 9.101 11.647v-7.98h-2.474V16H13.1v-1.58c0-4.085 1.849-5.978 5.859-5.978.76 0 2.072.15 2.608.298v3.325c-.283-.03-.775-.045-1.386-.045-1.967 0-2.728.745-2.728 2.683V16h3.92l-.673 3.667h-3.247v8.245C23.395 27.195 28 22.135 28 16Z\"><\/path><\/svg><\/span><\/a><a aria-label=\"Twitter\" class=\"heateor_sss_button_twitter\" href=\"https:\/\/twitter.com\/intent\/tweet?text=Draghi%20e%20la%20comunicazione&url=https%3A%2F%2Fwww.lacostituzione.info%2Findex.php%2F2021%2F04%2F11%2Fdraghi-e-la-comunicazione%2F\" title=\"Twitter\" rel=\"nofollow noopener\" target=\"_blank\" style=\"font-size:32px!important;box-shadow:none;display:inline-block;vertical-align:middle\"><span class=\"heateor_sss_svg heateor_sss_s__default heateor_sss_s_twitter\" style=\"background-color:#55acee;width:35px;height:35px;display:inline-block;opacity:1;float:left;font-size:32px;box-shadow:none;display:inline-block;font-size:16px;padding:0 4px;vertical-align:middle;background-repeat:repeat;overflow:hidden;padding:0;cursor:pointer;box-sizing:content-box\"><svg style=\"display:block;\" focusable=\"false\" aria-hidden=\"true\" xmlns=\"http:\/\/www.w3.org\/2000\/svg\" width=\"100%\" height=\"100%\" viewBox=\"-4 -4 39 39\"><path d=\"M28 8.557a9.913 9.913 0 0 1-2.828.775 4.93 4.93 0 0 0 2.166-2.725 9.738 9.738 0 0 1-3.13 1.194 4.92 4.92 0 0 0-3.593-1.55 4.924 4.924 0 0 0-4.794 6.049c-4.09-.21-7.72-2.17-10.15-5.15a4.942 4.942 0 0 0-.665 2.477c0 1.71.87 3.214 2.19 4.1a4.968 4.968 0 0 1-2.23-.616v.06c0 2.39 1.7 4.38 3.952 4.83-.414.115-.85.174-1.297.174-.318 0-.626-.03-.928-.086a4.935 4.935 0 0 0 4.6 3.42 9.893 9.893 0 0 1-6.114 2.107c-.398 0-.79-.023-1.175-.068a13.953 13.953 0 0 0 7.55 2.213c9.056 0 14.01-7.507 14.01-14.013 0-.213-.005-.426-.015-.637.96-.695 1.795-1.56 2.455-2.55z\" fill=\"#fff\"><\/path><\/svg><\/span><\/a><a aria-label=\"Reddit\" class=\"heateor_sss_button_reddit\" href=\"https:\/\/reddit.com\/submit?url=https%3A%2F%2Fwww.lacostituzione.info%2Findex.php%2F2021%2F04%2F11%2Fdraghi-e-la-comunicazione%2F&title=Draghi%20e%20la%20comunicazione\" title=\"Reddit\" rel=\"nofollow noopener\" target=\"_blank\" style=\"font-size:32px!important;box-shadow:none;display:inline-block;vertical-align:middle\"><span class=\"heateor_sss_svg heateor_sss_s__default heateor_sss_s_reddit\" style=\"background-color:#ff5700;width:35px;height:35px;display:inline-block;opacity:1;float:left;font-size:32px;box-shadow:none;display:inline-block;font-size:16px;padding:0 4px;vertical-align:middle;background-repeat:repeat;overflow:hidden;padding:0;cursor:pointer;box-sizing:content-box\"><svg style=\"display:block;\" focusable=\"false\" aria-hidden=\"true\" xmlns=\"http:\/\/www.w3.org\/2000\/svg\" width=\"100%\" height=\"100%\" viewBox=\"-3.5 -3.5 39 39\"><path d=\"M28.543 15.774a2.953 2.953 0 0 0-2.951-2.949 2.882 2.882 0 0 0-1.9.713 14.075 14.075 0 0 0-6.85-2.044l1.38-4.349 3.768.884a2.452 2.452 0 1 0 .24-1.176l-4.274-1a.6.6 0 0 0-.709.4l-1.659 5.224a14.314 14.314 0 0 0-7.316 2.029 2.908 2.908 0 0 0-1.872-.681 2.942 2.942 0 0 0-1.618 5.4 5.109 5.109 0 0 0-.062.765c0 4.158 5.037 7.541 11.229 7.541s11.22-3.383 11.22-7.541a5.2 5.2 0 0 0-.053-.706 2.963 2.963 0 0 0 1.427-2.51zm-18.008 1.88a1.753 1.753 0 0 1 1.73-1.74 1.73 1.73 0 0 1 1.709 1.74 1.709 1.709 0 0 1-1.709 1.711 1.733 1.733 0 0 1-1.73-1.711zm9.565 4.968a5.573 5.573 0 0 1-4.081 1.272h-.032a5.576 5.576 0 0 1-4.087-1.272.6.6 0 0 1 .844-.854 4.5 4.5 0 0 0 3.238.927h.032a4.5 4.5 0 0 0 3.237-.927.6.6 0 1 1 .844.854zm-.331-3.256a1.726 1.726 0 1 1 1.709-1.712 1.717 1.717 0 0 1-1.712 1.712z\" fill=\"#fff\"\/><\/svg><\/span><\/a><a aria-label=\"Linkedin\" class=\"heateor_sss_button_linkedin\" href=\"https:\/\/www.linkedin.com\/sharing\/share-offsite\/?url=https%3A%2F%2Fwww.lacostituzione.info%2Findex.php%2F2021%2F04%2F11%2Fdraghi-e-la-comunicazione%2F\" title=\"Linkedin\" rel=\"nofollow noopener\" target=\"_blank\" style=\"font-size:32px!important;box-shadow:none;display:inline-block;vertical-align:middle\"><span class=\"heateor_sss_svg heateor_sss_s__default heateor_sss_s_linkedin\" style=\"background-color:#0077b5;width:35px;height:35px;display:inline-block;opacity:1;float:left;font-size:32px;box-shadow:none;display:inline-block;font-size:16px;padding:0 4px;vertical-align:middle;background-repeat:repeat;overflow:hidden;padding:0;cursor:pointer;box-sizing:content-box\"><svg style=\"display:block;\" focusable=\"false\" aria-hidden=\"true\" xmlns=\"http:\/\/www.w3.org\/2000\/svg\" width=\"100%\" height=\"100%\" viewBox=\"0 0 32 32\"><path d=\"M6.227 12.61h4.19v13.48h-4.19V12.61zm2.095-6.7a2.43 2.43 0 0 1 0 4.86c-1.344 0-2.428-1.09-2.428-2.43s1.084-2.43 2.428-2.43m4.72 6.7h4.02v1.84h.058c.56-1.058 1.927-2.176 3.965-2.176 4.238 0 5.02 2.792 5.02 6.42v7.395h-4.183v-6.56c0-1.564-.03-3.574-2.178-3.574-2.18 0-2.514 1.7-2.514 3.46v6.668h-4.187V12.61z\" fill=\"#fff\"><\/path><\/svg><\/span><\/a><a aria-label=\"Pinterest\" class=\"heateor_sss_button_pinterest\" href=\"https:\/\/www.lacostituzione.info\/index.php\/2021\/04\/11\/draghi-e-la-comunicazione\/\" onclick=\"event.preventDefault();javascript:void( (function() {var e=document.createElement('script' );e.setAttribute('type','text\/javascript' );e.setAttribute('charset','UTF-8' );e.setAttribute('src','\/\/assets.pinterest.com\/js\/pinmarklet.js?r='+Math.random()*99999999);document.body.appendChild(e)})());\" title=\"Pinterest\" rel=\"noopener\" style=\"font-size:32px!important;box-shadow:none;display:inline-block;vertical-align:middle\"><span class=\"heateor_sss_svg heateor_sss_s__default heateor_sss_s_pinterest\" style=\"background-color:#cc2329;width:35px;height:35px;display:inline-block;opacity:1;float:left;font-size:32px;box-shadow:none;display:inline-block;font-size:16px;padding:0 4px;vertical-align:middle;background-repeat:repeat;overflow:hidden;padding:0;cursor:pointer;box-sizing:content-box\"><svg style=\"display:block;\" focusable=\"false\" aria-hidden=\"true\" xmlns=\"http:\/\/www.w3.org\/2000\/svg\" width=\"100%\" height=\"100%\" viewBox=\"-2 -2 35 35\"><path fill=\"#fff\" d=\"M16.539 4.5c-6.277 0-9.442 4.5-9.442 8.253 0 2.272.86 4.293 2.705 5.046.303.125.574.005.662-.33.061-.231.205-.816.27-1.06.088-.331.053-.447-.191-.736-.532-.627-.873-1.439-.873-2.591 0-3.338 2.498-6.327 6.505-6.327 3.548 0 5.497 2.168 5.497 5.062 0 3.81-1.686 7.025-4.188 7.025-1.382 0-2.416-1.142-2.085-2.545.397-1.674 1.166-3.48 1.166-4.689 0-1.081-.581-1.983-1.782-1.983-1.413 0-2.548 1.462-2.548 3.419 0 1.247.421 2.091.421 2.091l-1.699 7.199c-.505 2.137-.076 4.755-.039 5.019.021.158.223.196.314.077.13-.17 1.813-2.247 2.384-4.324.162-.587.929-3.631.929-3.631.46.876 1.801 1.646 3.227 1.646 4.247 0 7.128-3.871 7.128-9.053.003-3.918-3.317-7.568-8.361-7.568z\"\/><\/svg><\/span><\/a><a aria-label=\"Whatsapp\" class=\"heateor_sss_whatsapp\" href=\"https:\/\/api.whatsapp.com\/send?text=Draghi%20e%20la%20comunicazione%20https%3A%2F%2Fwww.lacostituzione.info%2Findex.php%2F2021%2F04%2F11%2Fdraghi-e-la-comunicazione%2F\" title=\"Whatsapp\" rel=\"nofollow noopener\" target=\"_blank\" style=\"font-size:32px!important;box-shadow:none;display:inline-block;vertical-align:middle\"><span class=\"heateor_sss_svg\" style=\"background-color:#55eb4c;width:35px;height:35px;display:inline-block;opacity:1;float:left;font-size:32px;box-shadow:none;display:inline-block;font-size:16px;padding:0 4px;vertical-align:middle;background-repeat:repeat;overflow:hidden;padding:0;cursor:pointer;box-sizing:content-box\"><svg style=\"display:block;\" focusable=\"false\" aria-hidden=\"true\" xmlns=\"http:\/\/www.w3.org\/2000\/svg\" width=\"100%\" height=\"100%\" viewBox=\"-6 -5 40 40\"><path class=\"heateor_sss_svg_stroke heateor_sss_no_fill\" stroke=\"#fff\" stroke-width=\"2\" fill=\"none\" d=\"M 11.579798566743314 24.396926207859085 A 10 10 0 1 0 6.808479557110079 20.73576436351046\"><\/path><path d=\"M 7 19 l -1 6 l 6 -1\" class=\"heateor_sss_no_fill heateor_sss_svg_stroke\" stroke=\"#fff\" stroke-width=\"2\" fill=\"none\"><\/path><path d=\"M 10 10 q -1 8 8 11 c 5 -1 0 -6 -1 -3 q -4 -3 -5 -5 c 4 -2 -1 -5 -1 -4\" fill=\"#fff\"><\/path><\/svg><\/span><\/a><\/div><div class=\"heateorSssClear\"><\/div><\/div><div class='heateorSssClear'><\/div>","protected":false},"author":16,"featured_media":0,"comment_status":"open","ping_status":"open","sticky":false,"template":"","format":"standard","meta":{"jetpack_post_was_ever_published":false,"_jetpack_newsletter_access":"","_jetpack_dont_email_post_to_subs":false,"_jetpack_newsletter_tier_id":0,"_jetpack_memberships_contains_paywalled_content":false,"_jetpack_memberships_contains_paid_content":false,"footnotes":"","jetpack_publicize_message":"","jetpack_publicize_feature_enabled":true,"jetpack_social_post_already_shared":false,"jetpack_social_options":{"image_generator_settings":{"template":"highway","default_image_id":0,"enabled":false},"version":2}},"categories":[12],"tags":[373,511,1365],"class_list":["post-7700","post","type-post","status-publish","format-standard","hentry","category-editoriale","tag-draghi","tag-erdogan","tag-esternazioni"],"jetpack_publicize_connections":[],"jetpack_featured_media_url":"","jetpack_shortlink":"https:\/\/wp.me\/p84sDq-20c","jetpack_likes_enabled":true,"jetpack_sharing_enabled":true,"_links":{"self":[{"href":"https:\/\/www.lacostituzione.info\/index.php\/wp-json\/wp\/v2\/posts\/7700","targetHints":{"allow":["GET"]}}],"collection":[{"href":"https:\/\/www.lacostituzione.info\/index.php\/wp-json\/wp\/v2\/posts"}],"about":[{"href":"https:\/\/www.lacostituzione.info\/index.php\/wp-json\/wp\/v2\/types\/post"}],"author":[{"embeddable":true,"href":"https:\/\/www.lacostituzione.info\/index.php\/wp-json\/wp\/v2\/users\/16"}],"replies":[{"embeddable":true,"href":"https:\/\/www.lacostituzione.info\/index.php\/wp-json\/wp\/v2\/comments?post=7700"}],"version-history":[{"count":0,"href":"https:\/\/www.lacostituzione.info\/index.php\/wp-json\/wp\/v2\/posts\/7700\/revisions"}],"wp:attachment":[{"href":"https:\/\/www.lacostituzione.info\/index.php\/wp-json\/wp\/v2\/media?parent=7700"}],"wp:term":[{"taxonomy":"category","embeddable":true,"href":"https:\/\/www.lacostituzione.info\/index.php\/wp-json\/wp\/v2\/categories?post=7700"},{"taxonomy":"post_tag","embeddable":true,"href":"https:\/\/www.lacostituzione.info\/index.php\/wp-json\/wp\/v2\/tags?post=7700"}],"curies":[{"name":"wp","href":"https:\/\/api.w.org\/{rel}","templated":true}]}}