{"id":7726,"date":"2021-04-21T14:40:40","date_gmt":"2021-04-21T12:40:40","guid":{"rendered":"http:\/\/www.lacostituzione.info\/?p=7726"},"modified":"2021-05-03T17:04:28","modified_gmt":"2021-05-03T15:04:28","slug":"obbligo-vaccinale-e-passaporto-ue-verso-una-lesione-della-dignita","status":"publish","type":"post","link":"https:\/\/www.lacostituzione.info\/index.php\/2021\/04\/21\/obbligo-vaccinale-e-passaporto-ue-verso-una-lesione-della-dignita\/","title":{"rendered":"Obbligo vaccinale e passaporto UE: verso una lesione della dignit\u00e0?"},"content":{"rendered":"\n<p style=\"text-align: center;\"><a href=\"http:\/\/www.lacostituzione.info\/wp-content\/uploads\/2021\/04\/passaporto-sanitario.jpg\"><img loading=\"lazy\" decoding=\"async\" data-attachment-id=\"7728\" data-permalink=\"https:\/\/www.lacostituzione.info\/index.php\/2021\/04\/21\/obbligo-vaccinale-e-passaporto-ue-verso-una-lesione-della-dignita\/passaporto-sanitario\/#main\" data-orig-file=\"https:\/\/www.lacostituzione.info\/wp-content\/uploads\/2021\/04\/passaporto-sanitario.jpg\" data-orig-size=\"310,163\" data-comments-opened=\"1\" data-image-meta=\"{&quot;aperture&quot;:&quot;0&quot;,&quot;credit&quot;:&quot;&quot;,&quot;camera&quot;:&quot;&quot;,&quot;caption&quot;:&quot;&quot;,&quot;created_timestamp&quot;:&quot;0&quot;,&quot;copyright&quot;:&quot;&quot;,&quot;focal_length&quot;:&quot;0&quot;,&quot;iso&quot;:&quot;0&quot;,&quot;shutter_speed&quot;:&quot;0&quot;,&quot;title&quot;:&quot;&quot;,&quot;orientation&quot;:&quot;0&quot;}\" data-image-title=\"passaporto sanitario\" data-image-description=\"\" data-image-caption=\"\" data-medium-file=\"https:\/\/www.lacostituzione.info\/wp-content\/uploads\/2021\/04\/passaporto-sanitario-300x158.jpg\" data-large-file=\"https:\/\/www.lacostituzione.info\/wp-content\/uploads\/2021\/04\/passaporto-sanitario.jpg\" class=\"aligncenter size-thumbnail wp-image-7728\" src=\"http:\/\/www.lacostituzione.info\/wp-content\/uploads\/2021\/04\/passaporto-sanitario-150x150.jpg\" alt=\"\" width=\"150\" height=\"150\" \/><\/a>di <strong>Luana Leo<\/strong><\/p>\n<p>Come da previsione, l\u2019emergenza sanitaria da Covid-19 ha determinato una serie di problemi complessi da risolvere. Sebbene l\u2019arrivo dei vaccini rappresenti una \u201cluce\u201d in fondo al tunnel, emergono talune perplessit\u00e0 in ordine alla loro obbligatoriet\u00e0 e ai meccanismi di circolazione legati ad essi. <!--more-->Con riguardo al primo profilo, la dottrina prevalente iscrive nell\u2019art. 32 Cost. il c.d. \u201cprincipio della libert\u00e0 del trattamento sanitario\u201d. Dopo aver sancito, al comma 1, che la Repubblica italiana tutela la salute come fondamentale diritto dell\u2019individuo e interesse della collettivit\u00e0, l\u2019art. 32 Cost. prescrive al comma 2 che <em>\u201cnessuno pu\u00f2 essere obbligato a un determinato trattamento sanitario se non per disposizione di legge\u201d<\/em>. In aggiunta, anche per i trattamenti sanitari obbligatori, il <em>\u201crispetto della persona umana\u201d<\/em> impone \u201c<em>limiti\u201d <\/em>inderogabili e irriducibili alla medesima legge, precludendo cos\u00ec qualsiasi intromissione motivata dall\u2019esclusivo interesse della salute della singola persona.<\/p>\n<p>A tale proposito, risulta sufficiente confrontare i disposti dell\u2019ultimo periodo dell\u2019art. 32 Cost. <em>(\u201cla legge non pu\u00f2 in nessun caso violare i limiti imposti dal rispetto della persona umana\u201d)<\/em> e del precedente <em>(\u201cnessuno pu\u00f2 essere obbligato a un determinato trattamento sanitario se non per disposizione di legge\u201d)<\/em> con quello del primo comma <em>(\u201cla Repubblica tutela la salute come fondamentale diritto dell&#8217;individuo e interesse della collettivit\u00e0\u201d)<\/em>, per constatare che soltanto l\u2019interesse collettivo potrebbe giustificare l\u2019imposizione autoritativa all\u2019uomo di un trattamento sanitario obbligatorio.<\/p>\n<p>Di recente, tale considerazione ha trovato riscontro anche nelle dichiarazioni del Presidente della Corte costituzionale Giancarlo Coraggio <em>(\u201cla possibilit\u00e0 di trattamenti sanitari obbligatori \u00e8 prevista dalla Costituzione, ma richiede una legge (\u2026) Nelle nostre sentenze abbiamo scritto che, in primo luogo, serve la certezza dei dati scientifici, attestata dalle istituzioni sanitarie nazionali e internazionali competenti. In secondo luogo, \u00e8 necessaria l\u2019accertata responsabilit\u00e0, per la tutela della salute e della vita dei cittadini, di un cos\u00ec pervasivo intervento\u201d)<\/em>.<\/p>\n<p>La questione odierna dell\u2019obbligatoriet\u00e0 dei vaccini (sperimentati in meno di un anno con la speranza di debellare il Covid-19) chiama in \u201ccausa\u201d il D.L. n. 73\/2017, c.d. <em>Decreto Lorenzin<\/em>, con il quale furono resi obbligatori ben dodici vaccini per i minori di sedici anni. Con una pronuncia \u201cepocale\u201d, la Corte rigettava tutte le questioni di legittimit\u00e0 costituzionale sollevate dalla Regione Veneto nei confronti di diverse diposizioni del decreto sopraindicato. La peculiarit\u00e0 di tale decisione risiede nella conferma da parte della Corte costituzionale del mancato contrasto dell\u2019obbligo vaccinale con l\u2019art. 32 Cost. <em>(\u201cla giurisprudenza di questa Corte in materia di vaccinazioni \u00e8 salda nell\u2019affermare che l\u2019articolo 32 Costituzione postula il necessario contemperamento del diritto alla salute del singolo (anche nel suo contenuto di libert\u00e0 di cura) con il coesistente e reciproco diritto degli altri e con l\u2019interesse della collettivit\u00e0\u201d)<\/em>. Occorre altres\u00ec ricordare che l\u2019intervento normativo intendeva emanare disposizioni atte a <em>\u201cgarantire in maniera omogenea sul territorio nazionale le attivit\u00e0 dirette alla prevenzione, al contenimento e alla riduzione dei rischi per la salute pubblica e di assicurare il costante mantenimento di adeguate condizioni di sicurezza epidemiologica in termini di profilassi e di copertura vaccinale\u201d<\/em>.<\/p>\n<p>Pertanto, se quattro anni fa, posizioni impositive sui vaccini trovavano giustificazione nella debole propagazione del morbillo, allo stato attuale la strada appare spianata. Tuttavia, la predetta questione suscita forti perplessit\u00e0 in termini di rispetto della dignit\u00e0 umana. A parere di chi scrive, tali dubbi dovrebbero essere spostati in ordine ai passaporti (o patenti immuno-sanitari), finalizzati a garantire il diritto di circolazione dei vaccinati rispetto ai non vaccinati. Da pi\u00f9 di un anno, la dottrina affronta la tematica della violazione dei diritti costituzionali e dei principi fondamentali, evidenziandone la gravit\u00e0.<\/p>\n<p>L\u2019introduzione di un passaporto vaccinale dovrebbe essere preceduta da un\u2019attenta riflessione sulla portata, l\u2019ampiezza e la temporaneit\u00e0 di restrizioni esclusive. Sulla base di tale modello, il Governo italiano ipotizza l\u2019adozione di un passaporto che consenta la circolazione tra Regioni. Da tale scelta scaturirebbero conseguenze di natura non solo morale e sociale, ma anche economica. Gli oneri dei passaporti \u2013 a giudizio di chi scrive \u2013 potrebbero essere evitati (e investiti per ulteriori esigenze) sfruttando la tessera sanitaria, documento personale rilasciato a tutti i cittadini italiani aventi diritto alle prestazioni fornite dal Servizio nazionale sanitario (SNN).<\/p>\n<p>Il sistema della differenziazione delle misure restrittive da regione a regione sulla base del colore, corrispondente al livello di rischio sanitario ravvisato nelle stesse, \u00e8 stato introdotto dall\u2019art. 2 del d.p.c.m. 2 novembre 2020. Tale meccanismo, dunque, necessita di essere analizzato e approfondito a livello normativo. La presenza di un passaporto vaccinale, dunque, scatenerebbe altri problemi, sommandosi a quelli esistenti aventi senz\u2019altro assoluta precedenza (es. disoccupazione). L\u2019ingresso di tale documento porterebbe poi alla nascita di due distinte categorie di cittadini: gli <em>\u201cimmunizzati\u201d<\/em> e i <em>\u201cnon immunizzati\u201d<\/em>. I passaporti vaccinali sarebbero rimedi tecnicamente preziosi, ma non giustificabili a livello giuridico, in quanto tali da compromettere il regime democratico-liberale. L\u2019emergenza sanitaria da Covid-19 avrebbe dovuto offrirci preziosi insegnamenti. Alla luce di tale scenario, emerge un presente non cos\u00ec distante dal passato. Il riferimento \u00e8 agli orrori del periodo bellico, dove i diritti fondamentali venivano \u201ccalpestati\u201d drasticamente. All\u2019epoca, la dignit\u00e0 umana era un valore sconosciuto e privo di riconoscimento. Oggi, \u00e8 la stessa Costituzione, quale bussola inestimabile, a marcare la rilevanza ed il rispetto della stessa. Agli occhi dei cittadini, non \u00e8 ancora chiaro quale sia la scelta migliore: guardare avanti, con l\u2019intento di costruire un futuro pi\u00f9 solido (lacerato dalla pandemia), o tornare indietro e rischiare di trasformare l\u2019emergenza sanitaria in un\u2019emergenza democratica senza possibilit\u00e0 di intervento. Tutto dipender\u00e0 dal peso che si vorr\u00e0 attribuire alla \u201cdignit\u00e0\u201d, un valore da riscoprire.<\/p>\n","protected":false},"excerpt":{"rendered":"<p>di Luana Leo Come da previsione, l\u2019emergenza sanitaria da Covid-19 ha determinato una serie di problemi complessi da risolvere. Sebbene l\u2019arrivo dei vaccini rappresenti una \u201cluce\u201d in fondo al tunnel, emergono talune perplessit\u00e0 in ordine alla loro obbligatoriet\u00e0 e ai meccanismi di circolazione legati ad essi.<\/p>\n<div class='heateorSssClear'><\/div><div  class='heateor_sss_sharing_container heateor_sss_horizontal_sharing' data-heateor-sss-href='https:\/\/www.lacostituzione.info\/index.php\/2021\/04\/21\/obbligo-vaccinale-e-passaporto-ue-verso-una-lesione-della-dignita\/'><div class='heateor_sss_sharing_title' style=\"font-weight:bold\" >Condividi!<\/div><div class=\"heateor_sss_sharing_ul\"><a aria-label=\"Facebook\" class=\"heateor_sss_facebook\" href=\"https:\/\/www.facebook.com\/sharer\/sharer.php?u=https%3A%2F%2Fwww.lacostituzione.info%2Findex.php%2F2021%2F04%2F21%2Fobbligo-vaccinale-e-passaporto-ue-verso-una-lesione-della-dignita%2F\" title=\"Facebook\" rel=\"nofollow noopener\" target=\"_blank\" style=\"font-size:32px!important;box-shadow:none;display:inline-block;vertical-align:middle\"><span class=\"heateor_sss_svg\" style=\"background-color:#0765FE;width:35px;height:35px;display:inline-block;opacity:1;float:left;font-size:32px;box-shadow:none;display:inline-block;font-size:16px;padding:0 4px;vertical-align:middle;background-repeat:repeat;overflow:hidden;padding:0;cursor:pointer;box-sizing:content-box\"><svg style=\"display:block;\" focusable=\"false\" aria-hidden=\"true\" xmlns=\"http:\/\/www.w3.org\/2000\/svg\" width=\"100%\" height=\"100%\" viewBox=\"0 0 32 32\"><path fill=\"#fff\" d=\"M28 16c0-6.627-5.373-12-12-12S4 9.373 4 16c0 5.628 3.875 10.35 9.101 11.647v-7.98h-2.474V16H13.1v-1.58c0-4.085 1.849-5.978 5.859-5.978.76 0 2.072.15 2.608.298v3.325c-.283-.03-.775-.045-1.386-.045-1.967 0-2.728.745-2.728 2.683V16h3.92l-.673 3.667h-3.247v8.245C23.395 27.195 28 22.135 28 16Z\"><\/path><\/svg><\/span><\/a><a aria-label=\"Twitter\" class=\"heateor_sss_button_twitter\" href=\"https:\/\/twitter.com\/intent\/tweet?text=Obbligo%20vaccinale%20e%20passaporto%20UE%3A%20verso%20una%20lesione%20della%20dignit%C3%A0%3F&url=https%3A%2F%2Fwww.lacostituzione.info%2Findex.php%2F2021%2F04%2F21%2Fobbligo-vaccinale-e-passaporto-ue-verso-una-lesione-della-dignita%2F\" title=\"Twitter\" rel=\"nofollow noopener\" target=\"_blank\" style=\"font-size:32px!important;box-shadow:none;display:inline-block;vertical-align:middle\"><span class=\"heateor_sss_svg heateor_sss_s__default heateor_sss_s_twitter\" style=\"background-color:#55acee;width:35px;height:35px;display:inline-block;opacity:1;float:left;font-size:32px;box-shadow:none;display:inline-block;font-size:16px;padding:0 4px;vertical-align:middle;background-repeat:repeat;overflow:hidden;padding:0;cursor:pointer;box-sizing:content-box\"><svg style=\"display:block;\" focusable=\"false\" aria-hidden=\"true\" xmlns=\"http:\/\/www.w3.org\/2000\/svg\" width=\"100%\" height=\"100%\" viewBox=\"-4 -4 39 39\"><path d=\"M28 8.557a9.913 9.913 0 0 1-2.828.775 4.93 4.93 0 0 0 2.166-2.725 9.738 9.738 0 0 1-3.13 1.194 4.92 4.92 0 0 0-3.593-1.55 4.924 4.924 0 0 0-4.794 6.049c-4.09-.21-7.72-2.17-10.15-5.15a4.942 4.942 0 0 0-.665 2.477c0 1.71.87 3.214 2.19 4.1a4.968 4.968 0 0 1-2.23-.616v.06c0 2.39 1.7 4.38 3.952 4.83-.414.115-.85.174-1.297.174-.318 0-.626-.03-.928-.086a4.935 4.935 0 0 0 4.6 3.42 9.893 9.893 0 0 1-6.114 2.107c-.398 0-.79-.023-1.175-.068a13.953 13.953 0 0 0 7.55 2.213c9.056 0 14.01-7.507 14.01-14.013 0-.213-.005-.426-.015-.637.96-.695 1.795-1.56 2.455-2.55z\" fill=\"#fff\"><\/path><\/svg><\/span><\/a><a aria-label=\"Reddit\" class=\"heateor_sss_button_reddit\" href=\"https:\/\/reddit.com\/submit?url=https%3A%2F%2Fwww.lacostituzione.info%2Findex.php%2F2021%2F04%2F21%2Fobbligo-vaccinale-e-passaporto-ue-verso-una-lesione-della-dignita%2F&title=Obbligo%20vaccinale%20e%20passaporto%20UE%3A%20verso%20una%20lesione%20della%20dignit%C3%A0%3F\" title=\"Reddit\" rel=\"nofollow noopener\" target=\"_blank\" style=\"font-size:32px!important;box-shadow:none;display:inline-block;vertical-align:middle\"><span class=\"heateor_sss_svg heateor_sss_s__default heateor_sss_s_reddit\" style=\"background-color:#ff5700;width:35px;height:35px;display:inline-block;opacity:1;float:left;font-size:32px;box-shadow:none;display:inline-block;font-size:16px;padding:0 4px;vertical-align:middle;background-repeat:repeat;overflow:hidden;padding:0;cursor:pointer;box-sizing:content-box\"><svg style=\"display:block;\" focusable=\"false\" aria-hidden=\"true\" xmlns=\"http:\/\/www.w3.org\/2000\/svg\" width=\"100%\" height=\"100%\" viewBox=\"-3.5 -3.5 39 39\"><path d=\"M28.543 15.774a2.953 2.953 0 0 0-2.951-2.949 2.882 2.882 0 0 0-1.9.713 14.075 14.075 0 0 0-6.85-2.044l1.38-4.349 3.768.884a2.452 2.452 0 1 0 .24-1.176l-4.274-1a.6.6 0 0 0-.709.4l-1.659 5.224a14.314 14.314 0 0 0-7.316 2.029 2.908 2.908 0 0 0-1.872-.681 2.942 2.942 0 0 0-1.618 5.4 5.109 5.109 0 0 0-.062.765c0 4.158 5.037 7.541 11.229 7.541s11.22-3.383 11.22-7.541a5.2 5.2 0 0 0-.053-.706 2.963 2.963 0 0 0 1.427-2.51zm-18.008 1.88a1.753 1.753 0 0 1 1.73-1.74 1.73 1.73 0 0 1 1.709 1.74 1.709 1.709 0 0 1-1.709 1.711 1.733 1.733 0 0 1-1.73-1.711zm9.565 4.968a5.573 5.573 0 0 1-4.081 1.272h-.032a5.576 5.576 0 0 1-4.087-1.272.6.6 0 0 1 .844-.854 4.5 4.5 0 0 0 3.238.927h.032a4.5 4.5 0 0 0 3.237-.927.6.6 0 1 1 .844.854zm-.331-3.256a1.726 1.726 0 1 1 1.709-1.712 1.717 1.717 0 0 1-1.712 1.712z\" fill=\"#fff\"\/><\/svg><\/span><\/a><a aria-label=\"Linkedin\" class=\"heateor_sss_button_linkedin\" href=\"https:\/\/www.linkedin.com\/sharing\/share-offsite\/?url=https%3A%2F%2Fwww.lacostituzione.info%2Findex.php%2F2021%2F04%2F21%2Fobbligo-vaccinale-e-passaporto-ue-verso-una-lesione-della-dignita%2F\" title=\"Linkedin\" rel=\"nofollow noopener\" target=\"_blank\" style=\"font-size:32px!important;box-shadow:none;display:inline-block;vertical-align:middle\"><span class=\"heateor_sss_svg heateor_sss_s__default heateor_sss_s_linkedin\" style=\"background-color:#0077b5;width:35px;height:35px;display:inline-block;opacity:1;float:left;font-size:32px;box-shadow:none;display:inline-block;font-size:16px;padding:0 4px;vertical-align:middle;background-repeat:repeat;overflow:hidden;padding:0;cursor:pointer;box-sizing:content-box\"><svg style=\"display:block;\" focusable=\"false\" aria-hidden=\"true\" xmlns=\"http:\/\/www.w3.org\/2000\/svg\" width=\"100%\" height=\"100%\" viewBox=\"0 0 32 32\"><path d=\"M6.227 12.61h4.19v13.48h-4.19V12.61zm2.095-6.7a2.43 2.43 0 0 1 0 4.86c-1.344 0-2.428-1.09-2.428-2.43s1.084-2.43 2.428-2.43m4.72 6.7h4.02v1.84h.058c.56-1.058 1.927-2.176 3.965-2.176 4.238 0 5.02 2.792 5.02 6.42v7.395h-4.183v-6.56c0-1.564-.03-3.574-2.178-3.574-2.18 0-2.514 1.7-2.514 3.46v6.668h-4.187V12.61z\" fill=\"#fff\"><\/path><\/svg><\/span><\/a><a aria-label=\"Pinterest\" class=\"heateor_sss_button_pinterest\" href=\"https:\/\/www.lacostituzione.info\/index.php\/2021\/04\/21\/obbligo-vaccinale-e-passaporto-ue-verso-una-lesione-della-dignita\/\" onclick=\"event.preventDefault();javascript:void( (function() {var e=document.createElement('script' );e.setAttribute('type','text\/javascript' );e.setAttribute('charset','UTF-8' );e.setAttribute('src','\/\/assets.pinterest.com\/js\/pinmarklet.js?r='+Math.random()*99999999);document.body.appendChild(e)})());\" title=\"Pinterest\" rel=\"noopener\" style=\"font-size:32px!important;box-shadow:none;display:inline-block;vertical-align:middle\"><span class=\"heateor_sss_svg heateor_sss_s__default heateor_sss_s_pinterest\" style=\"background-color:#cc2329;width:35px;height:35px;display:inline-block;opacity:1;float:left;font-size:32px;box-shadow:none;display:inline-block;font-size:16px;padding:0 4px;vertical-align:middle;background-repeat:repeat;overflow:hidden;padding:0;cursor:pointer;box-sizing:content-box\"><svg style=\"display:block;\" focusable=\"false\" aria-hidden=\"true\" xmlns=\"http:\/\/www.w3.org\/2000\/svg\" width=\"100%\" height=\"100%\" viewBox=\"-2 -2 35 35\"><path fill=\"#fff\" d=\"M16.539 4.5c-6.277 0-9.442 4.5-9.442 8.253 0 2.272.86 4.293 2.705 5.046.303.125.574.005.662-.33.061-.231.205-.816.27-1.06.088-.331.053-.447-.191-.736-.532-.627-.873-1.439-.873-2.591 0-3.338 2.498-6.327 6.505-6.327 3.548 0 5.497 2.168 5.497 5.062 0 3.81-1.686 7.025-4.188 7.025-1.382 0-2.416-1.142-2.085-2.545.397-1.674 1.166-3.48 1.166-4.689 0-1.081-.581-1.983-1.782-1.983-1.413 0-2.548 1.462-2.548 3.419 0 1.247.421 2.091.421 2.091l-1.699 7.199c-.505 2.137-.076 4.755-.039 5.019.021.158.223.196.314.077.13-.17 1.813-2.247 2.384-4.324.162-.587.929-3.631.929-3.631.46.876 1.801 1.646 3.227 1.646 4.247 0 7.128-3.871 7.128-9.053.003-3.918-3.317-7.568-8.361-7.568z\"\/><\/svg><\/span><\/a><a aria-label=\"Whatsapp\" class=\"heateor_sss_whatsapp\" href=\"https:\/\/api.whatsapp.com\/send?text=Obbligo%20vaccinale%20e%20passaporto%20UE%3A%20verso%20una%20lesione%20della%20dignit%C3%A0%3F%20https%3A%2F%2Fwww.lacostituzione.info%2Findex.php%2F2021%2F04%2F21%2Fobbligo-vaccinale-e-passaporto-ue-verso-una-lesione-della-dignita%2F\" title=\"Whatsapp\" rel=\"nofollow noopener\" target=\"_blank\" style=\"font-size:32px!important;box-shadow:none;display:inline-block;vertical-align:middle\"><span class=\"heateor_sss_svg\" style=\"background-color:#55eb4c;width:35px;height:35px;display:inline-block;opacity:1;float:left;font-size:32px;box-shadow:none;display:inline-block;font-size:16px;padding:0 4px;vertical-align:middle;background-repeat:repeat;overflow:hidden;padding:0;cursor:pointer;box-sizing:content-box\"><svg style=\"display:block;\" focusable=\"false\" aria-hidden=\"true\" xmlns=\"http:\/\/www.w3.org\/2000\/svg\" width=\"100%\" height=\"100%\" viewBox=\"-6 -5 40 40\"><path class=\"heateor_sss_svg_stroke heateor_sss_no_fill\" stroke=\"#fff\" stroke-width=\"2\" fill=\"none\" d=\"M 11.579798566743314 24.396926207859085 A 10 10 0 1 0 6.808479557110079 20.73576436351046\"><\/path><path d=\"M 7 19 l -1 6 l 6 -1\" class=\"heateor_sss_no_fill heateor_sss_svg_stroke\" stroke=\"#fff\" stroke-width=\"2\" fill=\"none\"><\/path><path d=\"M 10 10 q -1 8 8 11 c 5 -1 0 -6 -1 -3 q -4 -3 -5 -5 c 4 -2 -1 -5 -1 -4\" fill=\"#fff\"><\/path><\/svg><\/span><\/a><\/div><div class=\"heateorSssClear\"><\/div><\/div><div class='heateorSssClear'><\/div>","protected":false},"author":13,"featured_media":0,"comment_status":"open","ping_status":"open","sticky":false,"template":"","format":"standard","meta":{"jetpack_post_was_ever_published":false,"_jetpack_newsletter_access":"","_jetpack_dont_email_post_to_subs":false,"_jetpack_newsletter_tier_id":0,"_jetpack_memberships_contains_paywalled_content":false,"_jetpack_memberships_contains_paid_content":false,"footnotes":"","jetpack_publicize_message":"","jetpack_publicize_feature_enabled":true,"jetpack_social_post_already_shared":false,"jetpack_social_options":{"image_generator_settings":{"template":"highway","default_image_id":0,"enabled":false},"version":2}},"categories":[4,5],"tags":[1560],"class_list":["post-7726","post","type-post","status-publish","format-standard","hentry","category-attualita","category-lavori-in-corso","tag-covid19-passaporto-sanitario-diritto-alla-salute"],"jetpack_publicize_connections":[],"jetpack_featured_media_url":"","jetpack_shortlink":"https:\/\/wp.me\/p84sDq-20C","jetpack_likes_enabled":true,"jetpack_sharing_enabled":true,"_links":{"self":[{"href":"https:\/\/www.lacostituzione.info\/index.php\/wp-json\/wp\/v2\/posts\/7726","targetHints":{"allow":["GET"]}}],"collection":[{"href":"https:\/\/www.lacostituzione.info\/index.php\/wp-json\/wp\/v2\/posts"}],"about":[{"href":"https:\/\/www.lacostituzione.info\/index.php\/wp-json\/wp\/v2\/types\/post"}],"author":[{"embeddable":true,"href":"https:\/\/www.lacostituzione.info\/index.php\/wp-json\/wp\/v2\/users\/13"}],"replies":[{"embeddable":true,"href":"https:\/\/www.lacostituzione.info\/index.php\/wp-json\/wp\/v2\/comments?post=7726"}],"version-history":[{"count":0,"href":"https:\/\/www.lacostituzione.info\/index.php\/wp-json\/wp\/v2\/posts\/7726\/revisions"}],"wp:attachment":[{"href":"https:\/\/www.lacostituzione.info\/index.php\/wp-json\/wp\/v2\/media?parent=7726"}],"wp:term":[{"taxonomy":"category","embeddable":true,"href":"https:\/\/www.lacostituzione.info\/index.php\/wp-json\/wp\/v2\/categories?post=7726"},{"taxonomy":"post_tag","embeddable":true,"href":"https:\/\/www.lacostituzione.info\/index.php\/wp-json\/wp\/v2\/tags?post=7726"}],"curies":[{"name":"wp","href":"https:\/\/api.w.org\/{rel}","templated":true}]}}