{"id":7775,"date":"2021-05-20T10:03:43","date_gmt":"2021-05-20T08:03:43","guid":{"rendered":"http:\/\/www.lacostituzione.info\/?p=7775"},"modified":"2021-05-20T10:03:45","modified_gmt":"2021-05-20T08:03:45","slug":"lanciami-le-componenti-anche-al-senato-riflessioni-e-dubbi-sul-parere-della-giunta","status":"publish","type":"post","link":"https:\/\/www.lacostituzione.info\/index.php\/2021\/05\/20\/lanciami-le-componenti-anche-al-senato-riflessioni-e-dubbi-sul-parere-della-giunta\/","title":{"rendered":"\u00abLanciami le componenti!\u00bb anche al Senato: riflessioni e dubbi sul parere della Giunta"},"content":{"rendered":"\n<p>di <strong>Gabriele Maestri<a href=\"http:\/\/www.lacostituzione.info\/wp-content\/uploads\/2021\/05\/gruppi-senato.png\"><img loading=\"lazy\" decoding=\"async\" data-attachment-id=\"7776\" data-permalink=\"https:\/\/www.lacostituzione.info\/index.php\/2021\/05\/20\/lanciami-le-componenti-anche-al-senato-riflessioni-e-dubbi-sul-parere-della-giunta\/gruppi-senato\/#main\" data-orig-file=\"https:\/\/www.lacostituzione.info\/wp-content\/uploads\/2021\/05\/gruppi-senato.png\" data-orig-size=\"234,216\" data-comments-opened=\"1\" data-image-meta=\"{&quot;aperture&quot;:&quot;0&quot;,&quot;credit&quot;:&quot;&quot;,&quot;camera&quot;:&quot;&quot;,&quot;caption&quot;:&quot;&quot;,&quot;created_timestamp&quot;:&quot;0&quot;,&quot;copyright&quot;:&quot;&quot;,&quot;focal_length&quot;:&quot;0&quot;,&quot;iso&quot;:&quot;0&quot;,&quot;shutter_speed&quot;:&quot;0&quot;,&quot;title&quot;:&quot;&quot;,&quot;orientation&quot;:&quot;0&quot;}\" data-image-title=\"gruppi senato\" data-image-description=\"\" data-image-caption=\"\" data-medium-file=\"https:\/\/www.lacostituzione.info\/wp-content\/uploads\/2021\/05\/gruppi-senato.png\" data-large-file=\"https:\/\/www.lacostituzione.info\/wp-content\/uploads\/2021\/05\/gruppi-senato.png\" class=\"alignright size-thumbnail wp-image-7776\" src=\"http:\/\/www.lacostituzione.info\/wp-content\/uploads\/2021\/05\/gruppi-senato-150x150.png\" alt=\"\" width=\"150\" height=\"150\" \/><\/a><\/strong><\/p>\n<p><em>Adelante con juicio. <\/em>Si pu\u00f2 riassumere cos\u00ec il parere votato (si suppone a maggioranza) dalla Giunta per il regolamento del Senato sulla possibilit\u00e0 di formare componenti politiche nel gruppo misto\u00a0anche a Palazzo Madama.<!--more--> Ci sono volute ben quattro sedute della Giunta per il regolamento del Senato, con un percorso iniziato addirittura lo scorso anno (2 dicembre 2020, 27 gennaio, 17 marzo e, appunto, 11 maggio 2021), per arrivare a una decisione sul punto, di fronte alle numerose richieste di formare delle componenti \u2013 praticamente non normate nel regolamento del Senato \u2013 e nella necessit\u00e0 di adottare una linea definita, senza dover adottare al momento una modifica puntuale del regolamento stesso (se ne riparler\u00e0, probabilmente, quando si dovr\u00e0 rimettere mano al testo in vista della prossima legislatura, dopo la riduzione del numero dei parlamentari).<\/p>\n<p>Mentre si scrive non \u00e8 ancora disponibile il resoconto sommario dell\u2019ultima seduta, dunque non si conosce il contenuto della discussione sul parere approvato. Questo, per\u00f2, \u00e8 gi\u00e0 noto perch\u00e9 \u00e8 stato letto in aula dalla presidente Maria Elisabetta Alberti nella seduta del 18 maggio, e si trova per intero nel resoconto stenografico.<\/p>\n<p>Il parere recita cos\u00ec: \u00abTenuto conto della disciplina prevista per i Gruppi parlamentari dall\u2019articolo 14, comma 4, terzo periodo, del Regolamento, \u00e8 consentita la costituzione di componenti politiche all\u2019interno del Gruppo Misto purch\u00e9 rappresentino partiti o movimenti politici che abbiano presentato con il proprio contrassegno, da soli o collegati, candidati alle ultime elezioni nazionali. I senatori che intendono costituire una componente politica all\u2019interno del Gruppo Misto devono essere autorizzati a rappresentare il partito o movimento politico detentore del contrassegno presentato alle elezioni, mediante dichiarazione sottoscritta dal legale rappresentante di tale formazione politica\u00bb<em>.<\/em><\/p>\n<p>Il parere si esprime anche sulla possibilit\u00e0 di esprimere dichiarazioni di voto in dissenso rispetto alle indicazioni del gruppo misto, visto che le richieste di dare voce a quei dissensi sono aumentate di pari passo con l\u2019affollamento del gruppo misto, sempre pi\u00f9 disomogeneo. Si tratta di un punto molto delicato, su cui sar\u00e0 opportuno tornare (anche perch\u00e9 ha causato la protesta della compagine senatoriale di L\u2019alternativa c\u2019\u00e8, con tanto di occupazione dell\u2019aula); tornando per\u00f2 alla questione delle componenti del gruppo misto, sembra che la lunga discussione abbia prodotto una soluzione \u201cminima\u201d, che regola in via convenzionale ci\u00f2 che non \u00e8 previsto a chiare lettere dal regolamento del Senato (che cita le componenti solo all\u2019art. 156-<em>bis<\/em>, circa la possibilit\u00e0 di presentare ogni mese una sola interpellanza con procedimento abbreviato). L\u2019accordo che emerge dal parere votato dalla Giunta pare voler\u00a0conservare anche per le componenti l\u2019orientamento restrittivo introdotto dalle modifiche regolamentari approvate alla fine del 2017, in materia di formazione dei gruppi parlamentari. <a href=\"http:\/\/www.lacostituzione.info\/index.php\/2017\/12\/18\/le-nuove-regole-del-senato-un-argine-al-trasformismo\/\">Come aveva ricordato qui Salvatore Curreri<\/a>, quell\u2019intervento aveva lo scopo di scoraggiare la frammentazione: ora possono nascere solo gruppi di almeno dieci membri \u2013 al di l\u00e0 del gruppo di almeno cinque persone riferito alle minoranze linguistiche \u2013 che rappresentino un partito o comunque una lista che abbia presentato candidature alle elezioni del Senato con un proprio contrassegno, ottenendo l\u2019elezione di senatori; quanto al sorgere di gruppi in corso di legislatura, \u00e8 possibile solo per gruppi espressione di \u00absingoli partiti o movimenti politici che si siano presentati alle elezioni uniti o collegati\u00bb. Si \u00e8 gi\u00e0 visto come in passato <a href=\"http:\/\/www.lacostituzione.info\/index.php\/2019\/09\/19\/il-nuovo-gruppo-psi-italia-viva-al-senato-le-falle-della-riforma-antiframmentazione-del-regolamento\/\">solo l\u2019accordo con il Psi abbia consentito a Italia viva la costituzione di un gruppo autonomo<\/a>, ritenendo che il Partito socialista, come parte del cartello Insieme, si fosse presentato alle elezioni \u00abunito\u00bb ad altre forze politiche (avendo eletto in Senato Riccardo Nencini, sia pure in un collegio uninominale e non sotto le dirette insegne della lista cui partecipava il suo partito) e dunque avesse titolo a far nascere un gruppo.<\/p>\n<p>Evidentemente, nella discussione in Giunta sulla condotta da tenere in materia di requisiti per consentire la costituzione di componenti, si \u00e8 partiti dalla scelta \u201csevera\u201d fatta dal Senato alla fine della scorsa legislatura. In passato non era stato cos\u00ec: anche considerando che quelle componenti di fatto non contavano quasi nulla, ma erano \u201cetichette\u201d per riconoscersi, nel gruppo misto di Palazzo Madama poteva costituirsi qualunque componente, anche di una sola persona, senza che questa dovesse corrispondere a un partito che aveva partecipato alle elezioni, addirittura senza dover per forza corrispondere a un partito (fu il caso soprattutto di Insieme per l\u2019Italia di Sandro Bondi e della compagna Manuela Repetti).<\/p>\n<p>Ora, invece, chi vorr\u00e0 costituire una componente politica del gruppo misto al Senato potr\u00e0 farlo solo se questa rappresenta uno tra i \u00abpartiti o movimenti politici che abbiano presentato con il proprio contrassegno, da soli o collegati, candidati alle ultime elezioni nazionali\u00bb e, per giunta, dovr\u00e0 ottenere dal legale rappresentante del partito di cui si vuol costituire la componente una dichiarazione <em>ad hoc<\/em> per dire che quelle persone elette al Senato sono &#8220;autorizzate a rappresentare&#8221; la forza politica che detiene il contrassegno usato alle elezioni. Per essere chiari, se questa convenzione fosse stata valida nella scorsa legislatura, non sarebbe potuta nascere, in autonomia dalla Lega Nord, la componente della Lega per Salvini premier nel gruppo misto (costituita invece il 3 novembre 2017, un mese e mezzo prima che le modifiche al regolamento del Senato fossero approvate, da Roberto Calderoli, allora come ora membro della Giunta per il regolamento&#8230;) e quel soggetto politico, dunque, non avrebbe nemmeno potuto chiedere l\u2019inserimento della stessa Lega per Salvini premier nel Registro dei partiti politici (la procedura pu\u00f2 essere iniziata solo a seguito della partecipazione alle elezioni europee, politiche o regionali o potendo contare su un gruppo parlamentare o, appunto, una componente del gruppo misto).\u00a0<\/p>\n<p>Sulla soluzione adottata si pu\u00f2 fare qualche osservazione, senza nascondere\u00a0alcune perplessit\u00e0 (nell\u2019attesa di conoscere il contenuto della discussione in Giunta). Innanzitutto qui non si indica alcun requisito numerico, dunque si immagina che anche una sola persona eletta in Senato possa costituire una componente. Si chiede poi che il partito di cui si vuole costituire la componente abbia partecipato \u00aballe ultime elezioni nazionali\u00bb, dunque esso pu\u00f2 essersi presentato anche solo alla Camera, mentre l\u2019art. 14, comma 4 del regolamento del Senato chiede che i candidati siano stati presentati (anche o solo) al Senato e per giunta sia stato eletto un senatore (peraltro, per chi legge l\u2019art 14, comma 4, penultimo periodo come norma a s\u00e9, slegata dal resto del comma, nessuno di questi due requisiti sarebbe richiesto per i gruppi autonomi sorti in corso di legislatura, ma finora non pare che questa posizione abbia trovato sponda in Senato). Non \u00e8 una differenza da poco, ma non \u00e8 neanche irragionevole: \u00e8 molto pi\u00f9 facile che uno o pi\u00f9 senatori, invece che fondare un nuovo partito (che avrebbe problemi a costituire un gruppo), scelgano di aderire a un soggetto politico gi\u00e0 esistente e che magari aveva presentato candidature solo alla Camera, anche senza eleggere nessuno. Per inciso, qualcuno potrebbe tentare di sostenere che anche le elezioni europee sono da considerarsi &#8220;nazionali&#8221;, essendo regolate dalla stessa legge in tutta l\u2019Italia (legge che rimanda spesso a quella per le politiche) e con il deposito centralizzato dei contrassegni al Ministero dell\u2019interno.<\/p>\n<p>Qualche riserva, invece, suscita il requisito in base al quale i soggetti politici cui si riferiscono le varie componente debbano avere\u00a0presentato candidature alle ultime elezioni nazionali \u00abcon il proprio contrassegno, <em>da soli o collegati<\/em>\u00bb. Ci si vuole probabilmente riferire alle situazioni delle liste \u201csciolte\u201d o \u201ccoalizzate\u201d, ma il parere non tratta il caso di un partito o di un movimento che abbia partecipato in modo visibile a un \u201ccartello elettorale\u201d, inserendo dunque il proprio simbolo nel contrassegno. L\u2019esempio del Psi \u00e8 eloquente: dal 4 giugno 2018 al 17 settembre 2019 Riccardo Nencini \u00e8 risultato unico membro della componente del Psi (nata come Psi-Maie-Usei, dal 6 aprile solo Psi-Maie). In base alle regole stabilite ora nel parere, quella componente sarebbe stata pi\u00f9 difficile da costituire: il Psi a rigore non si \u00e8 presentato alle elezioni del 2018 n\u00e9 \u00abda solo\u00bb (non ha presentato liste per conto proprio), n\u00e9 \u00abcollegato\u00bb, ma casomai \u00abunito\u00bb (a Verdi, Area civica e ulivisti nel cartello Insieme), per\u00f2 quella parola non \u00e8 stata ripresa nel parere votato dalla Giunta per il regolamento.<\/p>\n<p>Naturalmente pu\u00f2 essere che, se si consente a un partito presentatosi \u00abunito\u00bb di costituire un gruppo autonomo, a maggior ragione questo possa costituire una componente del gruppo misto; le parole per\u00f2 hanno un peso, specie se sono quelle di un parere che deve &#8220;integrare&#8221; un regolamento parlamentare, quindi il fatto che una certa parola non sia presente non pu\u00f2 essere considerato come trascurabile. Quando il regolamento tratta della costituzione di gruppi autonomi (in corso di legislatura) all\u2019art. 14, comma 4, penultimo periodo, non parla affatto di contrassegni, come il parere, ma di partiti o movimenti \u00abche si siano presentati alle elezioni uniti o collegati\u00bb: per questo il Psi ha potuto costituire un proprio gruppo, mentre sarebbe lecito avere dubbi con riferimento alle componenti. L\u2019impressione, insomma, \u00e8 che il parere sia stato scritto mescolando i termini usati per due fattispecie diverse, creando una certa confusione: il problema si pu\u00f2 risolvere, ovviamente, ma era meglio non crearlo, visto che si stava cercando di chiarire una situazione poco definita.<\/p>\n<p>In base al parere, in ogni caso, potrebbero sorgere componenti politiche di tutte le formazioni che hanno partecipato alle elezioni (e che ovviamente non hanno gi\u00e0 un gruppo a Palazzo Madama), quali Potere al popolo, il Popolo della Famiglia, Partito comunista, fino ai soggetti pi\u00f9 piccoli, cui si potrebbero aggiungere &#8211; in caso di interpretazione estensiva del parere stesso &#8211; i partiti che hanno presentato liste congiuntamente con altre forze politiche (a partire da Noi con l\u2019Italia, Centro democratico e dai tanti soggetti presenti all\u2019interno di Civica popolare). Il fatto per\u00f2 che le persone elette al Senato che vogliano costituire (da sole o collettivamente) una componente politica debbano essere \u00abautorizzat[e] a rappresentare il partito\u00bb cui il contrassegno si riferisce dal legale rappresentante del partito stesso consente, in teoria, di formare la componente anche a chi non fa parte di quel partito, \u201caccontentandosi\u201d del consenso esplicito e formale del legale rappresentante di un partito al sorgere di una componente con quel nome. In effetti a Palazzo Madama, a differenza di quanto previsto per la Camera, le componenti non sono automaticamente dotate di risorse e spazi per il loro funzionamento, quindi dovrebbe esserci meno interesse alla costituzione o al mantenimento di una componente. Certo \u00e8 che qualche persona eletta al Senato, magari fuoriuscita dal proprio gruppo originario, potrebbe essere interessata a costituire una componente per avere un minimo di visibilit\u00e0 (e, in qualche caso, di tempo riservato per gli interventi in dissenso) e cos\u00ec potrebbe incrociare l\u2019interesse di un soggetto politico esterno alle Camere ad apparire nei lavori di aula: in questo senso, potrebbero aver interesse &#8211; anche solo per provocazione \u2013 ad entrare in aula senza aver eletto nessuno CasaPound Italia e Forza Nuova (anche per cercare di \u201cblindare\u201d la loro esistenza attraverso la presenza a Palazzo Madama), come pure \u2013 giusto per fare esempi molto lontani tra loro \u2013 il Partito comunista dei lavoratori, il Partito valore umano o il vecchio Pri.<\/p>\n<p>La formulazione del parere, tra l\u2019altro, in teoria potrebbe essere interpretata come l\u2019art. 14, comma 5 del regolamento della Camera, per cui la componente deve rappresentare il partito che ne consente il sorgere, ma si tollera che a quel nome ne sia abbinato un altro, cio\u00e8 quello in cui effettivamente si identificano i membri della componente. Il fenomeno \u00e8 noto fin dalla XV Legislatura e si \u00e8 ripetuto anche in quella attuale (si pensi alle componenti nate grazie a <a href=\"http:\/\/www.lacostituzione.info\/index.php\/2020\/01\/11\/il-gruppo-politico-etero-costituito-ed-etero-sciolto-le-oscure-vicende-di-cambiamo-10-volte-meglio\/\">10 volte meglio<\/a> e <a href=\"http:\/\/www.lacostituzione.info\/index.php\/2020\/06\/03\/una-nuova-componente-politica-etero-costituita-il-caso-di-popolo-protagonista-alternativa-popolare\/\">Alternativa popolare<\/a>, qui puntualmente commentate negativamente da Curreri e di cui mi sono occupato spesso <a href=\"http:\/\/www.isimbolidelladiscordia.it\/\">nel mio sito<\/a>), anche se al Senato la ricordata assenza di risorse dedicate alle componenti non incoraggerebbe operazioni simili; visto per\u00f2 che qui il parere non chiede per le componenti l\u2019elezione di senatori da parte della forza politica che ha corso alle elezioni, c\u2019\u00e8 il rischio che si segua la stessa interpretazione praticata alla Camera e da pi\u00f9 parti criticata.<\/p>\n<p>Quella strada, tra l\u2019altro, potrebbe essere perseguita dai partiti nati in corso di legislatura come unico modo per ottenere visibilit\u00e0: l\u2019unica certezza, infatti, \u00e8 che partiti e movimenti nati dopo le elezioni non possono costituire alcuna componente. Se, per\u00f2, tra le formazioni (anche microscopiche) che si sono presentate alle elezioni ci fosse un soggetto disponibile, elette ed eletti che hanno formato un nuovo partito potrebbero provare a chiedere di formare una componente con l\u2019autorizzazione a usare il nome del partito che ha corso alle elezioni e ad abbinarlo al proprio: in fondo ci\u00f2 \u00e8 stato permesso per il gruppo di Italia viva, negarlo per le componenti a quel punto sarebbe contraddittorio (e se quella componente fosse di opposizione le ragioni per protestare aumenterebbero).<\/p>\n<p>Si vedr\u00e0, al solito, in concreto come andranno le cose. Ora che per\u00f2 una regola pur minima \u00e8 stata fissata \u2013 almeno per ora \u2013 anche al Senato, qualcuno nell\u2019aula di Palazzo Madama potrebbe adottare come grido di battaglia, alla Jeeg Robot, \u00abLanciami le componenti!\u00bb: meglio sorridere, chiss\u00e0\u2026<\/p>\n<p>\u00a0<\/p>\n","protected":false},"excerpt":{"rendered":"<p>di Gabriele Maestri Adelante con juicio. Si pu\u00f2 riassumere cos\u00ec il parere votato (si suppone a maggioranza) dalla Giunta per il regolamento del Senato sulla possibilit\u00e0 di formare componenti politiche nel gruppo misto\u00a0anche a Palazzo Madama.<\/p>\n<div class='heateorSssClear'><\/div><div  class='heateor_sss_sharing_container heateor_sss_horizontal_sharing' data-heateor-sss-href='https:\/\/www.lacostituzione.info\/index.php\/2021\/05\/20\/lanciami-le-componenti-anche-al-senato-riflessioni-e-dubbi-sul-parere-della-giunta\/'><div class='heateor_sss_sharing_title' style=\"font-weight:bold\" >Condividi!<\/div><div class=\"heateor_sss_sharing_ul\"><a aria-label=\"Facebook\" class=\"heateor_sss_facebook\" href=\"https:\/\/www.facebook.com\/sharer\/sharer.php?u=https%3A%2F%2Fwww.lacostituzione.info%2Findex.php%2F2021%2F05%2F20%2Flanciami-le-componenti-anche-al-senato-riflessioni-e-dubbi-sul-parere-della-giunta%2F\" title=\"Facebook\" rel=\"nofollow noopener\" target=\"_blank\" style=\"font-size:32px!important;box-shadow:none;display:inline-block;vertical-align:middle\"><span class=\"heateor_sss_svg\" style=\"background-color:#0765FE;width:35px;height:35px;display:inline-block;opacity:1;float:left;font-size:32px;box-shadow:none;display:inline-block;font-size:16px;padding:0 4px;vertical-align:middle;background-repeat:repeat;overflow:hidden;padding:0;cursor:pointer;box-sizing:content-box\"><svg style=\"display:block;\" focusable=\"false\" aria-hidden=\"true\" xmlns=\"http:\/\/www.w3.org\/2000\/svg\" width=\"100%\" height=\"100%\" viewBox=\"0 0 32 32\"><path fill=\"#fff\" d=\"M28 16c0-6.627-5.373-12-12-12S4 9.373 4 16c0 5.628 3.875 10.35 9.101 11.647v-7.98h-2.474V16H13.1v-1.58c0-4.085 1.849-5.978 5.859-5.978.76 0 2.072.15 2.608.298v3.325c-.283-.03-.775-.045-1.386-.045-1.967 0-2.728.745-2.728 2.683V16h3.92l-.673 3.667h-3.247v8.245C23.395 27.195 28 22.135 28 16Z\"><\/path><\/svg><\/span><\/a><a aria-label=\"Twitter\" class=\"heateor_sss_button_twitter\" href=\"https:\/\/twitter.com\/intent\/tweet?text=%C2%ABLanciami%20le%20componenti%21%C2%BB%20anche%20al%20Senato%3A%20riflessioni%20e%20dubbi%20sul%20parere%20della%20Giunta&url=https%3A%2F%2Fwww.lacostituzione.info%2Findex.php%2F2021%2F05%2F20%2Flanciami-le-componenti-anche-al-senato-riflessioni-e-dubbi-sul-parere-della-giunta%2F\" title=\"Twitter\" rel=\"nofollow noopener\" target=\"_blank\" style=\"font-size:32px!important;box-shadow:none;display:inline-block;vertical-align:middle\"><span class=\"heateor_sss_svg heateor_sss_s__default heateor_sss_s_twitter\" style=\"background-color:#55acee;width:35px;height:35px;display:inline-block;opacity:1;float:left;font-size:32px;box-shadow:none;display:inline-block;font-size:16px;padding:0 4px;vertical-align:middle;background-repeat:repeat;overflow:hidden;padding:0;cursor:pointer;box-sizing:content-box\"><svg style=\"display:block;\" focusable=\"false\" aria-hidden=\"true\" xmlns=\"http:\/\/www.w3.org\/2000\/svg\" width=\"100%\" height=\"100%\" viewBox=\"-4 -4 39 39\"><path d=\"M28 8.557a9.913 9.913 0 0 1-2.828.775 4.93 4.93 0 0 0 2.166-2.725 9.738 9.738 0 0 1-3.13 1.194 4.92 4.92 0 0 0-3.593-1.55 4.924 4.924 0 0 0-4.794 6.049c-4.09-.21-7.72-2.17-10.15-5.15a4.942 4.942 0 0 0-.665 2.477c0 1.71.87 3.214 2.19 4.1a4.968 4.968 0 0 1-2.23-.616v.06c0 2.39 1.7 4.38 3.952 4.83-.414.115-.85.174-1.297.174-.318 0-.626-.03-.928-.086a4.935 4.935 0 0 0 4.6 3.42 9.893 9.893 0 0 1-6.114 2.107c-.398 0-.79-.023-1.175-.068a13.953 13.953 0 0 0 7.55 2.213c9.056 0 14.01-7.507 14.01-14.013 0-.213-.005-.426-.015-.637.96-.695 1.795-1.56 2.455-2.55z\" fill=\"#fff\"><\/path><\/svg><\/span><\/a><a aria-label=\"Reddit\" class=\"heateor_sss_button_reddit\" href=\"https:\/\/reddit.com\/submit?url=https%3A%2F%2Fwww.lacostituzione.info%2Findex.php%2F2021%2F05%2F20%2Flanciami-le-componenti-anche-al-senato-riflessioni-e-dubbi-sul-parere-della-giunta%2F&title=%C2%ABLanciami%20le%20componenti%21%C2%BB%20anche%20al%20Senato%3A%20riflessioni%20e%20dubbi%20sul%20parere%20della%20Giunta\" title=\"Reddit\" rel=\"nofollow noopener\" target=\"_blank\" style=\"font-size:32px!important;box-shadow:none;display:inline-block;vertical-align:middle\"><span class=\"heateor_sss_svg heateor_sss_s__default heateor_sss_s_reddit\" style=\"background-color:#ff5700;width:35px;height:35px;display:inline-block;opacity:1;float:left;font-size:32px;box-shadow:none;display:inline-block;font-size:16px;padding:0 4px;vertical-align:middle;background-repeat:repeat;overflow:hidden;padding:0;cursor:pointer;box-sizing:content-box\"><svg style=\"display:block;\" focusable=\"false\" aria-hidden=\"true\" xmlns=\"http:\/\/www.w3.org\/2000\/svg\" width=\"100%\" height=\"100%\" viewBox=\"-3.5 -3.5 39 39\"><path d=\"M28.543 15.774a2.953 2.953 0 0 0-2.951-2.949 2.882 2.882 0 0 0-1.9.713 14.075 14.075 0 0 0-6.85-2.044l1.38-4.349 3.768.884a2.452 2.452 0 1 0 .24-1.176l-4.274-1a.6.6 0 0 0-.709.4l-1.659 5.224a14.314 14.314 0 0 0-7.316 2.029 2.908 2.908 0 0 0-1.872-.681 2.942 2.942 0 0 0-1.618 5.4 5.109 5.109 0 0 0-.062.765c0 4.158 5.037 7.541 11.229 7.541s11.22-3.383 11.22-7.541a5.2 5.2 0 0 0-.053-.706 2.963 2.963 0 0 0 1.427-2.51zm-18.008 1.88a1.753 1.753 0 0 1 1.73-1.74 1.73 1.73 0 0 1 1.709 1.74 1.709 1.709 0 0 1-1.709 1.711 1.733 1.733 0 0 1-1.73-1.711zm9.565 4.968a5.573 5.573 0 0 1-4.081 1.272h-.032a5.576 5.576 0 0 1-4.087-1.272.6.6 0 0 1 .844-.854 4.5 4.5 0 0 0 3.238.927h.032a4.5 4.5 0 0 0 3.237-.927.6.6 0 1 1 .844.854zm-.331-3.256a1.726 1.726 0 1 1 1.709-1.712 1.717 1.717 0 0 1-1.712 1.712z\" fill=\"#fff\"\/><\/svg><\/span><\/a><a aria-label=\"Linkedin\" class=\"heateor_sss_button_linkedin\" href=\"https:\/\/www.linkedin.com\/sharing\/share-offsite\/?url=https%3A%2F%2Fwww.lacostituzione.info%2Findex.php%2F2021%2F05%2F20%2Flanciami-le-componenti-anche-al-senato-riflessioni-e-dubbi-sul-parere-della-giunta%2F\" title=\"Linkedin\" rel=\"nofollow noopener\" target=\"_blank\" style=\"font-size:32px!important;box-shadow:none;display:inline-block;vertical-align:middle\"><span class=\"heateor_sss_svg heateor_sss_s__default heateor_sss_s_linkedin\" style=\"background-color:#0077b5;width:35px;height:35px;display:inline-block;opacity:1;float:left;font-size:32px;box-shadow:none;display:inline-block;font-size:16px;padding:0 4px;vertical-align:middle;background-repeat:repeat;overflow:hidden;padding:0;cursor:pointer;box-sizing:content-box\"><svg style=\"display:block;\" focusable=\"false\" aria-hidden=\"true\" xmlns=\"http:\/\/www.w3.org\/2000\/svg\" width=\"100%\" height=\"100%\" viewBox=\"0 0 32 32\"><path d=\"M6.227 12.61h4.19v13.48h-4.19V12.61zm2.095-6.7a2.43 2.43 0 0 1 0 4.86c-1.344 0-2.428-1.09-2.428-2.43s1.084-2.43 2.428-2.43m4.72 6.7h4.02v1.84h.058c.56-1.058 1.927-2.176 3.965-2.176 4.238 0 5.02 2.792 5.02 6.42v7.395h-4.183v-6.56c0-1.564-.03-3.574-2.178-3.574-2.18 0-2.514 1.7-2.514 3.46v6.668h-4.187V12.61z\" fill=\"#fff\"><\/path><\/svg><\/span><\/a><a aria-label=\"Pinterest\" class=\"heateor_sss_button_pinterest\" href=\"https:\/\/www.lacostituzione.info\/index.php\/2021\/05\/20\/lanciami-le-componenti-anche-al-senato-riflessioni-e-dubbi-sul-parere-della-giunta\/\" onclick=\"event.preventDefault();javascript:void( (function() {var e=document.createElement('script' );e.setAttribute('type','text\/javascript' );e.setAttribute('charset','UTF-8' );e.setAttribute('src','\/\/assets.pinterest.com\/js\/pinmarklet.js?r='+Math.random()*99999999);document.body.appendChild(e)})());\" title=\"Pinterest\" rel=\"noopener\" style=\"font-size:32px!important;box-shadow:none;display:inline-block;vertical-align:middle\"><span class=\"heateor_sss_svg heateor_sss_s__default heateor_sss_s_pinterest\" style=\"background-color:#cc2329;width:35px;height:35px;display:inline-block;opacity:1;float:left;font-size:32px;box-shadow:none;display:inline-block;font-size:16px;padding:0 4px;vertical-align:middle;background-repeat:repeat;overflow:hidden;padding:0;cursor:pointer;box-sizing:content-box\"><svg style=\"display:block;\" focusable=\"false\" aria-hidden=\"true\" xmlns=\"http:\/\/www.w3.org\/2000\/svg\" width=\"100%\" height=\"100%\" viewBox=\"-2 -2 35 35\"><path fill=\"#fff\" d=\"M16.539 4.5c-6.277 0-9.442 4.5-9.442 8.253 0 2.272.86 4.293 2.705 5.046.303.125.574.005.662-.33.061-.231.205-.816.27-1.06.088-.331.053-.447-.191-.736-.532-.627-.873-1.439-.873-2.591 0-3.338 2.498-6.327 6.505-6.327 3.548 0 5.497 2.168 5.497 5.062 0 3.81-1.686 7.025-4.188 7.025-1.382 0-2.416-1.142-2.085-2.545.397-1.674 1.166-3.48 1.166-4.689 0-1.081-.581-1.983-1.782-1.983-1.413 0-2.548 1.462-2.548 3.419 0 1.247.421 2.091.421 2.091l-1.699 7.199c-.505 2.137-.076 4.755-.039 5.019.021.158.223.196.314.077.13-.17 1.813-2.247 2.384-4.324.162-.587.929-3.631.929-3.631.46.876 1.801 1.646 3.227 1.646 4.247 0 7.128-3.871 7.128-9.053.003-3.918-3.317-7.568-8.361-7.568z\"\/><\/svg><\/span><\/a><a aria-label=\"Whatsapp\" class=\"heateor_sss_whatsapp\" href=\"https:\/\/api.whatsapp.com\/send?text=%C2%ABLanciami%20le%20componenti%21%C2%BB%20anche%20al%20Senato%3A%20riflessioni%20e%20dubbi%20sul%20parere%20della%20Giunta%20https%3A%2F%2Fwww.lacostituzione.info%2Findex.php%2F2021%2F05%2F20%2Flanciami-le-componenti-anche-al-senato-riflessioni-e-dubbi-sul-parere-della-giunta%2F\" title=\"Whatsapp\" rel=\"nofollow noopener\" target=\"_blank\" style=\"font-size:32px!important;box-shadow:none;display:inline-block;vertical-align:middle\"><span class=\"heateor_sss_svg\" style=\"background-color:#55eb4c;width:35px;height:35px;display:inline-block;opacity:1;float:left;font-size:32px;box-shadow:none;display:inline-block;font-size:16px;padding:0 4px;vertical-align:middle;background-repeat:repeat;overflow:hidden;padding:0;cursor:pointer;box-sizing:content-box\"><svg style=\"display:block;\" focusable=\"false\" aria-hidden=\"true\" xmlns=\"http:\/\/www.w3.org\/2000\/svg\" width=\"100%\" height=\"100%\" viewBox=\"-6 -5 40 40\"><path class=\"heateor_sss_svg_stroke heateor_sss_no_fill\" stroke=\"#fff\" stroke-width=\"2\" fill=\"none\" d=\"M 11.579798566743314 24.396926207859085 A 10 10 0 1 0 6.808479557110079 20.73576436351046\"><\/path><path d=\"M 7 19 l -1 6 l 6 -1\" class=\"heateor_sss_no_fill heateor_sss_svg_stroke\" stroke=\"#fff\" stroke-width=\"2\" fill=\"none\"><\/path><path d=\"M 10 10 q -1 8 8 11 c 5 -1 0 -6 -1 -3 q -4 -3 -5 -5 c 4 -2 -1 -5 -1 -4\" fill=\"#fff\"><\/path><\/svg><\/span><\/a><\/div><div class=\"heateorSssClear\"><\/div><\/div><div class='heateorSssClear'><\/div>","protected":false},"author":1,"featured_media":0,"comment_status":"open","ping_status":"open","sticky":false,"template":"","format":"standard","meta":{"jetpack_post_was_ever_published":false,"_jetpack_newsletter_access":"","_jetpack_dont_email_post_to_subs":false,"_jetpack_newsletter_tier_id":0,"_jetpack_memberships_contains_paywalled_content":false,"_jetpack_memberships_contains_paid_content":false,"footnotes":"","jetpack_publicize_message":"","jetpack_publicize_feature_enabled":true,"jetpack_social_post_already_shared":false,"jetpack_social_options":{"image_generator_settings":{"template":"highway","default_image_id":0,"enabled":false},"version":2}},"categories":[4],"tags":[315,297,397],"class_list":["post-7775","post","type-post","status-publish","format-standard","hentry","category-attualita","tag-gruppi-parlamentari","tag-parlamentari","tag-partiti-politici"],"jetpack_publicize_connections":[],"jetpack_featured_media_url":"","jetpack_shortlink":"https:\/\/wp.me\/p84sDq-21p","jetpack_likes_enabled":true,"jetpack_sharing_enabled":true,"_links":{"self":[{"href":"https:\/\/www.lacostituzione.info\/index.php\/wp-json\/wp\/v2\/posts\/7775","targetHints":{"allow":["GET"]}}],"collection":[{"href":"https:\/\/www.lacostituzione.info\/index.php\/wp-json\/wp\/v2\/posts"}],"about":[{"href":"https:\/\/www.lacostituzione.info\/index.php\/wp-json\/wp\/v2\/types\/post"}],"author":[{"embeddable":true,"href":"https:\/\/www.lacostituzione.info\/index.php\/wp-json\/wp\/v2\/users\/1"}],"replies":[{"embeddable":true,"href":"https:\/\/www.lacostituzione.info\/index.php\/wp-json\/wp\/v2\/comments?post=7775"}],"version-history":[{"count":0,"href":"https:\/\/www.lacostituzione.info\/index.php\/wp-json\/wp\/v2\/posts\/7775\/revisions"}],"wp:attachment":[{"href":"https:\/\/www.lacostituzione.info\/index.php\/wp-json\/wp\/v2\/media?parent=7775"}],"wp:term":[{"taxonomy":"category","embeddable":true,"href":"https:\/\/www.lacostituzione.info\/index.php\/wp-json\/wp\/v2\/categories?post=7775"},{"taxonomy":"post_tag","embeddable":true,"href":"https:\/\/www.lacostituzione.info\/index.php\/wp-json\/wp\/v2\/tags?post=7775"}],"curies":[{"name":"wp","href":"https:\/\/api.w.org\/{rel}","templated":true}]}}